{"id":14771,"date":"2014-06-02T17:00:51","date_gmt":"2014-06-02T15:00:51","guid":{"rendered":"https:\/\/www.gold.fr\/news\/?p=14771"},"modified":"2017-11-02T11:31:46","modified_gmt":"2017-11-02T10:31:46","slug":"lor-chute-en-depit-du-pib-americain","status":"publish","type":"post","link":"https:\/\/www.gold.fr\/news\/2014\/06\/02\/lor-chute-en-depit-du-pib-americain\/","title":{"rendered":"L\u2019or chute, en d\u00e9pit du PIB am\u00e9ricain"},"content":{"rendered":"<p><img loading=\"lazy\" decoding=\"async\" class=\"alignleft size-thumbnail wp-image-2717\" title=\"L\u2019or chute, en d\u00e9pit du PIB am\u00e9ricain\" src=\"https:\/\/www.gold.fr\/news\/wp-content\/uploads\/2011\/10\/globe-or-150x150.jpg\" alt=\"\" width=\"150\" height=\"150\" \/><span style=\"font-size: small;\">Le <a href='https:\/\/www.gold.fr\/news\/tags\/or' class='esk-seo-plu-link'>m\u00e9tal jaune<\/a> continue \u00e0 subir la pression baissi\u00e8re impos\u00e9e par l&rsquo;euphorie haussi\u00e8re des indices am\u00e9ricains. L&rsquo;<a href='https:\/\/www.gold.fr\/news\/tags\/or' class='esk-seo-plu-link'>or<\/a> marque actuellement sa pire performance des quatre derniers mois, faisant \u00e9cho \u00e0 des march\u00e9s US en plein \u00e9tat de gr\u00e2ce.<\/span>    <span style=\"font-size: small;\"> Pourtant, les experts du march\u00e9 aurif\u00e8re avaient esp\u00e9r\u00e9 voir l&rsquo;once r\u00e9agir \u00e0 l&rsquo;une des rares mauvaises nouvelles du moment, en provenance de l&rsquo;\u00e9conomie US. Le <strong>Bureau of Economic Analysis<\/strong> (<strong>BEA<\/strong>) vient en effet d&rsquo;annoncer la deuxi\u00e8me estimation de la croissance r\u00e9elle du <strong>PIB<\/strong> des <strong>Etats-Unis<\/strong> (pour le premier trimestre <strong>2014<\/strong>), r\u00e9v\u00e9lant une baisse de <strong>-1%<\/strong>. D&rsquo;apr\u00e8s les sp\u00e9cialistes d&rsquo;<strong>Aurel BGC<\/strong>, ce r\u00e9sultat devrait, par cons\u00e9quent, rendre \u00ab <em>tr\u00e8s difficile<\/em> \u00bb la t\u00e2che \u00ab <em>d&rsquo;atteindre une croissance (2014) correspondant au consensus, soit proche de <strong>3%<\/strong><\/em> \u00bb, rappelant toutefois que \u00ab <em>une grande partie des &lsquo;mauvaises surprises&rsquo; peut, toutefois s&rsquo;expliquer par les conditions m\u00e9t\u00e9orologiques de l&rsquo;hiver dernier. Un rebond marqu\u00e9 de l&rsquo;activit\u00e9 est ainsi tr\u00e8s probable d\u00e8s le deuxi\u00e8me trimestre<\/em> \u00bb.<\/span>    <span style=\"font-size: small;\"> Dans tous les cas, ce mauvais r\u00e9sultat n&rsquo;aura pas suffit \u00e0 faire r\u00e9agir le march\u00e9 aurif\u00e8re pour l&rsquo;orienter vers une tendance haussi\u00e8re, d&rsquo;autant plus que bon nombre d&rsquo;analystes estiment cette chute du <strong>PIB<\/strong> am\u00e9ricain passag\u00e8re, \u00e0 l&rsquo;image des experts du canadien <strong>Desjardins<\/strong> qui soulignent que \u00ab <em>cette contraction du PIB r\u00e9el, la seconde depuis la fin de la r\u00e9cession en 2009, devrait se montrer \u00e9ph\u00e9m\u00e8re. D\u00e9j\u00e0 au d\u00e9but de mai, la pr\u00e9sidente de la R\u00e9serve f\u00e9d\u00e9rale (<strong>Janet Yellen<\/strong>) se montrait confiante envers un rebond imminent<\/em> \u00bb.<\/span><\/p>\n<!-- AddThis Advanced Settings generic via filter on the_content --><!-- AddThis Share Buttons generic via filter on the_content -->","protected":false},"excerpt":{"rendered":"<p>Le m\u00e9tal jaune continue \u00e0 subir la pression baissi\u00e8re impos\u00e9e par l&rsquo;euphorie haussi\u00e8re des indices am\u00e9ricains. L&rsquo;or marque actuellement sa pire performance des quatre derniers mois, faisant \u00e9cho \u00e0 des march\u00e9s US en plein \u00e9tat de [&hellip;]<\/p>\n","protected":false},"author":18,"featured_media":2717,"comment_status":"open","ping_status":"open","sticky":false,"template":"","format":"standard","meta":{"_mbp_gutenberg_autopost":false,"_pgmb_is_evergreen":false,"_pgmb_ap_template_id":0,"footnotes":""},"categories":[6],"tags":[1269,443,1504,1428],"ppma_author":[2565],"class_list":["post-14771","post","type-post","status-publish","format-standard","has-post-thumbnail","hentry","category-articles-de-presse","tag-baisse-or","tag-etats-unis","tag-janet-yellen","tag-pib"],"yoast_head":"<!-- This site is optimized with the Yoast SEO plugin v27.5 - https:\/\/yoast.com\/product\/yoast-seo-wordpress\/ -->\n<title>L\u2019or chute, en d\u00e9pit du PIB am\u00e9ricain - Gold.fr<\/title>\n<meta name=\"robots\" content=\"index, follow, max-snippet:-1, max-image-preview:large, max-video-preview:-1\" \/>\n<link rel=\"canonical\" href=\"https:\/\/www.gold.fr\/news\/2014\/06\/02\/lor-chute-en-depit-du-pib-americain\/\" \/>\n<meta property=\"og:locale\" content=\"fr_FR\" \/>\n<meta property=\"og:type\" content=\"article\" \/>\n<meta property=\"og:title\" content=\"L\u2019or chute, en d\u00e9pit du PIB am\u00e9ricain - Gold.fr\" \/>\n<meta property=\"og:description\" content=\"Le m\u00e9tal jaune continue \u00e0 subir la pression baissi\u00e8re impos\u00e9e par l&rsquo;euphorie haussi\u00e8re des indices am\u00e9ricains. L&rsquo;or marque actuellement sa pire performance des quatre derniers mois, faisant \u00e9cho \u00e0 des march\u00e9s US en plein \u00e9tat de [&hellip;]\" \/>\n<meta property=\"og:url\" content=\"https:\/\/www.gold.fr\/news\/2014\/06\/02\/lor-chute-en-depit-du-pib-americain\/\" \/>\n<meta property=\"og:site_name\" content=\"Gold.fr\" \/>\n<meta property=\"article:publisher\" content=\"https:\/\/www.facebook.com\/Goldfr\/\" \/>\n<meta property=\"article:published_time\" content=\"2014-06-02T15:00:51+00:00\" \/>\n<meta property=\"article:modified_time\" content=\"2017-11-02T10:31:46+00:00\" \/>\n<meta property=\"og:image\" content=\"https:\/\/www.gold.fr\/news\/wp-content\/uploads\/2011\/10\/globe-or.jpg\" \/>\n\t<meta property=\"og:image:width\" content=\"600\" \/>\n\t<meta property=\"og:image:height\" content=\"600\" \/>\n\t<meta property=\"og:image:type\" content=\"image\/jpeg\" \/>\n<meta name=\"author\" content=\"Comptoir National de l&#039;Or\" \/>\n<meta name=\"twitter:card\" content=\"summary_large_image\" \/>\n<meta name=\"twitter:label1\" content=\"\u00c9crit par\" \/>\n\t<meta name=\"twitter:data1\" content=\"Comptoir National de l&#039;Or\" \/>\n\t<meta name=\"twitter:label2\" content=\"Dur\u00e9e de lecture estim\u00e9e\" \/>\n\t<meta name=\"twitter:data2\" content=\"1 minute\" \/>\n<script type=\"application\/ld+json\" class=\"yoast-schema-graph\">{\"@context\":\"https:\\\/\\\/schema.org\",\"@graph\":[{\"@type\":\"Article\",\"@id\":\"https:\\\/\\\/www.gold.fr\\\/news\\\/2014\\\/06\\\/02\\\/lor-chute-en-depit-du-pib-americain\\\/#article\",\"isPartOf\":{\"@id\":\"https:\\\/\\\/www.gold.fr\\\/news\\\/2014\\\/06\\\/02\\\/lor-chute-en-depit-du-pib-americain\\\/\"},\"author\":{\"name\":\"Comptoir National de l'Or\",\"@id\":\"https:\\\/\\\/www.gold.fr\\\/news\\\/#\\\/schema\\\/person\\\/070491b4b4fb7671bf59b3be20302ce9\"},\"headline\":\"L\u2019or chute, en d\u00e9pit du PIB am\u00e9ricain\",\"datePublished\":\"2014-06-02T15:00:51+00:00\",\"dateModified\":\"2017-11-02T10:31:46+00:00\",\"mainEntityOfPage\":{\"@id\":\"https:\\\/\\\/www.gold.fr\\\/news\\\/2014\\\/06\\\/02\\\/lor-chute-en-depit-du-pib-americain\\\/\"},\"wordCount\":293,\"commentCount\":0,\"image\":{\"@id\":\"https:\\\/\\\/www.gold.fr\\\/news\\\/2014\\\/06\\\/02\\\/lor-chute-en-depit-du-pib-americain\\\/#primaryimage\"},\"thumbnailUrl\":\"https:\\\/\\\/www.gold.fr\\\/news\\\/wp-content\\\/uploads\\\/2011\\\/10\\\/globe-or.jpg\",\"keywords\":[\"baisse or\",\"etats-unis\",\"Janet Yellen\",\"PIB\"],\"articleSection\":[\"Articles de presse\"],\"inLanguage\":\"fr-FR\"},{\"@type\":\"WebPage\",\"@id\":\"https:\\\/\\\/www.gold.fr\\\/news\\\/2014\\\/06\\\/02\\\/lor-chute-en-depit-du-pib-americain\\\/\",\"url\":\"https:\\\/\\\/www.gold.fr\\\/news\\\/2014\\\/06\\\/02\\\/lor-chute-en-depit-du-pib-americain\\\/\",\"name\":\"L\u2019or chute, en d\u00e9pit du PIB am\u00e9ricain - Gold.fr\",\"isPartOf\":{\"@id\":\"https:\\\/\\\/www.gold.fr\\\/news\\\/#website\"},\"primaryImageOfPage\":{\"@id\":\"https:\\\/\\\/www.gold.fr\\\/news\\\/2014\\\/06\\\/02\\\/lor-chute-en-depit-du-pib-americain\\\/#primaryimage\"},\"image\":{\"@id\":\"https:\\\/\\\/www.gold.fr\\\/news\\\/2014\\\/06\\\/02\\\/lor-chute-en-depit-du-pib-americain\\\/#primaryimage\"},\"thumbnailUrl\":\"https:\\\/\\\/www.gold.fr\\\/news\\\/wp-content\\\/uploads\\\/2011\\\/10\\\/globe-or.jpg\",\"datePublished\":\"2014-06-02T15:00:51+00:00\",\"dateModified\":\"2017-11-02T10:31:46+00:00\",\"author\":{\"@id\":\"https:\\\/\\\/www.gold.fr\\\/news\\\/#\\\/schema\\\/person\\\/070491b4b4fb7671bf59b3be20302ce9\"},\"breadcrumb\":{\"@id\":\"https:\\\/\\\/www.gold.fr\\\/news\\\/2014\\\/06\\\/02\\\/lor-chute-en-depit-du-pib-americain\\\/#breadcrumb\"},\"inLanguage\":\"fr-FR\",\"potentialAction\":[{\"@type\":\"ReadAction\",\"target\":[\"https:\\\/\\\/www.gold.fr\\\/news\\\/2014\\\/06\\\/02\\\/lor-chute-en-depit-du-pib-americain\\\/\"]}]},{\"@type\":\"ImageObject\",\"inLanguage\":\"fr-FR\",\"@id\":\"https:\\\/\\\/www.gold.fr\\\/news\\\/2014\\\/06\\\/02\\\/lor-chute-en-depit-du-pib-americain\\\/#primaryimage\",\"url\":\"https:\\\/\\\/www.gold.fr\\\/news\\\/wp-content\\\/uploads\\\/2011\\\/10\\\/globe-or.jpg\",\"contentUrl\":\"https:\\\/\\\/www.gold.fr\\\/news\\\/wp-content\\\/uploads\\\/2011\\\/10\\\/globe-or.jpg\",\"width\":\"600\",\"height\":\"600\",\"caption\":\"Des march\u00e9s port\u00e9s par les banques centrales\"},{\"@type\":\"BreadcrumbList\",\"@id\":\"https:\\\/\\\/www.gold.fr\\\/news\\\/2014\\\/06\\\/02\\\/lor-chute-en-depit-du-pib-americain\\\/#breadcrumb\",\"itemListElement\":[{\"@type\":\"ListItem\",\"position\":1,\"name\":\"Accueil\",\"item\":\"https:\\\/\\\/www.gold.fr\\\/\"},{\"@type\":\"ListItem\",\"position\":2,\"name\":\"Actualit\u00e9s\",\"item\":\"https:\\\/\\\/www.gold.fr\\\/news\\\/\"},{\"@type\":\"ListItem\",\"position\":3,\"name\":\"L\u2019or chute, en d\u00e9pit du PIB am\u00e9ricain\"}]},{\"@type\":\"WebSite\",\"@id\":\"https:\\\/\\\/www.gold.fr\\\/news\\\/#website\",\"url\":\"https:\\\/\\\/www.gold.fr\\\/news\\\/\",\"name\":\"Gold.fr\",\"description\":\"Actualit\u00e9s de l&#039;Or et des m\u00e9taux pr\u00e9cieux\",\"potentialAction\":[{\"@type\":\"SearchAction\",\"target\":{\"@type\":\"EntryPoint\",\"urlTemplate\":\"https:\\\/\\\/www.gold.fr\\\/news\\\/?s={search_term_string}\"},\"query-input\":{\"@type\":\"PropertyValueSpecification\",\"valueRequired\":true,\"valueName\":\"search_term_string\"}}],\"inLanguage\":\"fr-FR\"},{\"@type\":\"Person\",\"@id\":\"https:\\\/\\\/www.gold.fr\\\/news\\\/#\\\/schema\\\/person\\\/070491b4b4fb7671bf59b3be20302ce9\",\"name\":\"Comptoir National de l'Or\",\"image\":{\"@type\":\"ImageObject\",\"inLanguage\":\"fr-FR\",\"@id\":\"https:\\\/\\\/secure.gravatar.com\\\/avatar\\\/0a2867fd5abe37bed95d5a65e9d58f01756e11efc68af9888dfc50cfa7f65948?s=96&d=mm&r=gb490554db0a38188709de567aa58480d\",\"url\":\"https:\\\/\\\/secure.gravatar.com\\\/avatar\\\/0a2867fd5abe37bed95d5a65e9d58f01756e11efc68af9888dfc50cfa7f65948?s=96&d=mm&r=g\",\"contentUrl\":\"https:\\\/\\\/secure.gravatar.com\\\/avatar\\\/0a2867fd5abe37bed95d5a65e9d58f01756e11efc68af9888dfc50cfa7f65948?s=96&d=mm&r=g\",\"caption\":\"Comptoir National de l'Or\"},\"description\":\"Notre r\u00e9daction est constitu\u00e9e de membres experts dans les m\u00e9tiers de l'\u00e9conomie et la gestion, des Responsables d'agence Comptoir National de l'Or, des analystes financiers qui publient r\u00e9guli\u00e8rement des \u00e9tudes sur les politiques des banques centrales, le cours de l'or, prix de l'or, cours de l'argent, prix de l'argent, cours du platine, cours du palladium,... la situation en zone euro et l'impact de la strat\u00e9gie mon\u00e9taire de la FED. Notre \u00e9quipe scrute \u00e9galement une information plus g\u00e9n\u00e9raliste \u00e0 la recherche d'actualit\u00e9 \\\"p\u00e9pite\\\" \u00e0 vous partager. Depuis 5 ans, nous avons publi\u00e9 un peu plus de 4000 articles qui s'adressent \u00e0 un public large et vari\u00e9 ayant pour objectif de satisfaire votre curiosit\u00e9 et de partager avec vous une certaine fascination pour le m\u00e9tal jaune, le rachat d'or, et pour ceux qui veulent investir dans l'or, vendre leur or tout simplement en savoir plus... Pour tous vos achat or et argent, n'h\u00e9sitez pas \u00e0 prendre rendez-vous dans l'un de nos nombreux comptoirs.\",\"sameAs\":[\"https:\\\/\\\/www.gold.fr\"]}]}<\/script>\n<!-- \/ Yoast SEO plugin. -->","yoast_head_json":{"title":"L\u2019or chute, en d\u00e9pit du PIB am\u00e9ricain - Gold.fr","robots":{"index":"index","follow":"follow","max-snippet":"max-snippet:-1","max-image-preview":"max-image-preview:large","max-video-preview":"max-video-preview:-1"},"canonical":"https:\/\/www.gold.fr\/news\/2014\/06\/02\/lor-chute-en-depit-du-pib-americain\/","og_locale":"fr_FR","og_type":"article","og_title":"L\u2019or chute, en d\u00e9pit du PIB am\u00e9ricain - Gold.fr","og_description":"Le m\u00e9tal jaune continue \u00e0 subir la pression baissi\u00e8re impos\u00e9e par l&rsquo;euphorie haussi\u00e8re des indices am\u00e9ricains. L&rsquo;or marque actuellement sa pire performance des quatre derniers mois, faisant \u00e9cho \u00e0 des march\u00e9s US en plein \u00e9tat de [&hellip;]","og_url":"https:\/\/www.gold.fr\/news\/2014\/06\/02\/lor-chute-en-depit-du-pib-americain\/","og_site_name":"Gold.fr","article_publisher":"https:\/\/www.facebook.com\/Goldfr\/","article_published_time":"2014-06-02T15:00:51+00:00","article_modified_time":"2017-11-02T10:31:46+00:00","og_image":[{"width":600,"height":600,"url":"https:\/\/www.gold.fr\/news\/wp-content\/uploads\/2011\/10\/globe-or.jpg","type":"image\/jpeg"}],"author":"Comptoir National de l'Or","twitter_card":"summary_large_image","twitter_misc":{"\u00c9crit par":"Comptoir National de l'Or","Dur\u00e9e de lecture estim\u00e9e":"1 minute"},"schema":{"@context":"https:\/\/schema.org","@graph":[{"@type":"Article","@id":"https:\/\/www.gold.fr\/news\/2014\/06\/02\/lor-chute-en-depit-du-pib-americain\/#article","isPartOf":{"@id":"https:\/\/www.gold.fr\/news\/2014\/06\/02\/lor-chute-en-depit-du-pib-americain\/"},"author":{"name":"Comptoir National de l'Or","@id":"https:\/\/www.gold.fr\/news\/#\/schema\/person\/070491b4b4fb7671bf59b3be20302ce9"},"headline":"L\u2019or chute, en d\u00e9pit du PIB am\u00e9ricain","datePublished":"2014-06-02T15:00:51+00:00","dateModified":"2017-11-02T10:31:46+00:00","mainEntityOfPage":{"@id":"https:\/\/www.gold.fr\/news\/2014\/06\/02\/lor-chute-en-depit-du-pib-americain\/"},"wordCount":293,"commentCount":0,"image":{"@id":"https:\/\/www.gold.fr\/news\/2014\/06\/02\/lor-chute-en-depit-du-pib-americain\/#primaryimage"},"thumbnailUrl":"https:\/\/www.gold.fr\/news\/wp-content\/uploads\/2011\/10\/globe-or.jpg","keywords":["baisse or","etats-unis","Janet Yellen","PIB"],"articleSection":["Articles de presse"],"inLanguage":"fr-FR"},{"@type":"WebPage","@id":"https:\/\/www.gold.fr\/news\/2014\/06\/02\/lor-chute-en-depit-du-pib-americain\/","url":"https:\/\/www.gold.fr\/news\/2014\/06\/02\/lor-chute-en-depit-du-pib-americain\/","name":"L\u2019or chute, en d\u00e9pit du PIB am\u00e9ricain - Gold.fr","isPartOf":{"@id":"https:\/\/www.gold.fr\/news\/#website"},"primaryImageOfPage":{"@id":"https:\/\/www.gold.fr\/news\/2014\/06\/02\/lor-chute-en-depit-du-pib-americain\/#primaryimage"},"image":{"@id":"https:\/\/www.gold.fr\/news\/2014\/06\/02\/lor-chute-en-depit-du-pib-americain\/#primaryimage"},"thumbnailUrl":"https:\/\/www.gold.fr\/news\/wp-content\/uploads\/2011\/10\/globe-or.jpg","datePublished":"2014-06-02T15:00:51+00:00","dateModified":"2017-11-02T10:31:46+00:00","author":{"@id":"https:\/\/www.gold.fr\/news\/#\/schema\/person\/070491b4b4fb7671bf59b3be20302ce9"},"breadcrumb":{"@id":"https:\/\/www.gold.fr\/news\/2014\/06\/02\/lor-chute-en-depit-du-pib-americain\/#breadcrumb"},"inLanguage":"fr-FR","potentialAction":[{"@type":"ReadAction","target":["https:\/\/www.gold.fr\/news\/2014\/06\/02\/lor-chute-en-depit-du-pib-americain\/"]}]},{"@type":"ImageObject","inLanguage":"fr-FR","@id":"https:\/\/www.gold.fr\/news\/2014\/06\/02\/lor-chute-en-depit-du-pib-americain\/#primaryimage","url":"https:\/\/www.gold.fr\/news\/wp-content\/uploads\/2011\/10\/globe-or.jpg","contentUrl":"https:\/\/www.gold.fr\/news\/wp-content\/uploads\/2011\/10\/globe-or.jpg","width":"600","height":"600","caption":"Des march\u00e9s port\u00e9s par les banques centrales"},{"@type":"BreadcrumbList","@id":"https:\/\/www.gold.fr\/news\/2014\/06\/02\/lor-chute-en-depit-du-pib-americain\/#breadcrumb","itemListElement":[{"@type":"ListItem","position":1,"name":"Accueil","item":"https:\/\/www.gold.fr\/"},{"@type":"ListItem","position":2,"name":"Actualit\u00e9s","item":"https:\/\/www.gold.fr\/news\/"},{"@type":"ListItem","position":3,"name":"L\u2019or chute, en d\u00e9pit du PIB am\u00e9ricain"}]},{"@type":"WebSite","@id":"https:\/\/www.gold.fr\/news\/#website","url":"https:\/\/www.gold.fr\/news\/","name":"Gold.fr","description":"Actualit\u00e9s de l&#039;Or et des m\u00e9taux pr\u00e9cieux","potentialAction":[{"@type":"SearchAction","target":{"@type":"EntryPoint","urlTemplate":"https:\/\/www.gold.fr\/news\/?s={search_term_string}"},"query-input":{"@type":"PropertyValueSpecification","valueRequired":true,"valueName":"search_term_string"}}],"inLanguage":"fr-FR"},{"@type":"Person","@id":"https:\/\/www.gold.fr\/news\/#\/schema\/person\/070491b4b4fb7671bf59b3be20302ce9","name":"Comptoir National de l'Or","image":{"@type":"ImageObject","inLanguage":"fr-FR","@id":"https:\/\/secure.gravatar.com\/avatar\/0a2867fd5abe37bed95d5a65e9d58f01756e11efc68af9888dfc50cfa7f65948?s=96&d=mm&r=gb490554db0a38188709de567aa58480d","url":"https:\/\/secure.gravatar.com\/avatar\/0a2867fd5abe37bed95d5a65e9d58f01756e11efc68af9888dfc50cfa7f65948?s=96&d=mm&r=g","contentUrl":"https:\/\/secure.gravatar.com\/avatar\/0a2867fd5abe37bed95d5a65e9d58f01756e11efc68af9888dfc50cfa7f65948?s=96&d=mm&r=g","caption":"Comptoir National de l'Or"},"description":"Notre r\u00e9daction est constitu\u00e9e de membres experts dans les m\u00e9tiers de l'\u00e9conomie et la gestion, des Responsables d'agence Comptoir National de l'Or, des analystes financiers qui publient r\u00e9guli\u00e8rement des \u00e9tudes sur les politiques des banques centrales, le cours de l'or, prix de l'or, cours de l'argent, prix de l'argent, cours du platine, cours du palladium,... la situation en zone euro et l'impact de la strat\u00e9gie mon\u00e9taire de la FED. Notre \u00e9quipe scrute \u00e9galement une information plus g\u00e9n\u00e9raliste \u00e0 la recherche d'actualit\u00e9 \"p\u00e9pite\" \u00e0 vous partager. Depuis 5 ans, nous avons publi\u00e9 un peu plus de 4000 articles qui s'adressent \u00e0 un public large et vari\u00e9 ayant pour objectif de satisfaire votre curiosit\u00e9 et de partager avec vous une certaine fascination pour le m\u00e9tal jaune, le rachat d'or, et pour ceux qui veulent investir dans l'or, vendre leur or tout simplement en savoir plus... Pour tous vos achat or et argent, n'h\u00e9sitez pas \u00e0 prendre rendez-vous dans l'un de nos nombreux comptoirs.","sameAs":["https:\/\/www.gold.fr"]}]}},"authors":[{"term_id":2565,"user_id":18,"is_guest":0,"slug":"julie","display_name":"Comptoir National de l'Or","avatar_url":"https:\/\/secure.gravatar.com\/avatar\/713f289e398d35ead876c4a4cc08607f0d6d266058cfc25683fffb6092d0e572?s=96&d=mm&r=g","0":null,"1":"","2":"","3":"","4":"","5":"","6":"","7":"","8":""}],"_links":{"self":[{"href":"https:\/\/www.gold.fr\/news\/wp-json\/wp\/v2\/posts\/14771","targetHints":{"allow":["GET"]}}],"collection":[{"href":"https:\/\/www.gold.fr\/news\/wp-json\/wp\/v2\/posts"}],"about":[{"href":"https:\/\/www.gold.fr\/news\/wp-json\/wp\/v2\/types\/post"}],"author":[{"embeddable":true,"href":"https:\/\/www.gold.fr\/news\/wp-json\/wp\/v2\/users\/18"}],"replies":[{"embeddable":true,"href":"https:\/\/www.gold.fr\/news\/wp-json\/wp\/v2\/comments?post=14771"}],"version-history":[{"count":0,"href":"https:\/\/www.gold.fr\/news\/wp-json\/wp\/v2\/posts\/14771\/revisions"}],"wp:featuredmedia":[{"embeddable":true,"href":"https:\/\/www.gold.fr\/news\/wp-json\/wp\/v2\/media\/2717"}],"wp:attachment":[{"href":"https:\/\/www.gold.fr\/news\/wp-json\/wp\/v2\/media?parent=14771"}],"wp:term":[{"taxonomy":"category","embeddable":true,"href":"https:\/\/www.gold.fr\/news\/wp-json\/wp\/v2\/categories?post=14771"},{"taxonomy":"post_tag","embeddable":true,"href":"https:\/\/www.gold.fr\/news\/wp-json\/wp\/v2\/tags?post=14771"},{"taxonomy":"author","embeddable":true,"href":"https:\/\/www.gold.fr\/news\/wp-json\/wp\/v2\/ppma_author?post=14771"}],"curies":[{"name":"wp","href":"https:\/\/api.w.org\/{rel}","templated":true}]}}