{"id":14753,"date":"2014-05-29T09:00:07","date_gmt":"2014-05-29T07:00:07","guid":{"rendered":"https:\/\/www.gold.fr\/news\/?p=14753"},"modified":"2017-10-26T18:57:16","modified_gmt":"2017-10-26T16:57:16","slug":"fedbce-une-competition-a-son-comble","status":"publish","type":"post","link":"https:\/\/www.gold.fr\/news\/2014\/05\/29\/fedbce-une-competition-a-son-comble\/","title":{"rendered":"FED\/BCE : Une comp\u00e9tition \u00e0 son comble"},"content":{"rendered":"<p><img loading=\"lazy\" decoding=\"async\" class=\"alignleft size-thumbnail wp-image-7530\" title=\"FED\/BCE : Une comp\u00e9tition \u00e0 son comble\" src=\"https:\/\/www.gold.fr\/news\/wp-content\/uploads\/2012\/05\/cours-de-l-or1-150x150.jpg\" alt=\"\" width=\"150\" height=\"150\" \/><span style=\"font-size: small;\">C\u2019est un retour d\u2019une agressivit\u00e9 comp\u00e9titive inutile qu\u2019effectuent les march\u00e9s am\u00e9ricains, <a title=\"Le dollar en \u00ab\u00a0cong\u00e9\u00a0\u00bb ; L\u2019attentisme est de rigueur\" href=\"https:\/\/www.gold.fr\/news\/2014\/05\/26\/le-dollar-en-conge-lattentisme-est-de-rigueur\/14729\/\" target=\"_blank\">suite au repos impos\u00e9 par le <strong>Memorial Day<\/strong><\/a>. Une agressivit\u00e9 comp\u00e9titive, en raison du terrain qu\u2019aura r\u00e9ussi \u00e0 gagner le march\u00e9 europ\u00e9en durant cette pause US. Et inutile, dans la mesure o\u00f9 ce terrain demeure tr\u00e8s relatif et bien trop faible pour repr\u00e9senter une r\u00e9elle menace \u00e0 la dominance actuelle des<strong> march\u00e9s US<\/strong>.<\/span>    <span style=\"font-size: small;\"> Toujours est-il que les places boursi\u00e8res am\u00e9ricaines affichent une forme olympique, avec des chiffres tr\u00e8s \u00e9loquents (enregistr\u00e9s en cours de s\u00e9ance, mercredi 28 mai)\u00a0; le<strong> S&amp;P<\/strong> <strong>500<\/strong> \u00e0 <strong>+0,6%<\/strong> (un nouveau record historique, et le deuxi\u00e8me cons\u00e9cutif, d\u2019apr\u00e8s les observateurs), le<strong> Dow Jones<\/strong> \u00e0<strong> +0,42%<\/strong> et le <strong>Nasdaq<\/strong> \u00e0 <strong>+1,23%<\/strong>.<\/span>    <span style=\"font-size: small;\"> Bref, un app\u00e9tit prononc\u00e9 pour le risque fortement soutenu par l\u2019espoir relatif \u00e0 une imminente\u00a0baisse des taux ou apports de nouvelles liquidit\u00e9s implicitement promis par <strong>Mario Draghi<\/strong>, pr\u00e9sident de la Banque centrale europ\u00e9enne (<strong>BCE<\/strong>).<\/span>    <span style=\"font-size: small;\"> De son c\u00f4t\u00e9, la r\u00e9serve f\u00e9d\u00e9rale am\u00e9ricaine (<strong>FED<\/strong>) devrait maintenir ses op\u00e9rations progressives de durcissement de sa politique mon\u00e9taire, encore consid\u00e9r\u00e9es \u00ab\u00a0<em>tr\u00e8s souple<\/em>\u00a0\u00bb, \u00e0 ce jour. Les analystes soulignent en effet que \u00ab\u00a0<em>la r\u00e9duction de l&rsquo;enveloppe consacr\u00e9e mensuellement aux rachats d&rsquo;actifs obligataires devrait donc se poursuivre et elle sera suivie, quelque part durant l&rsquo;ann\u00e9e <strong>2015<\/strong> a priori, par le premier rel\u00e8vement des taux courts depuis le d\u00e9but de la crise financi\u00e8re<\/em>\u00a0\u00bb.<\/span><\/p>\n<!-- AddThis Advanced Settings generic via filter on the_content --><!-- AddThis Share Buttons generic via filter on the_content -->","protected":false},"excerpt":{"rendered":"<p>C\u2019est un retour d\u2019une agressivit\u00e9 comp\u00e9titive inutile qu\u2019effectuent les march\u00e9s am\u00e9ricains, suite au repos impos\u00e9 par le Memorial Day. Une agressivit\u00e9 comp\u00e9titive, en raison du terrain qu\u2019aura r\u00e9ussi \u00e0 gagner le march\u00e9 europ\u00e9en durant cette pause [&hellip;]<\/p>\n","protected":false},"author":18,"featured_media":7530,"comment_status":"open","ping_status":"open","sticky":false,"template":"","format":"standard","meta":{"_mbp_gutenberg_autopost":false,"_pgmb_is_evergreen":false,"_pgmb_ap_template_id":0,"footnotes":""},"categories":[6],"tags":[143,144,1699],"ppma_author":[2565],"class_list":["post-14753","post","type-post","status-publish","format-standard","has-post-thumbnail","hentry","category-articles-de-presse","tag-bce","tag-fed","tag-marches-us"],"yoast_head":"<!-- This site is optimized with the Yoast SEO plugin v26.9 - https:\/\/yoast.com\/product\/yoast-seo-wordpress\/ -->\n<title>FED\/BCE : Une comp\u00e9tition \u00e0 son comble - Gold.fr<\/title>\n<meta name=\"robots\" content=\"index, follow, max-snippet:-1, max-image-preview:large, max-video-preview:-1\" \/>\n<link rel=\"canonical\" href=\"https:\/\/www.gold.fr\/news\/2014\/05\/29\/fedbce-une-competition-a-son-comble\/\" \/>\n<meta property=\"og:locale\" content=\"fr_FR\" \/>\n<meta property=\"og:type\" content=\"article\" \/>\n<meta property=\"og:title\" content=\"FED\/BCE : Une comp\u00e9tition \u00e0 son comble - Gold.fr\" \/>\n<meta property=\"og:description\" content=\"C\u2019est un retour d\u2019une agressivit\u00e9 comp\u00e9titive inutile qu\u2019effectuent les march\u00e9s am\u00e9ricains, suite au repos impos\u00e9 par le Memorial Day. Une agressivit\u00e9 comp\u00e9titive, en raison du terrain qu\u2019aura r\u00e9ussi \u00e0 gagner le march\u00e9 europ\u00e9en durant cette pause [&hellip;]\" \/>\n<meta property=\"og:url\" content=\"https:\/\/www.gold.fr\/news\/2014\/05\/29\/fedbce-une-competition-a-son-comble\/\" \/>\n<meta property=\"og:site_name\" content=\"Gold.fr\" \/>\n<meta property=\"article:publisher\" content=\"https:\/\/www.facebook.com\/Goldfr\/\" \/>\n<meta property=\"article:published_time\" content=\"2014-05-29T07:00:07+00:00\" \/>\n<meta property=\"article:modified_time\" content=\"2017-10-26T16:57:16+00:00\" \/>\n<meta property=\"og:image\" content=\"https:\/\/www.gold.fr\/news\/wp-content\/uploads\/2012\/05\/cours-de-l-or1.jpg\" \/>\n\t<meta property=\"og:image:width\" content=\"602\" \/>\n\t<meta property=\"og:image:height\" content=\"399\" \/>\n\t<meta property=\"og:image:type\" content=\"image\/jpeg\" \/>\n<meta name=\"author\" content=\"Comptoir National de l&#039;Or\" \/>\n<meta name=\"twitter:card\" content=\"summary_large_image\" \/>\n<meta name=\"twitter:label1\" content=\"\u00c9crit par\" \/>\n\t<meta name=\"twitter:data1\" content=\"Comptoir National de l&#039;Or\" \/>\n\t<meta name=\"twitter:label2\" content=\"Dur\u00e9e de lecture estim\u00e9e\" \/>\n\t<meta name=\"twitter:data2\" content=\"1 minute\" \/>\n<script type=\"application\/ld+json\" class=\"yoast-schema-graph\">{\"@context\":\"https:\/\/schema.org\",\"@graph\":[{\"@type\":\"Article\",\"@id\":\"https:\/\/www.gold.fr\/news\/2014\/05\/29\/fedbce-une-competition-a-son-comble\/#article\",\"isPartOf\":{\"@id\":\"https:\/\/www.gold.fr\/news\/2014\/05\/29\/fedbce-une-competition-a-son-comble\/\"},\"author\":{\"name\":\"Comptoir National de l'Or\",\"@id\":\"https:\/\/www.gold.fr\/news\/#\/schema\/person\/760ee7cec237915eebf2be78df0404c4\"},\"headline\":\"FED\/BCE : Une comp\u00e9tition \u00e0 son comble\",\"datePublished\":\"2014-05-29T07:00:07+00:00\",\"dateModified\":\"2017-10-26T16:57:16+00:00\",\"mainEntityOfPage\":{\"@id\":\"https:\/\/www.gold.fr\/news\/2014\/05\/29\/fedbce-une-competition-a-son-comble\/\"},\"wordCount\":263,\"commentCount\":0,\"image\":{\"@id\":\"https:\/\/www.gold.fr\/news\/2014\/05\/29\/fedbce-une-competition-a-son-comble\/#primaryimage\"},\"thumbnailUrl\":\"https:\/\/www.gold.fr\/news\/wp-content\/uploads\/2012\/05\/cours-de-l-or1.jpg\",\"keywords\":[\"bce\",\"fed\",\"march\u00e9s US\"],\"articleSection\":[\"Articles de presse\"],\"inLanguage\":\"fr-FR\"},{\"@type\":\"WebPage\",\"@id\":\"https:\/\/www.gold.fr\/news\/2014\/05\/29\/fedbce-une-competition-a-son-comble\/\",\"url\":\"https:\/\/www.gold.fr\/news\/2014\/05\/29\/fedbce-une-competition-a-son-comble\/\",\"name\":\"FED\/BCE : Une comp\u00e9tition \u00e0 son comble - Gold.fr\",\"isPartOf\":{\"@id\":\"https:\/\/www.gold.fr\/news\/#website\"},\"primaryImageOfPage\":{\"@id\":\"https:\/\/www.gold.fr\/news\/2014\/05\/29\/fedbce-une-competition-a-son-comble\/#primaryimage\"},\"image\":{\"@id\":\"https:\/\/www.gold.fr\/news\/2014\/05\/29\/fedbce-une-competition-a-son-comble\/#primaryimage\"},\"thumbnailUrl\":\"https:\/\/www.gold.fr\/news\/wp-content\/uploads\/2012\/05\/cours-de-l-or1.jpg\",\"datePublished\":\"2014-05-29T07:00:07+00:00\",\"dateModified\":\"2017-10-26T16:57:16+00:00\",\"author\":{\"@id\":\"https:\/\/www.gold.fr\/news\/#\/schema\/person\/760ee7cec237915eebf2be78df0404c4\"},\"breadcrumb\":{\"@id\":\"https:\/\/www.gold.fr\/news\/2014\/05\/29\/fedbce-une-competition-a-son-comble\/#breadcrumb\"},\"inLanguage\":\"fr-FR\",\"potentialAction\":[{\"@type\":\"ReadAction\",\"target\":[\"https:\/\/www.gold.fr\/news\/2014\/05\/29\/fedbce-une-competition-a-son-comble\/\"]}]},{\"@type\":\"ImageObject\",\"inLanguage\":\"fr-FR\",\"@id\":\"https:\/\/www.gold.fr\/news\/2014\/05\/29\/fedbce-une-competition-a-son-comble\/#primaryimage\",\"url\":\"https:\/\/www.gold.fr\/news\/wp-content\/uploads\/2012\/05\/cours-de-l-or1.jpg\",\"contentUrl\":\"https:\/\/www.gold.fr\/news\/wp-content\/uploads\/2012\/05\/cours-de-l-or1.jpg\",\"width\":\"602\",\"height\":\"399\",\"caption\":\"Cours de l\u2019once : entre r\u00e9alisations et pr\u00e9visions\"},{\"@type\":\"BreadcrumbList\",\"@id\":\"https:\/\/www.gold.fr\/news\/2014\/05\/29\/fedbce-une-competition-a-son-comble\/#breadcrumb\",\"itemListElement\":[{\"@type\":\"ListItem\",\"position\":1,\"name\":\"Accueil\",\"item\":\"https:\/\/www.gold.fr\/\"},{\"@type\":\"ListItem\",\"position\":2,\"name\":\"Actualit\u00e9s\",\"item\":\"https:\/\/www.gold.fr\/news\/\"},{\"@type\":\"ListItem\",\"position\":3,\"name\":\"FED\/BCE : Une comp\u00e9tition \u00e0 son comble\"}]},{\"@type\":\"WebSite\",\"@id\":\"https:\/\/www.gold.fr\/news\/#website\",\"url\":\"https:\/\/www.gold.fr\/news\/\",\"name\":\"Gold.fr\",\"description\":\"Actualit\u00e9s de l&#039;Or et des m\u00e9taux pr\u00e9cieux\",\"potentialAction\":[{\"@type\":\"SearchAction\",\"target\":{\"@type\":\"EntryPoint\",\"urlTemplate\":\"https:\/\/www.gold.fr\/news\/?s={search_term_string}\"},\"query-input\":{\"@type\":\"PropertyValueSpecification\",\"valueRequired\":true,\"valueName\":\"search_term_string\"}}],\"inLanguage\":\"fr-FR\"},{\"@type\":\"Person\",\"@id\":\"https:\/\/www.gold.fr\/news\/#\/schema\/person\/760ee7cec237915eebf2be78df0404c4\",\"name\":\"Comptoir National de l'Or\",\"image\":{\"@type\":\"ImageObject\",\"inLanguage\":\"fr-FR\",\"@id\":\"https:\/\/www.gold.fr\/news\/#\/schema\/person\/image\/c36675942654553a86039d2dfa93c740\",\"url\":\"https:\/\/secure.gravatar.com\/avatar\/713f289e398d35ead876c4a4cc08607f0d6d266058cfc25683fffb6092d0e572?s=96&d=mm&r=g\",\"contentUrl\":\"https:\/\/secure.gravatar.com\/avatar\/713f289e398d35ead876c4a4cc08607f0d6d266058cfc25683fffb6092d0e572?s=96&d=mm&r=g\",\"caption\":\"Comptoir National de l'Or\"},\"description\":\"Notre r\u00e9daction est constitu\u00e9e de membres experts dans les m\u00e9tiers de l'\u00e9conomie et la gestion, des Responsables d'agence Comptoir National de l'Or, des analystes financiers qui publient r\u00e9guli\u00e8rement des \u00e9tudes sur les politiques des banques centrales, le cours de l'or, prix de l'or, cours de l'argent, prix de l'argent, cours du platine, cours du palladium,... la situation en zone euro et l'impact de la strat\u00e9gie mon\u00e9taire de la FED. Notre \u00e9quipe scrute \u00e9galement une information plus g\u00e9n\u00e9raliste \u00e0 la recherche d'actualit\u00e9 \\\"p\u00e9pite\\\" \u00e0 vous partager. Depuis 5 ans, nous avons publi\u00e9 un peu plus de 4000 articles qui s'adressent \u00e0 un public large et vari\u00e9 ayant pour objectif de satisfaire votre curiosit\u00e9 et de partager avec vous une certaine fascination pour le m\u00e9tal jaune, le rachat d'or, et pour ceux qui veulent investir dans l'or, vendre leur or tout simplement en savoir plus... Pour tous vos achat or et argent, n'h\u00e9sitez pas \u00e0 prendre rendez-vous dans l'un de nos nombreux comptoirs.\",\"sameAs\":[\"https:\/\/www.gold.fr\"]}]}<\/script>\n<!-- \/ Yoast SEO plugin. -->","yoast_head_json":{"title":"FED\/BCE : Une comp\u00e9tition \u00e0 son comble - Gold.fr","robots":{"index":"index","follow":"follow","max-snippet":"max-snippet:-1","max-image-preview":"max-image-preview:large","max-video-preview":"max-video-preview:-1"},"canonical":"https:\/\/www.gold.fr\/news\/2014\/05\/29\/fedbce-une-competition-a-son-comble\/","og_locale":"fr_FR","og_type":"article","og_title":"FED\/BCE : Une comp\u00e9tition \u00e0 son comble - Gold.fr","og_description":"C\u2019est un retour d\u2019une agressivit\u00e9 comp\u00e9titive inutile qu\u2019effectuent les march\u00e9s am\u00e9ricains, suite au repos impos\u00e9 par le Memorial Day. Une agressivit\u00e9 comp\u00e9titive, en raison du terrain qu\u2019aura r\u00e9ussi \u00e0 gagner le march\u00e9 europ\u00e9en durant cette pause [&hellip;]","og_url":"https:\/\/www.gold.fr\/news\/2014\/05\/29\/fedbce-une-competition-a-son-comble\/","og_site_name":"Gold.fr","article_publisher":"https:\/\/www.facebook.com\/Goldfr\/","article_published_time":"2014-05-29T07:00:07+00:00","article_modified_time":"2017-10-26T16:57:16+00:00","og_image":[{"width":602,"height":399,"url":"https:\/\/www.gold.fr\/news\/wp-content\/uploads\/2012\/05\/cours-de-l-or1.jpg","type":"image\/jpeg"}],"author":"Comptoir National de l'Or","twitter_card":"summary_large_image","twitter_misc":{"\u00c9crit par":"Comptoir National de l'Or","Dur\u00e9e de lecture estim\u00e9e":"1 minute"},"schema":{"@context":"https:\/\/schema.org","@graph":[{"@type":"Article","@id":"https:\/\/www.gold.fr\/news\/2014\/05\/29\/fedbce-une-competition-a-son-comble\/#article","isPartOf":{"@id":"https:\/\/www.gold.fr\/news\/2014\/05\/29\/fedbce-une-competition-a-son-comble\/"},"author":{"name":"Comptoir National de l'Or","@id":"https:\/\/www.gold.fr\/news\/#\/schema\/person\/760ee7cec237915eebf2be78df0404c4"},"headline":"FED\/BCE : Une comp\u00e9tition \u00e0 son comble","datePublished":"2014-05-29T07:00:07+00:00","dateModified":"2017-10-26T16:57:16+00:00","mainEntityOfPage":{"@id":"https:\/\/www.gold.fr\/news\/2014\/05\/29\/fedbce-une-competition-a-son-comble\/"},"wordCount":263,"commentCount":0,"image":{"@id":"https:\/\/www.gold.fr\/news\/2014\/05\/29\/fedbce-une-competition-a-son-comble\/#primaryimage"},"thumbnailUrl":"https:\/\/www.gold.fr\/news\/wp-content\/uploads\/2012\/05\/cours-de-l-or1.jpg","keywords":["bce","fed","march\u00e9s US"],"articleSection":["Articles de presse"],"inLanguage":"fr-FR"},{"@type":"WebPage","@id":"https:\/\/www.gold.fr\/news\/2014\/05\/29\/fedbce-une-competition-a-son-comble\/","url":"https:\/\/www.gold.fr\/news\/2014\/05\/29\/fedbce-une-competition-a-son-comble\/","name":"FED\/BCE : Une comp\u00e9tition \u00e0 son comble - Gold.fr","isPartOf":{"@id":"https:\/\/www.gold.fr\/news\/#website"},"primaryImageOfPage":{"@id":"https:\/\/www.gold.fr\/news\/2014\/05\/29\/fedbce-une-competition-a-son-comble\/#primaryimage"},"image":{"@id":"https:\/\/www.gold.fr\/news\/2014\/05\/29\/fedbce-une-competition-a-son-comble\/#primaryimage"},"thumbnailUrl":"https:\/\/www.gold.fr\/news\/wp-content\/uploads\/2012\/05\/cours-de-l-or1.jpg","datePublished":"2014-05-29T07:00:07+00:00","dateModified":"2017-10-26T16:57:16+00:00","author":{"@id":"https:\/\/www.gold.fr\/news\/#\/schema\/person\/760ee7cec237915eebf2be78df0404c4"},"breadcrumb":{"@id":"https:\/\/www.gold.fr\/news\/2014\/05\/29\/fedbce-une-competition-a-son-comble\/#breadcrumb"},"inLanguage":"fr-FR","potentialAction":[{"@type":"ReadAction","target":["https:\/\/www.gold.fr\/news\/2014\/05\/29\/fedbce-une-competition-a-son-comble\/"]}]},{"@type":"ImageObject","inLanguage":"fr-FR","@id":"https:\/\/www.gold.fr\/news\/2014\/05\/29\/fedbce-une-competition-a-son-comble\/#primaryimage","url":"https:\/\/www.gold.fr\/news\/wp-content\/uploads\/2012\/05\/cours-de-l-or1.jpg","contentUrl":"https:\/\/www.gold.fr\/news\/wp-content\/uploads\/2012\/05\/cours-de-l-or1.jpg","width":"602","height":"399","caption":"Cours de l\u2019once : entre r\u00e9alisations et pr\u00e9visions"},{"@type":"BreadcrumbList","@id":"https:\/\/www.gold.fr\/news\/2014\/05\/29\/fedbce-une-competition-a-son-comble\/#breadcrumb","itemListElement":[{"@type":"ListItem","position":1,"name":"Accueil","item":"https:\/\/www.gold.fr\/"},{"@type":"ListItem","position":2,"name":"Actualit\u00e9s","item":"https:\/\/www.gold.fr\/news\/"},{"@type":"ListItem","position":3,"name":"FED\/BCE : Une comp\u00e9tition \u00e0 son comble"}]},{"@type":"WebSite","@id":"https:\/\/www.gold.fr\/news\/#website","url":"https:\/\/www.gold.fr\/news\/","name":"Gold.fr","description":"Actualit\u00e9s de l&#039;Or et des m\u00e9taux pr\u00e9cieux","potentialAction":[{"@type":"SearchAction","target":{"@type":"EntryPoint","urlTemplate":"https:\/\/www.gold.fr\/news\/?s={search_term_string}"},"query-input":{"@type":"PropertyValueSpecification","valueRequired":true,"valueName":"search_term_string"}}],"inLanguage":"fr-FR"},{"@type":"Person","@id":"https:\/\/www.gold.fr\/news\/#\/schema\/person\/760ee7cec237915eebf2be78df0404c4","name":"Comptoir National de l'Or","image":{"@type":"ImageObject","inLanguage":"fr-FR","@id":"https:\/\/www.gold.fr\/news\/#\/schema\/person\/image\/c36675942654553a86039d2dfa93c740","url":"https:\/\/secure.gravatar.com\/avatar\/713f289e398d35ead876c4a4cc08607f0d6d266058cfc25683fffb6092d0e572?s=96&d=mm&r=g","contentUrl":"https:\/\/secure.gravatar.com\/avatar\/713f289e398d35ead876c4a4cc08607f0d6d266058cfc25683fffb6092d0e572?s=96&d=mm&r=g","caption":"Comptoir National de l'Or"},"description":"Notre r\u00e9daction est constitu\u00e9e de membres experts dans les m\u00e9tiers de l'\u00e9conomie et la gestion, des Responsables d'agence Comptoir National de l'Or, des analystes financiers qui publient r\u00e9guli\u00e8rement des \u00e9tudes sur les politiques des banques centrales, le cours de l'or, prix de l'or, cours de l'argent, prix de l'argent, cours du platine, cours du palladium,... la situation en zone euro et l'impact de la strat\u00e9gie mon\u00e9taire de la FED. Notre \u00e9quipe scrute \u00e9galement une information plus g\u00e9n\u00e9raliste \u00e0 la recherche d'actualit\u00e9 \"p\u00e9pite\" \u00e0 vous partager. Depuis 5 ans, nous avons publi\u00e9 un peu plus de 4000 articles qui s'adressent \u00e0 un public large et vari\u00e9 ayant pour objectif de satisfaire votre curiosit\u00e9 et de partager avec vous une certaine fascination pour le m\u00e9tal jaune, le rachat d'or, et pour ceux qui veulent investir dans l'or, vendre leur or tout simplement en savoir plus... Pour tous vos achat or et argent, n'h\u00e9sitez pas \u00e0 prendre rendez-vous dans l'un de nos nombreux comptoirs.","sameAs":["https:\/\/www.gold.fr"]}]}},"authors":[{"term_id":2565,"user_id":18,"is_guest":0,"slug":"julie","display_name":"Comptoir National de l'Or","avatar_url":"https:\/\/secure.gravatar.com\/avatar\/713f289e398d35ead876c4a4cc08607f0d6d266058cfc25683fffb6092d0e572?s=96&d=mm&r=g","0":null,"1":"","2":"","3":"","4":"","5":"","6":"","7":"","8":""}],"_links":{"self":[{"href":"https:\/\/www.gold.fr\/news\/wp-json\/wp\/v2\/posts\/14753","targetHints":{"allow":["GET"]}}],"collection":[{"href":"https:\/\/www.gold.fr\/news\/wp-json\/wp\/v2\/posts"}],"about":[{"href":"https:\/\/www.gold.fr\/news\/wp-json\/wp\/v2\/types\/post"}],"author":[{"embeddable":true,"href":"https:\/\/www.gold.fr\/news\/wp-json\/wp\/v2\/users\/18"}],"replies":[{"embeddable":true,"href":"https:\/\/www.gold.fr\/news\/wp-json\/wp\/v2\/comments?post=14753"}],"version-history":[{"count":0,"href":"https:\/\/www.gold.fr\/news\/wp-json\/wp\/v2\/posts\/14753\/revisions"}],"wp:featuredmedia":[{"embeddable":true,"href":"https:\/\/www.gold.fr\/news\/wp-json\/wp\/v2\/media\/7530"}],"wp:attachment":[{"href":"https:\/\/www.gold.fr\/news\/wp-json\/wp\/v2\/media?parent=14753"}],"wp:term":[{"taxonomy":"category","embeddable":true,"href":"https:\/\/www.gold.fr\/news\/wp-json\/wp\/v2\/categories?post=14753"},{"taxonomy":"post_tag","embeddable":true,"href":"https:\/\/www.gold.fr\/news\/wp-json\/wp\/v2\/tags?post=14753"},{"taxonomy":"author","embeddable":true,"href":"https:\/\/www.gold.fr\/news\/wp-json\/wp\/v2\/ppma_author?post=14753"}],"curies":[{"name":"wp","href":"https:\/\/api.w.org\/{rel}","templated":true}]}}