{"id":14739,"date":"2014-05-28T09:00:09","date_gmt":"2014-05-28T07:00:09","guid":{"rendered":"https:\/\/www.gold.fr\/news\/?p=14739"},"modified":"2017-11-02T11:31:48","modified_gmt":"2017-11-02T10:31:48","slug":"attentisme-nerveux-autour-de-la-bce","status":"publish","type":"post","link":"https:\/\/www.gold.fr\/news\/2014\/05\/28\/attentisme-nerveux-autour-de-la-bce\/","title":{"rendered":"Attentisme nerveux autour de la BCE"},"content":{"rendered":"<p><img loading=\"lazy\" decoding=\"async\" class=\"alignleft size-thumbnail wp-image-3775\" title=\"Attentisme nerveux autour de la BCE\" src=\"https:\/\/www.gold.fr\/news\/wp-content\/uploads\/2011\/11\/125529830-150x150.jpg\" alt=\"\" width=\"150\" height=\"150\" \/><span style=\"font-size: small;\">Et il faut avouer que la future activit\u00e9 de la banque centrale europ\u00e9enne demeure l&rsquo;\u00e9v\u00e9nement majeur de cette phase \u00e9conomique globalement apathique. Les vagues successives de r\u00e9sultats, statistiques et rapports (que ce soit du c\u00f4t\u00e9 europ\u00e9en ou am\u00e9ricain) n&rsquo;ont pas r\u00e9ussi, jusque l\u00e0, \u00e0 \u00e9branler suffisamment les march\u00e9s d&rsquo;investissement pour \u00e9tablir une tendance solide et permanente.<\/span>    <span style=\"font-size: small;\"> Les analystes du groupe <strong>RTFX<\/strong> confirment d&rsquo;ailleurs cette ambiance \u00e0 dominance attentiste et rappellent que \u00ab<em> le prochain meeting de la banque centrale europ\u00e9enne (pr\u00e9vu pour le jeudi 5 juin) approche et les attentes autour d&rsquo;un stimulus p\u00e8sent sur l&rsquo;euro<\/em> \u00bb, ajoutant que \u00ab<em> dans son commentaire (publi\u00e9 en d\u00e9but de semaine), <strong>Mario Draghi<\/strong> a dit que la banque centrale europ\u00e9enne devait \u00eatre pr\u00eate \u00e0 agir en cas de faible inflation <\/em>\u00bb.<\/span>    <span style=\"font-size: small;\"> En attendant, les regards ne devraient pas quitter l&rsquo;Europe, d&rsquo;autant plus que le <strong>Forum 2014<\/strong> (\u00e9galement organis\u00e9 et tenu par la banque centrale europ\u00e9enne), cl\u00f4tur\u00e9 mardi soir, \u00e0 <strong>Sintra<\/strong> (au <strong>Portugal<\/strong>) devrait \u00e9galement apporter quelques indicateurs relativement fiables, soutenu par les commentaires des dirigeants euro, r\u00e9unis \u00e0 Bruxelles dans ce but pr\u00e9cis.<\/span>    <span style=\"font-size: small;\"> Dans ces conditions, <a title=\"Les march\u00e9s r\u00e9agissent\u2026\u00e0 peine\" href=\"https:\/\/www.gold.fr\/news\/2014\/05\/27\/les-marches-reagissent-a-peine\/14734\/\" target=\"_blank\">le m\u00e9tal jaune peine \u00e0 maintenir un statut quo<\/a> (entre les <strong>1 290<\/strong> et <strong>1 300 dollars<\/strong> <a title=\"Prix de l'Once d'or\" href=\"https:\/\/www.gold.fr\/once-en\/\" target=\"_blank\">l\u2019once<\/a>) qu&rsquo;il a pourtant r\u00e9ussi \u00e0 pr\u00e9server tout au long des trois derni\u00e8res semaines. naviguant actuellement en dessous des <strong>1 280 dollars<\/strong> l&rsquo;once, l&rsquo;<a href='https:\/\/www.gold.fr\/news\/tags\/or' class='esk-seo-plu-link'>or<\/a> devrait retrouver des couleurs dans les semaines \u00e0 venir, avec le retour de la semaine estivale (mariages) en <strong>Asie<\/strong>.<\/span><\/p>\n<!-- AddThis Advanced Settings generic via filter on the_content --><!-- AddThis Share Buttons generic via filter on the_content -->","protected":false},"excerpt":{"rendered":"<p>Et il faut avouer que la future activit\u00e9 de la banque centrale europ\u00e9enne demeure l&rsquo;\u00e9v\u00e9nement majeur de cette phase \u00e9conomique globalement apathique. Les vagues successives de r\u00e9sultats, statistiques et rapports (que ce soit du c\u00f4t\u00e9 europ\u00e9en [&hellip;]<\/p>\n","protected":false},"author":18,"featured_media":3775,"comment_status":"open","ping_status":"open","sticky":false,"template":"","format":"standard","meta":{"_mbp_gutenberg_autopost":false,"_pgmb_is_evergreen":false,"_pgmb_ap_template_id":0,"footnotes":""},"categories":[6],"tags":[143,242,1856,900,962],"ppma_author":[2565],"class_list":["post-14739","post","type-post","status-publish","format-standard","has-post-thumbnail","hentry","category-articles-de-presse","tag-bce","tag-europe","tag-forum-2014","tag-once-or","tag-prix-or"],"yoast_head":"<!-- This site is optimized with the Yoast SEO plugin v26.9 - https:\/\/yoast.com\/product\/yoast-seo-wordpress\/ -->\n<title>Attentisme nerveux autour de la BCE - Gold.fr<\/title>\n<meta name=\"robots\" content=\"index, follow, max-snippet:-1, max-image-preview:large, max-video-preview:-1\" \/>\n<link rel=\"canonical\" href=\"https:\/\/www.gold.fr\/news\/2014\/05\/28\/attentisme-nerveux-autour-de-la-bce\/\" \/>\n<meta property=\"og:locale\" content=\"fr_FR\" \/>\n<meta property=\"og:type\" content=\"article\" \/>\n<meta property=\"og:title\" content=\"Attentisme nerveux autour de la BCE - Gold.fr\" \/>\n<meta property=\"og:description\" content=\"Et il faut avouer que la future activit\u00e9 de la banque centrale europ\u00e9enne demeure l&rsquo;\u00e9v\u00e9nement majeur de cette phase \u00e9conomique globalement apathique. Les vagues successives de r\u00e9sultats, statistiques et rapports (que ce soit du c\u00f4t\u00e9 europ\u00e9en [&hellip;]\" \/>\n<meta property=\"og:url\" content=\"https:\/\/www.gold.fr\/news\/2014\/05\/28\/attentisme-nerveux-autour-de-la-bce\/\" \/>\n<meta property=\"og:site_name\" content=\"Gold.fr\" \/>\n<meta property=\"article:publisher\" content=\"https:\/\/www.facebook.com\/Goldfr\/\" \/>\n<meta property=\"article:published_time\" content=\"2014-05-28T07:00:09+00:00\" \/>\n<meta property=\"article:modified_time\" content=\"2017-11-02T10:31:48+00:00\" \/>\n<meta property=\"og:image\" content=\"https:\/\/www.gold.fr\/news\/wp-content\/uploads\/2011\/11\/125529830-e1321430697946.jpg\" \/>\n\t<meta property=\"og:image:width\" content=\"600\" \/>\n\t<meta property=\"og:image:height\" content=\"600\" \/>\n\t<meta property=\"og:image:type\" content=\"image\/jpeg\" \/>\n<meta name=\"author\" content=\"Comptoir National de l&#039;Or\" \/>\n<meta name=\"twitter:card\" content=\"summary_large_image\" \/>\n<meta name=\"twitter:label1\" content=\"\u00c9crit par\" \/>\n\t<meta name=\"twitter:data1\" content=\"Comptoir National de l&#039;Or\" \/>\n\t<meta name=\"twitter:label2\" content=\"Dur\u00e9e de lecture estim\u00e9e\" \/>\n\t<meta name=\"twitter:data2\" content=\"1 minute\" \/>\n<script type=\"application\/ld+json\" class=\"yoast-schema-graph\">{\"@context\":\"https:\/\/schema.org\",\"@graph\":[{\"@type\":\"Article\",\"@id\":\"https:\/\/www.gold.fr\/news\/2014\/05\/28\/attentisme-nerveux-autour-de-la-bce\/#article\",\"isPartOf\":{\"@id\":\"https:\/\/www.gold.fr\/news\/2014\/05\/28\/attentisme-nerveux-autour-de-la-bce\/\"},\"author\":{\"name\":\"Comptoir National de l'Or\",\"@id\":\"https:\/\/www.gold.fr\/news\/#\/schema\/person\/760ee7cec237915eebf2be78df0404c4\"},\"headline\":\"Attentisme nerveux autour de la BCE\",\"datePublished\":\"2014-05-28T07:00:09+00:00\",\"dateModified\":\"2017-11-02T10:31:48+00:00\",\"mainEntityOfPage\":{\"@id\":\"https:\/\/www.gold.fr\/news\/2014\/05\/28\/attentisme-nerveux-autour-de-la-bce\/\"},\"wordCount\":263,\"commentCount\":0,\"image\":{\"@id\":\"https:\/\/www.gold.fr\/news\/2014\/05\/28\/attentisme-nerveux-autour-de-la-bce\/#primaryimage\"},\"thumbnailUrl\":\"https:\/\/www.gold.fr\/news\/wp-content\/uploads\/2011\/11\/125529830-e1321430697946.jpg\",\"keywords\":[\"bce\",\"europe\",\"forum 2014\",\"Once or\",\"prix or\"],\"articleSection\":[\"Articles de presse\"],\"inLanguage\":\"fr-FR\"},{\"@type\":\"WebPage\",\"@id\":\"https:\/\/www.gold.fr\/news\/2014\/05\/28\/attentisme-nerveux-autour-de-la-bce\/\",\"url\":\"https:\/\/www.gold.fr\/news\/2014\/05\/28\/attentisme-nerveux-autour-de-la-bce\/\",\"name\":\"Attentisme nerveux autour de la BCE - Gold.fr\",\"isPartOf\":{\"@id\":\"https:\/\/www.gold.fr\/news\/#website\"},\"primaryImageOfPage\":{\"@id\":\"https:\/\/www.gold.fr\/news\/2014\/05\/28\/attentisme-nerveux-autour-de-la-bce\/#primaryimage\"},\"image\":{\"@id\":\"https:\/\/www.gold.fr\/news\/2014\/05\/28\/attentisme-nerveux-autour-de-la-bce\/#primaryimage\"},\"thumbnailUrl\":\"https:\/\/www.gold.fr\/news\/wp-content\/uploads\/2011\/11\/125529830-e1321430697946.jpg\",\"datePublished\":\"2014-05-28T07:00:09+00:00\",\"dateModified\":\"2017-11-02T10:31:48+00:00\",\"author\":{\"@id\":\"https:\/\/www.gold.fr\/news\/#\/schema\/person\/760ee7cec237915eebf2be78df0404c4\"},\"breadcrumb\":{\"@id\":\"https:\/\/www.gold.fr\/news\/2014\/05\/28\/attentisme-nerveux-autour-de-la-bce\/#breadcrumb\"},\"inLanguage\":\"fr-FR\",\"potentialAction\":[{\"@type\":\"ReadAction\",\"target\":[\"https:\/\/www.gold.fr\/news\/2014\/05\/28\/attentisme-nerveux-autour-de-la-bce\/\"]}]},{\"@type\":\"ImageObject\",\"inLanguage\":\"fr-FR\",\"@id\":\"https:\/\/www.gold.fr\/news\/2014\/05\/28\/attentisme-nerveux-autour-de-la-bce\/#primaryimage\",\"url\":\"https:\/\/www.gold.fr\/news\/wp-content\/uploads\/2011\/11\/125529830-e1321430697946.jpg\",\"contentUrl\":\"https:\/\/www.gold.fr\/news\/wp-content\/uploads\/2011\/11\/125529830-e1321430697946.jpg\",\"width\":\"600\",\"height\":\"600\",\"caption\":\"Un vent d\u2019optimisme souffle sur les march\u00e9s boursiers\"},{\"@type\":\"BreadcrumbList\",\"@id\":\"https:\/\/www.gold.fr\/news\/2014\/05\/28\/attentisme-nerveux-autour-de-la-bce\/#breadcrumb\",\"itemListElement\":[{\"@type\":\"ListItem\",\"position\":1,\"name\":\"Accueil\",\"item\":\"https:\/\/www.gold.fr\/\"},{\"@type\":\"ListItem\",\"position\":2,\"name\":\"Actualit\u00e9s\",\"item\":\"https:\/\/www.gold.fr\/news\/\"},{\"@type\":\"ListItem\",\"position\":3,\"name\":\"Attentisme nerveux autour de la BCE\"}]},{\"@type\":\"WebSite\",\"@id\":\"https:\/\/www.gold.fr\/news\/#website\",\"url\":\"https:\/\/www.gold.fr\/news\/\",\"name\":\"Gold.fr\",\"description\":\"Actualit\u00e9s de l&#039;Or et des m\u00e9taux pr\u00e9cieux\",\"potentialAction\":[{\"@type\":\"SearchAction\",\"target\":{\"@type\":\"EntryPoint\",\"urlTemplate\":\"https:\/\/www.gold.fr\/news\/?s={search_term_string}\"},\"query-input\":{\"@type\":\"PropertyValueSpecification\",\"valueRequired\":true,\"valueName\":\"search_term_string\"}}],\"inLanguage\":\"fr-FR\"},{\"@type\":\"Person\",\"@id\":\"https:\/\/www.gold.fr\/news\/#\/schema\/person\/760ee7cec237915eebf2be78df0404c4\",\"name\":\"Comptoir National de l'Or\",\"image\":{\"@type\":\"ImageObject\",\"inLanguage\":\"fr-FR\",\"@id\":\"https:\/\/www.gold.fr\/news\/#\/schema\/person\/image\/c36675942654553a86039d2dfa93c740\",\"url\":\"https:\/\/secure.gravatar.com\/avatar\/713f289e398d35ead876c4a4cc08607f0d6d266058cfc25683fffb6092d0e572?s=96&d=mm&r=g\",\"contentUrl\":\"https:\/\/secure.gravatar.com\/avatar\/713f289e398d35ead876c4a4cc08607f0d6d266058cfc25683fffb6092d0e572?s=96&d=mm&r=g\",\"caption\":\"Comptoir National de l'Or\"},\"description\":\"Notre r\u00e9daction est constitu\u00e9e de membres experts dans les m\u00e9tiers de l'\u00e9conomie et la gestion, des Responsables d'agence Comptoir National de l'Or, des analystes financiers qui publient r\u00e9guli\u00e8rement des \u00e9tudes sur les politiques des banques centrales, le cours de l'or, prix de l'or, cours de l'argent, prix de l'argent, cours du platine, cours du palladium,... la situation en zone euro et l'impact de la strat\u00e9gie mon\u00e9taire de la FED. Notre \u00e9quipe scrute \u00e9galement une information plus g\u00e9n\u00e9raliste \u00e0 la recherche d'actualit\u00e9 \\\"p\u00e9pite\\\" \u00e0 vous partager. Depuis 5 ans, nous avons publi\u00e9 un peu plus de 4000 articles qui s'adressent \u00e0 un public large et vari\u00e9 ayant pour objectif de satisfaire votre curiosit\u00e9 et de partager avec vous une certaine fascination pour le m\u00e9tal jaune, le rachat d'or, et pour ceux qui veulent investir dans l'or, vendre leur or tout simplement en savoir plus... Pour tous vos achat or et argent, n'h\u00e9sitez pas \u00e0 prendre rendez-vous dans l'un de nos nombreux comptoirs.\",\"sameAs\":[\"https:\/\/www.gold.fr\"]}]}<\/script>\n<!-- \/ Yoast SEO plugin. -->","yoast_head_json":{"title":"Attentisme nerveux autour de la BCE - Gold.fr","robots":{"index":"index","follow":"follow","max-snippet":"max-snippet:-1","max-image-preview":"max-image-preview:large","max-video-preview":"max-video-preview:-1"},"canonical":"https:\/\/www.gold.fr\/news\/2014\/05\/28\/attentisme-nerveux-autour-de-la-bce\/","og_locale":"fr_FR","og_type":"article","og_title":"Attentisme nerveux autour de la BCE - Gold.fr","og_description":"Et il faut avouer que la future activit\u00e9 de la banque centrale europ\u00e9enne demeure l&rsquo;\u00e9v\u00e9nement majeur de cette phase \u00e9conomique globalement apathique. Les vagues successives de r\u00e9sultats, statistiques et rapports (que ce soit du c\u00f4t\u00e9 europ\u00e9en [&hellip;]","og_url":"https:\/\/www.gold.fr\/news\/2014\/05\/28\/attentisme-nerveux-autour-de-la-bce\/","og_site_name":"Gold.fr","article_publisher":"https:\/\/www.facebook.com\/Goldfr\/","article_published_time":"2014-05-28T07:00:09+00:00","article_modified_time":"2017-11-02T10:31:48+00:00","og_image":[{"width":600,"height":600,"url":"https:\/\/www.gold.fr\/news\/wp-content\/uploads\/2011\/11\/125529830-e1321430697946.jpg","type":"image\/jpeg"}],"author":"Comptoir National de l'Or","twitter_card":"summary_large_image","twitter_misc":{"\u00c9crit par":"Comptoir National de l'Or","Dur\u00e9e de lecture estim\u00e9e":"1 minute"},"schema":{"@context":"https:\/\/schema.org","@graph":[{"@type":"Article","@id":"https:\/\/www.gold.fr\/news\/2014\/05\/28\/attentisme-nerveux-autour-de-la-bce\/#article","isPartOf":{"@id":"https:\/\/www.gold.fr\/news\/2014\/05\/28\/attentisme-nerveux-autour-de-la-bce\/"},"author":{"name":"Comptoir National de l'Or","@id":"https:\/\/www.gold.fr\/news\/#\/schema\/person\/760ee7cec237915eebf2be78df0404c4"},"headline":"Attentisme nerveux autour de la BCE","datePublished":"2014-05-28T07:00:09+00:00","dateModified":"2017-11-02T10:31:48+00:00","mainEntityOfPage":{"@id":"https:\/\/www.gold.fr\/news\/2014\/05\/28\/attentisme-nerveux-autour-de-la-bce\/"},"wordCount":263,"commentCount":0,"image":{"@id":"https:\/\/www.gold.fr\/news\/2014\/05\/28\/attentisme-nerveux-autour-de-la-bce\/#primaryimage"},"thumbnailUrl":"https:\/\/www.gold.fr\/news\/wp-content\/uploads\/2011\/11\/125529830-e1321430697946.jpg","keywords":["bce","europe","forum 2014","Once or","prix or"],"articleSection":["Articles de presse"],"inLanguage":"fr-FR"},{"@type":"WebPage","@id":"https:\/\/www.gold.fr\/news\/2014\/05\/28\/attentisme-nerveux-autour-de-la-bce\/","url":"https:\/\/www.gold.fr\/news\/2014\/05\/28\/attentisme-nerveux-autour-de-la-bce\/","name":"Attentisme nerveux autour de la BCE - Gold.fr","isPartOf":{"@id":"https:\/\/www.gold.fr\/news\/#website"},"primaryImageOfPage":{"@id":"https:\/\/www.gold.fr\/news\/2014\/05\/28\/attentisme-nerveux-autour-de-la-bce\/#primaryimage"},"image":{"@id":"https:\/\/www.gold.fr\/news\/2014\/05\/28\/attentisme-nerveux-autour-de-la-bce\/#primaryimage"},"thumbnailUrl":"https:\/\/www.gold.fr\/news\/wp-content\/uploads\/2011\/11\/125529830-e1321430697946.jpg","datePublished":"2014-05-28T07:00:09+00:00","dateModified":"2017-11-02T10:31:48+00:00","author":{"@id":"https:\/\/www.gold.fr\/news\/#\/schema\/person\/760ee7cec237915eebf2be78df0404c4"},"breadcrumb":{"@id":"https:\/\/www.gold.fr\/news\/2014\/05\/28\/attentisme-nerveux-autour-de-la-bce\/#breadcrumb"},"inLanguage":"fr-FR","potentialAction":[{"@type":"ReadAction","target":["https:\/\/www.gold.fr\/news\/2014\/05\/28\/attentisme-nerveux-autour-de-la-bce\/"]}]},{"@type":"ImageObject","inLanguage":"fr-FR","@id":"https:\/\/www.gold.fr\/news\/2014\/05\/28\/attentisme-nerveux-autour-de-la-bce\/#primaryimage","url":"https:\/\/www.gold.fr\/news\/wp-content\/uploads\/2011\/11\/125529830-e1321430697946.jpg","contentUrl":"https:\/\/www.gold.fr\/news\/wp-content\/uploads\/2011\/11\/125529830-e1321430697946.jpg","width":"600","height":"600","caption":"Un vent d\u2019optimisme souffle sur les march\u00e9s boursiers"},{"@type":"BreadcrumbList","@id":"https:\/\/www.gold.fr\/news\/2014\/05\/28\/attentisme-nerveux-autour-de-la-bce\/#breadcrumb","itemListElement":[{"@type":"ListItem","position":1,"name":"Accueil","item":"https:\/\/www.gold.fr\/"},{"@type":"ListItem","position":2,"name":"Actualit\u00e9s","item":"https:\/\/www.gold.fr\/news\/"},{"@type":"ListItem","position":3,"name":"Attentisme nerveux autour de la BCE"}]},{"@type":"WebSite","@id":"https:\/\/www.gold.fr\/news\/#website","url":"https:\/\/www.gold.fr\/news\/","name":"Gold.fr","description":"Actualit\u00e9s de l&#039;Or et des m\u00e9taux pr\u00e9cieux","potentialAction":[{"@type":"SearchAction","target":{"@type":"EntryPoint","urlTemplate":"https:\/\/www.gold.fr\/news\/?s={search_term_string}"},"query-input":{"@type":"PropertyValueSpecification","valueRequired":true,"valueName":"search_term_string"}}],"inLanguage":"fr-FR"},{"@type":"Person","@id":"https:\/\/www.gold.fr\/news\/#\/schema\/person\/760ee7cec237915eebf2be78df0404c4","name":"Comptoir National de l'Or","image":{"@type":"ImageObject","inLanguage":"fr-FR","@id":"https:\/\/www.gold.fr\/news\/#\/schema\/person\/image\/c36675942654553a86039d2dfa93c740","url":"https:\/\/secure.gravatar.com\/avatar\/713f289e398d35ead876c4a4cc08607f0d6d266058cfc25683fffb6092d0e572?s=96&d=mm&r=g","contentUrl":"https:\/\/secure.gravatar.com\/avatar\/713f289e398d35ead876c4a4cc08607f0d6d266058cfc25683fffb6092d0e572?s=96&d=mm&r=g","caption":"Comptoir National de l'Or"},"description":"Notre r\u00e9daction est constitu\u00e9e de membres experts dans les m\u00e9tiers de l'\u00e9conomie et la gestion, des Responsables d'agence Comptoir National de l'Or, des analystes financiers qui publient r\u00e9guli\u00e8rement des \u00e9tudes sur les politiques des banques centrales, le cours de l'or, prix de l'or, cours de l'argent, prix de l'argent, cours du platine, cours du palladium,... la situation en zone euro et l'impact de la strat\u00e9gie mon\u00e9taire de la FED. Notre \u00e9quipe scrute \u00e9galement une information plus g\u00e9n\u00e9raliste \u00e0 la recherche d'actualit\u00e9 \"p\u00e9pite\" \u00e0 vous partager. Depuis 5 ans, nous avons publi\u00e9 un peu plus de 4000 articles qui s'adressent \u00e0 un public large et vari\u00e9 ayant pour objectif de satisfaire votre curiosit\u00e9 et de partager avec vous une certaine fascination pour le m\u00e9tal jaune, le rachat d'or, et pour ceux qui veulent investir dans l'or, vendre leur or tout simplement en savoir plus... Pour tous vos achat or et argent, n'h\u00e9sitez pas \u00e0 prendre rendez-vous dans l'un de nos nombreux comptoirs.","sameAs":["https:\/\/www.gold.fr"]}]}},"authors":[{"term_id":2565,"user_id":18,"is_guest":0,"slug":"julie","display_name":"Comptoir National de l'Or","avatar_url":"https:\/\/secure.gravatar.com\/avatar\/713f289e398d35ead876c4a4cc08607f0d6d266058cfc25683fffb6092d0e572?s=96&d=mm&r=g","0":null,"1":"","2":"","3":"","4":"","5":"","6":"","7":"","8":""}],"_links":{"self":[{"href":"https:\/\/www.gold.fr\/news\/wp-json\/wp\/v2\/posts\/14739","targetHints":{"allow":["GET"]}}],"collection":[{"href":"https:\/\/www.gold.fr\/news\/wp-json\/wp\/v2\/posts"}],"about":[{"href":"https:\/\/www.gold.fr\/news\/wp-json\/wp\/v2\/types\/post"}],"author":[{"embeddable":true,"href":"https:\/\/www.gold.fr\/news\/wp-json\/wp\/v2\/users\/18"}],"replies":[{"embeddable":true,"href":"https:\/\/www.gold.fr\/news\/wp-json\/wp\/v2\/comments?post=14739"}],"version-history":[{"count":0,"href":"https:\/\/www.gold.fr\/news\/wp-json\/wp\/v2\/posts\/14739\/revisions"}],"wp:featuredmedia":[{"embeddable":true,"href":"https:\/\/www.gold.fr\/news\/wp-json\/wp\/v2\/media\/3775"}],"wp:attachment":[{"href":"https:\/\/www.gold.fr\/news\/wp-json\/wp\/v2\/media?parent=14739"}],"wp:term":[{"taxonomy":"category","embeddable":true,"href":"https:\/\/www.gold.fr\/news\/wp-json\/wp\/v2\/categories?post=14739"},{"taxonomy":"post_tag","embeddable":true,"href":"https:\/\/www.gold.fr\/news\/wp-json\/wp\/v2\/tags?post=14739"},{"taxonomy":"author","embeddable":true,"href":"https:\/\/www.gold.fr\/news\/wp-json\/wp\/v2\/ppma_author?post=14739"}],"curies":[{"name":"wp","href":"https:\/\/api.w.org\/{rel}","templated":true}]}}