{"id":14737,"date":"2014-05-27T17:00:15","date_gmt":"2014-05-27T15:00:15","guid":{"rendered":"https:\/\/www.gold.fr\/news\/?p=14737"},"modified":"2017-11-02T11:39:30","modified_gmt":"2017-11-02T10:39:30","slug":"les-marches-font-un-retour-timide","status":"publish","type":"post","link":"https:\/\/www.gold.fr\/news\/2014\/05\/27\/les-marches-font-un-retour-timide\/","title":{"rendered":"Les march\u00e9s font un retour timide"},"content":{"rendered":"<p><img loading=\"lazy\" decoding=\"async\" class=\"alignleft size-thumbnail wp-image-8820\" title=\"Les march\u00e9s font un retour timide\" src=\"https:\/\/www.gold.fr\/news\/wp-content\/uploads\/2012\/08\/analyse-economique-150x150.jpg\" alt=\"\" width=\"150\" height=\"150\" \/><span style=\"font-size: small;\"><a title=\"Le dollar en \u00ab\u00a0cong\u00e9\u00a0\u00bb ; L\u2019attentisme est de rigueur\" href=\"https:\/\/www.gold.fr\/news\/2014\/05\/26\/le-dollar-en-conge-lattentisme-est-de-rigueur\/14729\/\" target=\"_blank\">Apr\u00e8s un <strong>Memorial Day<\/strong> compl\u00e8tement inactif<\/a>, les bourses am\u00e9ricaines et britanniques effectuent un retour timide, conform\u00e9ment aux pr\u00e9visions des experts. M\u00eame les march\u00e9s europ\u00e9ens ont du mal \u00e0 d\u00e9marrer la semaine, dans un contexte qui encourage peu \u00e0 la sp\u00e9culation, l\u2019investissement ou la prise de risque.<\/span>    <span style=\"font-size: small;\"> Les observateurs notent toutefois une l\u00e9g\u00e8re tendance haussi\u00e8re, tout du moins, sur le march\u00e9 parisien. <strong>La Bourse de Paris<\/strong> a en effet progressivement gagn\u00e9 du terrain et se trouve actuellement \u00ab <em>au plus haut du mois, de l&rsquo;ann\u00e9e et m\u00eame depuis le 2 septembre 2008<\/em> \u00bb, dans la mesure o\u00f9 le <strong>CAC<\/strong> (indice boursier parisien) \u00ab<em> n&rsquo;est d\u00e9sormais plus qu&rsquo;\u00e0 quelques points de ses records de l&rsquo;\u00e9t\u00e9 <strong>2008<\/strong><\/em> \u00bb.<\/span>    <span style=\"font-size: small;\"> Dans l\u2019ensemble, <strong>Barclays Bourse<\/strong> note que \u00ab <em>la tendance de fond reste haussi\u00e8re<\/em> \u00bb, m\u00eame si les op\u00e9rateurs continuent \u00e0 maintenir une humeur lin\u00e9aire et neutre, dans une attitude attentiste qui traduit clairement leur m\u00e9fiance. Une attitude qui demeure surtout naturelle, puisque une nouvelle vague de r\u00e9sultats et rapports officiels est attendue, d\u2019ici la fin de la semaine, en provenance de plusieurs d\u00e9partements \u00e9conomiques US, relatifs notamment aux commandes de biens durables, la confiance des consommateurs du <strong>Conference Board<\/strong> et l&rsquo;indice <strong>Case-Shiller<\/strong> du prix des maisons.<\/span>    <span style=\"font-size: small;\"> La rive europ\u00e9enne est \u00e9galement \u00e0 surveiller de pr\u00e8s, avec les commentaires tr\u00e8s attendus des dirigeants du vieux continent (r\u00e9unis \u00e0 <strong>Bruxelles<\/strong>) concernant les r\u00e9sultats des \u00e9lections d\u00e9roul\u00e9es le week-end dernier.<\/span><\/p>\n<!-- AddThis Advanced Settings generic via filter on the_content --><!-- AddThis Share Buttons generic via filter on the_content -->","protected":false},"excerpt":{"rendered":"<p>Apr\u00e8s un Memorial Day compl\u00e8tement inactif, les bourses am\u00e9ricaines et britanniques effectuent un retour timide, conform\u00e9ment aux pr\u00e9visions des experts. M\u00eame les march\u00e9s europ\u00e9ens ont du mal \u00e0 d\u00e9marrer la semaine, dans un contexte qui encourage [&hellip;]<\/p>\n","protected":false},"author":18,"featured_media":8820,"comment_status":"open","ping_status":"open","sticky":false,"template":"","format":"standard","meta":{"_mbp_gutenberg_autopost":false,"_pgmb_is_evergreen":false,"_pgmb_ap_template_id":0,"footnotes":""},"categories":[6],"tags":[1188,1649,1855],"ppma_author":[2565],"class_list":["post-14737","post","type-post","status-publish","format-standard","has-post-thumbnail","hentry","category-articles-de-presse","tag-bourse","tag-marches","tag-memorial-day"],"yoast_head":"<!-- This site is optimized with the Yoast SEO plugin v27.5 - https:\/\/yoast.com\/product\/yoast-seo-wordpress\/ -->\n<title>Les march\u00e9s font un retour timide - Gold.fr<\/title>\n<meta name=\"robots\" content=\"index, follow, max-snippet:-1, max-image-preview:large, max-video-preview:-1\" \/>\n<link rel=\"canonical\" href=\"https:\/\/www.gold.fr\/news\/2014\/05\/27\/les-marches-font-un-retour-timide\/\" \/>\n<meta property=\"og:locale\" content=\"fr_FR\" \/>\n<meta property=\"og:type\" content=\"article\" \/>\n<meta property=\"og:title\" content=\"Les march\u00e9s font un retour timide - Gold.fr\" \/>\n<meta property=\"og:description\" content=\"Apr\u00e8s un Memorial Day compl\u00e8tement inactif, les bourses am\u00e9ricaines et britanniques effectuent un retour timide, conform\u00e9ment aux pr\u00e9visions des experts. M\u00eame les march\u00e9s europ\u00e9ens ont du mal \u00e0 d\u00e9marrer la semaine, dans un contexte qui encourage [&hellip;]\" \/>\n<meta property=\"og:url\" content=\"https:\/\/www.gold.fr\/news\/2014\/05\/27\/les-marches-font-un-retour-timide\/\" \/>\n<meta property=\"og:site_name\" content=\"Gold.fr\" \/>\n<meta property=\"article:publisher\" content=\"https:\/\/www.facebook.com\/Goldfr\/\" \/>\n<meta property=\"article:published_time\" content=\"2014-05-27T15:00:15+00:00\" \/>\n<meta property=\"article:modified_time\" content=\"2017-11-02T10:39:30+00:00\" \/>\n<meta property=\"og:image\" content=\"https:\/\/www.gold.fr\/news\/wp-content\/uploads\/2012\/08\/analyse-economique.jpg\" \/>\n\t<meta property=\"og:image:width\" content=\"600\" \/>\n\t<meta property=\"og:image:height\" content=\"401\" \/>\n\t<meta property=\"og:image:type\" content=\"image\/jpeg\" \/>\n<meta name=\"author\" content=\"Comptoir National de l&#039;Or\" \/>\n<meta name=\"twitter:card\" content=\"summary_large_image\" \/>\n<meta name=\"twitter:label1\" content=\"\u00c9crit par\" \/>\n\t<meta name=\"twitter:data1\" content=\"Comptoir National de l&#039;Or\" \/>\n\t<meta name=\"twitter:label2\" content=\"Dur\u00e9e de lecture estim\u00e9e\" \/>\n\t<meta name=\"twitter:data2\" content=\"1 minute\" \/>\n<script type=\"application\/ld+json\" class=\"yoast-schema-graph\">{\"@context\":\"https:\\\/\\\/schema.org\",\"@graph\":[{\"@type\":\"Article\",\"@id\":\"https:\\\/\\\/www.gold.fr\\\/news\\\/2014\\\/05\\\/27\\\/les-marches-font-un-retour-timide\\\/#article\",\"isPartOf\":{\"@id\":\"https:\\\/\\\/www.gold.fr\\\/news\\\/2014\\\/05\\\/27\\\/les-marches-font-un-retour-timide\\\/\"},\"author\":{\"name\":\"Comptoir National de l'Or\",\"@id\":\"https:\\\/\\\/www.gold.fr\\\/news\\\/#\\\/schema\\\/person\\\/070491b4b4fb7671bf59b3be20302ce9\"},\"headline\":\"Les march\u00e9s font un retour timide\",\"datePublished\":\"2014-05-27T15:00:15+00:00\",\"dateModified\":\"2017-11-02T10:39:30+00:00\",\"mainEntityOfPage\":{\"@id\":\"https:\\\/\\\/www.gold.fr\\\/news\\\/2014\\\/05\\\/27\\\/les-marches-font-un-retour-timide\\\/\"},\"wordCount\":262,\"commentCount\":0,\"image\":{\"@id\":\"https:\\\/\\\/www.gold.fr\\\/news\\\/2014\\\/05\\\/27\\\/les-marches-font-un-retour-timide\\\/#primaryimage\"},\"thumbnailUrl\":\"https:\\\/\\\/www.gold.fr\\\/news\\\/wp-content\\\/uploads\\\/2012\\\/08\\\/analyse-economique.jpg\",\"keywords\":[\"bourse\",\"march\u00e9s\",\"Memorial Day\"],\"articleSection\":[\"Articles de presse\"],\"inLanguage\":\"fr-FR\"},{\"@type\":\"WebPage\",\"@id\":\"https:\\\/\\\/www.gold.fr\\\/news\\\/2014\\\/05\\\/27\\\/les-marches-font-un-retour-timide\\\/\",\"url\":\"https:\\\/\\\/www.gold.fr\\\/news\\\/2014\\\/05\\\/27\\\/les-marches-font-un-retour-timide\\\/\",\"name\":\"Les march\u00e9s font un retour timide - Gold.fr\",\"isPartOf\":{\"@id\":\"https:\\\/\\\/www.gold.fr\\\/news\\\/#website\"},\"primaryImageOfPage\":{\"@id\":\"https:\\\/\\\/www.gold.fr\\\/news\\\/2014\\\/05\\\/27\\\/les-marches-font-un-retour-timide\\\/#primaryimage\"},\"image\":{\"@id\":\"https:\\\/\\\/www.gold.fr\\\/news\\\/2014\\\/05\\\/27\\\/les-marches-font-un-retour-timide\\\/#primaryimage\"},\"thumbnailUrl\":\"https:\\\/\\\/www.gold.fr\\\/news\\\/wp-content\\\/uploads\\\/2012\\\/08\\\/analyse-economique.jpg\",\"datePublished\":\"2014-05-27T15:00:15+00:00\",\"dateModified\":\"2017-11-02T10:39:30+00:00\",\"author\":{\"@id\":\"https:\\\/\\\/www.gold.fr\\\/news\\\/#\\\/schema\\\/person\\\/070491b4b4fb7671bf59b3be20302ce9\"},\"breadcrumb\":{\"@id\":\"https:\\\/\\\/www.gold.fr\\\/news\\\/2014\\\/05\\\/27\\\/les-marches-font-un-retour-timide\\\/#breadcrumb\"},\"inLanguage\":\"fr-FR\",\"potentialAction\":[{\"@type\":\"ReadAction\",\"target\":[\"https:\\\/\\\/www.gold.fr\\\/news\\\/2014\\\/05\\\/27\\\/les-marches-font-un-retour-timide\\\/\"]}]},{\"@type\":\"ImageObject\",\"inLanguage\":\"fr-FR\",\"@id\":\"https:\\\/\\\/www.gold.fr\\\/news\\\/2014\\\/05\\\/27\\\/les-marches-font-un-retour-timide\\\/#primaryimage\",\"url\":\"https:\\\/\\\/www.gold.fr\\\/news\\\/wp-content\\\/uploads\\\/2012\\\/08\\\/analyse-economique.jpg\",\"contentUrl\":\"https:\\\/\\\/www.gold.fr\\\/news\\\/wp-content\\\/uploads\\\/2012\\\/08\\\/analyse-economique.jpg\",\"width\":\"600\",\"height\":\"401\",\"caption\":\"Apple Watch : Nouveau tremplin haussier pour l\u2019or ?\"},{\"@type\":\"BreadcrumbList\",\"@id\":\"https:\\\/\\\/www.gold.fr\\\/news\\\/2014\\\/05\\\/27\\\/les-marches-font-un-retour-timide\\\/#breadcrumb\",\"itemListElement\":[{\"@type\":\"ListItem\",\"position\":1,\"name\":\"Accueil\",\"item\":\"https:\\\/\\\/www.gold.fr\\\/\"},{\"@type\":\"ListItem\",\"position\":2,\"name\":\"Actualit\u00e9s\",\"item\":\"https:\\\/\\\/www.gold.fr\\\/news\\\/\"},{\"@type\":\"ListItem\",\"position\":3,\"name\":\"Les march\u00e9s font un retour timide\"}]},{\"@type\":\"WebSite\",\"@id\":\"https:\\\/\\\/www.gold.fr\\\/news\\\/#website\",\"url\":\"https:\\\/\\\/www.gold.fr\\\/news\\\/\",\"name\":\"Gold.fr\",\"description\":\"Actualit\u00e9s de l&#039;Or et des m\u00e9taux pr\u00e9cieux\",\"potentialAction\":[{\"@type\":\"SearchAction\",\"target\":{\"@type\":\"EntryPoint\",\"urlTemplate\":\"https:\\\/\\\/www.gold.fr\\\/news\\\/?s={search_term_string}\"},\"query-input\":{\"@type\":\"PropertyValueSpecification\",\"valueRequired\":true,\"valueName\":\"search_term_string\"}}],\"inLanguage\":\"fr-FR\"},{\"@type\":\"Person\",\"@id\":\"https:\\\/\\\/www.gold.fr\\\/news\\\/#\\\/schema\\\/person\\\/070491b4b4fb7671bf59b3be20302ce9\",\"name\":\"Comptoir National de l'Or\",\"image\":{\"@type\":\"ImageObject\",\"inLanguage\":\"fr-FR\",\"@id\":\"https:\\\/\\\/secure.gravatar.com\\\/avatar\\\/0a2867fd5abe37bed95d5a65e9d58f01756e11efc68af9888dfc50cfa7f65948?s=96&d=mm&r=gb490554db0a38188709de567aa58480d\",\"url\":\"https:\\\/\\\/secure.gravatar.com\\\/avatar\\\/0a2867fd5abe37bed95d5a65e9d58f01756e11efc68af9888dfc50cfa7f65948?s=96&d=mm&r=g\",\"contentUrl\":\"https:\\\/\\\/secure.gravatar.com\\\/avatar\\\/0a2867fd5abe37bed95d5a65e9d58f01756e11efc68af9888dfc50cfa7f65948?s=96&d=mm&r=g\",\"caption\":\"Comptoir National de l'Or\"},\"description\":\"Notre r\u00e9daction est constitu\u00e9e de membres experts dans les m\u00e9tiers de l'\u00e9conomie et la gestion, des Responsables d'agence Comptoir National de l'Or, des analystes financiers qui publient r\u00e9guli\u00e8rement des \u00e9tudes sur les politiques des banques centrales, le cours de l'or, prix de l'or, cours de l'argent, prix de l'argent, cours du platine, cours du palladium,... la situation en zone euro et l'impact de la strat\u00e9gie mon\u00e9taire de la FED. Notre \u00e9quipe scrute \u00e9galement une information plus g\u00e9n\u00e9raliste \u00e0 la recherche d'actualit\u00e9 \\\"p\u00e9pite\\\" \u00e0 vous partager. Depuis 5 ans, nous avons publi\u00e9 un peu plus de 4000 articles qui s'adressent \u00e0 un public large et vari\u00e9 ayant pour objectif de satisfaire votre curiosit\u00e9 et de partager avec vous une certaine fascination pour le m\u00e9tal jaune, le rachat d'or, et pour ceux qui veulent investir dans l'or, vendre leur or tout simplement en savoir plus... Pour tous vos achat or et argent, n'h\u00e9sitez pas \u00e0 prendre rendez-vous dans l'un de nos nombreux comptoirs.\",\"sameAs\":[\"https:\\\/\\\/www.gold.fr\"]}]}<\/script>\n<!-- \/ Yoast SEO plugin. -->","yoast_head_json":{"title":"Les march\u00e9s font un retour timide - Gold.fr","robots":{"index":"index","follow":"follow","max-snippet":"max-snippet:-1","max-image-preview":"max-image-preview:large","max-video-preview":"max-video-preview:-1"},"canonical":"https:\/\/www.gold.fr\/news\/2014\/05\/27\/les-marches-font-un-retour-timide\/","og_locale":"fr_FR","og_type":"article","og_title":"Les march\u00e9s font un retour timide - Gold.fr","og_description":"Apr\u00e8s un Memorial Day compl\u00e8tement inactif, les bourses am\u00e9ricaines et britanniques effectuent un retour timide, conform\u00e9ment aux pr\u00e9visions des experts. M\u00eame les march\u00e9s europ\u00e9ens ont du mal \u00e0 d\u00e9marrer la semaine, dans un contexte qui encourage [&hellip;]","og_url":"https:\/\/www.gold.fr\/news\/2014\/05\/27\/les-marches-font-un-retour-timide\/","og_site_name":"Gold.fr","article_publisher":"https:\/\/www.facebook.com\/Goldfr\/","article_published_time":"2014-05-27T15:00:15+00:00","article_modified_time":"2017-11-02T10:39:30+00:00","og_image":[{"width":600,"height":401,"url":"https:\/\/www.gold.fr\/news\/wp-content\/uploads\/2012\/08\/analyse-economique.jpg","type":"image\/jpeg"}],"author":"Comptoir National de l'Or","twitter_card":"summary_large_image","twitter_misc":{"\u00c9crit par":"Comptoir National de l'Or","Dur\u00e9e de lecture estim\u00e9e":"1 minute"},"schema":{"@context":"https:\/\/schema.org","@graph":[{"@type":"Article","@id":"https:\/\/www.gold.fr\/news\/2014\/05\/27\/les-marches-font-un-retour-timide\/#article","isPartOf":{"@id":"https:\/\/www.gold.fr\/news\/2014\/05\/27\/les-marches-font-un-retour-timide\/"},"author":{"name":"Comptoir National de l'Or","@id":"https:\/\/www.gold.fr\/news\/#\/schema\/person\/070491b4b4fb7671bf59b3be20302ce9"},"headline":"Les march\u00e9s font un retour timide","datePublished":"2014-05-27T15:00:15+00:00","dateModified":"2017-11-02T10:39:30+00:00","mainEntityOfPage":{"@id":"https:\/\/www.gold.fr\/news\/2014\/05\/27\/les-marches-font-un-retour-timide\/"},"wordCount":262,"commentCount":0,"image":{"@id":"https:\/\/www.gold.fr\/news\/2014\/05\/27\/les-marches-font-un-retour-timide\/#primaryimage"},"thumbnailUrl":"https:\/\/www.gold.fr\/news\/wp-content\/uploads\/2012\/08\/analyse-economique.jpg","keywords":["bourse","march\u00e9s","Memorial Day"],"articleSection":["Articles de presse"],"inLanguage":"fr-FR"},{"@type":"WebPage","@id":"https:\/\/www.gold.fr\/news\/2014\/05\/27\/les-marches-font-un-retour-timide\/","url":"https:\/\/www.gold.fr\/news\/2014\/05\/27\/les-marches-font-un-retour-timide\/","name":"Les march\u00e9s font un retour timide - Gold.fr","isPartOf":{"@id":"https:\/\/www.gold.fr\/news\/#website"},"primaryImageOfPage":{"@id":"https:\/\/www.gold.fr\/news\/2014\/05\/27\/les-marches-font-un-retour-timide\/#primaryimage"},"image":{"@id":"https:\/\/www.gold.fr\/news\/2014\/05\/27\/les-marches-font-un-retour-timide\/#primaryimage"},"thumbnailUrl":"https:\/\/www.gold.fr\/news\/wp-content\/uploads\/2012\/08\/analyse-economique.jpg","datePublished":"2014-05-27T15:00:15+00:00","dateModified":"2017-11-02T10:39:30+00:00","author":{"@id":"https:\/\/www.gold.fr\/news\/#\/schema\/person\/070491b4b4fb7671bf59b3be20302ce9"},"breadcrumb":{"@id":"https:\/\/www.gold.fr\/news\/2014\/05\/27\/les-marches-font-un-retour-timide\/#breadcrumb"},"inLanguage":"fr-FR","potentialAction":[{"@type":"ReadAction","target":["https:\/\/www.gold.fr\/news\/2014\/05\/27\/les-marches-font-un-retour-timide\/"]}]},{"@type":"ImageObject","inLanguage":"fr-FR","@id":"https:\/\/www.gold.fr\/news\/2014\/05\/27\/les-marches-font-un-retour-timide\/#primaryimage","url":"https:\/\/www.gold.fr\/news\/wp-content\/uploads\/2012\/08\/analyse-economique.jpg","contentUrl":"https:\/\/www.gold.fr\/news\/wp-content\/uploads\/2012\/08\/analyse-economique.jpg","width":"600","height":"401","caption":"Apple Watch : Nouveau tremplin haussier pour l\u2019or ?"},{"@type":"BreadcrumbList","@id":"https:\/\/www.gold.fr\/news\/2014\/05\/27\/les-marches-font-un-retour-timide\/#breadcrumb","itemListElement":[{"@type":"ListItem","position":1,"name":"Accueil","item":"https:\/\/www.gold.fr\/"},{"@type":"ListItem","position":2,"name":"Actualit\u00e9s","item":"https:\/\/www.gold.fr\/news\/"},{"@type":"ListItem","position":3,"name":"Les march\u00e9s font un retour timide"}]},{"@type":"WebSite","@id":"https:\/\/www.gold.fr\/news\/#website","url":"https:\/\/www.gold.fr\/news\/","name":"Gold.fr","description":"Actualit\u00e9s de l&#039;Or et des m\u00e9taux pr\u00e9cieux","potentialAction":[{"@type":"SearchAction","target":{"@type":"EntryPoint","urlTemplate":"https:\/\/www.gold.fr\/news\/?s={search_term_string}"},"query-input":{"@type":"PropertyValueSpecification","valueRequired":true,"valueName":"search_term_string"}}],"inLanguage":"fr-FR"},{"@type":"Person","@id":"https:\/\/www.gold.fr\/news\/#\/schema\/person\/070491b4b4fb7671bf59b3be20302ce9","name":"Comptoir National de l'Or","image":{"@type":"ImageObject","inLanguage":"fr-FR","@id":"https:\/\/secure.gravatar.com\/avatar\/0a2867fd5abe37bed95d5a65e9d58f01756e11efc68af9888dfc50cfa7f65948?s=96&d=mm&r=gb490554db0a38188709de567aa58480d","url":"https:\/\/secure.gravatar.com\/avatar\/0a2867fd5abe37bed95d5a65e9d58f01756e11efc68af9888dfc50cfa7f65948?s=96&d=mm&r=g","contentUrl":"https:\/\/secure.gravatar.com\/avatar\/0a2867fd5abe37bed95d5a65e9d58f01756e11efc68af9888dfc50cfa7f65948?s=96&d=mm&r=g","caption":"Comptoir National de l'Or"},"description":"Notre r\u00e9daction est constitu\u00e9e de membres experts dans les m\u00e9tiers de l'\u00e9conomie et la gestion, des Responsables d'agence Comptoir National de l'Or, des analystes financiers qui publient r\u00e9guli\u00e8rement des \u00e9tudes sur les politiques des banques centrales, le cours de l'or, prix de l'or, cours de l'argent, prix de l'argent, cours du platine, cours du palladium,... la situation en zone euro et l'impact de la strat\u00e9gie mon\u00e9taire de la FED. Notre \u00e9quipe scrute \u00e9galement une information plus g\u00e9n\u00e9raliste \u00e0 la recherche d'actualit\u00e9 \"p\u00e9pite\" \u00e0 vous partager. Depuis 5 ans, nous avons publi\u00e9 un peu plus de 4000 articles qui s'adressent \u00e0 un public large et vari\u00e9 ayant pour objectif de satisfaire votre curiosit\u00e9 et de partager avec vous une certaine fascination pour le m\u00e9tal jaune, le rachat d'or, et pour ceux qui veulent investir dans l'or, vendre leur or tout simplement en savoir plus... Pour tous vos achat or et argent, n'h\u00e9sitez pas \u00e0 prendre rendez-vous dans l'un de nos nombreux comptoirs.","sameAs":["https:\/\/www.gold.fr"]}]}},"authors":[{"term_id":2565,"user_id":18,"is_guest":0,"slug":"julie","display_name":"Comptoir National de l'Or","avatar_url":"https:\/\/secure.gravatar.com\/avatar\/713f289e398d35ead876c4a4cc08607f0d6d266058cfc25683fffb6092d0e572?s=96&d=mm&r=g","0":null,"1":"","2":"","3":"","4":"","5":"","6":"","7":"","8":""}],"_links":{"self":[{"href":"https:\/\/www.gold.fr\/news\/wp-json\/wp\/v2\/posts\/14737","targetHints":{"allow":["GET"]}}],"collection":[{"href":"https:\/\/www.gold.fr\/news\/wp-json\/wp\/v2\/posts"}],"about":[{"href":"https:\/\/www.gold.fr\/news\/wp-json\/wp\/v2\/types\/post"}],"author":[{"embeddable":true,"href":"https:\/\/www.gold.fr\/news\/wp-json\/wp\/v2\/users\/18"}],"replies":[{"embeddable":true,"href":"https:\/\/www.gold.fr\/news\/wp-json\/wp\/v2\/comments?post=14737"}],"version-history":[{"count":0,"href":"https:\/\/www.gold.fr\/news\/wp-json\/wp\/v2\/posts\/14737\/revisions"}],"wp:featuredmedia":[{"embeddable":true,"href":"https:\/\/www.gold.fr\/news\/wp-json\/wp\/v2\/media\/8820"}],"wp:attachment":[{"href":"https:\/\/www.gold.fr\/news\/wp-json\/wp\/v2\/media?parent=14737"}],"wp:term":[{"taxonomy":"category","embeddable":true,"href":"https:\/\/www.gold.fr\/news\/wp-json\/wp\/v2\/categories?post=14737"},{"taxonomy":"post_tag","embeddable":true,"href":"https:\/\/www.gold.fr\/news\/wp-json\/wp\/v2\/tags?post=14737"},{"taxonomy":"author","embeddable":true,"href":"https:\/\/www.gold.fr\/news\/wp-json\/wp\/v2\/ppma_author?post=14737"}],"curies":[{"name":"wp","href":"https:\/\/api.w.org\/{rel}","templated":true}]}}