{"id":14585,"date":"2014-05-06T09:00:37","date_gmt":"2014-05-06T07:00:37","guid":{"rendered":"https:\/\/www.gold.fr\/news\/?p=14585"},"modified":"2017-11-02T11:31:54","modified_gmt":"2017-11-02T10:31:54","slug":"bce-et-ukraine-tirent-les-marches-vers-le-bas","status":"publish","type":"post","link":"https:\/\/www.gold.fr\/news\/2014\/05\/06\/bce-et-ukraine-tirent-les-marches-vers-le-bas\/","title":{"rendered":"BCE et Ukraine tirent les march\u00e9s vers le bas"},"content":{"rendered":"<p><img loading=\"lazy\" decoding=\"async\" class=\"alignleft size-thumbnail wp-image-11394\" title=\"BCE et Ukraine tirent les march\u00e9s vers le bas\" src=\"https:\/\/www.gold.fr\/news\/wp-content\/uploads\/2013\/04\/piece-or-balance-150x150.jpg\" alt=\"\" width=\"150\" height=\"150\" \/><span style=\"font-size: small;\"><a title=\"Des march\u00e9s qui \u00e9voluent \u00e0 contre-courant\" href=\"https:\/\/www.gold.fr\/news\/2014\/05\/02\/des-marches-qui-evoluent-a-contre-courant\/14566\/\" target=\"_blank\">Apr\u00e8s une fin de semaine euphorique<\/a>, et une ouverture tout aussi enjou\u00e9e, en d\u00e9but de s\u00e9ance, lundi, il semblerait que l&rsquo;ombre des menaces \u00e9conomiques et g\u00e9opolitiques soit \u00e0 nouveau en train de rattraper les march\u00e9s financiers. Les principales places boursi\u00e8res mondiales affichent, en ce d\u00e9but de semaine, une mine de plus en plus grise, sur fond d&rsquo;attentisme <strong>BCE<\/strong> et de retour de tensions ukrainiennes.<\/span>    <span style=\"font-size: small;\"> Pour <strong>Christopher Dembik<\/strong>, analyste financier chez <strong>Saxo Banque<\/strong>, \u00ab <em>trois facteurs influencent essentiellement les \u00e9changes \u00e0 la Bourse de Paris en ce d\u00e9but de semaine : les faibles volumes du fait des nombreux jours f\u00e9ri\u00e9s en mai, les prises de b\u00e9n\u00e9fices apr\u00e8s les points hauts atteints par de nombreux indices, et enfin l&rsquo;attentisme habituel li\u00e9 \u00e0 la BCE<\/em> \u00bb. Pour l&rsquo;expert, les op\u00e9rateurs portent leur choix, sans surprise, sur la m\u00e9fiance attentiste, \u00e0 la veille de la r\u00e9union du Conseil des gouverneurs dont on conna\u00eetra les premi\u00e8res conclusions au terme de la semaine. <strong>Dembik<\/strong> estime que \u00ab<em> bien qu&rsquo;elle ne doive pas aboutir \u00e0 de nouvelles mesures concr\u00e8tes, le march\u00e9 pr\u00e9f\u00e8re ne pas prendre de risques inutiles en cette p\u00e9riode<\/em> \u00bb.<\/span>    <span style=\"font-size: small;\"> C\u00f4t\u00e9 inqui\u00e9tudes g\u00e9opolitiques, l&rsquo;Ukraine tient encore haut cette barre, avec des perturbations et des manifestations de violence de plus en plus fr\u00e9quentes. De quoi plonger le pays davantage dans le chaos. D&rsquo;apr\u00e8s <strong>Daniel Gravier<\/strong>, directeur g\u00e9n\u00e9ral de <strong>XTB France<\/strong>, \u00ab <em>\u00e0 mesure que le pays s&rsquo;enfonce dans le chaos politique et dans la confusion autour d&rsquo;une possible scission de certaines r\u00e9gions de l&rsquo;est ukrainien, le FMI se <a href='https:\/\/www.gold.fr\/news\/tags\/bijoux-or' class='esk-seo-plu-link'>montre<\/a> de plus en plus prudent quant \u00e0 son intervention financi\u00e8re<\/em> \u00bb.<\/span><\/p>\n<!-- AddThis Advanced Settings generic via filter on the_content --><!-- AddThis Share Buttons generic via filter on the_content -->","protected":false},"excerpt":{"rendered":"<p>Apr\u00e8s une fin de semaine euphorique, et une ouverture tout aussi enjou\u00e9e, en d\u00e9but de s\u00e9ance, lundi, il semblerait que l&rsquo;ombre des menaces \u00e9conomiques et g\u00e9opolitiques soit \u00e0 nouveau en train de rattraper les march\u00e9s financiers. [&hellip;]<\/p>\n","protected":false},"author":18,"featured_media":11394,"comment_status":"open","ping_status":"open","sticky":false,"template":"","format":"standard","meta":{"_mbp_gutenberg_autopost":false,"_pgmb_is_evergreen":false,"_pgmb_ap_template_id":0,"footnotes":""},"categories":[6],"tags":[143,1000,1649,1233],"ppma_author":[2565],"class_list":["post-14585","post","type-post","status-publish","format-standard","has-post-thumbnail","hentry","category-articles-de-presse","tag-bce","tag-economie","tag-marches","tag-ukraine"],"yoast_head":"<!-- This site is optimized with the Yoast SEO plugin v27.5 - https:\/\/yoast.com\/product\/yoast-seo-wordpress\/ -->\n<title>BCE et Ukraine tirent les march\u00e9s vers le bas - Gold.fr<\/title>\n<meta name=\"robots\" content=\"index, follow, max-snippet:-1, max-image-preview:large, max-video-preview:-1\" \/>\n<link rel=\"canonical\" href=\"https:\/\/www.gold.fr\/news\/2014\/05\/06\/bce-et-ukraine-tirent-les-marches-vers-le-bas\/\" \/>\n<meta property=\"og:locale\" content=\"fr_FR\" \/>\n<meta property=\"og:type\" content=\"article\" \/>\n<meta property=\"og:title\" content=\"BCE et Ukraine tirent les march\u00e9s vers le bas - Gold.fr\" \/>\n<meta property=\"og:description\" content=\"Apr\u00e8s une fin de semaine euphorique, et une ouverture tout aussi enjou\u00e9e, en d\u00e9but de s\u00e9ance, lundi, il semblerait que l&rsquo;ombre des menaces \u00e9conomiques et g\u00e9opolitiques soit \u00e0 nouveau en train de rattraper les march\u00e9s financiers. [&hellip;]\" \/>\n<meta property=\"og:url\" content=\"https:\/\/www.gold.fr\/news\/2014\/05\/06\/bce-et-ukraine-tirent-les-marches-vers-le-bas\/\" \/>\n<meta property=\"og:site_name\" content=\"Gold.fr\" \/>\n<meta property=\"article:publisher\" content=\"https:\/\/www.facebook.com\/Goldfr\/\" \/>\n<meta property=\"article:published_time\" content=\"2014-05-06T07:00:37+00:00\" \/>\n<meta property=\"article:modified_time\" content=\"2017-11-02T10:31:54+00:00\" \/>\n<meta property=\"og:image\" content=\"https:\/\/www.gold.fr\/news\/wp-content\/uploads\/2013\/04\/piece-or-balance.jpg\" \/>\n\t<meta property=\"og:image:width\" content=\"600\" \/>\n\t<meta property=\"og:image:height\" content=\"441\" \/>\n\t<meta property=\"og:image:type\" content=\"image\/jpeg\" \/>\n<meta name=\"author\" content=\"Comptoir National de l&#039;Or\" \/>\n<meta name=\"twitter:card\" content=\"summary_large_image\" \/>\n<meta name=\"twitter:label1\" content=\"\u00c9crit par\" \/>\n\t<meta name=\"twitter:data1\" content=\"Comptoir National de l&#039;Or\" \/>\n\t<meta name=\"twitter:label2\" content=\"Dur\u00e9e de lecture estim\u00e9e\" \/>\n\t<meta name=\"twitter:data2\" content=\"1 minute\" \/>\n<script type=\"application\/ld+json\" class=\"yoast-schema-graph\">{\"@context\":\"https:\\\/\\\/schema.org\",\"@graph\":[{\"@type\":\"Article\",\"@id\":\"https:\\\/\\\/www.gold.fr\\\/news\\\/2014\\\/05\\\/06\\\/bce-et-ukraine-tirent-les-marches-vers-le-bas\\\/#article\",\"isPartOf\":{\"@id\":\"https:\\\/\\\/www.gold.fr\\\/news\\\/2014\\\/05\\\/06\\\/bce-et-ukraine-tirent-les-marches-vers-le-bas\\\/\"},\"author\":{\"name\":\"Comptoir National de l'Or\",\"@id\":\"https:\\\/\\\/www.gold.fr\\\/news\\\/#\\\/schema\\\/person\\\/070491b4b4fb7671bf59b3be20302ce9\"},\"headline\":\"BCE et Ukraine tirent les march\u00e9s vers le bas\",\"datePublished\":\"2014-05-06T07:00:37+00:00\",\"dateModified\":\"2017-11-02T10:31:54+00:00\",\"mainEntityOfPage\":{\"@id\":\"https:\\\/\\\/www.gold.fr\\\/news\\\/2014\\\/05\\\/06\\\/bce-et-ukraine-tirent-les-marches-vers-le-bas\\\/\"},\"wordCount\":302,\"commentCount\":0,\"image\":{\"@id\":\"https:\\\/\\\/www.gold.fr\\\/news\\\/2014\\\/05\\\/06\\\/bce-et-ukraine-tirent-les-marches-vers-le-bas\\\/#primaryimage\"},\"thumbnailUrl\":\"https:\\\/\\\/www.gold.fr\\\/news\\\/wp-content\\\/uploads\\\/2013\\\/04\\\/piece-or-balance.jpg\",\"keywords\":[\"bce\",\"\u00e9conomie\",\"march\u00e9s\",\"Ukraine\"],\"articleSection\":[\"Articles de presse\"],\"inLanguage\":\"fr-FR\"},{\"@type\":\"WebPage\",\"@id\":\"https:\\\/\\\/www.gold.fr\\\/news\\\/2014\\\/05\\\/06\\\/bce-et-ukraine-tirent-les-marches-vers-le-bas\\\/\",\"url\":\"https:\\\/\\\/www.gold.fr\\\/news\\\/2014\\\/05\\\/06\\\/bce-et-ukraine-tirent-les-marches-vers-le-bas\\\/\",\"name\":\"BCE et Ukraine tirent les march\u00e9s vers le bas - Gold.fr\",\"isPartOf\":{\"@id\":\"https:\\\/\\\/www.gold.fr\\\/news\\\/#website\"},\"primaryImageOfPage\":{\"@id\":\"https:\\\/\\\/www.gold.fr\\\/news\\\/2014\\\/05\\\/06\\\/bce-et-ukraine-tirent-les-marches-vers-le-bas\\\/#primaryimage\"},\"image\":{\"@id\":\"https:\\\/\\\/www.gold.fr\\\/news\\\/2014\\\/05\\\/06\\\/bce-et-ukraine-tirent-les-marches-vers-le-bas\\\/#primaryimage\"},\"thumbnailUrl\":\"https:\\\/\\\/www.gold.fr\\\/news\\\/wp-content\\\/uploads\\\/2013\\\/04\\\/piece-or-balance.jpg\",\"datePublished\":\"2014-05-06T07:00:37+00:00\",\"dateModified\":\"2017-11-02T10:31:54+00:00\",\"author\":{\"@id\":\"https:\\\/\\\/www.gold.fr\\\/news\\\/#\\\/schema\\\/person\\\/070491b4b4fb7671bf59b3be20302ce9\"},\"breadcrumb\":{\"@id\":\"https:\\\/\\\/www.gold.fr\\\/news\\\/2014\\\/05\\\/06\\\/bce-et-ukraine-tirent-les-marches-vers-le-bas\\\/#breadcrumb\"},\"inLanguage\":\"fr-FR\",\"potentialAction\":[{\"@type\":\"ReadAction\",\"target\":[\"https:\\\/\\\/www.gold.fr\\\/news\\\/2014\\\/05\\\/06\\\/bce-et-ukraine-tirent-les-marches-vers-le-bas\\\/\"]}]},{\"@type\":\"ImageObject\",\"inLanguage\":\"fr-FR\",\"@id\":\"https:\\\/\\\/www.gold.fr\\\/news\\\/2014\\\/05\\\/06\\\/bce-et-ukraine-tirent-les-marches-vers-le-bas\\\/#primaryimage\",\"url\":\"https:\\\/\\\/www.gold.fr\\\/news\\\/wp-content\\\/uploads\\\/2013\\\/04\\\/piece-or-balance.jpg\",\"contentUrl\":\"https:\\\/\\\/www.gold.fr\\\/news\\\/wp-content\\\/uploads\\\/2013\\\/04\\\/piece-or-balance.jpg\",\"width\":\"600\",\"height\":\"441\",\"caption\":\"L\u2019once en \u00e9quilibre suite \u00e0 la publication du rapport de la Fed\"},{\"@type\":\"BreadcrumbList\",\"@id\":\"https:\\\/\\\/www.gold.fr\\\/news\\\/2014\\\/05\\\/06\\\/bce-et-ukraine-tirent-les-marches-vers-le-bas\\\/#breadcrumb\",\"itemListElement\":[{\"@type\":\"ListItem\",\"position\":1,\"name\":\"Accueil\",\"item\":\"https:\\\/\\\/www.gold.fr\\\/\"},{\"@type\":\"ListItem\",\"position\":2,\"name\":\"Actualit\u00e9s\",\"item\":\"https:\\\/\\\/www.gold.fr\\\/news\\\/\"},{\"@type\":\"ListItem\",\"position\":3,\"name\":\"BCE et Ukraine tirent les march\u00e9s vers le bas\"}]},{\"@type\":\"WebSite\",\"@id\":\"https:\\\/\\\/www.gold.fr\\\/news\\\/#website\",\"url\":\"https:\\\/\\\/www.gold.fr\\\/news\\\/\",\"name\":\"Gold.fr\",\"description\":\"Actualit\u00e9s de l&#039;Or et des m\u00e9taux pr\u00e9cieux\",\"potentialAction\":[{\"@type\":\"SearchAction\",\"target\":{\"@type\":\"EntryPoint\",\"urlTemplate\":\"https:\\\/\\\/www.gold.fr\\\/news\\\/?s={search_term_string}\"},\"query-input\":{\"@type\":\"PropertyValueSpecification\",\"valueRequired\":true,\"valueName\":\"search_term_string\"}}],\"inLanguage\":\"fr-FR\"},{\"@type\":\"Person\",\"@id\":\"https:\\\/\\\/www.gold.fr\\\/news\\\/#\\\/schema\\\/person\\\/070491b4b4fb7671bf59b3be20302ce9\",\"name\":\"Comptoir National de l'Or\",\"image\":{\"@type\":\"ImageObject\",\"inLanguage\":\"fr-FR\",\"@id\":\"https:\\\/\\\/secure.gravatar.com\\\/avatar\\\/0a2867fd5abe37bed95d5a65e9d58f01756e11efc68af9888dfc50cfa7f65948?s=96&d=mm&r=gb490554db0a38188709de567aa58480d\",\"url\":\"https:\\\/\\\/secure.gravatar.com\\\/avatar\\\/0a2867fd5abe37bed95d5a65e9d58f01756e11efc68af9888dfc50cfa7f65948?s=96&d=mm&r=g\",\"contentUrl\":\"https:\\\/\\\/secure.gravatar.com\\\/avatar\\\/0a2867fd5abe37bed95d5a65e9d58f01756e11efc68af9888dfc50cfa7f65948?s=96&d=mm&r=g\",\"caption\":\"Comptoir National de l'Or\"},\"description\":\"Notre r\u00e9daction est constitu\u00e9e de membres experts dans les m\u00e9tiers de l'\u00e9conomie et la gestion, des Responsables d'agence Comptoir National de l'Or, des analystes financiers qui publient r\u00e9guli\u00e8rement des \u00e9tudes sur les politiques des banques centrales, le cours de l'or, prix de l'or, cours de l'argent, prix de l'argent, cours du platine, cours du palladium,... la situation en zone euro et l'impact de la strat\u00e9gie mon\u00e9taire de la FED. Notre \u00e9quipe scrute \u00e9galement une information plus g\u00e9n\u00e9raliste \u00e0 la recherche d'actualit\u00e9 \\\"p\u00e9pite\\\" \u00e0 vous partager. Depuis 5 ans, nous avons publi\u00e9 un peu plus de 4000 articles qui s'adressent \u00e0 un public large et vari\u00e9 ayant pour objectif de satisfaire votre curiosit\u00e9 et de partager avec vous une certaine fascination pour le m\u00e9tal jaune, le rachat d'or, et pour ceux qui veulent investir dans l'or, vendre leur or tout simplement en savoir plus... Pour tous vos achat or et argent, n'h\u00e9sitez pas \u00e0 prendre rendez-vous dans l'un de nos nombreux comptoirs.\",\"sameAs\":[\"https:\\\/\\\/www.gold.fr\"]}]}<\/script>\n<!-- \/ Yoast SEO plugin. -->","yoast_head_json":{"title":"BCE et Ukraine tirent les march\u00e9s vers le bas - Gold.fr","robots":{"index":"index","follow":"follow","max-snippet":"max-snippet:-1","max-image-preview":"max-image-preview:large","max-video-preview":"max-video-preview:-1"},"canonical":"https:\/\/www.gold.fr\/news\/2014\/05\/06\/bce-et-ukraine-tirent-les-marches-vers-le-bas\/","og_locale":"fr_FR","og_type":"article","og_title":"BCE et Ukraine tirent les march\u00e9s vers le bas - Gold.fr","og_description":"Apr\u00e8s une fin de semaine euphorique, et une ouverture tout aussi enjou\u00e9e, en d\u00e9but de s\u00e9ance, lundi, il semblerait que l&rsquo;ombre des menaces \u00e9conomiques et g\u00e9opolitiques soit \u00e0 nouveau en train de rattraper les march\u00e9s financiers. [&hellip;]","og_url":"https:\/\/www.gold.fr\/news\/2014\/05\/06\/bce-et-ukraine-tirent-les-marches-vers-le-bas\/","og_site_name":"Gold.fr","article_publisher":"https:\/\/www.facebook.com\/Goldfr\/","article_published_time":"2014-05-06T07:00:37+00:00","article_modified_time":"2017-11-02T10:31:54+00:00","og_image":[{"width":600,"height":441,"url":"https:\/\/www.gold.fr\/news\/wp-content\/uploads\/2013\/04\/piece-or-balance.jpg","type":"image\/jpeg"}],"author":"Comptoir National de l'Or","twitter_card":"summary_large_image","twitter_misc":{"\u00c9crit par":"Comptoir National de l'Or","Dur\u00e9e de lecture estim\u00e9e":"1 minute"},"schema":{"@context":"https:\/\/schema.org","@graph":[{"@type":"Article","@id":"https:\/\/www.gold.fr\/news\/2014\/05\/06\/bce-et-ukraine-tirent-les-marches-vers-le-bas\/#article","isPartOf":{"@id":"https:\/\/www.gold.fr\/news\/2014\/05\/06\/bce-et-ukraine-tirent-les-marches-vers-le-bas\/"},"author":{"name":"Comptoir National de l'Or","@id":"https:\/\/www.gold.fr\/news\/#\/schema\/person\/070491b4b4fb7671bf59b3be20302ce9"},"headline":"BCE et Ukraine tirent les march\u00e9s vers le bas","datePublished":"2014-05-06T07:00:37+00:00","dateModified":"2017-11-02T10:31:54+00:00","mainEntityOfPage":{"@id":"https:\/\/www.gold.fr\/news\/2014\/05\/06\/bce-et-ukraine-tirent-les-marches-vers-le-bas\/"},"wordCount":302,"commentCount":0,"image":{"@id":"https:\/\/www.gold.fr\/news\/2014\/05\/06\/bce-et-ukraine-tirent-les-marches-vers-le-bas\/#primaryimage"},"thumbnailUrl":"https:\/\/www.gold.fr\/news\/wp-content\/uploads\/2013\/04\/piece-or-balance.jpg","keywords":["bce","\u00e9conomie","march\u00e9s","Ukraine"],"articleSection":["Articles de presse"],"inLanguage":"fr-FR"},{"@type":"WebPage","@id":"https:\/\/www.gold.fr\/news\/2014\/05\/06\/bce-et-ukraine-tirent-les-marches-vers-le-bas\/","url":"https:\/\/www.gold.fr\/news\/2014\/05\/06\/bce-et-ukraine-tirent-les-marches-vers-le-bas\/","name":"BCE et Ukraine tirent les march\u00e9s vers le bas - Gold.fr","isPartOf":{"@id":"https:\/\/www.gold.fr\/news\/#website"},"primaryImageOfPage":{"@id":"https:\/\/www.gold.fr\/news\/2014\/05\/06\/bce-et-ukraine-tirent-les-marches-vers-le-bas\/#primaryimage"},"image":{"@id":"https:\/\/www.gold.fr\/news\/2014\/05\/06\/bce-et-ukraine-tirent-les-marches-vers-le-bas\/#primaryimage"},"thumbnailUrl":"https:\/\/www.gold.fr\/news\/wp-content\/uploads\/2013\/04\/piece-or-balance.jpg","datePublished":"2014-05-06T07:00:37+00:00","dateModified":"2017-11-02T10:31:54+00:00","author":{"@id":"https:\/\/www.gold.fr\/news\/#\/schema\/person\/070491b4b4fb7671bf59b3be20302ce9"},"breadcrumb":{"@id":"https:\/\/www.gold.fr\/news\/2014\/05\/06\/bce-et-ukraine-tirent-les-marches-vers-le-bas\/#breadcrumb"},"inLanguage":"fr-FR","potentialAction":[{"@type":"ReadAction","target":["https:\/\/www.gold.fr\/news\/2014\/05\/06\/bce-et-ukraine-tirent-les-marches-vers-le-bas\/"]}]},{"@type":"ImageObject","inLanguage":"fr-FR","@id":"https:\/\/www.gold.fr\/news\/2014\/05\/06\/bce-et-ukraine-tirent-les-marches-vers-le-bas\/#primaryimage","url":"https:\/\/www.gold.fr\/news\/wp-content\/uploads\/2013\/04\/piece-or-balance.jpg","contentUrl":"https:\/\/www.gold.fr\/news\/wp-content\/uploads\/2013\/04\/piece-or-balance.jpg","width":"600","height":"441","caption":"L\u2019once en \u00e9quilibre suite \u00e0 la publication du rapport de la Fed"},{"@type":"BreadcrumbList","@id":"https:\/\/www.gold.fr\/news\/2014\/05\/06\/bce-et-ukraine-tirent-les-marches-vers-le-bas\/#breadcrumb","itemListElement":[{"@type":"ListItem","position":1,"name":"Accueil","item":"https:\/\/www.gold.fr\/"},{"@type":"ListItem","position":2,"name":"Actualit\u00e9s","item":"https:\/\/www.gold.fr\/news\/"},{"@type":"ListItem","position":3,"name":"BCE et Ukraine tirent les march\u00e9s vers le bas"}]},{"@type":"WebSite","@id":"https:\/\/www.gold.fr\/news\/#website","url":"https:\/\/www.gold.fr\/news\/","name":"Gold.fr","description":"Actualit\u00e9s de l&#039;Or et des m\u00e9taux pr\u00e9cieux","potentialAction":[{"@type":"SearchAction","target":{"@type":"EntryPoint","urlTemplate":"https:\/\/www.gold.fr\/news\/?s={search_term_string}"},"query-input":{"@type":"PropertyValueSpecification","valueRequired":true,"valueName":"search_term_string"}}],"inLanguage":"fr-FR"},{"@type":"Person","@id":"https:\/\/www.gold.fr\/news\/#\/schema\/person\/070491b4b4fb7671bf59b3be20302ce9","name":"Comptoir National de l'Or","image":{"@type":"ImageObject","inLanguage":"fr-FR","@id":"https:\/\/secure.gravatar.com\/avatar\/0a2867fd5abe37bed95d5a65e9d58f01756e11efc68af9888dfc50cfa7f65948?s=96&d=mm&r=gb490554db0a38188709de567aa58480d","url":"https:\/\/secure.gravatar.com\/avatar\/0a2867fd5abe37bed95d5a65e9d58f01756e11efc68af9888dfc50cfa7f65948?s=96&d=mm&r=g","contentUrl":"https:\/\/secure.gravatar.com\/avatar\/0a2867fd5abe37bed95d5a65e9d58f01756e11efc68af9888dfc50cfa7f65948?s=96&d=mm&r=g","caption":"Comptoir National de l'Or"},"description":"Notre r\u00e9daction est constitu\u00e9e de membres experts dans les m\u00e9tiers de l'\u00e9conomie et la gestion, des Responsables d'agence Comptoir National de l'Or, des analystes financiers qui publient r\u00e9guli\u00e8rement des \u00e9tudes sur les politiques des banques centrales, le cours de l'or, prix de l'or, cours de l'argent, prix de l'argent, cours du platine, cours du palladium,... la situation en zone euro et l'impact de la strat\u00e9gie mon\u00e9taire de la FED. Notre \u00e9quipe scrute \u00e9galement une information plus g\u00e9n\u00e9raliste \u00e0 la recherche d'actualit\u00e9 \"p\u00e9pite\" \u00e0 vous partager. Depuis 5 ans, nous avons publi\u00e9 un peu plus de 4000 articles qui s'adressent \u00e0 un public large et vari\u00e9 ayant pour objectif de satisfaire votre curiosit\u00e9 et de partager avec vous une certaine fascination pour le m\u00e9tal jaune, le rachat d'or, et pour ceux qui veulent investir dans l'or, vendre leur or tout simplement en savoir plus... Pour tous vos achat or et argent, n'h\u00e9sitez pas \u00e0 prendre rendez-vous dans l'un de nos nombreux comptoirs.","sameAs":["https:\/\/www.gold.fr"]}]}},"authors":[{"term_id":2565,"user_id":18,"is_guest":0,"slug":"julie","display_name":"Comptoir National de l'Or","avatar_url":"https:\/\/secure.gravatar.com\/avatar\/713f289e398d35ead876c4a4cc08607f0d6d266058cfc25683fffb6092d0e572?s=96&d=mm&r=g","0":null,"1":"","2":"","3":"","4":"","5":"","6":"","7":"","8":""}],"_links":{"self":[{"href":"https:\/\/www.gold.fr\/news\/wp-json\/wp\/v2\/posts\/14585","targetHints":{"allow":["GET"]}}],"collection":[{"href":"https:\/\/www.gold.fr\/news\/wp-json\/wp\/v2\/posts"}],"about":[{"href":"https:\/\/www.gold.fr\/news\/wp-json\/wp\/v2\/types\/post"}],"author":[{"embeddable":true,"href":"https:\/\/www.gold.fr\/news\/wp-json\/wp\/v2\/users\/18"}],"replies":[{"embeddable":true,"href":"https:\/\/www.gold.fr\/news\/wp-json\/wp\/v2\/comments?post=14585"}],"version-history":[{"count":0,"href":"https:\/\/www.gold.fr\/news\/wp-json\/wp\/v2\/posts\/14585\/revisions"}],"wp:featuredmedia":[{"embeddable":true,"href":"https:\/\/www.gold.fr\/news\/wp-json\/wp\/v2\/media\/11394"}],"wp:attachment":[{"href":"https:\/\/www.gold.fr\/news\/wp-json\/wp\/v2\/media?parent=14585"}],"wp:term":[{"taxonomy":"category","embeddable":true,"href":"https:\/\/www.gold.fr\/news\/wp-json\/wp\/v2\/categories?post=14585"},{"taxonomy":"post_tag","embeddable":true,"href":"https:\/\/www.gold.fr\/news\/wp-json\/wp\/v2\/tags?post=14585"},{"taxonomy":"author","embeddable":true,"href":"https:\/\/www.gold.fr\/news\/wp-json\/wp\/v2\/ppma_author?post=14585"}],"curies":[{"name":"wp","href":"https:\/\/api.w.org\/{rel}","templated":true}]}}