{"id":14571,"date":"2014-05-02T17:00:04","date_gmt":"2014-05-02T15:00:04","guid":{"rendered":"https:\/\/www.gold.fr\/news\/?p=14571"},"modified":"2017-11-02T11:31:54","modified_gmt":"2017-11-02T10:31:54","slug":"la-fin-dune-semaine-trop-chargee","status":"publish","type":"post","link":"https:\/\/www.gold.fr\/news\/2014\/05\/02\/la-fin-dune-semaine-trop-chargee\/","title":{"rendered":"La fin d\u2019une semaine (trop) charg\u00e9e"},"content":{"rendered":"<p><img loading=\"lazy\" decoding=\"async\" class=\"alignleft size-thumbnail wp-image-6067\" title=\"La fin d\u2019une semaine (trop) charg\u00e9e\" src=\"https:\/\/www.gold.fr\/news\/wp-content\/uploads\/2012\/02\/one-dollar-or-150x150.jpg\" alt=\"\" width=\"150\" height=\"150\" \/><span style=\"font-size: small;\">Conform\u00e9ment aux attentes, la semaine a \u00e9t\u00e9 excessivement charg\u00e9e, sur la plan\u00e8te \u00e9conomique mondiale. Des r\u00e9sultats affluaient, d\u2019un c\u00f4t\u00e9 comme de l\u2019autre de l\u2019Atlantique, et ils \u00e9taient, pour la plupart, tr\u00e8s optimistes et encourageants. Pourtant, contrairement aux attentes, les march\u00e9s d\u2019investissement n\u2019auront pas (ou tr\u00e8s peu) profit\u00e9 de cette conjoncture favorable, les op\u00e9rateurs pr\u00e9f\u00e9rant apparemment attendre l\u2019annonce d\u2019un catalyseur plus important.<\/span>    <span style=\"font-size: small;\"> La publication du dernier rapport de la semaine sera peut-\u00eatre le coup de pouce attendu. Il faudra en effet guetter les r\u00e9actions \u00e0 l\u2019annonce des chiffres du ch\u00f4mage aux <strong>Etats-Unis<\/strong>. <strong>Chris Weston<\/strong>, strat\u00e9giste march\u00e9s en chef chez <strong>IG<\/strong>, estime en effet que \u00ab\u00a0<em>le rapport de ce mois-ci para\u00eet particuli\u00e8rement int\u00e9ressant, puisque le consensus de <strong>218.000 <\/strong>cr\u00e9ations de postes en avril est le plus \u00e9lev\u00e9 observ\u00e9 depuis mai 2010<\/em>\u00a0\u00bb. Rappelons d\u2019ailleurs que le cabinet ADP avait d\u00e9j\u00e0 annonc\u00e9, mercredi dernier, que le secteur priv\u00e9 US avait cr\u00e9\u00e9 <strong>220.000<\/strong> (durant le mois d&rsquo;avril), \u00ab\u00a0<em>un chiffre sup\u00e9rieur aux attentes qui anticipaient quelque <strong>210.000<\/strong> cr\u00e9ations d&#8217;emplois<\/em>\u00a0\u00bb.<\/span>    <span style=\"font-size: small;\"> De son c\u00f4t\u00e9, <strong>Jack Kennedy<\/strong>, senior economist chez <strong>Markit<\/strong>, met en garde que \u00ab\u00a0<em>l&rsquo;attentisme des clients explique en partie la mollesse de la reprise, et \u00e0 moins d&rsquo;un v\u00e9ritable regain de confiance dans le secteur, les perspectives de croissance resteront fragiles au cours des prochains mois<\/em>\u00a0\u00bb.<\/span><\/p>\n<!-- AddThis Advanced Settings generic via filter on the_content --><!-- AddThis Share Buttons generic via filter on the_content -->","protected":false},"excerpt":{"rendered":"<p>Conform\u00e9ment aux attentes, la semaine a \u00e9t\u00e9 excessivement charg\u00e9e, sur la plan\u00e8te \u00e9conomique mondiale. Des r\u00e9sultats affluaient, d\u2019un c\u00f4t\u00e9 comme de l\u2019autre de l\u2019Atlantique, et ils \u00e9taient, pour la plupart, tr\u00e8s optimistes et encourageants. Pourtant, contrairement [&hellip;]<\/p>\n","protected":false},"author":18,"featured_media":6067,"comment_status":"open","ping_status":"open","sticky":false,"template":"","format":"standard","meta":{"_mbp_gutenberg_autopost":false,"_pgmb_is_evergreen":false,"_pgmb_ap_template_id":0,"footnotes":""},"categories":[6],"tags":[1200,1353],"ppma_author":[2565],"class_list":["post-14571","post","type-post","status-publish","format-standard","has-post-thumbnail","hentry","category-articles-de-presse","tag-chomage-us","tag-emplois-us"],"yoast_head":"<!-- This site is optimized with the Yoast SEO plugin v27.5 - https:\/\/yoast.com\/product\/yoast-seo-wordpress\/ -->\n<title>La fin d\u2019une semaine (trop) charg\u00e9e - Gold.fr<\/title>\n<meta name=\"robots\" content=\"index, follow, max-snippet:-1, max-image-preview:large, max-video-preview:-1\" \/>\n<link rel=\"canonical\" href=\"https:\/\/www.gold.fr\/news\/2014\/05\/02\/la-fin-dune-semaine-trop-chargee\/\" \/>\n<meta property=\"og:locale\" content=\"fr_FR\" \/>\n<meta property=\"og:type\" content=\"article\" \/>\n<meta property=\"og:title\" content=\"La fin d\u2019une semaine (trop) charg\u00e9e - Gold.fr\" \/>\n<meta property=\"og:description\" content=\"Conform\u00e9ment aux attentes, la semaine a \u00e9t\u00e9 excessivement charg\u00e9e, sur la plan\u00e8te \u00e9conomique mondiale. Des r\u00e9sultats affluaient, d\u2019un c\u00f4t\u00e9 comme de l\u2019autre de l\u2019Atlantique, et ils \u00e9taient, pour la plupart, tr\u00e8s optimistes et encourageants. Pourtant, contrairement [&hellip;]\" \/>\n<meta property=\"og:url\" content=\"https:\/\/www.gold.fr\/news\/2014\/05\/02\/la-fin-dune-semaine-trop-chargee\/\" \/>\n<meta property=\"og:site_name\" content=\"Gold.fr\" \/>\n<meta property=\"article:publisher\" content=\"https:\/\/www.facebook.com\/Goldfr\/\" \/>\n<meta property=\"article:published_time\" content=\"2014-05-02T15:00:04+00:00\" \/>\n<meta property=\"article:modified_time\" content=\"2017-11-02T10:31:54+00:00\" \/>\n<meta property=\"og:image\" content=\"https:\/\/www.gold.fr\/news\/wp-content\/uploads\/2012\/02\/one-dollar-or.jpg\" \/>\n\t<meta property=\"og:image:width\" content=\"600\" \/>\n\t<meta property=\"og:image:height\" content=\"400\" \/>\n\t<meta property=\"og:image:type\" content=\"image\/jpeg\" \/>\n<meta name=\"author\" content=\"Comptoir National de l&#039;Or\" \/>\n<meta name=\"twitter:card\" content=\"summary_large_image\" \/>\n<meta name=\"twitter:label1\" content=\"\u00c9crit par\" \/>\n\t<meta name=\"twitter:data1\" content=\"Comptoir National de l&#039;Or\" \/>\n\t<meta name=\"twitter:label2\" content=\"Dur\u00e9e de lecture estim\u00e9e\" \/>\n\t<meta name=\"twitter:data2\" content=\"1 minute\" \/>\n<script type=\"application\/ld+json\" class=\"yoast-schema-graph\">{\"@context\":\"https:\\\/\\\/schema.org\",\"@graph\":[{\"@type\":\"Article\",\"@id\":\"https:\\\/\\\/www.gold.fr\\\/news\\\/2014\\\/05\\\/02\\\/la-fin-dune-semaine-trop-chargee\\\/#article\",\"isPartOf\":{\"@id\":\"https:\\\/\\\/www.gold.fr\\\/news\\\/2014\\\/05\\\/02\\\/la-fin-dune-semaine-trop-chargee\\\/\"},\"author\":{\"name\":\"Comptoir National de l'Or\",\"@id\":\"https:\\\/\\\/www.gold.fr\\\/news\\\/#\\\/schema\\\/person\\\/070491b4b4fb7671bf59b3be20302ce9\"},\"headline\":\"La fin d\u2019une semaine (trop) charg\u00e9e\",\"datePublished\":\"2014-05-02T15:00:04+00:00\",\"dateModified\":\"2017-11-02T10:31:54+00:00\",\"mainEntityOfPage\":{\"@id\":\"https:\\\/\\\/www.gold.fr\\\/news\\\/2014\\\/05\\\/02\\\/la-fin-dune-semaine-trop-chargee\\\/\"},\"wordCount\":249,\"commentCount\":0,\"image\":{\"@id\":\"https:\\\/\\\/www.gold.fr\\\/news\\\/2014\\\/05\\\/02\\\/la-fin-dune-semaine-trop-chargee\\\/#primaryimage\"},\"thumbnailUrl\":\"https:\\\/\\\/www.gold.fr\\\/news\\\/wp-content\\\/uploads\\\/2012\\\/02\\\/one-dollar-or.jpg\",\"keywords\":[\"chomage US\",\"emplois US\"],\"articleSection\":[\"Articles de presse\"],\"inLanguage\":\"fr-FR\"},{\"@type\":\"WebPage\",\"@id\":\"https:\\\/\\\/www.gold.fr\\\/news\\\/2014\\\/05\\\/02\\\/la-fin-dune-semaine-trop-chargee\\\/\",\"url\":\"https:\\\/\\\/www.gold.fr\\\/news\\\/2014\\\/05\\\/02\\\/la-fin-dune-semaine-trop-chargee\\\/\",\"name\":\"La fin d\u2019une semaine (trop) charg\u00e9e - Gold.fr\",\"isPartOf\":{\"@id\":\"https:\\\/\\\/www.gold.fr\\\/news\\\/#website\"},\"primaryImageOfPage\":{\"@id\":\"https:\\\/\\\/www.gold.fr\\\/news\\\/2014\\\/05\\\/02\\\/la-fin-dune-semaine-trop-chargee\\\/#primaryimage\"},\"image\":{\"@id\":\"https:\\\/\\\/www.gold.fr\\\/news\\\/2014\\\/05\\\/02\\\/la-fin-dune-semaine-trop-chargee\\\/#primaryimage\"},\"thumbnailUrl\":\"https:\\\/\\\/www.gold.fr\\\/news\\\/wp-content\\\/uploads\\\/2012\\\/02\\\/one-dollar-or.jpg\",\"datePublished\":\"2014-05-02T15:00:04+00:00\",\"dateModified\":\"2017-11-02T10:31:54+00:00\",\"author\":{\"@id\":\"https:\\\/\\\/www.gold.fr\\\/news\\\/#\\\/schema\\\/person\\\/070491b4b4fb7671bf59b3be20302ce9\"},\"breadcrumb\":{\"@id\":\"https:\\\/\\\/www.gold.fr\\\/news\\\/2014\\\/05\\\/02\\\/la-fin-dune-semaine-trop-chargee\\\/#breadcrumb\"},\"inLanguage\":\"fr-FR\",\"potentialAction\":[{\"@type\":\"ReadAction\",\"target\":[\"https:\\\/\\\/www.gold.fr\\\/news\\\/2014\\\/05\\\/02\\\/la-fin-dune-semaine-trop-chargee\\\/\"]}]},{\"@type\":\"ImageObject\",\"inLanguage\":\"fr-FR\",\"@id\":\"https:\\\/\\\/www.gold.fr\\\/news\\\/2014\\\/05\\\/02\\\/la-fin-dune-semaine-trop-chargee\\\/#primaryimage\",\"url\":\"https:\\\/\\\/www.gold.fr\\\/news\\\/wp-content\\\/uploads\\\/2012\\\/02\\\/one-dollar-or.jpg\",\"contentUrl\":\"https:\\\/\\\/www.gold.fr\\\/news\\\/wp-content\\\/uploads\\\/2012\\\/02\\\/one-dollar-or.jpg\",\"width\":\"600\",\"height\":\"400\",\"caption\":\"March\u00e9s : Un retour d\u2019optimisme, la saison des r\u00e9sultats en vue\"},{\"@type\":\"BreadcrumbList\",\"@id\":\"https:\\\/\\\/www.gold.fr\\\/news\\\/2014\\\/05\\\/02\\\/la-fin-dune-semaine-trop-chargee\\\/#breadcrumb\",\"itemListElement\":[{\"@type\":\"ListItem\",\"position\":1,\"name\":\"Accueil\",\"item\":\"https:\\\/\\\/www.gold.fr\\\/\"},{\"@type\":\"ListItem\",\"position\":2,\"name\":\"Actualit\u00e9s\",\"item\":\"https:\\\/\\\/www.gold.fr\\\/news\\\/\"},{\"@type\":\"ListItem\",\"position\":3,\"name\":\"La fin d\u2019une semaine (trop) charg\u00e9e\"}]},{\"@type\":\"WebSite\",\"@id\":\"https:\\\/\\\/www.gold.fr\\\/news\\\/#website\",\"url\":\"https:\\\/\\\/www.gold.fr\\\/news\\\/\",\"name\":\"Gold.fr\",\"description\":\"Actualit\u00e9s de l&#039;Or et des m\u00e9taux pr\u00e9cieux\",\"potentialAction\":[{\"@type\":\"SearchAction\",\"target\":{\"@type\":\"EntryPoint\",\"urlTemplate\":\"https:\\\/\\\/www.gold.fr\\\/news\\\/?s={search_term_string}\"},\"query-input\":{\"@type\":\"PropertyValueSpecification\",\"valueRequired\":true,\"valueName\":\"search_term_string\"}}],\"inLanguage\":\"fr-FR\"},{\"@type\":\"Person\",\"@id\":\"https:\\\/\\\/www.gold.fr\\\/news\\\/#\\\/schema\\\/person\\\/070491b4b4fb7671bf59b3be20302ce9\",\"name\":\"Comptoir National de l'Or\",\"image\":{\"@type\":\"ImageObject\",\"inLanguage\":\"fr-FR\",\"@id\":\"https:\\\/\\\/secure.gravatar.com\\\/avatar\\\/0a2867fd5abe37bed95d5a65e9d58f01756e11efc68af9888dfc50cfa7f65948?s=96&d=mm&r=gb490554db0a38188709de567aa58480d\",\"url\":\"https:\\\/\\\/secure.gravatar.com\\\/avatar\\\/0a2867fd5abe37bed95d5a65e9d58f01756e11efc68af9888dfc50cfa7f65948?s=96&d=mm&r=g\",\"contentUrl\":\"https:\\\/\\\/secure.gravatar.com\\\/avatar\\\/0a2867fd5abe37bed95d5a65e9d58f01756e11efc68af9888dfc50cfa7f65948?s=96&d=mm&r=g\",\"caption\":\"Comptoir National de l'Or\"},\"description\":\"Notre r\u00e9daction est constitu\u00e9e de membres experts dans les m\u00e9tiers de l'\u00e9conomie et la gestion, des Responsables d'agence Comptoir National de l'Or, des analystes financiers qui publient r\u00e9guli\u00e8rement des \u00e9tudes sur les politiques des banques centrales, le cours de l'or, prix de l'or, cours de l'argent, prix de l'argent, cours du platine, cours du palladium,... la situation en zone euro et l'impact de la strat\u00e9gie mon\u00e9taire de la FED. Notre \u00e9quipe scrute \u00e9galement une information plus g\u00e9n\u00e9raliste \u00e0 la recherche d'actualit\u00e9 \\\"p\u00e9pite\\\" \u00e0 vous partager. Depuis 5 ans, nous avons publi\u00e9 un peu plus de 4000 articles qui s'adressent \u00e0 un public large et vari\u00e9 ayant pour objectif de satisfaire votre curiosit\u00e9 et de partager avec vous une certaine fascination pour le m\u00e9tal jaune, le rachat d'or, et pour ceux qui veulent investir dans l'or, vendre leur or tout simplement en savoir plus... Pour tous vos achat or et argent, n'h\u00e9sitez pas \u00e0 prendre rendez-vous dans l'un de nos nombreux comptoirs.\",\"sameAs\":[\"https:\\\/\\\/www.gold.fr\"]}]}<\/script>\n<!-- \/ Yoast SEO plugin. -->","yoast_head_json":{"title":"La fin d\u2019une semaine (trop) charg\u00e9e - Gold.fr","robots":{"index":"index","follow":"follow","max-snippet":"max-snippet:-1","max-image-preview":"max-image-preview:large","max-video-preview":"max-video-preview:-1"},"canonical":"https:\/\/www.gold.fr\/news\/2014\/05\/02\/la-fin-dune-semaine-trop-chargee\/","og_locale":"fr_FR","og_type":"article","og_title":"La fin d\u2019une semaine (trop) charg\u00e9e - Gold.fr","og_description":"Conform\u00e9ment aux attentes, la semaine a \u00e9t\u00e9 excessivement charg\u00e9e, sur la plan\u00e8te \u00e9conomique mondiale. Des r\u00e9sultats affluaient, d\u2019un c\u00f4t\u00e9 comme de l\u2019autre de l\u2019Atlantique, et ils \u00e9taient, pour la plupart, tr\u00e8s optimistes et encourageants. Pourtant, contrairement [&hellip;]","og_url":"https:\/\/www.gold.fr\/news\/2014\/05\/02\/la-fin-dune-semaine-trop-chargee\/","og_site_name":"Gold.fr","article_publisher":"https:\/\/www.facebook.com\/Goldfr\/","article_published_time":"2014-05-02T15:00:04+00:00","article_modified_time":"2017-11-02T10:31:54+00:00","og_image":[{"width":600,"height":400,"url":"https:\/\/www.gold.fr\/news\/wp-content\/uploads\/2012\/02\/one-dollar-or.jpg","type":"image\/jpeg"}],"author":"Comptoir National de l'Or","twitter_card":"summary_large_image","twitter_misc":{"\u00c9crit par":"Comptoir National de l'Or","Dur\u00e9e de lecture estim\u00e9e":"1 minute"},"schema":{"@context":"https:\/\/schema.org","@graph":[{"@type":"Article","@id":"https:\/\/www.gold.fr\/news\/2014\/05\/02\/la-fin-dune-semaine-trop-chargee\/#article","isPartOf":{"@id":"https:\/\/www.gold.fr\/news\/2014\/05\/02\/la-fin-dune-semaine-trop-chargee\/"},"author":{"name":"Comptoir National de l'Or","@id":"https:\/\/www.gold.fr\/news\/#\/schema\/person\/070491b4b4fb7671bf59b3be20302ce9"},"headline":"La fin d\u2019une semaine (trop) charg\u00e9e","datePublished":"2014-05-02T15:00:04+00:00","dateModified":"2017-11-02T10:31:54+00:00","mainEntityOfPage":{"@id":"https:\/\/www.gold.fr\/news\/2014\/05\/02\/la-fin-dune-semaine-trop-chargee\/"},"wordCount":249,"commentCount":0,"image":{"@id":"https:\/\/www.gold.fr\/news\/2014\/05\/02\/la-fin-dune-semaine-trop-chargee\/#primaryimage"},"thumbnailUrl":"https:\/\/www.gold.fr\/news\/wp-content\/uploads\/2012\/02\/one-dollar-or.jpg","keywords":["chomage US","emplois US"],"articleSection":["Articles de presse"],"inLanguage":"fr-FR"},{"@type":"WebPage","@id":"https:\/\/www.gold.fr\/news\/2014\/05\/02\/la-fin-dune-semaine-trop-chargee\/","url":"https:\/\/www.gold.fr\/news\/2014\/05\/02\/la-fin-dune-semaine-trop-chargee\/","name":"La fin d\u2019une semaine (trop) charg\u00e9e - Gold.fr","isPartOf":{"@id":"https:\/\/www.gold.fr\/news\/#website"},"primaryImageOfPage":{"@id":"https:\/\/www.gold.fr\/news\/2014\/05\/02\/la-fin-dune-semaine-trop-chargee\/#primaryimage"},"image":{"@id":"https:\/\/www.gold.fr\/news\/2014\/05\/02\/la-fin-dune-semaine-trop-chargee\/#primaryimage"},"thumbnailUrl":"https:\/\/www.gold.fr\/news\/wp-content\/uploads\/2012\/02\/one-dollar-or.jpg","datePublished":"2014-05-02T15:00:04+00:00","dateModified":"2017-11-02T10:31:54+00:00","author":{"@id":"https:\/\/www.gold.fr\/news\/#\/schema\/person\/070491b4b4fb7671bf59b3be20302ce9"},"breadcrumb":{"@id":"https:\/\/www.gold.fr\/news\/2014\/05\/02\/la-fin-dune-semaine-trop-chargee\/#breadcrumb"},"inLanguage":"fr-FR","potentialAction":[{"@type":"ReadAction","target":["https:\/\/www.gold.fr\/news\/2014\/05\/02\/la-fin-dune-semaine-trop-chargee\/"]}]},{"@type":"ImageObject","inLanguage":"fr-FR","@id":"https:\/\/www.gold.fr\/news\/2014\/05\/02\/la-fin-dune-semaine-trop-chargee\/#primaryimage","url":"https:\/\/www.gold.fr\/news\/wp-content\/uploads\/2012\/02\/one-dollar-or.jpg","contentUrl":"https:\/\/www.gold.fr\/news\/wp-content\/uploads\/2012\/02\/one-dollar-or.jpg","width":"600","height":"400","caption":"March\u00e9s : Un retour d\u2019optimisme, la saison des r\u00e9sultats en vue"},{"@type":"BreadcrumbList","@id":"https:\/\/www.gold.fr\/news\/2014\/05\/02\/la-fin-dune-semaine-trop-chargee\/#breadcrumb","itemListElement":[{"@type":"ListItem","position":1,"name":"Accueil","item":"https:\/\/www.gold.fr\/"},{"@type":"ListItem","position":2,"name":"Actualit\u00e9s","item":"https:\/\/www.gold.fr\/news\/"},{"@type":"ListItem","position":3,"name":"La fin d\u2019une semaine (trop) charg\u00e9e"}]},{"@type":"WebSite","@id":"https:\/\/www.gold.fr\/news\/#website","url":"https:\/\/www.gold.fr\/news\/","name":"Gold.fr","description":"Actualit\u00e9s de l&#039;Or et des m\u00e9taux pr\u00e9cieux","potentialAction":[{"@type":"SearchAction","target":{"@type":"EntryPoint","urlTemplate":"https:\/\/www.gold.fr\/news\/?s={search_term_string}"},"query-input":{"@type":"PropertyValueSpecification","valueRequired":true,"valueName":"search_term_string"}}],"inLanguage":"fr-FR"},{"@type":"Person","@id":"https:\/\/www.gold.fr\/news\/#\/schema\/person\/070491b4b4fb7671bf59b3be20302ce9","name":"Comptoir National de l'Or","image":{"@type":"ImageObject","inLanguage":"fr-FR","@id":"https:\/\/secure.gravatar.com\/avatar\/0a2867fd5abe37bed95d5a65e9d58f01756e11efc68af9888dfc50cfa7f65948?s=96&d=mm&r=gb490554db0a38188709de567aa58480d","url":"https:\/\/secure.gravatar.com\/avatar\/0a2867fd5abe37bed95d5a65e9d58f01756e11efc68af9888dfc50cfa7f65948?s=96&d=mm&r=g","contentUrl":"https:\/\/secure.gravatar.com\/avatar\/0a2867fd5abe37bed95d5a65e9d58f01756e11efc68af9888dfc50cfa7f65948?s=96&d=mm&r=g","caption":"Comptoir National de l'Or"},"description":"Notre r\u00e9daction est constitu\u00e9e de membres experts dans les m\u00e9tiers de l'\u00e9conomie et la gestion, des Responsables d'agence Comptoir National de l'Or, des analystes financiers qui publient r\u00e9guli\u00e8rement des \u00e9tudes sur les politiques des banques centrales, le cours de l'or, prix de l'or, cours de l'argent, prix de l'argent, cours du platine, cours du palladium,... la situation en zone euro et l'impact de la strat\u00e9gie mon\u00e9taire de la FED. Notre \u00e9quipe scrute \u00e9galement une information plus g\u00e9n\u00e9raliste \u00e0 la recherche d'actualit\u00e9 \"p\u00e9pite\" \u00e0 vous partager. Depuis 5 ans, nous avons publi\u00e9 un peu plus de 4000 articles qui s'adressent \u00e0 un public large et vari\u00e9 ayant pour objectif de satisfaire votre curiosit\u00e9 et de partager avec vous une certaine fascination pour le m\u00e9tal jaune, le rachat d'or, et pour ceux qui veulent investir dans l'or, vendre leur or tout simplement en savoir plus... Pour tous vos achat or et argent, n'h\u00e9sitez pas \u00e0 prendre rendez-vous dans l'un de nos nombreux comptoirs.","sameAs":["https:\/\/www.gold.fr"]}]}},"authors":[{"term_id":2565,"user_id":18,"is_guest":0,"slug":"julie","display_name":"Comptoir National de l'Or","avatar_url":"https:\/\/secure.gravatar.com\/avatar\/713f289e398d35ead876c4a4cc08607f0d6d266058cfc25683fffb6092d0e572?s=96&d=mm&r=g","0":null,"1":"","2":"","3":"","4":"","5":"","6":"","7":"","8":""}],"_links":{"self":[{"href":"https:\/\/www.gold.fr\/news\/wp-json\/wp\/v2\/posts\/14571","targetHints":{"allow":["GET"]}}],"collection":[{"href":"https:\/\/www.gold.fr\/news\/wp-json\/wp\/v2\/posts"}],"about":[{"href":"https:\/\/www.gold.fr\/news\/wp-json\/wp\/v2\/types\/post"}],"author":[{"embeddable":true,"href":"https:\/\/www.gold.fr\/news\/wp-json\/wp\/v2\/users\/18"}],"replies":[{"embeddable":true,"href":"https:\/\/www.gold.fr\/news\/wp-json\/wp\/v2\/comments?post=14571"}],"version-history":[{"count":0,"href":"https:\/\/www.gold.fr\/news\/wp-json\/wp\/v2\/posts\/14571\/revisions"}],"wp:featuredmedia":[{"embeddable":true,"href":"https:\/\/www.gold.fr\/news\/wp-json\/wp\/v2\/media\/6067"}],"wp:attachment":[{"href":"https:\/\/www.gold.fr\/news\/wp-json\/wp\/v2\/media?parent=14571"}],"wp:term":[{"taxonomy":"category","embeddable":true,"href":"https:\/\/www.gold.fr\/news\/wp-json\/wp\/v2\/categories?post=14571"},{"taxonomy":"post_tag","embeddable":true,"href":"https:\/\/www.gold.fr\/news\/wp-json\/wp\/v2\/tags?post=14571"},{"taxonomy":"author","embeddable":true,"href":"https:\/\/www.gold.fr\/news\/wp-json\/wp\/v2\/ppma_author?post=14571"}],"curies":[{"name":"wp","href":"https:\/\/api.w.org\/{rel}","templated":true}]}}