{"id":14479,"date":"2014-04-22T09:00:06","date_gmt":"2014-04-22T07:00:06","guid":{"rendered":"https:\/\/www.gold.fr\/news\/?p=14479"},"modified":"2017-11-02T11:31:58","modified_gmt":"2017-11-02T10:31:58","slug":"cote-divoire-le-metal-jaune-menace-le-cacao","status":"publish","type":"post","link":"https:\/\/www.gold.fr\/news\/2014\/04\/22\/cote-divoire-le-metal-jaune-menace-le-cacao\/","title":{"rendered":"C\u00f4te d\u2019ivoire : Le m\u00e9tal jaune menace le cacao"},"content":{"rendered":"<p><img loading=\"lazy\" decoding=\"async\" class=\"alignleft size-thumbnail wp-image-7654\" title=\"C\u00f4te d\u2019ivoire : Le m\u00e9tal jaune menace le cacao\" src=\"https:\/\/www.gold.fr\/news\/wp-content\/uploads\/2012\/05\/cours-de-l-or3-150x150.jpg\" alt=\"\" width=\"150\" height=\"150\" \/><span style=\"font-size: small;\">Certes ; le march\u00e9 de l&rsquo;<a href='https:\/\/www.gold.fr\/news\/tags\/or' class='esk-seo-plu-link'>or<\/a> n&rsquo;est pas r\u00e9ellement novice, dans la r\u00e9gion. Mais il semblerait qu&rsquo;une nouvelle vague de d\u00e9couvertes relatives \u00e0 plusieurs gisements d&rsquo;<a href='https:\/\/www.gold.fr\/news\/tags\/or' class='esk-seo-plu-link'>or<\/a> \u00e9parpill\u00e9s un peu partout dans le pays, associ\u00e9e \u00e0 un taux \u00e9lev\u00e9 du <a href='https:\/\/www.gold.fr\/news\/tags\/or' class='esk-seo-plu-link'>m\u00e9tal jaune<\/a> sur le march\u00e9 national, soit en train de s\u00e9duire non seulement un nombre croissant d&rsquo;investisseurs \u00e9trangers mais aussi des orpailleurs clandestins.<\/span>    <span style=\"font-size: small;\"> Cette \u00e9volution du paysage \u00e9conomique en<strong> C\u00f4te d&rsquo;Ivoire<\/strong> a fini par en engendrer une autre, relativement plus inqui\u00e9tante ; afin de s&rsquo;adapter au succ\u00e8s grandissant de la relique barbare, plusieurs fermes de cacao sont d\u00e9sormais transform\u00e9es en mines d&rsquo;<a href='https:\/\/www.gold.fr\/news\/tags\/or' class='esk-seo-plu-link'>or<\/a>. Les arguments pour justifier ces mesures ? Un seul, et de taille ;  soutenir le d\u00e9veloppement du march\u00e9 aurif\u00e8re dans le pays, dans la mesure o\u00f9 il \u00ab <em>permet d&rsquo;obtenir de l&rsquo;<a href='https:\/\/www.gold.fr\/news\/tags\/argent' class='esk-seo-plu-link'>argent<\/a> liquide tr\u00e8s rapidement<\/em> \u00bb. Pourtant, selon les experts, il s&rsquo;agit l\u00e0 d&rsquo;un engouement sp\u00e9culatif qui \u00ab <em>risque de mettre en danger la production de cacao<\/em> \u00bb.<\/span>    <span style=\"font-size: small;\"> Souvenez-vous, au d\u00e9but de l&rsquo;ann\u00e9e (mois de<strong> janvier 2014<\/strong>), une quatri\u00e8me mine d&rsquo;<a href='https:\/\/www.gold.fr\/news\/tags\/or' class='esk-seo-plu-link'>or<\/a> nationale d\u00e9butait son activit\u00e9 \u00e0 <strong>Agbaou-Ah\u00e9oua<\/strong> (village au sud du pays). Il est d&rsquo;ailleurs attendu que ce nouvel ajout permette d&rsquo;augmenter de <strong>20%<\/strong> la production aurif\u00e8re nationale qui est d\u00e9j\u00e0 de l&rsquo;ordre de <strong>9 tonnes annuelles<\/strong>, m\u00eame si \u00e7a reste d\u00e9risoire, compar\u00e9 \u00e0 la production de certains g\u00e9ants mondiaux tels que <strong>la Chine<\/strong> (premier producteur d&rsquo;<a href='https:\/\/www.gold.fr\/news\/tags\/or' class='esk-seo-plu-link'>or<\/a> du globe, avec <strong>300 tonnes<\/strong>). Par ailleurs, les autorit\u00e9s du pays rapportent que \u00ab <em>r\u00e9cemment, un autre filon estim\u00e9 \u00e0 <strong>180 tonnes<\/strong> a \u00e9t\u00e9 d\u00e9couvert au centre de la C\u00f4te d&rsquo;Ivoire <\/em>\u00bb.<\/span><\/p>\n<!-- AddThis Advanced Settings generic via filter on the_content --><!-- AddThis Share Buttons generic via filter on the_content -->","protected":false},"excerpt":{"rendered":"<p>Certes ; le march\u00e9 de l&rsquo;or n&rsquo;est pas r\u00e9ellement novice, dans la r\u00e9gion. Mais il semblerait qu&rsquo;une nouvelle vague de d\u00e9couvertes relatives \u00e0 plusieurs gisements d&rsquo;or \u00e9parpill\u00e9s un peu partout dans le pays, associ\u00e9e \u00e0 un [&hellip;]<\/p>\n","protected":false},"author":18,"featured_media":7654,"comment_status":"open","ping_status":"open","sticky":false,"template":"","format":"standard","meta":{"_mbp_gutenberg_autopost":false,"_pgmb_is_evergreen":false,"_pgmb_ap_template_id":0,"footnotes":""},"categories":[6],"tags":[1827,403,932],"ppma_author":[2565],"class_list":["post-14479","post","type-post","status-publish","format-standard","has-post-thumbnail","hentry","category-articles-de-presse","tag-cacao","tag-cote-divoire","tag-metal-jaune"],"yoast_head":"<!-- This site is optimized with the Yoast SEO plugin v27.5 - https:\/\/yoast.com\/product\/yoast-seo-wordpress\/ -->\n<title>C\u00f4te d\u2019ivoire : Le m\u00e9tal jaune menace le cacao - Gold.fr<\/title>\n<meta name=\"robots\" content=\"index, follow, max-snippet:-1, max-image-preview:large, max-video-preview:-1\" \/>\n<link rel=\"canonical\" href=\"https:\/\/www.gold.fr\/news\/2014\/04\/22\/cote-divoire-le-metal-jaune-menace-le-cacao\/\" \/>\n<meta property=\"og:locale\" content=\"fr_FR\" \/>\n<meta property=\"og:type\" content=\"article\" \/>\n<meta property=\"og:title\" content=\"C\u00f4te d\u2019ivoire : Le m\u00e9tal jaune menace le cacao - Gold.fr\" \/>\n<meta property=\"og:description\" content=\"Certes ; le march\u00e9 de l&rsquo;or n&rsquo;est pas r\u00e9ellement novice, dans la r\u00e9gion. Mais il semblerait qu&rsquo;une nouvelle vague de d\u00e9couvertes relatives \u00e0 plusieurs gisements d&rsquo;or \u00e9parpill\u00e9s un peu partout dans le pays, associ\u00e9e \u00e0 un [&hellip;]\" \/>\n<meta property=\"og:url\" content=\"https:\/\/www.gold.fr\/news\/2014\/04\/22\/cote-divoire-le-metal-jaune-menace-le-cacao\/\" \/>\n<meta property=\"og:site_name\" content=\"Gold.fr\" \/>\n<meta property=\"article:publisher\" content=\"https:\/\/www.facebook.com\/Goldfr\/\" \/>\n<meta property=\"article:published_time\" content=\"2014-04-22T07:00:06+00:00\" \/>\n<meta property=\"article:modified_time\" content=\"2017-11-02T10:31:58+00:00\" \/>\n<meta property=\"og:image\" content=\"https:\/\/www.gold.fr\/news\/wp-content\/uploads\/2012\/05\/cours-de-l-or3.jpg\" \/>\n\t<meta property=\"og:image:width\" content=\"600\" \/>\n\t<meta property=\"og:image:height\" content=\"400\" \/>\n\t<meta property=\"og:image:type\" content=\"image\/jpeg\" \/>\n<meta name=\"author\" content=\"Comptoir National de l&#039;Or\" \/>\n<meta name=\"twitter:card\" content=\"summary_large_image\" \/>\n<meta name=\"twitter:label1\" content=\"\u00c9crit par\" \/>\n\t<meta name=\"twitter:data1\" content=\"Comptoir National de l&#039;Or\" \/>\n\t<meta name=\"twitter:label2\" content=\"Dur\u00e9e de lecture estim\u00e9e\" \/>\n\t<meta name=\"twitter:data2\" content=\"1 minute\" \/>\n<script type=\"application\/ld+json\" class=\"yoast-schema-graph\">{\"@context\":\"https:\\\/\\\/schema.org\",\"@graph\":[{\"@type\":\"Article\",\"@id\":\"https:\\\/\\\/www.gold.fr\\\/news\\\/2014\\\/04\\\/22\\\/cote-divoire-le-metal-jaune-menace-le-cacao\\\/#article\",\"isPartOf\":{\"@id\":\"https:\\\/\\\/www.gold.fr\\\/news\\\/2014\\\/04\\\/22\\\/cote-divoire-le-metal-jaune-menace-le-cacao\\\/\"},\"author\":{\"name\":\"Comptoir National de l'Or\",\"@id\":\"https:\\\/\\\/www.gold.fr\\\/news\\\/#\\\/schema\\\/person\\\/070491b4b4fb7671bf59b3be20302ce9\"},\"headline\":\"C\u00f4te d\u2019ivoire : Le m\u00e9tal jaune menace le cacao\",\"datePublished\":\"2014-04-22T07:00:06+00:00\",\"dateModified\":\"2017-11-02T10:31:58+00:00\",\"mainEntityOfPage\":{\"@id\":\"https:\\\/\\\/www.gold.fr\\\/news\\\/2014\\\/04\\\/22\\\/cote-divoire-le-metal-jaune-menace-le-cacao\\\/\"},\"wordCount\":300,\"commentCount\":0,\"image\":{\"@id\":\"https:\\\/\\\/www.gold.fr\\\/news\\\/2014\\\/04\\\/22\\\/cote-divoire-le-metal-jaune-menace-le-cacao\\\/#primaryimage\"},\"thumbnailUrl\":\"https:\\\/\\\/www.gold.fr\\\/news\\\/wp-content\\\/uploads\\\/2012\\\/05\\\/cours-de-l-or3.jpg\",\"keywords\":[\"cacao\",\"cote d'ivoire\",\"M\u00e9tal jaune\"],\"articleSection\":[\"Articles de presse\"],\"inLanguage\":\"fr-FR\"},{\"@type\":\"WebPage\",\"@id\":\"https:\\\/\\\/www.gold.fr\\\/news\\\/2014\\\/04\\\/22\\\/cote-divoire-le-metal-jaune-menace-le-cacao\\\/\",\"url\":\"https:\\\/\\\/www.gold.fr\\\/news\\\/2014\\\/04\\\/22\\\/cote-divoire-le-metal-jaune-menace-le-cacao\\\/\",\"name\":\"C\u00f4te d\u2019ivoire : Le m\u00e9tal jaune menace le cacao - Gold.fr\",\"isPartOf\":{\"@id\":\"https:\\\/\\\/www.gold.fr\\\/news\\\/#website\"},\"primaryImageOfPage\":{\"@id\":\"https:\\\/\\\/www.gold.fr\\\/news\\\/2014\\\/04\\\/22\\\/cote-divoire-le-metal-jaune-menace-le-cacao\\\/#primaryimage\"},\"image\":{\"@id\":\"https:\\\/\\\/www.gold.fr\\\/news\\\/2014\\\/04\\\/22\\\/cote-divoire-le-metal-jaune-menace-le-cacao\\\/#primaryimage\"},\"thumbnailUrl\":\"https:\\\/\\\/www.gold.fr\\\/news\\\/wp-content\\\/uploads\\\/2012\\\/05\\\/cours-de-l-or3.jpg\",\"datePublished\":\"2014-04-22T07:00:06+00:00\",\"dateModified\":\"2017-11-02T10:31:58+00:00\",\"author\":{\"@id\":\"https:\\\/\\\/www.gold.fr\\\/news\\\/#\\\/schema\\\/person\\\/070491b4b4fb7671bf59b3be20302ce9\"},\"breadcrumb\":{\"@id\":\"https:\\\/\\\/www.gold.fr\\\/news\\\/2014\\\/04\\\/22\\\/cote-divoire-le-metal-jaune-menace-le-cacao\\\/#breadcrumb\"},\"inLanguage\":\"fr-FR\",\"potentialAction\":[{\"@type\":\"ReadAction\",\"target\":[\"https:\\\/\\\/www.gold.fr\\\/news\\\/2014\\\/04\\\/22\\\/cote-divoire-le-metal-jaune-menace-le-cacao\\\/\"]}]},{\"@type\":\"ImageObject\",\"inLanguage\":\"fr-FR\",\"@id\":\"https:\\\/\\\/www.gold.fr\\\/news\\\/2014\\\/04\\\/22\\\/cote-divoire-le-metal-jaune-menace-le-cacao\\\/#primaryimage\",\"url\":\"https:\\\/\\\/www.gold.fr\\\/news\\\/wp-content\\\/uploads\\\/2012\\\/05\\\/cours-de-l-or3.jpg\",\"contentUrl\":\"https:\\\/\\\/www.gold.fr\\\/news\\\/wp-content\\\/uploads\\\/2012\\\/05\\\/cours-de-l-or3.jpg\",\"width\":\"600\",\"height\":\"400\",\"caption\":\"C\u00f4te d\u2019ivoire et Or : Les d\u00e9fis de l\u2019engouement\"},{\"@type\":\"BreadcrumbList\",\"@id\":\"https:\\\/\\\/www.gold.fr\\\/news\\\/2014\\\/04\\\/22\\\/cote-divoire-le-metal-jaune-menace-le-cacao\\\/#breadcrumb\",\"itemListElement\":[{\"@type\":\"ListItem\",\"position\":1,\"name\":\"Accueil\",\"item\":\"https:\\\/\\\/www.gold.fr\\\/\"},{\"@type\":\"ListItem\",\"position\":2,\"name\":\"Actualit\u00e9s\",\"item\":\"https:\\\/\\\/www.gold.fr\\\/news\\\/\"},{\"@type\":\"ListItem\",\"position\":3,\"name\":\"C\u00f4te d\u2019ivoire : Le m\u00e9tal jaune menace le cacao\"}]},{\"@type\":\"WebSite\",\"@id\":\"https:\\\/\\\/www.gold.fr\\\/news\\\/#website\",\"url\":\"https:\\\/\\\/www.gold.fr\\\/news\\\/\",\"name\":\"Gold.fr\",\"description\":\"Actualit\u00e9s de l&#039;Or et des m\u00e9taux pr\u00e9cieux\",\"potentialAction\":[{\"@type\":\"SearchAction\",\"target\":{\"@type\":\"EntryPoint\",\"urlTemplate\":\"https:\\\/\\\/www.gold.fr\\\/news\\\/?s={search_term_string}\"},\"query-input\":{\"@type\":\"PropertyValueSpecification\",\"valueRequired\":true,\"valueName\":\"search_term_string\"}}],\"inLanguage\":\"fr-FR\"},{\"@type\":\"Person\",\"@id\":\"https:\\\/\\\/www.gold.fr\\\/news\\\/#\\\/schema\\\/person\\\/070491b4b4fb7671bf59b3be20302ce9\",\"name\":\"Comptoir National de l'Or\",\"image\":{\"@type\":\"ImageObject\",\"inLanguage\":\"fr-FR\",\"@id\":\"https:\\\/\\\/secure.gravatar.com\\\/avatar\\\/0a2867fd5abe37bed95d5a65e9d58f01756e11efc68af9888dfc50cfa7f65948?s=96&d=mm&r=gb490554db0a38188709de567aa58480d\",\"url\":\"https:\\\/\\\/secure.gravatar.com\\\/avatar\\\/0a2867fd5abe37bed95d5a65e9d58f01756e11efc68af9888dfc50cfa7f65948?s=96&d=mm&r=g\",\"contentUrl\":\"https:\\\/\\\/secure.gravatar.com\\\/avatar\\\/0a2867fd5abe37bed95d5a65e9d58f01756e11efc68af9888dfc50cfa7f65948?s=96&d=mm&r=g\",\"caption\":\"Comptoir National de l'Or\"},\"description\":\"Notre r\u00e9daction est constitu\u00e9e de membres experts dans les m\u00e9tiers de l'\u00e9conomie et la gestion, des Responsables d'agence Comptoir National de l'Or, des analystes financiers qui publient r\u00e9guli\u00e8rement des \u00e9tudes sur les politiques des banques centrales, le cours de l'or, prix de l'or, cours de l'argent, prix de l'argent, cours du platine, cours du palladium,... la situation en zone euro et l'impact de la strat\u00e9gie mon\u00e9taire de la FED. Notre \u00e9quipe scrute \u00e9galement une information plus g\u00e9n\u00e9raliste \u00e0 la recherche d'actualit\u00e9 \\\"p\u00e9pite\\\" \u00e0 vous partager. Depuis 5 ans, nous avons publi\u00e9 un peu plus de 4000 articles qui s'adressent \u00e0 un public large et vari\u00e9 ayant pour objectif de satisfaire votre curiosit\u00e9 et de partager avec vous une certaine fascination pour le m\u00e9tal jaune, le rachat d'or, et pour ceux qui veulent investir dans l'or, vendre leur or tout simplement en savoir plus... Pour tous vos achat or et argent, n'h\u00e9sitez pas \u00e0 prendre rendez-vous dans l'un de nos nombreux comptoirs.\",\"sameAs\":[\"https:\\\/\\\/www.gold.fr\"]}]}<\/script>\n<!-- \/ Yoast SEO plugin. -->","yoast_head_json":{"title":"C\u00f4te d\u2019ivoire : Le m\u00e9tal jaune menace le cacao - Gold.fr","robots":{"index":"index","follow":"follow","max-snippet":"max-snippet:-1","max-image-preview":"max-image-preview:large","max-video-preview":"max-video-preview:-1"},"canonical":"https:\/\/www.gold.fr\/news\/2014\/04\/22\/cote-divoire-le-metal-jaune-menace-le-cacao\/","og_locale":"fr_FR","og_type":"article","og_title":"C\u00f4te d\u2019ivoire : Le m\u00e9tal jaune menace le cacao - Gold.fr","og_description":"Certes ; le march\u00e9 de l&rsquo;or n&rsquo;est pas r\u00e9ellement novice, dans la r\u00e9gion. Mais il semblerait qu&rsquo;une nouvelle vague de d\u00e9couvertes relatives \u00e0 plusieurs gisements d&rsquo;or \u00e9parpill\u00e9s un peu partout dans le pays, associ\u00e9e \u00e0 un [&hellip;]","og_url":"https:\/\/www.gold.fr\/news\/2014\/04\/22\/cote-divoire-le-metal-jaune-menace-le-cacao\/","og_site_name":"Gold.fr","article_publisher":"https:\/\/www.facebook.com\/Goldfr\/","article_published_time":"2014-04-22T07:00:06+00:00","article_modified_time":"2017-11-02T10:31:58+00:00","og_image":[{"width":600,"height":400,"url":"https:\/\/www.gold.fr\/news\/wp-content\/uploads\/2012\/05\/cours-de-l-or3.jpg","type":"image\/jpeg"}],"author":"Comptoir National de l'Or","twitter_card":"summary_large_image","twitter_misc":{"\u00c9crit par":"Comptoir National de l'Or","Dur\u00e9e de lecture estim\u00e9e":"1 minute"},"schema":{"@context":"https:\/\/schema.org","@graph":[{"@type":"Article","@id":"https:\/\/www.gold.fr\/news\/2014\/04\/22\/cote-divoire-le-metal-jaune-menace-le-cacao\/#article","isPartOf":{"@id":"https:\/\/www.gold.fr\/news\/2014\/04\/22\/cote-divoire-le-metal-jaune-menace-le-cacao\/"},"author":{"name":"Comptoir National de l'Or","@id":"https:\/\/www.gold.fr\/news\/#\/schema\/person\/070491b4b4fb7671bf59b3be20302ce9"},"headline":"C\u00f4te d\u2019ivoire : Le m\u00e9tal jaune menace le cacao","datePublished":"2014-04-22T07:00:06+00:00","dateModified":"2017-11-02T10:31:58+00:00","mainEntityOfPage":{"@id":"https:\/\/www.gold.fr\/news\/2014\/04\/22\/cote-divoire-le-metal-jaune-menace-le-cacao\/"},"wordCount":300,"commentCount":0,"image":{"@id":"https:\/\/www.gold.fr\/news\/2014\/04\/22\/cote-divoire-le-metal-jaune-menace-le-cacao\/#primaryimage"},"thumbnailUrl":"https:\/\/www.gold.fr\/news\/wp-content\/uploads\/2012\/05\/cours-de-l-or3.jpg","keywords":["cacao","cote d'ivoire","M\u00e9tal jaune"],"articleSection":["Articles de presse"],"inLanguage":"fr-FR"},{"@type":"WebPage","@id":"https:\/\/www.gold.fr\/news\/2014\/04\/22\/cote-divoire-le-metal-jaune-menace-le-cacao\/","url":"https:\/\/www.gold.fr\/news\/2014\/04\/22\/cote-divoire-le-metal-jaune-menace-le-cacao\/","name":"C\u00f4te d\u2019ivoire : Le m\u00e9tal jaune menace le cacao - Gold.fr","isPartOf":{"@id":"https:\/\/www.gold.fr\/news\/#website"},"primaryImageOfPage":{"@id":"https:\/\/www.gold.fr\/news\/2014\/04\/22\/cote-divoire-le-metal-jaune-menace-le-cacao\/#primaryimage"},"image":{"@id":"https:\/\/www.gold.fr\/news\/2014\/04\/22\/cote-divoire-le-metal-jaune-menace-le-cacao\/#primaryimage"},"thumbnailUrl":"https:\/\/www.gold.fr\/news\/wp-content\/uploads\/2012\/05\/cours-de-l-or3.jpg","datePublished":"2014-04-22T07:00:06+00:00","dateModified":"2017-11-02T10:31:58+00:00","author":{"@id":"https:\/\/www.gold.fr\/news\/#\/schema\/person\/070491b4b4fb7671bf59b3be20302ce9"},"breadcrumb":{"@id":"https:\/\/www.gold.fr\/news\/2014\/04\/22\/cote-divoire-le-metal-jaune-menace-le-cacao\/#breadcrumb"},"inLanguage":"fr-FR","potentialAction":[{"@type":"ReadAction","target":["https:\/\/www.gold.fr\/news\/2014\/04\/22\/cote-divoire-le-metal-jaune-menace-le-cacao\/"]}]},{"@type":"ImageObject","inLanguage":"fr-FR","@id":"https:\/\/www.gold.fr\/news\/2014\/04\/22\/cote-divoire-le-metal-jaune-menace-le-cacao\/#primaryimage","url":"https:\/\/www.gold.fr\/news\/wp-content\/uploads\/2012\/05\/cours-de-l-or3.jpg","contentUrl":"https:\/\/www.gold.fr\/news\/wp-content\/uploads\/2012\/05\/cours-de-l-or3.jpg","width":"600","height":"400","caption":"C\u00f4te d\u2019ivoire et Or : Les d\u00e9fis de l\u2019engouement"},{"@type":"BreadcrumbList","@id":"https:\/\/www.gold.fr\/news\/2014\/04\/22\/cote-divoire-le-metal-jaune-menace-le-cacao\/#breadcrumb","itemListElement":[{"@type":"ListItem","position":1,"name":"Accueil","item":"https:\/\/www.gold.fr\/"},{"@type":"ListItem","position":2,"name":"Actualit\u00e9s","item":"https:\/\/www.gold.fr\/news\/"},{"@type":"ListItem","position":3,"name":"C\u00f4te d\u2019ivoire : Le m\u00e9tal jaune menace le cacao"}]},{"@type":"WebSite","@id":"https:\/\/www.gold.fr\/news\/#website","url":"https:\/\/www.gold.fr\/news\/","name":"Gold.fr","description":"Actualit\u00e9s de l&#039;Or et des m\u00e9taux pr\u00e9cieux","potentialAction":[{"@type":"SearchAction","target":{"@type":"EntryPoint","urlTemplate":"https:\/\/www.gold.fr\/news\/?s={search_term_string}"},"query-input":{"@type":"PropertyValueSpecification","valueRequired":true,"valueName":"search_term_string"}}],"inLanguage":"fr-FR"},{"@type":"Person","@id":"https:\/\/www.gold.fr\/news\/#\/schema\/person\/070491b4b4fb7671bf59b3be20302ce9","name":"Comptoir National de l'Or","image":{"@type":"ImageObject","inLanguage":"fr-FR","@id":"https:\/\/secure.gravatar.com\/avatar\/0a2867fd5abe37bed95d5a65e9d58f01756e11efc68af9888dfc50cfa7f65948?s=96&d=mm&r=gb490554db0a38188709de567aa58480d","url":"https:\/\/secure.gravatar.com\/avatar\/0a2867fd5abe37bed95d5a65e9d58f01756e11efc68af9888dfc50cfa7f65948?s=96&d=mm&r=g","contentUrl":"https:\/\/secure.gravatar.com\/avatar\/0a2867fd5abe37bed95d5a65e9d58f01756e11efc68af9888dfc50cfa7f65948?s=96&d=mm&r=g","caption":"Comptoir National de l'Or"},"description":"Notre r\u00e9daction est constitu\u00e9e de membres experts dans les m\u00e9tiers de l'\u00e9conomie et la gestion, des Responsables d'agence Comptoir National de l'Or, des analystes financiers qui publient r\u00e9guli\u00e8rement des \u00e9tudes sur les politiques des banques centrales, le cours de l'or, prix de l'or, cours de l'argent, prix de l'argent, cours du platine, cours du palladium,... la situation en zone euro et l'impact de la strat\u00e9gie mon\u00e9taire de la FED. Notre \u00e9quipe scrute \u00e9galement une information plus g\u00e9n\u00e9raliste \u00e0 la recherche d'actualit\u00e9 \"p\u00e9pite\" \u00e0 vous partager. Depuis 5 ans, nous avons publi\u00e9 un peu plus de 4000 articles qui s'adressent \u00e0 un public large et vari\u00e9 ayant pour objectif de satisfaire votre curiosit\u00e9 et de partager avec vous une certaine fascination pour le m\u00e9tal jaune, le rachat d'or, et pour ceux qui veulent investir dans l'or, vendre leur or tout simplement en savoir plus... Pour tous vos achat or et argent, n'h\u00e9sitez pas \u00e0 prendre rendez-vous dans l'un de nos nombreux comptoirs.","sameAs":["https:\/\/www.gold.fr"]}]}},"authors":[{"term_id":2565,"user_id":18,"is_guest":0,"slug":"julie","display_name":"Comptoir National de l'Or","avatar_url":"https:\/\/secure.gravatar.com\/avatar\/713f289e398d35ead876c4a4cc08607f0d6d266058cfc25683fffb6092d0e572?s=96&d=mm&r=g","0":null,"1":"","2":"","3":"","4":"","5":"","6":"","7":"","8":""}],"_links":{"self":[{"href":"https:\/\/www.gold.fr\/news\/wp-json\/wp\/v2\/posts\/14479","targetHints":{"allow":["GET"]}}],"collection":[{"href":"https:\/\/www.gold.fr\/news\/wp-json\/wp\/v2\/posts"}],"about":[{"href":"https:\/\/www.gold.fr\/news\/wp-json\/wp\/v2\/types\/post"}],"author":[{"embeddable":true,"href":"https:\/\/www.gold.fr\/news\/wp-json\/wp\/v2\/users\/18"}],"replies":[{"embeddable":true,"href":"https:\/\/www.gold.fr\/news\/wp-json\/wp\/v2\/comments?post=14479"}],"version-history":[{"count":0,"href":"https:\/\/www.gold.fr\/news\/wp-json\/wp\/v2\/posts\/14479\/revisions"}],"wp:featuredmedia":[{"embeddable":true,"href":"https:\/\/www.gold.fr\/news\/wp-json\/wp\/v2\/media\/7654"}],"wp:attachment":[{"href":"https:\/\/www.gold.fr\/news\/wp-json\/wp\/v2\/media?parent=14479"}],"wp:term":[{"taxonomy":"category","embeddable":true,"href":"https:\/\/www.gold.fr\/news\/wp-json\/wp\/v2\/categories?post=14479"},{"taxonomy":"post_tag","embeddable":true,"href":"https:\/\/www.gold.fr\/news\/wp-json\/wp\/v2\/tags?post=14479"},{"taxonomy":"author","embeddable":true,"href":"https:\/\/www.gold.fr\/news\/wp-json\/wp\/v2\/ppma_author?post=14479"}],"curies":[{"name":"wp","href":"https:\/\/api.w.org\/{rel}","templated":true}]}}