{"id":14476,"date":"2014-04-21T17:00:44","date_gmt":"2014-04-21T15:00:44","guid":{"rendered":"https:\/\/www.gold.fr\/news\/?p=14476"},"modified":"2017-11-02T11:31:58","modified_gmt":"2017-11-02T10:31:58","slug":"commerzbank-prevoit-une-annee-haussiere-pour-lor","status":"publish","type":"post","link":"https:\/\/www.gold.fr\/news\/2014\/04\/21\/commerzbank-prevoit-une-annee-haussiere-pour-lor\/","title":{"rendered":"Commerzbank pr\u00e9voit une ann\u00e9e haussi\u00e8re pour l\u2019or"},"content":{"rendered":"<p><img loading=\"lazy\" decoding=\"async\" class=\"alignleft size-thumbnail wp-image-444\" title=\"Commerzbank pr\u00e9voit une ann\u00e9e haussi\u00e8re pour l\u2019or\" src=\"https:\/\/www.gold.fr\/news\/wp-content\/uploads\/2011\/07\/1-150x150.jpg\" alt=\"\" width=\"150\" height=\"150\" \/><span style=\"font-size: small;\">Si, d&rsquo;un c\u00f4t\u00e9, la <strong>Deutsche Bank<\/strong> (banque centrale allemande) ne se <a href='https:\/\/www.gold.fr\/news\/tags\/bijoux-or' class='esk-seo-plu-link'>montre<\/a> pas particuli\u00e8rement optimiste concernant l&rsquo;avenir du march\u00e9 aurif\u00e8re sur son territoire, les experts et observateurs du march\u00e9 international demeurent, quant \u00e0 eux, confiants dans leurs perspectives \u00e0 court et moyen terme.<\/span>    <span style=\"font-size: small;\"> Pour la <strong>Deutsche Bank<\/strong>, les quelques <strong>10%<\/strong> de gains accumul\u00e9s par le march\u00e9 aurif\u00e8re, depuis le d\u00e9but de l&rsquo;ann\u00e9e <strong>2014<\/strong>, ne suffiront pas \u00e0 amortir l&rsquo;impact de la pression correctionnelle baissi\u00e8re qui p\u00e8sera, d\u00e8s le milieu du deuxi\u00e8me trimestre 2014 sur le march\u00e9 d&rsquo;<a href='https:\/\/www.gold.fr\/news\/tags\/or' class='esk-seo-plu-link'>or<\/a> physique. Les experts du groupe bancaire d\u00e9clarent en effet : \u00ab <em>Nous pensons que ce n&rsquo;est qu&rsquo;une question de temps avant que l&rsquo;<a href='https:\/\/www.gold.fr\/news\/tags\/or' class='esk-seo-plu-link'>or<\/a> ne re-teste les points bas [en dollars US] atteints en d\u00e9cembre de l&rsquo;ann\u00e9e pass\u00e9e<\/em> \u00bb, estimant que les prix de l&rsquo;<a href='https:\/\/www.gold.fr\/news\/tags\/or' class='esk-seo-plu-link'>or<\/a> ont \u00e9t\u00e9 boost\u00e9s, depuis le mois de <strong>janvier 2014<\/strong>, par des investissements occidentaux, \u00ab <em>la demande continue des banques centrales des \u00e9conomies \u00e9mergentes et une demande croissante des particuliers en Chine<\/em> \u00bb. Toutefois, cette tendance aurait du mal \u00e0 se poursuivre, selon eux, puisque \u00ab <em>avec les primes de [l&rsquo;<a href='https:\/\/www.gold.fr\/news\/tags\/or' class='esk-seo-plu-link'>or<\/a>] physique \u00e0 Shanghai restant bas et les taux GOFO [forward] devenant positifs, le support [issu de la tension sur la march\u00e9 du] physique a commenc\u00e9 \u00e0 diminuer<\/em> \u00bb.<\/span>    <span style=\"font-size: small;\"> De son c\u00f4t\u00e9, la <strong>Commerzbank<\/strong> maintient son enti\u00e8re confiance en la valeur du <a href='https:\/\/www.gold.fr\/news\/tags\/or' class='esk-seo-plu-link'>m\u00e9tal jaune<\/a> \u00ab <em>qu&rsquo;ils voyaient un tournant dans la demande d&rsquo;investissement d&rsquo;<a href='https:\/\/www.gold.fr\/news\/tags\/or' class='esk-seo-plu-link'>or<\/a> physique des plus grands fonds occidentaux <\/em>\u00bb, et soulignant que \u00ab <em>apr\u00e8s les liquidations de <strong>2013<\/strong> de pr\u00e8s de <strong>900 tonnes<\/strong> sur un encours record des ETF <a href='https:\/\/www.gold.fr\/news\/tags\/or' class='esk-seo-plu-link'>or<\/a> de <strong>2 500 tonnes d&rsquo;<a href='https:\/\/www.gold.fr\/news\/tags\/or' class='esk-seo-plu-link'>or<\/a> <\/strong><\/em>\u00bb, ils demeuraient confiants \u00ab <em>que les [liquidations] des ETF stopperont une fois pour toute cette ann\u00e9e et ne p\u00e8seront plus de quelque fa\u00e7on durable sur <a title=\"Prix de l'Or\" href=\"https:\/\/www.gold.fr\/cours-or-prix-de-l-or\/\" target=\"_blank\">les cours de l\u2019or<\/a><\/em>\u00bb.<\/span><\/p>\n<!-- AddThis Advanced Settings generic via filter on the_content --><!-- AddThis Share Buttons generic via filter on the_content -->","protected":false},"excerpt":{"rendered":"<p>Si, d&rsquo;un c\u00f4t\u00e9, la Deutsche Bank (banque centrale allemande) ne se montre pas particuli\u00e8rement optimiste concernant l&rsquo;avenir du march\u00e9 aurif\u00e8re sur son territoire, les experts et observateurs du march\u00e9 international demeurent, quant \u00e0 eux, confiants dans [&hellip;]<\/p>\n","protected":false},"author":18,"featured_media":0,"comment_status":"open","ping_status":"open","sticky":false,"template":"","format":"standard","meta":{"_mbp_gutenberg_autopost":false,"_pgmb_is_evergreen":false,"_pgmb_ap_template_id":0,"footnotes":""},"categories":[6],"tags":[1459,341,1826,1045,1047,962],"ppma_author":[2565],"class_list":["post-14476","post","type-post","status-publish","format-standard","hentry","category-articles-de-presse","tag-commerzbank","tag-demande-or","tag-deutsche-bank","tag-hausse-or","tag-marche-aurifere","tag-prix-or"],"yoast_head":"<!-- This site is optimized with the Yoast SEO plugin v27.5 - https:\/\/yoast.com\/product\/yoast-seo-wordpress\/ -->\n<title>Commerzbank pr\u00e9voit une ann\u00e9e haussi\u00e8re pour l\u2019or - Gold.fr<\/title>\n<meta name=\"robots\" content=\"index, follow, max-snippet:-1, max-image-preview:large, max-video-preview:-1\" \/>\n<link rel=\"canonical\" href=\"https:\/\/www.gold.fr\/news\/2014\/04\/21\/commerzbank-prevoit-une-annee-haussiere-pour-lor\/\" \/>\n<meta property=\"og:locale\" content=\"fr_FR\" \/>\n<meta property=\"og:type\" content=\"article\" \/>\n<meta property=\"og:title\" content=\"Commerzbank pr\u00e9voit une ann\u00e9e haussi\u00e8re pour l\u2019or - Gold.fr\" \/>\n<meta property=\"og:description\" content=\"Si, d&rsquo;un c\u00f4t\u00e9, la Deutsche Bank (banque centrale allemande) ne se montre pas particuli\u00e8rement optimiste concernant l&rsquo;avenir du march\u00e9 aurif\u00e8re sur son territoire, les experts et observateurs du march\u00e9 international demeurent, quant \u00e0 eux, confiants dans [&hellip;]\" \/>\n<meta property=\"og:url\" content=\"https:\/\/www.gold.fr\/news\/2014\/04\/21\/commerzbank-prevoit-une-annee-haussiere-pour-lor\/\" \/>\n<meta property=\"og:site_name\" content=\"Gold.fr\" \/>\n<meta property=\"article:publisher\" content=\"https:\/\/www.facebook.com\/Goldfr\/\" \/>\n<meta property=\"article:published_time\" content=\"2014-04-21T15:00:44+00:00\" \/>\n<meta property=\"article:modified_time\" content=\"2017-11-02T10:31:58+00:00\" \/>\n<meta property=\"og:image\" content=\"https:\/\/www.gold.fr\/news\/wp-content\/uploads\/2011\/07\/1-150x150.jpg\" \/>\n<meta name=\"author\" content=\"Comptoir National de l&#039;Or\" \/>\n<meta name=\"twitter:card\" content=\"summary_large_image\" \/>\n<meta name=\"twitter:label1\" content=\"\u00c9crit par\" \/>\n\t<meta name=\"twitter:data1\" content=\"Comptoir National de l&#039;Or\" \/>\n\t<meta name=\"twitter:label2\" content=\"Dur\u00e9e de lecture estim\u00e9e\" \/>\n\t<meta name=\"twitter:data2\" content=\"1 minute\" \/>\n<script type=\"application\/ld+json\" class=\"yoast-schema-graph\">{\"@context\":\"https:\\\/\\\/schema.org\",\"@graph\":[{\"@type\":\"Article\",\"@id\":\"https:\\\/\\\/www.gold.fr\\\/news\\\/2014\\\/04\\\/21\\\/commerzbank-prevoit-une-annee-haussiere-pour-lor\\\/#article\",\"isPartOf\":{\"@id\":\"https:\\\/\\\/www.gold.fr\\\/news\\\/2014\\\/04\\\/21\\\/commerzbank-prevoit-une-annee-haussiere-pour-lor\\\/\"},\"author\":{\"name\":\"Comptoir National de l'Or\",\"@id\":\"https:\\\/\\\/www.gold.fr\\\/news\\\/#\\\/schema\\\/person\\\/070491b4b4fb7671bf59b3be20302ce9\"},\"headline\":\"Commerzbank pr\u00e9voit une ann\u00e9e haussi\u00e8re pour l\u2019or\",\"datePublished\":\"2014-04-21T15:00:44+00:00\",\"dateModified\":\"2017-11-02T10:31:58+00:00\",\"mainEntityOfPage\":{\"@id\":\"https:\\\/\\\/www.gold.fr\\\/news\\\/2014\\\/04\\\/21\\\/commerzbank-prevoit-une-annee-haussiere-pour-lor\\\/\"},\"wordCount\":322,\"commentCount\":0,\"image\":{\"@id\":\"https:\\\/\\\/www.gold.fr\\\/news\\\/2014\\\/04\\\/21\\\/commerzbank-prevoit-une-annee-haussiere-pour-lor\\\/#primaryimage\"},\"thumbnailUrl\":\"https:\\\/\\\/www.gold.fr\\\/news\\\/wp-content\\\/uploads\\\/2011\\\/07\\\/1-150x150.jpg\",\"keywords\":[\"Commerzbank\",\"Demande Or\",\"Deutsche Bank\",\"hausse or\",\"march\u00e9 aurif\u00e8re\",\"prix or\"],\"articleSection\":[\"Articles de presse\"],\"inLanguage\":\"fr-FR\"},{\"@type\":\"WebPage\",\"@id\":\"https:\\\/\\\/www.gold.fr\\\/news\\\/2014\\\/04\\\/21\\\/commerzbank-prevoit-une-annee-haussiere-pour-lor\\\/\",\"url\":\"https:\\\/\\\/www.gold.fr\\\/news\\\/2014\\\/04\\\/21\\\/commerzbank-prevoit-une-annee-haussiere-pour-lor\\\/\",\"name\":\"Commerzbank pr\u00e9voit une ann\u00e9e haussi\u00e8re pour l\u2019or - Gold.fr\",\"isPartOf\":{\"@id\":\"https:\\\/\\\/www.gold.fr\\\/news\\\/#website\"},\"primaryImageOfPage\":{\"@id\":\"https:\\\/\\\/www.gold.fr\\\/news\\\/2014\\\/04\\\/21\\\/commerzbank-prevoit-une-annee-haussiere-pour-lor\\\/#primaryimage\"},\"image\":{\"@id\":\"https:\\\/\\\/www.gold.fr\\\/news\\\/2014\\\/04\\\/21\\\/commerzbank-prevoit-une-annee-haussiere-pour-lor\\\/#primaryimage\"},\"thumbnailUrl\":\"https:\\\/\\\/www.gold.fr\\\/news\\\/wp-content\\\/uploads\\\/2011\\\/07\\\/1-150x150.jpg\",\"datePublished\":\"2014-04-21T15:00:44+00:00\",\"dateModified\":\"2017-11-02T10:31:58+00:00\",\"author\":{\"@id\":\"https:\\\/\\\/www.gold.fr\\\/news\\\/#\\\/schema\\\/person\\\/070491b4b4fb7671bf59b3be20302ce9\"},\"breadcrumb\":{\"@id\":\"https:\\\/\\\/www.gold.fr\\\/news\\\/2014\\\/04\\\/21\\\/commerzbank-prevoit-une-annee-haussiere-pour-lor\\\/#breadcrumb\"},\"inLanguage\":\"fr-FR\",\"potentialAction\":[{\"@type\":\"ReadAction\",\"target\":[\"https:\\\/\\\/www.gold.fr\\\/news\\\/2014\\\/04\\\/21\\\/commerzbank-prevoit-une-annee-haussiere-pour-lor\\\/\"]}]},{\"@type\":\"ImageObject\",\"inLanguage\":\"fr-FR\",\"@id\":\"https:\\\/\\\/www.gold.fr\\\/news\\\/2014\\\/04\\\/21\\\/commerzbank-prevoit-une-annee-haussiere-pour-lor\\\/#primaryimage\",\"url\":\"https:\\\/\\\/www.gold.fr\\\/news\\\/wp-content\\\/uploads\\\/2011\\\/07\\\/1-150x150.jpg\",\"contentUrl\":\"https:\\\/\\\/www.gold.fr\\\/news\\\/wp-content\\\/uploads\\\/2011\\\/07\\\/1-150x150.jpg\"},{\"@type\":\"BreadcrumbList\",\"@id\":\"https:\\\/\\\/www.gold.fr\\\/news\\\/2014\\\/04\\\/21\\\/commerzbank-prevoit-une-annee-haussiere-pour-lor\\\/#breadcrumb\",\"itemListElement\":[{\"@type\":\"ListItem\",\"position\":1,\"name\":\"Accueil\",\"item\":\"https:\\\/\\\/www.gold.fr\\\/\"},{\"@type\":\"ListItem\",\"position\":2,\"name\":\"Actualit\u00e9s\",\"item\":\"https:\\\/\\\/www.gold.fr\\\/news\\\/\"},{\"@type\":\"ListItem\",\"position\":3,\"name\":\"Commerzbank pr\u00e9voit une ann\u00e9e haussi\u00e8re pour l\u2019or\"}]},{\"@type\":\"WebSite\",\"@id\":\"https:\\\/\\\/www.gold.fr\\\/news\\\/#website\",\"url\":\"https:\\\/\\\/www.gold.fr\\\/news\\\/\",\"name\":\"Gold.fr\",\"description\":\"Actualit\u00e9s de l&#039;Or et des m\u00e9taux pr\u00e9cieux\",\"potentialAction\":[{\"@type\":\"SearchAction\",\"target\":{\"@type\":\"EntryPoint\",\"urlTemplate\":\"https:\\\/\\\/www.gold.fr\\\/news\\\/?s={search_term_string}\"},\"query-input\":{\"@type\":\"PropertyValueSpecification\",\"valueRequired\":true,\"valueName\":\"search_term_string\"}}],\"inLanguage\":\"fr-FR\"},{\"@type\":\"Person\",\"@id\":\"https:\\\/\\\/www.gold.fr\\\/news\\\/#\\\/schema\\\/person\\\/070491b4b4fb7671bf59b3be20302ce9\",\"name\":\"Comptoir National de l'Or\",\"image\":{\"@type\":\"ImageObject\",\"inLanguage\":\"fr-FR\",\"@id\":\"https:\\\/\\\/secure.gravatar.com\\\/avatar\\\/0a2867fd5abe37bed95d5a65e9d58f01756e11efc68af9888dfc50cfa7f65948?s=96&d=mm&r=gb490554db0a38188709de567aa58480d\",\"url\":\"https:\\\/\\\/secure.gravatar.com\\\/avatar\\\/0a2867fd5abe37bed95d5a65e9d58f01756e11efc68af9888dfc50cfa7f65948?s=96&d=mm&r=g\",\"contentUrl\":\"https:\\\/\\\/secure.gravatar.com\\\/avatar\\\/0a2867fd5abe37bed95d5a65e9d58f01756e11efc68af9888dfc50cfa7f65948?s=96&d=mm&r=g\",\"caption\":\"Comptoir National de l'Or\"},\"description\":\"Notre r\u00e9daction est constitu\u00e9e de membres experts dans les m\u00e9tiers de l'\u00e9conomie et la gestion, des Responsables d'agence Comptoir National de l'Or, des analystes financiers qui publient r\u00e9guli\u00e8rement des \u00e9tudes sur les politiques des banques centrales, le cours de l'or, prix de l'or, cours de l'argent, prix de l'argent, cours du platine, cours du palladium,... la situation en zone euro et l'impact de la strat\u00e9gie mon\u00e9taire de la FED. Notre \u00e9quipe scrute \u00e9galement une information plus g\u00e9n\u00e9raliste \u00e0 la recherche d'actualit\u00e9 \\\"p\u00e9pite\\\" \u00e0 vous partager. Depuis 5 ans, nous avons publi\u00e9 un peu plus de 4000 articles qui s'adressent \u00e0 un public large et vari\u00e9 ayant pour objectif de satisfaire votre curiosit\u00e9 et de partager avec vous une certaine fascination pour le m\u00e9tal jaune, le rachat d'or, et pour ceux qui veulent investir dans l'or, vendre leur or tout simplement en savoir plus... Pour tous vos achat or et argent, n'h\u00e9sitez pas \u00e0 prendre rendez-vous dans l'un de nos nombreux comptoirs.\",\"sameAs\":[\"https:\\\/\\\/www.gold.fr\"]}]}<\/script>\n<!-- \/ Yoast SEO plugin. -->","yoast_head_json":{"title":"Commerzbank pr\u00e9voit une ann\u00e9e haussi\u00e8re pour l\u2019or - Gold.fr","robots":{"index":"index","follow":"follow","max-snippet":"max-snippet:-1","max-image-preview":"max-image-preview:large","max-video-preview":"max-video-preview:-1"},"canonical":"https:\/\/www.gold.fr\/news\/2014\/04\/21\/commerzbank-prevoit-une-annee-haussiere-pour-lor\/","og_locale":"fr_FR","og_type":"article","og_title":"Commerzbank pr\u00e9voit une ann\u00e9e haussi\u00e8re pour l\u2019or - Gold.fr","og_description":"Si, d&rsquo;un c\u00f4t\u00e9, la Deutsche Bank (banque centrale allemande) ne se montre pas particuli\u00e8rement optimiste concernant l&rsquo;avenir du march\u00e9 aurif\u00e8re sur son territoire, les experts et observateurs du march\u00e9 international demeurent, quant \u00e0 eux, confiants dans [&hellip;]","og_url":"https:\/\/www.gold.fr\/news\/2014\/04\/21\/commerzbank-prevoit-une-annee-haussiere-pour-lor\/","og_site_name":"Gold.fr","article_publisher":"https:\/\/www.facebook.com\/Goldfr\/","article_published_time":"2014-04-21T15:00:44+00:00","article_modified_time":"2017-11-02T10:31:58+00:00","og_image":[{"url":"https:\/\/www.gold.fr\/news\/wp-content\/uploads\/2011\/07\/1-150x150.jpg","type":"","width":"","height":""}],"author":"Comptoir National de l'Or","twitter_card":"summary_large_image","twitter_misc":{"\u00c9crit par":"Comptoir National de l'Or","Dur\u00e9e de lecture estim\u00e9e":"1 minute"},"schema":{"@context":"https:\/\/schema.org","@graph":[{"@type":"Article","@id":"https:\/\/www.gold.fr\/news\/2014\/04\/21\/commerzbank-prevoit-une-annee-haussiere-pour-lor\/#article","isPartOf":{"@id":"https:\/\/www.gold.fr\/news\/2014\/04\/21\/commerzbank-prevoit-une-annee-haussiere-pour-lor\/"},"author":{"name":"Comptoir National de l'Or","@id":"https:\/\/www.gold.fr\/news\/#\/schema\/person\/070491b4b4fb7671bf59b3be20302ce9"},"headline":"Commerzbank pr\u00e9voit une ann\u00e9e haussi\u00e8re pour l\u2019or","datePublished":"2014-04-21T15:00:44+00:00","dateModified":"2017-11-02T10:31:58+00:00","mainEntityOfPage":{"@id":"https:\/\/www.gold.fr\/news\/2014\/04\/21\/commerzbank-prevoit-une-annee-haussiere-pour-lor\/"},"wordCount":322,"commentCount":0,"image":{"@id":"https:\/\/www.gold.fr\/news\/2014\/04\/21\/commerzbank-prevoit-une-annee-haussiere-pour-lor\/#primaryimage"},"thumbnailUrl":"https:\/\/www.gold.fr\/news\/wp-content\/uploads\/2011\/07\/1-150x150.jpg","keywords":["Commerzbank","Demande Or","Deutsche Bank","hausse or","march\u00e9 aurif\u00e8re","prix or"],"articleSection":["Articles de presse"],"inLanguage":"fr-FR"},{"@type":"WebPage","@id":"https:\/\/www.gold.fr\/news\/2014\/04\/21\/commerzbank-prevoit-une-annee-haussiere-pour-lor\/","url":"https:\/\/www.gold.fr\/news\/2014\/04\/21\/commerzbank-prevoit-une-annee-haussiere-pour-lor\/","name":"Commerzbank pr\u00e9voit une ann\u00e9e haussi\u00e8re pour l\u2019or - Gold.fr","isPartOf":{"@id":"https:\/\/www.gold.fr\/news\/#website"},"primaryImageOfPage":{"@id":"https:\/\/www.gold.fr\/news\/2014\/04\/21\/commerzbank-prevoit-une-annee-haussiere-pour-lor\/#primaryimage"},"image":{"@id":"https:\/\/www.gold.fr\/news\/2014\/04\/21\/commerzbank-prevoit-une-annee-haussiere-pour-lor\/#primaryimage"},"thumbnailUrl":"https:\/\/www.gold.fr\/news\/wp-content\/uploads\/2011\/07\/1-150x150.jpg","datePublished":"2014-04-21T15:00:44+00:00","dateModified":"2017-11-02T10:31:58+00:00","author":{"@id":"https:\/\/www.gold.fr\/news\/#\/schema\/person\/070491b4b4fb7671bf59b3be20302ce9"},"breadcrumb":{"@id":"https:\/\/www.gold.fr\/news\/2014\/04\/21\/commerzbank-prevoit-une-annee-haussiere-pour-lor\/#breadcrumb"},"inLanguage":"fr-FR","potentialAction":[{"@type":"ReadAction","target":["https:\/\/www.gold.fr\/news\/2014\/04\/21\/commerzbank-prevoit-une-annee-haussiere-pour-lor\/"]}]},{"@type":"ImageObject","inLanguage":"fr-FR","@id":"https:\/\/www.gold.fr\/news\/2014\/04\/21\/commerzbank-prevoit-une-annee-haussiere-pour-lor\/#primaryimage","url":"https:\/\/www.gold.fr\/news\/wp-content\/uploads\/2011\/07\/1-150x150.jpg","contentUrl":"https:\/\/www.gold.fr\/news\/wp-content\/uploads\/2011\/07\/1-150x150.jpg"},{"@type":"BreadcrumbList","@id":"https:\/\/www.gold.fr\/news\/2014\/04\/21\/commerzbank-prevoit-une-annee-haussiere-pour-lor\/#breadcrumb","itemListElement":[{"@type":"ListItem","position":1,"name":"Accueil","item":"https:\/\/www.gold.fr\/"},{"@type":"ListItem","position":2,"name":"Actualit\u00e9s","item":"https:\/\/www.gold.fr\/news\/"},{"@type":"ListItem","position":3,"name":"Commerzbank pr\u00e9voit une ann\u00e9e haussi\u00e8re pour l\u2019or"}]},{"@type":"WebSite","@id":"https:\/\/www.gold.fr\/news\/#website","url":"https:\/\/www.gold.fr\/news\/","name":"Gold.fr","description":"Actualit\u00e9s de l&#039;Or et des m\u00e9taux pr\u00e9cieux","potentialAction":[{"@type":"SearchAction","target":{"@type":"EntryPoint","urlTemplate":"https:\/\/www.gold.fr\/news\/?s={search_term_string}"},"query-input":{"@type":"PropertyValueSpecification","valueRequired":true,"valueName":"search_term_string"}}],"inLanguage":"fr-FR"},{"@type":"Person","@id":"https:\/\/www.gold.fr\/news\/#\/schema\/person\/070491b4b4fb7671bf59b3be20302ce9","name":"Comptoir National de l'Or","image":{"@type":"ImageObject","inLanguage":"fr-FR","@id":"https:\/\/secure.gravatar.com\/avatar\/0a2867fd5abe37bed95d5a65e9d58f01756e11efc68af9888dfc50cfa7f65948?s=96&d=mm&r=gb490554db0a38188709de567aa58480d","url":"https:\/\/secure.gravatar.com\/avatar\/0a2867fd5abe37bed95d5a65e9d58f01756e11efc68af9888dfc50cfa7f65948?s=96&d=mm&r=g","contentUrl":"https:\/\/secure.gravatar.com\/avatar\/0a2867fd5abe37bed95d5a65e9d58f01756e11efc68af9888dfc50cfa7f65948?s=96&d=mm&r=g","caption":"Comptoir National de l'Or"},"description":"Notre r\u00e9daction est constitu\u00e9e de membres experts dans les m\u00e9tiers de l'\u00e9conomie et la gestion, des Responsables d'agence Comptoir National de l'Or, des analystes financiers qui publient r\u00e9guli\u00e8rement des \u00e9tudes sur les politiques des banques centrales, le cours de l'or, prix de l'or, cours de l'argent, prix de l'argent, cours du platine, cours du palladium,... la situation en zone euro et l'impact de la strat\u00e9gie mon\u00e9taire de la FED. Notre \u00e9quipe scrute \u00e9galement une information plus g\u00e9n\u00e9raliste \u00e0 la recherche d'actualit\u00e9 \"p\u00e9pite\" \u00e0 vous partager. Depuis 5 ans, nous avons publi\u00e9 un peu plus de 4000 articles qui s'adressent \u00e0 un public large et vari\u00e9 ayant pour objectif de satisfaire votre curiosit\u00e9 et de partager avec vous une certaine fascination pour le m\u00e9tal jaune, le rachat d'or, et pour ceux qui veulent investir dans l'or, vendre leur or tout simplement en savoir plus... Pour tous vos achat or et argent, n'h\u00e9sitez pas \u00e0 prendre rendez-vous dans l'un de nos nombreux comptoirs.","sameAs":["https:\/\/www.gold.fr"]}]}},"authors":[{"term_id":2565,"user_id":18,"is_guest":0,"slug":"julie","display_name":"Comptoir National de l'Or","avatar_url":"https:\/\/secure.gravatar.com\/avatar\/713f289e398d35ead876c4a4cc08607f0d6d266058cfc25683fffb6092d0e572?s=96&d=mm&r=g","0":null,"1":"","2":"","3":"","4":"","5":"","6":"","7":"","8":""}],"_links":{"self":[{"href":"https:\/\/www.gold.fr\/news\/wp-json\/wp\/v2\/posts\/14476","targetHints":{"allow":["GET"]}}],"collection":[{"href":"https:\/\/www.gold.fr\/news\/wp-json\/wp\/v2\/posts"}],"about":[{"href":"https:\/\/www.gold.fr\/news\/wp-json\/wp\/v2\/types\/post"}],"author":[{"embeddable":true,"href":"https:\/\/www.gold.fr\/news\/wp-json\/wp\/v2\/users\/18"}],"replies":[{"embeddable":true,"href":"https:\/\/www.gold.fr\/news\/wp-json\/wp\/v2\/comments?post=14476"}],"version-history":[{"count":0,"href":"https:\/\/www.gold.fr\/news\/wp-json\/wp\/v2\/posts\/14476\/revisions"}],"wp:attachment":[{"href":"https:\/\/www.gold.fr\/news\/wp-json\/wp\/v2\/media?parent=14476"}],"wp:term":[{"taxonomy":"category","embeddable":true,"href":"https:\/\/www.gold.fr\/news\/wp-json\/wp\/v2\/categories?post=14476"},{"taxonomy":"post_tag","embeddable":true,"href":"https:\/\/www.gold.fr\/news\/wp-json\/wp\/v2\/tags?post=14476"},{"taxonomy":"author","embeddable":true,"href":"https:\/\/www.gold.fr\/news\/wp-json\/wp\/v2\/ppma_author?post=14476"}],"curies":[{"name":"wp","href":"https:\/\/api.w.org\/{rel}","templated":true}]}}