{"id":14435,"date":"2014-04-22T10:00:06","date_gmt":"2014-04-22T08:00:06","guid":{"rendered":"https:\/\/www.gold.fr\/news\/?p=14435"},"modified":"2021-01-13T16:22:57","modified_gmt":"2021-01-13T15:22:57","slug":"avec-lor-le-japon-garde-espoir","status":"publish","type":"post","link":"https:\/\/www.gold.fr\/news\/2014\/04\/22\/avec-lor-le-japon-garde-espoir\/","title":{"rendered":"Avec l\u2019Or, le Japon garde espoir&#8230;."},"content":{"rendered":"<p><a href=\"https:\/\/www.gold.fr\/news\/wp-content\/uploads\/2014\/04\/Japon-22.jpg\"><img loading=\"lazy\" decoding=\"async\" class=\"alignleft size-thumbnail wp-image-14446\" src=\"https:\/\/www.gold.fr\/news\/wp-content\/uploads\/2014\/04\/Japon-22-150x146.jpg\" alt=\"\" width=\"150\" height=\"146\" srcset=\"https:\/\/www.gold.fr\/news\/wp-content\/uploads\/2014\/04\/Japon-22-150x146.jpg 150w, https:\/\/www.gold.fr\/news\/wp-content\/uploads\/2014\/04\/Japon-22-1x1.jpg 1w\" sizes=\"auto, (max-width: 150px) 100vw, 150px\" \/><\/a>Avec un faible niveau de croissance et une d\u00e9flation install\u00e9e depuis une quinzaine d&rsquo;ann\u00e9es, les salaires, la consommation et l&rsquo;investissement japonais se retrouvent s\u00e9v\u00e8rement frein\u00e9s. Il faut dire que depuis les ann\u00e9es 90 le pays tra\u00eene les s\u00e9quelles de l&rsquo;\u00e9clatement de la bulle financi\u00e8re. Aux commandes du gouvernement depuis fin d\u00e9cembre 2012, Shinzo Abe a propos\u00e9 un programme de relance de l&rsquo;activit\u00e9 \u00e9conomique du nom d&rsquo;Abenomics. Il tourne autour de\u00a0 3 axes\u00a0: La planche \u00e0 billets, la relance publique pour encourager la demande et la relance des investissements \u00e9trangers par des r\u00e9formes structurelles. Pourtant une ann\u00e9e apr\u00e8s son d\u00e9clenchement, la dette publique enregistre un taux sup\u00e9rieur \u00e0 240% du PIB, et le d\u00e9ficit commercial s&rsquo;aggrave\u00a0! A la base s\u00e9duisant, ce plan ne donne pas pour le moment de r\u00e9sultats franchement satisfaisants\u2026 Pendant longtemps le Japon a pu financer sa dette publique faramineuse gr\u00e2ce notamment \u00e0 sa balance commerciale largement exc\u00e9dentaire. Les japonais rachetaient leurs dettes avec leur \u00e9pargne, qu&rsquo;ils investissaient en bons du tr\u00e9sor. Ils d\u00e9tiennent 93% de leur dette. Seulement, ce syst\u00e8me semble aujourd&rsquo;hui de plus en plus chancelant du fait du vieillissement de la population japonaise dont l&rsquo;\u00e9pargne diminue. On compte pour le moment un quart de japonais \u00e2g\u00e9s de plus de 65 ans mais ce taux devrait s&rsquo;accro\u00eetre dans les prochaines ann\u00e9es. Par ailleurs, on pr\u00e9voit une chute du nombre d&rsquo;habitants \u00e0 60 millions en 2100 sachant qu&rsquo;il d\u00e9passe le double actuellement. Ces \u00e9l\u00e9ments compliquent la gestion du pays en g\u00e9n\u00e9ral mais de la consommation et de la croissance en particulier, d&rsquo;autant plus qu&rsquo;il n&rsquo;est pas d&rsquo;usage au Japon, de faire appel \u00e0 l&rsquo;immigration afin de pr\u00eater main forte\u2026 Le Japon se retrouve donc dans une situation \u00e9conomique pour le moins f\u00e9brile. M\u00eame la d\u00e9valuation de la monnaie, mesure de la \u00ab\u00a0potion\u00a0\u00bb du premier ministre japonais visant \u00e0 amortir le d\u00e9ficit commercial, n&rsquo;aboutit pas \u00e0 une r\u00e9ussite non plus\u00a0! L&rsquo;activit\u00e9 \u00e9conomique patine encore, la croissance a tr\u00e8s peu progress\u00e9 en 2013 avec 1,6% contre 1,2% en 2012 et la consommation des m\u00e9nages est pour le moins d\u00e9cevante, avec un yen d\u00e9valu\u00e9 de pr\u00e8s de 30% depuis 2012. Ce sc\u00e9nario explique sans doute pourquoi le Japon a choisit d&#8217;emprunter\u00a0 le chemin de ses voisins asiatiques qui sont <strong><a title=\"L\u2019Or et la Chine, c\u2019est enfin officiel !\" href=\"https:\/\/www.gold.fr\/news\/2014\/02\/22\/lor-et-la-chine-cest-enfin-officiel\/13991\/\">la Chine<\/a><\/strong>, l&rsquo;Inde, la Tha\u00eflande, le Vietnam et l&rsquo;Indon\u00e9sie, en mati\u00e8re de <strong><a href=\"https:\/\/www.gold.fr\/news\/2013\/05\/14\/or-et-si-lasie-avait-tout-compris\/11680\/\">consommation d\u2019or<\/a><\/strong>. La demande d&rsquo;<a class=\"esk-seo-plu-link\" href=\"https:\/\/www.gold.fr\/news\/tags\/or\">or<\/a> japonaise a carr\u00e9ment explos\u00e9 en 2013 avec une progression de 225% selon le World Gold Council. \u00a0Il s&rsquo;agit en r\u00e9alit\u00e9 d&rsquo;une situation in\u00e9dite pour un pays tr\u00e8s peu demandeur d&rsquo;<a class=\"esk-seo-plu-link\" href=\"https:\/\/www.gold.fr\/news\/tags\/or\">or<\/a> mais plut\u00f4t vendeur habituellement\u00a0! A titre d&rsquo;exemple, le plus important d\u00e9taillant de bijoux en <a class=\"esk-seo-plu-link\" href=\"https:\/\/www.gold.fr\/news\/tags\/or\">or<\/a> du pays, Tanak Kikinzoku, a vu sa <strong><a href=\"https:\/\/www.gold.fr\/lingot-1-kg\/\">vente de lingots d&rsquo;or<\/a><\/strong> augmenter de 500% au mois de mars. Le Japon vit un changement quasi soudain de son comportement vis-\u00e0-vis de l&rsquo;<a class=\"esk-seo-plu-link\" href=\"https:\/\/www.gold.fr\/news\/tags\/or\">or<\/a>. D&rsquo;apr\u00e8s le Financial Times, certains clients vont m\u00eame jusqu&rsquo;\u00e0 patienter pendant plusieurs heures devant les<a href=\"https:\/\/www.gold.fr\/\"> <strong>comptoirs d&rsquo;achat et de vente d&rsquo;<\/strong><\/a><strong><a class=\"esk-seo-plu-link\" href=\"https:\/\/www.gold.fr\/news\/tags\/or\">or<\/a><\/strong>\u00a0pour effectuer leurs achats ! Le tr\u00e8s r\u00e9put\u00e9 quotidien \u00e9conomique britannique a \u00e9galement recueilli les propos d&rsquo;un jeune trader exprimant une volont\u00e9 farouche de vouloir \u00e0 tout prix conserver son <strong><a href=\"https:\/\/www.gold.fr\">or<\/a><\/strong> en attendant que le yen s&rsquo;effondre\u2026 Il devient par cons\u00e9quent l\u00e9gitime de penser que l&rsquo;int\u00e9r\u00eat de la population de l&rsquo;archipel pour\u00a0<strong><a href=\"https:\/\/www.gold.fr\/news\/2013\/11\/25\/la-demande-dans-le-secteur-de-la-bijouterie-au-troisieme-trimestre-2013\/13306\/\">les bijoux en or<\/a><\/strong>,<strong> <a href=\"https:\/\/www.gold.fr\/news\/2013\/03\/29\/metal-jaune-le-filon-dor-des-investissements\/11208\/\">les pi\u00e8ces d\u2019or et les lingots d&rsquo;Or<\/a><\/strong>, devrait \u00a0s&rsquo;amplifier\u2026 Avec le rel\u00e8vement effectif du taux de TVA de 5 \u00e0 8% depuis le 1<sup>er<\/sup> avril, le pouvoir d&rsquo;achat des m\u00e9nages est plus que jamais mis \u00e0 mal\u00a0! Mais la population Nippone fraichement convertie est maintenant bien consciente que cette technique du coup de pouce magique \u00e0 l&rsquo;inflation, n&rsquo;est que temporaire et que toutes les magies disparaissent un jour, m\u00eame celle d&rsquo;Abenomics\u2026\u00a0!<\/p>\n<p style=\"text-align: right;\">Feriel Belhassen<\/p>\n<p style=\"text-align: right;\">R\u00e9dactrice gold.fr<\/p>\n<p style=\"text-align: right;\">(Sources : La Tribune\/L&rsquo;\u00e9conomiste\/Zonebourse.com)<\/p>\n<!-- AddThis Advanced Settings generic via filter on the_content --><!-- AddThis Share Buttons generic via filter on the_content -->","protected":false},"excerpt":{"rendered":"<p>Avec un faible niveau de croissance et une d\u00e9flation install\u00e9e depuis une quinzaine d&rsquo;ann\u00e9es, les salaires, la consommation et l&rsquo;investissement japonais se retrouvent s\u00e9v\u00e8rement frein\u00e9s. Il faut dire que depuis les ann\u00e9es 90 le pays tra\u00eene [&hellip;]<\/p>\n","protected":false},"author":18,"featured_media":14444,"comment_status":"closed","ping_status":"closed","sticky":false,"template":"","format":"standard","meta":{"_mbp_gutenberg_autopost":false,"_pgmb_is_evergreen":false,"_pgmb_ap_template_id":0,"footnotes":""},"categories":[4],"tags":[631,76,1696],"ppma_author":[2565],"class_list":["post-14435","post","type-post","status-publish","format-standard","has-post-thumbnail","hentry","category-analyses-economiques","tag-japon","tag-or","tag-or-japon"],"yoast_head":"<!-- This site is optimized with the Yoast SEO plugin v27.5 - https:\/\/yoast.com\/product\/yoast-seo-wordpress\/ -->\n<title>Avec l\u2019Or, le Japon garde espoir.... - Gold.fr<\/title>\n<meta name=\"description\" content=\"Avec l\u2019Or, le Japon garde espoir\u2026 Retrouvez plus d&#039;informations et d&#039;actualit\u00e9 au sujet de l&#039;or sur Gold.fr, le site d&#039;actualit\u00e9 du Comptoir National de l&#039;Or.\" \/>\n<meta name=\"robots\" content=\"index, follow, max-snippet:-1, max-image-preview:large, max-video-preview:-1\" \/>\n<link rel=\"canonical\" href=\"https:\/\/www.gold.fr\/news\/2014\/04\/22\/avec-lor-le-japon-garde-espoir\/\" \/>\n<meta property=\"og:locale\" content=\"fr_FR\" \/>\n<meta property=\"og:type\" content=\"article\" \/>\n<meta property=\"og:title\" content=\"Avec l\u2019Or, le Japon garde espoir.... - Gold.fr\" \/>\n<meta property=\"og:description\" content=\"Avec l\u2019Or, le Japon garde espoir\u2026 Retrouvez plus d&#039;informations et d&#039;actualit\u00e9 au sujet de l&#039;or sur Gold.fr, le site d&#039;actualit\u00e9 du Comptoir National de l&#039;Or.\" \/>\n<meta property=\"og:url\" content=\"https:\/\/www.gold.fr\/news\/2014\/04\/22\/avec-lor-le-japon-garde-espoir\/\" \/>\n<meta property=\"og:site_name\" content=\"Gold.fr\" \/>\n<meta property=\"article:publisher\" content=\"https:\/\/www.facebook.com\/Goldfr\/\" \/>\n<meta property=\"article:published_time\" content=\"2014-04-22T08:00:06+00:00\" \/>\n<meta property=\"article:modified_time\" content=\"2021-01-13T15:22:57+00:00\" \/>\n<meta property=\"og:image\" content=\"https:\/\/www.gold.fr\/news\/wp-content\/uploads\/2014\/04\/Abenomics.jpg\" \/>\n\t<meta property=\"og:image:width\" content=\"600\" \/>\n\t<meta property=\"og:image:height\" content=\"332\" \/>\n\t<meta property=\"og:image:type\" content=\"image\/jpeg\" \/>\n<meta name=\"author\" content=\"Comptoir National de l&#039;Or\" \/>\n<meta name=\"twitter:card\" content=\"summary_large_image\" \/>\n<meta name=\"twitter:label1\" content=\"\u00c9crit par\" \/>\n\t<meta name=\"twitter:data1\" content=\"Comptoir National de l&#039;Or\" \/>\n\t<meta name=\"twitter:label2\" content=\"Dur\u00e9e de lecture estim\u00e9e\" \/>\n\t<meta name=\"twitter:data2\" content=\"3 minutes\" \/>\n<script type=\"application\/ld+json\" class=\"yoast-schema-graph\">{\"@context\":\"https:\\\/\\\/schema.org\",\"@graph\":[{\"@type\":\"Article\",\"@id\":\"https:\\\/\\\/www.gold.fr\\\/news\\\/2014\\\/04\\\/22\\\/avec-lor-le-japon-garde-espoir\\\/#article\",\"isPartOf\":{\"@id\":\"https:\\\/\\\/www.gold.fr\\\/news\\\/2014\\\/04\\\/22\\\/avec-lor-le-japon-garde-espoir\\\/\"},\"author\":{\"name\":\"Comptoir National de l'Or\",\"@id\":\"https:\\\/\\\/www.gold.fr\\\/news\\\/#\\\/schema\\\/person\\\/070491b4b4fb7671bf59b3be20302ce9\"},\"headline\":\"Avec l\u2019Or, le Japon garde espoir&#8230;.\",\"datePublished\":\"2014-04-22T08:00:06+00:00\",\"dateModified\":\"2021-01-13T15:22:57+00:00\",\"mainEntityOfPage\":{\"@id\":\"https:\\\/\\\/www.gold.fr\\\/news\\\/2014\\\/04\\\/22\\\/avec-lor-le-japon-garde-espoir\\\/\"},\"wordCount\":709,\"image\":{\"@id\":\"https:\\\/\\\/www.gold.fr\\\/news\\\/2014\\\/04\\\/22\\\/avec-lor-le-japon-garde-espoir\\\/#primaryimage\"},\"thumbnailUrl\":\"https:\\\/\\\/www.gold.fr\\\/news\\\/wp-content\\\/uploads\\\/2014\\\/04\\\/Abenomics.jpg\",\"keywords\":[\"Japon\",\"Or\",\"or japon\"],\"articleSection\":[\"Analyses Economiques\"],\"inLanguage\":\"fr-FR\"},{\"@type\":\"WebPage\",\"@id\":\"https:\\\/\\\/www.gold.fr\\\/news\\\/2014\\\/04\\\/22\\\/avec-lor-le-japon-garde-espoir\\\/\",\"url\":\"https:\\\/\\\/www.gold.fr\\\/news\\\/2014\\\/04\\\/22\\\/avec-lor-le-japon-garde-espoir\\\/\",\"name\":\"Avec l\u2019Or, le Japon garde espoir.... - Gold.fr\",\"isPartOf\":{\"@id\":\"https:\\\/\\\/www.gold.fr\\\/news\\\/#website\"},\"primaryImageOfPage\":{\"@id\":\"https:\\\/\\\/www.gold.fr\\\/news\\\/2014\\\/04\\\/22\\\/avec-lor-le-japon-garde-espoir\\\/#primaryimage\"},\"image\":{\"@id\":\"https:\\\/\\\/www.gold.fr\\\/news\\\/2014\\\/04\\\/22\\\/avec-lor-le-japon-garde-espoir\\\/#primaryimage\"},\"thumbnailUrl\":\"https:\\\/\\\/www.gold.fr\\\/news\\\/wp-content\\\/uploads\\\/2014\\\/04\\\/Abenomics.jpg\",\"datePublished\":\"2014-04-22T08:00:06+00:00\",\"dateModified\":\"2021-01-13T15:22:57+00:00\",\"author\":{\"@id\":\"https:\\\/\\\/www.gold.fr\\\/news\\\/#\\\/schema\\\/person\\\/070491b4b4fb7671bf59b3be20302ce9\"},\"description\":\"Avec l\u2019Or, le Japon garde espoir\u2026 Retrouvez plus d'informations et d'actualit\u00e9 au sujet de l'or sur Gold.fr, le site d'actualit\u00e9 du Comptoir National de l'Or.\",\"breadcrumb\":{\"@id\":\"https:\\\/\\\/www.gold.fr\\\/news\\\/2014\\\/04\\\/22\\\/avec-lor-le-japon-garde-espoir\\\/#breadcrumb\"},\"inLanguage\":\"fr-FR\",\"potentialAction\":[{\"@type\":\"ReadAction\",\"target\":[\"https:\\\/\\\/www.gold.fr\\\/news\\\/2014\\\/04\\\/22\\\/avec-lor-le-japon-garde-espoir\\\/\"]}]},{\"@type\":\"ImageObject\",\"inLanguage\":\"fr-FR\",\"@id\":\"https:\\\/\\\/www.gold.fr\\\/news\\\/2014\\\/04\\\/22\\\/avec-lor-le-japon-garde-espoir\\\/#primaryimage\",\"url\":\"https:\\\/\\\/www.gold.fr\\\/news\\\/wp-content\\\/uploads\\\/2014\\\/04\\\/Abenomics.jpg\",\"contentUrl\":\"https:\\\/\\\/www.gold.fr\\\/news\\\/wp-content\\\/uploads\\\/2014\\\/04\\\/Abenomics.jpg\",\"width\":\"600\",\"height\":\"332\",\"caption\":\"Abenomics\"},{\"@type\":\"BreadcrumbList\",\"@id\":\"https:\\\/\\\/www.gold.fr\\\/news\\\/2014\\\/04\\\/22\\\/avec-lor-le-japon-garde-espoir\\\/#breadcrumb\",\"itemListElement\":[{\"@type\":\"ListItem\",\"position\":1,\"name\":\"Accueil\",\"item\":\"https:\\\/\\\/www.gold.fr\\\/\"},{\"@type\":\"ListItem\",\"position\":2,\"name\":\"Actualit\u00e9s\",\"item\":\"https:\\\/\\\/www.gold.fr\\\/news\\\/\"},{\"@type\":\"ListItem\",\"position\":3,\"name\":\"Avec l\u2019Or, le Japon garde espoir&#8230;.\"}]},{\"@type\":\"WebSite\",\"@id\":\"https:\\\/\\\/www.gold.fr\\\/news\\\/#website\",\"url\":\"https:\\\/\\\/www.gold.fr\\\/news\\\/\",\"name\":\"Gold.fr\",\"description\":\"Actualit\u00e9s de l&#039;Or et des m\u00e9taux pr\u00e9cieux\",\"potentialAction\":[{\"@type\":\"SearchAction\",\"target\":{\"@type\":\"EntryPoint\",\"urlTemplate\":\"https:\\\/\\\/www.gold.fr\\\/news\\\/?s={search_term_string}\"},\"query-input\":{\"@type\":\"PropertyValueSpecification\",\"valueRequired\":true,\"valueName\":\"search_term_string\"}}],\"inLanguage\":\"fr-FR\"},{\"@type\":\"Person\",\"@id\":\"https:\\\/\\\/www.gold.fr\\\/news\\\/#\\\/schema\\\/person\\\/070491b4b4fb7671bf59b3be20302ce9\",\"name\":\"Comptoir National de l'Or\",\"image\":{\"@type\":\"ImageObject\",\"inLanguage\":\"fr-FR\",\"@id\":\"https:\\\/\\\/secure.gravatar.com\\\/avatar\\\/0a2867fd5abe37bed95d5a65e9d58f01756e11efc68af9888dfc50cfa7f65948?s=96&d=mm&r=gb490554db0a38188709de567aa58480d\",\"url\":\"https:\\\/\\\/secure.gravatar.com\\\/avatar\\\/0a2867fd5abe37bed95d5a65e9d58f01756e11efc68af9888dfc50cfa7f65948?s=96&d=mm&r=g\",\"contentUrl\":\"https:\\\/\\\/secure.gravatar.com\\\/avatar\\\/0a2867fd5abe37bed95d5a65e9d58f01756e11efc68af9888dfc50cfa7f65948?s=96&d=mm&r=g\",\"caption\":\"Comptoir National de l'Or\"},\"description\":\"Notre r\u00e9daction est constitu\u00e9e de membres experts dans les m\u00e9tiers de l'\u00e9conomie et la gestion, des Responsables d'agence Comptoir National de l'Or, des analystes financiers qui publient r\u00e9guli\u00e8rement des \u00e9tudes sur les politiques des banques centrales, le cours de l'or, prix de l'or, cours de l'argent, prix de l'argent, cours du platine, cours du palladium,... la situation en zone euro et l'impact de la strat\u00e9gie mon\u00e9taire de la FED. Notre \u00e9quipe scrute \u00e9galement une information plus g\u00e9n\u00e9raliste \u00e0 la recherche d'actualit\u00e9 \\\"p\u00e9pite\\\" \u00e0 vous partager. Depuis 5 ans, nous avons publi\u00e9 un peu plus de 4000 articles qui s'adressent \u00e0 un public large et vari\u00e9 ayant pour objectif de satisfaire votre curiosit\u00e9 et de partager avec vous une certaine fascination pour le m\u00e9tal jaune, le rachat d'or, et pour ceux qui veulent investir dans l'or, vendre leur or tout simplement en savoir plus... Pour tous vos achat or et argent, n'h\u00e9sitez pas \u00e0 prendre rendez-vous dans l'un de nos nombreux comptoirs.\",\"sameAs\":[\"https:\\\/\\\/www.gold.fr\"]}]}<\/script>\n<!-- \/ Yoast SEO plugin. -->","yoast_head_json":{"title":"Avec l\u2019Or, le Japon garde espoir.... - Gold.fr","description":"Avec l\u2019Or, le Japon garde espoir\u2026 Retrouvez plus d'informations et d'actualit\u00e9 au sujet de l'or sur Gold.fr, le site d'actualit\u00e9 du Comptoir National de l'Or.","robots":{"index":"index","follow":"follow","max-snippet":"max-snippet:-1","max-image-preview":"max-image-preview:large","max-video-preview":"max-video-preview:-1"},"canonical":"https:\/\/www.gold.fr\/news\/2014\/04\/22\/avec-lor-le-japon-garde-espoir\/","og_locale":"fr_FR","og_type":"article","og_title":"Avec l\u2019Or, le Japon garde espoir.... - Gold.fr","og_description":"Avec l\u2019Or, le Japon garde espoir\u2026 Retrouvez plus d'informations et d'actualit\u00e9 au sujet de l'or sur Gold.fr, le site d'actualit\u00e9 du Comptoir National de l'Or.","og_url":"https:\/\/www.gold.fr\/news\/2014\/04\/22\/avec-lor-le-japon-garde-espoir\/","og_site_name":"Gold.fr","article_publisher":"https:\/\/www.facebook.com\/Goldfr\/","article_published_time":"2014-04-22T08:00:06+00:00","article_modified_time":"2021-01-13T15:22:57+00:00","og_image":[{"width":600,"height":332,"url":"https:\/\/www.gold.fr\/news\/wp-content\/uploads\/2014\/04\/Abenomics.jpg","type":"image\/jpeg"}],"author":"Comptoir National de l'Or","twitter_card":"summary_large_image","twitter_misc":{"\u00c9crit par":"Comptoir National de l'Or","Dur\u00e9e de lecture estim\u00e9e":"3 minutes"},"schema":{"@context":"https:\/\/schema.org","@graph":[{"@type":"Article","@id":"https:\/\/www.gold.fr\/news\/2014\/04\/22\/avec-lor-le-japon-garde-espoir\/#article","isPartOf":{"@id":"https:\/\/www.gold.fr\/news\/2014\/04\/22\/avec-lor-le-japon-garde-espoir\/"},"author":{"name":"Comptoir National de l'Or","@id":"https:\/\/www.gold.fr\/news\/#\/schema\/person\/070491b4b4fb7671bf59b3be20302ce9"},"headline":"Avec l\u2019Or, le Japon garde espoir&#8230;.","datePublished":"2014-04-22T08:00:06+00:00","dateModified":"2021-01-13T15:22:57+00:00","mainEntityOfPage":{"@id":"https:\/\/www.gold.fr\/news\/2014\/04\/22\/avec-lor-le-japon-garde-espoir\/"},"wordCount":709,"image":{"@id":"https:\/\/www.gold.fr\/news\/2014\/04\/22\/avec-lor-le-japon-garde-espoir\/#primaryimage"},"thumbnailUrl":"https:\/\/www.gold.fr\/news\/wp-content\/uploads\/2014\/04\/Abenomics.jpg","keywords":["Japon","Or","or japon"],"articleSection":["Analyses Economiques"],"inLanguage":"fr-FR"},{"@type":"WebPage","@id":"https:\/\/www.gold.fr\/news\/2014\/04\/22\/avec-lor-le-japon-garde-espoir\/","url":"https:\/\/www.gold.fr\/news\/2014\/04\/22\/avec-lor-le-japon-garde-espoir\/","name":"Avec l\u2019Or, le Japon garde espoir.... - Gold.fr","isPartOf":{"@id":"https:\/\/www.gold.fr\/news\/#website"},"primaryImageOfPage":{"@id":"https:\/\/www.gold.fr\/news\/2014\/04\/22\/avec-lor-le-japon-garde-espoir\/#primaryimage"},"image":{"@id":"https:\/\/www.gold.fr\/news\/2014\/04\/22\/avec-lor-le-japon-garde-espoir\/#primaryimage"},"thumbnailUrl":"https:\/\/www.gold.fr\/news\/wp-content\/uploads\/2014\/04\/Abenomics.jpg","datePublished":"2014-04-22T08:00:06+00:00","dateModified":"2021-01-13T15:22:57+00:00","author":{"@id":"https:\/\/www.gold.fr\/news\/#\/schema\/person\/070491b4b4fb7671bf59b3be20302ce9"},"description":"Avec l\u2019Or, le Japon garde espoir\u2026 Retrouvez plus d'informations et d'actualit\u00e9 au sujet de l'or sur Gold.fr, le site d'actualit\u00e9 du Comptoir National de l'Or.","breadcrumb":{"@id":"https:\/\/www.gold.fr\/news\/2014\/04\/22\/avec-lor-le-japon-garde-espoir\/#breadcrumb"},"inLanguage":"fr-FR","potentialAction":[{"@type":"ReadAction","target":["https:\/\/www.gold.fr\/news\/2014\/04\/22\/avec-lor-le-japon-garde-espoir\/"]}]},{"@type":"ImageObject","inLanguage":"fr-FR","@id":"https:\/\/www.gold.fr\/news\/2014\/04\/22\/avec-lor-le-japon-garde-espoir\/#primaryimage","url":"https:\/\/www.gold.fr\/news\/wp-content\/uploads\/2014\/04\/Abenomics.jpg","contentUrl":"https:\/\/www.gold.fr\/news\/wp-content\/uploads\/2014\/04\/Abenomics.jpg","width":"600","height":"332","caption":"Abenomics"},{"@type":"BreadcrumbList","@id":"https:\/\/www.gold.fr\/news\/2014\/04\/22\/avec-lor-le-japon-garde-espoir\/#breadcrumb","itemListElement":[{"@type":"ListItem","position":1,"name":"Accueil","item":"https:\/\/www.gold.fr\/"},{"@type":"ListItem","position":2,"name":"Actualit\u00e9s","item":"https:\/\/www.gold.fr\/news\/"},{"@type":"ListItem","position":3,"name":"Avec l\u2019Or, le Japon garde espoir&#8230;."}]},{"@type":"WebSite","@id":"https:\/\/www.gold.fr\/news\/#website","url":"https:\/\/www.gold.fr\/news\/","name":"Gold.fr","description":"Actualit\u00e9s de l&#039;Or et des m\u00e9taux pr\u00e9cieux","potentialAction":[{"@type":"SearchAction","target":{"@type":"EntryPoint","urlTemplate":"https:\/\/www.gold.fr\/news\/?s={search_term_string}"},"query-input":{"@type":"PropertyValueSpecification","valueRequired":true,"valueName":"search_term_string"}}],"inLanguage":"fr-FR"},{"@type":"Person","@id":"https:\/\/www.gold.fr\/news\/#\/schema\/person\/070491b4b4fb7671bf59b3be20302ce9","name":"Comptoir National de l'Or","image":{"@type":"ImageObject","inLanguage":"fr-FR","@id":"https:\/\/secure.gravatar.com\/avatar\/0a2867fd5abe37bed95d5a65e9d58f01756e11efc68af9888dfc50cfa7f65948?s=96&d=mm&r=gb490554db0a38188709de567aa58480d","url":"https:\/\/secure.gravatar.com\/avatar\/0a2867fd5abe37bed95d5a65e9d58f01756e11efc68af9888dfc50cfa7f65948?s=96&d=mm&r=g","contentUrl":"https:\/\/secure.gravatar.com\/avatar\/0a2867fd5abe37bed95d5a65e9d58f01756e11efc68af9888dfc50cfa7f65948?s=96&d=mm&r=g","caption":"Comptoir National de l'Or"},"description":"Notre r\u00e9daction est constitu\u00e9e de membres experts dans les m\u00e9tiers de l'\u00e9conomie et la gestion, des Responsables d'agence Comptoir National de l'Or, des analystes financiers qui publient r\u00e9guli\u00e8rement des \u00e9tudes sur les politiques des banques centrales, le cours de l'or, prix de l'or, cours de l'argent, prix de l'argent, cours du platine, cours du palladium,... la situation en zone euro et l'impact de la strat\u00e9gie mon\u00e9taire de la FED. Notre \u00e9quipe scrute \u00e9galement une information plus g\u00e9n\u00e9raliste \u00e0 la recherche d'actualit\u00e9 \"p\u00e9pite\" \u00e0 vous partager. Depuis 5 ans, nous avons publi\u00e9 un peu plus de 4000 articles qui s'adressent \u00e0 un public large et vari\u00e9 ayant pour objectif de satisfaire votre curiosit\u00e9 et de partager avec vous une certaine fascination pour le m\u00e9tal jaune, le rachat d'or, et pour ceux qui veulent investir dans l'or, vendre leur or tout simplement en savoir plus... Pour tous vos achat or et argent, n'h\u00e9sitez pas \u00e0 prendre rendez-vous dans l'un de nos nombreux comptoirs.","sameAs":["https:\/\/www.gold.fr"]}]}},"authors":[{"term_id":2565,"user_id":18,"is_guest":0,"slug":"julie","display_name":"Comptoir National de l'Or","avatar_url":"https:\/\/secure.gravatar.com\/avatar\/713f289e398d35ead876c4a4cc08607f0d6d266058cfc25683fffb6092d0e572?s=96&d=mm&r=g","0":null,"1":"","2":"","3":"","4":"","5":"","6":"","7":"","8":""}],"_links":{"self":[{"href":"https:\/\/www.gold.fr\/news\/wp-json\/wp\/v2\/posts\/14435","targetHints":{"allow":["GET"]}}],"collection":[{"href":"https:\/\/www.gold.fr\/news\/wp-json\/wp\/v2\/posts"}],"about":[{"href":"https:\/\/www.gold.fr\/news\/wp-json\/wp\/v2\/types\/post"}],"author":[{"embeddable":true,"href":"https:\/\/www.gold.fr\/news\/wp-json\/wp\/v2\/users\/18"}],"replies":[{"embeddable":true,"href":"https:\/\/www.gold.fr\/news\/wp-json\/wp\/v2\/comments?post=14435"}],"version-history":[{"count":0,"href":"https:\/\/www.gold.fr\/news\/wp-json\/wp\/v2\/posts\/14435\/revisions"}],"wp:featuredmedia":[{"embeddable":true,"href":"https:\/\/www.gold.fr\/news\/wp-json\/wp\/v2\/media\/14444"}],"wp:attachment":[{"href":"https:\/\/www.gold.fr\/news\/wp-json\/wp\/v2\/media?parent=14435"}],"wp:term":[{"taxonomy":"category","embeddable":true,"href":"https:\/\/www.gold.fr\/news\/wp-json\/wp\/v2\/categories?post=14435"},{"taxonomy":"post_tag","embeddable":true,"href":"https:\/\/www.gold.fr\/news\/wp-json\/wp\/v2\/tags?post=14435"},{"taxonomy":"author","embeddable":true,"href":"https:\/\/www.gold.fr\/news\/wp-json\/wp\/v2\/ppma_author?post=14435"}],"curies":[{"name":"wp","href":"https:\/\/api.w.org\/{rel}","templated":true}]}}