{"id":14431,"date":"2014-04-18T09:00:32","date_gmt":"2014-04-18T07:00:32","guid":{"rendered":"https:\/\/www.gold.fr\/news\/?p=14431"},"modified":"2021-09-09T15:28:36","modified_gmt":"2021-09-09T13:28:36","slug":"une-prudence-generale-regne-sur-les-marches","status":"publish","type":"post","link":"https:\/\/www.gold.fr\/news\/2014\/04\/18\/une-prudence-generale-regne-sur-les-marches\/","title":{"rendered":"Une prudence g\u00e9n\u00e9rale r\u00e8gne sur les march\u00e9s"},"content":{"rendered":"<p><img loading=\"lazy\" decoding=\"async\" class=\"alignleft size-thumbnail wp-image-10194\" title=\"Une prudence g\u00e9n\u00e9rale r\u00e8gne sur les march\u00e9s\" src=\"https:\/\/www.gold.fr\/news\/wp-content\/uploads\/2012\/10\/wall-street.jpg\" alt=\"\" width=\"150\" height=\"150\" \/><span style=\"font-size: small;\">C\u2019est la m\u00e9fiance qui r\u00e8gne, en cette fin de semaine, sur les march\u00e9s financiers internationaux. A la veille des f\u00eates de P\u00e2ques, les op\u00e9rateurs semblent avoir trouv\u00e9 l\u00e0 l\u2019excuse id\u00e9ale pour ralentir leur activit\u00e9, sur fond d\u2019inqui\u00e9tudes grandissantes concernant l\u2019\u00e9volution de la conjoncture g\u00e9opolitique, mais aussi d\u2019attentisme tendu autour des prochaines \u2013et tr\u00e8s imminentes- annonces des r\u00e9sultats de quelques g\u00e9ants de l\u2019\u00e9conomie am\u00e9ricaine.<\/span> <span style=\"font-size: small;\"> Pour les experts du groupe <strong>Valutrades<\/strong>, c\u2019est un bilan mitig\u00e9 qui ressort de cette semaine boursi\u00e8re, puisque les \u00ab\u00a0<em>r\u00e9sultats d\u00e9cevants d&rsquo;<strong>IBM<\/strong> et de Google compensent le ton accommodant de la <strong>FED<\/strong>, dont la pr\u00e9sidente<strong> Janet Yellen<\/strong> a indiqu\u00e9 que la faiblesse sous-jacente sur le march\u00e9 du travail signifierait des taux bas un peu plus longtemps<\/em>\u00a0\u00bb. Du coup, c\u2019est avec un attentisme intense qu\u2019investisseurs et observateurs guetteront de pr\u00e8s les prochaines publications de r\u00e9sultats. Et il faut avouer que le calendrier \u00e9conomique US est particuli\u00e8rement charg\u00e9 en ce moment, avec notamment les r\u00e9sultats de g\u00e9ants tels que<strong> General Electric<\/strong> et <strong>Honeywell<\/strong>, le chimiste <strong>Dupont<\/strong> et les banques <strong>Goldman Sachs<\/strong> et <strong>Morgan Stanley<\/strong>.<\/span> <span style=\"font-size: small;\"> C\u2019est donc avec un certain soulagement que les op\u00e9rateurs accueilleront les quelques s\u00e9ances de pause impos\u00e9e, puisque \u00ab\u00a0<em>avec le long week-end de P\u00e2ques qui approche et les tensions russo-ukrainiennes qui montent, les investisseurs ont peu de raisons de prendre des risques alors que le tableau g\u00e9n\u00e9ral pourrait changer franchement dans les tous prochains jours<\/em>\u00a0\u00bb.<\/span><\/p>\n<!-- AddThis Advanced Settings generic via filter on the_content --><!-- AddThis Share Buttons generic via filter on the_content -->","protected":false},"excerpt":{"rendered":"<p>C\u2019est la m\u00e9fiance qui r\u00e8gne, en cette fin de semaine, sur les march\u00e9s financiers internationaux. A la veille des f\u00eates de P\u00e2ques, les op\u00e9rateurs semblent avoir trouv\u00e9 l\u00e0 l\u2019excuse id\u00e9ale pour ralentir leur activit\u00e9, sur fond [&hellip;]<\/p>\n","protected":false},"author":18,"featured_media":40178,"comment_status":"closed","ping_status":"closed","sticky":false,"template":"","format":"standard","meta":{"_mbp_gutenberg_autopost":false,"_pgmb_is_evergreen":false,"_pgmb_ap_template_id":0,"footnotes":""},"categories":[6],"tags":[1100,144,1649,1410,1810],"ppma_author":[2565],"class_list":["post-14431","post","type-post","status-publish","format-standard","has-post-thumbnail","hentry","category-articles-de-presse","tag-economie-us","tag-fed","tag-marches","tag-marches-financiers","tag-yellen"],"yoast_head":"<!-- This site is optimized with the Yoast SEO plugin v27.5 - https:\/\/yoast.com\/product\/yoast-seo-wordpress\/ -->\n<title>Une prudence g\u00e9n\u00e9rale r\u00e8gne sur les march\u00e9s - Gold.fr<\/title>\n<meta name=\"description\" content=\"C\u2019est la m\u00e9fiance qui r\u00e8gne, les op\u00e9rateurs semblent avoir trouv\u00e9 l\u00e0 l\u2019excuse id\u00e9ale pour ralentir leur activit\u00e9, sur fond d\u2019inqui\u00e9tudes\" \/>\n<meta name=\"robots\" content=\"index, follow, max-snippet:-1, max-image-preview:large, max-video-preview:-1\" \/>\n<link rel=\"canonical\" href=\"https:\/\/www.gold.fr\/news\/2014\/04\/18\/une-prudence-generale-regne-sur-les-marches\/\" \/>\n<meta property=\"og:locale\" content=\"fr_FR\" \/>\n<meta property=\"og:type\" content=\"article\" \/>\n<meta property=\"og:title\" content=\"Une prudence g\u00e9n\u00e9rale r\u00e8gne sur les march\u00e9s - Gold.fr\" \/>\n<meta property=\"og:description\" content=\"C\u2019est la m\u00e9fiance qui r\u00e8gne, les op\u00e9rateurs semblent avoir trouv\u00e9 l\u00e0 l\u2019excuse id\u00e9ale pour ralentir leur activit\u00e9, sur fond d\u2019inqui\u00e9tudes\" \/>\n<meta property=\"og:url\" content=\"https:\/\/www.gold.fr\/news\/2014\/04\/18\/une-prudence-generale-regne-sur-les-marches\/\" \/>\n<meta property=\"og:site_name\" content=\"Gold.fr\" \/>\n<meta property=\"article:publisher\" content=\"https:\/\/www.facebook.com\/Goldfr\/\" \/>\n<meta property=\"article:published_time\" content=\"2014-04-18T07:00:32+00:00\" \/>\n<meta property=\"article:modified_time\" content=\"2021-09-09T13:28:36+00:00\" \/>\n<meta property=\"og:image\" content=\"https:\/\/www.gold.fr\/news\/wp-content\/uploads\/2012\/10\/wall-street.jpg\" \/>\n\t<meta property=\"og:image:width\" content=\"626\" \/>\n\t<meta property=\"og:image:height\" content=\"417\" \/>\n\t<meta property=\"og:image:type\" content=\"image\/jpeg\" \/>\n<meta name=\"author\" content=\"Comptoir National de l&#039;Or\" \/>\n<meta name=\"twitter:card\" content=\"summary_large_image\" \/>\n<meta name=\"twitter:label1\" content=\"\u00c9crit par\" \/>\n\t<meta name=\"twitter:data1\" content=\"Comptoir National de l&#039;Or\" \/>\n\t<meta name=\"twitter:label2\" content=\"Dur\u00e9e de lecture estim\u00e9e\" \/>\n\t<meta name=\"twitter:data2\" content=\"1 minute\" \/>\n<script type=\"application\/ld+json\" class=\"yoast-schema-graph\">{\"@context\":\"https:\\\/\\\/schema.org\",\"@graph\":[{\"@type\":\"Article\",\"@id\":\"https:\\\/\\\/www.gold.fr\\\/news\\\/2014\\\/04\\\/18\\\/une-prudence-generale-regne-sur-les-marches\\\/#article\",\"isPartOf\":{\"@id\":\"https:\\\/\\\/www.gold.fr\\\/news\\\/2014\\\/04\\\/18\\\/une-prudence-generale-regne-sur-les-marches\\\/\"},\"author\":{\"name\":\"Comptoir National de l'Or\",\"@id\":\"https:\\\/\\\/www.gold.fr\\\/news\\\/#\\\/schema\\\/person\\\/070491b4b4fb7671bf59b3be20302ce9\"},\"headline\":\"Une prudence g\u00e9n\u00e9rale r\u00e8gne sur les march\u00e9s\",\"datePublished\":\"2014-04-18T07:00:32+00:00\",\"dateModified\":\"2021-09-09T13:28:36+00:00\",\"mainEntityOfPage\":{\"@id\":\"https:\\\/\\\/www.gold.fr\\\/news\\\/2014\\\/04\\\/18\\\/une-prudence-generale-regne-sur-les-marches\\\/\"},\"wordCount\":278,\"image\":{\"@id\":\"https:\\\/\\\/www.gold.fr\\\/news\\\/2014\\\/04\\\/18\\\/une-prudence-generale-regne-sur-les-marches\\\/#primaryimage\"},\"thumbnailUrl\":\"https:\\\/\\\/www.gold.fr\\\/news\\\/wp-content\\\/uploads\\\/2012\\\/10\\\/wall-street.jpg\",\"keywords\":[\"\u00e9conomie US\",\"fed\",\"march\u00e9s\",\"march\u00e9s financiers\",\"yellen\"],\"articleSection\":[\"Articles de presse\"],\"inLanguage\":\"fr-FR\"},{\"@type\":\"WebPage\",\"@id\":\"https:\\\/\\\/www.gold.fr\\\/news\\\/2014\\\/04\\\/18\\\/une-prudence-generale-regne-sur-les-marches\\\/\",\"url\":\"https:\\\/\\\/www.gold.fr\\\/news\\\/2014\\\/04\\\/18\\\/une-prudence-generale-regne-sur-les-marches\\\/\",\"name\":\"Une prudence g\u00e9n\u00e9rale r\u00e8gne sur les march\u00e9s - Gold.fr\",\"isPartOf\":{\"@id\":\"https:\\\/\\\/www.gold.fr\\\/news\\\/#website\"},\"primaryImageOfPage\":{\"@id\":\"https:\\\/\\\/www.gold.fr\\\/news\\\/2014\\\/04\\\/18\\\/une-prudence-generale-regne-sur-les-marches\\\/#primaryimage\"},\"image\":{\"@id\":\"https:\\\/\\\/www.gold.fr\\\/news\\\/2014\\\/04\\\/18\\\/une-prudence-generale-regne-sur-les-marches\\\/#primaryimage\"},\"thumbnailUrl\":\"https:\\\/\\\/www.gold.fr\\\/news\\\/wp-content\\\/uploads\\\/2012\\\/10\\\/wall-street.jpg\",\"datePublished\":\"2014-04-18T07:00:32+00:00\",\"dateModified\":\"2021-09-09T13:28:36+00:00\",\"author\":{\"@id\":\"https:\\\/\\\/www.gold.fr\\\/news\\\/#\\\/schema\\\/person\\\/070491b4b4fb7671bf59b3be20302ce9\"},\"description\":\"C\u2019est la m\u00e9fiance qui r\u00e8gne, les op\u00e9rateurs semblent avoir trouv\u00e9 l\u00e0 l\u2019excuse id\u00e9ale pour ralentir leur activit\u00e9, sur fond d\u2019inqui\u00e9tudes\",\"breadcrumb\":{\"@id\":\"https:\\\/\\\/www.gold.fr\\\/news\\\/2014\\\/04\\\/18\\\/une-prudence-generale-regne-sur-les-marches\\\/#breadcrumb\"},\"inLanguage\":\"fr-FR\",\"potentialAction\":[{\"@type\":\"ReadAction\",\"target\":[\"https:\\\/\\\/www.gold.fr\\\/news\\\/2014\\\/04\\\/18\\\/une-prudence-generale-regne-sur-les-marches\\\/\"]}]},{\"@type\":\"ImageObject\",\"inLanguage\":\"fr-FR\",\"@id\":\"https:\\\/\\\/www.gold.fr\\\/news\\\/2014\\\/04\\\/18\\\/une-prudence-generale-regne-sur-les-marches\\\/#primaryimage\",\"url\":\"https:\\\/\\\/www.gold.fr\\\/news\\\/wp-content\\\/uploads\\\/2012\\\/10\\\/wall-street.jpg\",\"contentUrl\":\"https:\\\/\\\/www.gold.fr\\\/news\\\/wp-content\\\/uploads\\\/2012\\\/10\\\/wall-street.jpg\",\"width\":626,\"height\":417,\"caption\":\"wall-street\"},{\"@type\":\"BreadcrumbList\",\"@id\":\"https:\\\/\\\/www.gold.fr\\\/news\\\/2014\\\/04\\\/18\\\/une-prudence-generale-regne-sur-les-marches\\\/#breadcrumb\",\"itemListElement\":[{\"@type\":\"ListItem\",\"position\":1,\"name\":\"Accueil\",\"item\":\"https:\\\/\\\/www.gold.fr\\\/\"},{\"@type\":\"ListItem\",\"position\":2,\"name\":\"Actualit\u00e9s\",\"item\":\"https:\\\/\\\/www.gold.fr\\\/news\\\/\"},{\"@type\":\"ListItem\",\"position\":3,\"name\":\"Une prudence g\u00e9n\u00e9rale r\u00e8gne sur les march\u00e9s\"}]},{\"@type\":\"WebSite\",\"@id\":\"https:\\\/\\\/www.gold.fr\\\/news\\\/#website\",\"url\":\"https:\\\/\\\/www.gold.fr\\\/news\\\/\",\"name\":\"Gold.fr\",\"description\":\"Actualit\u00e9s de l&#039;Or et des m\u00e9taux pr\u00e9cieux\",\"potentialAction\":[{\"@type\":\"SearchAction\",\"target\":{\"@type\":\"EntryPoint\",\"urlTemplate\":\"https:\\\/\\\/www.gold.fr\\\/news\\\/?s={search_term_string}\"},\"query-input\":{\"@type\":\"PropertyValueSpecification\",\"valueRequired\":true,\"valueName\":\"search_term_string\"}}],\"inLanguage\":\"fr-FR\"},{\"@type\":\"Person\",\"@id\":\"https:\\\/\\\/www.gold.fr\\\/news\\\/#\\\/schema\\\/person\\\/070491b4b4fb7671bf59b3be20302ce9\",\"name\":\"Comptoir National de l'Or\",\"image\":{\"@type\":\"ImageObject\",\"inLanguage\":\"fr-FR\",\"@id\":\"https:\\\/\\\/secure.gravatar.com\\\/avatar\\\/0a2867fd5abe37bed95d5a65e9d58f01756e11efc68af9888dfc50cfa7f65948?s=96&d=mm&r=gb490554db0a38188709de567aa58480d\",\"url\":\"https:\\\/\\\/secure.gravatar.com\\\/avatar\\\/0a2867fd5abe37bed95d5a65e9d58f01756e11efc68af9888dfc50cfa7f65948?s=96&d=mm&r=g\",\"contentUrl\":\"https:\\\/\\\/secure.gravatar.com\\\/avatar\\\/0a2867fd5abe37bed95d5a65e9d58f01756e11efc68af9888dfc50cfa7f65948?s=96&d=mm&r=g\",\"caption\":\"Comptoir National de l'Or\"},\"description\":\"Notre r\u00e9daction est constitu\u00e9e de membres experts dans les m\u00e9tiers de l'\u00e9conomie et la gestion, des Responsables d'agence Comptoir National de l'Or, des analystes financiers qui publient r\u00e9guli\u00e8rement des \u00e9tudes sur les politiques des banques centrales, le cours de l'or, prix de l'or, cours de l'argent, prix de l'argent, cours du platine, cours du palladium,... la situation en zone euro et l'impact de la strat\u00e9gie mon\u00e9taire de la FED. Notre \u00e9quipe scrute \u00e9galement une information plus g\u00e9n\u00e9raliste \u00e0 la recherche d'actualit\u00e9 \\\"p\u00e9pite\\\" \u00e0 vous partager. Depuis 5 ans, nous avons publi\u00e9 un peu plus de 4000 articles qui s'adressent \u00e0 un public large et vari\u00e9 ayant pour objectif de satisfaire votre curiosit\u00e9 et de partager avec vous une certaine fascination pour le m\u00e9tal jaune, le rachat d'or, et pour ceux qui veulent investir dans l'or, vendre leur or tout simplement en savoir plus... Pour tous vos achat or et argent, n'h\u00e9sitez pas \u00e0 prendre rendez-vous dans l'un de nos nombreux comptoirs.\",\"sameAs\":[\"https:\\\/\\\/www.gold.fr\"]}]}<\/script>\n<!-- \/ Yoast SEO plugin. -->","yoast_head_json":{"title":"Une prudence g\u00e9n\u00e9rale r\u00e8gne sur les march\u00e9s - Gold.fr","description":"C\u2019est la m\u00e9fiance qui r\u00e8gne, les op\u00e9rateurs semblent avoir trouv\u00e9 l\u00e0 l\u2019excuse id\u00e9ale pour ralentir leur activit\u00e9, sur fond d\u2019inqui\u00e9tudes","robots":{"index":"index","follow":"follow","max-snippet":"max-snippet:-1","max-image-preview":"max-image-preview:large","max-video-preview":"max-video-preview:-1"},"canonical":"https:\/\/www.gold.fr\/news\/2014\/04\/18\/une-prudence-generale-regne-sur-les-marches\/","og_locale":"fr_FR","og_type":"article","og_title":"Une prudence g\u00e9n\u00e9rale r\u00e8gne sur les march\u00e9s - Gold.fr","og_description":"C\u2019est la m\u00e9fiance qui r\u00e8gne, les op\u00e9rateurs semblent avoir trouv\u00e9 l\u00e0 l\u2019excuse id\u00e9ale pour ralentir leur activit\u00e9, sur fond d\u2019inqui\u00e9tudes","og_url":"https:\/\/www.gold.fr\/news\/2014\/04\/18\/une-prudence-generale-regne-sur-les-marches\/","og_site_name":"Gold.fr","article_publisher":"https:\/\/www.facebook.com\/Goldfr\/","article_published_time":"2014-04-18T07:00:32+00:00","article_modified_time":"2021-09-09T13:28:36+00:00","og_image":[{"width":626,"height":417,"url":"https:\/\/www.gold.fr\/news\/wp-content\/uploads\/2012\/10\/wall-street.jpg","type":"image\/jpeg"}],"author":"Comptoir National de l'Or","twitter_card":"summary_large_image","twitter_misc":{"\u00c9crit par":"Comptoir National de l'Or","Dur\u00e9e de lecture estim\u00e9e":"1 minute"},"schema":{"@context":"https:\/\/schema.org","@graph":[{"@type":"Article","@id":"https:\/\/www.gold.fr\/news\/2014\/04\/18\/une-prudence-generale-regne-sur-les-marches\/#article","isPartOf":{"@id":"https:\/\/www.gold.fr\/news\/2014\/04\/18\/une-prudence-generale-regne-sur-les-marches\/"},"author":{"name":"Comptoir National de l'Or","@id":"https:\/\/www.gold.fr\/news\/#\/schema\/person\/070491b4b4fb7671bf59b3be20302ce9"},"headline":"Une prudence g\u00e9n\u00e9rale r\u00e8gne sur les march\u00e9s","datePublished":"2014-04-18T07:00:32+00:00","dateModified":"2021-09-09T13:28:36+00:00","mainEntityOfPage":{"@id":"https:\/\/www.gold.fr\/news\/2014\/04\/18\/une-prudence-generale-regne-sur-les-marches\/"},"wordCount":278,"image":{"@id":"https:\/\/www.gold.fr\/news\/2014\/04\/18\/une-prudence-generale-regne-sur-les-marches\/#primaryimage"},"thumbnailUrl":"https:\/\/www.gold.fr\/news\/wp-content\/uploads\/2012\/10\/wall-street.jpg","keywords":["\u00e9conomie US","fed","march\u00e9s","march\u00e9s financiers","yellen"],"articleSection":["Articles de presse"],"inLanguage":"fr-FR"},{"@type":"WebPage","@id":"https:\/\/www.gold.fr\/news\/2014\/04\/18\/une-prudence-generale-regne-sur-les-marches\/","url":"https:\/\/www.gold.fr\/news\/2014\/04\/18\/une-prudence-generale-regne-sur-les-marches\/","name":"Une prudence g\u00e9n\u00e9rale r\u00e8gne sur les march\u00e9s - Gold.fr","isPartOf":{"@id":"https:\/\/www.gold.fr\/news\/#website"},"primaryImageOfPage":{"@id":"https:\/\/www.gold.fr\/news\/2014\/04\/18\/une-prudence-generale-regne-sur-les-marches\/#primaryimage"},"image":{"@id":"https:\/\/www.gold.fr\/news\/2014\/04\/18\/une-prudence-generale-regne-sur-les-marches\/#primaryimage"},"thumbnailUrl":"https:\/\/www.gold.fr\/news\/wp-content\/uploads\/2012\/10\/wall-street.jpg","datePublished":"2014-04-18T07:00:32+00:00","dateModified":"2021-09-09T13:28:36+00:00","author":{"@id":"https:\/\/www.gold.fr\/news\/#\/schema\/person\/070491b4b4fb7671bf59b3be20302ce9"},"description":"C\u2019est la m\u00e9fiance qui r\u00e8gne, les op\u00e9rateurs semblent avoir trouv\u00e9 l\u00e0 l\u2019excuse id\u00e9ale pour ralentir leur activit\u00e9, sur fond d\u2019inqui\u00e9tudes","breadcrumb":{"@id":"https:\/\/www.gold.fr\/news\/2014\/04\/18\/une-prudence-generale-regne-sur-les-marches\/#breadcrumb"},"inLanguage":"fr-FR","potentialAction":[{"@type":"ReadAction","target":["https:\/\/www.gold.fr\/news\/2014\/04\/18\/une-prudence-generale-regne-sur-les-marches\/"]}]},{"@type":"ImageObject","inLanguage":"fr-FR","@id":"https:\/\/www.gold.fr\/news\/2014\/04\/18\/une-prudence-generale-regne-sur-les-marches\/#primaryimage","url":"https:\/\/www.gold.fr\/news\/wp-content\/uploads\/2012\/10\/wall-street.jpg","contentUrl":"https:\/\/www.gold.fr\/news\/wp-content\/uploads\/2012\/10\/wall-street.jpg","width":626,"height":417,"caption":"wall-street"},{"@type":"BreadcrumbList","@id":"https:\/\/www.gold.fr\/news\/2014\/04\/18\/une-prudence-generale-regne-sur-les-marches\/#breadcrumb","itemListElement":[{"@type":"ListItem","position":1,"name":"Accueil","item":"https:\/\/www.gold.fr\/"},{"@type":"ListItem","position":2,"name":"Actualit\u00e9s","item":"https:\/\/www.gold.fr\/news\/"},{"@type":"ListItem","position":3,"name":"Une prudence g\u00e9n\u00e9rale r\u00e8gne sur les march\u00e9s"}]},{"@type":"WebSite","@id":"https:\/\/www.gold.fr\/news\/#website","url":"https:\/\/www.gold.fr\/news\/","name":"Gold.fr","description":"Actualit\u00e9s de l&#039;Or et des m\u00e9taux pr\u00e9cieux","potentialAction":[{"@type":"SearchAction","target":{"@type":"EntryPoint","urlTemplate":"https:\/\/www.gold.fr\/news\/?s={search_term_string}"},"query-input":{"@type":"PropertyValueSpecification","valueRequired":true,"valueName":"search_term_string"}}],"inLanguage":"fr-FR"},{"@type":"Person","@id":"https:\/\/www.gold.fr\/news\/#\/schema\/person\/070491b4b4fb7671bf59b3be20302ce9","name":"Comptoir National de l'Or","image":{"@type":"ImageObject","inLanguage":"fr-FR","@id":"https:\/\/secure.gravatar.com\/avatar\/0a2867fd5abe37bed95d5a65e9d58f01756e11efc68af9888dfc50cfa7f65948?s=96&d=mm&r=gb490554db0a38188709de567aa58480d","url":"https:\/\/secure.gravatar.com\/avatar\/0a2867fd5abe37bed95d5a65e9d58f01756e11efc68af9888dfc50cfa7f65948?s=96&d=mm&r=g","contentUrl":"https:\/\/secure.gravatar.com\/avatar\/0a2867fd5abe37bed95d5a65e9d58f01756e11efc68af9888dfc50cfa7f65948?s=96&d=mm&r=g","caption":"Comptoir National de l'Or"},"description":"Notre r\u00e9daction est constitu\u00e9e de membres experts dans les m\u00e9tiers de l'\u00e9conomie et la gestion, des Responsables d'agence Comptoir National de l'Or, des analystes financiers qui publient r\u00e9guli\u00e8rement des \u00e9tudes sur les politiques des banques centrales, le cours de l'or, prix de l'or, cours de l'argent, prix de l'argent, cours du platine, cours du palladium,... la situation en zone euro et l'impact de la strat\u00e9gie mon\u00e9taire de la FED. Notre \u00e9quipe scrute \u00e9galement une information plus g\u00e9n\u00e9raliste \u00e0 la recherche d'actualit\u00e9 \"p\u00e9pite\" \u00e0 vous partager. Depuis 5 ans, nous avons publi\u00e9 un peu plus de 4000 articles qui s'adressent \u00e0 un public large et vari\u00e9 ayant pour objectif de satisfaire votre curiosit\u00e9 et de partager avec vous une certaine fascination pour le m\u00e9tal jaune, le rachat d'or, et pour ceux qui veulent investir dans l'or, vendre leur or tout simplement en savoir plus... Pour tous vos achat or et argent, n'h\u00e9sitez pas \u00e0 prendre rendez-vous dans l'un de nos nombreux comptoirs.","sameAs":["https:\/\/www.gold.fr"]}]}},"authors":[{"term_id":2565,"user_id":18,"is_guest":0,"slug":"julie","display_name":"Comptoir National de l'Or","avatar_url":"https:\/\/secure.gravatar.com\/avatar\/713f289e398d35ead876c4a4cc08607f0d6d266058cfc25683fffb6092d0e572?s=96&d=mm&r=g","0":null,"1":"","2":"","3":"","4":"","5":"","6":"","7":"","8":""}],"_links":{"self":[{"href":"https:\/\/www.gold.fr\/news\/wp-json\/wp\/v2\/posts\/14431","targetHints":{"allow":["GET"]}}],"collection":[{"href":"https:\/\/www.gold.fr\/news\/wp-json\/wp\/v2\/posts"}],"about":[{"href":"https:\/\/www.gold.fr\/news\/wp-json\/wp\/v2\/types\/post"}],"author":[{"embeddable":true,"href":"https:\/\/www.gold.fr\/news\/wp-json\/wp\/v2\/users\/18"}],"replies":[{"embeddable":true,"href":"https:\/\/www.gold.fr\/news\/wp-json\/wp\/v2\/comments?post=14431"}],"version-history":[{"count":0,"href":"https:\/\/www.gold.fr\/news\/wp-json\/wp\/v2\/posts\/14431\/revisions"}],"wp:featuredmedia":[{"embeddable":true,"href":"https:\/\/www.gold.fr\/news\/wp-json\/wp\/v2\/media\/40178"}],"wp:attachment":[{"href":"https:\/\/www.gold.fr\/news\/wp-json\/wp\/v2\/media?parent=14431"}],"wp:term":[{"taxonomy":"category","embeddable":true,"href":"https:\/\/www.gold.fr\/news\/wp-json\/wp\/v2\/categories?post=14431"},{"taxonomy":"post_tag","embeddable":true,"href":"https:\/\/www.gold.fr\/news\/wp-json\/wp\/v2\/tags?post=14431"},{"taxonomy":"author","embeddable":true,"href":"https:\/\/www.gold.fr\/news\/wp-json\/wp\/v2\/ppma_author?post=14431"}],"curies":[{"name":"wp","href":"https:\/\/api.w.org\/{rel}","templated":true}]}}