{"id":14413,"date":"2014-04-15T17:00:22","date_gmt":"2014-04-15T15:00:22","guid":{"rendered":"https:\/\/www.gold.fr\/news\/?p=14413"},"modified":"2019-08-26T14:43:59","modified_gmt":"2019-08-26T12:43:59","slug":"une-semaine-chargee-pour-les-marches","status":"publish","type":"post","link":"https:\/\/www.gold.fr\/news\/2014\/04\/15\/une-semaine-chargee-pour-les-marches\/","title":{"rendered":"Une semaine charg\u00e9e pour les march\u00e9s"},"content":{"rendered":"<p><img loading=\"lazy\" decoding=\"async\" class=\"alignleft size-thumbnail wp-image-8585\" title=\"Une semaine charg\u00e9e pour les march\u00e9s\" src=\"https:\/\/www.gold.fr\/news\/wp-content\/uploads\/2012\/07\/or-monde-150x150.jpg\" alt=\"\" width=\"150\" height=\"150\" \/><span style=\"font-size: small;\">D\u2019un c\u00f4t\u00e9 comme de l\u2019autre de l\u2019Atlantique, c\u2019est une semaine bien charg\u00e9e que traversent les march\u00e9s financiers et les principales places boursi\u00e8res. Et deux facteurs expliquent ces mouvements\u00a0; <a title=\"L\u2019or profite de la conjoncture g\u00e9opolitique\" href=\"https:\/\/www.gold.fr\/news\/2014\/04\/10\/lor-profite-de-la-conjoncture-geopolitique\/14382\/\" target=\"_blank\" rel=\"noopener noreferrer\">le retour des tensions g\u00e9opolitiques sur les fronti\u00e8res <strong>russo-ukrainiennes<\/strong><\/a>, ainsi que l\u2019annonce imminente d\u2019une nouvelle s\u00e9rie de r\u00e9sultats \u00e9conomiques am\u00e9ricains, susceptibles de fortement orienter les march\u00e9s.<\/span> <span style=\"font-size: small;\"> En d\u00e9but de semaine, le conseil de s\u00e9curit\u00e9 des Nations Unies avait tenu une r\u00e9union au sommet, \u00e0 <strong>New-York<\/strong>, afin de tenter de trouver une solution au conflit qui se prolonge entre <strong>la Russie<\/strong> et <strong>l\u2019Ukraine<\/strong>. Pourtant, l\u2019issue de la r\u00e9union n\u2019a donn\u00e9 lieu \u00e0 aucun aboutissement satisfaisant pour l\u2019une ou l\u2019autre des parties concern\u00e9es. Du coup, \u00ab\u00a0<em>les autorit\u00e9s ukrainiennes ont lanc\u00e9 un ultimatum aux forces pro-russes qui occupent les b\u00e2timents publics non loin de la fronti\u00e8re<\/em>\u00a0\u00bb.<\/span> <span style=\"font-size: small;\"> Les experts sont donc d\u00e9sormais curieux de voir les cons\u00e9quences d\u2019un tel \u00e9chec diplomatique, puisque bon nombre d\u2019entre eux d\u00e9clarent ouvertement\u00a0:\u00a0\u00ab\u00a0<em>on va voir comment les march\u00e9s r\u00e9agissent, mais tout le monde attend de savoir quelle sera la r\u00e9action de la Russie, puis celle des occidentaux\u00a0<\/em>\u00bb.<\/span> <span style=\"font-size: small;\"> Par ailleurs, les op\u00e9rateurs guettent impatiemment \u00ab <em>une nouvelle vague de r\u00e9sultats trimestriels<\/em>\u00a0\u00bb, et notamment vers la fin de la semaine, avec \u00ab<em>\u00a0les publications d&rsquo;Accor, Atos, Publicis, mais aussi GE, Goldman Sachs et Morgan Stanley<\/em>\u00a0\u00bb.<\/span><\/p>\n<!-- AddThis Advanced Settings generic via filter on the_content --><!-- AddThis Share Buttons generic via filter on the_content -->","protected":false},"excerpt":{"rendered":"<p>D\u2019un c\u00f4t\u00e9 comme de l\u2019autre de l\u2019Atlantique, c\u2019est une semaine bien charg\u00e9e que traversent les march\u00e9s financiers et les principales places boursi\u00e8res. Et deux facteurs expliquent ces mouvements\u00a0; le retour des tensions g\u00e9opolitiques sur les fronti\u00e8res [&hellip;]<\/p>\n","protected":false},"author":18,"featured_media":8585,"comment_status":"open","ping_status":"open","sticky":false,"template":"","format":"standard","meta":{"_mbp_gutenberg_autopost":false,"_pgmb_is_evergreen":false,"_pgmb_ap_template_id":0,"footnotes":""},"categories":[6],"tags":[1000,1649,530,1233],"ppma_author":[2565],"class_list":["post-14413","post","type-post","status-publish","format-standard","has-post-thumbnail","hentry","category-articles-de-presse","tag-economie","tag-marches","tag-russie","tag-ukraine"],"yoast_head":"<!-- This site is optimized with the Yoast SEO plugin v27.5 - https:\/\/yoast.com\/product\/yoast-seo-wordpress\/ -->\n<title>Une semaine charg\u00e9e pour les march\u00e9s - Gold.fr<\/title>\n<meta name=\"description\" content=\"D\u2019un c\u00f4t\u00e9 comme de l\u2019autre de l\u2019Atlantique, c\u2019est une semaine bien charg\u00e9e que traversent les march\u00e9s financiers et les principales places boursi\u00e8res...\" \/>\n<meta name=\"robots\" content=\"index, follow, max-snippet:-1, max-image-preview:large, max-video-preview:-1\" \/>\n<link rel=\"canonical\" href=\"https:\/\/www.gold.fr\/news\/2014\/04\/15\/une-semaine-chargee-pour-les-marches\/\" \/>\n<meta property=\"og:locale\" content=\"fr_FR\" \/>\n<meta property=\"og:type\" content=\"article\" \/>\n<meta property=\"og:title\" content=\"Une semaine charg\u00e9e pour les march\u00e9s - Gold.fr\" \/>\n<meta property=\"og:description\" content=\"D\u2019un c\u00f4t\u00e9 comme de l\u2019autre de l\u2019Atlantique, c\u2019est une semaine bien charg\u00e9e que traversent les march\u00e9s financiers et les principales places boursi\u00e8res...\" \/>\n<meta property=\"og:url\" content=\"https:\/\/www.gold.fr\/news\/2014\/04\/15\/une-semaine-chargee-pour-les-marches\/\" \/>\n<meta property=\"og:site_name\" content=\"Gold.fr\" \/>\n<meta property=\"article:publisher\" content=\"https:\/\/www.facebook.com\/Goldfr\/\" \/>\n<meta property=\"article:published_time\" content=\"2014-04-15T15:00:22+00:00\" \/>\n<meta property=\"article:modified_time\" content=\"2019-08-26T12:43:59+00:00\" \/>\n<meta property=\"og:image\" content=\"https:\/\/www.gold.fr\/news\/wp-content\/uploads\/2012\/07\/or-monde-e1478814840845.jpg\" \/>\n\t<meta property=\"og:image:width\" content=\"300\" \/>\n\t<meta property=\"og:image:height\" content=\"203\" \/>\n\t<meta property=\"og:image:type\" content=\"image\/jpeg\" \/>\n<meta name=\"author\" content=\"Comptoir National de l&#039;Or\" \/>\n<meta name=\"twitter:card\" content=\"summary_large_image\" \/>\n<meta name=\"twitter:label1\" content=\"\u00c9crit par\" \/>\n\t<meta name=\"twitter:data1\" content=\"Comptoir National de l&#039;Or\" \/>\n\t<meta name=\"twitter:label2\" content=\"Dur\u00e9e de lecture estim\u00e9e\" \/>\n\t<meta name=\"twitter:data2\" content=\"1 minute\" \/>\n<script type=\"application\/ld+json\" class=\"yoast-schema-graph\">{\"@context\":\"https:\\\/\\\/schema.org\",\"@graph\":[{\"@type\":\"Article\",\"@id\":\"https:\\\/\\\/www.gold.fr\\\/news\\\/2014\\\/04\\\/15\\\/une-semaine-chargee-pour-les-marches\\\/#article\",\"isPartOf\":{\"@id\":\"https:\\\/\\\/www.gold.fr\\\/news\\\/2014\\\/04\\\/15\\\/une-semaine-chargee-pour-les-marches\\\/\"},\"author\":{\"name\":\"Comptoir National de l'Or\",\"@id\":\"https:\\\/\\\/www.gold.fr\\\/news\\\/#\\\/schema\\\/person\\\/070491b4b4fb7671bf59b3be20302ce9\"},\"headline\":\"Une semaine charg\u00e9e pour les march\u00e9s\",\"datePublished\":\"2014-04-15T15:00:22+00:00\",\"dateModified\":\"2019-08-26T12:43:59+00:00\",\"mainEntityOfPage\":{\"@id\":\"https:\\\/\\\/www.gold.fr\\\/news\\\/2014\\\/04\\\/15\\\/une-semaine-chargee-pour-les-marches\\\/\"},\"wordCount\":257,\"commentCount\":0,\"image\":{\"@id\":\"https:\\\/\\\/www.gold.fr\\\/news\\\/2014\\\/04\\\/15\\\/une-semaine-chargee-pour-les-marches\\\/#primaryimage\"},\"thumbnailUrl\":\"https:\\\/\\\/www.gold.fr\\\/news\\\/wp-content\\\/uploads\\\/2012\\\/07\\\/or-monde-e1478814840845.jpg\",\"keywords\":[\"\u00e9conomie\",\"march\u00e9s\",\"russie\",\"Ukraine\"],\"articleSection\":[\"Articles de presse\"],\"inLanguage\":\"fr-FR\"},{\"@type\":\"WebPage\",\"@id\":\"https:\\\/\\\/www.gold.fr\\\/news\\\/2014\\\/04\\\/15\\\/une-semaine-chargee-pour-les-marches\\\/\",\"url\":\"https:\\\/\\\/www.gold.fr\\\/news\\\/2014\\\/04\\\/15\\\/une-semaine-chargee-pour-les-marches\\\/\",\"name\":\"Une semaine charg\u00e9e pour les march\u00e9s - Gold.fr\",\"isPartOf\":{\"@id\":\"https:\\\/\\\/www.gold.fr\\\/news\\\/#website\"},\"primaryImageOfPage\":{\"@id\":\"https:\\\/\\\/www.gold.fr\\\/news\\\/2014\\\/04\\\/15\\\/une-semaine-chargee-pour-les-marches\\\/#primaryimage\"},\"image\":{\"@id\":\"https:\\\/\\\/www.gold.fr\\\/news\\\/2014\\\/04\\\/15\\\/une-semaine-chargee-pour-les-marches\\\/#primaryimage\"},\"thumbnailUrl\":\"https:\\\/\\\/www.gold.fr\\\/news\\\/wp-content\\\/uploads\\\/2012\\\/07\\\/or-monde-e1478814840845.jpg\",\"datePublished\":\"2014-04-15T15:00:22+00:00\",\"dateModified\":\"2019-08-26T12:43:59+00:00\",\"author\":{\"@id\":\"https:\\\/\\\/www.gold.fr\\\/news\\\/#\\\/schema\\\/person\\\/070491b4b4fb7671bf59b3be20302ce9\"},\"description\":\"D\u2019un c\u00f4t\u00e9 comme de l\u2019autre de l\u2019Atlantique, c\u2019est une semaine bien charg\u00e9e que traversent les march\u00e9s financiers et les principales places boursi\u00e8res...\",\"breadcrumb\":{\"@id\":\"https:\\\/\\\/www.gold.fr\\\/news\\\/2014\\\/04\\\/15\\\/une-semaine-chargee-pour-les-marches\\\/#breadcrumb\"},\"inLanguage\":\"fr-FR\",\"potentialAction\":[{\"@type\":\"ReadAction\",\"target\":[\"https:\\\/\\\/www.gold.fr\\\/news\\\/2014\\\/04\\\/15\\\/une-semaine-chargee-pour-les-marches\\\/\"]}]},{\"@type\":\"ImageObject\",\"inLanguage\":\"fr-FR\",\"@id\":\"https:\\\/\\\/www.gold.fr\\\/news\\\/2014\\\/04\\\/15\\\/une-semaine-chargee-pour-les-marches\\\/#primaryimage\",\"url\":\"https:\\\/\\\/www.gold.fr\\\/news\\\/wp-content\\\/uploads\\\/2012\\\/07\\\/or-monde-e1478814840845.jpg\",\"contentUrl\":\"https:\\\/\\\/www.gold.fr\\\/news\\\/wp-content\\\/uploads\\\/2012\\\/07\\\/or-monde-e1478814840845.jpg\",\"width\":300,\"height\":203,\"caption\":\"F\u00e9ri\u00e9s des deux c\u00f4t\u00e9s de l\u2019Atlantique\"},{\"@type\":\"BreadcrumbList\",\"@id\":\"https:\\\/\\\/www.gold.fr\\\/news\\\/2014\\\/04\\\/15\\\/une-semaine-chargee-pour-les-marches\\\/#breadcrumb\",\"itemListElement\":[{\"@type\":\"ListItem\",\"position\":1,\"name\":\"Accueil\",\"item\":\"https:\\\/\\\/www.gold.fr\\\/\"},{\"@type\":\"ListItem\",\"position\":2,\"name\":\"Actualit\u00e9s\",\"item\":\"https:\\\/\\\/www.gold.fr\\\/news\\\/\"},{\"@type\":\"ListItem\",\"position\":3,\"name\":\"Une semaine charg\u00e9e pour les march\u00e9s\"}]},{\"@type\":\"WebSite\",\"@id\":\"https:\\\/\\\/www.gold.fr\\\/news\\\/#website\",\"url\":\"https:\\\/\\\/www.gold.fr\\\/news\\\/\",\"name\":\"Gold.fr\",\"description\":\"Actualit\u00e9s de l&#039;Or et des m\u00e9taux pr\u00e9cieux\",\"potentialAction\":[{\"@type\":\"SearchAction\",\"target\":{\"@type\":\"EntryPoint\",\"urlTemplate\":\"https:\\\/\\\/www.gold.fr\\\/news\\\/?s={search_term_string}\"},\"query-input\":{\"@type\":\"PropertyValueSpecification\",\"valueRequired\":true,\"valueName\":\"search_term_string\"}}],\"inLanguage\":\"fr-FR\"},{\"@type\":\"Person\",\"@id\":\"https:\\\/\\\/www.gold.fr\\\/news\\\/#\\\/schema\\\/person\\\/070491b4b4fb7671bf59b3be20302ce9\",\"name\":\"Comptoir National de l'Or\",\"image\":{\"@type\":\"ImageObject\",\"inLanguage\":\"fr-FR\",\"@id\":\"https:\\\/\\\/secure.gravatar.com\\\/avatar\\\/0a2867fd5abe37bed95d5a65e9d58f01756e11efc68af9888dfc50cfa7f65948?s=96&d=mm&r=gb490554db0a38188709de567aa58480d\",\"url\":\"https:\\\/\\\/secure.gravatar.com\\\/avatar\\\/0a2867fd5abe37bed95d5a65e9d58f01756e11efc68af9888dfc50cfa7f65948?s=96&d=mm&r=g\",\"contentUrl\":\"https:\\\/\\\/secure.gravatar.com\\\/avatar\\\/0a2867fd5abe37bed95d5a65e9d58f01756e11efc68af9888dfc50cfa7f65948?s=96&d=mm&r=g\",\"caption\":\"Comptoir National de l'Or\"},\"description\":\"Notre r\u00e9daction est constitu\u00e9e de membres experts dans les m\u00e9tiers de l'\u00e9conomie et la gestion, des Responsables d'agence Comptoir National de l'Or, des analystes financiers qui publient r\u00e9guli\u00e8rement des \u00e9tudes sur les politiques des banques centrales, le cours de l'or, prix de l'or, cours de l'argent, prix de l'argent, cours du platine, cours du palladium,... la situation en zone euro et l'impact de la strat\u00e9gie mon\u00e9taire de la FED. Notre \u00e9quipe scrute \u00e9galement une information plus g\u00e9n\u00e9raliste \u00e0 la recherche d'actualit\u00e9 \\\"p\u00e9pite\\\" \u00e0 vous partager. Depuis 5 ans, nous avons publi\u00e9 un peu plus de 4000 articles qui s'adressent \u00e0 un public large et vari\u00e9 ayant pour objectif de satisfaire votre curiosit\u00e9 et de partager avec vous une certaine fascination pour le m\u00e9tal jaune, le rachat d'or, et pour ceux qui veulent investir dans l'or, vendre leur or tout simplement en savoir plus... Pour tous vos achat or et argent, n'h\u00e9sitez pas \u00e0 prendre rendez-vous dans l'un de nos nombreux comptoirs.\",\"sameAs\":[\"https:\\\/\\\/www.gold.fr\"]}]}<\/script>\n<!-- \/ Yoast SEO plugin. -->","yoast_head_json":{"title":"Une semaine charg\u00e9e pour les march\u00e9s - Gold.fr","description":"D\u2019un c\u00f4t\u00e9 comme de l\u2019autre de l\u2019Atlantique, c\u2019est une semaine bien charg\u00e9e que traversent les march\u00e9s financiers et les principales places boursi\u00e8res...","robots":{"index":"index","follow":"follow","max-snippet":"max-snippet:-1","max-image-preview":"max-image-preview:large","max-video-preview":"max-video-preview:-1"},"canonical":"https:\/\/www.gold.fr\/news\/2014\/04\/15\/une-semaine-chargee-pour-les-marches\/","og_locale":"fr_FR","og_type":"article","og_title":"Une semaine charg\u00e9e pour les march\u00e9s - Gold.fr","og_description":"D\u2019un c\u00f4t\u00e9 comme de l\u2019autre de l\u2019Atlantique, c\u2019est une semaine bien charg\u00e9e que traversent les march\u00e9s financiers et les principales places boursi\u00e8res...","og_url":"https:\/\/www.gold.fr\/news\/2014\/04\/15\/une-semaine-chargee-pour-les-marches\/","og_site_name":"Gold.fr","article_publisher":"https:\/\/www.facebook.com\/Goldfr\/","article_published_time":"2014-04-15T15:00:22+00:00","article_modified_time":"2019-08-26T12:43:59+00:00","og_image":[{"width":300,"height":203,"url":"https:\/\/www.gold.fr\/news\/wp-content\/uploads\/2012\/07\/or-monde-e1478814840845.jpg","type":"image\/jpeg"}],"author":"Comptoir National de l'Or","twitter_card":"summary_large_image","twitter_misc":{"\u00c9crit par":"Comptoir National de l'Or","Dur\u00e9e de lecture estim\u00e9e":"1 minute"},"schema":{"@context":"https:\/\/schema.org","@graph":[{"@type":"Article","@id":"https:\/\/www.gold.fr\/news\/2014\/04\/15\/une-semaine-chargee-pour-les-marches\/#article","isPartOf":{"@id":"https:\/\/www.gold.fr\/news\/2014\/04\/15\/une-semaine-chargee-pour-les-marches\/"},"author":{"name":"Comptoir National de l'Or","@id":"https:\/\/www.gold.fr\/news\/#\/schema\/person\/070491b4b4fb7671bf59b3be20302ce9"},"headline":"Une semaine charg\u00e9e pour les march\u00e9s","datePublished":"2014-04-15T15:00:22+00:00","dateModified":"2019-08-26T12:43:59+00:00","mainEntityOfPage":{"@id":"https:\/\/www.gold.fr\/news\/2014\/04\/15\/une-semaine-chargee-pour-les-marches\/"},"wordCount":257,"commentCount":0,"image":{"@id":"https:\/\/www.gold.fr\/news\/2014\/04\/15\/une-semaine-chargee-pour-les-marches\/#primaryimage"},"thumbnailUrl":"https:\/\/www.gold.fr\/news\/wp-content\/uploads\/2012\/07\/or-monde-e1478814840845.jpg","keywords":["\u00e9conomie","march\u00e9s","russie","Ukraine"],"articleSection":["Articles de presse"],"inLanguage":"fr-FR"},{"@type":"WebPage","@id":"https:\/\/www.gold.fr\/news\/2014\/04\/15\/une-semaine-chargee-pour-les-marches\/","url":"https:\/\/www.gold.fr\/news\/2014\/04\/15\/une-semaine-chargee-pour-les-marches\/","name":"Une semaine charg\u00e9e pour les march\u00e9s - Gold.fr","isPartOf":{"@id":"https:\/\/www.gold.fr\/news\/#website"},"primaryImageOfPage":{"@id":"https:\/\/www.gold.fr\/news\/2014\/04\/15\/une-semaine-chargee-pour-les-marches\/#primaryimage"},"image":{"@id":"https:\/\/www.gold.fr\/news\/2014\/04\/15\/une-semaine-chargee-pour-les-marches\/#primaryimage"},"thumbnailUrl":"https:\/\/www.gold.fr\/news\/wp-content\/uploads\/2012\/07\/or-monde-e1478814840845.jpg","datePublished":"2014-04-15T15:00:22+00:00","dateModified":"2019-08-26T12:43:59+00:00","author":{"@id":"https:\/\/www.gold.fr\/news\/#\/schema\/person\/070491b4b4fb7671bf59b3be20302ce9"},"description":"D\u2019un c\u00f4t\u00e9 comme de l\u2019autre de l\u2019Atlantique, c\u2019est une semaine bien charg\u00e9e que traversent les march\u00e9s financiers et les principales places boursi\u00e8res...","breadcrumb":{"@id":"https:\/\/www.gold.fr\/news\/2014\/04\/15\/une-semaine-chargee-pour-les-marches\/#breadcrumb"},"inLanguage":"fr-FR","potentialAction":[{"@type":"ReadAction","target":["https:\/\/www.gold.fr\/news\/2014\/04\/15\/une-semaine-chargee-pour-les-marches\/"]}]},{"@type":"ImageObject","inLanguage":"fr-FR","@id":"https:\/\/www.gold.fr\/news\/2014\/04\/15\/une-semaine-chargee-pour-les-marches\/#primaryimage","url":"https:\/\/www.gold.fr\/news\/wp-content\/uploads\/2012\/07\/or-monde-e1478814840845.jpg","contentUrl":"https:\/\/www.gold.fr\/news\/wp-content\/uploads\/2012\/07\/or-monde-e1478814840845.jpg","width":300,"height":203,"caption":"F\u00e9ri\u00e9s des deux c\u00f4t\u00e9s de l\u2019Atlantique"},{"@type":"BreadcrumbList","@id":"https:\/\/www.gold.fr\/news\/2014\/04\/15\/une-semaine-chargee-pour-les-marches\/#breadcrumb","itemListElement":[{"@type":"ListItem","position":1,"name":"Accueil","item":"https:\/\/www.gold.fr\/"},{"@type":"ListItem","position":2,"name":"Actualit\u00e9s","item":"https:\/\/www.gold.fr\/news\/"},{"@type":"ListItem","position":3,"name":"Une semaine charg\u00e9e pour les march\u00e9s"}]},{"@type":"WebSite","@id":"https:\/\/www.gold.fr\/news\/#website","url":"https:\/\/www.gold.fr\/news\/","name":"Gold.fr","description":"Actualit\u00e9s de l&#039;Or et des m\u00e9taux pr\u00e9cieux","potentialAction":[{"@type":"SearchAction","target":{"@type":"EntryPoint","urlTemplate":"https:\/\/www.gold.fr\/news\/?s={search_term_string}"},"query-input":{"@type":"PropertyValueSpecification","valueRequired":true,"valueName":"search_term_string"}}],"inLanguage":"fr-FR"},{"@type":"Person","@id":"https:\/\/www.gold.fr\/news\/#\/schema\/person\/070491b4b4fb7671bf59b3be20302ce9","name":"Comptoir National de l'Or","image":{"@type":"ImageObject","inLanguage":"fr-FR","@id":"https:\/\/secure.gravatar.com\/avatar\/0a2867fd5abe37bed95d5a65e9d58f01756e11efc68af9888dfc50cfa7f65948?s=96&d=mm&r=gb490554db0a38188709de567aa58480d","url":"https:\/\/secure.gravatar.com\/avatar\/0a2867fd5abe37bed95d5a65e9d58f01756e11efc68af9888dfc50cfa7f65948?s=96&d=mm&r=g","contentUrl":"https:\/\/secure.gravatar.com\/avatar\/0a2867fd5abe37bed95d5a65e9d58f01756e11efc68af9888dfc50cfa7f65948?s=96&d=mm&r=g","caption":"Comptoir National de l'Or"},"description":"Notre r\u00e9daction est constitu\u00e9e de membres experts dans les m\u00e9tiers de l'\u00e9conomie et la gestion, des Responsables d'agence Comptoir National de l'Or, des analystes financiers qui publient r\u00e9guli\u00e8rement des \u00e9tudes sur les politiques des banques centrales, le cours de l'or, prix de l'or, cours de l'argent, prix de l'argent, cours du platine, cours du palladium,... la situation en zone euro et l'impact de la strat\u00e9gie mon\u00e9taire de la FED. Notre \u00e9quipe scrute \u00e9galement une information plus g\u00e9n\u00e9raliste \u00e0 la recherche d'actualit\u00e9 \"p\u00e9pite\" \u00e0 vous partager. Depuis 5 ans, nous avons publi\u00e9 un peu plus de 4000 articles qui s'adressent \u00e0 un public large et vari\u00e9 ayant pour objectif de satisfaire votre curiosit\u00e9 et de partager avec vous une certaine fascination pour le m\u00e9tal jaune, le rachat d'or, et pour ceux qui veulent investir dans l'or, vendre leur or tout simplement en savoir plus... Pour tous vos achat or et argent, n'h\u00e9sitez pas \u00e0 prendre rendez-vous dans l'un de nos nombreux comptoirs.","sameAs":["https:\/\/www.gold.fr"]}]}},"authors":[{"term_id":2565,"user_id":18,"is_guest":0,"slug":"julie","display_name":"Comptoir National de l'Or","avatar_url":"https:\/\/secure.gravatar.com\/avatar\/713f289e398d35ead876c4a4cc08607f0d6d266058cfc25683fffb6092d0e572?s=96&d=mm&r=g","0":null,"1":"","2":"","3":"","4":"","5":"","6":"","7":"","8":""}],"_links":{"self":[{"href":"https:\/\/www.gold.fr\/news\/wp-json\/wp\/v2\/posts\/14413","targetHints":{"allow":["GET"]}}],"collection":[{"href":"https:\/\/www.gold.fr\/news\/wp-json\/wp\/v2\/posts"}],"about":[{"href":"https:\/\/www.gold.fr\/news\/wp-json\/wp\/v2\/types\/post"}],"author":[{"embeddable":true,"href":"https:\/\/www.gold.fr\/news\/wp-json\/wp\/v2\/users\/18"}],"replies":[{"embeddable":true,"href":"https:\/\/www.gold.fr\/news\/wp-json\/wp\/v2\/comments?post=14413"}],"version-history":[{"count":0,"href":"https:\/\/www.gold.fr\/news\/wp-json\/wp\/v2\/posts\/14413\/revisions"}],"wp:featuredmedia":[{"embeddable":true,"href":"https:\/\/www.gold.fr\/news\/wp-json\/wp\/v2\/media\/8585"}],"wp:attachment":[{"href":"https:\/\/www.gold.fr\/news\/wp-json\/wp\/v2\/media?parent=14413"}],"wp:term":[{"taxonomy":"category","embeddable":true,"href":"https:\/\/www.gold.fr\/news\/wp-json\/wp\/v2\/categories?post=14413"},{"taxonomy":"post_tag","embeddable":true,"href":"https:\/\/www.gold.fr\/news\/wp-json\/wp\/v2\/tags?post=14413"},{"taxonomy":"author","embeddable":true,"href":"https:\/\/www.gold.fr\/news\/wp-json\/wp\/v2\/ppma_author?post=14413"}],"curies":[{"name":"wp","href":"https:\/\/api.w.org\/{rel}","templated":true}]}}