{"id":14406,"date":"2014-04-15T09:00:21","date_gmt":"2014-04-15T07:00:21","guid":{"rendered":"https:\/\/www.gold.fr\/news\/?p=14406"},"modified":"2018-02-22T14:40:46","modified_gmt":"2018-02-22T13:40:46","slug":"la-police-demantele-un-atelier-clandestin-dor-a-montreuil","status":"publish","type":"post","link":"https:\/\/www.gold.fr\/news\/2014\/04\/15\/la-police-demantele-un-atelier-clandestin-dor-a-montreuil\/","title":{"rendered":"La police d\u00e9mant\u00e8le un atelier clandestin d\u2019or \u00e0 Montreuil"},"content":{"rendered":"<p><img loading=\"lazy\" decoding=\"async\" class=\"alignleft size-thumbnail wp-image-3160\" title=\"La police d\u00e9mant\u00e8le un atelier clandestin d\u2019or \u00e0 Montreuil\" src=\"https:\/\/www.gold.fr\/news\/wp-content\/uploads\/2011\/10\/Lingots-dOr-P\u00e9pites-150x150.jpg\" alt=\"\" width=\"150\" height=\"150\" \/><span style=\"font-size: small;\">Aussi triste \u2013et surtout ill\u00e9gal- soit-il, ce type de faits divers demeure l&rsquo;un des signes les plus flagrants de l&rsquo;engouement constant pour l&rsquo;<a href='https:\/\/www.gold.fr\/news\/tags\/or' class='esk-seo-plu-link'>or<\/a> et de son inconditionnelle popularit\u00e9. Les vols, commerces clandestins et autres formes de contrebandes et de violations relatives \u00e0 la fabrication et\/ou transaction de l&rsquo;<a href='https:\/\/www.gold.fr\/news\/tags\/or' class='esk-seo-plu-link'>or<\/a> maintiennent un rythme ascendant d&rsquo;occurrence et la France ne fait pas exception.<\/span>    <span style=\"font-size: small;\"> La police fran\u00e7aise a en effet r\u00e9cemment d\u00e9couvert \u2013et saisi- \u00ab <strong><em>un atelier de fonderie d&rsquo;<a href='https:\/\/www.gold.fr\/news\/tags\/or' class='esk-seo-plu-link'>or<\/a> clandestin dissimul\u00e9 dans un foyer africain de Montreuil <\/em><\/strong>\u00bb. L&rsquo;atelier clandestin en question \u00e9tait dissimul\u00e9 \u00ab <em>dans un foyer de migrants maliens, dot\u00e9 d&rsquo;une forge et d&rsquo;outils pour travailler l&rsquo;<a href='https:\/\/www.gold.fr\/news\/tags\/or' class='esk-seo-plu-link'>or<\/a><\/em> \u00bb, et serait ravitaill\u00e9 par une multitude de vols commis dans des <a href='https:\/\/www.gold.fr\/news\/tags\/bijoux-or' class='esk-seo-plu-link'>bijouteries<\/a> de la r\u00e9gion, pour ensuite le revendre aux r\u00e9sidents du foyer.<\/span>    <span style=\"font-size: small;\"> La totalit\u00e9 des \u2018<em>trouvailles<\/em>&lsquo; a \u00e9t\u00e9 plac\u00e9e sous scell\u00e9, en attendant de pouvoir en effectuer un inventaire d\u00e9finitif. Toutefois, Leparisien.fr rapporte que les forces de la police auraient \u00ab <em>saisi 3 kg d&rsquo;alliage d&rsquo;<a href='https:\/\/www.gold.fr\/news\/tags\/or' class='esk-seo-plu-link'>or<\/a>, une p\u00e9pite de 9 grammes d&rsquo;<a href='https:\/\/www.gold.fr\/news\/tags\/or' class='esk-seo-plu-link'>or<\/a>, 5 kg d&rsquo;<a href='https:\/\/www.gold.fr\/news\/tags\/argent' class='esk-seo-plu-link'>argent<\/a> et pr\u00e8s de 8 kg de cuivre<\/em> \u00bb.<\/span>    <span style=\"font-size: small;\"> L&rsquo;AFP explique d&rsquo;ailleurs que les racines de cette op\u00e9ration de d\u00e9mant\u00e8lement remontent  \u00e0 un vol d&rsquo;<a href='https:\/\/www.gold.fr\/news\/tags\/or' class='esk-seo-plu-link'>or<\/a> commis, au mois d&rsquo;avril 2013, dans la soci\u00e9t\u00e9 <strong>Thom Europe<\/strong>, \u00ab g<em>roupement de <a href='https:\/\/www.gold.fr\/news\/tags\/bijoux-or' class='esk-seo-plu-link'>bijouteries<\/a> implant\u00e9es dans les centres commerciaux de Noisy-le-Grand<\/em> \u00bb. D&rsquo;apr\u00e8s l&rsquo;agence, un employ\u00e9 de l&rsquo;entreprise, \u00e2g\u00e9 de 58 ans, aurait admis, apr\u00e8s arrestation et durant sa garde \u00e0 vue avoir, avoir \u00ab <em>commis ce vol d&rsquo;<a href='https:\/\/www.gold.fr\/news\/tags\/or' class='esk-seo-plu-link'>or<\/a> pour le revendre \u00e0 des Africains r\u00e9sidant dans le foyer de Montreuil <\/em>\u00bb.<\/span><\/p>\n<!-- AddThis Advanced Settings generic via filter on the_content --><!-- AddThis Share Buttons generic via filter on the_content -->","protected":false},"excerpt":{"rendered":"<p>Aussi triste \u2013et surtout ill\u00e9gal- soit-il, ce type de faits divers demeure l&rsquo;un des signes les plus flagrants de l&rsquo;engouement constant pour l&rsquo;or et de son inconditionnelle popularit\u00e9. Les vols, commerces clandestins et autres formes de [&hellip;]<\/p>\n","protected":false},"author":18,"featured_media":3160,"comment_status":"open","ping_status":"open","sticky":false,"template":"","format":"standard","meta":{"_mbp_gutenberg_autopost":false,"_pgmb_is_evergreen":false,"_pgmb_ap_template_id":0,"footnotes":""},"categories":[6],"tags":[1822,1824,1823],"ppma_author":[2565],"class_list":["post-14406","post","type-post","status-publish","format-standard","has-post-thumbnail","hentry","category-articles-de-presse","tag-atelier-clandestin","tag-atelier-or","tag-montreuil"],"yoast_head":"<!-- This site is optimized with the Yoast SEO plugin v27.5 - https:\/\/yoast.com\/product\/yoast-seo-wordpress\/ -->\n<title>La police d\u00e9mant\u00e8le un atelier clandestin d\u2019or \u00e0 Montreuil - Gold.fr<\/title>\n<meta name=\"robots\" content=\"index, follow, max-snippet:-1, max-image-preview:large, max-video-preview:-1\" \/>\n<link rel=\"canonical\" href=\"https:\/\/www.gold.fr\/news\/2014\/04\/15\/la-police-demantele-un-atelier-clandestin-dor-a-montreuil\/\" \/>\n<meta property=\"og:locale\" content=\"fr_FR\" \/>\n<meta property=\"og:type\" content=\"article\" \/>\n<meta property=\"og:title\" content=\"La police d\u00e9mant\u00e8le un atelier clandestin d\u2019or \u00e0 Montreuil - Gold.fr\" \/>\n<meta property=\"og:description\" content=\"Aussi triste \u2013et surtout ill\u00e9gal- soit-il, ce type de faits divers demeure l&rsquo;un des signes les plus flagrants de l&rsquo;engouement constant pour l&rsquo;or et de son inconditionnelle popularit\u00e9. Les vols, commerces clandestins et autres formes de [&hellip;]\" \/>\n<meta property=\"og:url\" content=\"https:\/\/www.gold.fr\/news\/2014\/04\/15\/la-police-demantele-un-atelier-clandestin-dor-a-montreuil\/\" \/>\n<meta property=\"og:site_name\" content=\"Gold.fr\" \/>\n<meta property=\"article:publisher\" content=\"https:\/\/www.facebook.com\/Goldfr\/\" \/>\n<meta property=\"article:published_time\" content=\"2014-04-15T07:00:21+00:00\" \/>\n<meta property=\"article:modified_time\" content=\"2018-02-22T13:40:46+00:00\" \/>\n<meta property=\"og:image\" content=\"https:\/\/www.gold.fr\/news\/wp-content\/uploads\/2011\/10\/Lingots-dOr-P\u00e9pites.jpg\" \/>\n\t<meta property=\"og:image:width\" content=\"620\" \/>\n\t<meta property=\"og:image:height\" content=\"388\" \/>\n\t<meta property=\"og:image:type\" content=\"image\/jpeg\" \/>\n<meta name=\"author\" content=\"Comptoir National de l&#039;Or\" \/>\n<meta name=\"twitter:card\" content=\"summary_large_image\" \/>\n<meta name=\"twitter:label1\" content=\"\u00c9crit par\" \/>\n\t<meta name=\"twitter:data1\" content=\"Comptoir National de l&#039;Or\" \/>\n\t<meta name=\"twitter:label2\" content=\"Dur\u00e9e de lecture estim\u00e9e\" \/>\n\t<meta name=\"twitter:data2\" content=\"1 minute\" \/>\n<script type=\"application\/ld+json\" class=\"yoast-schema-graph\">{\"@context\":\"https:\\\/\\\/schema.org\",\"@graph\":[{\"@type\":\"Article\",\"@id\":\"https:\\\/\\\/www.gold.fr\\\/news\\\/2014\\\/04\\\/15\\\/la-police-demantele-un-atelier-clandestin-dor-a-montreuil\\\/#article\",\"isPartOf\":{\"@id\":\"https:\\\/\\\/www.gold.fr\\\/news\\\/2014\\\/04\\\/15\\\/la-police-demantele-un-atelier-clandestin-dor-a-montreuil\\\/\"},\"author\":{\"name\":\"Comptoir National de l'Or\",\"@id\":\"https:\\\/\\\/www.gold.fr\\\/news\\\/#\\\/schema\\\/person\\\/070491b4b4fb7671bf59b3be20302ce9\"},\"headline\":\"La police d\u00e9mant\u00e8le un atelier clandestin d\u2019or \u00e0 Montreuil\",\"datePublished\":\"2014-04-15T07:00:21+00:00\",\"dateModified\":\"2018-02-22T13:40:46+00:00\",\"mainEntityOfPage\":{\"@id\":\"https:\\\/\\\/www.gold.fr\\\/news\\\/2014\\\/04\\\/15\\\/la-police-demantele-un-atelier-clandestin-dor-a-montreuil\\\/\"},\"wordCount\":292,\"commentCount\":0,\"image\":{\"@id\":\"https:\\\/\\\/www.gold.fr\\\/news\\\/2014\\\/04\\\/15\\\/la-police-demantele-un-atelier-clandestin-dor-a-montreuil\\\/#primaryimage\"},\"thumbnailUrl\":\"https:\\\/\\\/www.gold.fr\\\/news\\\/wp-content\\\/uploads\\\/2011\\\/10\\\/Lingots-dOr-P\u00e9pites.jpg\",\"keywords\":[\"atelier clandestin\",\"atelier or\",\"Montreuil\"],\"articleSection\":[\"Articles de presse\"],\"inLanguage\":\"fr-FR\"},{\"@type\":\"WebPage\",\"@id\":\"https:\\\/\\\/www.gold.fr\\\/news\\\/2014\\\/04\\\/15\\\/la-police-demantele-un-atelier-clandestin-dor-a-montreuil\\\/\",\"url\":\"https:\\\/\\\/www.gold.fr\\\/news\\\/2014\\\/04\\\/15\\\/la-police-demantele-un-atelier-clandestin-dor-a-montreuil\\\/\",\"name\":\"La police d\u00e9mant\u00e8le un atelier clandestin d\u2019or \u00e0 Montreuil - Gold.fr\",\"isPartOf\":{\"@id\":\"https:\\\/\\\/www.gold.fr\\\/news\\\/#website\"},\"primaryImageOfPage\":{\"@id\":\"https:\\\/\\\/www.gold.fr\\\/news\\\/2014\\\/04\\\/15\\\/la-police-demantele-un-atelier-clandestin-dor-a-montreuil\\\/#primaryimage\"},\"image\":{\"@id\":\"https:\\\/\\\/www.gold.fr\\\/news\\\/2014\\\/04\\\/15\\\/la-police-demantele-un-atelier-clandestin-dor-a-montreuil\\\/#primaryimage\"},\"thumbnailUrl\":\"https:\\\/\\\/www.gold.fr\\\/news\\\/wp-content\\\/uploads\\\/2011\\\/10\\\/Lingots-dOr-P\u00e9pites.jpg\",\"datePublished\":\"2014-04-15T07:00:21+00:00\",\"dateModified\":\"2018-02-22T13:40:46+00:00\",\"author\":{\"@id\":\"https:\\\/\\\/www.gold.fr\\\/news\\\/#\\\/schema\\\/person\\\/070491b4b4fb7671bf59b3be20302ce9\"},\"breadcrumb\":{\"@id\":\"https:\\\/\\\/www.gold.fr\\\/news\\\/2014\\\/04\\\/15\\\/la-police-demantele-un-atelier-clandestin-dor-a-montreuil\\\/#breadcrumb\"},\"inLanguage\":\"fr-FR\",\"potentialAction\":[{\"@type\":\"ReadAction\",\"target\":[\"https:\\\/\\\/www.gold.fr\\\/news\\\/2014\\\/04\\\/15\\\/la-police-demantele-un-atelier-clandestin-dor-a-montreuil\\\/\"]}]},{\"@type\":\"ImageObject\",\"inLanguage\":\"fr-FR\",\"@id\":\"https:\\\/\\\/www.gold.fr\\\/news\\\/2014\\\/04\\\/15\\\/la-police-demantele-un-atelier-clandestin-dor-a-montreuil\\\/#primaryimage\",\"url\":\"https:\\\/\\\/www.gold.fr\\\/news\\\/wp-content\\\/uploads\\\/2011\\\/10\\\/Lingots-dOr-P\u00e9pites.jpg\",\"contentUrl\":\"https:\\\/\\\/www.gold.fr\\\/news\\\/wp-content\\\/uploads\\\/2011\\\/10\\\/Lingots-dOr-P\u00e9pites.jpg\",\"width\":\"620\",\"height\":\"388\",\"caption\":\"La police d\u00e9mant\u00e8le un atelier clandestin d\u2019or \u00e0 Montreuil\"},{\"@type\":\"BreadcrumbList\",\"@id\":\"https:\\\/\\\/www.gold.fr\\\/news\\\/2014\\\/04\\\/15\\\/la-police-demantele-un-atelier-clandestin-dor-a-montreuil\\\/#breadcrumb\",\"itemListElement\":[{\"@type\":\"ListItem\",\"position\":1,\"name\":\"Accueil\",\"item\":\"https:\\\/\\\/www.gold.fr\\\/\"},{\"@type\":\"ListItem\",\"position\":2,\"name\":\"Actualit\u00e9s\",\"item\":\"https:\\\/\\\/www.gold.fr\\\/news\\\/\"},{\"@type\":\"ListItem\",\"position\":3,\"name\":\"La police d\u00e9mant\u00e8le un atelier clandestin d\u2019or \u00e0 Montreuil\"}]},{\"@type\":\"WebSite\",\"@id\":\"https:\\\/\\\/www.gold.fr\\\/news\\\/#website\",\"url\":\"https:\\\/\\\/www.gold.fr\\\/news\\\/\",\"name\":\"Gold.fr\",\"description\":\"Actualit\u00e9s de l&#039;Or et des m\u00e9taux pr\u00e9cieux\",\"potentialAction\":[{\"@type\":\"SearchAction\",\"target\":{\"@type\":\"EntryPoint\",\"urlTemplate\":\"https:\\\/\\\/www.gold.fr\\\/news\\\/?s={search_term_string}\"},\"query-input\":{\"@type\":\"PropertyValueSpecification\",\"valueRequired\":true,\"valueName\":\"search_term_string\"}}],\"inLanguage\":\"fr-FR\"},{\"@type\":\"Person\",\"@id\":\"https:\\\/\\\/www.gold.fr\\\/news\\\/#\\\/schema\\\/person\\\/070491b4b4fb7671bf59b3be20302ce9\",\"name\":\"Comptoir National de l'Or\",\"image\":{\"@type\":\"ImageObject\",\"inLanguage\":\"fr-FR\",\"@id\":\"https:\\\/\\\/secure.gravatar.com\\\/avatar\\\/0a2867fd5abe37bed95d5a65e9d58f01756e11efc68af9888dfc50cfa7f65948?s=96&d=mm&r=gb490554db0a38188709de567aa58480d\",\"url\":\"https:\\\/\\\/secure.gravatar.com\\\/avatar\\\/0a2867fd5abe37bed95d5a65e9d58f01756e11efc68af9888dfc50cfa7f65948?s=96&d=mm&r=g\",\"contentUrl\":\"https:\\\/\\\/secure.gravatar.com\\\/avatar\\\/0a2867fd5abe37bed95d5a65e9d58f01756e11efc68af9888dfc50cfa7f65948?s=96&d=mm&r=g\",\"caption\":\"Comptoir National de l'Or\"},\"description\":\"Notre r\u00e9daction est constitu\u00e9e de membres experts dans les m\u00e9tiers de l'\u00e9conomie et la gestion, des Responsables d'agence Comptoir National de l'Or, des analystes financiers qui publient r\u00e9guli\u00e8rement des \u00e9tudes sur les politiques des banques centrales, le cours de l'or, prix de l'or, cours de l'argent, prix de l'argent, cours du platine, cours du palladium,... la situation en zone euro et l'impact de la strat\u00e9gie mon\u00e9taire de la FED. Notre \u00e9quipe scrute \u00e9galement une information plus g\u00e9n\u00e9raliste \u00e0 la recherche d'actualit\u00e9 \\\"p\u00e9pite\\\" \u00e0 vous partager. Depuis 5 ans, nous avons publi\u00e9 un peu plus de 4000 articles qui s'adressent \u00e0 un public large et vari\u00e9 ayant pour objectif de satisfaire votre curiosit\u00e9 et de partager avec vous une certaine fascination pour le m\u00e9tal jaune, le rachat d'or, et pour ceux qui veulent investir dans l'or, vendre leur or tout simplement en savoir plus... Pour tous vos achat or et argent, n'h\u00e9sitez pas \u00e0 prendre rendez-vous dans l'un de nos nombreux comptoirs.\",\"sameAs\":[\"https:\\\/\\\/www.gold.fr\"]}]}<\/script>\n<!-- \/ Yoast SEO plugin. -->","yoast_head_json":{"title":"La police d\u00e9mant\u00e8le un atelier clandestin d\u2019or \u00e0 Montreuil - Gold.fr","robots":{"index":"index","follow":"follow","max-snippet":"max-snippet:-1","max-image-preview":"max-image-preview:large","max-video-preview":"max-video-preview:-1"},"canonical":"https:\/\/www.gold.fr\/news\/2014\/04\/15\/la-police-demantele-un-atelier-clandestin-dor-a-montreuil\/","og_locale":"fr_FR","og_type":"article","og_title":"La police d\u00e9mant\u00e8le un atelier clandestin d\u2019or \u00e0 Montreuil - Gold.fr","og_description":"Aussi triste \u2013et surtout ill\u00e9gal- soit-il, ce type de faits divers demeure l&rsquo;un des signes les plus flagrants de l&rsquo;engouement constant pour l&rsquo;or et de son inconditionnelle popularit\u00e9. Les vols, commerces clandestins et autres formes de [&hellip;]","og_url":"https:\/\/www.gold.fr\/news\/2014\/04\/15\/la-police-demantele-un-atelier-clandestin-dor-a-montreuil\/","og_site_name":"Gold.fr","article_publisher":"https:\/\/www.facebook.com\/Goldfr\/","article_published_time":"2014-04-15T07:00:21+00:00","article_modified_time":"2018-02-22T13:40:46+00:00","og_image":[{"width":620,"height":388,"url":"https:\/\/www.gold.fr\/news\/wp-content\/uploads\/2011\/10\/Lingots-dOr-P\u00e9pites.jpg","type":"image\/jpeg"}],"author":"Comptoir National de l'Or","twitter_card":"summary_large_image","twitter_misc":{"\u00c9crit par":"Comptoir National de l'Or","Dur\u00e9e de lecture estim\u00e9e":"1 minute"},"schema":{"@context":"https:\/\/schema.org","@graph":[{"@type":"Article","@id":"https:\/\/www.gold.fr\/news\/2014\/04\/15\/la-police-demantele-un-atelier-clandestin-dor-a-montreuil\/#article","isPartOf":{"@id":"https:\/\/www.gold.fr\/news\/2014\/04\/15\/la-police-demantele-un-atelier-clandestin-dor-a-montreuil\/"},"author":{"name":"Comptoir National de l'Or","@id":"https:\/\/www.gold.fr\/news\/#\/schema\/person\/070491b4b4fb7671bf59b3be20302ce9"},"headline":"La police d\u00e9mant\u00e8le un atelier clandestin d\u2019or \u00e0 Montreuil","datePublished":"2014-04-15T07:00:21+00:00","dateModified":"2018-02-22T13:40:46+00:00","mainEntityOfPage":{"@id":"https:\/\/www.gold.fr\/news\/2014\/04\/15\/la-police-demantele-un-atelier-clandestin-dor-a-montreuil\/"},"wordCount":292,"commentCount":0,"image":{"@id":"https:\/\/www.gold.fr\/news\/2014\/04\/15\/la-police-demantele-un-atelier-clandestin-dor-a-montreuil\/#primaryimage"},"thumbnailUrl":"https:\/\/www.gold.fr\/news\/wp-content\/uploads\/2011\/10\/Lingots-dOr-P\u00e9pites.jpg","keywords":["atelier clandestin","atelier or","Montreuil"],"articleSection":["Articles de presse"],"inLanguage":"fr-FR"},{"@type":"WebPage","@id":"https:\/\/www.gold.fr\/news\/2014\/04\/15\/la-police-demantele-un-atelier-clandestin-dor-a-montreuil\/","url":"https:\/\/www.gold.fr\/news\/2014\/04\/15\/la-police-demantele-un-atelier-clandestin-dor-a-montreuil\/","name":"La police d\u00e9mant\u00e8le un atelier clandestin d\u2019or \u00e0 Montreuil - Gold.fr","isPartOf":{"@id":"https:\/\/www.gold.fr\/news\/#website"},"primaryImageOfPage":{"@id":"https:\/\/www.gold.fr\/news\/2014\/04\/15\/la-police-demantele-un-atelier-clandestin-dor-a-montreuil\/#primaryimage"},"image":{"@id":"https:\/\/www.gold.fr\/news\/2014\/04\/15\/la-police-demantele-un-atelier-clandestin-dor-a-montreuil\/#primaryimage"},"thumbnailUrl":"https:\/\/www.gold.fr\/news\/wp-content\/uploads\/2011\/10\/Lingots-dOr-P\u00e9pites.jpg","datePublished":"2014-04-15T07:00:21+00:00","dateModified":"2018-02-22T13:40:46+00:00","author":{"@id":"https:\/\/www.gold.fr\/news\/#\/schema\/person\/070491b4b4fb7671bf59b3be20302ce9"},"breadcrumb":{"@id":"https:\/\/www.gold.fr\/news\/2014\/04\/15\/la-police-demantele-un-atelier-clandestin-dor-a-montreuil\/#breadcrumb"},"inLanguage":"fr-FR","potentialAction":[{"@type":"ReadAction","target":["https:\/\/www.gold.fr\/news\/2014\/04\/15\/la-police-demantele-un-atelier-clandestin-dor-a-montreuil\/"]}]},{"@type":"ImageObject","inLanguage":"fr-FR","@id":"https:\/\/www.gold.fr\/news\/2014\/04\/15\/la-police-demantele-un-atelier-clandestin-dor-a-montreuil\/#primaryimage","url":"https:\/\/www.gold.fr\/news\/wp-content\/uploads\/2011\/10\/Lingots-dOr-P\u00e9pites.jpg","contentUrl":"https:\/\/www.gold.fr\/news\/wp-content\/uploads\/2011\/10\/Lingots-dOr-P\u00e9pites.jpg","width":"620","height":"388","caption":"La police d\u00e9mant\u00e8le un atelier clandestin d\u2019or \u00e0 Montreuil"},{"@type":"BreadcrumbList","@id":"https:\/\/www.gold.fr\/news\/2014\/04\/15\/la-police-demantele-un-atelier-clandestin-dor-a-montreuil\/#breadcrumb","itemListElement":[{"@type":"ListItem","position":1,"name":"Accueil","item":"https:\/\/www.gold.fr\/"},{"@type":"ListItem","position":2,"name":"Actualit\u00e9s","item":"https:\/\/www.gold.fr\/news\/"},{"@type":"ListItem","position":3,"name":"La police d\u00e9mant\u00e8le un atelier clandestin d\u2019or \u00e0 Montreuil"}]},{"@type":"WebSite","@id":"https:\/\/www.gold.fr\/news\/#website","url":"https:\/\/www.gold.fr\/news\/","name":"Gold.fr","description":"Actualit\u00e9s de l&#039;Or et des m\u00e9taux pr\u00e9cieux","potentialAction":[{"@type":"SearchAction","target":{"@type":"EntryPoint","urlTemplate":"https:\/\/www.gold.fr\/news\/?s={search_term_string}"},"query-input":{"@type":"PropertyValueSpecification","valueRequired":true,"valueName":"search_term_string"}}],"inLanguage":"fr-FR"},{"@type":"Person","@id":"https:\/\/www.gold.fr\/news\/#\/schema\/person\/070491b4b4fb7671bf59b3be20302ce9","name":"Comptoir National de l'Or","image":{"@type":"ImageObject","inLanguage":"fr-FR","@id":"https:\/\/secure.gravatar.com\/avatar\/0a2867fd5abe37bed95d5a65e9d58f01756e11efc68af9888dfc50cfa7f65948?s=96&d=mm&r=gb490554db0a38188709de567aa58480d","url":"https:\/\/secure.gravatar.com\/avatar\/0a2867fd5abe37bed95d5a65e9d58f01756e11efc68af9888dfc50cfa7f65948?s=96&d=mm&r=g","contentUrl":"https:\/\/secure.gravatar.com\/avatar\/0a2867fd5abe37bed95d5a65e9d58f01756e11efc68af9888dfc50cfa7f65948?s=96&d=mm&r=g","caption":"Comptoir National de l'Or"},"description":"Notre r\u00e9daction est constitu\u00e9e de membres experts dans les m\u00e9tiers de l'\u00e9conomie et la gestion, des Responsables d'agence Comptoir National de l'Or, des analystes financiers qui publient r\u00e9guli\u00e8rement des \u00e9tudes sur les politiques des banques centrales, le cours de l'or, prix de l'or, cours de l'argent, prix de l'argent, cours du platine, cours du palladium,... la situation en zone euro et l'impact de la strat\u00e9gie mon\u00e9taire de la FED. Notre \u00e9quipe scrute \u00e9galement une information plus g\u00e9n\u00e9raliste \u00e0 la recherche d'actualit\u00e9 \"p\u00e9pite\" \u00e0 vous partager. Depuis 5 ans, nous avons publi\u00e9 un peu plus de 4000 articles qui s'adressent \u00e0 un public large et vari\u00e9 ayant pour objectif de satisfaire votre curiosit\u00e9 et de partager avec vous une certaine fascination pour le m\u00e9tal jaune, le rachat d'or, et pour ceux qui veulent investir dans l'or, vendre leur or tout simplement en savoir plus... Pour tous vos achat or et argent, n'h\u00e9sitez pas \u00e0 prendre rendez-vous dans l'un de nos nombreux comptoirs.","sameAs":["https:\/\/www.gold.fr"]}]}},"authors":[{"term_id":2565,"user_id":18,"is_guest":0,"slug":"julie","display_name":"Comptoir National de l'Or","avatar_url":"https:\/\/secure.gravatar.com\/avatar\/713f289e398d35ead876c4a4cc08607f0d6d266058cfc25683fffb6092d0e572?s=96&d=mm&r=g","0":null,"1":"","2":"","3":"","4":"","5":"","6":"","7":"","8":""}],"_links":{"self":[{"href":"https:\/\/www.gold.fr\/news\/wp-json\/wp\/v2\/posts\/14406","targetHints":{"allow":["GET"]}}],"collection":[{"href":"https:\/\/www.gold.fr\/news\/wp-json\/wp\/v2\/posts"}],"about":[{"href":"https:\/\/www.gold.fr\/news\/wp-json\/wp\/v2\/types\/post"}],"author":[{"embeddable":true,"href":"https:\/\/www.gold.fr\/news\/wp-json\/wp\/v2\/users\/18"}],"replies":[{"embeddable":true,"href":"https:\/\/www.gold.fr\/news\/wp-json\/wp\/v2\/comments?post=14406"}],"version-history":[{"count":0,"href":"https:\/\/www.gold.fr\/news\/wp-json\/wp\/v2\/posts\/14406\/revisions"}],"wp:featuredmedia":[{"embeddable":true,"href":"https:\/\/www.gold.fr\/news\/wp-json\/wp\/v2\/media\/3160"}],"wp:attachment":[{"href":"https:\/\/www.gold.fr\/news\/wp-json\/wp\/v2\/media?parent=14406"}],"wp:term":[{"taxonomy":"category","embeddable":true,"href":"https:\/\/www.gold.fr\/news\/wp-json\/wp\/v2\/categories?post=14406"},{"taxonomy":"post_tag","embeddable":true,"href":"https:\/\/www.gold.fr\/news\/wp-json\/wp\/v2\/tags?post=14406"},{"taxonomy":"author","embeddable":true,"href":"https:\/\/www.gold.fr\/news\/wp-json\/wp\/v2\/ppma_author?post=14406"}],"curies":[{"name":"wp","href":"https:\/\/api.w.org\/{rel}","templated":true}]}}