{"id":14404,"date":"2014-04-14T17:00:38","date_gmt":"2014-04-14T15:00:38","guid":{"rendered":"https:\/\/www.gold.fr\/news\/?p=14404"},"modified":"2018-02-22T14:40:46","modified_gmt":"2018-02-22T13:40:46","slug":"la-fed-incapable-de-rassurer-les-marches","status":"publish","type":"post","link":"https:\/\/www.gold.fr\/news\/2014\/04\/14\/la-fed-incapable-de-rassurer-les-marches\/","title":{"rendered":"La FED incapable de rassurer les march\u00e9s"},"content":{"rendered":"<p><img loading=\"lazy\" decoding=\"async\" class=\"alignleft size-thumbnail wp-image-6581\" title=\"La FED incapable de rassurer les march\u00e9s\" src=\"https:\/\/www.gold.fr\/news\/wp-content\/uploads\/2012\/03\/Lingots-dor-150x150.jpg\" alt=\"\" width=\"150\" height=\"150\" \/><span style=\"font-size: small;\">C\u2019est <a title=\"L\u2019impact du discours FED sur l\u2019or\" href=\"https:\/\/www.gold.fr\/news\/2014\/04\/10\/limpact-du-discours-fed-sur-lor\/14377\/\" target=\"_blank\">un changement de ton suffisamment notable pour susciter l\u2019inqui\u00e9tude des march\u00e9s<\/a>. En effet, apr\u00e8s avoir mis les march\u00e9s financiers en f\u00eate, avec des d\u00e9clarations fermes sur la reprise de l\u2019\u00e9conomie am\u00e9ricaine et sa capacit\u00e9 \u00e0 se passer d\u00e9sormais des b\u00e9quilles mon\u00e9taires massives de la <strong>FED<\/strong>, l\u2019heure semble \u00eatre aujourd\u2019hui \u00e0 la mesure et la relativit\u00e9.<\/span>    <span style=\"font-size: small;\"> Certes, ce n\u2019est pas un repli total ou un changement radical d\u2019attitude ou de projet qu\u2019affiche d\u00e9sormais la pr\u00e9sidente de la r\u00e9serve f\u00e9d\u00e9rale am\u00e9ricaine, mais le ton adopt\u00e9 par les repr\u00e9sentants et diff\u00e9rents responsables de l\u2019institution prend manifestement en consid\u00e9ration les derniers r\u00e9sultats et rapports officiels r\u00e9v\u00e9lateurs d\u2019une \u00e9conomie US pas si revigor\u00e9e qu\u2019ils l\u2019avaient escompt\u00e9\/esp\u00e9r\u00e9.<\/span>    <span style=\"font-size: small;\"> Pour <strong>Judith Danan<\/strong>, <strong>Head of Sales Trading de CMC Markets France<\/strong>, \u201c<em>l&rsquo;enthousiasme suscit\u00e9 par les derni\u00e8res annonces de la FED s&rsquo;est dissip\u00e9 (\u2026)<\/em>\u00a0\u00bb. En effet, \u00ab\u00a0<em>alors que, depuis plusieurs semaines, <strong>Janet Yellen<\/strong> commen\u00e7ait \u00e0 pr\u00e9parer les investisseurs \u00e0 un resserrement mon\u00e9taire, avec notamment la d\u00e9finition d&rsquo;un calendrier concernant une premi\u00e8re remont\u00e9e des taux directeurs (envisag\u00e9e au premier semestre 2015), le discours se veut d\u00e9sormais bien plus mesur\u00e9\u00a0<\/em>\u00bb.<\/span>    <span style=\"font-size: small;\"> Cela signifie-t-il que l\u2019op\u00e9ration du <em>tapering<\/em> dans son ensemble est annul\u00e9e\u00a0? Pas vraiment. Toutefois, l\u2019institution se gardera certainement de pr\u00e9cipiter le processus, et prolongera la proc\u00e9dure aussi longtemps que possible, afin de laisser le temps \u00e0 l\u2019\u00e9conomie am\u00e9ricaine de reprendre de v\u00e9ritables forces et couleurs.<\/span>    <span style=\"font-size: small;\"> A quoi faut-il s\u2019attendre\u00a0? D\u2019apr\u00e8s <strong>Judith Danan<\/strong>, \u00ab<em>\u00a0la politique de la <strong>Fed<\/strong> restera accommodante pour quelques temps encore et continuera de b\u00e9n\u00e9ficier aux actifs dits risqu\u00e9s<\/em>\u00a0\u00bb.<\/span>    La FED incapable de rassurer les march\u00e9s<\/p>\n<!-- AddThis Advanced Settings generic via filter on the_content --><!-- AddThis Share Buttons generic via filter on the_content -->","protected":false},"excerpt":{"rendered":"<p>C\u2019est un changement de ton suffisamment notable pour susciter l\u2019inqui\u00e9tude des march\u00e9s. En effet, apr\u00e8s avoir mis les march\u00e9s financiers en f\u00eate, avec des d\u00e9clarations fermes sur la reprise de l\u2019\u00e9conomie am\u00e9ricaine et sa capacit\u00e9 \u00e0 [&hellip;]<\/p>\n","protected":false},"author":18,"featured_media":6581,"comment_status":"open","ping_status":"open","sticky":false,"template":"","format":"standard","meta":{"_mbp_gutenberg_autopost":false,"_pgmb_is_evergreen":false,"_pgmb_ap_template_id":0,"footnotes":""},"categories":[6],"tags":[1100,144,1649,1810],"ppma_author":[2565],"class_list":["post-14404","post","type-post","status-publish","format-standard","has-post-thumbnail","hentry","category-articles-de-presse","tag-economie-us","tag-fed","tag-marches","tag-yellen"],"yoast_head":"<!-- This site is optimized with the Yoast SEO plugin v27.5 - https:\/\/yoast.com\/product\/yoast-seo-wordpress\/ -->\n<title>La FED incapable de rassurer les march\u00e9s - Gold.fr<\/title>\n<meta name=\"robots\" content=\"index, follow, max-snippet:-1, max-image-preview:large, max-video-preview:-1\" \/>\n<link rel=\"canonical\" href=\"https:\/\/www.gold.fr\/news\/2014\/04\/14\/la-fed-incapable-de-rassurer-les-marches\/\" \/>\n<meta property=\"og:locale\" content=\"fr_FR\" \/>\n<meta property=\"og:type\" content=\"article\" \/>\n<meta property=\"og:title\" content=\"La FED incapable de rassurer les march\u00e9s - Gold.fr\" \/>\n<meta property=\"og:description\" content=\"C\u2019est un changement de ton suffisamment notable pour susciter l\u2019inqui\u00e9tude des march\u00e9s. En effet, apr\u00e8s avoir mis les march\u00e9s financiers en f\u00eate, avec des d\u00e9clarations fermes sur la reprise de l\u2019\u00e9conomie am\u00e9ricaine et sa capacit\u00e9 \u00e0 [&hellip;]\" \/>\n<meta property=\"og:url\" content=\"https:\/\/www.gold.fr\/news\/2014\/04\/14\/la-fed-incapable-de-rassurer-les-marches\/\" \/>\n<meta property=\"og:site_name\" content=\"Gold.fr\" \/>\n<meta property=\"article:publisher\" content=\"https:\/\/www.facebook.com\/Goldfr\/\" \/>\n<meta property=\"article:published_time\" content=\"2014-04-14T15:00:38+00:00\" \/>\n<meta property=\"article:modified_time\" content=\"2018-02-22T13:40:46+00:00\" \/>\n<meta property=\"og:image\" content=\"https:\/\/www.gold.fr\/news\/wp-content\/uploads\/2012\/03\/Lingots-dor.jpg\" \/>\n\t<meta property=\"og:image:width\" content=\"600\" \/>\n\t<meta property=\"og:image:height\" content=\"407\" \/>\n\t<meta property=\"og:image:type\" content=\"image\/jpeg\" \/>\n<meta name=\"author\" content=\"Comptoir National de l&#039;Or\" \/>\n<meta name=\"twitter:card\" content=\"summary_large_image\" \/>\n<meta name=\"twitter:label1\" content=\"\u00c9crit par\" \/>\n\t<meta name=\"twitter:data1\" content=\"Comptoir National de l&#039;Or\" \/>\n\t<meta name=\"twitter:label2\" content=\"Dur\u00e9e de lecture estim\u00e9e\" \/>\n\t<meta name=\"twitter:data2\" content=\"2 minutes\" \/>\n<script type=\"application\/ld+json\" class=\"yoast-schema-graph\">{\"@context\":\"https:\\\/\\\/schema.org\",\"@graph\":[{\"@type\":\"Article\",\"@id\":\"https:\\\/\\\/www.gold.fr\\\/news\\\/2014\\\/04\\\/14\\\/la-fed-incapable-de-rassurer-les-marches\\\/#article\",\"isPartOf\":{\"@id\":\"https:\\\/\\\/www.gold.fr\\\/news\\\/2014\\\/04\\\/14\\\/la-fed-incapable-de-rassurer-les-marches\\\/\"},\"author\":{\"name\":\"Comptoir National de l'Or\",\"@id\":\"https:\\\/\\\/www.gold.fr\\\/news\\\/#\\\/schema\\\/person\\\/070491b4b4fb7671bf59b3be20302ce9\"},\"headline\":\"La FED incapable de rassurer les march\u00e9s\",\"datePublished\":\"2014-04-14T15:00:38+00:00\",\"dateModified\":\"2018-02-22T13:40:46+00:00\",\"mainEntityOfPage\":{\"@id\":\"https:\\\/\\\/www.gold.fr\\\/news\\\/2014\\\/04\\\/14\\\/la-fed-incapable-de-rassurer-les-marches\\\/\"},\"wordCount\":323,\"commentCount\":0,\"image\":{\"@id\":\"https:\\\/\\\/www.gold.fr\\\/news\\\/2014\\\/04\\\/14\\\/la-fed-incapable-de-rassurer-les-marches\\\/#primaryimage\"},\"thumbnailUrl\":\"https:\\\/\\\/www.gold.fr\\\/news\\\/wp-content\\\/uploads\\\/2012\\\/03\\\/Lingots-dor.jpg\",\"keywords\":[\"\u00e9conomie US\",\"fed\",\"march\u00e9s\",\"yellen\"],\"articleSection\":[\"Articles de presse\"],\"inLanguage\":\"fr-FR\"},{\"@type\":\"WebPage\",\"@id\":\"https:\\\/\\\/www.gold.fr\\\/news\\\/2014\\\/04\\\/14\\\/la-fed-incapable-de-rassurer-les-marches\\\/\",\"url\":\"https:\\\/\\\/www.gold.fr\\\/news\\\/2014\\\/04\\\/14\\\/la-fed-incapable-de-rassurer-les-marches\\\/\",\"name\":\"La FED incapable de rassurer les march\u00e9s - Gold.fr\",\"isPartOf\":{\"@id\":\"https:\\\/\\\/www.gold.fr\\\/news\\\/#website\"},\"primaryImageOfPage\":{\"@id\":\"https:\\\/\\\/www.gold.fr\\\/news\\\/2014\\\/04\\\/14\\\/la-fed-incapable-de-rassurer-les-marches\\\/#primaryimage\"},\"image\":{\"@id\":\"https:\\\/\\\/www.gold.fr\\\/news\\\/2014\\\/04\\\/14\\\/la-fed-incapable-de-rassurer-les-marches\\\/#primaryimage\"},\"thumbnailUrl\":\"https:\\\/\\\/www.gold.fr\\\/news\\\/wp-content\\\/uploads\\\/2012\\\/03\\\/Lingots-dor.jpg\",\"datePublished\":\"2014-04-14T15:00:38+00:00\",\"dateModified\":\"2018-02-22T13:40:46+00:00\",\"author\":{\"@id\":\"https:\\\/\\\/www.gold.fr\\\/news\\\/#\\\/schema\\\/person\\\/070491b4b4fb7671bf59b3be20302ce9\"},\"breadcrumb\":{\"@id\":\"https:\\\/\\\/www.gold.fr\\\/news\\\/2014\\\/04\\\/14\\\/la-fed-incapable-de-rassurer-les-marches\\\/#breadcrumb\"},\"inLanguage\":\"fr-FR\",\"potentialAction\":[{\"@type\":\"ReadAction\",\"target\":[\"https:\\\/\\\/www.gold.fr\\\/news\\\/2014\\\/04\\\/14\\\/la-fed-incapable-de-rassurer-les-marches\\\/\"]}]},{\"@type\":\"ImageObject\",\"inLanguage\":\"fr-FR\",\"@id\":\"https:\\\/\\\/www.gold.fr\\\/news\\\/2014\\\/04\\\/14\\\/la-fed-incapable-de-rassurer-les-marches\\\/#primaryimage\",\"url\":\"https:\\\/\\\/www.gold.fr\\\/news\\\/wp-content\\\/uploads\\\/2012\\\/03\\\/Lingots-dor.jpg\",\"contentUrl\":\"https:\\\/\\\/www.gold.fr\\\/news\\\/wp-content\\\/uploads\\\/2012\\\/03\\\/Lingots-dor.jpg\",\"width\":\"600\",\"height\":\"407\",\"caption\":\"L\u00e9ger recul de l'once d'or suite au rapport NFP\"},{\"@type\":\"BreadcrumbList\",\"@id\":\"https:\\\/\\\/www.gold.fr\\\/news\\\/2014\\\/04\\\/14\\\/la-fed-incapable-de-rassurer-les-marches\\\/#breadcrumb\",\"itemListElement\":[{\"@type\":\"ListItem\",\"position\":1,\"name\":\"Accueil\",\"item\":\"https:\\\/\\\/www.gold.fr\\\/\"},{\"@type\":\"ListItem\",\"position\":2,\"name\":\"Actualit\u00e9s\",\"item\":\"https:\\\/\\\/www.gold.fr\\\/news\\\/\"},{\"@type\":\"ListItem\",\"position\":3,\"name\":\"La FED incapable de rassurer les march\u00e9s\"}]},{\"@type\":\"WebSite\",\"@id\":\"https:\\\/\\\/www.gold.fr\\\/news\\\/#website\",\"url\":\"https:\\\/\\\/www.gold.fr\\\/news\\\/\",\"name\":\"Gold.fr\",\"description\":\"Actualit\u00e9s de l&#039;Or et des m\u00e9taux pr\u00e9cieux\",\"potentialAction\":[{\"@type\":\"SearchAction\",\"target\":{\"@type\":\"EntryPoint\",\"urlTemplate\":\"https:\\\/\\\/www.gold.fr\\\/news\\\/?s={search_term_string}\"},\"query-input\":{\"@type\":\"PropertyValueSpecification\",\"valueRequired\":true,\"valueName\":\"search_term_string\"}}],\"inLanguage\":\"fr-FR\"},{\"@type\":\"Person\",\"@id\":\"https:\\\/\\\/www.gold.fr\\\/news\\\/#\\\/schema\\\/person\\\/070491b4b4fb7671bf59b3be20302ce9\",\"name\":\"Comptoir National de l'Or\",\"image\":{\"@type\":\"ImageObject\",\"inLanguage\":\"fr-FR\",\"@id\":\"https:\\\/\\\/secure.gravatar.com\\\/avatar\\\/0a2867fd5abe37bed95d5a65e9d58f01756e11efc68af9888dfc50cfa7f65948?s=96&d=mm&r=gb490554db0a38188709de567aa58480d\",\"url\":\"https:\\\/\\\/secure.gravatar.com\\\/avatar\\\/0a2867fd5abe37bed95d5a65e9d58f01756e11efc68af9888dfc50cfa7f65948?s=96&d=mm&r=g\",\"contentUrl\":\"https:\\\/\\\/secure.gravatar.com\\\/avatar\\\/0a2867fd5abe37bed95d5a65e9d58f01756e11efc68af9888dfc50cfa7f65948?s=96&d=mm&r=g\",\"caption\":\"Comptoir National de l'Or\"},\"description\":\"Notre r\u00e9daction est constitu\u00e9e de membres experts dans les m\u00e9tiers de l'\u00e9conomie et la gestion, des Responsables d'agence Comptoir National de l'Or, des analystes financiers qui publient r\u00e9guli\u00e8rement des \u00e9tudes sur les politiques des banques centrales, le cours de l'or, prix de l'or, cours de l'argent, prix de l'argent, cours du platine, cours du palladium,... la situation en zone euro et l'impact de la strat\u00e9gie mon\u00e9taire de la FED. Notre \u00e9quipe scrute \u00e9galement une information plus g\u00e9n\u00e9raliste \u00e0 la recherche d'actualit\u00e9 \\\"p\u00e9pite\\\" \u00e0 vous partager. Depuis 5 ans, nous avons publi\u00e9 un peu plus de 4000 articles qui s'adressent \u00e0 un public large et vari\u00e9 ayant pour objectif de satisfaire votre curiosit\u00e9 et de partager avec vous une certaine fascination pour le m\u00e9tal jaune, le rachat d'or, et pour ceux qui veulent investir dans l'or, vendre leur or tout simplement en savoir plus... Pour tous vos achat or et argent, n'h\u00e9sitez pas \u00e0 prendre rendez-vous dans l'un de nos nombreux comptoirs.\",\"sameAs\":[\"https:\\\/\\\/www.gold.fr\"]}]}<\/script>\n<!-- \/ Yoast SEO plugin. -->","yoast_head_json":{"title":"La FED incapable de rassurer les march\u00e9s - Gold.fr","robots":{"index":"index","follow":"follow","max-snippet":"max-snippet:-1","max-image-preview":"max-image-preview:large","max-video-preview":"max-video-preview:-1"},"canonical":"https:\/\/www.gold.fr\/news\/2014\/04\/14\/la-fed-incapable-de-rassurer-les-marches\/","og_locale":"fr_FR","og_type":"article","og_title":"La FED incapable de rassurer les march\u00e9s - Gold.fr","og_description":"C\u2019est un changement de ton suffisamment notable pour susciter l\u2019inqui\u00e9tude des march\u00e9s. En effet, apr\u00e8s avoir mis les march\u00e9s financiers en f\u00eate, avec des d\u00e9clarations fermes sur la reprise de l\u2019\u00e9conomie am\u00e9ricaine et sa capacit\u00e9 \u00e0 [&hellip;]","og_url":"https:\/\/www.gold.fr\/news\/2014\/04\/14\/la-fed-incapable-de-rassurer-les-marches\/","og_site_name":"Gold.fr","article_publisher":"https:\/\/www.facebook.com\/Goldfr\/","article_published_time":"2014-04-14T15:00:38+00:00","article_modified_time":"2018-02-22T13:40:46+00:00","og_image":[{"width":600,"height":407,"url":"https:\/\/www.gold.fr\/news\/wp-content\/uploads\/2012\/03\/Lingots-dor.jpg","type":"image\/jpeg"}],"author":"Comptoir National de l'Or","twitter_card":"summary_large_image","twitter_misc":{"\u00c9crit par":"Comptoir National de l'Or","Dur\u00e9e de lecture estim\u00e9e":"2 minutes"},"schema":{"@context":"https:\/\/schema.org","@graph":[{"@type":"Article","@id":"https:\/\/www.gold.fr\/news\/2014\/04\/14\/la-fed-incapable-de-rassurer-les-marches\/#article","isPartOf":{"@id":"https:\/\/www.gold.fr\/news\/2014\/04\/14\/la-fed-incapable-de-rassurer-les-marches\/"},"author":{"name":"Comptoir National de l'Or","@id":"https:\/\/www.gold.fr\/news\/#\/schema\/person\/070491b4b4fb7671bf59b3be20302ce9"},"headline":"La FED incapable de rassurer les march\u00e9s","datePublished":"2014-04-14T15:00:38+00:00","dateModified":"2018-02-22T13:40:46+00:00","mainEntityOfPage":{"@id":"https:\/\/www.gold.fr\/news\/2014\/04\/14\/la-fed-incapable-de-rassurer-les-marches\/"},"wordCount":323,"commentCount":0,"image":{"@id":"https:\/\/www.gold.fr\/news\/2014\/04\/14\/la-fed-incapable-de-rassurer-les-marches\/#primaryimage"},"thumbnailUrl":"https:\/\/www.gold.fr\/news\/wp-content\/uploads\/2012\/03\/Lingots-dor.jpg","keywords":["\u00e9conomie US","fed","march\u00e9s","yellen"],"articleSection":["Articles de presse"],"inLanguage":"fr-FR"},{"@type":"WebPage","@id":"https:\/\/www.gold.fr\/news\/2014\/04\/14\/la-fed-incapable-de-rassurer-les-marches\/","url":"https:\/\/www.gold.fr\/news\/2014\/04\/14\/la-fed-incapable-de-rassurer-les-marches\/","name":"La FED incapable de rassurer les march\u00e9s - Gold.fr","isPartOf":{"@id":"https:\/\/www.gold.fr\/news\/#website"},"primaryImageOfPage":{"@id":"https:\/\/www.gold.fr\/news\/2014\/04\/14\/la-fed-incapable-de-rassurer-les-marches\/#primaryimage"},"image":{"@id":"https:\/\/www.gold.fr\/news\/2014\/04\/14\/la-fed-incapable-de-rassurer-les-marches\/#primaryimage"},"thumbnailUrl":"https:\/\/www.gold.fr\/news\/wp-content\/uploads\/2012\/03\/Lingots-dor.jpg","datePublished":"2014-04-14T15:00:38+00:00","dateModified":"2018-02-22T13:40:46+00:00","author":{"@id":"https:\/\/www.gold.fr\/news\/#\/schema\/person\/070491b4b4fb7671bf59b3be20302ce9"},"breadcrumb":{"@id":"https:\/\/www.gold.fr\/news\/2014\/04\/14\/la-fed-incapable-de-rassurer-les-marches\/#breadcrumb"},"inLanguage":"fr-FR","potentialAction":[{"@type":"ReadAction","target":["https:\/\/www.gold.fr\/news\/2014\/04\/14\/la-fed-incapable-de-rassurer-les-marches\/"]}]},{"@type":"ImageObject","inLanguage":"fr-FR","@id":"https:\/\/www.gold.fr\/news\/2014\/04\/14\/la-fed-incapable-de-rassurer-les-marches\/#primaryimage","url":"https:\/\/www.gold.fr\/news\/wp-content\/uploads\/2012\/03\/Lingots-dor.jpg","contentUrl":"https:\/\/www.gold.fr\/news\/wp-content\/uploads\/2012\/03\/Lingots-dor.jpg","width":"600","height":"407","caption":"L\u00e9ger recul de l'once d'or suite au rapport NFP"},{"@type":"BreadcrumbList","@id":"https:\/\/www.gold.fr\/news\/2014\/04\/14\/la-fed-incapable-de-rassurer-les-marches\/#breadcrumb","itemListElement":[{"@type":"ListItem","position":1,"name":"Accueil","item":"https:\/\/www.gold.fr\/"},{"@type":"ListItem","position":2,"name":"Actualit\u00e9s","item":"https:\/\/www.gold.fr\/news\/"},{"@type":"ListItem","position":3,"name":"La FED incapable de rassurer les march\u00e9s"}]},{"@type":"WebSite","@id":"https:\/\/www.gold.fr\/news\/#website","url":"https:\/\/www.gold.fr\/news\/","name":"Gold.fr","description":"Actualit\u00e9s de l&#039;Or et des m\u00e9taux pr\u00e9cieux","potentialAction":[{"@type":"SearchAction","target":{"@type":"EntryPoint","urlTemplate":"https:\/\/www.gold.fr\/news\/?s={search_term_string}"},"query-input":{"@type":"PropertyValueSpecification","valueRequired":true,"valueName":"search_term_string"}}],"inLanguage":"fr-FR"},{"@type":"Person","@id":"https:\/\/www.gold.fr\/news\/#\/schema\/person\/070491b4b4fb7671bf59b3be20302ce9","name":"Comptoir National de l'Or","image":{"@type":"ImageObject","inLanguage":"fr-FR","@id":"https:\/\/secure.gravatar.com\/avatar\/0a2867fd5abe37bed95d5a65e9d58f01756e11efc68af9888dfc50cfa7f65948?s=96&d=mm&r=gb490554db0a38188709de567aa58480d","url":"https:\/\/secure.gravatar.com\/avatar\/0a2867fd5abe37bed95d5a65e9d58f01756e11efc68af9888dfc50cfa7f65948?s=96&d=mm&r=g","contentUrl":"https:\/\/secure.gravatar.com\/avatar\/0a2867fd5abe37bed95d5a65e9d58f01756e11efc68af9888dfc50cfa7f65948?s=96&d=mm&r=g","caption":"Comptoir National de l'Or"},"description":"Notre r\u00e9daction est constitu\u00e9e de membres experts dans les m\u00e9tiers de l'\u00e9conomie et la gestion, des Responsables d'agence Comptoir National de l'Or, des analystes financiers qui publient r\u00e9guli\u00e8rement des \u00e9tudes sur les politiques des banques centrales, le cours de l'or, prix de l'or, cours de l'argent, prix de l'argent, cours du platine, cours du palladium,... la situation en zone euro et l'impact de la strat\u00e9gie mon\u00e9taire de la FED. Notre \u00e9quipe scrute \u00e9galement une information plus g\u00e9n\u00e9raliste \u00e0 la recherche d'actualit\u00e9 \"p\u00e9pite\" \u00e0 vous partager. Depuis 5 ans, nous avons publi\u00e9 un peu plus de 4000 articles qui s'adressent \u00e0 un public large et vari\u00e9 ayant pour objectif de satisfaire votre curiosit\u00e9 et de partager avec vous une certaine fascination pour le m\u00e9tal jaune, le rachat d'or, et pour ceux qui veulent investir dans l'or, vendre leur or tout simplement en savoir plus... Pour tous vos achat or et argent, n'h\u00e9sitez pas \u00e0 prendre rendez-vous dans l'un de nos nombreux comptoirs.","sameAs":["https:\/\/www.gold.fr"]}]}},"authors":[{"term_id":2565,"user_id":18,"is_guest":0,"slug":"julie","display_name":"Comptoir National de l'Or","avatar_url":"https:\/\/secure.gravatar.com\/avatar\/713f289e398d35ead876c4a4cc08607f0d6d266058cfc25683fffb6092d0e572?s=96&d=mm&r=g","0":null,"1":"","2":"","3":"","4":"","5":"","6":"","7":"","8":""}],"_links":{"self":[{"href":"https:\/\/www.gold.fr\/news\/wp-json\/wp\/v2\/posts\/14404","targetHints":{"allow":["GET"]}}],"collection":[{"href":"https:\/\/www.gold.fr\/news\/wp-json\/wp\/v2\/posts"}],"about":[{"href":"https:\/\/www.gold.fr\/news\/wp-json\/wp\/v2\/types\/post"}],"author":[{"embeddable":true,"href":"https:\/\/www.gold.fr\/news\/wp-json\/wp\/v2\/users\/18"}],"replies":[{"embeddable":true,"href":"https:\/\/www.gold.fr\/news\/wp-json\/wp\/v2\/comments?post=14404"}],"version-history":[{"count":0,"href":"https:\/\/www.gold.fr\/news\/wp-json\/wp\/v2\/posts\/14404\/revisions"}],"wp:featuredmedia":[{"embeddable":true,"href":"https:\/\/www.gold.fr\/news\/wp-json\/wp\/v2\/media\/6581"}],"wp:attachment":[{"href":"https:\/\/www.gold.fr\/news\/wp-json\/wp\/v2\/media?parent=14404"}],"wp:term":[{"taxonomy":"category","embeddable":true,"href":"https:\/\/www.gold.fr\/news\/wp-json\/wp\/v2\/categories?post=14404"},{"taxonomy":"post_tag","embeddable":true,"href":"https:\/\/www.gold.fr\/news\/wp-json\/wp\/v2\/tags?post=14404"},{"taxonomy":"author","embeddable":true,"href":"https:\/\/www.gold.fr\/news\/wp-json\/wp\/v2\/ppma_author?post=14404"}],"curies":[{"name":"wp","href":"https:\/\/api.w.org\/{rel}","templated":true}]}}