{"id":14329,"date":"2014-04-07T09:00:48","date_gmt":"2014-04-07T07:00:48","guid":{"rendered":"https:\/\/www.gold.fr\/news\/?p=14329"},"modified":"2018-02-22T14:40:59","modified_gmt":"2018-02-22T13:40:59","slug":"bce-un-nouveau-ton-pour-de-nouvelles-perspectives","status":"publish","type":"post","link":"https:\/\/www.gold.fr\/news\/2014\/04\/07\/bce-un-nouveau-ton-pour-de-nouvelles-perspectives\/","title":{"rendered":"BCE : Un nouveau ton pour de nouvelles perspectives"},"content":{"rendered":"<p><span style=\"font-size: small;\"><img loading=\"lazy\" decoding=\"async\" class=\"alignleft size-thumbnail wp-image-3775\" title=\"BCE : Un nouveau ton pour de nouvelles perspectives\" src=\"https:\/\/www.gold.fr\/news\/wp-content\/uploads\/2011\/11\/125529830-150x150.jpg\" alt=\"\" width=\"150\" height=\"150\" \/>Ce n\u2019est pas tant la ligne directrice de l\u2019institution qui a chang\u00e9. Non, en cela, la banque centrale europ\u00e9enne reste tr\u00e8s fid\u00e8le \u00e0 elle-m\u00eame, n\u2019apportant aucune r\u00e9elle modification \u00e0 la \u00ab\u00a0<em>culture\u00a0<\/em>\u00bb accommodante de la <strong>BCE<\/strong> et de ses diff\u00e9rents dirigeants et d\u00e9cideurs, et, notamment, <strong>Mario Draghi<\/strong> et son fameux conseil des gouverneurs. Mais le discours de ces messieurs porte d\u00e9sormais un ton ferme et confiant qui annonce de nouvelles \u00ab\u00a0<em>perspectives\u00a0<\/em>\u00bb, selon l\u2019avis g\u00e9n\u00e9ral des experts.<\/span>    <span style=\"font-size: small;\"> Ainsi, si jamais l\u2019\u00e9conomie de la zone euro venait \u00e0 chuter ou \u00e0 afficher une s\u00e9rie prolong\u00e9e de r\u00e9sultats d\u00e9cevants, les responsables de la banque centrale europ\u00e9enne n\u2019h\u00e9siteraient pas \u00e0 appliquer de nouveaux proc\u00e9d\u00e9s destin\u00e9s \u00e0 la soutenir et la renforcer. Dans le cadre de la conf\u00e9rence de presse, tenue suite \u00e0 la r\u00e9union traditionnelle des gouverneurs de la <strong>BCE<\/strong>, M. <strong>Draghi<\/strong> avait affirm\u00e9\u00a0: \u00ab<em>\u00a0nous n&rsquo;excluons pas de nouvelles mesures d&rsquo;assouplissement mon\u00e9taire\u00a0<\/em>\u00bb. D\u2019apr\u00e8s les observateurs, \u00ab\u00a0<em>ce pourrait \u00eatre le cas si l&rsquo;inflation, inf\u00e9rieure aux pr\u00e9visions de la <strong>BCE<\/strong>, ne rebondissait pas comme attendu, o\u00f9 si les perspectives \u00e9conomiques venaient \u00e0 d\u00e9cevoir<\/em>\u00a0\u00bb.<\/span>    <span style=\"font-size: small;\"> Par ailleurs, les membres du Conseil sont \u00ab<em>\u00a0unanimes\u00a0dans leur engagement \u00e0 utiliser aussi des instruments non conventionnels (\u2026) afin de faire face efficacement aux risques d&rsquo;une p\u00e9riode prolong\u00e9e de faible inflation<\/em>\u00a0\u00bb.<\/span>    <span style=\"font-size: small;\"> Il faudra donc attendre pour voir o\u00f9 cette nouvelle et myst\u00e9rieuse saga va mener, d\u2019autant plus que <a title=\"Surprenant discours Draghi : Les r\u00e9actions des experts 1\" href=\"https:\/\/www.gold.fr\/news\/2014\/04\/04\/surprenant-discours-draghi-les-reactions-des-experts-1\/14326\/\" target=\"_blank\">bon nombre d\u2019experts affirment que <strong>Mario Draghi<\/strong> est loin d\u2019avoir dit son dernier mot \u00e0 ce sujet<\/a> et qu\u2019il a d\u00e9j\u00e0 un plan bien \u00e9tabli qu\u2019il attend le bon moment pour annoncer.<\/span>  <span style=\"font-size: small;\"> A suivre\u2026<\/span><\/p>\n<!-- AddThis Advanced Settings generic via filter on the_content --><!-- AddThis Share Buttons generic via filter on the_content -->","protected":false},"excerpt":{"rendered":"<p>Ce n\u2019est pas tant la ligne directrice de l\u2019institution qui a chang\u00e9. Non, en cela, la banque centrale europ\u00e9enne reste tr\u00e8s fid\u00e8le \u00e0 elle-m\u00eame, n\u2019apportant aucune r\u00e9elle modification \u00e0 la \u00ab\u00a0culture\u00a0\u00bb accommodante de la BCE et [&hellip;]<\/p>\n","protected":false},"author":18,"featured_media":3775,"comment_status":"open","ping_status":"open","sticky":false,"template":"","format":"standard","meta":{"_mbp_gutenberg_autopost":false,"_pgmb_is_evergreen":false,"_pgmb_ap_template_id":0,"footnotes":""},"categories":[6],"tags":[143,495,126],"ppma_author":[2565],"class_list":["post-14329","post","type-post","status-publish","format-standard","has-post-thumbnail","hentry","category-articles-de-presse","tag-bce","tag-mario-draghi","tag-zone-euro"],"yoast_head":"<!-- This site is optimized with the Yoast SEO plugin v26.9 - https:\/\/yoast.com\/product\/yoast-seo-wordpress\/ -->\n<title>BCE : Un nouveau ton pour de nouvelles perspectives - Gold.fr<\/title>\n<meta name=\"robots\" content=\"index, follow, max-snippet:-1, max-image-preview:large, max-video-preview:-1\" \/>\n<link rel=\"canonical\" href=\"https:\/\/www.gold.fr\/news\/2014\/04\/07\/bce-un-nouveau-ton-pour-de-nouvelles-perspectives\/\" \/>\n<meta property=\"og:locale\" content=\"fr_FR\" \/>\n<meta property=\"og:type\" content=\"article\" \/>\n<meta property=\"og:title\" content=\"BCE : Un nouveau ton pour de nouvelles perspectives - Gold.fr\" \/>\n<meta property=\"og:description\" content=\"Ce n\u2019est pas tant la ligne directrice de l\u2019institution qui a chang\u00e9. Non, en cela, la banque centrale europ\u00e9enne reste tr\u00e8s fid\u00e8le \u00e0 elle-m\u00eame, n\u2019apportant aucune r\u00e9elle modification \u00e0 la \u00ab\u00a0culture\u00a0\u00bb accommodante de la BCE et [&hellip;]\" \/>\n<meta property=\"og:url\" content=\"https:\/\/www.gold.fr\/news\/2014\/04\/07\/bce-un-nouveau-ton-pour-de-nouvelles-perspectives\/\" \/>\n<meta property=\"og:site_name\" content=\"Gold.fr\" \/>\n<meta property=\"article:publisher\" content=\"https:\/\/www.facebook.com\/Goldfr\/\" \/>\n<meta property=\"article:published_time\" content=\"2014-04-07T07:00:48+00:00\" \/>\n<meta property=\"article:modified_time\" content=\"2018-02-22T13:40:59+00:00\" \/>\n<meta property=\"og:image\" content=\"https:\/\/www.gold.fr\/news\/wp-content\/uploads\/2011\/11\/125529830-e1321430697946.jpg\" \/>\n\t<meta property=\"og:image:width\" content=\"600\" \/>\n\t<meta property=\"og:image:height\" content=\"600\" \/>\n\t<meta property=\"og:image:type\" content=\"image\/jpeg\" \/>\n<meta name=\"author\" content=\"Comptoir National de l&#039;Or\" \/>\n<meta name=\"twitter:card\" content=\"summary_large_image\" \/>\n<meta name=\"twitter:label1\" content=\"\u00c9crit par\" \/>\n\t<meta name=\"twitter:data1\" content=\"Comptoir National de l&#039;Or\" \/>\n\t<meta name=\"twitter:label2\" content=\"Dur\u00e9e de lecture estim\u00e9e\" \/>\n\t<meta name=\"twitter:data2\" content=\"1 minute\" \/>\n<script type=\"application\/ld+json\" class=\"yoast-schema-graph\">{\"@context\":\"https:\/\/schema.org\",\"@graph\":[{\"@type\":\"Article\",\"@id\":\"https:\/\/www.gold.fr\/news\/2014\/04\/07\/bce-un-nouveau-ton-pour-de-nouvelles-perspectives\/#article\",\"isPartOf\":{\"@id\":\"https:\/\/www.gold.fr\/news\/2014\/04\/07\/bce-un-nouveau-ton-pour-de-nouvelles-perspectives\/\"},\"author\":{\"name\":\"Comptoir National de l'Or\",\"@id\":\"https:\/\/www.gold.fr\/news\/#\/schema\/person\/760ee7cec237915eebf2be78df0404c4\"},\"headline\":\"BCE : Un nouveau ton pour de nouvelles perspectives\",\"datePublished\":\"2014-04-07T07:00:48+00:00\",\"dateModified\":\"2018-02-22T13:40:59+00:00\",\"mainEntityOfPage\":{\"@id\":\"https:\/\/www.gold.fr\/news\/2014\/04\/07\/bce-un-nouveau-ton-pour-de-nouvelles-perspectives\/\"},\"wordCount\":302,\"commentCount\":0,\"image\":{\"@id\":\"https:\/\/www.gold.fr\/news\/2014\/04\/07\/bce-un-nouveau-ton-pour-de-nouvelles-perspectives\/#primaryimage\"},\"thumbnailUrl\":\"https:\/\/www.gold.fr\/news\/wp-content\/uploads\/2011\/11\/125529830-e1321430697946.jpg\",\"keywords\":[\"bce\",\"mario draghi\",\"zone euro\"],\"articleSection\":[\"Articles de presse\"],\"inLanguage\":\"fr-FR\"},{\"@type\":\"WebPage\",\"@id\":\"https:\/\/www.gold.fr\/news\/2014\/04\/07\/bce-un-nouveau-ton-pour-de-nouvelles-perspectives\/\",\"url\":\"https:\/\/www.gold.fr\/news\/2014\/04\/07\/bce-un-nouveau-ton-pour-de-nouvelles-perspectives\/\",\"name\":\"BCE : Un nouveau ton pour de nouvelles perspectives - Gold.fr\",\"isPartOf\":{\"@id\":\"https:\/\/www.gold.fr\/news\/#website\"},\"primaryImageOfPage\":{\"@id\":\"https:\/\/www.gold.fr\/news\/2014\/04\/07\/bce-un-nouveau-ton-pour-de-nouvelles-perspectives\/#primaryimage\"},\"image\":{\"@id\":\"https:\/\/www.gold.fr\/news\/2014\/04\/07\/bce-un-nouveau-ton-pour-de-nouvelles-perspectives\/#primaryimage\"},\"thumbnailUrl\":\"https:\/\/www.gold.fr\/news\/wp-content\/uploads\/2011\/11\/125529830-e1321430697946.jpg\",\"datePublished\":\"2014-04-07T07:00:48+00:00\",\"dateModified\":\"2018-02-22T13:40:59+00:00\",\"author\":{\"@id\":\"https:\/\/www.gold.fr\/news\/#\/schema\/person\/760ee7cec237915eebf2be78df0404c4\"},\"breadcrumb\":{\"@id\":\"https:\/\/www.gold.fr\/news\/2014\/04\/07\/bce-un-nouveau-ton-pour-de-nouvelles-perspectives\/#breadcrumb\"},\"inLanguage\":\"fr-FR\",\"potentialAction\":[{\"@type\":\"ReadAction\",\"target\":[\"https:\/\/www.gold.fr\/news\/2014\/04\/07\/bce-un-nouveau-ton-pour-de-nouvelles-perspectives\/\"]}]},{\"@type\":\"ImageObject\",\"inLanguage\":\"fr-FR\",\"@id\":\"https:\/\/www.gold.fr\/news\/2014\/04\/07\/bce-un-nouveau-ton-pour-de-nouvelles-perspectives\/#primaryimage\",\"url\":\"https:\/\/www.gold.fr\/news\/wp-content\/uploads\/2011\/11\/125529830-e1321430697946.jpg\",\"contentUrl\":\"https:\/\/www.gold.fr\/news\/wp-content\/uploads\/2011\/11\/125529830-e1321430697946.jpg\",\"width\":\"600\",\"height\":\"600\",\"caption\":\"Un vent d\u2019optimisme souffle sur les march\u00e9s boursiers\"},{\"@type\":\"BreadcrumbList\",\"@id\":\"https:\/\/www.gold.fr\/news\/2014\/04\/07\/bce-un-nouveau-ton-pour-de-nouvelles-perspectives\/#breadcrumb\",\"itemListElement\":[{\"@type\":\"ListItem\",\"position\":1,\"name\":\"Accueil\",\"item\":\"https:\/\/www.gold.fr\/\"},{\"@type\":\"ListItem\",\"position\":2,\"name\":\"Actualit\u00e9s\",\"item\":\"https:\/\/www.gold.fr\/news\/\"},{\"@type\":\"ListItem\",\"position\":3,\"name\":\"BCE : Un nouveau ton pour de nouvelles perspectives\"}]},{\"@type\":\"WebSite\",\"@id\":\"https:\/\/www.gold.fr\/news\/#website\",\"url\":\"https:\/\/www.gold.fr\/news\/\",\"name\":\"Gold.fr\",\"description\":\"Actualit\u00e9s de l&#039;Or et des m\u00e9taux pr\u00e9cieux\",\"potentialAction\":[{\"@type\":\"SearchAction\",\"target\":{\"@type\":\"EntryPoint\",\"urlTemplate\":\"https:\/\/www.gold.fr\/news\/?s={search_term_string}\"},\"query-input\":{\"@type\":\"PropertyValueSpecification\",\"valueRequired\":true,\"valueName\":\"search_term_string\"}}],\"inLanguage\":\"fr-FR\"},{\"@type\":\"Person\",\"@id\":\"https:\/\/www.gold.fr\/news\/#\/schema\/person\/760ee7cec237915eebf2be78df0404c4\",\"name\":\"Comptoir National de l'Or\",\"image\":{\"@type\":\"ImageObject\",\"inLanguage\":\"fr-FR\",\"@id\":\"https:\/\/www.gold.fr\/news\/#\/schema\/person\/image\/c36675942654553a86039d2dfa93c740\",\"url\":\"https:\/\/secure.gravatar.com\/avatar\/713f289e398d35ead876c4a4cc08607f0d6d266058cfc25683fffb6092d0e572?s=96&d=mm&r=g\",\"contentUrl\":\"https:\/\/secure.gravatar.com\/avatar\/713f289e398d35ead876c4a4cc08607f0d6d266058cfc25683fffb6092d0e572?s=96&d=mm&r=g\",\"caption\":\"Comptoir National de l'Or\"},\"description\":\"Notre r\u00e9daction est constitu\u00e9e de membres experts dans les m\u00e9tiers de l'\u00e9conomie et la gestion, des Responsables d'agence Comptoir National de l'Or, des analystes financiers qui publient r\u00e9guli\u00e8rement des \u00e9tudes sur les politiques des banques centrales, le cours de l'or, prix de l'or, cours de l'argent, prix de l'argent, cours du platine, cours du palladium,... la situation en zone euro et l'impact de la strat\u00e9gie mon\u00e9taire de la FED. Notre \u00e9quipe scrute \u00e9galement une information plus g\u00e9n\u00e9raliste \u00e0 la recherche d'actualit\u00e9 \\\"p\u00e9pite\\\" \u00e0 vous partager. Depuis 5 ans, nous avons publi\u00e9 un peu plus de 4000 articles qui s'adressent \u00e0 un public large et vari\u00e9 ayant pour objectif de satisfaire votre curiosit\u00e9 et de partager avec vous une certaine fascination pour le m\u00e9tal jaune, le rachat d'or, et pour ceux qui veulent investir dans l'or, vendre leur or tout simplement en savoir plus... Pour tous vos achat or et argent, n'h\u00e9sitez pas \u00e0 prendre rendez-vous dans l'un de nos nombreux comptoirs.\",\"sameAs\":[\"https:\/\/www.gold.fr\"]}]}<\/script>\n<!-- \/ Yoast SEO plugin. -->","yoast_head_json":{"title":"BCE : Un nouveau ton pour de nouvelles perspectives - Gold.fr","robots":{"index":"index","follow":"follow","max-snippet":"max-snippet:-1","max-image-preview":"max-image-preview:large","max-video-preview":"max-video-preview:-1"},"canonical":"https:\/\/www.gold.fr\/news\/2014\/04\/07\/bce-un-nouveau-ton-pour-de-nouvelles-perspectives\/","og_locale":"fr_FR","og_type":"article","og_title":"BCE : Un nouveau ton pour de nouvelles perspectives - Gold.fr","og_description":"Ce n\u2019est pas tant la ligne directrice de l\u2019institution qui a chang\u00e9. Non, en cela, la banque centrale europ\u00e9enne reste tr\u00e8s fid\u00e8le \u00e0 elle-m\u00eame, n\u2019apportant aucune r\u00e9elle modification \u00e0 la \u00ab\u00a0culture\u00a0\u00bb accommodante de la BCE et [&hellip;]","og_url":"https:\/\/www.gold.fr\/news\/2014\/04\/07\/bce-un-nouveau-ton-pour-de-nouvelles-perspectives\/","og_site_name":"Gold.fr","article_publisher":"https:\/\/www.facebook.com\/Goldfr\/","article_published_time":"2014-04-07T07:00:48+00:00","article_modified_time":"2018-02-22T13:40:59+00:00","og_image":[{"width":600,"height":600,"url":"https:\/\/www.gold.fr\/news\/wp-content\/uploads\/2011\/11\/125529830-e1321430697946.jpg","type":"image\/jpeg"}],"author":"Comptoir National de l'Or","twitter_card":"summary_large_image","twitter_misc":{"\u00c9crit par":"Comptoir National de l'Or","Dur\u00e9e de lecture estim\u00e9e":"1 minute"},"schema":{"@context":"https:\/\/schema.org","@graph":[{"@type":"Article","@id":"https:\/\/www.gold.fr\/news\/2014\/04\/07\/bce-un-nouveau-ton-pour-de-nouvelles-perspectives\/#article","isPartOf":{"@id":"https:\/\/www.gold.fr\/news\/2014\/04\/07\/bce-un-nouveau-ton-pour-de-nouvelles-perspectives\/"},"author":{"name":"Comptoir National de l'Or","@id":"https:\/\/www.gold.fr\/news\/#\/schema\/person\/760ee7cec237915eebf2be78df0404c4"},"headline":"BCE : Un nouveau ton pour de nouvelles perspectives","datePublished":"2014-04-07T07:00:48+00:00","dateModified":"2018-02-22T13:40:59+00:00","mainEntityOfPage":{"@id":"https:\/\/www.gold.fr\/news\/2014\/04\/07\/bce-un-nouveau-ton-pour-de-nouvelles-perspectives\/"},"wordCount":302,"commentCount":0,"image":{"@id":"https:\/\/www.gold.fr\/news\/2014\/04\/07\/bce-un-nouveau-ton-pour-de-nouvelles-perspectives\/#primaryimage"},"thumbnailUrl":"https:\/\/www.gold.fr\/news\/wp-content\/uploads\/2011\/11\/125529830-e1321430697946.jpg","keywords":["bce","mario draghi","zone euro"],"articleSection":["Articles de presse"],"inLanguage":"fr-FR"},{"@type":"WebPage","@id":"https:\/\/www.gold.fr\/news\/2014\/04\/07\/bce-un-nouveau-ton-pour-de-nouvelles-perspectives\/","url":"https:\/\/www.gold.fr\/news\/2014\/04\/07\/bce-un-nouveau-ton-pour-de-nouvelles-perspectives\/","name":"BCE : Un nouveau ton pour de nouvelles perspectives - Gold.fr","isPartOf":{"@id":"https:\/\/www.gold.fr\/news\/#website"},"primaryImageOfPage":{"@id":"https:\/\/www.gold.fr\/news\/2014\/04\/07\/bce-un-nouveau-ton-pour-de-nouvelles-perspectives\/#primaryimage"},"image":{"@id":"https:\/\/www.gold.fr\/news\/2014\/04\/07\/bce-un-nouveau-ton-pour-de-nouvelles-perspectives\/#primaryimage"},"thumbnailUrl":"https:\/\/www.gold.fr\/news\/wp-content\/uploads\/2011\/11\/125529830-e1321430697946.jpg","datePublished":"2014-04-07T07:00:48+00:00","dateModified":"2018-02-22T13:40:59+00:00","author":{"@id":"https:\/\/www.gold.fr\/news\/#\/schema\/person\/760ee7cec237915eebf2be78df0404c4"},"breadcrumb":{"@id":"https:\/\/www.gold.fr\/news\/2014\/04\/07\/bce-un-nouveau-ton-pour-de-nouvelles-perspectives\/#breadcrumb"},"inLanguage":"fr-FR","potentialAction":[{"@type":"ReadAction","target":["https:\/\/www.gold.fr\/news\/2014\/04\/07\/bce-un-nouveau-ton-pour-de-nouvelles-perspectives\/"]}]},{"@type":"ImageObject","inLanguage":"fr-FR","@id":"https:\/\/www.gold.fr\/news\/2014\/04\/07\/bce-un-nouveau-ton-pour-de-nouvelles-perspectives\/#primaryimage","url":"https:\/\/www.gold.fr\/news\/wp-content\/uploads\/2011\/11\/125529830-e1321430697946.jpg","contentUrl":"https:\/\/www.gold.fr\/news\/wp-content\/uploads\/2011\/11\/125529830-e1321430697946.jpg","width":"600","height":"600","caption":"Un vent d\u2019optimisme souffle sur les march\u00e9s boursiers"},{"@type":"BreadcrumbList","@id":"https:\/\/www.gold.fr\/news\/2014\/04\/07\/bce-un-nouveau-ton-pour-de-nouvelles-perspectives\/#breadcrumb","itemListElement":[{"@type":"ListItem","position":1,"name":"Accueil","item":"https:\/\/www.gold.fr\/"},{"@type":"ListItem","position":2,"name":"Actualit\u00e9s","item":"https:\/\/www.gold.fr\/news\/"},{"@type":"ListItem","position":3,"name":"BCE : Un nouveau ton pour de nouvelles perspectives"}]},{"@type":"WebSite","@id":"https:\/\/www.gold.fr\/news\/#website","url":"https:\/\/www.gold.fr\/news\/","name":"Gold.fr","description":"Actualit\u00e9s de l&#039;Or et des m\u00e9taux pr\u00e9cieux","potentialAction":[{"@type":"SearchAction","target":{"@type":"EntryPoint","urlTemplate":"https:\/\/www.gold.fr\/news\/?s={search_term_string}"},"query-input":{"@type":"PropertyValueSpecification","valueRequired":true,"valueName":"search_term_string"}}],"inLanguage":"fr-FR"},{"@type":"Person","@id":"https:\/\/www.gold.fr\/news\/#\/schema\/person\/760ee7cec237915eebf2be78df0404c4","name":"Comptoir National de l'Or","image":{"@type":"ImageObject","inLanguage":"fr-FR","@id":"https:\/\/www.gold.fr\/news\/#\/schema\/person\/image\/c36675942654553a86039d2dfa93c740","url":"https:\/\/secure.gravatar.com\/avatar\/713f289e398d35ead876c4a4cc08607f0d6d266058cfc25683fffb6092d0e572?s=96&d=mm&r=g","contentUrl":"https:\/\/secure.gravatar.com\/avatar\/713f289e398d35ead876c4a4cc08607f0d6d266058cfc25683fffb6092d0e572?s=96&d=mm&r=g","caption":"Comptoir National de l'Or"},"description":"Notre r\u00e9daction est constitu\u00e9e de membres experts dans les m\u00e9tiers de l'\u00e9conomie et la gestion, des Responsables d'agence Comptoir National de l'Or, des analystes financiers qui publient r\u00e9guli\u00e8rement des \u00e9tudes sur les politiques des banques centrales, le cours de l'or, prix de l'or, cours de l'argent, prix de l'argent, cours du platine, cours du palladium,... la situation en zone euro et l'impact de la strat\u00e9gie mon\u00e9taire de la FED. Notre \u00e9quipe scrute \u00e9galement une information plus g\u00e9n\u00e9raliste \u00e0 la recherche d'actualit\u00e9 \"p\u00e9pite\" \u00e0 vous partager. Depuis 5 ans, nous avons publi\u00e9 un peu plus de 4000 articles qui s'adressent \u00e0 un public large et vari\u00e9 ayant pour objectif de satisfaire votre curiosit\u00e9 et de partager avec vous une certaine fascination pour le m\u00e9tal jaune, le rachat d'or, et pour ceux qui veulent investir dans l'or, vendre leur or tout simplement en savoir plus... Pour tous vos achat or et argent, n'h\u00e9sitez pas \u00e0 prendre rendez-vous dans l'un de nos nombreux comptoirs.","sameAs":["https:\/\/www.gold.fr"]}]}},"authors":[{"term_id":2565,"user_id":18,"is_guest":0,"slug":"julie","display_name":"Comptoir National de l'Or","avatar_url":"https:\/\/secure.gravatar.com\/avatar\/713f289e398d35ead876c4a4cc08607f0d6d266058cfc25683fffb6092d0e572?s=96&d=mm&r=g","0":null,"1":"","2":"","3":"","4":"","5":"","6":"","7":"","8":""}],"_links":{"self":[{"href":"https:\/\/www.gold.fr\/news\/wp-json\/wp\/v2\/posts\/14329","targetHints":{"allow":["GET"]}}],"collection":[{"href":"https:\/\/www.gold.fr\/news\/wp-json\/wp\/v2\/posts"}],"about":[{"href":"https:\/\/www.gold.fr\/news\/wp-json\/wp\/v2\/types\/post"}],"author":[{"embeddable":true,"href":"https:\/\/www.gold.fr\/news\/wp-json\/wp\/v2\/users\/18"}],"replies":[{"embeddable":true,"href":"https:\/\/www.gold.fr\/news\/wp-json\/wp\/v2\/comments?post=14329"}],"version-history":[{"count":0,"href":"https:\/\/www.gold.fr\/news\/wp-json\/wp\/v2\/posts\/14329\/revisions"}],"wp:featuredmedia":[{"embeddable":true,"href":"https:\/\/www.gold.fr\/news\/wp-json\/wp\/v2\/media\/3775"}],"wp:attachment":[{"href":"https:\/\/www.gold.fr\/news\/wp-json\/wp\/v2\/media?parent=14329"}],"wp:term":[{"taxonomy":"category","embeddable":true,"href":"https:\/\/www.gold.fr\/news\/wp-json\/wp\/v2\/categories?post=14329"},{"taxonomy":"post_tag","embeddable":true,"href":"https:\/\/www.gold.fr\/news\/wp-json\/wp\/v2\/tags?post=14329"},{"taxonomy":"author","embeddable":true,"href":"https:\/\/www.gold.fr\/news\/wp-json\/wp\/v2\/ppma_author?post=14329"}],"curies":[{"name":"wp","href":"https:\/\/api.w.org\/{rel}","templated":true}]}}