{"id":14326,"date":"2014-04-04T17:00:45","date_gmt":"2014-04-04T15:00:45","guid":{"rendered":"https:\/\/www.gold.fr\/news\/?p=14326"},"modified":"2018-02-22T14:40:59","modified_gmt":"2018-02-22T13:40:59","slug":"surprenant-discours-draghi-les-reactions-des-experts-1","status":"publish","type":"post","link":"https:\/\/www.gold.fr\/news\/2014\/04\/04\/surprenant-discours-draghi-les-reactions-des-experts-1\/","title":{"rendered":"Surprenant discours Draghi : Les r\u00e9actions des experts 1"},"content":{"rendered":"<p><img loading=\"lazy\" decoding=\"async\" class=\"alignleft size-thumbnail wp-image-5011\" title=\"Surprenant discours Draghi : Les r\u00e9actions des experts 1\" src=\"https:\/\/www.gold.fr\/news\/wp-content\/uploads\/2012\/01\/Europe-150x150.jpg\" alt=\"\" width=\"150\" height=\"150\" \/><span style=\"font-size: small;\">Bien que la banque centrale europ\u00e9enne ait finalement choisi de n&rsquo;apporter aucune modification \u00e0 sa politique mon\u00e9taire actuelle, le discours de <strong>Mario Draghi<\/strong> annon\u00e7ant cette nouvelle (ou l&rsquo;absence de nouvelle) n&rsquo;avait, quant \u00e0 lui, rien de pr\u00e9visible. Ce sont en effet surtout les propos du pr\u00e9sident de l&rsquo;institution qui ont suscit\u00e9 l&rsquo;int\u00e9r\u00eat et la curiosit\u00e9 de l&rsquo;ensemble de la communaut\u00e9 analyste. Tour d&rsquo;horizon des r\u00e9<a href='https:\/\/www.gold.fr\/news\/tags\/investissement' class='esk-seo-plu-link'>actions<\/a> exprim\u00e9es par les principaux observateurs des march\u00e9s financiers.<\/span>    <span style=\"font-size: small;\"> C&rsquo;est donc avec un ton plus s\u00fbr et confiant que le pr\u00e9sident de la premi\u00e8re institution financi\u00e8re euro avait affront\u00e9, cette semaine, la horde de journalistes venus l&rsquo;interroger sur l&rsquo;issue de la r\u00e9union de son conseil des gouverneurs. Et la conclusion g\u00e9n\u00e9rale serait, apparemment, que \u00ab<em> la question n&rsquo;est plus \u201csi\u201d ni \u201cpourquoi\u201d, mais \u201ccomment\u201d et \u201cquand\u201d<\/em> \u00bb. Toutefois, bien que l&rsquo;\u00e9ventualit\u00e9 du lancement d&rsquo;un programme <strong>QE3<\/strong> soit aujourd&rsquo;hui une fatalit\u00e9, il est tr\u00e8s probable que les statistiques de l&rsquo;inflation en <strong>zone euro<\/strong> (pour le mois en cours) jouent un r\u00f4le d\u00e9cisif dans la question.<\/span>    <span style=\"font-size: small;\"> Mais pour une partie des analystes, ce myst\u00e8re demeure, avant tout, \u00ab<em> l&rsquo;arme de la communication<\/em> \u00bb de l&rsquo;institution, comme la qualifie<strong> Aurel BGC<\/strong>, \u00ab <em>laissant esp\u00e9rer une intervention prochaine \u00e0 l&rsquo;aide des moyens non-conventionnels \u00e0 sa disposition, dont des rachats d&rsquo;actifs, si l&rsquo;inflation mena\u00e7ait de rester trop longtemps trop basse <\/em>\u00bb.<\/span>    <span style=\"font-size: small;\"> Une opinion largement partag\u00e9e par bon nombre d&rsquo;experts qui n&rsquo;ont pas manqu\u00e9 de noter que \u00ab<em> les march\u00e9s d&rsquo;<a href='https:\/\/www.gold.fr\/news\/tags\/investissement' class='esk-seo-plu-link'>actions<\/a> ont grimp\u00e9 et l&rsquo;euro teste le plancher des <strong>1,37 dollar <\/strong><\/em>\u00bb.<\/span><\/p>\n<!-- AddThis Advanced Settings generic via filter on the_content --><!-- AddThis Share Buttons generic via filter on the_content -->","protected":false},"excerpt":{"rendered":"<p>Bien que la banque centrale europ\u00e9enne ait finalement choisi de n&rsquo;apporter aucune modification \u00e0 sa politique mon\u00e9taire actuelle, le discours de Mario Draghi annon\u00e7ant cette nouvelle (ou l&rsquo;absence de nouvelle) n&rsquo;avait, quant \u00e0 lui, rien de [&hellip;]<\/p>\n","protected":false},"author":18,"featured_media":5011,"comment_status":"open","ping_status":"open","sticky":false,"template":"","format":"standard","meta":{"_mbp_gutenberg_autopost":false,"_pgmb_is_evergreen":false,"_pgmb_ap_template_id":0,"footnotes":""},"categories":[6],"tags":[143,242,1055,495,1682],"ppma_author":[2565],"class_list":["post-14326","post","type-post","status-publish","format-standard","has-post-thumbnail","hentry","category-articles-de-presse","tag-bce","tag-europe","tag-experts","tag-mario-draghi","tag-qe3"],"yoast_head":"<!-- This site is optimized with the Yoast SEO plugin v27.5 - https:\/\/yoast.com\/product\/yoast-seo-wordpress\/ -->\n<title>Surprenant discours Draghi : Les r\u00e9actions des experts 1 - Gold.fr<\/title>\n<meta name=\"robots\" content=\"index, follow, max-snippet:-1, max-image-preview:large, max-video-preview:-1\" \/>\n<link rel=\"canonical\" href=\"https:\/\/www.gold.fr\/news\/2014\/04\/04\/surprenant-discours-draghi-les-reactions-des-experts-1\/\" \/>\n<meta property=\"og:locale\" content=\"fr_FR\" \/>\n<meta property=\"og:type\" content=\"article\" \/>\n<meta property=\"og:title\" content=\"Surprenant discours Draghi : Les r\u00e9actions des experts 1 - Gold.fr\" \/>\n<meta property=\"og:description\" content=\"Bien que la banque centrale europ\u00e9enne ait finalement choisi de n&rsquo;apporter aucune modification \u00e0 sa politique mon\u00e9taire actuelle, le discours de Mario Draghi annon\u00e7ant cette nouvelle (ou l&rsquo;absence de nouvelle) n&rsquo;avait, quant \u00e0 lui, rien de [&hellip;]\" \/>\n<meta property=\"og:url\" content=\"https:\/\/www.gold.fr\/news\/2014\/04\/04\/surprenant-discours-draghi-les-reactions-des-experts-1\/\" \/>\n<meta property=\"og:site_name\" content=\"Gold.fr\" \/>\n<meta property=\"article:publisher\" content=\"https:\/\/www.facebook.com\/Goldfr\/\" \/>\n<meta property=\"article:published_time\" content=\"2014-04-04T15:00:45+00:00\" \/>\n<meta property=\"article:modified_time\" content=\"2018-02-22T13:40:59+00:00\" \/>\n<meta property=\"og:image\" content=\"https:\/\/www.gold.fr\/news\/wp-content\/uploads\/2012\/01\/Europe.jpg\" \/>\n\t<meta property=\"og:image:width\" content=\"600\" \/>\n\t<meta property=\"og:image:height\" content=\"417\" \/>\n\t<meta property=\"og:image:type\" content=\"image\/jpeg\" \/>\n<meta name=\"author\" content=\"Comptoir National de l&#039;Or\" \/>\n<meta name=\"twitter:card\" content=\"summary_large_image\" \/>\n<meta name=\"twitter:label1\" content=\"\u00c9crit par\" \/>\n\t<meta name=\"twitter:data1\" content=\"Comptoir National de l&#039;Or\" \/>\n\t<meta name=\"twitter:label2\" content=\"Dur\u00e9e de lecture estim\u00e9e\" \/>\n\t<meta name=\"twitter:data2\" content=\"1 minute\" \/>\n<script type=\"application\/ld+json\" class=\"yoast-schema-graph\">{\"@context\":\"https:\\\/\\\/schema.org\",\"@graph\":[{\"@type\":\"Article\",\"@id\":\"https:\\\/\\\/www.gold.fr\\\/news\\\/2014\\\/04\\\/04\\\/surprenant-discours-draghi-les-reactions-des-experts-1\\\/#article\",\"isPartOf\":{\"@id\":\"https:\\\/\\\/www.gold.fr\\\/news\\\/2014\\\/04\\\/04\\\/surprenant-discours-draghi-les-reactions-des-experts-1\\\/\"},\"author\":{\"name\":\"Comptoir National de l'Or\",\"@id\":\"https:\\\/\\\/www.gold.fr\\\/news\\\/#\\\/schema\\\/person\\\/070491b4b4fb7671bf59b3be20302ce9\"},\"headline\":\"Surprenant discours Draghi : Les r\u00e9actions des experts 1\",\"datePublished\":\"2014-04-04T15:00:45+00:00\",\"dateModified\":\"2018-02-22T13:40:59+00:00\",\"mainEntityOfPage\":{\"@id\":\"https:\\\/\\\/www.gold.fr\\\/news\\\/2014\\\/04\\\/04\\\/surprenant-discours-draghi-les-reactions-des-experts-1\\\/\"},\"wordCount\":294,\"commentCount\":1,\"image\":{\"@id\":\"https:\\\/\\\/www.gold.fr\\\/news\\\/2014\\\/04\\\/04\\\/surprenant-discours-draghi-les-reactions-des-experts-1\\\/#primaryimage\"},\"thumbnailUrl\":\"https:\\\/\\\/www.gold.fr\\\/news\\\/wp-content\\\/uploads\\\/2012\\\/01\\\/Europe.jpg\",\"keywords\":[\"bce\",\"europe\",\"experts\",\"mario draghi\",\"QE3\"],\"articleSection\":[\"Articles de presse\"],\"inLanguage\":\"fr-FR\"},{\"@type\":\"WebPage\",\"@id\":\"https:\\\/\\\/www.gold.fr\\\/news\\\/2014\\\/04\\\/04\\\/surprenant-discours-draghi-les-reactions-des-experts-1\\\/\",\"url\":\"https:\\\/\\\/www.gold.fr\\\/news\\\/2014\\\/04\\\/04\\\/surprenant-discours-draghi-les-reactions-des-experts-1\\\/\",\"name\":\"Surprenant discours Draghi : Les r\u00e9actions des experts 1 - Gold.fr\",\"isPartOf\":{\"@id\":\"https:\\\/\\\/www.gold.fr\\\/news\\\/#website\"},\"primaryImageOfPage\":{\"@id\":\"https:\\\/\\\/www.gold.fr\\\/news\\\/2014\\\/04\\\/04\\\/surprenant-discours-draghi-les-reactions-des-experts-1\\\/#primaryimage\"},\"image\":{\"@id\":\"https:\\\/\\\/www.gold.fr\\\/news\\\/2014\\\/04\\\/04\\\/surprenant-discours-draghi-les-reactions-des-experts-1\\\/#primaryimage\"},\"thumbnailUrl\":\"https:\\\/\\\/www.gold.fr\\\/news\\\/wp-content\\\/uploads\\\/2012\\\/01\\\/Europe.jpg\",\"datePublished\":\"2014-04-04T15:00:45+00:00\",\"dateModified\":\"2018-02-22T13:40:59+00:00\",\"author\":{\"@id\":\"https:\\\/\\\/www.gold.fr\\\/news\\\/#\\\/schema\\\/person\\\/070491b4b4fb7671bf59b3be20302ce9\"},\"breadcrumb\":{\"@id\":\"https:\\\/\\\/www.gold.fr\\\/news\\\/2014\\\/04\\\/04\\\/surprenant-discours-draghi-les-reactions-des-experts-1\\\/#breadcrumb\"},\"inLanguage\":\"fr-FR\",\"potentialAction\":[{\"@type\":\"ReadAction\",\"target\":[\"https:\\\/\\\/www.gold.fr\\\/news\\\/2014\\\/04\\\/04\\\/surprenant-discours-draghi-les-reactions-des-experts-1\\\/\"]}]},{\"@type\":\"ImageObject\",\"inLanguage\":\"fr-FR\",\"@id\":\"https:\\\/\\\/www.gold.fr\\\/news\\\/2014\\\/04\\\/04\\\/surprenant-discours-draghi-les-reactions-des-experts-1\\\/#primaryimage\",\"url\":\"https:\\\/\\\/www.gold.fr\\\/news\\\/wp-content\\\/uploads\\\/2012\\\/01\\\/Europe.jpg\",\"contentUrl\":\"https:\\\/\\\/www.gold.fr\\\/news\\\/wp-content\\\/uploads\\\/2012\\\/01\\\/Europe.jpg\",\"width\":\"600\",\"height\":\"417\"},{\"@type\":\"BreadcrumbList\",\"@id\":\"https:\\\/\\\/www.gold.fr\\\/news\\\/2014\\\/04\\\/04\\\/surprenant-discours-draghi-les-reactions-des-experts-1\\\/#breadcrumb\",\"itemListElement\":[{\"@type\":\"ListItem\",\"position\":1,\"name\":\"Accueil\",\"item\":\"https:\\\/\\\/www.gold.fr\\\/\"},{\"@type\":\"ListItem\",\"position\":2,\"name\":\"Actualit\u00e9s\",\"item\":\"https:\\\/\\\/www.gold.fr\\\/news\\\/\"},{\"@type\":\"ListItem\",\"position\":3,\"name\":\"Surprenant discours Draghi : Les r\u00e9actions des experts 1\"}]},{\"@type\":\"WebSite\",\"@id\":\"https:\\\/\\\/www.gold.fr\\\/news\\\/#website\",\"url\":\"https:\\\/\\\/www.gold.fr\\\/news\\\/\",\"name\":\"Gold.fr\",\"description\":\"Actualit\u00e9s de l&#039;Or et des m\u00e9taux pr\u00e9cieux\",\"potentialAction\":[{\"@type\":\"SearchAction\",\"target\":{\"@type\":\"EntryPoint\",\"urlTemplate\":\"https:\\\/\\\/www.gold.fr\\\/news\\\/?s={search_term_string}\"},\"query-input\":{\"@type\":\"PropertyValueSpecification\",\"valueRequired\":true,\"valueName\":\"search_term_string\"}}],\"inLanguage\":\"fr-FR\"},{\"@type\":\"Person\",\"@id\":\"https:\\\/\\\/www.gold.fr\\\/news\\\/#\\\/schema\\\/person\\\/070491b4b4fb7671bf59b3be20302ce9\",\"name\":\"Comptoir National de l'Or\",\"image\":{\"@type\":\"ImageObject\",\"inLanguage\":\"fr-FR\",\"@id\":\"https:\\\/\\\/secure.gravatar.com\\\/avatar\\\/0a2867fd5abe37bed95d5a65e9d58f01756e11efc68af9888dfc50cfa7f65948?s=96&d=mm&r=gb490554db0a38188709de567aa58480d\",\"url\":\"https:\\\/\\\/secure.gravatar.com\\\/avatar\\\/0a2867fd5abe37bed95d5a65e9d58f01756e11efc68af9888dfc50cfa7f65948?s=96&d=mm&r=g\",\"contentUrl\":\"https:\\\/\\\/secure.gravatar.com\\\/avatar\\\/0a2867fd5abe37bed95d5a65e9d58f01756e11efc68af9888dfc50cfa7f65948?s=96&d=mm&r=g\",\"caption\":\"Comptoir National de l'Or\"},\"description\":\"Notre r\u00e9daction est constitu\u00e9e de membres experts dans les m\u00e9tiers de l'\u00e9conomie et la gestion, des Responsables d'agence Comptoir National de l'Or, des analystes financiers qui publient r\u00e9guli\u00e8rement des \u00e9tudes sur les politiques des banques centrales, le cours de l'or, prix de l'or, cours de l'argent, prix de l'argent, cours du platine, cours du palladium,... la situation en zone euro et l'impact de la strat\u00e9gie mon\u00e9taire de la FED. Notre \u00e9quipe scrute \u00e9galement une information plus g\u00e9n\u00e9raliste \u00e0 la recherche d'actualit\u00e9 \\\"p\u00e9pite\\\" \u00e0 vous partager. Depuis 5 ans, nous avons publi\u00e9 un peu plus de 4000 articles qui s'adressent \u00e0 un public large et vari\u00e9 ayant pour objectif de satisfaire votre curiosit\u00e9 et de partager avec vous une certaine fascination pour le m\u00e9tal jaune, le rachat d'or, et pour ceux qui veulent investir dans l'or, vendre leur or tout simplement en savoir plus... Pour tous vos achat or et argent, n'h\u00e9sitez pas \u00e0 prendre rendez-vous dans l'un de nos nombreux comptoirs.\",\"sameAs\":[\"https:\\\/\\\/www.gold.fr\"]}]}<\/script>\n<!-- \/ Yoast SEO plugin. -->","yoast_head_json":{"title":"Surprenant discours Draghi : Les r\u00e9actions des experts 1 - Gold.fr","robots":{"index":"index","follow":"follow","max-snippet":"max-snippet:-1","max-image-preview":"max-image-preview:large","max-video-preview":"max-video-preview:-1"},"canonical":"https:\/\/www.gold.fr\/news\/2014\/04\/04\/surprenant-discours-draghi-les-reactions-des-experts-1\/","og_locale":"fr_FR","og_type":"article","og_title":"Surprenant discours Draghi : Les r\u00e9actions des experts 1 - Gold.fr","og_description":"Bien que la banque centrale europ\u00e9enne ait finalement choisi de n&rsquo;apporter aucune modification \u00e0 sa politique mon\u00e9taire actuelle, le discours de Mario Draghi annon\u00e7ant cette nouvelle (ou l&rsquo;absence de nouvelle) n&rsquo;avait, quant \u00e0 lui, rien de [&hellip;]","og_url":"https:\/\/www.gold.fr\/news\/2014\/04\/04\/surprenant-discours-draghi-les-reactions-des-experts-1\/","og_site_name":"Gold.fr","article_publisher":"https:\/\/www.facebook.com\/Goldfr\/","article_published_time":"2014-04-04T15:00:45+00:00","article_modified_time":"2018-02-22T13:40:59+00:00","og_image":[{"width":600,"height":417,"url":"https:\/\/www.gold.fr\/news\/wp-content\/uploads\/2012\/01\/Europe.jpg","type":"image\/jpeg"}],"author":"Comptoir National de l'Or","twitter_card":"summary_large_image","twitter_misc":{"\u00c9crit par":"Comptoir National de l'Or","Dur\u00e9e de lecture estim\u00e9e":"1 minute"},"schema":{"@context":"https:\/\/schema.org","@graph":[{"@type":"Article","@id":"https:\/\/www.gold.fr\/news\/2014\/04\/04\/surprenant-discours-draghi-les-reactions-des-experts-1\/#article","isPartOf":{"@id":"https:\/\/www.gold.fr\/news\/2014\/04\/04\/surprenant-discours-draghi-les-reactions-des-experts-1\/"},"author":{"name":"Comptoir National de l'Or","@id":"https:\/\/www.gold.fr\/news\/#\/schema\/person\/070491b4b4fb7671bf59b3be20302ce9"},"headline":"Surprenant discours Draghi : Les r\u00e9actions des experts 1","datePublished":"2014-04-04T15:00:45+00:00","dateModified":"2018-02-22T13:40:59+00:00","mainEntityOfPage":{"@id":"https:\/\/www.gold.fr\/news\/2014\/04\/04\/surprenant-discours-draghi-les-reactions-des-experts-1\/"},"wordCount":294,"commentCount":1,"image":{"@id":"https:\/\/www.gold.fr\/news\/2014\/04\/04\/surprenant-discours-draghi-les-reactions-des-experts-1\/#primaryimage"},"thumbnailUrl":"https:\/\/www.gold.fr\/news\/wp-content\/uploads\/2012\/01\/Europe.jpg","keywords":["bce","europe","experts","mario draghi","QE3"],"articleSection":["Articles de presse"],"inLanguage":"fr-FR"},{"@type":"WebPage","@id":"https:\/\/www.gold.fr\/news\/2014\/04\/04\/surprenant-discours-draghi-les-reactions-des-experts-1\/","url":"https:\/\/www.gold.fr\/news\/2014\/04\/04\/surprenant-discours-draghi-les-reactions-des-experts-1\/","name":"Surprenant discours Draghi : Les r\u00e9actions des experts 1 - Gold.fr","isPartOf":{"@id":"https:\/\/www.gold.fr\/news\/#website"},"primaryImageOfPage":{"@id":"https:\/\/www.gold.fr\/news\/2014\/04\/04\/surprenant-discours-draghi-les-reactions-des-experts-1\/#primaryimage"},"image":{"@id":"https:\/\/www.gold.fr\/news\/2014\/04\/04\/surprenant-discours-draghi-les-reactions-des-experts-1\/#primaryimage"},"thumbnailUrl":"https:\/\/www.gold.fr\/news\/wp-content\/uploads\/2012\/01\/Europe.jpg","datePublished":"2014-04-04T15:00:45+00:00","dateModified":"2018-02-22T13:40:59+00:00","author":{"@id":"https:\/\/www.gold.fr\/news\/#\/schema\/person\/070491b4b4fb7671bf59b3be20302ce9"},"breadcrumb":{"@id":"https:\/\/www.gold.fr\/news\/2014\/04\/04\/surprenant-discours-draghi-les-reactions-des-experts-1\/#breadcrumb"},"inLanguage":"fr-FR","potentialAction":[{"@type":"ReadAction","target":["https:\/\/www.gold.fr\/news\/2014\/04\/04\/surprenant-discours-draghi-les-reactions-des-experts-1\/"]}]},{"@type":"ImageObject","inLanguage":"fr-FR","@id":"https:\/\/www.gold.fr\/news\/2014\/04\/04\/surprenant-discours-draghi-les-reactions-des-experts-1\/#primaryimage","url":"https:\/\/www.gold.fr\/news\/wp-content\/uploads\/2012\/01\/Europe.jpg","contentUrl":"https:\/\/www.gold.fr\/news\/wp-content\/uploads\/2012\/01\/Europe.jpg","width":"600","height":"417"},{"@type":"BreadcrumbList","@id":"https:\/\/www.gold.fr\/news\/2014\/04\/04\/surprenant-discours-draghi-les-reactions-des-experts-1\/#breadcrumb","itemListElement":[{"@type":"ListItem","position":1,"name":"Accueil","item":"https:\/\/www.gold.fr\/"},{"@type":"ListItem","position":2,"name":"Actualit\u00e9s","item":"https:\/\/www.gold.fr\/news\/"},{"@type":"ListItem","position":3,"name":"Surprenant discours Draghi : Les r\u00e9actions des experts 1"}]},{"@type":"WebSite","@id":"https:\/\/www.gold.fr\/news\/#website","url":"https:\/\/www.gold.fr\/news\/","name":"Gold.fr","description":"Actualit\u00e9s de l&#039;Or et des m\u00e9taux pr\u00e9cieux","potentialAction":[{"@type":"SearchAction","target":{"@type":"EntryPoint","urlTemplate":"https:\/\/www.gold.fr\/news\/?s={search_term_string}"},"query-input":{"@type":"PropertyValueSpecification","valueRequired":true,"valueName":"search_term_string"}}],"inLanguage":"fr-FR"},{"@type":"Person","@id":"https:\/\/www.gold.fr\/news\/#\/schema\/person\/070491b4b4fb7671bf59b3be20302ce9","name":"Comptoir National de l'Or","image":{"@type":"ImageObject","inLanguage":"fr-FR","@id":"https:\/\/secure.gravatar.com\/avatar\/0a2867fd5abe37bed95d5a65e9d58f01756e11efc68af9888dfc50cfa7f65948?s=96&d=mm&r=gb490554db0a38188709de567aa58480d","url":"https:\/\/secure.gravatar.com\/avatar\/0a2867fd5abe37bed95d5a65e9d58f01756e11efc68af9888dfc50cfa7f65948?s=96&d=mm&r=g","contentUrl":"https:\/\/secure.gravatar.com\/avatar\/0a2867fd5abe37bed95d5a65e9d58f01756e11efc68af9888dfc50cfa7f65948?s=96&d=mm&r=g","caption":"Comptoir National de l'Or"},"description":"Notre r\u00e9daction est constitu\u00e9e de membres experts dans les m\u00e9tiers de l'\u00e9conomie et la gestion, des Responsables d'agence Comptoir National de l'Or, des analystes financiers qui publient r\u00e9guli\u00e8rement des \u00e9tudes sur les politiques des banques centrales, le cours de l'or, prix de l'or, cours de l'argent, prix de l'argent, cours du platine, cours du palladium,... la situation en zone euro et l'impact de la strat\u00e9gie mon\u00e9taire de la FED. Notre \u00e9quipe scrute \u00e9galement une information plus g\u00e9n\u00e9raliste \u00e0 la recherche d'actualit\u00e9 \"p\u00e9pite\" \u00e0 vous partager. Depuis 5 ans, nous avons publi\u00e9 un peu plus de 4000 articles qui s'adressent \u00e0 un public large et vari\u00e9 ayant pour objectif de satisfaire votre curiosit\u00e9 et de partager avec vous une certaine fascination pour le m\u00e9tal jaune, le rachat d'or, et pour ceux qui veulent investir dans l'or, vendre leur or tout simplement en savoir plus... Pour tous vos achat or et argent, n'h\u00e9sitez pas \u00e0 prendre rendez-vous dans l'un de nos nombreux comptoirs.","sameAs":["https:\/\/www.gold.fr"]}]}},"authors":[{"term_id":2565,"user_id":18,"is_guest":0,"slug":"julie","display_name":"Comptoir National de l'Or","avatar_url":"https:\/\/secure.gravatar.com\/avatar\/713f289e398d35ead876c4a4cc08607f0d6d266058cfc25683fffb6092d0e572?s=96&d=mm&r=g","0":null,"1":"","2":"","3":"","4":"","5":"","6":"","7":"","8":""}],"_links":{"self":[{"href":"https:\/\/www.gold.fr\/news\/wp-json\/wp\/v2\/posts\/14326","targetHints":{"allow":["GET"]}}],"collection":[{"href":"https:\/\/www.gold.fr\/news\/wp-json\/wp\/v2\/posts"}],"about":[{"href":"https:\/\/www.gold.fr\/news\/wp-json\/wp\/v2\/types\/post"}],"author":[{"embeddable":true,"href":"https:\/\/www.gold.fr\/news\/wp-json\/wp\/v2\/users\/18"}],"replies":[{"embeddable":true,"href":"https:\/\/www.gold.fr\/news\/wp-json\/wp\/v2\/comments?post=14326"}],"version-history":[{"count":0,"href":"https:\/\/www.gold.fr\/news\/wp-json\/wp\/v2\/posts\/14326\/revisions"}],"wp:featuredmedia":[{"embeddable":true,"href":"https:\/\/www.gold.fr\/news\/wp-json\/wp\/v2\/media\/5011"}],"wp:attachment":[{"href":"https:\/\/www.gold.fr\/news\/wp-json\/wp\/v2\/media?parent=14326"}],"wp:term":[{"taxonomy":"category","embeddable":true,"href":"https:\/\/www.gold.fr\/news\/wp-json\/wp\/v2\/categories?post=14326"},{"taxonomy":"post_tag","embeddable":true,"href":"https:\/\/www.gold.fr\/news\/wp-json\/wp\/v2\/tags?post=14326"},{"taxonomy":"author","embeddable":true,"href":"https:\/\/www.gold.fr\/news\/wp-json\/wp\/v2\/ppma_author?post=14326"}],"curies":[{"name":"wp","href":"https:\/\/api.w.org\/{rel}","templated":true}]}}