{"id":14322,"date":"2014-04-04T09:00:29","date_gmt":"2014-04-04T07:00:29","guid":{"rendered":"https:\/\/www.gold.fr\/news\/?p=14322"},"modified":"2021-09-09T15:51:18","modified_gmt":"2021-09-09T13:51:18","slug":"lor-suisse-toujours-au-coeur-de-la-controverse","status":"publish","type":"post","link":"https:\/\/www.gold.fr\/news\/2014\/04\/04\/lor-suisse-toujours-au-coeur-de-la-controverse\/","title":{"rendered":"L\u2019or suisse toujours au c\u0153ur de la controverse"},"content":{"rendered":"<p><img loading=\"lazy\" decoding=\"async\" class=\"alignleft size-thumbnail wp-image-3909\" title=\"L\u2019or suisse toujours au c\u0153ur de la controverse\" src=\"https:\/\/www.gold.fr\/news\/wp-content\/uploads\/2012\/01\/drapeau-suisse.jpg\" alt=\"\" width=\"150\" height=\"150\" \/><span style=\"font-size: small;\">Et c&rsquo;est une controverse qui perdure depuis le d\u00e9but de l&rsquo;ann\u00e9e <strong>2013<\/strong>, et ne semble pas pr\u00e8s de trouver une r\u00e9solution d\u00e9finitive. C&rsquo;est l&rsquo;initiative de l&rsquo;<strong>UDC<\/strong> (Union d\u00e9mocratique du centre) qui avait lanc\u00e9 le d\u00e9bat, en avril dernier, avec pour objectif de ramener les r\u00e9serves d&rsquo;<a class=\"esk-seo-plu-link\" href=\"https:\/\/www.gold.fr\/news\/tags\/or\">or<\/a> de la <strong>BNS<\/strong> (banque nationale suisse) \u00e0 <strong>20%<\/strong> de <a class=\"esk-seo-plu-link\" href=\"https:\/\/www.gold.fr\/news\/tags\/or\">m\u00e9tal jaune<\/a> \u00ab <em>inali\u00e9nable au bilan<\/em> \u00bb. Un objectif qui inqui\u00e8te une bonne partie des citoyens du pays, ainsi que la moiti\u00e9 des politiciens nationaux.<\/span> <span style=\"font-size: small;\"> Il est \u00e0 noter que le repli r\u00e9cent du march\u00e9 aurif\u00e8re (tout au long de l&rsquo;ann\u00e9e <strong>2013<\/strong>) a inflig\u00e9 \u00e0 la <strong>BNS<\/strong> une \u00ab <em>moins-value -non r\u00e9alis\u00e9e, donc comptable- de <strong>15\u202fmilliards de francs<\/strong> sur son stock, privant de recettes les cantons et la Conf\u00e9d\u00e9ration<\/em> \u00bb qui avaient cumul\u00e9 des gains s&rsquo;\u00e9levant \u00e0 <strong>1\u202fmilliard de francs<\/strong> en <strong>2011<\/strong> et <strong>2012<\/strong>, gr\u00e2ce \u00e0 la flamb\u00e9e de la relique barbare.<\/span> <span style=\"font-size: small;\"> D&rsquo;apr\u00e8s le chef \u00e9conomiste de la <strong>Banque Sarasin<\/strong>, <strong>Jan Poser<\/strong>, ce repli du march\u00e9 aurif\u00e8re souligne surtout \u00ab <em>la volatilit\u00e9 de l&rsquo;<a class=\"esk-seo-plu-link\" href=\"https:\/\/www.gold.fr\/news\/tags\/or\">or<\/a> <\/em>\u00bb, ce qui, selon lui, justifie que \u00ab<em> la BNS conserve moins de <strong>10%<\/strong> d&rsquo;<a class=\"esk-seo-plu-link\" href=\"https:\/\/www.gold.fr\/news\/tags\/or\">or<\/a> au bilan, au titre de diversification, et n&rsquo;en fasse pas l&rsquo;actif de r\u00e9f\u00e9rence<\/em>.\u00bb<\/span> <span style=\"font-size: small;\"> Cet avis est pourtant loin d&rsquo;\u00eatre partag\u00e9 par la population suisse, dont le souci se situe ailleurs ; la <strong>BNS<\/strong> d\u00e9tient-elle d\u00e9sormais suffisamment d&rsquo;<a class=\"esk-seo-plu-link\" href=\"https:\/\/www.gold.fr\/news\/tags\/or\">or<\/a> ? Pourquoi vendre autant d&rsquo;<a class=\"esk-seo-plu-link\" href=\"https:\/\/www.gold.fr\/news\/tags\/or\">or<\/a> (qui demeure, selon eux, une <a class=\"esk-seo-plu-link\" href=\"https:\/\/www.gold.fr\/news\/tags\/investissement\">valeur refuge<\/a> ind\u00e9tr\u00f4nable) ?<\/span> <span style=\"font-size: small;\"> Actuellement, les caves de la <strong>BNS<\/strong> ne renferment que <strong>8%<\/strong> de r\u00e9serves d&rsquo;<a class=\"esk-seo-plu-link\" href=\"https:\/\/www.gold.fr\/news\/tags\/or\">or<\/a> (sur l&rsquo;ensemble des r\u00e9serves vari\u00e9es qui les remplissent), puisque l&rsquo;institution avait perdu <strong>70 \u202fmilliards de francs<\/strong>, suite aux ventes massives d&rsquo;<a class=\"esk-seo-plu-link\" href=\"https:\/\/www.gold.fr\/news\/tags\/or\">or<\/a> auxquelles elle avait proc\u00e9d\u00e9, entre <strong>2005<\/strong> et <strong>2009<\/strong>, comme ne cessent de le lui reprocher les membres du mouvement \u00ab<em>Sauvez l&rsquo;<a class=\"esk-seo-plu-link\" href=\"https:\/\/www.gold.fr\/news\/tags\/or\">or<\/a> de la Suisse<\/em>\u00bb. Et l&rsquo;argument tient particuli\u00e8rement, dans la mesure o\u00f9 la valeur de l&rsquo;once repr\u00e9sente actuellement le triple de son prix d&rsquo;il y a dix ans, et ce, en d\u00e9pit de la baisse de <strong>2013<\/strong>.<\/span> <span style=\"font-size: small;\"> Pour les experts, en cas de crise \u00e9conomique majeure et mondiale, la <strong>BNS<\/strong> ne verrait certainement pas son <a class=\"esk-seo-plu-link\" href=\"https:\/\/www.gold.fr\/news\/tags\/or\">or<\/a> pareillement. Ils estiment en effet que \u00ab <em>les investisseurs, eux, reviendraient en force sur ce qu&rsquo;ils ont toujours, dans les temps incertains, per\u00e7u comme l&rsquo;unique <a class=\"esk-seo-plu-link\" href=\"https:\/\/www.gold.fr\/news\/tags\/investissement\">valeur refuge<\/a> <\/em>\u00bb. <\/span><\/p>\n<!-- AddThis Advanced Settings generic via filter on the_content --><!-- AddThis Share Buttons generic via filter on the_content -->","protected":false},"excerpt":{"rendered":"<p>Et c&rsquo;est une controverse qui perdure depuis le d\u00e9but de l&rsquo;ann\u00e9e 2013, et ne semble pas pr\u00e8s de trouver une r\u00e9solution d\u00e9finitive. C&rsquo;est l&rsquo;initiative de l&rsquo;UDC (Union d\u00e9mocratique du centre) qui avait lanc\u00e9 le d\u00e9bat, en [&hellip;]<\/p>\n","protected":false},"author":18,"featured_media":5170,"comment_status":"closed","ping_status":"closed","sticky":false,"template":"","format":"standard","meta":{"_mbp_gutenberg_autopost":false,"_pgmb_is_evergreen":false,"_pgmb_ap_template_id":0,"footnotes":""},"categories":[6],"tags":[288,1047,1293,1292],"ppma_author":[2565],"class_list":["post-14322","post","type-post","status-publish","format-standard","has-post-thumbnail","hentry","category-articles-de-presse","tag-bns","tag-marche-aurifere","tag-or-suisse","tag-udc"],"yoast_head":"<!-- This site is optimized with the Yoast SEO plugin v27.5 - https:\/\/yoast.com\/product\/yoast-seo-wordpress\/ -->\n<title>L\u2019or suisse toujours au c\u0153ur de la controverse - Gold.fr<\/title>\n<meta name=\"robots\" content=\"index, follow, max-snippet:-1, max-image-preview:large, max-video-preview:-1\" \/>\n<link rel=\"canonical\" href=\"https:\/\/www.gold.fr\/news\/2014\/04\/04\/lor-suisse-toujours-au-coeur-de-la-controverse\/\" \/>\n<meta property=\"og:locale\" content=\"fr_FR\" \/>\n<meta property=\"og:type\" content=\"article\" \/>\n<meta property=\"og:title\" content=\"L\u2019or suisse toujours au c\u0153ur de la controverse - Gold.fr\" \/>\n<meta property=\"og:description\" content=\"Et c&rsquo;est une controverse qui perdure depuis le d\u00e9but de l&rsquo;ann\u00e9e 2013, et ne semble pas pr\u00e8s de trouver une r\u00e9solution d\u00e9finitive. C&rsquo;est l&rsquo;initiative de l&rsquo;UDC (Union d\u00e9mocratique du centre) qui avait lanc\u00e9 le d\u00e9bat, en [&hellip;]\" \/>\n<meta property=\"og:url\" content=\"https:\/\/www.gold.fr\/news\/2014\/04\/04\/lor-suisse-toujours-au-coeur-de-la-controverse\/\" \/>\n<meta property=\"og:site_name\" content=\"Gold.fr\" \/>\n<meta property=\"article:publisher\" content=\"https:\/\/www.facebook.com\/Goldfr\/\" \/>\n<meta property=\"article:published_time\" content=\"2014-04-04T07:00:29+00:00\" \/>\n<meta property=\"article:modified_time\" content=\"2021-09-09T13:51:18+00:00\" \/>\n<meta property=\"og:image\" content=\"https:\/\/www.gold.fr\/news\/wp-content\/uploads\/2012\/01\/drapeau-suisse.jpg\" \/>\n\t<meta property=\"og:image:width\" content=\"600\" \/>\n\t<meta property=\"og:image:height\" content=\"450\" \/>\n\t<meta property=\"og:image:type\" content=\"image\/jpeg\" \/>\n<meta name=\"author\" content=\"Comptoir National de l&#039;Or\" \/>\n<meta name=\"twitter:card\" content=\"summary_large_image\" \/>\n<meta name=\"twitter:label1\" content=\"\u00c9crit par\" \/>\n\t<meta name=\"twitter:data1\" content=\"Comptoir National de l&#039;Or\" \/>\n\t<meta name=\"twitter:label2\" content=\"Dur\u00e9e de lecture estim\u00e9e\" \/>\n\t<meta name=\"twitter:data2\" content=\"2 minutes\" \/>\n<script type=\"application\/ld+json\" class=\"yoast-schema-graph\">{\"@context\":\"https:\\\/\\\/schema.org\",\"@graph\":[{\"@type\":\"Article\",\"@id\":\"https:\\\/\\\/www.gold.fr\\\/news\\\/2014\\\/04\\\/04\\\/lor-suisse-toujours-au-coeur-de-la-controverse\\\/#article\",\"isPartOf\":{\"@id\":\"https:\\\/\\\/www.gold.fr\\\/news\\\/2014\\\/04\\\/04\\\/lor-suisse-toujours-au-coeur-de-la-controverse\\\/\"},\"author\":{\"name\":\"Comptoir National de l'Or\",\"@id\":\"https:\\\/\\\/www.gold.fr\\\/news\\\/#\\\/schema\\\/person\\\/070491b4b4fb7671bf59b3be20302ce9\"},\"headline\":\"L\u2019or suisse toujours au c\u0153ur de la controverse\",\"datePublished\":\"2014-04-04T07:00:29+00:00\",\"dateModified\":\"2021-09-09T13:51:18+00:00\",\"mainEntityOfPage\":{\"@id\":\"https:\\\/\\\/www.gold.fr\\\/news\\\/2014\\\/04\\\/04\\\/lor-suisse-toujours-au-coeur-de-la-controverse\\\/\"},\"wordCount\":417,\"image\":{\"@id\":\"https:\\\/\\\/www.gold.fr\\\/news\\\/2014\\\/04\\\/04\\\/lor-suisse-toujours-au-coeur-de-la-controverse\\\/#primaryimage\"},\"thumbnailUrl\":\"https:\\\/\\\/www.gold.fr\\\/news\\\/wp-content\\\/uploads\\\/2012\\\/01\\\/drapeau-suisse.jpg\",\"keywords\":[\"BNS\",\"march\u00e9 aurif\u00e8re\",\"or suisse\",\"UDC\"],\"articleSection\":[\"Articles de presse\"],\"inLanguage\":\"fr-FR\"},{\"@type\":\"WebPage\",\"@id\":\"https:\\\/\\\/www.gold.fr\\\/news\\\/2014\\\/04\\\/04\\\/lor-suisse-toujours-au-coeur-de-la-controverse\\\/\",\"url\":\"https:\\\/\\\/www.gold.fr\\\/news\\\/2014\\\/04\\\/04\\\/lor-suisse-toujours-au-coeur-de-la-controverse\\\/\",\"name\":\"L\u2019or suisse toujours au c\u0153ur de la controverse - Gold.fr\",\"isPartOf\":{\"@id\":\"https:\\\/\\\/www.gold.fr\\\/news\\\/#website\"},\"primaryImageOfPage\":{\"@id\":\"https:\\\/\\\/www.gold.fr\\\/news\\\/2014\\\/04\\\/04\\\/lor-suisse-toujours-au-coeur-de-la-controverse\\\/#primaryimage\"},\"image\":{\"@id\":\"https:\\\/\\\/www.gold.fr\\\/news\\\/2014\\\/04\\\/04\\\/lor-suisse-toujours-au-coeur-de-la-controverse\\\/#primaryimage\"},\"thumbnailUrl\":\"https:\\\/\\\/www.gold.fr\\\/news\\\/wp-content\\\/uploads\\\/2012\\\/01\\\/drapeau-suisse.jpg\",\"datePublished\":\"2014-04-04T07:00:29+00:00\",\"dateModified\":\"2021-09-09T13:51:18+00:00\",\"author\":{\"@id\":\"https:\\\/\\\/www.gold.fr\\\/news\\\/#\\\/schema\\\/person\\\/070491b4b4fb7671bf59b3be20302ce9\"},\"breadcrumb\":{\"@id\":\"https:\\\/\\\/www.gold.fr\\\/news\\\/2014\\\/04\\\/04\\\/lor-suisse-toujours-au-coeur-de-la-controverse\\\/#breadcrumb\"},\"inLanguage\":\"fr-FR\",\"potentialAction\":[{\"@type\":\"ReadAction\",\"target\":[\"https:\\\/\\\/www.gold.fr\\\/news\\\/2014\\\/04\\\/04\\\/lor-suisse-toujours-au-coeur-de-la-controverse\\\/\"]}]},{\"@type\":\"ImageObject\",\"inLanguage\":\"fr-FR\",\"@id\":\"https:\\\/\\\/www.gold.fr\\\/news\\\/2014\\\/04\\\/04\\\/lor-suisse-toujours-au-coeur-de-la-controverse\\\/#primaryimage\",\"url\":\"https:\\\/\\\/www.gold.fr\\\/news\\\/wp-content\\\/uploads\\\/2012\\\/01\\\/drapeau-suisse.jpg\",\"contentUrl\":\"https:\\\/\\\/www.gold.fr\\\/news\\\/wp-content\\\/uploads\\\/2012\\\/01\\\/drapeau-suisse.jpg\",\"width\":\"600\",\"height\":\"450\",\"caption\":\"D\u00e9couverte en Or en Argovie\"},{\"@type\":\"BreadcrumbList\",\"@id\":\"https:\\\/\\\/www.gold.fr\\\/news\\\/2014\\\/04\\\/04\\\/lor-suisse-toujours-au-coeur-de-la-controverse\\\/#breadcrumb\",\"itemListElement\":[{\"@type\":\"ListItem\",\"position\":1,\"name\":\"Accueil\",\"item\":\"https:\\\/\\\/www.gold.fr\\\/\"},{\"@type\":\"ListItem\",\"position\":2,\"name\":\"Actualit\u00e9s\",\"item\":\"https:\\\/\\\/www.gold.fr\\\/news\\\/\"},{\"@type\":\"ListItem\",\"position\":3,\"name\":\"L\u2019or suisse toujours au c\u0153ur de la controverse\"}]},{\"@type\":\"WebSite\",\"@id\":\"https:\\\/\\\/www.gold.fr\\\/news\\\/#website\",\"url\":\"https:\\\/\\\/www.gold.fr\\\/news\\\/\",\"name\":\"Gold.fr\",\"description\":\"Actualit\u00e9s de l&#039;Or et des m\u00e9taux pr\u00e9cieux\",\"potentialAction\":[{\"@type\":\"SearchAction\",\"target\":{\"@type\":\"EntryPoint\",\"urlTemplate\":\"https:\\\/\\\/www.gold.fr\\\/news\\\/?s={search_term_string}\"},\"query-input\":{\"@type\":\"PropertyValueSpecification\",\"valueRequired\":true,\"valueName\":\"search_term_string\"}}],\"inLanguage\":\"fr-FR\"},{\"@type\":\"Person\",\"@id\":\"https:\\\/\\\/www.gold.fr\\\/news\\\/#\\\/schema\\\/person\\\/070491b4b4fb7671bf59b3be20302ce9\",\"name\":\"Comptoir National de l'Or\",\"image\":{\"@type\":\"ImageObject\",\"inLanguage\":\"fr-FR\",\"@id\":\"https:\\\/\\\/secure.gravatar.com\\\/avatar\\\/0a2867fd5abe37bed95d5a65e9d58f01756e11efc68af9888dfc50cfa7f65948?s=96&d=mm&r=gb490554db0a38188709de567aa58480d\",\"url\":\"https:\\\/\\\/secure.gravatar.com\\\/avatar\\\/0a2867fd5abe37bed95d5a65e9d58f01756e11efc68af9888dfc50cfa7f65948?s=96&d=mm&r=g\",\"contentUrl\":\"https:\\\/\\\/secure.gravatar.com\\\/avatar\\\/0a2867fd5abe37bed95d5a65e9d58f01756e11efc68af9888dfc50cfa7f65948?s=96&d=mm&r=g\",\"caption\":\"Comptoir National de l'Or\"},\"description\":\"Notre r\u00e9daction est constitu\u00e9e de membres experts dans les m\u00e9tiers de l'\u00e9conomie et la gestion, des Responsables d'agence Comptoir National de l'Or, des analystes financiers qui publient r\u00e9guli\u00e8rement des \u00e9tudes sur les politiques des banques centrales, le cours de l'or, prix de l'or, cours de l'argent, prix de l'argent, cours du platine, cours du palladium,... la situation en zone euro et l'impact de la strat\u00e9gie mon\u00e9taire de la FED. Notre \u00e9quipe scrute \u00e9galement une information plus g\u00e9n\u00e9raliste \u00e0 la recherche d'actualit\u00e9 \\\"p\u00e9pite\\\" \u00e0 vous partager. Depuis 5 ans, nous avons publi\u00e9 un peu plus de 4000 articles qui s'adressent \u00e0 un public large et vari\u00e9 ayant pour objectif de satisfaire votre curiosit\u00e9 et de partager avec vous une certaine fascination pour le m\u00e9tal jaune, le rachat d'or, et pour ceux qui veulent investir dans l'or, vendre leur or tout simplement en savoir plus... Pour tous vos achat or et argent, n'h\u00e9sitez pas \u00e0 prendre rendez-vous dans l'un de nos nombreux comptoirs.\",\"sameAs\":[\"https:\\\/\\\/www.gold.fr\"]}]}<\/script>\n<!-- \/ Yoast SEO plugin. -->","yoast_head_json":{"title":"L\u2019or suisse toujours au c\u0153ur de la controverse - Gold.fr","robots":{"index":"index","follow":"follow","max-snippet":"max-snippet:-1","max-image-preview":"max-image-preview:large","max-video-preview":"max-video-preview:-1"},"canonical":"https:\/\/www.gold.fr\/news\/2014\/04\/04\/lor-suisse-toujours-au-coeur-de-la-controverse\/","og_locale":"fr_FR","og_type":"article","og_title":"L\u2019or suisse toujours au c\u0153ur de la controverse - Gold.fr","og_description":"Et c&rsquo;est une controverse qui perdure depuis le d\u00e9but de l&rsquo;ann\u00e9e 2013, et ne semble pas pr\u00e8s de trouver une r\u00e9solution d\u00e9finitive. C&rsquo;est l&rsquo;initiative de l&rsquo;UDC (Union d\u00e9mocratique du centre) qui avait lanc\u00e9 le d\u00e9bat, en [&hellip;]","og_url":"https:\/\/www.gold.fr\/news\/2014\/04\/04\/lor-suisse-toujours-au-coeur-de-la-controverse\/","og_site_name":"Gold.fr","article_publisher":"https:\/\/www.facebook.com\/Goldfr\/","article_published_time":"2014-04-04T07:00:29+00:00","article_modified_time":"2021-09-09T13:51:18+00:00","og_image":[{"width":600,"height":450,"url":"https:\/\/www.gold.fr\/news\/wp-content\/uploads\/2012\/01\/drapeau-suisse.jpg","type":"image\/jpeg"}],"author":"Comptoir National de l'Or","twitter_card":"summary_large_image","twitter_misc":{"\u00c9crit par":"Comptoir National de l'Or","Dur\u00e9e de lecture estim\u00e9e":"2 minutes"},"schema":{"@context":"https:\/\/schema.org","@graph":[{"@type":"Article","@id":"https:\/\/www.gold.fr\/news\/2014\/04\/04\/lor-suisse-toujours-au-coeur-de-la-controverse\/#article","isPartOf":{"@id":"https:\/\/www.gold.fr\/news\/2014\/04\/04\/lor-suisse-toujours-au-coeur-de-la-controverse\/"},"author":{"name":"Comptoir National de l'Or","@id":"https:\/\/www.gold.fr\/news\/#\/schema\/person\/070491b4b4fb7671bf59b3be20302ce9"},"headline":"L\u2019or suisse toujours au c\u0153ur de la controverse","datePublished":"2014-04-04T07:00:29+00:00","dateModified":"2021-09-09T13:51:18+00:00","mainEntityOfPage":{"@id":"https:\/\/www.gold.fr\/news\/2014\/04\/04\/lor-suisse-toujours-au-coeur-de-la-controverse\/"},"wordCount":417,"image":{"@id":"https:\/\/www.gold.fr\/news\/2014\/04\/04\/lor-suisse-toujours-au-coeur-de-la-controverse\/#primaryimage"},"thumbnailUrl":"https:\/\/www.gold.fr\/news\/wp-content\/uploads\/2012\/01\/drapeau-suisse.jpg","keywords":["BNS","march\u00e9 aurif\u00e8re","or suisse","UDC"],"articleSection":["Articles de presse"],"inLanguage":"fr-FR"},{"@type":"WebPage","@id":"https:\/\/www.gold.fr\/news\/2014\/04\/04\/lor-suisse-toujours-au-coeur-de-la-controverse\/","url":"https:\/\/www.gold.fr\/news\/2014\/04\/04\/lor-suisse-toujours-au-coeur-de-la-controverse\/","name":"L\u2019or suisse toujours au c\u0153ur de la controverse - Gold.fr","isPartOf":{"@id":"https:\/\/www.gold.fr\/news\/#website"},"primaryImageOfPage":{"@id":"https:\/\/www.gold.fr\/news\/2014\/04\/04\/lor-suisse-toujours-au-coeur-de-la-controverse\/#primaryimage"},"image":{"@id":"https:\/\/www.gold.fr\/news\/2014\/04\/04\/lor-suisse-toujours-au-coeur-de-la-controverse\/#primaryimage"},"thumbnailUrl":"https:\/\/www.gold.fr\/news\/wp-content\/uploads\/2012\/01\/drapeau-suisse.jpg","datePublished":"2014-04-04T07:00:29+00:00","dateModified":"2021-09-09T13:51:18+00:00","author":{"@id":"https:\/\/www.gold.fr\/news\/#\/schema\/person\/070491b4b4fb7671bf59b3be20302ce9"},"breadcrumb":{"@id":"https:\/\/www.gold.fr\/news\/2014\/04\/04\/lor-suisse-toujours-au-coeur-de-la-controverse\/#breadcrumb"},"inLanguage":"fr-FR","potentialAction":[{"@type":"ReadAction","target":["https:\/\/www.gold.fr\/news\/2014\/04\/04\/lor-suisse-toujours-au-coeur-de-la-controverse\/"]}]},{"@type":"ImageObject","inLanguage":"fr-FR","@id":"https:\/\/www.gold.fr\/news\/2014\/04\/04\/lor-suisse-toujours-au-coeur-de-la-controverse\/#primaryimage","url":"https:\/\/www.gold.fr\/news\/wp-content\/uploads\/2012\/01\/drapeau-suisse.jpg","contentUrl":"https:\/\/www.gold.fr\/news\/wp-content\/uploads\/2012\/01\/drapeau-suisse.jpg","width":"600","height":"450","caption":"D\u00e9couverte en Or en Argovie"},{"@type":"BreadcrumbList","@id":"https:\/\/www.gold.fr\/news\/2014\/04\/04\/lor-suisse-toujours-au-coeur-de-la-controverse\/#breadcrumb","itemListElement":[{"@type":"ListItem","position":1,"name":"Accueil","item":"https:\/\/www.gold.fr\/"},{"@type":"ListItem","position":2,"name":"Actualit\u00e9s","item":"https:\/\/www.gold.fr\/news\/"},{"@type":"ListItem","position":3,"name":"L\u2019or suisse toujours au c\u0153ur de la controverse"}]},{"@type":"WebSite","@id":"https:\/\/www.gold.fr\/news\/#website","url":"https:\/\/www.gold.fr\/news\/","name":"Gold.fr","description":"Actualit\u00e9s de l&#039;Or et des m\u00e9taux pr\u00e9cieux","potentialAction":[{"@type":"SearchAction","target":{"@type":"EntryPoint","urlTemplate":"https:\/\/www.gold.fr\/news\/?s={search_term_string}"},"query-input":{"@type":"PropertyValueSpecification","valueRequired":true,"valueName":"search_term_string"}}],"inLanguage":"fr-FR"},{"@type":"Person","@id":"https:\/\/www.gold.fr\/news\/#\/schema\/person\/070491b4b4fb7671bf59b3be20302ce9","name":"Comptoir National de l'Or","image":{"@type":"ImageObject","inLanguage":"fr-FR","@id":"https:\/\/secure.gravatar.com\/avatar\/0a2867fd5abe37bed95d5a65e9d58f01756e11efc68af9888dfc50cfa7f65948?s=96&d=mm&r=gb490554db0a38188709de567aa58480d","url":"https:\/\/secure.gravatar.com\/avatar\/0a2867fd5abe37bed95d5a65e9d58f01756e11efc68af9888dfc50cfa7f65948?s=96&d=mm&r=g","contentUrl":"https:\/\/secure.gravatar.com\/avatar\/0a2867fd5abe37bed95d5a65e9d58f01756e11efc68af9888dfc50cfa7f65948?s=96&d=mm&r=g","caption":"Comptoir National de l'Or"},"description":"Notre r\u00e9daction est constitu\u00e9e de membres experts dans les m\u00e9tiers de l'\u00e9conomie et la gestion, des Responsables d'agence Comptoir National de l'Or, des analystes financiers qui publient r\u00e9guli\u00e8rement des \u00e9tudes sur les politiques des banques centrales, le cours de l'or, prix de l'or, cours de l'argent, prix de l'argent, cours du platine, cours du palladium,... la situation en zone euro et l'impact de la strat\u00e9gie mon\u00e9taire de la FED. Notre \u00e9quipe scrute \u00e9galement une information plus g\u00e9n\u00e9raliste \u00e0 la recherche d'actualit\u00e9 \"p\u00e9pite\" \u00e0 vous partager. Depuis 5 ans, nous avons publi\u00e9 un peu plus de 4000 articles qui s'adressent \u00e0 un public large et vari\u00e9 ayant pour objectif de satisfaire votre curiosit\u00e9 et de partager avec vous une certaine fascination pour le m\u00e9tal jaune, le rachat d'or, et pour ceux qui veulent investir dans l'or, vendre leur or tout simplement en savoir plus... Pour tous vos achat or et argent, n'h\u00e9sitez pas \u00e0 prendre rendez-vous dans l'un de nos nombreux comptoirs.","sameAs":["https:\/\/www.gold.fr"]}]}},"authors":[{"term_id":2565,"user_id":18,"is_guest":0,"slug":"julie","display_name":"Comptoir National de l'Or","avatar_url":"https:\/\/secure.gravatar.com\/avatar\/713f289e398d35ead876c4a4cc08607f0d6d266058cfc25683fffb6092d0e572?s=96&d=mm&r=g","0":null,"1":"","2":"","3":"","4":"","5":"","6":"","7":"","8":""}],"_links":{"self":[{"href":"https:\/\/www.gold.fr\/news\/wp-json\/wp\/v2\/posts\/14322","targetHints":{"allow":["GET"]}}],"collection":[{"href":"https:\/\/www.gold.fr\/news\/wp-json\/wp\/v2\/posts"}],"about":[{"href":"https:\/\/www.gold.fr\/news\/wp-json\/wp\/v2\/types\/post"}],"author":[{"embeddable":true,"href":"https:\/\/www.gold.fr\/news\/wp-json\/wp\/v2\/users\/18"}],"replies":[{"embeddable":true,"href":"https:\/\/www.gold.fr\/news\/wp-json\/wp\/v2\/comments?post=14322"}],"version-history":[{"count":0,"href":"https:\/\/www.gold.fr\/news\/wp-json\/wp\/v2\/posts\/14322\/revisions"}],"wp:featuredmedia":[{"embeddable":true,"href":"https:\/\/www.gold.fr\/news\/wp-json\/wp\/v2\/media\/5170"}],"wp:attachment":[{"href":"https:\/\/www.gold.fr\/news\/wp-json\/wp\/v2\/media?parent=14322"}],"wp:term":[{"taxonomy":"category","embeddable":true,"href":"https:\/\/www.gold.fr\/news\/wp-json\/wp\/v2\/categories?post=14322"},{"taxonomy":"post_tag","embeddable":true,"href":"https:\/\/www.gold.fr\/news\/wp-json\/wp\/v2\/tags?post=14322"},{"taxonomy":"author","embeddable":true,"href":"https:\/\/www.gold.fr\/news\/wp-json\/wp\/v2\/ppma_author?post=14322"}],"curies":[{"name":"wp","href":"https:\/\/api.w.org\/{rel}","templated":true}]}}