{"id":14319,"date":"2014-04-03T17:00:20","date_gmt":"2014-04-03T15:00:20","guid":{"rendered":"https:\/\/www.gold.fr\/news\/?p=14319"},"modified":"2020-11-04T15:38:53","modified_gmt":"2020-11-04T14:38:53","slug":"la-demande-japonaise-de-metal-jaune-a-explose-en-2013","status":"publish","type":"post","link":"https:\/\/www.gold.fr\/news\/2014\/04\/03\/la-demande-japonaise-de-metal-jaune-a-explose-en-2013\/","title":{"rendered":"La demande japonaise de m\u00e9tal jaune a explos\u00e9 en 2013"},"content":{"rendered":"<p><span style=\"font-size: small;\"><img loading=\"lazy\" decoding=\"async\" class=\"alignleft wp-image-36367\" src=\"https:\/\/www.gold.fr\/news\/wp-content\/uploads\/2020\/05\/iStock-1018545752-1-scaled.jpg\" alt=\"Gold bar bullions ingot, selective focus, crisis safe haven for investment or reserve for country economics\" width=\"299\" height=\"199\" srcset=\"https:\/\/www.gold.fr\/news\/wp-content\/uploads\/2020\/05\/iStock-1018545752-1-scaled.jpg 2560w, https:\/\/www.gold.fr\/news\/wp-content\/uploads\/2020\/05\/iStock-1018545752-1-scaled-300x200.jpg 300w, https:\/\/www.gold.fr\/news\/wp-content\/uploads\/2020\/05\/iStock-1018545752-1-scaled-1024x683.jpg 1024w, https:\/\/www.gold.fr\/news\/wp-content\/uploads\/2020\/05\/iStock-1018545752-1-768x512.jpg 768w, https:\/\/www.gold.fr\/news\/wp-content\/uploads\/2020\/05\/iStock-1018545752-1-1536x1024.jpg 1536w, https:\/\/www.gold.fr\/news\/wp-content\/uploads\/2020\/05\/iStock-1018545752-1-2048x1365.jpg 2048w, https:\/\/www.gold.fr\/news\/wp-content\/uploads\/2020\/05\/iStock-1018545752-1-298x199.jpg 298w, https:\/\/www.gold.fr\/news\/wp-content\/uploads\/2020\/05\/iStock-1018545752-1-270x180.jpg 270w\" sizes=\"auto, (max-width: 299px) 100vw, 299px\" \/>Un bilan annuel publi\u00e9 r\u00e9cemment par le <strong>WGC<\/strong> (conseil mondial de l&rsquo;<a class=\"esk-seo-plu-link\" href=\"https:\/\/www.gold.fr\/news\/tags\/or\">or<\/a>) r\u00e9v\u00e8le une explosion de <a title=\"Entre Japon et Europe, l\u2019or tente de se reprendre\" href=\"https:\/\/www.gold.fr\/news\/2014\/04\/02\/entre-japon-et-europe-lor-tente-de-se-reprendre\/14310\/\" target=\"_blank\" rel=\"noopener noreferrer\">la demande japonaise en m\u00e9tal jaune physique<\/a>, durant l&rsquo;ann\u00e9e <strong>2013<\/strong>. En effet, les japonais ont r\u00e9ussi \u00e0 augmenter leur demande en <a class=\"esk-seo-plu-link\" href=\"https:\/\/www.gold.fr\/news\/tags\/or\">or<\/a> de l&rsquo;ordre de <strong>225%<\/strong>.<\/span> <span style=\"font-size: small;\"> Qu&rsquo;est-ce ce qui explique un tel record inattendu ? La premi\u00e8re raison fournie par tous les \u00e9conomistes du pays demeure la tr\u00e8s forte d\u00e9flation de la monnaie nipponne, durant l&rsquo;ann\u00e9e \u00e9coul\u00e9e, \u00ab<em> provoqu\u00e9e par la politique du gouvernement de <strong>Shinzo Abe<\/strong><\/em> \u00bb, poussant les citoyens japonais, g\u00e9n\u00e9ralement peu passionn\u00e9s par le march\u00e9 aurif\u00e8re, \u00e0 miser gros sur la relique barbare.<\/span> <span style=\"font-size: small;\"> Et c&rsquo;est devenu, tr\u00e8s rapidement, une sorte de mode. Aujourd&rsquo;hui, la plupart des japonais per\u00e7oivent la d\u00e9tention d&rsquo;un lingot de <a class=\"esk-seo-plu-link\" href=\"https:\/\/www.gold.fr\/news\/tags\/or\">m\u00e9tal jaune<\/a> comme un luxe n\u00e9cessaire, voire m\u00eame comme une n\u00e9cessit\u00e9 simple. D&rsquo;apr\u00e8s le rapport officiel du Conseil Mondial de l&rsquo;<a class=\"esk-seo-plu-link\" href=\"https:\/\/www.gold.fr\/news\/tags\/or\">Or<\/a>, \u00ab <em>entre <strong>2012<\/strong> et <strong>2013<\/strong>, la demande d&rsquo;<a class=\"esk-seo-plu-link\" href=\"https:\/\/www.gold.fr\/news\/tags\/or\">or<\/a> a explos\u00e9 sur l&rsquo;archipel nippon, enregistrant une hausse de <strong>225%<\/strong><\/em> \u00bb.<\/span> <span style=\"font-size: small;\"> Les analystes de l&rsquo;organisation \u00e9voquent \u00e9galement, parmi les principales autres explications, le \u00ab<em>changement d&rsquo;attitude vis-\u00e0-vis des lingots et <a class=\"esk-seo-plu-link\" href=\"https:\/\/www.gold.fr\/news\/tags\/piece-dor\">pi\u00e8ces d&rsquo;or<\/a>, alors que le Yen s&rsquo;est d\u00e9valu\u00e9 de pr\u00e8s de <strong>30%<\/strong> depuis <strong>2012<\/strong><\/em> \u00bb. Ils rappellent d&rsquo;ailleurs que les japonais \u00e9taient, jusqu&rsquo;\u00e0 tr\u00e8s r\u00e9cemment, \u00ab <em>majoritairement vendeurs il y a peu (la balance \u00e9tait d\u00e9ficitaire de <strong>10,1<\/strong> tonnes en <strong>2012<\/strong>), pr\u00e9f\u00e8rent acheter (<strong>+3,6<\/strong> tonnes en <strong>2013<\/strong>), pour la premi\u00e8re fois depuis <strong>2005<\/strong><\/em> \u00bb.<\/span><\/p>\n<!-- AddThis Advanced Settings generic via filter on the_content --><!-- AddThis Share Buttons generic via filter on the_content -->","protected":false},"excerpt":{"rendered":"<p>Un bilan annuel publi\u00e9 r\u00e9cemment par le WGC (conseil mondial de l&rsquo;or) r\u00e9v\u00e8le une explosion de la demande japonaise en m\u00e9tal jaune physique, durant l&rsquo;ann\u00e9e 2013. En effet, les japonais ont r\u00e9ussi \u00e0 augmenter leur demande [&hellip;]<\/p>\n","protected":false},"author":18,"featured_media":35801,"comment_status":"closed","ping_status":"closed","sticky":false,"template":"","format":"standard","meta":{"_mbp_gutenberg_autopost":false,"_pgmb_is_evergreen":false,"_pgmb_ap_template_id":0,"footnotes":""},"categories":[6],"tags":[341,631,932,76,477],"ppma_author":[2565],"class_list":["post-14319","post","type-post","status-publish","format-standard","has-post-thumbnail","hentry","category-articles-de-presse","tag-demande-or","tag-japon","tag-metal-jaune","tag-or","tag-or-physique"],"yoast_head":"<!-- This site is optimized with the Yoast SEO plugin v27.5 - https:\/\/yoast.com\/product\/yoast-seo-wordpress\/ -->\n<title>La demande japonaise de m\u00e9tal jaune a explos\u00e9 en 2013 - Gold.fr<\/title>\n<meta name=\"robots\" content=\"index, follow, max-snippet:-1, max-image-preview:large, max-video-preview:-1\" \/>\n<link rel=\"canonical\" href=\"https:\/\/www.gold.fr\/news\/2014\/04\/03\/la-demande-japonaise-de-metal-jaune-a-explose-en-2013\/\" \/>\n<meta property=\"og:locale\" content=\"fr_FR\" \/>\n<meta property=\"og:type\" content=\"article\" \/>\n<meta property=\"og:title\" content=\"La demande japonaise de m\u00e9tal jaune a explos\u00e9 en 2013 - Gold.fr\" \/>\n<meta property=\"og:description\" content=\"Un bilan annuel publi\u00e9 r\u00e9cemment par le WGC (conseil mondial de l&rsquo;or) r\u00e9v\u00e8le une explosion de la demande japonaise en m\u00e9tal jaune physique, durant l&rsquo;ann\u00e9e 2013. En effet, les japonais ont r\u00e9ussi \u00e0 augmenter leur demande [&hellip;]\" \/>\n<meta property=\"og:url\" content=\"https:\/\/www.gold.fr\/news\/2014\/04\/03\/la-demande-japonaise-de-metal-jaune-a-explose-en-2013\/\" \/>\n<meta property=\"og:site_name\" content=\"Gold.fr\" \/>\n<meta property=\"article:publisher\" content=\"https:\/\/www.facebook.com\/Goldfr\/\" \/>\n<meta property=\"article:published_time\" content=\"2014-04-03T15:00:20+00:00\" \/>\n<meta property=\"article:modified_time\" content=\"2020-11-04T14:38:53+00:00\" \/>\n<meta property=\"og:image\" content=\"https:\/\/www.gold.fr\/news\/wp-content\/uploads\/2019\/09\/gold-163519_1280.jpg\" \/>\n\t<meta property=\"og:image:width\" content=\"1280\" \/>\n\t<meta property=\"og:image:height\" content=\"720\" \/>\n\t<meta property=\"og:image:type\" content=\"image\/jpeg\" \/>\n<meta name=\"author\" content=\"Comptoir National de l&#039;Or\" \/>\n<meta name=\"twitter:card\" content=\"summary_large_image\" \/>\n<meta name=\"twitter:label1\" content=\"\u00c9crit par\" \/>\n\t<meta name=\"twitter:data1\" content=\"Comptoir National de l&#039;Or\" \/>\n\t<meta name=\"twitter:label2\" content=\"Dur\u00e9e de lecture estim\u00e9e\" \/>\n\t<meta name=\"twitter:data2\" content=\"1 minute\" \/>\n<script type=\"application\/ld+json\" class=\"yoast-schema-graph\">{\"@context\":\"https:\\\/\\\/schema.org\",\"@graph\":[{\"@type\":\"Article\",\"@id\":\"https:\\\/\\\/www.gold.fr\\\/news\\\/2014\\\/04\\\/03\\\/la-demande-japonaise-de-metal-jaune-a-explose-en-2013\\\/#article\",\"isPartOf\":{\"@id\":\"https:\\\/\\\/www.gold.fr\\\/news\\\/2014\\\/04\\\/03\\\/la-demande-japonaise-de-metal-jaune-a-explose-en-2013\\\/\"},\"author\":{\"name\":\"Comptoir National de l'Or\",\"@id\":\"https:\\\/\\\/www.gold.fr\\\/news\\\/#\\\/schema\\\/person\\\/070491b4b4fb7671bf59b3be20302ce9\"},\"headline\":\"La demande japonaise de m\u00e9tal jaune a explos\u00e9 en 2013\",\"datePublished\":\"2014-04-03T15:00:20+00:00\",\"dateModified\":\"2020-11-04T14:38:53+00:00\",\"mainEntityOfPage\":{\"@id\":\"https:\\\/\\\/www.gold.fr\\\/news\\\/2014\\\/04\\\/03\\\/la-demande-japonaise-de-metal-jaune-a-explose-en-2013\\\/\"},\"wordCount\":273,\"image\":{\"@id\":\"https:\\\/\\\/www.gold.fr\\\/news\\\/2014\\\/04\\\/03\\\/la-demande-japonaise-de-metal-jaune-a-explose-en-2013\\\/#primaryimage\"},\"thumbnailUrl\":\"https:\\\/\\\/www.gold.fr\\\/news\\\/wp-content\\\/uploads\\\/2019\\\/09\\\/gold-163519_1280.jpg\",\"keywords\":[\"Demande Or\",\"Japon\",\"M\u00e9tal jaune\",\"Or\",\"or physique\"],\"articleSection\":[\"Articles de presse\"],\"inLanguage\":\"fr-FR\"},{\"@type\":\"WebPage\",\"@id\":\"https:\\\/\\\/www.gold.fr\\\/news\\\/2014\\\/04\\\/03\\\/la-demande-japonaise-de-metal-jaune-a-explose-en-2013\\\/\",\"url\":\"https:\\\/\\\/www.gold.fr\\\/news\\\/2014\\\/04\\\/03\\\/la-demande-japonaise-de-metal-jaune-a-explose-en-2013\\\/\",\"name\":\"La demande japonaise de m\u00e9tal jaune a explos\u00e9 en 2013 - Gold.fr\",\"isPartOf\":{\"@id\":\"https:\\\/\\\/www.gold.fr\\\/news\\\/#website\"},\"primaryImageOfPage\":{\"@id\":\"https:\\\/\\\/www.gold.fr\\\/news\\\/2014\\\/04\\\/03\\\/la-demande-japonaise-de-metal-jaune-a-explose-en-2013\\\/#primaryimage\"},\"image\":{\"@id\":\"https:\\\/\\\/www.gold.fr\\\/news\\\/2014\\\/04\\\/03\\\/la-demande-japonaise-de-metal-jaune-a-explose-en-2013\\\/#primaryimage\"},\"thumbnailUrl\":\"https:\\\/\\\/www.gold.fr\\\/news\\\/wp-content\\\/uploads\\\/2019\\\/09\\\/gold-163519_1280.jpg\",\"datePublished\":\"2014-04-03T15:00:20+00:00\",\"dateModified\":\"2020-11-04T14:38:53+00:00\",\"author\":{\"@id\":\"https:\\\/\\\/www.gold.fr\\\/news\\\/#\\\/schema\\\/person\\\/070491b4b4fb7671bf59b3be20302ce9\"},\"breadcrumb\":{\"@id\":\"https:\\\/\\\/www.gold.fr\\\/news\\\/2014\\\/04\\\/03\\\/la-demande-japonaise-de-metal-jaune-a-explose-en-2013\\\/#breadcrumb\"},\"inLanguage\":\"fr-FR\",\"potentialAction\":[{\"@type\":\"ReadAction\",\"target\":[\"https:\\\/\\\/www.gold.fr\\\/news\\\/2014\\\/04\\\/03\\\/la-demande-japonaise-de-metal-jaune-a-explose-en-2013\\\/\"]}]},{\"@type\":\"ImageObject\",\"inLanguage\":\"fr-FR\",\"@id\":\"https:\\\/\\\/www.gold.fr\\\/news\\\/2014\\\/04\\\/03\\\/la-demande-japonaise-de-metal-jaune-a-explose-en-2013\\\/#primaryimage\",\"url\":\"https:\\\/\\\/www.gold.fr\\\/news\\\/wp-content\\\/uploads\\\/2019\\\/09\\\/gold-163519_1280.jpg\",\"contentUrl\":\"https:\\\/\\\/www.gold.fr\\\/news\\\/wp-content\\\/uploads\\\/2019\\\/09\\\/gold-163519_1280.jpg\",\"width\":1280,\"height\":720,\"caption\":\"Les pr\u00e9visions positives pour l\u2019or se multiplient\"},{\"@type\":\"BreadcrumbList\",\"@id\":\"https:\\\/\\\/www.gold.fr\\\/news\\\/2014\\\/04\\\/03\\\/la-demande-japonaise-de-metal-jaune-a-explose-en-2013\\\/#breadcrumb\",\"itemListElement\":[{\"@type\":\"ListItem\",\"position\":1,\"name\":\"Accueil\",\"item\":\"https:\\\/\\\/www.gold.fr\\\/\"},{\"@type\":\"ListItem\",\"position\":2,\"name\":\"Actualit\u00e9s\",\"item\":\"https:\\\/\\\/www.gold.fr\\\/news\\\/\"},{\"@type\":\"ListItem\",\"position\":3,\"name\":\"La demande japonaise de m\u00e9tal jaune a explos\u00e9 en 2013\"}]},{\"@type\":\"WebSite\",\"@id\":\"https:\\\/\\\/www.gold.fr\\\/news\\\/#website\",\"url\":\"https:\\\/\\\/www.gold.fr\\\/news\\\/\",\"name\":\"Gold.fr\",\"description\":\"Actualit\u00e9s de l&#039;Or et des m\u00e9taux pr\u00e9cieux\",\"potentialAction\":[{\"@type\":\"SearchAction\",\"target\":{\"@type\":\"EntryPoint\",\"urlTemplate\":\"https:\\\/\\\/www.gold.fr\\\/news\\\/?s={search_term_string}\"},\"query-input\":{\"@type\":\"PropertyValueSpecification\",\"valueRequired\":true,\"valueName\":\"search_term_string\"}}],\"inLanguage\":\"fr-FR\"},{\"@type\":\"Person\",\"@id\":\"https:\\\/\\\/www.gold.fr\\\/news\\\/#\\\/schema\\\/person\\\/070491b4b4fb7671bf59b3be20302ce9\",\"name\":\"Comptoir National de l'Or\",\"image\":{\"@type\":\"ImageObject\",\"inLanguage\":\"fr-FR\",\"@id\":\"https:\\\/\\\/secure.gravatar.com\\\/avatar\\\/0a2867fd5abe37bed95d5a65e9d58f01756e11efc68af9888dfc50cfa7f65948?s=96&d=mm&r=gb490554db0a38188709de567aa58480d\",\"url\":\"https:\\\/\\\/secure.gravatar.com\\\/avatar\\\/0a2867fd5abe37bed95d5a65e9d58f01756e11efc68af9888dfc50cfa7f65948?s=96&d=mm&r=g\",\"contentUrl\":\"https:\\\/\\\/secure.gravatar.com\\\/avatar\\\/0a2867fd5abe37bed95d5a65e9d58f01756e11efc68af9888dfc50cfa7f65948?s=96&d=mm&r=g\",\"caption\":\"Comptoir National de l'Or\"},\"description\":\"Notre r\u00e9daction est constitu\u00e9e de membres experts dans les m\u00e9tiers de l'\u00e9conomie et la gestion, des Responsables d'agence Comptoir National de l'Or, des analystes financiers qui publient r\u00e9guli\u00e8rement des \u00e9tudes sur les politiques des banques centrales, le cours de l'or, prix de l'or, cours de l'argent, prix de l'argent, cours du platine, cours du palladium,... la situation en zone euro et l'impact de la strat\u00e9gie mon\u00e9taire de la FED. Notre \u00e9quipe scrute \u00e9galement une information plus g\u00e9n\u00e9raliste \u00e0 la recherche d'actualit\u00e9 \\\"p\u00e9pite\\\" \u00e0 vous partager. Depuis 5 ans, nous avons publi\u00e9 un peu plus de 4000 articles qui s'adressent \u00e0 un public large et vari\u00e9 ayant pour objectif de satisfaire votre curiosit\u00e9 et de partager avec vous une certaine fascination pour le m\u00e9tal jaune, le rachat d'or, et pour ceux qui veulent investir dans l'or, vendre leur or tout simplement en savoir plus... Pour tous vos achat or et argent, n'h\u00e9sitez pas \u00e0 prendre rendez-vous dans l'un de nos nombreux comptoirs.\",\"sameAs\":[\"https:\\\/\\\/www.gold.fr\"]}]}<\/script>\n<!-- \/ Yoast SEO plugin. -->","yoast_head_json":{"title":"La demande japonaise de m\u00e9tal jaune a explos\u00e9 en 2013 - Gold.fr","robots":{"index":"index","follow":"follow","max-snippet":"max-snippet:-1","max-image-preview":"max-image-preview:large","max-video-preview":"max-video-preview:-1"},"canonical":"https:\/\/www.gold.fr\/news\/2014\/04\/03\/la-demande-japonaise-de-metal-jaune-a-explose-en-2013\/","og_locale":"fr_FR","og_type":"article","og_title":"La demande japonaise de m\u00e9tal jaune a explos\u00e9 en 2013 - Gold.fr","og_description":"Un bilan annuel publi\u00e9 r\u00e9cemment par le WGC (conseil mondial de l&rsquo;or) r\u00e9v\u00e8le une explosion de la demande japonaise en m\u00e9tal jaune physique, durant l&rsquo;ann\u00e9e 2013. En effet, les japonais ont r\u00e9ussi \u00e0 augmenter leur demande [&hellip;]","og_url":"https:\/\/www.gold.fr\/news\/2014\/04\/03\/la-demande-japonaise-de-metal-jaune-a-explose-en-2013\/","og_site_name":"Gold.fr","article_publisher":"https:\/\/www.facebook.com\/Goldfr\/","article_published_time":"2014-04-03T15:00:20+00:00","article_modified_time":"2020-11-04T14:38:53+00:00","og_image":[{"width":1280,"height":720,"url":"https:\/\/www.gold.fr\/news\/wp-content\/uploads\/2019\/09\/gold-163519_1280.jpg","type":"image\/jpeg"}],"author":"Comptoir National de l'Or","twitter_card":"summary_large_image","twitter_misc":{"\u00c9crit par":"Comptoir National de l'Or","Dur\u00e9e de lecture estim\u00e9e":"1 minute"},"schema":{"@context":"https:\/\/schema.org","@graph":[{"@type":"Article","@id":"https:\/\/www.gold.fr\/news\/2014\/04\/03\/la-demande-japonaise-de-metal-jaune-a-explose-en-2013\/#article","isPartOf":{"@id":"https:\/\/www.gold.fr\/news\/2014\/04\/03\/la-demande-japonaise-de-metal-jaune-a-explose-en-2013\/"},"author":{"name":"Comptoir National de l'Or","@id":"https:\/\/www.gold.fr\/news\/#\/schema\/person\/070491b4b4fb7671bf59b3be20302ce9"},"headline":"La demande japonaise de m\u00e9tal jaune a explos\u00e9 en 2013","datePublished":"2014-04-03T15:00:20+00:00","dateModified":"2020-11-04T14:38:53+00:00","mainEntityOfPage":{"@id":"https:\/\/www.gold.fr\/news\/2014\/04\/03\/la-demande-japonaise-de-metal-jaune-a-explose-en-2013\/"},"wordCount":273,"image":{"@id":"https:\/\/www.gold.fr\/news\/2014\/04\/03\/la-demande-japonaise-de-metal-jaune-a-explose-en-2013\/#primaryimage"},"thumbnailUrl":"https:\/\/www.gold.fr\/news\/wp-content\/uploads\/2019\/09\/gold-163519_1280.jpg","keywords":["Demande Or","Japon","M\u00e9tal jaune","Or","or physique"],"articleSection":["Articles de presse"],"inLanguage":"fr-FR"},{"@type":"WebPage","@id":"https:\/\/www.gold.fr\/news\/2014\/04\/03\/la-demande-japonaise-de-metal-jaune-a-explose-en-2013\/","url":"https:\/\/www.gold.fr\/news\/2014\/04\/03\/la-demande-japonaise-de-metal-jaune-a-explose-en-2013\/","name":"La demande japonaise de m\u00e9tal jaune a explos\u00e9 en 2013 - Gold.fr","isPartOf":{"@id":"https:\/\/www.gold.fr\/news\/#website"},"primaryImageOfPage":{"@id":"https:\/\/www.gold.fr\/news\/2014\/04\/03\/la-demande-japonaise-de-metal-jaune-a-explose-en-2013\/#primaryimage"},"image":{"@id":"https:\/\/www.gold.fr\/news\/2014\/04\/03\/la-demande-japonaise-de-metal-jaune-a-explose-en-2013\/#primaryimage"},"thumbnailUrl":"https:\/\/www.gold.fr\/news\/wp-content\/uploads\/2019\/09\/gold-163519_1280.jpg","datePublished":"2014-04-03T15:00:20+00:00","dateModified":"2020-11-04T14:38:53+00:00","author":{"@id":"https:\/\/www.gold.fr\/news\/#\/schema\/person\/070491b4b4fb7671bf59b3be20302ce9"},"breadcrumb":{"@id":"https:\/\/www.gold.fr\/news\/2014\/04\/03\/la-demande-japonaise-de-metal-jaune-a-explose-en-2013\/#breadcrumb"},"inLanguage":"fr-FR","potentialAction":[{"@type":"ReadAction","target":["https:\/\/www.gold.fr\/news\/2014\/04\/03\/la-demande-japonaise-de-metal-jaune-a-explose-en-2013\/"]}]},{"@type":"ImageObject","inLanguage":"fr-FR","@id":"https:\/\/www.gold.fr\/news\/2014\/04\/03\/la-demande-japonaise-de-metal-jaune-a-explose-en-2013\/#primaryimage","url":"https:\/\/www.gold.fr\/news\/wp-content\/uploads\/2019\/09\/gold-163519_1280.jpg","contentUrl":"https:\/\/www.gold.fr\/news\/wp-content\/uploads\/2019\/09\/gold-163519_1280.jpg","width":1280,"height":720,"caption":"Les pr\u00e9visions positives pour l\u2019or se multiplient"},{"@type":"BreadcrumbList","@id":"https:\/\/www.gold.fr\/news\/2014\/04\/03\/la-demande-japonaise-de-metal-jaune-a-explose-en-2013\/#breadcrumb","itemListElement":[{"@type":"ListItem","position":1,"name":"Accueil","item":"https:\/\/www.gold.fr\/"},{"@type":"ListItem","position":2,"name":"Actualit\u00e9s","item":"https:\/\/www.gold.fr\/news\/"},{"@type":"ListItem","position":3,"name":"La demande japonaise de m\u00e9tal jaune a explos\u00e9 en 2013"}]},{"@type":"WebSite","@id":"https:\/\/www.gold.fr\/news\/#website","url":"https:\/\/www.gold.fr\/news\/","name":"Gold.fr","description":"Actualit\u00e9s de l&#039;Or et des m\u00e9taux pr\u00e9cieux","potentialAction":[{"@type":"SearchAction","target":{"@type":"EntryPoint","urlTemplate":"https:\/\/www.gold.fr\/news\/?s={search_term_string}"},"query-input":{"@type":"PropertyValueSpecification","valueRequired":true,"valueName":"search_term_string"}}],"inLanguage":"fr-FR"},{"@type":"Person","@id":"https:\/\/www.gold.fr\/news\/#\/schema\/person\/070491b4b4fb7671bf59b3be20302ce9","name":"Comptoir National de l'Or","image":{"@type":"ImageObject","inLanguage":"fr-FR","@id":"https:\/\/secure.gravatar.com\/avatar\/0a2867fd5abe37bed95d5a65e9d58f01756e11efc68af9888dfc50cfa7f65948?s=96&d=mm&r=gb490554db0a38188709de567aa58480d","url":"https:\/\/secure.gravatar.com\/avatar\/0a2867fd5abe37bed95d5a65e9d58f01756e11efc68af9888dfc50cfa7f65948?s=96&d=mm&r=g","contentUrl":"https:\/\/secure.gravatar.com\/avatar\/0a2867fd5abe37bed95d5a65e9d58f01756e11efc68af9888dfc50cfa7f65948?s=96&d=mm&r=g","caption":"Comptoir National de l'Or"},"description":"Notre r\u00e9daction est constitu\u00e9e de membres experts dans les m\u00e9tiers de l'\u00e9conomie et la gestion, des Responsables d'agence Comptoir National de l'Or, des analystes financiers qui publient r\u00e9guli\u00e8rement des \u00e9tudes sur les politiques des banques centrales, le cours de l'or, prix de l'or, cours de l'argent, prix de l'argent, cours du platine, cours du palladium,... la situation en zone euro et l'impact de la strat\u00e9gie mon\u00e9taire de la FED. Notre \u00e9quipe scrute \u00e9galement une information plus g\u00e9n\u00e9raliste \u00e0 la recherche d'actualit\u00e9 \"p\u00e9pite\" \u00e0 vous partager. Depuis 5 ans, nous avons publi\u00e9 un peu plus de 4000 articles qui s'adressent \u00e0 un public large et vari\u00e9 ayant pour objectif de satisfaire votre curiosit\u00e9 et de partager avec vous une certaine fascination pour le m\u00e9tal jaune, le rachat d'or, et pour ceux qui veulent investir dans l'or, vendre leur or tout simplement en savoir plus... Pour tous vos achat or et argent, n'h\u00e9sitez pas \u00e0 prendre rendez-vous dans l'un de nos nombreux comptoirs.","sameAs":["https:\/\/www.gold.fr"]}]}},"authors":[{"term_id":2565,"user_id":18,"is_guest":0,"slug":"julie","display_name":"Comptoir National de l'Or","avatar_url":"https:\/\/secure.gravatar.com\/avatar\/713f289e398d35ead876c4a4cc08607f0d6d266058cfc25683fffb6092d0e572?s=96&d=mm&r=g","0":null,"1":"","2":"","3":"","4":"","5":"","6":"","7":"","8":""}],"_links":{"self":[{"href":"https:\/\/www.gold.fr\/news\/wp-json\/wp\/v2\/posts\/14319","targetHints":{"allow":["GET"]}}],"collection":[{"href":"https:\/\/www.gold.fr\/news\/wp-json\/wp\/v2\/posts"}],"about":[{"href":"https:\/\/www.gold.fr\/news\/wp-json\/wp\/v2\/types\/post"}],"author":[{"embeddable":true,"href":"https:\/\/www.gold.fr\/news\/wp-json\/wp\/v2\/users\/18"}],"replies":[{"embeddable":true,"href":"https:\/\/www.gold.fr\/news\/wp-json\/wp\/v2\/comments?post=14319"}],"version-history":[{"count":0,"href":"https:\/\/www.gold.fr\/news\/wp-json\/wp\/v2\/posts\/14319\/revisions"}],"wp:featuredmedia":[{"embeddable":true,"href":"https:\/\/www.gold.fr\/news\/wp-json\/wp\/v2\/media\/35801"}],"wp:attachment":[{"href":"https:\/\/www.gold.fr\/news\/wp-json\/wp\/v2\/media?parent=14319"}],"wp:term":[{"taxonomy":"category","embeddable":true,"href":"https:\/\/www.gold.fr\/news\/wp-json\/wp\/v2\/categories?post=14319"},{"taxonomy":"post_tag","embeddable":true,"href":"https:\/\/www.gold.fr\/news\/wp-json\/wp\/v2\/tags?post=14319"},{"taxonomy":"author","embeddable":true,"href":"https:\/\/www.gold.fr\/news\/wp-json\/wp\/v2\/ppma_author?post=14319"}],"curies":[{"name":"wp","href":"https:\/\/api.w.org\/{rel}","templated":true}]}}