{"id":14305,"date":"2014-04-02T09:00:02","date_gmt":"2014-04-02T07:00:02","guid":{"rendered":"https:\/\/www.gold.fr\/news\/?p=14305"},"modified":"2018-02-22T14:41:04","modified_gmt":"2018-02-22T13:41:04","slug":"le-repli-de-lor-une-correction-prononcee-et-passagere","status":"publish","type":"post","link":"https:\/\/www.gold.fr\/news\/2014\/04\/02\/le-repli-de-lor-une-correction-prononcee-et-passagere\/","title":{"rendered":"Le repli de l\u2019or : Une correction prononc\u00e9e et passag\u00e8re"},"content":{"rendered":"<p><img loading=\"lazy\" decoding=\"async\" class=\"alignleft size-thumbnail wp-image-13847\" title=\"Le repli de l\u2019or : Une correction prononc\u00e9e et passag\u00e8re\" src=\"https:\/\/www.gold.fr\/news\/wp-content\/uploads\/2014\/02\/March\u00e9-haussier-or-150x150.jpg\" alt=\"\" width=\"150\" height=\"150\" \/><span style=\"font-size: small;\">Les experts le pr\u00e9disaient d\u00e9j\u00e0 il y a deux semaines, lors du premier bilan aurif\u00e8re de la nouvelle ann\u00e9e <strong>2014<\/strong>, pr\u00e9voyant \u00e0 l&rsquo;unanimit\u00e9 que le march\u00e9 de l&rsquo;<a href='https:\/\/www.gold.fr\/news\/tags\/or' class='esk-seo-plu-link'>or<\/a> (alors en plein essor haussier) allait certainement traverser un creux correctionnel \u00ab <em>technique <\/em>\u00bb. Il semblerait donc que le <a href='https:\/\/www.gold.fr\/news\/tags\/or' class='esk-seo-plu-link'>m\u00e9tal jaune<\/a> soit actuellement en train de concr\u00e9tiser ces pr\u00e9visions, puisqu&rsquo;apr\u00e8s avoir accumul\u00e9 des gains consid\u00e9rables, en l&rsquo;espace de deux mois (plus de <strong>14%<\/strong>), le march\u00e9 d&rsquo;<a href='https:\/\/www.gold.fr\/news\/tags\/or' class='esk-seo-plu-link'>or<\/a> a r\u00e9cemment perdu une centaine de <a href='https:\/\/www.gold.fr\/news\/tags\/investissement' class='esk-seo-plu-link'>dollars<\/a>, en l&rsquo;espace de deux semaines.<\/span>    <span style=\"font-size: small;\"> Et, outre ce besoin \u00ab <em>technique <\/em>\u00bb des march\u00e9s de faire une pause dans tout rallye haussier des valeurs boursi\u00e8res, ce ne sont pas les facteurs de baisse qui manquent \u00e0 l&rsquo;appel. Et les professionnels ne sont pas unanimes sur cette question l\u00e0.<\/span>    <span style=\"font-size: small;\"> Chez <strong>Commerzbank<\/strong>, ce sont les raisons g\u00e9opolitiques qu&rsquo;on \u00e9voque surtout, puisque ses analystes rappellent que, en tombant \u00ab <em>\u00e0 son plus bas niveau en presque sept semaines<\/em> \u00bb, <a title=\"Prix de l'Or\" href=\"https:\/\/www.gold.fr\/cours-or-prix-de-l-or\/\" target=\"_blank\">le cours du m\u00e9tal jaune<\/a> p\u00e2tit essentiellement de \u00ab <em>la situation tendue en Crim\u00e9e \u00bb qui, selon eux, n&rsquo;apporte \u00ab gu\u00e8re de soutien<\/em> \u00bb.<\/span>    <span style=\"font-size: small;\"> D&rsquo;autres observateurs focalisent plut\u00f4t leur analyse de la baisse sur les r\u00e9centes p\u00e9rip\u00e9ties de la r\u00e9serve f\u00e9d\u00e9rale am\u00e9ricaine. A l&rsquo;image des experts de Saxo Banque qui soulignent cette semaine que \u00ab <em>face \u00e0 des catalyseurs en demi-teinte, la FED entend maintenir son soutien \u00e0 l&rsquo;\u00e9conomie pendant un certain temps, jugeant la reprise \u00e9conomique encore trop fragile<\/em> \u00bb, <a title=\"March\u00e9s au beau fixe, en attendant la BCE\" href=\"https:\/\/www.gold.fr\/news\/2014\/04\/01\/marches-au-beau-fixe-en-attendant-la-bce\/14296\/\" target=\"_blank\">faisant r\u00e9f\u00e9rence au plus r\u00e9cent discours de <strong>Janet Yellen<\/strong><\/a>, pr\u00e9sidente de l&rsquo;institution..<\/span><\/p>\n<!-- AddThis Advanced Settings generic via filter on the_content --><!-- AddThis Share Buttons generic via filter on the_content -->","protected":false},"excerpt":{"rendered":"<p>Les experts le pr\u00e9disaient d\u00e9j\u00e0 il y a deux semaines, lors du premier bilan aurif\u00e8re de la nouvelle ann\u00e9e 2014, pr\u00e9voyant \u00e0 l&rsquo;unanimit\u00e9 que le march\u00e9 de l&rsquo;or (alors en plein essor haussier) allait certainement traverser [&hellip;]<\/p>\n","protected":false},"author":18,"featured_media":13847,"comment_status":"open","ping_status":"open","sticky":false,"template":"","format":"standard","meta":{"_mbp_gutenberg_autopost":false,"_pgmb_is_evergreen":false,"_pgmb_ap_template_id":0,"footnotes":""},"categories":[6],"tags":[1789,1000,144,962,1810],"ppma_author":[2565],"class_list":["post-14305","post","type-post","status-publish","format-standard","has-post-thumbnail","hentry","category-articles-de-presse","tag-correction","tag-economie","tag-fed","tag-prix-or","tag-yellen"],"yoast_head":"<!-- This site is optimized with the Yoast SEO plugin v27.5 - https:\/\/yoast.com\/product\/yoast-seo-wordpress\/ -->\n<title>Le repli de l\u2019or : Une correction prononc\u00e9e et passag\u00e8re - Gold.fr<\/title>\n<meta name=\"robots\" content=\"index, follow, max-snippet:-1, max-image-preview:large, max-video-preview:-1\" \/>\n<link rel=\"canonical\" href=\"https:\/\/www.gold.fr\/news\/2014\/04\/02\/le-repli-de-lor-une-correction-prononcee-et-passagere\/\" \/>\n<meta property=\"og:locale\" content=\"fr_FR\" \/>\n<meta property=\"og:type\" content=\"article\" \/>\n<meta property=\"og:title\" content=\"Le repli de l\u2019or : Une correction prononc\u00e9e et passag\u00e8re - Gold.fr\" \/>\n<meta property=\"og:description\" content=\"Les experts le pr\u00e9disaient d\u00e9j\u00e0 il y a deux semaines, lors du premier bilan aurif\u00e8re de la nouvelle ann\u00e9e 2014, pr\u00e9voyant \u00e0 l&rsquo;unanimit\u00e9 que le march\u00e9 de l&rsquo;or (alors en plein essor haussier) allait certainement traverser [&hellip;]\" \/>\n<meta property=\"og:url\" content=\"https:\/\/www.gold.fr\/news\/2014\/04\/02\/le-repli-de-lor-une-correction-prononcee-et-passagere\/\" \/>\n<meta property=\"og:site_name\" content=\"Gold.fr\" \/>\n<meta property=\"article:publisher\" content=\"https:\/\/www.facebook.com\/Goldfr\/\" \/>\n<meta property=\"article:published_time\" content=\"2014-04-02T07:00:02+00:00\" \/>\n<meta property=\"article:modified_time\" content=\"2018-02-22T13:41:04+00:00\" \/>\n<meta property=\"og:image\" content=\"https:\/\/www.gold.fr\/news\/wp-content\/uploads\/2014\/02\/March\u00e9-haussier-or.jpg\" \/>\n\t<meta property=\"og:image:width\" content=\"640\" \/>\n\t<meta property=\"og:image:height\" content=\"474\" \/>\n\t<meta property=\"og:image:type\" content=\"image\/jpeg\" \/>\n<meta name=\"author\" content=\"Comptoir National de l&#039;Or\" \/>\n<meta name=\"twitter:card\" content=\"summary_large_image\" \/>\n<meta name=\"twitter:label1\" content=\"\u00c9crit par\" \/>\n\t<meta name=\"twitter:data1\" content=\"Comptoir National de l&#039;Or\" \/>\n\t<meta name=\"twitter:label2\" content=\"Dur\u00e9e de lecture estim\u00e9e\" \/>\n\t<meta name=\"twitter:data2\" content=\"1 minute\" \/>\n<script type=\"application\/ld+json\" class=\"yoast-schema-graph\">{\"@context\":\"https:\\\/\\\/schema.org\",\"@graph\":[{\"@type\":\"Article\",\"@id\":\"https:\\\/\\\/www.gold.fr\\\/news\\\/2014\\\/04\\\/02\\\/le-repli-de-lor-une-correction-prononcee-et-passagere\\\/#article\",\"isPartOf\":{\"@id\":\"https:\\\/\\\/www.gold.fr\\\/news\\\/2014\\\/04\\\/02\\\/le-repli-de-lor-une-correction-prononcee-et-passagere\\\/\"},\"author\":{\"name\":\"Comptoir National de l'Or\",\"@id\":\"https:\\\/\\\/www.gold.fr\\\/news\\\/#\\\/schema\\\/person\\\/070491b4b4fb7671bf59b3be20302ce9\"},\"headline\":\"Le repli de l\u2019or : Une correction prononc\u00e9e et passag\u00e8re\",\"datePublished\":\"2014-04-02T07:00:02+00:00\",\"dateModified\":\"2018-02-22T13:41:04+00:00\",\"mainEntityOfPage\":{\"@id\":\"https:\\\/\\\/www.gold.fr\\\/news\\\/2014\\\/04\\\/02\\\/le-repli-de-lor-une-correction-prononcee-et-passagere\\\/\"},\"wordCount\":286,\"commentCount\":0,\"image\":{\"@id\":\"https:\\\/\\\/www.gold.fr\\\/news\\\/2014\\\/04\\\/02\\\/le-repli-de-lor-une-correction-prononcee-et-passagere\\\/#primaryimage\"},\"thumbnailUrl\":\"https:\\\/\\\/www.gold.fr\\\/news\\\/wp-content\\\/uploads\\\/2014\\\/02\\\/March\u00e9-haussier-or.jpg\",\"keywords\":[\"correction\",\"\u00e9conomie\",\"fed\",\"prix or\",\"yellen\"],\"articleSection\":[\"Articles de presse\"],\"inLanguage\":\"fr-FR\"},{\"@type\":\"WebPage\",\"@id\":\"https:\\\/\\\/www.gold.fr\\\/news\\\/2014\\\/04\\\/02\\\/le-repli-de-lor-une-correction-prononcee-et-passagere\\\/\",\"url\":\"https:\\\/\\\/www.gold.fr\\\/news\\\/2014\\\/04\\\/02\\\/le-repli-de-lor-une-correction-prononcee-et-passagere\\\/\",\"name\":\"Le repli de l\u2019or : Une correction prononc\u00e9e et passag\u00e8re - Gold.fr\",\"isPartOf\":{\"@id\":\"https:\\\/\\\/www.gold.fr\\\/news\\\/#website\"},\"primaryImageOfPage\":{\"@id\":\"https:\\\/\\\/www.gold.fr\\\/news\\\/2014\\\/04\\\/02\\\/le-repli-de-lor-une-correction-prononcee-et-passagere\\\/#primaryimage\"},\"image\":{\"@id\":\"https:\\\/\\\/www.gold.fr\\\/news\\\/2014\\\/04\\\/02\\\/le-repli-de-lor-une-correction-prononcee-et-passagere\\\/#primaryimage\"},\"thumbnailUrl\":\"https:\\\/\\\/www.gold.fr\\\/news\\\/wp-content\\\/uploads\\\/2014\\\/02\\\/March\u00e9-haussier-or.jpg\",\"datePublished\":\"2014-04-02T07:00:02+00:00\",\"dateModified\":\"2018-02-22T13:41:04+00:00\",\"author\":{\"@id\":\"https:\\\/\\\/www.gold.fr\\\/news\\\/#\\\/schema\\\/person\\\/070491b4b4fb7671bf59b3be20302ce9\"},\"breadcrumb\":{\"@id\":\"https:\\\/\\\/www.gold.fr\\\/news\\\/2014\\\/04\\\/02\\\/le-repli-de-lor-une-correction-prononcee-et-passagere\\\/#breadcrumb\"},\"inLanguage\":\"fr-FR\",\"potentialAction\":[{\"@type\":\"ReadAction\",\"target\":[\"https:\\\/\\\/www.gold.fr\\\/news\\\/2014\\\/04\\\/02\\\/le-repli-de-lor-une-correction-prononcee-et-passagere\\\/\"]}]},{\"@type\":\"ImageObject\",\"inLanguage\":\"fr-FR\",\"@id\":\"https:\\\/\\\/www.gold.fr\\\/news\\\/2014\\\/04\\\/02\\\/le-repli-de-lor-une-correction-prononcee-et-passagere\\\/#primaryimage\",\"url\":\"https:\\\/\\\/www.gold.fr\\\/news\\\/wp-content\\\/uploads\\\/2014\\\/02\\\/March\u00e9-haussier-or.jpg\",\"contentUrl\":\"https:\\\/\\\/www.gold.fr\\\/news\\\/wp-content\\\/uploads\\\/2014\\\/02\\\/March\u00e9-haussier-or.jpg\",\"width\":\"640\",\"height\":\"474\",\"caption\":\"L\u2019once toujours en nette progression\"},{\"@type\":\"BreadcrumbList\",\"@id\":\"https:\\\/\\\/www.gold.fr\\\/news\\\/2014\\\/04\\\/02\\\/le-repli-de-lor-une-correction-prononcee-et-passagere\\\/#breadcrumb\",\"itemListElement\":[{\"@type\":\"ListItem\",\"position\":1,\"name\":\"Accueil\",\"item\":\"https:\\\/\\\/www.gold.fr\\\/\"},{\"@type\":\"ListItem\",\"position\":2,\"name\":\"Actualit\u00e9s\",\"item\":\"https:\\\/\\\/www.gold.fr\\\/news\\\/\"},{\"@type\":\"ListItem\",\"position\":3,\"name\":\"Le repli de l\u2019or : Une correction prononc\u00e9e et passag\u00e8re\"}]},{\"@type\":\"WebSite\",\"@id\":\"https:\\\/\\\/www.gold.fr\\\/news\\\/#website\",\"url\":\"https:\\\/\\\/www.gold.fr\\\/news\\\/\",\"name\":\"Gold.fr\",\"description\":\"Actualit\u00e9s de l&#039;Or et des m\u00e9taux pr\u00e9cieux\",\"potentialAction\":[{\"@type\":\"SearchAction\",\"target\":{\"@type\":\"EntryPoint\",\"urlTemplate\":\"https:\\\/\\\/www.gold.fr\\\/news\\\/?s={search_term_string}\"},\"query-input\":{\"@type\":\"PropertyValueSpecification\",\"valueRequired\":true,\"valueName\":\"search_term_string\"}}],\"inLanguage\":\"fr-FR\"},{\"@type\":\"Person\",\"@id\":\"https:\\\/\\\/www.gold.fr\\\/news\\\/#\\\/schema\\\/person\\\/070491b4b4fb7671bf59b3be20302ce9\",\"name\":\"Comptoir National de l'Or\",\"image\":{\"@type\":\"ImageObject\",\"inLanguage\":\"fr-FR\",\"@id\":\"https:\\\/\\\/secure.gravatar.com\\\/avatar\\\/0a2867fd5abe37bed95d5a65e9d58f01756e11efc68af9888dfc50cfa7f65948?s=96&d=mm&r=gb490554db0a38188709de567aa58480d\",\"url\":\"https:\\\/\\\/secure.gravatar.com\\\/avatar\\\/0a2867fd5abe37bed95d5a65e9d58f01756e11efc68af9888dfc50cfa7f65948?s=96&d=mm&r=g\",\"contentUrl\":\"https:\\\/\\\/secure.gravatar.com\\\/avatar\\\/0a2867fd5abe37bed95d5a65e9d58f01756e11efc68af9888dfc50cfa7f65948?s=96&d=mm&r=g\",\"caption\":\"Comptoir National de l'Or\"},\"description\":\"Notre r\u00e9daction est constitu\u00e9e de membres experts dans les m\u00e9tiers de l'\u00e9conomie et la gestion, des Responsables d'agence Comptoir National de l'Or, des analystes financiers qui publient r\u00e9guli\u00e8rement des \u00e9tudes sur les politiques des banques centrales, le cours de l'or, prix de l'or, cours de l'argent, prix de l'argent, cours du platine, cours du palladium,... la situation en zone euro et l'impact de la strat\u00e9gie mon\u00e9taire de la FED. Notre \u00e9quipe scrute \u00e9galement une information plus g\u00e9n\u00e9raliste \u00e0 la recherche d'actualit\u00e9 \\\"p\u00e9pite\\\" \u00e0 vous partager. Depuis 5 ans, nous avons publi\u00e9 un peu plus de 4000 articles qui s'adressent \u00e0 un public large et vari\u00e9 ayant pour objectif de satisfaire votre curiosit\u00e9 et de partager avec vous une certaine fascination pour le m\u00e9tal jaune, le rachat d'or, et pour ceux qui veulent investir dans l'or, vendre leur or tout simplement en savoir plus... Pour tous vos achat or et argent, n'h\u00e9sitez pas \u00e0 prendre rendez-vous dans l'un de nos nombreux comptoirs.\",\"sameAs\":[\"https:\\\/\\\/www.gold.fr\"]}]}<\/script>\n<!-- \/ Yoast SEO plugin. -->","yoast_head_json":{"title":"Le repli de l\u2019or : Une correction prononc\u00e9e et passag\u00e8re - Gold.fr","robots":{"index":"index","follow":"follow","max-snippet":"max-snippet:-1","max-image-preview":"max-image-preview:large","max-video-preview":"max-video-preview:-1"},"canonical":"https:\/\/www.gold.fr\/news\/2014\/04\/02\/le-repli-de-lor-une-correction-prononcee-et-passagere\/","og_locale":"fr_FR","og_type":"article","og_title":"Le repli de l\u2019or : Une correction prononc\u00e9e et passag\u00e8re - Gold.fr","og_description":"Les experts le pr\u00e9disaient d\u00e9j\u00e0 il y a deux semaines, lors du premier bilan aurif\u00e8re de la nouvelle ann\u00e9e 2014, pr\u00e9voyant \u00e0 l&rsquo;unanimit\u00e9 que le march\u00e9 de l&rsquo;or (alors en plein essor haussier) allait certainement traverser [&hellip;]","og_url":"https:\/\/www.gold.fr\/news\/2014\/04\/02\/le-repli-de-lor-une-correction-prononcee-et-passagere\/","og_site_name":"Gold.fr","article_publisher":"https:\/\/www.facebook.com\/Goldfr\/","article_published_time":"2014-04-02T07:00:02+00:00","article_modified_time":"2018-02-22T13:41:04+00:00","og_image":[{"width":640,"height":474,"url":"https:\/\/www.gold.fr\/news\/wp-content\/uploads\/2014\/02\/March\u00e9-haussier-or.jpg","type":"image\/jpeg"}],"author":"Comptoir National de l'Or","twitter_card":"summary_large_image","twitter_misc":{"\u00c9crit par":"Comptoir National de l'Or","Dur\u00e9e de lecture estim\u00e9e":"1 minute"},"schema":{"@context":"https:\/\/schema.org","@graph":[{"@type":"Article","@id":"https:\/\/www.gold.fr\/news\/2014\/04\/02\/le-repli-de-lor-une-correction-prononcee-et-passagere\/#article","isPartOf":{"@id":"https:\/\/www.gold.fr\/news\/2014\/04\/02\/le-repli-de-lor-une-correction-prononcee-et-passagere\/"},"author":{"name":"Comptoir National de l'Or","@id":"https:\/\/www.gold.fr\/news\/#\/schema\/person\/070491b4b4fb7671bf59b3be20302ce9"},"headline":"Le repli de l\u2019or : Une correction prononc\u00e9e et passag\u00e8re","datePublished":"2014-04-02T07:00:02+00:00","dateModified":"2018-02-22T13:41:04+00:00","mainEntityOfPage":{"@id":"https:\/\/www.gold.fr\/news\/2014\/04\/02\/le-repli-de-lor-une-correction-prononcee-et-passagere\/"},"wordCount":286,"commentCount":0,"image":{"@id":"https:\/\/www.gold.fr\/news\/2014\/04\/02\/le-repli-de-lor-une-correction-prononcee-et-passagere\/#primaryimage"},"thumbnailUrl":"https:\/\/www.gold.fr\/news\/wp-content\/uploads\/2014\/02\/March\u00e9-haussier-or.jpg","keywords":["correction","\u00e9conomie","fed","prix or","yellen"],"articleSection":["Articles de presse"],"inLanguage":"fr-FR"},{"@type":"WebPage","@id":"https:\/\/www.gold.fr\/news\/2014\/04\/02\/le-repli-de-lor-une-correction-prononcee-et-passagere\/","url":"https:\/\/www.gold.fr\/news\/2014\/04\/02\/le-repli-de-lor-une-correction-prononcee-et-passagere\/","name":"Le repli de l\u2019or : Une correction prononc\u00e9e et passag\u00e8re - Gold.fr","isPartOf":{"@id":"https:\/\/www.gold.fr\/news\/#website"},"primaryImageOfPage":{"@id":"https:\/\/www.gold.fr\/news\/2014\/04\/02\/le-repli-de-lor-une-correction-prononcee-et-passagere\/#primaryimage"},"image":{"@id":"https:\/\/www.gold.fr\/news\/2014\/04\/02\/le-repli-de-lor-une-correction-prononcee-et-passagere\/#primaryimage"},"thumbnailUrl":"https:\/\/www.gold.fr\/news\/wp-content\/uploads\/2014\/02\/March\u00e9-haussier-or.jpg","datePublished":"2014-04-02T07:00:02+00:00","dateModified":"2018-02-22T13:41:04+00:00","author":{"@id":"https:\/\/www.gold.fr\/news\/#\/schema\/person\/070491b4b4fb7671bf59b3be20302ce9"},"breadcrumb":{"@id":"https:\/\/www.gold.fr\/news\/2014\/04\/02\/le-repli-de-lor-une-correction-prononcee-et-passagere\/#breadcrumb"},"inLanguage":"fr-FR","potentialAction":[{"@type":"ReadAction","target":["https:\/\/www.gold.fr\/news\/2014\/04\/02\/le-repli-de-lor-une-correction-prononcee-et-passagere\/"]}]},{"@type":"ImageObject","inLanguage":"fr-FR","@id":"https:\/\/www.gold.fr\/news\/2014\/04\/02\/le-repli-de-lor-une-correction-prononcee-et-passagere\/#primaryimage","url":"https:\/\/www.gold.fr\/news\/wp-content\/uploads\/2014\/02\/March\u00e9-haussier-or.jpg","contentUrl":"https:\/\/www.gold.fr\/news\/wp-content\/uploads\/2014\/02\/March\u00e9-haussier-or.jpg","width":"640","height":"474","caption":"L\u2019once toujours en nette progression"},{"@type":"BreadcrumbList","@id":"https:\/\/www.gold.fr\/news\/2014\/04\/02\/le-repli-de-lor-une-correction-prononcee-et-passagere\/#breadcrumb","itemListElement":[{"@type":"ListItem","position":1,"name":"Accueil","item":"https:\/\/www.gold.fr\/"},{"@type":"ListItem","position":2,"name":"Actualit\u00e9s","item":"https:\/\/www.gold.fr\/news\/"},{"@type":"ListItem","position":3,"name":"Le repli de l\u2019or : Une correction prononc\u00e9e et passag\u00e8re"}]},{"@type":"WebSite","@id":"https:\/\/www.gold.fr\/news\/#website","url":"https:\/\/www.gold.fr\/news\/","name":"Gold.fr","description":"Actualit\u00e9s de l&#039;Or et des m\u00e9taux pr\u00e9cieux","potentialAction":[{"@type":"SearchAction","target":{"@type":"EntryPoint","urlTemplate":"https:\/\/www.gold.fr\/news\/?s={search_term_string}"},"query-input":{"@type":"PropertyValueSpecification","valueRequired":true,"valueName":"search_term_string"}}],"inLanguage":"fr-FR"},{"@type":"Person","@id":"https:\/\/www.gold.fr\/news\/#\/schema\/person\/070491b4b4fb7671bf59b3be20302ce9","name":"Comptoir National de l'Or","image":{"@type":"ImageObject","inLanguage":"fr-FR","@id":"https:\/\/secure.gravatar.com\/avatar\/0a2867fd5abe37bed95d5a65e9d58f01756e11efc68af9888dfc50cfa7f65948?s=96&d=mm&r=gb490554db0a38188709de567aa58480d","url":"https:\/\/secure.gravatar.com\/avatar\/0a2867fd5abe37bed95d5a65e9d58f01756e11efc68af9888dfc50cfa7f65948?s=96&d=mm&r=g","contentUrl":"https:\/\/secure.gravatar.com\/avatar\/0a2867fd5abe37bed95d5a65e9d58f01756e11efc68af9888dfc50cfa7f65948?s=96&d=mm&r=g","caption":"Comptoir National de l'Or"},"description":"Notre r\u00e9daction est constitu\u00e9e de membres experts dans les m\u00e9tiers de l'\u00e9conomie et la gestion, des Responsables d'agence Comptoir National de l'Or, des analystes financiers qui publient r\u00e9guli\u00e8rement des \u00e9tudes sur les politiques des banques centrales, le cours de l'or, prix de l'or, cours de l'argent, prix de l'argent, cours du platine, cours du palladium,... la situation en zone euro et l'impact de la strat\u00e9gie mon\u00e9taire de la FED. Notre \u00e9quipe scrute \u00e9galement une information plus g\u00e9n\u00e9raliste \u00e0 la recherche d'actualit\u00e9 \"p\u00e9pite\" \u00e0 vous partager. Depuis 5 ans, nous avons publi\u00e9 un peu plus de 4000 articles qui s'adressent \u00e0 un public large et vari\u00e9 ayant pour objectif de satisfaire votre curiosit\u00e9 et de partager avec vous une certaine fascination pour le m\u00e9tal jaune, le rachat d'or, et pour ceux qui veulent investir dans l'or, vendre leur or tout simplement en savoir plus... Pour tous vos achat or et argent, n'h\u00e9sitez pas \u00e0 prendre rendez-vous dans l'un de nos nombreux comptoirs.","sameAs":["https:\/\/www.gold.fr"]}]}},"authors":[{"term_id":2565,"user_id":18,"is_guest":0,"slug":"julie","display_name":"Comptoir National de l'Or","avatar_url":"https:\/\/secure.gravatar.com\/avatar\/713f289e398d35ead876c4a4cc08607f0d6d266058cfc25683fffb6092d0e572?s=96&d=mm&r=g","0":null,"1":"","2":"","3":"","4":"","5":"","6":"","7":"","8":""}],"_links":{"self":[{"href":"https:\/\/www.gold.fr\/news\/wp-json\/wp\/v2\/posts\/14305","targetHints":{"allow":["GET"]}}],"collection":[{"href":"https:\/\/www.gold.fr\/news\/wp-json\/wp\/v2\/posts"}],"about":[{"href":"https:\/\/www.gold.fr\/news\/wp-json\/wp\/v2\/types\/post"}],"author":[{"embeddable":true,"href":"https:\/\/www.gold.fr\/news\/wp-json\/wp\/v2\/users\/18"}],"replies":[{"embeddable":true,"href":"https:\/\/www.gold.fr\/news\/wp-json\/wp\/v2\/comments?post=14305"}],"version-history":[{"count":0,"href":"https:\/\/www.gold.fr\/news\/wp-json\/wp\/v2\/posts\/14305\/revisions"}],"wp:featuredmedia":[{"embeddable":true,"href":"https:\/\/www.gold.fr\/news\/wp-json\/wp\/v2\/media\/13847"}],"wp:attachment":[{"href":"https:\/\/www.gold.fr\/news\/wp-json\/wp\/v2\/media?parent=14305"}],"wp:term":[{"taxonomy":"category","embeddable":true,"href":"https:\/\/www.gold.fr\/news\/wp-json\/wp\/v2\/categories?post=14305"},{"taxonomy":"post_tag","embeddable":true,"href":"https:\/\/www.gold.fr\/news\/wp-json\/wp\/v2\/tags?post=14305"},{"taxonomy":"author","embeddable":true,"href":"https:\/\/www.gold.fr\/news\/wp-json\/wp\/v2\/ppma_author?post=14305"}],"curies":[{"name":"wp","href":"https:\/\/api.w.org\/{rel}","templated":true}]}}