{"id":14296,"date":"2014-04-01T09:02:23","date_gmt":"2014-04-01T07:02:23","guid":{"rendered":"https:\/\/www.gold.fr\/news\/?p=14296"},"modified":"2018-02-22T14:41:06","modified_gmt":"2018-02-22T13:41:06","slug":"marches-au-beau-fixe-en-attendant-la-bce","status":"publish","type":"post","link":"https:\/\/www.gold.fr\/news\/2014\/04\/01\/marches-au-beau-fixe-en-attendant-la-bce\/","title":{"rendered":"March\u00e9s au beau fixe, en attendant la BCE"},"content":{"rendered":"<p><img loading=\"lazy\" decoding=\"async\" class=\"alignleft size-thumbnail wp-image-3762\" title=\"March\u00e9s au beau fixe, en attendant la BCE\" src=\"https:\/\/www.gold.fr\/news\/wp-content\/uploads\/2011\/11\/BC9966-002-150x150.jpg\" alt=\"\" width=\"150\" height=\"150\" \/><span style=\"font-size: small;\">C\u2019est un march\u00e9 europ\u00e9en \u2013et surtout parisien- euphorique qui d\u00e9bute cette semaine sur les chapeaux de roue, avec un \u00ab <em>consensus technique qui apparait haussier<\/em> \u00bb. Les \u00e9conomistes, observateurs et strat\u00e9gistes semblent \u00eatre unanimes sur la nature de la direction que prendront les march\u00e9s financiers, dans les jours \u00e0 venir, et cette direction est d\u00e9finitivement haussi\u00e8re.<\/span>    <span style=\"font-size: small;\"> Les experts d\u00e9clarent en effet que \u00ab<em> le consensus technique appara\u00eet d\u00e9sormais 100% haussier autour du march\u00e9 parisien et les chartistes sont justement nombreux \u00e0 mentionner l&rsquo;objectif des<strong> 4420 points<\/strong><\/em> \u00bb, m\u00eame s\u2019ils rappellent que \u00ab <em>le march\u00e9 attend surtout la r\u00e9union de politique mon\u00e9taire de la Banque centrale europ\u00e9enne (<strong>BCE<\/strong>), qui doit se tenir jeudi<\/em> \u00bb.<\/span>    <span style=\"font-size: small;\"> Car, \u00e0 moins d\u2019un \u00e9v\u00e9nement majeur et impr\u00e9vu, d\u2019ici la fameuse r\u00e9union de jeudi, la banque centrale europ\u00e9enne ne devrait pas annoncer une quelconque modification de sa politique mon\u00e9taire accommodante. En effet, d\u2019apr\u00e8s les professionnels de <strong>Citi<\/strong>, \u00ab <em>la retomb\u00e9e des prix \u00e0 la consommation (&#8230;) en mars et de nouvelles preuves d&rsquo;une contraction des pr\u00eats bancaires accord\u00e9s aux entreprises, le conseil devrait s&rsquo;en tenir aux signes de reprises de l&rsquo;activit\u00e9 \u00e9conomique et r\u00e9it\u00e9rer sa communication avanc\u00e9e (\u00ab\u00a0forward guidance\u00a0\u00bb)<\/em> \u00bb.<\/span>    <span style=\"font-size: small;\"> En tout cas, d\u2019ici la fin de la semaine, les d\u00e9cideurs de la <strong>BCE<\/strong> seront \u00e0 m\u00eame d\u2019appuyer leur \u00e9valuation de la situation \u00e9conomique du bloc euro sur une nouvelle vague de r\u00e9sultats relatifs notamment au PIB fran\u00e7ais, les ventes de d\u00e9tail en Allemagne, le <strong>PMI<\/strong> manufacturiers en Europe\u2026<\/span><\/p>\n<!-- AddThis Advanced Settings generic via filter on the_content --><!-- AddThis Share Buttons generic via filter on the_content -->","protected":false},"excerpt":{"rendered":"<p>C\u2019est un march\u00e9 europ\u00e9en \u2013et surtout parisien- euphorique qui d\u00e9bute cette semaine sur les chapeaux de roue, avec un \u00ab consensus technique qui apparait haussier \u00bb. Les \u00e9conomistes, observateurs et strat\u00e9gistes semblent \u00eatre unanimes sur la [&hellip;]<\/p>\n","protected":false},"author":18,"featured_media":3762,"comment_status":"open","ping_status":"open","sticky":false,"template":"","format":"standard","meta":{"_mbp_gutenberg_autopost":false,"_pgmb_is_evergreen":false,"_pgmb_ap_template_id":0,"footnotes":""},"categories":[6],"tags":[143,1649,1410],"ppma_author":[2565],"class_list":["post-14296","post","type-post","status-publish","format-standard","has-post-thumbnail","hentry","category-articles-de-presse","tag-bce","tag-marches","tag-marches-financiers"],"yoast_head":"<!-- This site is optimized with the Yoast SEO plugin v27.5 - https:\/\/yoast.com\/product\/yoast-seo-wordpress\/ -->\n<title>March\u00e9s au beau fixe, en attendant la BCE - Gold.fr<\/title>\n<meta name=\"robots\" content=\"index, follow, max-snippet:-1, max-image-preview:large, max-video-preview:-1\" \/>\n<link rel=\"canonical\" href=\"https:\/\/www.gold.fr\/news\/2014\/04\/01\/marches-au-beau-fixe-en-attendant-la-bce\/\" \/>\n<meta property=\"og:locale\" content=\"fr_FR\" \/>\n<meta property=\"og:type\" content=\"article\" \/>\n<meta property=\"og:title\" content=\"March\u00e9s au beau fixe, en attendant la BCE - Gold.fr\" \/>\n<meta property=\"og:description\" content=\"C\u2019est un march\u00e9 europ\u00e9en \u2013et surtout parisien- euphorique qui d\u00e9bute cette semaine sur les chapeaux de roue, avec un \u00ab consensus technique qui apparait haussier \u00bb. Les \u00e9conomistes, observateurs et strat\u00e9gistes semblent \u00eatre unanimes sur la [&hellip;]\" \/>\n<meta property=\"og:url\" content=\"https:\/\/www.gold.fr\/news\/2014\/04\/01\/marches-au-beau-fixe-en-attendant-la-bce\/\" \/>\n<meta property=\"og:site_name\" content=\"Gold.fr\" \/>\n<meta property=\"article:publisher\" content=\"https:\/\/www.facebook.com\/Goldfr\/\" \/>\n<meta property=\"article:published_time\" content=\"2014-04-01T07:02:23+00:00\" \/>\n<meta property=\"article:modified_time\" content=\"2018-02-22T13:41:06+00:00\" \/>\n<meta property=\"og:image\" content=\"https:\/\/www.gold.fr\/news\/wp-content\/uploads\/2011\/11\/BC9966-002.jpg\" \/>\n\t<meta property=\"og:image:width\" content=\"600\" \/>\n\t<meta property=\"og:image:height\" content=\"371\" \/>\n\t<meta property=\"og:image:type\" content=\"image\/jpeg\" \/>\n<meta name=\"author\" content=\"Comptoir National de l&#039;Or\" \/>\n<meta name=\"twitter:card\" content=\"summary_large_image\" \/>\n<meta name=\"twitter:label1\" content=\"\u00c9crit par\" \/>\n\t<meta name=\"twitter:data1\" content=\"Comptoir National de l&#039;Or\" \/>\n\t<meta name=\"twitter:label2\" content=\"Dur\u00e9e de lecture estim\u00e9e\" \/>\n\t<meta name=\"twitter:data2\" content=\"1 minute\" \/>\n<script type=\"application\/ld+json\" class=\"yoast-schema-graph\">{\"@context\":\"https:\\\/\\\/schema.org\",\"@graph\":[{\"@type\":\"Article\",\"@id\":\"https:\\\/\\\/www.gold.fr\\\/news\\\/2014\\\/04\\\/01\\\/marches-au-beau-fixe-en-attendant-la-bce\\\/#article\",\"isPartOf\":{\"@id\":\"https:\\\/\\\/www.gold.fr\\\/news\\\/2014\\\/04\\\/01\\\/marches-au-beau-fixe-en-attendant-la-bce\\\/\"},\"author\":{\"name\":\"Comptoir National de l'Or\",\"@id\":\"https:\\\/\\\/www.gold.fr\\\/news\\\/#\\\/schema\\\/person\\\/070491b4b4fb7671bf59b3be20302ce9\"},\"headline\":\"March\u00e9s au beau fixe, en attendant la BCE\",\"datePublished\":\"2014-04-01T07:02:23+00:00\",\"dateModified\":\"2018-02-22T13:41:06+00:00\",\"mainEntityOfPage\":{\"@id\":\"https:\\\/\\\/www.gold.fr\\\/news\\\/2014\\\/04\\\/01\\\/marches-au-beau-fixe-en-attendant-la-bce\\\/\"},\"wordCount\":276,\"commentCount\":0,\"image\":{\"@id\":\"https:\\\/\\\/www.gold.fr\\\/news\\\/2014\\\/04\\\/01\\\/marches-au-beau-fixe-en-attendant-la-bce\\\/#primaryimage\"},\"thumbnailUrl\":\"https:\\\/\\\/www.gold.fr\\\/news\\\/wp-content\\\/uploads\\\/2011\\\/11\\\/BC9966-002.jpg\",\"keywords\":[\"bce\",\"march\u00e9s\",\"march\u00e9s financiers\"],\"articleSection\":[\"Articles de presse\"],\"inLanguage\":\"fr-FR\"},{\"@type\":\"WebPage\",\"@id\":\"https:\\\/\\\/www.gold.fr\\\/news\\\/2014\\\/04\\\/01\\\/marches-au-beau-fixe-en-attendant-la-bce\\\/\",\"url\":\"https:\\\/\\\/www.gold.fr\\\/news\\\/2014\\\/04\\\/01\\\/marches-au-beau-fixe-en-attendant-la-bce\\\/\",\"name\":\"March\u00e9s au beau fixe, en attendant la BCE - Gold.fr\",\"isPartOf\":{\"@id\":\"https:\\\/\\\/www.gold.fr\\\/news\\\/#website\"},\"primaryImageOfPage\":{\"@id\":\"https:\\\/\\\/www.gold.fr\\\/news\\\/2014\\\/04\\\/01\\\/marches-au-beau-fixe-en-attendant-la-bce\\\/#primaryimage\"},\"image\":{\"@id\":\"https:\\\/\\\/www.gold.fr\\\/news\\\/2014\\\/04\\\/01\\\/marches-au-beau-fixe-en-attendant-la-bce\\\/#primaryimage\"},\"thumbnailUrl\":\"https:\\\/\\\/www.gold.fr\\\/news\\\/wp-content\\\/uploads\\\/2011\\\/11\\\/BC9966-002.jpg\",\"datePublished\":\"2014-04-01T07:02:23+00:00\",\"dateModified\":\"2018-02-22T13:41:06+00:00\",\"author\":{\"@id\":\"https:\\\/\\\/www.gold.fr\\\/news\\\/#\\\/schema\\\/person\\\/070491b4b4fb7671bf59b3be20302ce9\"},\"breadcrumb\":{\"@id\":\"https:\\\/\\\/www.gold.fr\\\/news\\\/2014\\\/04\\\/01\\\/marches-au-beau-fixe-en-attendant-la-bce\\\/#breadcrumb\"},\"inLanguage\":\"fr-FR\",\"potentialAction\":[{\"@type\":\"ReadAction\",\"target\":[\"https:\\\/\\\/www.gold.fr\\\/news\\\/2014\\\/04\\\/01\\\/marches-au-beau-fixe-en-attendant-la-bce\\\/\"]}]},{\"@type\":\"ImageObject\",\"inLanguage\":\"fr-FR\",\"@id\":\"https:\\\/\\\/www.gold.fr\\\/news\\\/2014\\\/04\\\/01\\\/marches-au-beau-fixe-en-attendant-la-bce\\\/#primaryimage\",\"url\":\"https:\\\/\\\/www.gold.fr\\\/news\\\/wp-content\\\/uploads\\\/2011\\\/11\\\/BC9966-002.jpg\",\"contentUrl\":\"https:\\\/\\\/www.gold.fr\\\/news\\\/wp-content\\\/uploads\\\/2011\\\/11\\\/BC9966-002.jpg\",\"width\":\"600\",\"height\":\"371\",\"caption\":\"March\u00e9s : Nervosit\u00e9, en attendant Draghi\"},{\"@type\":\"BreadcrumbList\",\"@id\":\"https:\\\/\\\/www.gold.fr\\\/news\\\/2014\\\/04\\\/01\\\/marches-au-beau-fixe-en-attendant-la-bce\\\/#breadcrumb\",\"itemListElement\":[{\"@type\":\"ListItem\",\"position\":1,\"name\":\"Accueil\",\"item\":\"https:\\\/\\\/www.gold.fr\\\/\"},{\"@type\":\"ListItem\",\"position\":2,\"name\":\"Actualit\u00e9s\",\"item\":\"https:\\\/\\\/www.gold.fr\\\/news\\\/\"},{\"@type\":\"ListItem\",\"position\":3,\"name\":\"March\u00e9s au beau fixe, en attendant la BCE\"}]},{\"@type\":\"WebSite\",\"@id\":\"https:\\\/\\\/www.gold.fr\\\/news\\\/#website\",\"url\":\"https:\\\/\\\/www.gold.fr\\\/news\\\/\",\"name\":\"Gold.fr\",\"description\":\"Actualit\u00e9s de l&#039;Or et des m\u00e9taux pr\u00e9cieux\",\"potentialAction\":[{\"@type\":\"SearchAction\",\"target\":{\"@type\":\"EntryPoint\",\"urlTemplate\":\"https:\\\/\\\/www.gold.fr\\\/news\\\/?s={search_term_string}\"},\"query-input\":{\"@type\":\"PropertyValueSpecification\",\"valueRequired\":true,\"valueName\":\"search_term_string\"}}],\"inLanguage\":\"fr-FR\"},{\"@type\":\"Person\",\"@id\":\"https:\\\/\\\/www.gold.fr\\\/news\\\/#\\\/schema\\\/person\\\/070491b4b4fb7671bf59b3be20302ce9\",\"name\":\"Comptoir National de l'Or\",\"image\":{\"@type\":\"ImageObject\",\"inLanguage\":\"fr-FR\",\"@id\":\"https:\\\/\\\/secure.gravatar.com\\\/avatar\\\/0a2867fd5abe37bed95d5a65e9d58f01756e11efc68af9888dfc50cfa7f65948?s=96&d=mm&r=gb490554db0a38188709de567aa58480d\",\"url\":\"https:\\\/\\\/secure.gravatar.com\\\/avatar\\\/0a2867fd5abe37bed95d5a65e9d58f01756e11efc68af9888dfc50cfa7f65948?s=96&d=mm&r=g\",\"contentUrl\":\"https:\\\/\\\/secure.gravatar.com\\\/avatar\\\/0a2867fd5abe37bed95d5a65e9d58f01756e11efc68af9888dfc50cfa7f65948?s=96&d=mm&r=g\",\"caption\":\"Comptoir National de l'Or\"},\"description\":\"Notre r\u00e9daction est constitu\u00e9e de membres experts dans les m\u00e9tiers de l'\u00e9conomie et la gestion, des Responsables d'agence Comptoir National de l'Or, des analystes financiers qui publient r\u00e9guli\u00e8rement des \u00e9tudes sur les politiques des banques centrales, le cours de l'or, prix de l'or, cours de l'argent, prix de l'argent, cours du platine, cours du palladium,... la situation en zone euro et l'impact de la strat\u00e9gie mon\u00e9taire de la FED. Notre \u00e9quipe scrute \u00e9galement une information plus g\u00e9n\u00e9raliste \u00e0 la recherche d'actualit\u00e9 \\\"p\u00e9pite\\\" \u00e0 vous partager. Depuis 5 ans, nous avons publi\u00e9 un peu plus de 4000 articles qui s'adressent \u00e0 un public large et vari\u00e9 ayant pour objectif de satisfaire votre curiosit\u00e9 et de partager avec vous une certaine fascination pour le m\u00e9tal jaune, le rachat d'or, et pour ceux qui veulent investir dans l'or, vendre leur or tout simplement en savoir plus... Pour tous vos achat or et argent, n'h\u00e9sitez pas \u00e0 prendre rendez-vous dans l'un de nos nombreux comptoirs.\",\"sameAs\":[\"https:\\\/\\\/www.gold.fr\"]}]}<\/script>\n<!-- \/ Yoast SEO plugin. -->","yoast_head_json":{"title":"March\u00e9s au beau fixe, en attendant la BCE - Gold.fr","robots":{"index":"index","follow":"follow","max-snippet":"max-snippet:-1","max-image-preview":"max-image-preview:large","max-video-preview":"max-video-preview:-1"},"canonical":"https:\/\/www.gold.fr\/news\/2014\/04\/01\/marches-au-beau-fixe-en-attendant-la-bce\/","og_locale":"fr_FR","og_type":"article","og_title":"March\u00e9s au beau fixe, en attendant la BCE - Gold.fr","og_description":"C\u2019est un march\u00e9 europ\u00e9en \u2013et surtout parisien- euphorique qui d\u00e9bute cette semaine sur les chapeaux de roue, avec un \u00ab consensus technique qui apparait haussier \u00bb. Les \u00e9conomistes, observateurs et strat\u00e9gistes semblent \u00eatre unanimes sur la [&hellip;]","og_url":"https:\/\/www.gold.fr\/news\/2014\/04\/01\/marches-au-beau-fixe-en-attendant-la-bce\/","og_site_name":"Gold.fr","article_publisher":"https:\/\/www.facebook.com\/Goldfr\/","article_published_time":"2014-04-01T07:02:23+00:00","article_modified_time":"2018-02-22T13:41:06+00:00","og_image":[{"width":600,"height":371,"url":"https:\/\/www.gold.fr\/news\/wp-content\/uploads\/2011\/11\/BC9966-002.jpg","type":"image\/jpeg"}],"author":"Comptoir National de l'Or","twitter_card":"summary_large_image","twitter_misc":{"\u00c9crit par":"Comptoir National de l'Or","Dur\u00e9e de lecture estim\u00e9e":"1 minute"},"schema":{"@context":"https:\/\/schema.org","@graph":[{"@type":"Article","@id":"https:\/\/www.gold.fr\/news\/2014\/04\/01\/marches-au-beau-fixe-en-attendant-la-bce\/#article","isPartOf":{"@id":"https:\/\/www.gold.fr\/news\/2014\/04\/01\/marches-au-beau-fixe-en-attendant-la-bce\/"},"author":{"name":"Comptoir National de l'Or","@id":"https:\/\/www.gold.fr\/news\/#\/schema\/person\/070491b4b4fb7671bf59b3be20302ce9"},"headline":"March\u00e9s au beau fixe, en attendant la BCE","datePublished":"2014-04-01T07:02:23+00:00","dateModified":"2018-02-22T13:41:06+00:00","mainEntityOfPage":{"@id":"https:\/\/www.gold.fr\/news\/2014\/04\/01\/marches-au-beau-fixe-en-attendant-la-bce\/"},"wordCount":276,"commentCount":0,"image":{"@id":"https:\/\/www.gold.fr\/news\/2014\/04\/01\/marches-au-beau-fixe-en-attendant-la-bce\/#primaryimage"},"thumbnailUrl":"https:\/\/www.gold.fr\/news\/wp-content\/uploads\/2011\/11\/BC9966-002.jpg","keywords":["bce","march\u00e9s","march\u00e9s financiers"],"articleSection":["Articles de presse"],"inLanguage":"fr-FR"},{"@type":"WebPage","@id":"https:\/\/www.gold.fr\/news\/2014\/04\/01\/marches-au-beau-fixe-en-attendant-la-bce\/","url":"https:\/\/www.gold.fr\/news\/2014\/04\/01\/marches-au-beau-fixe-en-attendant-la-bce\/","name":"March\u00e9s au beau fixe, en attendant la BCE - Gold.fr","isPartOf":{"@id":"https:\/\/www.gold.fr\/news\/#website"},"primaryImageOfPage":{"@id":"https:\/\/www.gold.fr\/news\/2014\/04\/01\/marches-au-beau-fixe-en-attendant-la-bce\/#primaryimage"},"image":{"@id":"https:\/\/www.gold.fr\/news\/2014\/04\/01\/marches-au-beau-fixe-en-attendant-la-bce\/#primaryimage"},"thumbnailUrl":"https:\/\/www.gold.fr\/news\/wp-content\/uploads\/2011\/11\/BC9966-002.jpg","datePublished":"2014-04-01T07:02:23+00:00","dateModified":"2018-02-22T13:41:06+00:00","author":{"@id":"https:\/\/www.gold.fr\/news\/#\/schema\/person\/070491b4b4fb7671bf59b3be20302ce9"},"breadcrumb":{"@id":"https:\/\/www.gold.fr\/news\/2014\/04\/01\/marches-au-beau-fixe-en-attendant-la-bce\/#breadcrumb"},"inLanguage":"fr-FR","potentialAction":[{"@type":"ReadAction","target":["https:\/\/www.gold.fr\/news\/2014\/04\/01\/marches-au-beau-fixe-en-attendant-la-bce\/"]}]},{"@type":"ImageObject","inLanguage":"fr-FR","@id":"https:\/\/www.gold.fr\/news\/2014\/04\/01\/marches-au-beau-fixe-en-attendant-la-bce\/#primaryimage","url":"https:\/\/www.gold.fr\/news\/wp-content\/uploads\/2011\/11\/BC9966-002.jpg","contentUrl":"https:\/\/www.gold.fr\/news\/wp-content\/uploads\/2011\/11\/BC9966-002.jpg","width":"600","height":"371","caption":"March\u00e9s : Nervosit\u00e9, en attendant Draghi"},{"@type":"BreadcrumbList","@id":"https:\/\/www.gold.fr\/news\/2014\/04\/01\/marches-au-beau-fixe-en-attendant-la-bce\/#breadcrumb","itemListElement":[{"@type":"ListItem","position":1,"name":"Accueil","item":"https:\/\/www.gold.fr\/"},{"@type":"ListItem","position":2,"name":"Actualit\u00e9s","item":"https:\/\/www.gold.fr\/news\/"},{"@type":"ListItem","position":3,"name":"March\u00e9s au beau fixe, en attendant la BCE"}]},{"@type":"WebSite","@id":"https:\/\/www.gold.fr\/news\/#website","url":"https:\/\/www.gold.fr\/news\/","name":"Gold.fr","description":"Actualit\u00e9s de l&#039;Or et des m\u00e9taux pr\u00e9cieux","potentialAction":[{"@type":"SearchAction","target":{"@type":"EntryPoint","urlTemplate":"https:\/\/www.gold.fr\/news\/?s={search_term_string}"},"query-input":{"@type":"PropertyValueSpecification","valueRequired":true,"valueName":"search_term_string"}}],"inLanguage":"fr-FR"},{"@type":"Person","@id":"https:\/\/www.gold.fr\/news\/#\/schema\/person\/070491b4b4fb7671bf59b3be20302ce9","name":"Comptoir National de l'Or","image":{"@type":"ImageObject","inLanguage":"fr-FR","@id":"https:\/\/secure.gravatar.com\/avatar\/0a2867fd5abe37bed95d5a65e9d58f01756e11efc68af9888dfc50cfa7f65948?s=96&d=mm&r=gb490554db0a38188709de567aa58480d","url":"https:\/\/secure.gravatar.com\/avatar\/0a2867fd5abe37bed95d5a65e9d58f01756e11efc68af9888dfc50cfa7f65948?s=96&d=mm&r=g","contentUrl":"https:\/\/secure.gravatar.com\/avatar\/0a2867fd5abe37bed95d5a65e9d58f01756e11efc68af9888dfc50cfa7f65948?s=96&d=mm&r=g","caption":"Comptoir National de l'Or"},"description":"Notre r\u00e9daction est constitu\u00e9e de membres experts dans les m\u00e9tiers de l'\u00e9conomie et la gestion, des Responsables d'agence Comptoir National de l'Or, des analystes financiers qui publient r\u00e9guli\u00e8rement des \u00e9tudes sur les politiques des banques centrales, le cours de l'or, prix de l'or, cours de l'argent, prix de l'argent, cours du platine, cours du palladium,... la situation en zone euro et l'impact de la strat\u00e9gie mon\u00e9taire de la FED. Notre \u00e9quipe scrute \u00e9galement une information plus g\u00e9n\u00e9raliste \u00e0 la recherche d'actualit\u00e9 \"p\u00e9pite\" \u00e0 vous partager. Depuis 5 ans, nous avons publi\u00e9 un peu plus de 4000 articles qui s'adressent \u00e0 un public large et vari\u00e9 ayant pour objectif de satisfaire votre curiosit\u00e9 et de partager avec vous une certaine fascination pour le m\u00e9tal jaune, le rachat d'or, et pour ceux qui veulent investir dans l'or, vendre leur or tout simplement en savoir plus... Pour tous vos achat or et argent, n'h\u00e9sitez pas \u00e0 prendre rendez-vous dans l'un de nos nombreux comptoirs.","sameAs":["https:\/\/www.gold.fr"]}]}},"authors":[{"term_id":2565,"user_id":18,"is_guest":0,"slug":"julie","display_name":"Comptoir National de l'Or","avatar_url":"https:\/\/secure.gravatar.com\/avatar\/713f289e398d35ead876c4a4cc08607f0d6d266058cfc25683fffb6092d0e572?s=96&d=mm&r=g","0":null,"1":"","2":"","3":"","4":"","5":"","6":"","7":"","8":""}],"_links":{"self":[{"href":"https:\/\/www.gold.fr\/news\/wp-json\/wp\/v2\/posts\/14296","targetHints":{"allow":["GET"]}}],"collection":[{"href":"https:\/\/www.gold.fr\/news\/wp-json\/wp\/v2\/posts"}],"about":[{"href":"https:\/\/www.gold.fr\/news\/wp-json\/wp\/v2\/types\/post"}],"author":[{"embeddable":true,"href":"https:\/\/www.gold.fr\/news\/wp-json\/wp\/v2\/users\/18"}],"replies":[{"embeddable":true,"href":"https:\/\/www.gold.fr\/news\/wp-json\/wp\/v2\/comments?post=14296"}],"version-history":[{"count":0,"href":"https:\/\/www.gold.fr\/news\/wp-json\/wp\/v2\/posts\/14296\/revisions"}],"wp:featuredmedia":[{"embeddable":true,"href":"https:\/\/www.gold.fr\/news\/wp-json\/wp\/v2\/media\/3762"}],"wp:attachment":[{"href":"https:\/\/www.gold.fr\/news\/wp-json\/wp\/v2\/media?parent=14296"}],"wp:term":[{"taxonomy":"category","embeddable":true,"href":"https:\/\/www.gold.fr\/news\/wp-json\/wp\/v2\/categories?post=14296"},{"taxonomy":"post_tag","embeddable":true,"href":"https:\/\/www.gold.fr\/news\/wp-json\/wp\/v2\/tags?post=14296"},{"taxonomy":"author","embeddable":true,"href":"https:\/\/www.gold.fr\/news\/wp-json\/wp\/v2\/ppma_author?post=14296"}],"curies":[{"name":"wp","href":"https:\/\/api.w.org\/{rel}","templated":true}]}}