{"id":14293,"date":"2014-03-31T17:00:05","date_gmt":"2014-03-31T15:00:05","guid":{"rendered":"https:\/\/www.gold.fr\/news\/?p=14293"},"modified":"2018-02-22T14:41:08","modified_gmt":"2018-02-22T13:41:08","slug":"une-semaine-baissiere-pour-lor-sur-fond-deuphorie-economique","status":"publish","type":"post","link":"https:\/\/www.gold.fr\/news\/2014\/03\/31\/une-semaine-baissiere-pour-lor-sur-fond-deuphorie-economique\/","title":{"rendered":"Une semaine baissi\u00e8re pour l&rsquo;or, sur fond d&rsquo;euphorie \u00e9conomique"},"content":{"rendered":"<p><img loading=\"lazy\" decoding=\"async\" class=\"alignleft size-thumbnail wp-image-3101\" title=\"Une semaine baissi\u00e8re pour l'or, sur fond d'euphorie \u00e9conomique\" src=\"https:\/\/www.gold.fr\/news\/wp-content\/uploads\/2011\/10\/cours-de-lor-25-octobre-150x150.jpg\" alt=\"\" width=\"150\" height=\"150\" \/><span style=\"font-size: small;\"><a title=\"Consolidation de l\u2019or, face au renforcement du dollar\" href=\"https:\/\/www.gold.fr\/news\/2014\/03\/28\/consolidation-de-lor-face-au-renforcement-du-dollar\/14274\/\" target=\"_blank\">la semaine derni\u00e8re aura \u00e9t\u00e9 celle de l&rsquo;\u00e9quilibre logique<\/a> et justifi\u00e9 entre conjoncture \u00e9conomique mondiale et <a title=\"Incertitude des march\u00e9s, sur fond de flou mondial g\u00e9n\u00e9ralis\u00e9\" href=\"https:\/\/www.gold.fr\/news\/2014\/03\/27\/incertitude-des-marches-sur-fond-de-flou-mondial-generalise\/14268\/\" target=\"_blank\">\u00e9volution des diff\u00e9rents march\u00e9s d&rsquo;investissement<\/a> et, plus particuli\u00e8rement, celui de l&rsquo;<a href='https:\/\/www.gold.fr\/news\/tags\/or' class='esk-seo-plu-link'>or<\/a>. Contrairement \u00e0 l&rsquo;\u00e9quilibre \u00e9trange des forces, constat\u00e9 durant le mois de f\u00e9vrier, cette fois-ci la reprise des devises et leurs \u00e9conomies respectives donnent naturellement lieu \u00e0 une baisse de r\u00e9gime des <a href='https:\/\/www.gold.fr\/news\/tags\/investissement' class='esk-seo-plu-link'>valeurs refuge<\/a>.<\/span>    <span style=\"font-size: small;\"> Pour les experts de <strong>Barclays Bourse<\/strong>, la joie des op\u00e9rateurs s&rsquo;explique surtout par les derniers d\u00e9veloppements en provenance de la plan\u00e8te \u00e9conomique asiatique, puisqu&rsquo;ils d\u00e9clarent que \u00ab\u00a0<em>les anticipations concernant des mesures de soutien \u00e0 l&rsquo;\u00e9conomie chinoise et japonaise participent \u00e0 entretenir la bonne humeur sur les march\u00e9s <a href='https:\/\/www.gold.fr\/news\/tags\/investissement' class='esk-seo-plu-link'>actions<\/a><\/em>\u00ab\u00a0.<\/span>    <span style=\"font-size: small;\"> De leur c\u00f4t\u00e9, les analystes de <strong>Saxo Banque<\/strong> justifient la baisse du march\u00e9 aurif\u00e8re par la conjoncture g\u00e9opolitique, rappelant que \u201c<em>cette tendance baissi\u00e8re s&rsquo;explique notamment par l&rsquo;assouplissement du conflit ukrainien d&rsquo;une part, et par les anticipations quant \u00e0 l&rsquo;arr\u00eat du programme de soutien \u00e0 l&rsquo;\u00e9conomie US de la part de la <strong>FED<\/strong> et ce, \u00e0 court terme<\/em>\u201d. D&rsquo;ailleurs, ils insistent bien sur le facteur <strong>FED<\/strong> en soulignant que <em>\u201c<strong>Janet Yellen<\/strong>, pr\u00e9sidente de la <strong>Fed<\/strong>, a m\u00eame laiss\u00e9 sous-entendre qu&rsquo;une remont\u00e9e des taux directeurs am\u00e9ricains n&rsquo;\u00e9tait pas \u00e0 exclure d&rsquo;ici \u00e0 la fin de l&rsquo;ann\u00e9e. Ces deux facteurs conjugu\u00e9s ont apport\u00e9 un peu d&rsquo;app\u00e9tit pour le risque de la part des op\u00e9rateurs, ces derniers ayant donc d\u00e9laiss\u00e9 provisoirement le <a href='https:\/\/www.gold.fr\/news\/tags\/or' class='esk-seo-plu-link'>m\u00e9tal jaune<\/a>, <a href='https:\/\/www.gold.fr\/news\/tags\/investissement' class='esk-seo-plu-link'>valeur refuge<\/a> par excellence<\/em>\u201d.<\/span><\/p>\n<!-- AddThis Advanced Settings generic via filter on the_content --><!-- AddThis Share Buttons generic via filter on the_content -->","protected":false},"excerpt":{"rendered":"<p>la semaine derni\u00e8re aura \u00e9t\u00e9 celle de l&rsquo;\u00e9quilibre logique et justifi\u00e9 entre conjoncture \u00e9conomique mondiale et \u00e9volution des diff\u00e9rents march\u00e9s d&rsquo;investissement et, plus particuli\u00e8rement, celui de l&rsquo;or. Contrairement \u00e0 l&rsquo;\u00e9quilibre \u00e9trange des forces, constat\u00e9 durant le [&hellip;]<\/p>\n","protected":false},"author":18,"featured_media":3101,"comment_status":"open","ping_status":"open","sticky":false,"template":"","format":"standard","meta":{"_mbp_gutenberg_autopost":false,"_pgmb_is_evergreen":false,"_pgmb_ap_template_id":0,"footnotes":""},"categories":[6],"tags":[1269,1000,144,1649,1810],"ppma_author":[2565],"class_list":["post-14293","post","type-post","status-publish","format-standard","has-post-thumbnail","hentry","category-articles-de-presse","tag-baisse-or","tag-economie","tag-fed","tag-marches","tag-yellen"],"yoast_head":"<!-- This site is optimized with the Yoast SEO plugin v27.5 - https:\/\/yoast.com\/product\/yoast-seo-wordpress\/ -->\n<title>Une semaine baissi\u00e8re pour l&#039;or, sur fond d&#039;euphorie \u00e9conomique - Gold.fr<\/title>\n<meta name=\"robots\" content=\"index, follow, max-snippet:-1, max-image-preview:large, max-video-preview:-1\" \/>\n<link rel=\"canonical\" href=\"https:\/\/www.gold.fr\/news\/2014\/03\/31\/une-semaine-baissiere-pour-lor-sur-fond-deuphorie-economique\/\" \/>\n<meta property=\"og:locale\" content=\"fr_FR\" \/>\n<meta property=\"og:type\" content=\"article\" \/>\n<meta property=\"og:title\" content=\"Une semaine baissi\u00e8re pour l&#039;or, sur fond d&#039;euphorie \u00e9conomique - Gold.fr\" \/>\n<meta property=\"og:description\" content=\"la semaine derni\u00e8re aura \u00e9t\u00e9 celle de l&rsquo;\u00e9quilibre logique et justifi\u00e9 entre conjoncture \u00e9conomique mondiale et \u00e9volution des diff\u00e9rents march\u00e9s d&rsquo;investissement et, plus particuli\u00e8rement, celui de l&rsquo;or. Contrairement \u00e0 l&rsquo;\u00e9quilibre \u00e9trange des forces, constat\u00e9 durant le [&hellip;]\" \/>\n<meta property=\"og:url\" content=\"https:\/\/www.gold.fr\/news\/2014\/03\/31\/une-semaine-baissiere-pour-lor-sur-fond-deuphorie-economique\/\" \/>\n<meta property=\"og:site_name\" content=\"Gold.fr\" \/>\n<meta property=\"article:publisher\" content=\"https:\/\/www.facebook.com\/Goldfr\/\" \/>\n<meta property=\"article:published_time\" content=\"2014-03-31T15:00:05+00:00\" \/>\n<meta property=\"article:modified_time\" content=\"2018-02-22T13:41:08+00:00\" \/>\n<meta property=\"og:image\" content=\"https:\/\/www.gold.fr\/news\/wp-content\/uploads\/2011\/10\/cours-de-lor-25-octobre-e1319617268629.jpg\" \/>\n\t<meta property=\"og:image:width\" content=\"600\" \/>\n\t<meta property=\"og:image:height\" content=\"448\" \/>\n\t<meta property=\"og:image:type\" content=\"image\/jpeg\" \/>\n<meta name=\"author\" content=\"Comptoir National de l&#039;Or\" \/>\n<meta name=\"twitter:card\" content=\"summary_large_image\" \/>\n<meta name=\"twitter:label1\" content=\"\u00c9crit par\" \/>\n\t<meta name=\"twitter:data1\" content=\"Comptoir National de l&#039;Or\" \/>\n\t<meta name=\"twitter:label2\" content=\"Dur\u00e9e de lecture estim\u00e9e\" \/>\n\t<meta name=\"twitter:data2\" content=\"1 minute\" \/>\n<script type=\"application\/ld+json\" class=\"yoast-schema-graph\">{\"@context\":\"https:\\\/\\\/schema.org\",\"@graph\":[{\"@type\":\"Article\",\"@id\":\"https:\\\/\\\/www.gold.fr\\\/news\\\/2014\\\/03\\\/31\\\/une-semaine-baissiere-pour-lor-sur-fond-deuphorie-economique\\\/#article\",\"isPartOf\":{\"@id\":\"https:\\\/\\\/www.gold.fr\\\/news\\\/2014\\\/03\\\/31\\\/une-semaine-baissiere-pour-lor-sur-fond-deuphorie-economique\\\/\"},\"author\":{\"name\":\"Comptoir National de l'Or\",\"@id\":\"https:\\\/\\\/www.gold.fr\\\/news\\\/#\\\/schema\\\/person\\\/070491b4b4fb7671bf59b3be20302ce9\"},\"headline\":\"Une semaine baissi\u00e8re pour l&rsquo;or, sur fond d&rsquo;euphorie \u00e9conomique\",\"datePublished\":\"2014-03-31T15:00:05+00:00\",\"dateModified\":\"2018-02-22T13:41:08+00:00\",\"mainEntityOfPage\":{\"@id\":\"https:\\\/\\\/www.gold.fr\\\/news\\\/2014\\\/03\\\/31\\\/une-semaine-baissiere-pour-lor-sur-fond-deuphorie-economique\\\/\"},\"wordCount\":279,\"commentCount\":0,\"image\":{\"@id\":\"https:\\\/\\\/www.gold.fr\\\/news\\\/2014\\\/03\\\/31\\\/une-semaine-baissiere-pour-lor-sur-fond-deuphorie-economique\\\/#primaryimage\"},\"thumbnailUrl\":\"https:\\\/\\\/www.gold.fr\\\/news\\\/wp-content\\\/uploads\\\/2011\\\/10\\\/cours-de-lor-25-octobre-e1319617268629.jpg\",\"keywords\":[\"baisse or\",\"\u00e9conomie\",\"fed\",\"march\u00e9s\",\"yellen\"],\"articleSection\":[\"Articles de presse\"],\"inLanguage\":\"fr-FR\"},{\"@type\":\"WebPage\",\"@id\":\"https:\\\/\\\/www.gold.fr\\\/news\\\/2014\\\/03\\\/31\\\/une-semaine-baissiere-pour-lor-sur-fond-deuphorie-economique\\\/\",\"url\":\"https:\\\/\\\/www.gold.fr\\\/news\\\/2014\\\/03\\\/31\\\/une-semaine-baissiere-pour-lor-sur-fond-deuphorie-economique\\\/\",\"name\":\"Une semaine baissi\u00e8re pour l'or, sur fond d'euphorie \u00e9conomique - Gold.fr\",\"isPartOf\":{\"@id\":\"https:\\\/\\\/www.gold.fr\\\/news\\\/#website\"},\"primaryImageOfPage\":{\"@id\":\"https:\\\/\\\/www.gold.fr\\\/news\\\/2014\\\/03\\\/31\\\/une-semaine-baissiere-pour-lor-sur-fond-deuphorie-economique\\\/#primaryimage\"},\"image\":{\"@id\":\"https:\\\/\\\/www.gold.fr\\\/news\\\/2014\\\/03\\\/31\\\/une-semaine-baissiere-pour-lor-sur-fond-deuphorie-economique\\\/#primaryimage\"},\"thumbnailUrl\":\"https:\\\/\\\/www.gold.fr\\\/news\\\/wp-content\\\/uploads\\\/2011\\\/10\\\/cours-de-lor-25-octobre-e1319617268629.jpg\",\"datePublished\":\"2014-03-31T15:00:05+00:00\",\"dateModified\":\"2018-02-22T13:41:08+00:00\",\"author\":{\"@id\":\"https:\\\/\\\/www.gold.fr\\\/news\\\/#\\\/schema\\\/person\\\/070491b4b4fb7671bf59b3be20302ce9\"},\"breadcrumb\":{\"@id\":\"https:\\\/\\\/www.gold.fr\\\/news\\\/2014\\\/03\\\/31\\\/une-semaine-baissiere-pour-lor-sur-fond-deuphorie-economique\\\/#breadcrumb\"},\"inLanguage\":\"fr-FR\",\"potentialAction\":[{\"@type\":\"ReadAction\",\"target\":[\"https:\\\/\\\/www.gold.fr\\\/news\\\/2014\\\/03\\\/31\\\/une-semaine-baissiere-pour-lor-sur-fond-deuphorie-economique\\\/\"]}]},{\"@type\":\"ImageObject\",\"inLanguage\":\"fr-FR\",\"@id\":\"https:\\\/\\\/www.gold.fr\\\/news\\\/2014\\\/03\\\/31\\\/une-semaine-baissiere-pour-lor-sur-fond-deuphorie-economique\\\/#primaryimage\",\"url\":\"https:\\\/\\\/www.gold.fr\\\/news\\\/wp-content\\\/uploads\\\/2011\\\/10\\\/cours-de-lor-25-octobre-e1319617268629.jpg\",\"contentUrl\":\"https:\\\/\\\/www.gold.fr\\\/news\\\/wp-content\\\/uploads\\\/2011\\\/10\\\/cours-de-lor-25-octobre-e1319617268629.jpg\",\"width\":\"600\",\"height\":\"448\",\"caption\":\"L\u2019once reprend sa progression face \u00e0 un march\u00e9 stable\"},{\"@type\":\"BreadcrumbList\",\"@id\":\"https:\\\/\\\/www.gold.fr\\\/news\\\/2014\\\/03\\\/31\\\/une-semaine-baissiere-pour-lor-sur-fond-deuphorie-economique\\\/#breadcrumb\",\"itemListElement\":[{\"@type\":\"ListItem\",\"position\":1,\"name\":\"Accueil\",\"item\":\"https:\\\/\\\/www.gold.fr\\\/\"},{\"@type\":\"ListItem\",\"position\":2,\"name\":\"Actualit\u00e9s\",\"item\":\"https:\\\/\\\/www.gold.fr\\\/news\\\/\"},{\"@type\":\"ListItem\",\"position\":3,\"name\":\"Une semaine baissi\u00e8re pour l&rsquo;or, sur fond d&rsquo;euphorie \u00e9conomique\"}]},{\"@type\":\"WebSite\",\"@id\":\"https:\\\/\\\/www.gold.fr\\\/news\\\/#website\",\"url\":\"https:\\\/\\\/www.gold.fr\\\/news\\\/\",\"name\":\"Gold.fr\",\"description\":\"Actualit\u00e9s de l&#039;Or et des m\u00e9taux pr\u00e9cieux\",\"potentialAction\":[{\"@type\":\"SearchAction\",\"target\":{\"@type\":\"EntryPoint\",\"urlTemplate\":\"https:\\\/\\\/www.gold.fr\\\/news\\\/?s={search_term_string}\"},\"query-input\":{\"@type\":\"PropertyValueSpecification\",\"valueRequired\":true,\"valueName\":\"search_term_string\"}}],\"inLanguage\":\"fr-FR\"},{\"@type\":\"Person\",\"@id\":\"https:\\\/\\\/www.gold.fr\\\/news\\\/#\\\/schema\\\/person\\\/070491b4b4fb7671bf59b3be20302ce9\",\"name\":\"Comptoir National de l'Or\",\"image\":{\"@type\":\"ImageObject\",\"inLanguage\":\"fr-FR\",\"@id\":\"https:\\\/\\\/secure.gravatar.com\\\/avatar\\\/0a2867fd5abe37bed95d5a65e9d58f01756e11efc68af9888dfc50cfa7f65948?s=96&d=mm&r=gb490554db0a38188709de567aa58480d\",\"url\":\"https:\\\/\\\/secure.gravatar.com\\\/avatar\\\/0a2867fd5abe37bed95d5a65e9d58f01756e11efc68af9888dfc50cfa7f65948?s=96&d=mm&r=g\",\"contentUrl\":\"https:\\\/\\\/secure.gravatar.com\\\/avatar\\\/0a2867fd5abe37bed95d5a65e9d58f01756e11efc68af9888dfc50cfa7f65948?s=96&d=mm&r=g\",\"caption\":\"Comptoir National de l'Or\"},\"description\":\"Notre r\u00e9daction est constitu\u00e9e de membres experts dans les m\u00e9tiers de l'\u00e9conomie et la gestion, des Responsables d'agence Comptoir National de l'Or, des analystes financiers qui publient r\u00e9guli\u00e8rement des \u00e9tudes sur les politiques des banques centrales, le cours de l'or, prix de l'or, cours de l'argent, prix de l'argent, cours du platine, cours du palladium,... la situation en zone euro et l'impact de la strat\u00e9gie mon\u00e9taire de la FED. Notre \u00e9quipe scrute \u00e9galement une information plus g\u00e9n\u00e9raliste \u00e0 la recherche d'actualit\u00e9 \\\"p\u00e9pite\\\" \u00e0 vous partager. Depuis 5 ans, nous avons publi\u00e9 un peu plus de 4000 articles qui s'adressent \u00e0 un public large et vari\u00e9 ayant pour objectif de satisfaire votre curiosit\u00e9 et de partager avec vous une certaine fascination pour le m\u00e9tal jaune, le rachat d'or, et pour ceux qui veulent investir dans l'or, vendre leur or tout simplement en savoir plus... Pour tous vos achat or et argent, n'h\u00e9sitez pas \u00e0 prendre rendez-vous dans l'un de nos nombreux comptoirs.\",\"sameAs\":[\"https:\\\/\\\/www.gold.fr\"]}]}<\/script>\n<!-- \/ Yoast SEO plugin. -->","yoast_head_json":{"title":"Une semaine baissi\u00e8re pour l'or, sur fond d'euphorie \u00e9conomique - Gold.fr","robots":{"index":"index","follow":"follow","max-snippet":"max-snippet:-1","max-image-preview":"max-image-preview:large","max-video-preview":"max-video-preview:-1"},"canonical":"https:\/\/www.gold.fr\/news\/2014\/03\/31\/une-semaine-baissiere-pour-lor-sur-fond-deuphorie-economique\/","og_locale":"fr_FR","og_type":"article","og_title":"Une semaine baissi\u00e8re pour l'or, sur fond d'euphorie \u00e9conomique - Gold.fr","og_description":"la semaine derni\u00e8re aura \u00e9t\u00e9 celle de l&rsquo;\u00e9quilibre logique et justifi\u00e9 entre conjoncture \u00e9conomique mondiale et \u00e9volution des diff\u00e9rents march\u00e9s d&rsquo;investissement et, plus particuli\u00e8rement, celui de l&rsquo;or. Contrairement \u00e0 l&rsquo;\u00e9quilibre \u00e9trange des forces, constat\u00e9 durant le [&hellip;]","og_url":"https:\/\/www.gold.fr\/news\/2014\/03\/31\/une-semaine-baissiere-pour-lor-sur-fond-deuphorie-economique\/","og_site_name":"Gold.fr","article_publisher":"https:\/\/www.facebook.com\/Goldfr\/","article_published_time":"2014-03-31T15:00:05+00:00","article_modified_time":"2018-02-22T13:41:08+00:00","og_image":[{"width":600,"height":448,"url":"https:\/\/www.gold.fr\/news\/wp-content\/uploads\/2011\/10\/cours-de-lor-25-octobre-e1319617268629.jpg","type":"image\/jpeg"}],"author":"Comptoir National de l'Or","twitter_card":"summary_large_image","twitter_misc":{"\u00c9crit par":"Comptoir National de l'Or","Dur\u00e9e de lecture estim\u00e9e":"1 minute"},"schema":{"@context":"https:\/\/schema.org","@graph":[{"@type":"Article","@id":"https:\/\/www.gold.fr\/news\/2014\/03\/31\/une-semaine-baissiere-pour-lor-sur-fond-deuphorie-economique\/#article","isPartOf":{"@id":"https:\/\/www.gold.fr\/news\/2014\/03\/31\/une-semaine-baissiere-pour-lor-sur-fond-deuphorie-economique\/"},"author":{"name":"Comptoir National de l'Or","@id":"https:\/\/www.gold.fr\/news\/#\/schema\/person\/070491b4b4fb7671bf59b3be20302ce9"},"headline":"Une semaine baissi\u00e8re pour l&rsquo;or, sur fond d&rsquo;euphorie \u00e9conomique","datePublished":"2014-03-31T15:00:05+00:00","dateModified":"2018-02-22T13:41:08+00:00","mainEntityOfPage":{"@id":"https:\/\/www.gold.fr\/news\/2014\/03\/31\/une-semaine-baissiere-pour-lor-sur-fond-deuphorie-economique\/"},"wordCount":279,"commentCount":0,"image":{"@id":"https:\/\/www.gold.fr\/news\/2014\/03\/31\/une-semaine-baissiere-pour-lor-sur-fond-deuphorie-economique\/#primaryimage"},"thumbnailUrl":"https:\/\/www.gold.fr\/news\/wp-content\/uploads\/2011\/10\/cours-de-lor-25-octobre-e1319617268629.jpg","keywords":["baisse or","\u00e9conomie","fed","march\u00e9s","yellen"],"articleSection":["Articles de presse"],"inLanguage":"fr-FR"},{"@type":"WebPage","@id":"https:\/\/www.gold.fr\/news\/2014\/03\/31\/une-semaine-baissiere-pour-lor-sur-fond-deuphorie-economique\/","url":"https:\/\/www.gold.fr\/news\/2014\/03\/31\/une-semaine-baissiere-pour-lor-sur-fond-deuphorie-economique\/","name":"Une semaine baissi\u00e8re pour l'or, sur fond d'euphorie \u00e9conomique - Gold.fr","isPartOf":{"@id":"https:\/\/www.gold.fr\/news\/#website"},"primaryImageOfPage":{"@id":"https:\/\/www.gold.fr\/news\/2014\/03\/31\/une-semaine-baissiere-pour-lor-sur-fond-deuphorie-economique\/#primaryimage"},"image":{"@id":"https:\/\/www.gold.fr\/news\/2014\/03\/31\/une-semaine-baissiere-pour-lor-sur-fond-deuphorie-economique\/#primaryimage"},"thumbnailUrl":"https:\/\/www.gold.fr\/news\/wp-content\/uploads\/2011\/10\/cours-de-lor-25-octobre-e1319617268629.jpg","datePublished":"2014-03-31T15:00:05+00:00","dateModified":"2018-02-22T13:41:08+00:00","author":{"@id":"https:\/\/www.gold.fr\/news\/#\/schema\/person\/070491b4b4fb7671bf59b3be20302ce9"},"breadcrumb":{"@id":"https:\/\/www.gold.fr\/news\/2014\/03\/31\/une-semaine-baissiere-pour-lor-sur-fond-deuphorie-economique\/#breadcrumb"},"inLanguage":"fr-FR","potentialAction":[{"@type":"ReadAction","target":["https:\/\/www.gold.fr\/news\/2014\/03\/31\/une-semaine-baissiere-pour-lor-sur-fond-deuphorie-economique\/"]}]},{"@type":"ImageObject","inLanguage":"fr-FR","@id":"https:\/\/www.gold.fr\/news\/2014\/03\/31\/une-semaine-baissiere-pour-lor-sur-fond-deuphorie-economique\/#primaryimage","url":"https:\/\/www.gold.fr\/news\/wp-content\/uploads\/2011\/10\/cours-de-lor-25-octobre-e1319617268629.jpg","contentUrl":"https:\/\/www.gold.fr\/news\/wp-content\/uploads\/2011\/10\/cours-de-lor-25-octobre-e1319617268629.jpg","width":"600","height":"448","caption":"L\u2019once reprend sa progression face \u00e0 un march\u00e9 stable"},{"@type":"BreadcrumbList","@id":"https:\/\/www.gold.fr\/news\/2014\/03\/31\/une-semaine-baissiere-pour-lor-sur-fond-deuphorie-economique\/#breadcrumb","itemListElement":[{"@type":"ListItem","position":1,"name":"Accueil","item":"https:\/\/www.gold.fr\/"},{"@type":"ListItem","position":2,"name":"Actualit\u00e9s","item":"https:\/\/www.gold.fr\/news\/"},{"@type":"ListItem","position":3,"name":"Une semaine baissi\u00e8re pour l&rsquo;or, sur fond d&rsquo;euphorie \u00e9conomique"}]},{"@type":"WebSite","@id":"https:\/\/www.gold.fr\/news\/#website","url":"https:\/\/www.gold.fr\/news\/","name":"Gold.fr","description":"Actualit\u00e9s de l&#039;Or et des m\u00e9taux pr\u00e9cieux","potentialAction":[{"@type":"SearchAction","target":{"@type":"EntryPoint","urlTemplate":"https:\/\/www.gold.fr\/news\/?s={search_term_string}"},"query-input":{"@type":"PropertyValueSpecification","valueRequired":true,"valueName":"search_term_string"}}],"inLanguage":"fr-FR"},{"@type":"Person","@id":"https:\/\/www.gold.fr\/news\/#\/schema\/person\/070491b4b4fb7671bf59b3be20302ce9","name":"Comptoir National de l'Or","image":{"@type":"ImageObject","inLanguage":"fr-FR","@id":"https:\/\/secure.gravatar.com\/avatar\/0a2867fd5abe37bed95d5a65e9d58f01756e11efc68af9888dfc50cfa7f65948?s=96&d=mm&r=gb490554db0a38188709de567aa58480d","url":"https:\/\/secure.gravatar.com\/avatar\/0a2867fd5abe37bed95d5a65e9d58f01756e11efc68af9888dfc50cfa7f65948?s=96&d=mm&r=g","contentUrl":"https:\/\/secure.gravatar.com\/avatar\/0a2867fd5abe37bed95d5a65e9d58f01756e11efc68af9888dfc50cfa7f65948?s=96&d=mm&r=g","caption":"Comptoir National de l'Or"},"description":"Notre r\u00e9daction est constitu\u00e9e de membres experts dans les m\u00e9tiers de l'\u00e9conomie et la gestion, des Responsables d'agence Comptoir National de l'Or, des analystes financiers qui publient r\u00e9guli\u00e8rement des \u00e9tudes sur les politiques des banques centrales, le cours de l'or, prix de l'or, cours de l'argent, prix de l'argent, cours du platine, cours du palladium,... la situation en zone euro et l'impact de la strat\u00e9gie mon\u00e9taire de la FED. Notre \u00e9quipe scrute \u00e9galement une information plus g\u00e9n\u00e9raliste \u00e0 la recherche d'actualit\u00e9 \"p\u00e9pite\" \u00e0 vous partager. Depuis 5 ans, nous avons publi\u00e9 un peu plus de 4000 articles qui s'adressent \u00e0 un public large et vari\u00e9 ayant pour objectif de satisfaire votre curiosit\u00e9 et de partager avec vous une certaine fascination pour le m\u00e9tal jaune, le rachat d'or, et pour ceux qui veulent investir dans l'or, vendre leur or tout simplement en savoir plus... Pour tous vos achat or et argent, n'h\u00e9sitez pas \u00e0 prendre rendez-vous dans l'un de nos nombreux comptoirs.","sameAs":["https:\/\/www.gold.fr"]}]}},"authors":[{"term_id":2565,"user_id":18,"is_guest":0,"slug":"julie","display_name":"Comptoir National de l'Or","avatar_url":"https:\/\/secure.gravatar.com\/avatar\/713f289e398d35ead876c4a4cc08607f0d6d266058cfc25683fffb6092d0e572?s=96&d=mm&r=g","0":null,"1":"","2":"","3":"","4":"","5":"","6":"","7":"","8":""}],"_links":{"self":[{"href":"https:\/\/www.gold.fr\/news\/wp-json\/wp\/v2\/posts\/14293","targetHints":{"allow":["GET"]}}],"collection":[{"href":"https:\/\/www.gold.fr\/news\/wp-json\/wp\/v2\/posts"}],"about":[{"href":"https:\/\/www.gold.fr\/news\/wp-json\/wp\/v2\/types\/post"}],"author":[{"embeddable":true,"href":"https:\/\/www.gold.fr\/news\/wp-json\/wp\/v2\/users\/18"}],"replies":[{"embeddable":true,"href":"https:\/\/www.gold.fr\/news\/wp-json\/wp\/v2\/comments?post=14293"}],"version-history":[{"count":0,"href":"https:\/\/www.gold.fr\/news\/wp-json\/wp\/v2\/posts\/14293\/revisions"}],"wp:featuredmedia":[{"embeddable":true,"href":"https:\/\/www.gold.fr\/news\/wp-json\/wp\/v2\/media\/3101"}],"wp:attachment":[{"href":"https:\/\/www.gold.fr\/news\/wp-json\/wp\/v2\/media?parent=14293"}],"wp:term":[{"taxonomy":"category","embeddable":true,"href":"https:\/\/www.gold.fr\/news\/wp-json\/wp\/v2\/categories?post=14293"},{"taxonomy":"post_tag","embeddable":true,"href":"https:\/\/www.gold.fr\/news\/wp-json\/wp\/v2\/tags?post=14293"},{"taxonomy":"author","embeddable":true,"href":"https:\/\/www.gold.fr\/news\/wp-json\/wp\/v2\/ppma_author?post=14293"}],"curies":[{"name":"wp","href":"https:\/\/api.w.org\/{rel}","templated":true}]}}