{"id":14277,"date":"2014-03-28T17:00:21","date_gmt":"2014-03-28T16:00:21","guid":{"rendered":"https:\/\/www.gold.fr\/news\/?p=14277"},"modified":"2019-08-22T11:53:51","modified_gmt":"2019-08-22T09:53:51","slug":"lor-termine-la-semaine-en-dessous-des-1-300-dollars","status":"publish","type":"post","link":"https:\/\/www.gold.fr\/news\/2014\/03\/28\/lor-termine-la-semaine-en-dessous-des-1-300-dollars\/","title":{"rendered":"L&rsquo;or termine la semaine en dessous des 1 300 dollars"},"content":{"rendered":"<p><span style=\"font-size: small;\"><img loading=\"lazy\" decoding=\"async\" class=\"alignleft size-thumbnail wp-image-2944\" title=\"L'or termine la semaine en dessous des 1 300 dollars\" src=\"https:\/\/www.gold.fr\/news\/wp-content\/uploads\/2011\/10\/euro-or-150x150.jpg\" alt=\"\" width=\"150\" height=\"150\" \/>Le march\u00e9 aurif\u00e8re aura connu l&rsquo;une des semaines les plus mouvement\u00e9es de ce premier trimestre <strong>2014<\/strong>, avec une avalanche de facteurs infligeant une pression purement baissi\u00e8re sur l&rsquo;ensemble des march\u00e9s financiers, mais bien plus particuli\u00e8rement sur le march\u00e9 aurif\u00e8re.<\/span> <span style=\"font-size: small;\">Et force est d&rsquo;admettre que la r\u00e9cente reprise de la devise am\u00e9ricaine demeure la justification la plus solide et pertinente de cette vague de consolidation du march\u00e9 de l&rsquo;<a class=\"esk-seo-plu-link\" href=\"https:\/\/www.gold.fr\/news\/tags\/or\">or<\/a>, m\u00eame si bon nombre d&rsquo;observateurs et experts n&rsquo;excluent pas non plus le calme relatif qui r\u00e8gne actuellement sur les fronti\u00e8res <strong>russo-ukrainiennes<\/strong>, arguant que \u00ab <em>une partie du mouvement de baisse a \u00e9t\u00e9 attribu\u00e9e \u00e0 l&rsquo;apaisement des tensions entre la Russie et l&rsquo;Ouest, ce qui a tari la demande de <a class=\"esk-seo-plu-link\" href=\"https:\/\/www.gold.fr\/news\/tags\/investissement\">valeur refuge<\/a><\/em> \u00bb.<\/span> <span style=\"font-size: small;\">Mais c&rsquo;est surtout le r\u00e9veil tardif du dollar, en fin de semaine, qui a eu pour effet de pr\u00e9cipiter et approfondir le repli du <a class=\"esk-seo-plu-link\" href=\"https:\/\/www.gold.fr\/news\/tags\/or\">m\u00e9tal jaune<\/a>, dans la mesure o\u00f9 le billet vert demeure indiscutablement \u00ab <em>la principale devise de n\u00e9goce de l&rsquo;<a class=\"esk-seo-plu-link\" href=\"https:\/\/www.gold.fr\/news\/tags\/or\">or<\/a> dans le monde<\/em> \u00bb.<\/span> <span style=\"font-size: small;\">Pour les analystes de ScotiaMocatta, l&rsquo;<a class=\"esk-seo-plu-link\" href=\"https:\/\/www.gold.fr\/news\/tags\/or\">or<\/a> se trouve actuellement \u00e0 une \u00ab <em>dangereuse proximit\u00e9 avec sa moyenne mobile \u00e0 <strong>200<\/strong> jours, vers <strong>1.296 <a class=\"esk-seo-plu-link\" href=\"https:\/\/www.gold.fr\/news\/tags\/investissement\">dollars<\/a><\/strong><\/em> \u00bb. Ils pr\u00e9voient donc que, pour la derni\u00e8re s\u00e9ance de la semaine (mais aussi du mois de mars, et du premier trimestre <strong>2014<\/strong>), \u00ab <em>une cl\u00f4ture sous les <strong>1.296<\/strong> ouvrirait la voie au d\u00e9clenchement d&rsquo;ordres pr\u00e9positionn\u00e9s (stop loss), et elle mettrait \u00e9galement fin \u00e0 notre vision haussi\u00e8re \u00e0 long terme du cours du <a class=\"esk-seo-plu-link\" href=\"https:\/\/www.gold.fr\/news\/tags\/or\">m\u00e9tal jaune<\/a><\/em> \u00bb.<\/span><\/p>\n<!-- AddThis Advanced Settings generic via filter on the_content --><!-- AddThis Share Buttons generic via filter on the_content -->","protected":false},"excerpt":{"rendered":"<p>Le march\u00e9 aurif\u00e8re aura connu l&rsquo;une des semaines les plus mouvement\u00e9es de ce premier trimestre 2014, avec une avalanche de facteurs infligeant une pression purement baissi\u00e8re sur l&rsquo;ensemble des march\u00e9s financiers, mais bien plus particuli\u00e8rement sur [&hellip;]<\/p>\n","protected":false},"author":18,"featured_media":2944,"comment_status":"open","ping_status":"open","sticky":false,"template":"","format":"standard","meta":{"_mbp_gutenberg_autopost":false,"_pgmb_is_evergreen":false,"_pgmb_ap_template_id":0,"footnotes":""},"categories":[6],"tags":[530,84,1815],"ppma_author":[2565],"class_list":["post-14277","post","type-post","status-publish","format-standard","has-post-thumbnail","hentry","category-articles-de-presse","tag-russie","tag-cours-de-lor","tag-ukrainie"],"yoast_head":"<!-- This site is optimized with the Yoast SEO plugin v27.5 - https:\/\/yoast.com\/product\/yoast-seo-wordpress\/ -->\n<title>L&#039;or termine la semaine en dessous des 1 300 dollars - Gold.fr<\/title>\n<meta name=\"description\" content=\"Le march\u00e9 aurif\u00e8re aura connu l\u2019une des semaines les plus mouvement\u00e9es de ce premier trimestre 2014, avec une avalanche de facteurs infligeant une pression\" \/>\n<meta name=\"robots\" content=\"index, follow, max-snippet:-1, max-image-preview:large, max-video-preview:-1\" \/>\n<link rel=\"canonical\" href=\"https:\/\/www.gold.fr\/news\/2014\/03\/28\/lor-termine-la-semaine-en-dessous-des-1-300-dollars\/\" \/>\n<meta property=\"og:locale\" content=\"fr_FR\" \/>\n<meta property=\"og:type\" content=\"article\" \/>\n<meta property=\"og:title\" content=\"L&#039;or termine la semaine en dessous des 1 300 dollars - Gold.fr\" \/>\n<meta property=\"og:description\" content=\"Le march\u00e9 aurif\u00e8re aura connu l\u2019une des semaines les plus mouvement\u00e9es de ce premier trimestre 2014, avec une avalanche de facteurs infligeant une pression\" \/>\n<meta property=\"og:url\" content=\"https:\/\/www.gold.fr\/news\/2014\/03\/28\/lor-termine-la-semaine-en-dessous-des-1-300-dollars\/\" \/>\n<meta property=\"og:site_name\" content=\"Gold.fr\" \/>\n<meta property=\"article:publisher\" content=\"https:\/\/www.facebook.com\/Goldfr\/\" \/>\n<meta property=\"article:published_time\" content=\"2014-03-28T16:00:21+00:00\" \/>\n<meta property=\"article:modified_time\" content=\"2019-08-22T09:53:51+00:00\" \/>\n<meta property=\"og:image\" content=\"https:\/\/www.gold.fr\/news\/wp-content\/uploads\/2011\/10\/euro-or.jpg\" \/>\n\t<meta property=\"og:image:width\" content=\"600\" \/>\n\t<meta property=\"og:image:height\" content=\"489\" \/>\n\t<meta property=\"og:image:type\" content=\"image\/jpeg\" \/>\n<meta name=\"author\" content=\"Comptoir National de l&#039;Or\" \/>\n<meta name=\"twitter:card\" content=\"summary_large_image\" \/>\n<meta name=\"twitter:label1\" content=\"\u00c9crit par\" \/>\n\t<meta name=\"twitter:data1\" content=\"Comptoir National de l&#039;Or\" \/>\n\t<meta name=\"twitter:label2\" content=\"Dur\u00e9e de lecture estim\u00e9e\" \/>\n\t<meta name=\"twitter:data2\" content=\"1 minute\" \/>\n<script type=\"application\/ld+json\" class=\"yoast-schema-graph\">{\"@context\":\"https:\\\/\\\/schema.org\",\"@graph\":[{\"@type\":\"Article\",\"@id\":\"https:\\\/\\\/www.gold.fr\\\/news\\\/2014\\\/03\\\/28\\\/lor-termine-la-semaine-en-dessous-des-1-300-dollars\\\/#article\",\"isPartOf\":{\"@id\":\"https:\\\/\\\/www.gold.fr\\\/news\\\/2014\\\/03\\\/28\\\/lor-termine-la-semaine-en-dessous-des-1-300-dollars\\\/\"},\"author\":{\"name\":\"Comptoir National de l'Or\",\"@id\":\"https:\\\/\\\/www.gold.fr\\\/news\\\/#\\\/schema\\\/person\\\/070491b4b4fb7671bf59b3be20302ce9\"},\"headline\":\"L&rsquo;or termine la semaine en dessous des 1 300 dollars\",\"datePublished\":\"2014-03-28T16:00:21+00:00\",\"dateModified\":\"2019-08-22T09:53:51+00:00\",\"mainEntityOfPage\":{\"@id\":\"https:\\\/\\\/www.gold.fr\\\/news\\\/2014\\\/03\\\/28\\\/lor-termine-la-semaine-en-dessous-des-1-300-dollars\\\/\"},\"wordCount\":275,\"commentCount\":0,\"image\":{\"@id\":\"https:\\\/\\\/www.gold.fr\\\/news\\\/2014\\\/03\\\/28\\\/lor-termine-la-semaine-en-dessous-des-1-300-dollars\\\/#primaryimage\"},\"thumbnailUrl\":\"https:\\\/\\\/www.gold.fr\\\/news\\\/wp-content\\\/uploads\\\/2011\\\/10\\\/euro-or.jpg\",\"keywords\":[\"russie\",\"Tout Cours de l'Or\",\"ukrainie\"],\"articleSection\":[\"Articles de presse\"],\"inLanguage\":\"fr-FR\"},{\"@type\":\"WebPage\",\"@id\":\"https:\\\/\\\/www.gold.fr\\\/news\\\/2014\\\/03\\\/28\\\/lor-termine-la-semaine-en-dessous-des-1-300-dollars\\\/\",\"url\":\"https:\\\/\\\/www.gold.fr\\\/news\\\/2014\\\/03\\\/28\\\/lor-termine-la-semaine-en-dessous-des-1-300-dollars\\\/\",\"name\":\"L'or termine la semaine en dessous des 1 300 dollars - Gold.fr\",\"isPartOf\":{\"@id\":\"https:\\\/\\\/www.gold.fr\\\/news\\\/#website\"},\"primaryImageOfPage\":{\"@id\":\"https:\\\/\\\/www.gold.fr\\\/news\\\/2014\\\/03\\\/28\\\/lor-termine-la-semaine-en-dessous-des-1-300-dollars\\\/#primaryimage\"},\"image\":{\"@id\":\"https:\\\/\\\/www.gold.fr\\\/news\\\/2014\\\/03\\\/28\\\/lor-termine-la-semaine-en-dessous-des-1-300-dollars\\\/#primaryimage\"},\"thumbnailUrl\":\"https:\\\/\\\/www.gold.fr\\\/news\\\/wp-content\\\/uploads\\\/2011\\\/10\\\/euro-or.jpg\",\"datePublished\":\"2014-03-28T16:00:21+00:00\",\"dateModified\":\"2019-08-22T09:53:51+00:00\",\"author\":{\"@id\":\"https:\\\/\\\/www.gold.fr\\\/news\\\/#\\\/schema\\\/person\\\/070491b4b4fb7671bf59b3be20302ce9\"},\"description\":\"Le march\u00e9 aurif\u00e8re aura connu l\u2019une des semaines les plus mouvement\u00e9es de ce premier trimestre 2014, avec une avalanche de facteurs infligeant une pression\",\"breadcrumb\":{\"@id\":\"https:\\\/\\\/www.gold.fr\\\/news\\\/2014\\\/03\\\/28\\\/lor-termine-la-semaine-en-dessous-des-1-300-dollars\\\/#breadcrumb\"},\"inLanguage\":\"fr-FR\",\"potentialAction\":[{\"@type\":\"ReadAction\",\"target\":[\"https:\\\/\\\/www.gold.fr\\\/news\\\/2014\\\/03\\\/28\\\/lor-termine-la-semaine-en-dessous-des-1-300-dollars\\\/\"]}]},{\"@type\":\"ImageObject\",\"inLanguage\":\"fr-FR\",\"@id\":\"https:\\\/\\\/www.gold.fr\\\/news\\\/2014\\\/03\\\/28\\\/lor-termine-la-semaine-en-dessous-des-1-300-dollars\\\/#primaryimage\",\"url\":\"https:\\\/\\\/www.gold.fr\\\/news\\\/wp-content\\\/uploads\\\/2011\\\/10\\\/euro-or.jpg\",\"contentUrl\":\"https:\\\/\\\/www.gold.fr\\\/news\\\/wp-content\\\/uploads\\\/2011\\\/10\\\/euro-or.jpg\",\"width\":\"600\",\"height\":\"489\",\"caption\":\"L'or stabilise, l'issue juridique de l'OMT en vue\"},{\"@type\":\"BreadcrumbList\",\"@id\":\"https:\\\/\\\/www.gold.fr\\\/news\\\/2014\\\/03\\\/28\\\/lor-termine-la-semaine-en-dessous-des-1-300-dollars\\\/#breadcrumb\",\"itemListElement\":[{\"@type\":\"ListItem\",\"position\":1,\"name\":\"Accueil\",\"item\":\"https:\\\/\\\/www.gold.fr\\\/\"},{\"@type\":\"ListItem\",\"position\":2,\"name\":\"Actualit\u00e9s\",\"item\":\"https:\\\/\\\/www.gold.fr\\\/news\\\/\"},{\"@type\":\"ListItem\",\"position\":3,\"name\":\"L&rsquo;or termine la semaine en dessous des 1 300 dollars\"}]},{\"@type\":\"WebSite\",\"@id\":\"https:\\\/\\\/www.gold.fr\\\/news\\\/#website\",\"url\":\"https:\\\/\\\/www.gold.fr\\\/news\\\/\",\"name\":\"Gold.fr\",\"description\":\"Actualit\u00e9s de l&#039;Or et des m\u00e9taux pr\u00e9cieux\",\"potentialAction\":[{\"@type\":\"SearchAction\",\"target\":{\"@type\":\"EntryPoint\",\"urlTemplate\":\"https:\\\/\\\/www.gold.fr\\\/news\\\/?s={search_term_string}\"},\"query-input\":{\"@type\":\"PropertyValueSpecification\",\"valueRequired\":true,\"valueName\":\"search_term_string\"}}],\"inLanguage\":\"fr-FR\"},{\"@type\":\"Person\",\"@id\":\"https:\\\/\\\/www.gold.fr\\\/news\\\/#\\\/schema\\\/person\\\/070491b4b4fb7671bf59b3be20302ce9\",\"name\":\"Comptoir National de l'Or\",\"image\":{\"@type\":\"ImageObject\",\"inLanguage\":\"fr-FR\",\"@id\":\"https:\\\/\\\/secure.gravatar.com\\\/avatar\\\/0a2867fd5abe37bed95d5a65e9d58f01756e11efc68af9888dfc50cfa7f65948?s=96&d=mm&r=gb490554db0a38188709de567aa58480d\",\"url\":\"https:\\\/\\\/secure.gravatar.com\\\/avatar\\\/0a2867fd5abe37bed95d5a65e9d58f01756e11efc68af9888dfc50cfa7f65948?s=96&d=mm&r=g\",\"contentUrl\":\"https:\\\/\\\/secure.gravatar.com\\\/avatar\\\/0a2867fd5abe37bed95d5a65e9d58f01756e11efc68af9888dfc50cfa7f65948?s=96&d=mm&r=g\",\"caption\":\"Comptoir National de l'Or\"},\"description\":\"Notre r\u00e9daction est constitu\u00e9e de membres experts dans les m\u00e9tiers de l'\u00e9conomie et la gestion, des Responsables d'agence Comptoir National de l'Or, des analystes financiers qui publient r\u00e9guli\u00e8rement des \u00e9tudes sur les politiques des banques centrales, le cours de l'or, prix de l'or, cours de l'argent, prix de l'argent, cours du platine, cours du palladium,... la situation en zone euro et l'impact de la strat\u00e9gie mon\u00e9taire de la FED. Notre \u00e9quipe scrute \u00e9galement une information plus g\u00e9n\u00e9raliste \u00e0 la recherche d'actualit\u00e9 \\\"p\u00e9pite\\\" \u00e0 vous partager. Depuis 5 ans, nous avons publi\u00e9 un peu plus de 4000 articles qui s'adressent \u00e0 un public large et vari\u00e9 ayant pour objectif de satisfaire votre curiosit\u00e9 et de partager avec vous une certaine fascination pour le m\u00e9tal jaune, le rachat d'or, et pour ceux qui veulent investir dans l'or, vendre leur or tout simplement en savoir plus... Pour tous vos achat or et argent, n'h\u00e9sitez pas \u00e0 prendre rendez-vous dans l'un de nos nombreux comptoirs.\",\"sameAs\":[\"https:\\\/\\\/www.gold.fr\"]}]}<\/script>\n<!-- \/ Yoast SEO plugin. -->","yoast_head_json":{"title":"L'or termine la semaine en dessous des 1 300 dollars - Gold.fr","description":"Le march\u00e9 aurif\u00e8re aura connu l\u2019une des semaines les plus mouvement\u00e9es de ce premier trimestre 2014, avec une avalanche de facteurs infligeant une pression","robots":{"index":"index","follow":"follow","max-snippet":"max-snippet:-1","max-image-preview":"max-image-preview:large","max-video-preview":"max-video-preview:-1"},"canonical":"https:\/\/www.gold.fr\/news\/2014\/03\/28\/lor-termine-la-semaine-en-dessous-des-1-300-dollars\/","og_locale":"fr_FR","og_type":"article","og_title":"L'or termine la semaine en dessous des 1 300 dollars - Gold.fr","og_description":"Le march\u00e9 aurif\u00e8re aura connu l\u2019une des semaines les plus mouvement\u00e9es de ce premier trimestre 2014, avec une avalanche de facteurs infligeant une pression","og_url":"https:\/\/www.gold.fr\/news\/2014\/03\/28\/lor-termine-la-semaine-en-dessous-des-1-300-dollars\/","og_site_name":"Gold.fr","article_publisher":"https:\/\/www.facebook.com\/Goldfr\/","article_published_time":"2014-03-28T16:00:21+00:00","article_modified_time":"2019-08-22T09:53:51+00:00","og_image":[{"width":600,"height":489,"url":"https:\/\/www.gold.fr\/news\/wp-content\/uploads\/2011\/10\/euro-or.jpg","type":"image\/jpeg"}],"author":"Comptoir National de l'Or","twitter_card":"summary_large_image","twitter_misc":{"\u00c9crit par":"Comptoir National de l'Or","Dur\u00e9e de lecture estim\u00e9e":"1 minute"},"schema":{"@context":"https:\/\/schema.org","@graph":[{"@type":"Article","@id":"https:\/\/www.gold.fr\/news\/2014\/03\/28\/lor-termine-la-semaine-en-dessous-des-1-300-dollars\/#article","isPartOf":{"@id":"https:\/\/www.gold.fr\/news\/2014\/03\/28\/lor-termine-la-semaine-en-dessous-des-1-300-dollars\/"},"author":{"name":"Comptoir National de l'Or","@id":"https:\/\/www.gold.fr\/news\/#\/schema\/person\/070491b4b4fb7671bf59b3be20302ce9"},"headline":"L&rsquo;or termine la semaine en dessous des 1 300 dollars","datePublished":"2014-03-28T16:00:21+00:00","dateModified":"2019-08-22T09:53:51+00:00","mainEntityOfPage":{"@id":"https:\/\/www.gold.fr\/news\/2014\/03\/28\/lor-termine-la-semaine-en-dessous-des-1-300-dollars\/"},"wordCount":275,"commentCount":0,"image":{"@id":"https:\/\/www.gold.fr\/news\/2014\/03\/28\/lor-termine-la-semaine-en-dessous-des-1-300-dollars\/#primaryimage"},"thumbnailUrl":"https:\/\/www.gold.fr\/news\/wp-content\/uploads\/2011\/10\/euro-or.jpg","keywords":["russie","Tout Cours de l'Or","ukrainie"],"articleSection":["Articles de presse"],"inLanguage":"fr-FR"},{"@type":"WebPage","@id":"https:\/\/www.gold.fr\/news\/2014\/03\/28\/lor-termine-la-semaine-en-dessous-des-1-300-dollars\/","url":"https:\/\/www.gold.fr\/news\/2014\/03\/28\/lor-termine-la-semaine-en-dessous-des-1-300-dollars\/","name":"L'or termine la semaine en dessous des 1 300 dollars - Gold.fr","isPartOf":{"@id":"https:\/\/www.gold.fr\/news\/#website"},"primaryImageOfPage":{"@id":"https:\/\/www.gold.fr\/news\/2014\/03\/28\/lor-termine-la-semaine-en-dessous-des-1-300-dollars\/#primaryimage"},"image":{"@id":"https:\/\/www.gold.fr\/news\/2014\/03\/28\/lor-termine-la-semaine-en-dessous-des-1-300-dollars\/#primaryimage"},"thumbnailUrl":"https:\/\/www.gold.fr\/news\/wp-content\/uploads\/2011\/10\/euro-or.jpg","datePublished":"2014-03-28T16:00:21+00:00","dateModified":"2019-08-22T09:53:51+00:00","author":{"@id":"https:\/\/www.gold.fr\/news\/#\/schema\/person\/070491b4b4fb7671bf59b3be20302ce9"},"description":"Le march\u00e9 aurif\u00e8re aura connu l\u2019une des semaines les plus mouvement\u00e9es de ce premier trimestre 2014, avec une avalanche de facteurs infligeant une pression","breadcrumb":{"@id":"https:\/\/www.gold.fr\/news\/2014\/03\/28\/lor-termine-la-semaine-en-dessous-des-1-300-dollars\/#breadcrumb"},"inLanguage":"fr-FR","potentialAction":[{"@type":"ReadAction","target":["https:\/\/www.gold.fr\/news\/2014\/03\/28\/lor-termine-la-semaine-en-dessous-des-1-300-dollars\/"]}]},{"@type":"ImageObject","inLanguage":"fr-FR","@id":"https:\/\/www.gold.fr\/news\/2014\/03\/28\/lor-termine-la-semaine-en-dessous-des-1-300-dollars\/#primaryimage","url":"https:\/\/www.gold.fr\/news\/wp-content\/uploads\/2011\/10\/euro-or.jpg","contentUrl":"https:\/\/www.gold.fr\/news\/wp-content\/uploads\/2011\/10\/euro-or.jpg","width":"600","height":"489","caption":"L'or stabilise, l'issue juridique de l'OMT en vue"},{"@type":"BreadcrumbList","@id":"https:\/\/www.gold.fr\/news\/2014\/03\/28\/lor-termine-la-semaine-en-dessous-des-1-300-dollars\/#breadcrumb","itemListElement":[{"@type":"ListItem","position":1,"name":"Accueil","item":"https:\/\/www.gold.fr\/"},{"@type":"ListItem","position":2,"name":"Actualit\u00e9s","item":"https:\/\/www.gold.fr\/news\/"},{"@type":"ListItem","position":3,"name":"L&rsquo;or termine la semaine en dessous des 1 300 dollars"}]},{"@type":"WebSite","@id":"https:\/\/www.gold.fr\/news\/#website","url":"https:\/\/www.gold.fr\/news\/","name":"Gold.fr","description":"Actualit\u00e9s de l&#039;Or et des m\u00e9taux pr\u00e9cieux","potentialAction":[{"@type":"SearchAction","target":{"@type":"EntryPoint","urlTemplate":"https:\/\/www.gold.fr\/news\/?s={search_term_string}"},"query-input":{"@type":"PropertyValueSpecification","valueRequired":true,"valueName":"search_term_string"}}],"inLanguage":"fr-FR"},{"@type":"Person","@id":"https:\/\/www.gold.fr\/news\/#\/schema\/person\/070491b4b4fb7671bf59b3be20302ce9","name":"Comptoir National de l'Or","image":{"@type":"ImageObject","inLanguage":"fr-FR","@id":"https:\/\/secure.gravatar.com\/avatar\/0a2867fd5abe37bed95d5a65e9d58f01756e11efc68af9888dfc50cfa7f65948?s=96&d=mm&r=gb490554db0a38188709de567aa58480d","url":"https:\/\/secure.gravatar.com\/avatar\/0a2867fd5abe37bed95d5a65e9d58f01756e11efc68af9888dfc50cfa7f65948?s=96&d=mm&r=g","contentUrl":"https:\/\/secure.gravatar.com\/avatar\/0a2867fd5abe37bed95d5a65e9d58f01756e11efc68af9888dfc50cfa7f65948?s=96&d=mm&r=g","caption":"Comptoir National de l'Or"},"description":"Notre r\u00e9daction est constitu\u00e9e de membres experts dans les m\u00e9tiers de l'\u00e9conomie et la gestion, des Responsables d'agence Comptoir National de l'Or, des analystes financiers qui publient r\u00e9guli\u00e8rement des \u00e9tudes sur les politiques des banques centrales, le cours de l'or, prix de l'or, cours de l'argent, prix de l'argent, cours du platine, cours du palladium,... la situation en zone euro et l'impact de la strat\u00e9gie mon\u00e9taire de la FED. Notre \u00e9quipe scrute \u00e9galement une information plus g\u00e9n\u00e9raliste \u00e0 la recherche d'actualit\u00e9 \"p\u00e9pite\" \u00e0 vous partager. Depuis 5 ans, nous avons publi\u00e9 un peu plus de 4000 articles qui s'adressent \u00e0 un public large et vari\u00e9 ayant pour objectif de satisfaire votre curiosit\u00e9 et de partager avec vous une certaine fascination pour le m\u00e9tal jaune, le rachat d'or, et pour ceux qui veulent investir dans l'or, vendre leur or tout simplement en savoir plus... Pour tous vos achat or et argent, n'h\u00e9sitez pas \u00e0 prendre rendez-vous dans l'un de nos nombreux comptoirs.","sameAs":["https:\/\/www.gold.fr"]}]}},"authors":[{"term_id":2565,"user_id":18,"is_guest":0,"slug":"julie","display_name":"Comptoir National de l'Or","avatar_url":"https:\/\/secure.gravatar.com\/avatar\/713f289e398d35ead876c4a4cc08607f0d6d266058cfc25683fffb6092d0e572?s=96&d=mm&r=g","0":null,"1":"","2":"","3":"","4":"","5":"","6":"","7":"","8":""}],"_links":{"self":[{"href":"https:\/\/www.gold.fr\/news\/wp-json\/wp\/v2\/posts\/14277","targetHints":{"allow":["GET"]}}],"collection":[{"href":"https:\/\/www.gold.fr\/news\/wp-json\/wp\/v2\/posts"}],"about":[{"href":"https:\/\/www.gold.fr\/news\/wp-json\/wp\/v2\/types\/post"}],"author":[{"embeddable":true,"href":"https:\/\/www.gold.fr\/news\/wp-json\/wp\/v2\/users\/18"}],"replies":[{"embeddable":true,"href":"https:\/\/www.gold.fr\/news\/wp-json\/wp\/v2\/comments?post=14277"}],"version-history":[{"count":0,"href":"https:\/\/www.gold.fr\/news\/wp-json\/wp\/v2\/posts\/14277\/revisions"}],"wp:featuredmedia":[{"embeddable":true,"href":"https:\/\/www.gold.fr\/news\/wp-json\/wp\/v2\/media\/2944"}],"wp:attachment":[{"href":"https:\/\/www.gold.fr\/news\/wp-json\/wp\/v2\/media?parent=14277"}],"wp:term":[{"taxonomy":"category","embeddable":true,"href":"https:\/\/www.gold.fr\/news\/wp-json\/wp\/v2\/categories?post=14277"},{"taxonomy":"post_tag","embeddable":true,"href":"https:\/\/www.gold.fr\/news\/wp-json\/wp\/v2\/tags?post=14277"},{"taxonomy":"author","embeddable":true,"href":"https:\/\/www.gold.fr\/news\/wp-json\/wp\/v2\/ppma_author?post=14277"}],"curies":[{"name":"wp","href":"https:\/\/api.w.org\/{rel}","templated":true}]}}