{"id":14268,"date":"2014-03-27T17:00:56","date_gmt":"2014-03-27T16:00:56","guid":{"rendered":"https:\/\/www.gold.fr\/news\/?p=14268"},"modified":"2018-02-22T14:41:11","modified_gmt":"2018-02-22T13:41:11","slug":"incertitude-des-marches-sur-fond-de-flou-mondial-generalise","status":"publish","type":"post","link":"https:\/\/www.gold.fr\/news\/2014\/03\/27\/incertitude-des-marches-sur-fond-de-flou-mondial-generalise\/","title":{"rendered":"Incertitude des march\u00e9s, sur fond de flou mondial g\u00e9n\u00e9ralis\u00e9"},"content":{"rendered":"<p><img loading=\"lazy\" decoding=\"async\" class=\"alignleft size-thumbnail wp-image-8820\" title=\"Incertitude des march\u00e9s, sur fond de flou mondial g\u00e9n\u00e9ralis\u00e9\" src=\"https:\/\/www.gold.fr\/news\/wp-content\/uploads\/2012\/08\/analyse-economique-150x150.jpg\" alt=\"\" width=\"150\" height=\"150\" \/><span style=\"font-size: small;\">Les march\u00e9s et leurs investisseurs ne savent m\u00eame plus o\u00f9 donner de la t\u00eate. La conjoncture (sous toutes ses formes ; politique, g\u00e9opolitique, \u00e9conomique\u2026) n&rsquo;offre aucune perspective ou indication claire de l&rsquo;orientation future (\u00e0 court et moyen termes) de la situation mondiale.<\/span>    <span style=\"font-size: small;\"> Plusieurs \u00ab <em>affaires <\/em>\u00bb mondiales demeurent en suspens, dont notamment et surtout, l&rsquo;\u00e9volution de la politique mon\u00e9taire de la <strong>BCE<\/strong> et <a title=\"Les march\u00e9s f\u00eatent la fin des \u2018Trois C\u2019\" href=\"https:\/\/www.gold.fr\/news\/2014\/03\/26\/les-marches-fetent-la-fin-des-trois-c\/14262\/\" target=\"_blank\">l\u2019aboutissement de la crise <strong>russo-ukrainienne<\/strong><\/a>. Autant d&rsquo;incertitude qui provoquent des inqui\u00e9tudes amplement justifi\u00e9es au sein de la communaut\u00e9 tant analyste que publique. A l&rsquo;image des experts de <strong>Saxo Banque<\/strong> qui retiennent non seulement l&rsquo;attentisme nerveux planant constamment autour du \u00ab<em> contexte de tensions g\u00e9opolitiques grandissantes <\/em>\u00bb, mais \u00e9galement les inqui\u00e9tudes purement \u00e9conomiques d\u00e9coul\u00e9es de l&rsquo;appr\u00e9hension des cons\u00e9quences des d\u00e9cisions du \u00ab <em>Fonds mon\u00e9taire international qui devrait annoncer un plan de sauvetage <strong>15 milliards de <a href='https:\/\/www.gold.fr\/news\/tags\/investissement' class='esk-seo-plu-link'>dollars<\/a><\/strong> pour l&rsquo;Ukraine<\/em> \u00bb avant la fin du mois. De quoi relancer aussit\u00f4t les tensions \u2013\u00e0 peine calm\u00e9es- entre <strong>Russie<\/strong>, d&rsquo;un c\u00f4t\u00e9, et <strong>Ukraine\/Europe\/Etats-Unis<\/strong>, de l&rsquo;autre. Une affaire \u00e0 suivre.<\/span>    <span style=\"font-size: small;\"> De son c\u00f4t\u00e9, la banque centrale europ\u00e9enne continue de maintenir le myst\u00e8re quasi-total (\u00e0 l&rsquo;exception de quelques d\u00e9clarations globalement floues et confondantes) autour de ses futures orientations, et plus particuli\u00e8rement, autour de son intention (ou non) d&rsquo;offrir un soutien mon\u00e9taire massif et permanent \u00e0 l&rsquo;\u00e9conomie de la zone, sous forme d&rsquo;un programme durable similaire au fameux et feu <strong>QE3<\/strong>, initi\u00e9, en <strong>2008<\/strong>, par la r\u00e9serve f\u00e9d\u00e9rale am\u00e9ricaine.<\/span>    <span style=\"font-size: small;\"> L\u00e0 encore, une affaire \u00e0 suivre de pr\u00e8s.<\/span><\/p>\n<!-- AddThis Advanced Settings generic via filter on the_content --><!-- AddThis Share Buttons generic via filter on the_content -->","protected":false},"excerpt":{"rendered":"<p>Les march\u00e9s et leurs investisseurs ne savent m\u00eame plus o\u00f9 donner de la t\u00eate. La conjoncture (sous toutes ses formes ; politique, g\u00e9opolitique, \u00e9conomique\u2026) n&rsquo;offre aucune perspective ou indication claire de l&rsquo;orientation future (\u00e0 court et [&hellip;]<\/p>\n","protected":false},"author":18,"featured_media":8820,"comment_status":"open","ping_status":"open","sticky":false,"template":"","format":"standard","meta":{"_mbp_gutenberg_autopost":false,"_pgmb_is_evergreen":false,"_pgmb_ap_template_id":0,"footnotes":""},"categories":[6],"tags":[143,211,105,1166,1233],"ppma_author":[2565],"class_list":["post-14268","post","type-post","status-publish","format-standard","has-post-thumbnail","hentry","category-articles-de-presse","tag-bce","tag-fmi","tag-marche","tag-russe","tag-ukraine"],"yoast_head":"<!-- This site is optimized with the Yoast SEO plugin v27.5 - https:\/\/yoast.com\/product\/yoast-seo-wordpress\/ -->\n<title>Incertitude des march\u00e9s, sur fond de flou mondial g\u00e9n\u00e9ralis\u00e9 - Gold.fr<\/title>\n<meta name=\"robots\" content=\"index, follow, max-snippet:-1, max-image-preview:large, max-video-preview:-1\" \/>\n<link rel=\"canonical\" href=\"https:\/\/www.gold.fr\/news\/2014\/03\/27\/incertitude-des-marches-sur-fond-de-flou-mondial-generalise\/\" \/>\n<meta property=\"og:locale\" content=\"fr_FR\" \/>\n<meta property=\"og:type\" content=\"article\" \/>\n<meta property=\"og:title\" content=\"Incertitude des march\u00e9s, sur fond de flou mondial g\u00e9n\u00e9ralis\u00e9 - Gold.fr\" \/>\n<meta property=\"og:description\" content=\"Les march\u00e9s et leurs investisseurs ne savent m\u00eame plus o\u00f9 donner de la t\u00eate. La conjoncture (sous toutes ses formes ; politique, g\u00e9opolitique, \u00e9conomique\u2026) n&rsquo;offre aucune perspective ou indication claire de l&rsquo;orientation future (\u00e0 court et [&hellip;]\" \/>\n<meta property=\"og:url\" content=\"https:\/\/www.gold.fr\/news\/2014\/03\/27\/incertitude-des-marches-sur-fond-de-flou-mondial-generalise\/\" \/>\n<meta property=\"og:site_name\" content=\"Gold.fr\" \/>\n<meta property=\"article:publisher\" content=\"https:\/\/www.facebook.com\/Goldfr\/\" \/>\n<meta property=\"article:published_time\" content=\"2014-03-27T16:00:56+00:00\" \/>\n<meta property=\"article:modified_time\" content=\"2018-02-22T13:41:11+00:00\" \/>\n<meta property=\"og:image\" content=\"https:\/\/www.gold.fr\/news\/wp-content\/uploads\/2012\/08\/analyse-economique.jpg\" \/>\n\t<meta property=\"og:image:width\" content=\"600\" \/>\n\t<meta property=\"og:image:height\" content=\"401\" \/>\n\t<meta property=\"og:image:type\" content=\"image\/jpeg\" \/>\n<meta name=\"author\" content=\"Comptoir National de l&#039;Or\" \/>\n<meta name=\"twitter:card\" content=\"summary_large_image\" \/>\n<meta name=\"twitter:label1\" content=\"\u00c9crit par\" \/>\n\t<meta name=\"twitter:data1\" content=\"Comptoir National de l&#039;Or\" \/>\n\t<meta name=\"twitter:label2\" content=\"Dur\u00e9e de lecture estim\u00e9e\" \/>\n\t<meta name=\"twitter:data2\" content=\"1 minute\" \/>\n<script type=\"application\/ld+json\" class=\"yoast-schema-graph\">{\"@context\":\"https:\\\/\\\/schema.org\",\"@graph\":[{\"@type\":\"Article\",\"@id\":\"https:\\\/\\\/www.gold.fr\\\/news\\\/2014\\\/03\\\/27\\\/incertitude-des-marches-sur-fond-de-flou-mondial-generalise\\\/#article\",\"isPartOf\":{\"@id\":\"https:\\\/\\\/www.gold.fr\\\/news\\\/2014\\\/03\\\/27\\\/incertitude-des-marches-sur-fond-de-flou-mondial-generalise\\\/\"},\"author\":{\"name\":\"Comptoir National de l'Or\",\"@id\":\"https:\\\/\\\/www.gold.fr\\\/news\\\/#\\\/schema\\\/person\\\/070491b4b4fb7671bf59b3be20302ce9\"},\"headline\":\"Incertitude des march\u00e9s, sur fond de flou mondial g\u00e9n\u00e9ralis\u00e9\",\"datePublished\":\"2014-03-27T16:00:56+00:00\",\"dateModified\":\"2018-02-22T13:41:11+00:00\",\"mainEntityOfPage\":{\"@id\":\"https:\\\/\\\/www.gold.fr\\\/news\\\/2014\\\/03\\\/27\\\/incertitude-des-marches-sur-fond-de-flou-mondial-generalise\\\/\"},\"wordCount\":285,\"commentCount\":0,\"image\":{\"@id\":\"https:\\\/\\\/www.gold.fr\\\/news\\\/2014\\\/03\\\/27\\\/incertitude-des-marches-sur-fond-de-flou-mondial-generalise\\\/#primaryimage\"},\"thumbnailUrl\":\"https:\\\/\\\/www.gold.fr\\\/news\\\/wp-content\\\/uploads\\\/2012\\\/08\\\/analyse-economique.jpg\",\"keywords\":[\"bce\",\"fmi\",\"march\u00e9\",\"Russe\",\"Ukraine\"],\"articleSection\":[\"Articles de presse\"],\"inLanguage\":\"fr-FR\"},{\"@type\":\"WebPage\",\"@id\":\"https:\\\/\\\/www.gold.fr\\\/news\\\/2014\\\/03\\\/27\\\/incertitude-des-marches-sur-fond-de-flou-mondial-generalise\\\/\",\"url\":\"https:\\\/\\\/www.gold.fr\\\/news\\\/2014\\\/03\\\/27\\\/incertitude-des-marches-sur-fond-de-flou-mondial-generalise\\\/\",\"name\":\"Incertitude des march\u00e9s, sur fond de flou mondial g\u00e9n\u00e9ralis\u00e9 - Gold.fr\",\"isPartOf\":{\"@id\":\"https:\\\/\\\/www.gold.fr\\\/news\\\/#website\"},\"primaryImageOfPage\":{\"@id\":\"https:\\\/\\\/www.gold.fr\\\/news\\\/2014\\\/03\\\/27\\\/incertitude-des-marches-sur-fond-de-flou-mondial-generalise\\\/#primaryimage\"},\"image\":{\"@id\":\"https:\\\/\\\/www.gold.fr\\\/news\\\/2014\\\/03\\\/27\\\/incertitude-des-marches-sur-fond-de-flou-mondial-generalise\\\/#primaryimage\"},\"thumbnailUrl\":\"https:\\\/\\\/www.gold.fr\\\/news\\\/wp-content\\\/uploads\\\/2012\\\/08\\\/analyse-economique.jpg\",\"datePublished\":\"2014-03-27T16:00:56+00:00\",\"dateModified\":\"2018-02-22T13:41:11+00:00\",\"author\":{\"@id\":\"https:\\\/\\\/www.gold.fr\\\/news\\\/#\\\/schema\\\/person\\\/070491b4b4fb7671bf59b3be20302ce9\"},\"breadcrumb\":{\"@id\":\"https:\\\/\\\/www.gold.fr\\\/news\\\/2014\\\/03\\\/27\\\/incertitude-des-marches-sur-fond-de-flou-mondial-generalise\\\/#breadcrumb\"},\"inLanguage\":\"fr-FR\",\"potentialAction\":[{\"@type\":\"ReadAction\",\"target\":[\"https:\\\/\\\/www.gold.fr\\\/news\\\/2014\\\/03\\\/27\\\/incertitude-des-marches-sur-fond-de-flou-mondial-generalise\\\/\"]}]},{\"@type\":\"ImageObject\",\"inLanguage\":\"fr-FR\",\"@id\":\"https:\\\/\\\/www.gold.fr\\\/news\\\/2014\\\/03\\\/27\\\/incertitude-des-marches-sur-fond-de-flou-mondial-generalise\\\/#primaryimage\",\"url\":\"https:\\\/\\\/www.gold.fr\\\/news\\\/wp-content\\\/uploads\\\/2012\\\/08\\\/analyse-economique.jpg\",\"contentUrl\":\"https:\\\/\\\/www.gold.fr\\\/news\\\/wp-content\\\/uploads\\\/2012\\\/08\\\/analyse-economique.jpg\",\"width\":\"600\",\"height\":\"401\",\"caption\":\"Apple Watch : Nouveau tremplin haussier pour l\u2019or ?\"},{\"@type\":\"BreadcrumbList\",\"@id\":\"https:\\\/\\\/www.gold.fr\\\/news\\\/2014\\\/03\\\/27\\\/incertitude-des-marches-sur-fond-de-flou-mondial-generalise\\\/#breadcrumb\",\"itemListElement\":[{\"@type\":\"ListItem\",\"position\":1,\"name\":\"Accueil\",\"item\":\"https:\\\/\\\/www.gold.fr\\\/\"},{\"@type\":\"ListItem\",\"position\":2,\"name\":\"Actualit\u00e9s\",\"item\":\"https:\\\/\\\/www.gold.fr\\\/news\\\/\"},{\"@type\":\"ListItem\",\"position\":3,\"name\":\"Incertitude des march\u00e9s, sur fond de flou mondial g\u00e9n\u00e9ralis\u00e9\"}]},{\"@type\":\"WebSite\",\"@id\":\"https:\\\/\\\/www.gold.fr\\\/news\\\/#website\",\"url\":\"https:\\\/\\\/www.gold.fr\\\/news\\\/\",\"name\":\"Gold.fr\",\"description\":\"Actualit\u00e9s de l&#039;Or et des m\u00e9taux pr\u00e9cieux\",\"potentialAction\":[{\"@type\":\"SearchAction\",\"target\":{\"@type\":\"EntryPoint\",\"urlTemplate\":\"https:\\\/\\\/www.gold.fr\\\/news\\\/?s={search_term_string}\"},\"query-input\":{\"@type\":\"PropertyValueSpecification\",\"valueRequired\":true,\"valueName\":\"search_term_string\"}}],\"inLanguage\":\"fr-FR\"},{\"@type\":\"Person\",\"@id\":\"https:\\\/\\\/www.gold.fr\\\/news\\\/#\\\/schema\\\/person\\\/070491b4b4fb7671bf59b3be20302ce9\",\"name\":\"Comptoir National de l'Or\",\"image\":{\"@type\":\"ImageObject\",\"inLanguage\":\"fr-FR\",\"@id\":\"https:\\\/\\\/secure.gravatar.com\\\/avatar\\\/0a2867fd5abe37bed95d5a65e9d58f01756e11efc68af9888dfc50cfa7f65948?s=96&d=mm&r=gb490554db0a38188709de567aa58480d\",\"url\":\"https:\\\/\\\/secure.gravatar.com\\\/avatar\\\/0a2867fd5abe37bed95d5a65e9d58f01756e11efc68af9888dfc50cfa7f65948?s=96&d=mm&r=g\",\"contentUrl\":\"https:\\\/\\\/secure.gravatar.com\\\/avatar\\\/0a2867fd5abe37bed95d5a65e9d58f01756e11efc68af9888dfc50cfa7f65948?s=96&d=mm&r=g\",\"caption\":\"Comptoir National de l'Or\"},\"description\":\"Notre r\u00e9daction est constitu\u00e9e de membres experts dans les m\u00e9tiers de l'\u00e9conomie et la gestion, des Responsables d'agence Comptoir National de l'Or, des analystes financiers qui publient r\u00e9guli\u00e8rement des \u00e9tudes sur les politiques des banques centrales, le cours de l'or, prix de l'or, cours de l'argent, prix de l'argent, cours du platine, cours du palladium,... la situation en zone euro et l'impact de la strat\u00e9gie mon\u00e9taire de la FED. Notre \u00e9quipe scrute \u00e9galement une information plus g\u00e9n\u00e9raliste \u00e0 la recherche d'actualit\u00e9 \\\"p\u00e9pite\\\" \u00e0 vous partager. Depuis 5 ans, nous avons publi\u00e9 un peu plus de 4000 articles qui s'adressent \u00e0 un public large et vari\u00e9 ayant pour objectif de satisfaire votre curiosit\u00e9 et de partager avec vous une certaine fascination pour le m\u00e9tal jaune, le rachat d'or, et pour ceux qui veulent investir dans l'or, vendre leur or tout simplement en savoir plus... Pour tous vos achat or et argent, n'h\u00e9sitez pas \u00e0 prendre rendez-vous dans l'un de nos nombreux comptoirs.\",\"sameAs\":[\"https:\\\/\\\/www.gold.fr\"]}]}<\/script>\n<!-- \/ Yoast SEO plugin. -->","yoast_head_json":{"title":"Incertitude des march\u00e9s, sur fond de flou mondial g\u00e9n\u00e9ralis\u00e9 - Gold.fr","robots":{"index":"index","follow":"follow","max-snippet":"max-snippet:-1","max-image-preview":"max-image-preview:large","max-video-preview":"max-video-preview:-1"},"canonical":"https:\/\/www.gold.fr\/news\/2014\/03\/27\/incertitude-des-marches-sur-fond-de-flou-mondial-generalise\/","og_locale":"fr_FR","og_type":"article","og_title":"Incertitude des march\u00e9s, sur fond de flou mondial g\u00e9n\u00e9ralis\u00e9 - Gold.fr","og_description":"Les march\u00e9s et leurs investisseurs ne savent m\u00eame plus o\u00f9 donner de la t\u00eate. La conjoncture (sous toutes ses formes ; politique, g\u00e9opolitique, \u00e9conomique\u2026) n&rsquo;offre aucune perspective ou indication claire de l&rsquo;orientation future (\u00e0 court et [&hellip;]","og_url":"https:\/\/www.gold.fr\/news\/2014\/03\/27\/incertitude-des-marches-sur-fond-de-flou-mondial-generalise\/","og_site_name":"Gold.fr","article_publisher":"https:\/\/www.facebook.com\/Goldfr\/","article_published_time":"2014-03-27T16:00:56+00:00","article_modified_time":"2018-02-22T13:41:11+00:00","og_image":[{"width":600,"height":401,"url":"https:\/\/www.gold.fr\/news\/wp-content\/uploads\/2012\/08\/analyse-economique.jpg","type":"image\/jpeg"}],"author":"Comptoir National de l'Or","twitter_card":"summary_large_image","twitter_misc":{"\u00c9crit par":"Comptoir National de l'Or","Dur\u00e9e de lecture estim\u00e9e":"1 minute"},"schema":{"@context":"https:\/\/schema.org","@graph":[{"@type":"Article","@id":"https:\/\/www.gold.fr\/news\/2014\/03\/27\/incertitude-des-marches-sur-fond-de-flou-mondial-generalise\/#article","isPartOf":{"@id":"https:\/\/www.gold.fr\/news\/2014\/03\/27\/incertitude-des-marches-sur-fond-de-flou-mondial-generalise\/"},"author":{"name":"Comptoir National de l'Or","@id":"https:\/\/www.gold.fr\/news\/#\/schema\/person\/070491b4b4fb7671bf59b3be20302ce9"},"headline":"Incertitude des march\u00e9s, sur fond de flou mondial g\u00e9n\u00e9ralis\u00e9","datePublished":"2014-03-27T16:00:56+00:00","dateModified":"2018-02-22T13:41:11+00:00","mainEntityOfPage":{"@id":"https:\/\/www.gold.fr\/news\/2014\/03\/27\/incertitude-des-marches-sur-fond-de-flou-mondial-generalise\/"},"wordCount":285,"commentCount":0,"image":{"@id":"https:\/\/www.gold.fr\/news\/2014\/03\/27\/incertitude-des-marches-sur-fond-de-flou-mondial-generalise\/#primaryimage"},"thumbnailUrl":"https:\/\/www.gold.fr\/news\/wp-content\/uploads\/2012\/08\/analyse-economique.jpg","keywords":["bce","fmi","march\u00e9","Russe","Ukraine"],"articleSection":["Articles de presse"],"inLanguage":"fr-FR"},{"@type":"WebPage","@id":"https:\/\/www.gold.fr\/news\/2014\/03\/27\/incertitude-des-marches-sur-fond-de-flou-mondial-generalise\/","url":"https:\/\/www.gold.fr\/news\/2014\/03\/27\/incertitude-des-marches-sur-fond-de-flou-mondial-generalise\/","name":"Incertitude des march\u00e9s, sur fond de flou mondial g\u00e9n\u00e9ralis\u00e9 - Gold.fr","isPartOf":{"@id":"https:\/\/www.gold.fr\/news\/#website"},"primaryImageOfPage":{"@id":"https:\/\/www.gold.fr\/news\/2014\/03\/27\/incertitude-des-marches-sur-fond-de-flou-mondial-generalise\/#primaryimage"},"image":{"@id":"https:\/\/www.gold.fr\/news\/2014\/03\/27\/incertitude-des-marches-sur-fond-de-flou-mondial-generalise\/#primaryimage"},"thumbnailUrl":"https:\/\/www.gold.fr\/news\/wp-content\/uploads\/2012\/08\/analyse-economique.jpg","datePublished":"2014-03-27T16:00:56+00:00","dateModified":"2018-02-22T13:41:11+00:00","author":{"@id":"https:\/\/www.gold.fr\/news\/#\/schema\/person\/070491b4b4fb7671bf59b3be20302ce9"},"breadcrumb":{"@id":"https:\/\/www.gold.fr\/news\/2014\/03\/27\/incertitude-des-marches-sur-fond-de-flou-mondial-generalise\/#breadcrumb"},"inLanguage":"fr-FR","potentialAction":[{"@type":"ReadAction","target":["https:\/\/www.gold.fr\/news\/2014\/03\/27\/incertitude-des-marches-sur-fond-de-flou-mondial-generalise\/"]}]},{"@type":"ImageObject","inLanguage":"fr-FR","@id":"https:\/\/www.gold.fr\/news\/2014\/03\/27\/incertitude-des-marches-sur-fond-de-flou-mondial-generalise\/#primaryimage","url":"https:\/\/www.gold.fr\/news\/wp-content\/uploads\/2012\/08\/analyse-economique.jpg","contentUrl":"https:\/\/www.gold.fr\/news\/wp-content\/uploads\/2012\/08\/analyse-economique.jpg","width":"600","height":"401","caption":"Apple Watch : Nouveau tremplin haussier pour l\u2019or ?"},{"@type":"BreadcrumbList","@id":"https:\/\/www.gold.fr\/news\/2014\/03\/27\/incertitude-des-marches-sur-fond-de-flou-mondial-generalise\/#breadcrumb","itemListElement":[{"@type":"ListItem","position":1,"name":"Accueil","item":"https:\/\/www.gold.fr\/"},{"@type":"ListItem","position":2,"name":"Actualit\u00e9s","item":"https:\/\/www.gold.fr\/news\/"},{"@type":"ListItem","position":3,"name":"Incertitude des march\u00e9s, sur fond de flou mondial g\u00e9n\u00e9ralis\u00e9"}]},{"@type":"WebSite","@id":"https:\/\/www.gold.fr\/news\/#website","url":"https:\/\/www.gold.fr\/news\/","name":"Gold.fr","description":"Actualit\u00e9s de l&#039;Or et des m\u00e9taux pr\u00e9cieux","potentialAction":[{"@type":"SearchAction","target":{"@type":"EntryPoint","urlTemplate":"https:\/\/www.gold.fr\/news\/?s={search_term_string}"},"query-input":{"@type":"PropertyValueSpecification","valueRequired":true,"valueName":"search_term_string"}}],"inLanguage":"fr-FR"},{"@type":"Person","@id":"https:\/\/www.gold.fr\/news\/#\/schema\/person\/070491b4b4fb7671bf59b3be20302ce9","name":"Comptoir National de l'Or","image":{"@type":"ImageObject","inLanguage":"fr-FR","@id":"https:\/\/secure.gravatar.com\/avatar\/0a2867fd5abe37bed95d5a65e9d58f01756e11efc68af9888dfc50cfa7f65948?s=96&d=mm&r=gb490554db0a38188709de567aa58480d","url":"https:\/\/secure.gravatar.com\/avatar\/0a2867fd5abe37bed95d5a65e9d58f01756e11efc68af9888dfc50cfa7f65948?s=96&d=mm&r=g","contentUrl":"https:\/\/secure.gravatar.com\/avatar\/0a2867fd5abe37bed95d5a65e9d58f01756e11efc68af9888dfc50cfa7f65948?s=96&d=mm&r=g","caption":"Comptoir National de l'Or"},"description":"Notre r\u00e9daction est constitu\u00e9e de membres experts dans les m\u00e9tiers de l'\u00e9conomie et la gestion, des Responsables d'agence Comptoir National de l'Or, des analystes financiers qui publient r\u00e9guli\u00e8rement des \u00e9tudes sur les politiques des banques centrales, le cours de l'or, prix de l'or, cours de l'argent, prix de l'argent, cours du platine, cours du palladium,... la situation en zone euro et l'impact de la strat\u00e9gie mon\u00e9taire de la FED. Notre \u00e9quipe scrute \u00e9galement une information plus g\u00e9n\u00e9raliste \u00e0 la recherche d'actualit\u00e9 \"p\u00e9pite\" \u00e0 vous partager. Depuis 5 ans, nous avons publi\u00e9 un peu plus de 4000 articles qui s'adressent \u00e0 un public large et vari\u00e9 ayant pour objectif de satisfaire votre curiosit\u00e9 et de partager avec vous une certaine fascination pour le m\u00e9tal jaune, le rachat d'or, et pour ceux qui veulent investir dans l'or, vendre leur or tout simplement en savoir plus... Pour tous vos achat or et argent, n'h\u00e9sitez pas \u00e0 prendre rendez-vous dans l'un de nos nombreux comptoirs.","sameAs":["https:\/\/www.gold.fr"]}]}},"authors":[{"term_id":2565,"user_id":18,"is_guest":0,"slug":"julie","display_name":"Comptoir National de l'Or","avatar_url":"https:\/\/secure.gravatar.com\/avatar\/713f289e398d35ead876c4a4cc08607f0d6d266058cfc25683fffb6092d0e572?s=96&d=mm&r=g","0":null,"1":"","2":"","3":"","4":"","5":"","6":"","7":"","8":""}],"_links":{"self":[{"href":"https:\/\/www.gold.fr\/news\/wp-json\/wp\/v2\/posts\/14268","targetHints":{"allow":["GET"]}}],"collection":[{"href":"https:\/\/www.gold.fr\/news\/wp-json\/wp\/v2\/posts"}],"about":[{"href":"https:\/\/www.gold.fr\/news\/wp-json\/wp\/v2\/types\/post"}],"author":[{"embeddable":true,"href":"https:\/\/www.gold.fr\/news\/wp-json\/wp\/v2\/users\/18"}],"replies":[{"embeddable":true,"href":"https:\/\/www.gold.fr\/news\/wp-json\/wp\/v2\/comments?post=14268"}],"version-history":[{"count":0,"href":"https:\/\/www.gold.fr\/news\/wp-json\/wp\/v2\/posts\/14268\/revisions"}],"wp:featuredmedia":[{"embeddable":true,"href":"https:\/\/www.gold.fr\/news\/wp-json\/wp\/v2\/media\/8820"}],"wp:attachment":[{"href":"https:\/\/www.gold.fr\/news\/wp-json\/wp\/v2\/media?parent=14268"}],"wp:term":[{"taxonomy":"category","embeddable":true,"href":"https:\/\/www.gold.fr\/news\/wp-json\/wp\/v2\/categories?post=14268"},{"taxonomy":"post_tag","embeddable":true,"href":"https:\/\/www.gold.fr\/news\/wp-json\/wp\/v2\/tags?post=14268"},{"taxonomy":"author","embeddable":true,"href":"https:\/\/www.gold.fr\/news\/wp-json\/wp\/v2\/ppma_author?post=14268"}],"curies":[{"name":"wp","href":"https:\/\/api.w.org\/{rel}","templated":true}]}}