{"id":14264,"date":"2014-03-27T09:00:49","date_gmt":"2014-03-27T08:00:49","guid":{"rendered":"https:\/\/www.gold.fr\/news\/?p=14264"},"modified":"2018-02-22T14:41:12","modified_gmt":"2018-02-22T13:41:12","slug":"des-marches-mitiges-mais-leuro-bat-le-dollar","status":"publish","type":"post","link":"https:\/\/www.gold.fr\/news\/2014\/03\/27\/des-marches-mitiges-mais-leuro-bat-le-dollar\/","title":{"rendered":"Des march\u00e9s mitig\u00e9s, mais l\u2019euro bat le dollar"},"content":{"rendered":"<p><img loading=\"lazy\" decoding=\"async\" class=\"alignleft size-thumbnail wp-image-4633\" title=\"Des march\u00e9s mitig\u00e9s, mais l\u2019euro bat le dollar\" src=\"https:\/\/www.gold.fr\/news\/wp-content\/uploads\/2011\/12\/Or-Crise-europ\u00e9enne-150x150.jpg\" alt=\"\" width=\"150\" height=\"150\" \/><span style=\"font-size: small;\">En d\u00e9pit <a title=\"Les march\u00e9s f\u00eatent la fin des \u2018Trois C\u2019\" href=\"https:\/\/www.gold.fr\/news\/2014\/03\/26\/les-marches-fetent-la-fin-des-trois-c\/14262\/\" target=\"_blank\">d\u2019un calme relatif r\u00e9gnant d\u00e9sormais sur la plan\u00e8te \u00e9conomique<\/a>, politique et g\u00e9opolitique internationale, l\u2019heure semble \u00eatre encore \u00e0 la comp\u00e9tition, au sein des march\u00e9s financiers m\u00eame.<\/span>    <span style=\"font-size: small;\"> Et c\u2019est une gu\u00e9rilla qui bat actuellement son plein entre la monnaie unique et le billet vert, dans ce qui s\u2019av\u00e8re \u00eatre un nouveau duel conjoncturel li\u00e9 essentiellement \u00e0 la r\u00e9cente re-dynamisation des deux devises. Pourtant, ce duel ne refl\u00e8te pas les fluctuations des deux march\u00e9s m\u00eames (am\u00e9ricain et europ\u00e9en). Les experts soulignaient d\u2019ailleurs, cette semaine, que \u00ab\u00a0<em>l&rsquo;\u00e9volution de <strong>Wall Street<\/strong> a constitu\u00e9 le reflet invers\u00e9 de la course du Dollar\u00a0<\/em>\u00bb, \u00e0 l\u2019image, par exemple, de certains \u00ab<em> indices US qui pass\u00e8rent dans le rouge lorsque <strong>Jens Weidman<\/strong>, le patron de la <strong>Bundesbank<\/strong> fit conna\u00eetre que la <strong>BCE<\/strong> r\u00e9fl\u00e9chissait \u00e0 des mesures non conventionnelles<\/em> \u00bb, soutenu par son homologue slovaque, <strong>Jozef Makuch<\/strong>, qui a d\u00e9clar\u00e9 que \u00ab\u00a0<em>la BCE pourrait, par exemple, injecter des liquidit\u00e9s dans l&rsquo;\u00e9conomie<\/em>\u00a0\u00bb.<\/span>    <span style=\"font-size: small;\"> Et il n\u2019y a qu\u2019\u00e0 jeter un coup d\u2019\u0153il aux plus r\u00e9cents rapports publi\u00e9s par les diff\u00e9rents d\u00e9partements \u00e9conomiques am\u00e9ricains pour prendre connaissance de l\u2019ampleur de l\u2019\u00e9cart entre la reprise, mod\u00e9r\u00e9e mais r\u00e9elle, du dollar, et la stagnation des r\u00e9sultats chiffr\u00e9s de l\u2019\u00e9conomie US. Vient s\u2019ajouter \u00e0 ce facteur le calme relatif \u00ab\u00a0<em>de la situation g\u00e9opolitique internationale et l&rsquo;apparent ralentissement de la croissance chinoise<\/em>\u00a0\u00bb qui ont eu pour effet de maintenir \u00ab\u00a0<em>les performances de <strong>Wall Street<\/strong> bien en-de\u00e7\u00e0 de celles des places europ\u00e9ennes<\/em>\u00a0\u00bb.<\/span><\/p>\n<!-- AddThis Advanced Settings generic via filter on the_content --><!-- AddThis Share Buttons generic via filter on the_content -->","protected":false},"excerpt":{"rendered":"<p>En d\u00e9pit d\u2019un calme relatif r\u00e9gnant d\u00e9sormais sur la plan\u00e8te \u00e9conomique, politique et g\u00e9opolitique internationale, l\u2019heure semble \u00eatre encore \u00e0 la comp\u00e9tition, au sein des march\u00e9s financiers m\u00eame. Et c\u2019est une gu\u00e9rilla qui bat actuellement son [&hellip;]<\/p>\n","protected":false},"author":18,"featured_media":4633,"comment_status":"open","ping_status":"open","sticky":false,"template":"","format":"standard","meta":{"_mbp_gutenberg_autopost":false,"_pgmb_is_evergreen":false,"_pgmb_ap_template_id":0,"footnotes":""},"categories":[6],"tags":[143,102,1100,103,105,534],"ppma_author":[2565],"class_list":["post-14264","post","type-post","status-publish","format-standard","has-post-thumbnail","hentry","category-articles-de-presse","tag-bce","tag-dollar","tag-economie-us","tag-euro","tag-marche","tag-wall-street"],"yoast_head":"<!-- This site is optimized with the Yoast SEO plugin v26.9 - https:\/\/yoast.com\/product\/yoast-seo-wordpress\/ -->\n<title>Des march\u00e9s mitig\u00e9s, mais l\u2019euro bat le dollar - Gold.fr<\/title>\n<meta name=\"robots\" content=\"index, follow, max-snippet:-1, max-image-preview:large, max-video-preview:-1\" \/>\n<link rel=\"canonical\" href=\"https:\/\/www.gold.fr\/news\/2014\/03\/27\/des-marches-mitiges-mais-leuro-bat-le-dollar\/\" \/>\n<meta property=\"og:locale\" content=\"fr_FR\" \/>\n<meta property=\"og:type\" content=\"article\" \/>\n<meta property=\"og:title\" content=\"Des march\u00e9s mitig\u00e9s, mais l\u2019euro bat le dollar - Gold.fr\" \/>\n<meta property=\"og:description\" content=\"En d\u00e9pit d\u2019un calme relatif r\u00e9gnant d\u00e9sormais sur la plan\u00e8te \u00e9conomique, politique et g\u00e9opolitique internationale, l\u2019heure semble \u00eatre encore \u00e0 la comp\u00e9tition, au sein des march\u00e9s financiers m\u00eame. Et c\u2019est une gu\u00e9rilla qui bat actuellement son [&hellip;]\" \/>\n<meta property=\"og:url\" content=\"https:\/\/www.gold.fr\/news\/2014\/03\/27\/des-marches-mitiges-mais-leuro-bat-le-dollar\/\" \/>\n<meta property=\"og:site_name\" content=\"Gold.fr\" \/>\n<meta property=\"article:publisher\" content=\"https:\/\/www.facebook.com\/Goldfr\/\" \/>\n<meta property=\"article:published_time\" content=\"2014-03-27T08:00:49+00:00\" \/>\n<meta property=\"article:modified_time\" content=\"2018-02-22T13:41:12+00:00\" \/>\n<meta property=\"og:image\" content=\"https:\/\/www.gold.fr\/news\/wp-content\/uploads\/2011\/12\/Or-Crise-europ\u00e9enne.jpg\" \/>\n\t<meta property=\"og:image:width\" content=\"600\" \/>\n\t<meta property=\"og:image:height\" content=\"389\" \/>\n\t<meta property=\"og:image:type\" content=\"image\/jpeg\" \/>\n<meta name=\"author\" content=\"Comptoir National de l&#039;Or\" \/>\n<meta name=\"twitter:card\" content=\"summary_large_image\" \/>\n<meta name=\"twitter:label1\" content=\"\u00c9crit par\" \/>\n\t<meta name=\"twitter:data1\" content=\"Comptoir National de l&#039;Or\" \/>\n\t<meta name=\"twitter:label2\" content=\"Dur\u00e9e de lecture estim\u00e9e\" \/>\n\t<meta name=\"twitter:data2\" content=\"1 minute\" \/>\n<script type=\"application\/ld+json\" class=\"yoast-schema-graph\">{\"@context\":\"https:\/\/schema.org\",\"@graph\":[{\"@type\":\"Article\",\"@id\":\"https:\/\/www.gold.fr\/news\/2014\/03\/27\/des-marches-mitiges-mais-leuro-bat-le-dollar\/#article\",\"isPartOf\":{\"@id\":\"https:\/\/www.gold.fr\/news\/2014\/03\/27\/des-marches-mitiges-mais-leuro-bat-le-dollar\/\"},\"author\":{\"name\":\"Comptoir National de l'Or\",\"@id\":\"https:\/\/www.gold.fr\/news\/#\/schema\/person\/760ee7cec237915eebf2be78df0404c4\"},\"headline\":\"Des march\u00e9s mitig\u00e9s, mais l\u2019euro bat le dollar\",\"datePublished\":\"2014-03-27T08:00:49+00:00\",\"dateModified\":\"2018-02-22T13:41:12+00:00\",\"mainEntityOfPage\":{\"@id\":\"https:\/\/www.gold.fr\/news\/2014\/03\/27\/des-marches-mitiges-mais-leuro-bat-le-dollar\/\"},\"wordCount\":290,\"commentCount\":0,\"image\":{\"@id\":\"https:\/\/www.gold.fr\/news\/2014\/03\/27\/des-marches-mitiges-mais-leuro-bat-le-dollar\/#primaryimage\"},\"thumbnailUrl\":\"https:\/\/www.gold.fr\/news\/wp-content\/uploads\/2011\/12\/Or-Crise-europ\u00e9enne.jpg\",\"keywords\":[\"bce\",\"dollar\",\"\u00e9conomie US\",\"euro\",\"march\u00e9\",\"wall street\"],\"articleSection\":[\"Articles de presse\"],\"inLanguage\":\"fr-FR\"},{\"@type\":\"WebPage\",\"@id\":\"https:\/\/www.gold.fr\/news\/2014\/03\/27\/des-marches-mitiges-mais-leuro-bat-le-dollar\/\",\"url\":\"https:\/\/www.gold.fr\/news\/2014\/03\/27\/des-marches-mitiges-mais-leuro-bat-le-dollar\/\",\"name\":\"Des march\u00e9s mitig\u00e9s, mais l\u2019euro bat le dollar - Gold.fr\",\"isPartOf\":{\"@id\":\"https:\/\/www.gold.fr\/news\/#website\"},\"primaryImageOfPage\":{\"@id\":\"https:\/\/www.gold.fr\/news\/2014\/03\/27\/des-marches-mitiges-mais-leuro-bat-le-dollar\/#primaryimage\"},\"image\":{\"@id\":\"https:\/\/www.gold.fr\/news\/2014\/03\/27\/des-marches-mitiges-mais-leuro-bat-le-dollar\/#primaryimage\"},\"thumbnailUrl\":\"https:\/\/www.gold.fr\/news\/wp-content\/uploads\/2011\/12\/Or-Crise-europ\u00e9enne.jpg\",\"datePublished\":\"2014-03-27T08:00:49+00:00\",\"dateModified\":\"2018-02-22T13:41:12+00:00\",\"author\":{\"@id\":\"https:\/\/www.gold.fr\/news\/#\/schema\/person\/760ee7cec237915eebf2be78df0404c4\"},\"breadcrumb\":{\"@id\":\"https:\/\/www.gold.fr\/news\/2014\/03\/27\/des-marches-mitiges-mais-leuro-bat-le-dollar\/#breadcrumb\"},\"inLanguage\":\"fr-FR\",\"potentialAction\":[{\"@type\":\"ReadAction\",\"target\":[\"https:\/\/www.gold.fr\/news\/2014\/03\/27\/des-marches-mitiges-mais-leuro-bat-le-dollar\/\"]}]},{\"@type\":\"ImageObject\",\"inLanguage\":\"fr-FR\",\"@id\":\"https:\/\/www.gold.fr\/news\/2014\/03\/27\/des-marches-mitiges-mais-leuro-bat-le-dollar\/#primaryimage\",\"url\":\"https:\/\/www.gold.fr\/news\/wp-content\/uploads\/2011\/12\/Or-Crise-europ\u00e9enne.jpg\",\"contentUrl\":\"https:\/\/www.gold.fr\/news\/wp-content\/uploads\/2011\/12\/Or-Crise-europ\u00e9enne.jpg\",\"width\":\"600\",\"height\":\"389\",\"caption\":\"Le suspense grec p\u00e8se sur les march\u00e9s financiers\"},{\"@type\":\"BreadcrumbList\",\"@id\":\"https:\/\/www.gold.fr\/news\/2014\/03\/27\/des-marches-mitiges-mais-leuro-bat-le-dollar\/#breadcrumb\",\"itemListElement\":[{\"@type\":\"ListItem\",\"position\":1,\"name\":\"Accueil\",\"item\":\"https:\/\/www.gold.fr\/\"},{\"@type\":\"ListItem\",\"position\":2,\"name\":\"Actualit\u00e9s\",\"item\":\"https:\/\/www.gold.fr\/news\/\"},{\"@type\":\"ListItem\",\"position\":3,\"name\":\"Des march\u00e9s mitig\u00e9s, mais l\u2019euro bat le dollar\"}]},{\"@type\":\"WebSite\",\"@id\":\"https:\/\/www.gold.fr\/news\/#website\",\"url\":\"https:\/\/www.gold.fr\/news\/\",\"name\":\"Gold.fr\",\"description\":\"Actualit\u00e9s de l&#039;Or et des m\u00e9taux pr\u00e9cieux\",\"potentialAction\":[{\"@type\":\"SearchAction\",\"target\":{\"@type\":\"EntryPoint\",\"urlTemplate\":\"https:\/\/www.gold.fr\/news\/?s={search_term_string}\"},\"query-input\":{\"@type\":\"PropertyValueSpecification\",\"valueRequired\":true,\"valueName\":\"search_term_string\"}}],\"inLanguage\":\"fr-FR\"},{\"@type\":\"Person\",\"@id\":\"https:\/\/www.gold.fr\/news\/#\/schema\/person\/760ee7cec237915eebf2be78df0404c4\",\"name\":\"Comptoir National de l'Or\",\"image\":{\"@type\":\"ImageObject\",\"inLanguage\":\"fr-FR\",\"@id\":\"https:\/\/www.gold.fr\/news\/#\/schema\/person\/image\/c36675942654553a86039d2dfa93c740\",\"url\":\"https:\/\/secure.gravatar.com\/avatar\/713f289e398d35ead876c4a4cc08607f0d6d266058cfc25683fffb6092d0e572?s=96&d=mm&r=g\",\"contentUrl\":\"https:\/\/secure.gravatar.com\/avatar\/713f289e398d35ead876c4a4cc08607f0d6d266058cfc25683fffb6092d0e572?s=96&d=mm&r=g\",\"caption\":\"Comptoir National de l'Or\"},\"description\":\"Notre r\u00e9daction est constitu\u00e9e de membres experts dans les m\u00e9tiers de l'\u00e9conomie et la gestion, des Responsables d'agence Comptoir National de l'Or, des analystes financiers qui publient r\u00e9guli\u00e8rement des \u00e9tudes sur les politiques des banques centrales, le cours de l'or, prix de l'or, cours de l'argent, prix de l'argent, cours du platine, cours du palladium,... la situation en zone euro et l'impact de la strat\u00e9gie mon\u00e9taire de la FED. Notre \u00e9quipe scrute \u00e9galement une information plus g\u00e9n\u00e9raliste \u00e0 la recherche d'actualit\u00e9 \\\"p\u00e9pite\\\" \u00e0 vous partager. Depuis 5 ans, nous avons publi\u00e9 un peu plus de 4000 articles qui s'adressent \u00e0 un public large et vari\u00e9 ayant pour objectif de satisfaire votre curiosit\u00e9 et de partager avec vous une certaine fascination pour le m\u00e9tal jaune, le rachat d'or, et pour ceux qui veulent investir dans l'or, vendre leur or tout simplement en savoir plus... Pour tous vos achat or et argent, n'h\u00e9sitez pas \u00e0 prendre rendez-vous dans l'un de nos nombreux comptoirs.\",\"sameAs\":[\"https:\/\/www.gold.fr\"]}]}<\/script>\n<!-- \/ Yoast SEO plugin. -->","yoast_head_json":{"title":"Des march\u00e9s mitig\u00e9s, mais l\u2019euro bat le dollar - Gold.fr","robots":{"index":"index","follow":"follow","max-snippet":"max-snippet:-1","max-image-preview":"max-image-preview:large","max-video-preview":"max-video-preview:-1"},"canonical":"https:\/\/www.gold.fr\/news\/2014\/03\/27\/des-marches-mitiges-mais-leuro-bat-le-dollar\/","og_locale":"fr_FR","og_type":"article","og_title":"Des march\u00e9s mitig\u00e9s, mais l\u2019euro bat le dollar - Gold.fr","og_description":"En d\u00e9pit d\u2019un calme relatif r\u00e9gnant d\u00e9sormais sur la plan\u00e8te \u00e9conomique, politique et g\u00e9opolitique internationale, l\u2019heure semble \u00eatre encore \u00e0 la comp\u00e9tition, au sein des march\u00e9s financiers m\u00eame. Et c\u2019est une gu\u00e9rilla qui bat actuellement son [&hellip;]","og_url":"https:\/\/www.gold.fr\/news\/2014\/03\/27\/des-marches-mitiges-mais-leuro-bat-le-dollar\/","og_site_name":"Gold.fr","article_publisher":"https:\/\/www.facebook.com\/Goldfr\/","article_published_time":"2014-03-27T08:00:49+00:00","article_modified_time":"2018-02-22T13:41:12+00:00","og_image":[{"width":600,"height":389,"url":"https:\/\/www.gold.fr\/news\/wp-content\/uploads\/2011\/12\/Or-Crise-europ\u00e9enne.jpg","type":"image\/jpeg"}],"author":"Comptoir National de l'Or","twitter_card":"summary_large_image","twitter_misc":{"\u00c9crit par":"Comptoir National de l'Or","Dur\u00e9e de lecture estim\u00e9e":"1 minute"},"schema":{"@context":"https:\/\/schema.org","@graph":[{"@type":"Article","@id":"https:\/\/www.gold.fr\/news\/2014\/03\/27\/des-marches-mitiges-mais-leuro-bat-le-dollar\/#article","isPartOf":{"@id":"https:\/\/www.gold.fr\/news\/2014\/03\/27\/des-marches-mitiges-mais-leuro-bat-le-dollar\/"},"author":{"name":"Comptoir National de l'Or","@id":"https:\/\/www.gold.fr\/news\/#\/schema\/person\/760ee7cec237915eebf2be78df0404c4"},"headline":"Des march\u00e9s mitig\u00e9s, mais l\u2019euro bat le dollar","datePublished":"2014-03-27T08:00:49+00:00","dateModified":"2018-02-22T13:41:12+00:00","mainEntityOfPage":{"@id":"https:\/\/www.gold.fr\/news\/2014\/03\/27\/des-marches-mitiges-mais-leuro-bat-le-dollar\/"},"wordCount":290,"commentCount":0,"image":{"@id":"https:\/\/www.gold.fr\/news\/2014\/03\/27\/des-marches-mitiges-mais-leuro-bat-le-dollar\/#primaryimage"},"thumbnailUrl":"https:\/\/www.gold.fr\/news\/wp-content\/uploads\/2011\/12\/Or-Crise-europ\u00e9enne.jpg","keywords":["bce","dollar","\u00e9conomie US","euro","march\u00e9","wall street"],"articleSection":["Articles de presse"],"inLanguage":"fr-FR"},{"@type":"WebPage","@id":"https:\/\/www.gold.fr\/news\/2014\/03\/27\/des-marches-mitiges-mais-leuro-bat-le-dollar\/","url":"https:\/\/www.gold.fr\/news\/2014\/03\/27\/des-marches-mitiges-mais-leuro-bat-le-dollar\/","name":"Des march\u00e9s mitig\u00e9s, mais l\u2019euro bat le dollar - Gold.fr","isPartOf":{"@id":"https:\/\/www.gold.fr\/news\/#website"},"primaryImageOfPage":{"@id":"https:\/\/www.gold.fr\/news\/2014\/03\/27\/des-marches-mitiges-mais-leuro-bat-le-dollar\/#primaryimage"},"image":{"@id":"https:\/\/www.gold.fr\/news\/2014\/03\/27\/des-marches-mitiges-mais-leuro-bat-le-dollar\/#primaryimage"},"thumbnailUrl":"https:\/\/www.gold.fr\/news\/wp-content\/uploads\/2011\/12\/Or-Crise-europ\u00e9enne.jpg","datePublished":"2014-03-27T08:00:49+00:00","dateModified":"2018-02-22T13:41:12+00:00","author":{"@id":"https:\/\/www.gold.fr\/news\/#\/schema\/person\/760ee7cec237915eebf2be78df0404c4"},"breadcrumb":{"@id":"https:\/\/www.gold.fr\/news\/2014\/03\/27\/des-marches-mitiges-mais-leuro-bat-le-dollar\/#breadcrumb"},"inLanguage":"fr-FR","potentialAction":[{"@type":"ReadAction","target":["https:\/\/www.gold.fr\/news\/2014\/03\/27\/des-marches-mitiges-mais-leuro-bat-le-dollar\/"]}]},{"@type":"ImageObject","inLanguage":"fr-FR","@id":"https:\/\/www.gold.fr\/news\/2014\/03\/27\/des-marches-mitiges-mais-leuro-bat-le-dollar\/#primaryimage","url":"https:\/\/www.gold.fr\/news\/wp-content\/uploads\/2011\/12\/Or-Crise-europ\u00e9enne.jpg","contentUrl":"https:\/\/www.gold.fr\/news\/wp-content\/uploads\/2011\/12\/Or-Crise-europ\u00e9enne.jpg","width":"600","height":"389","caption":"Le suspense grec p\u00e8se sur les march\u00e9s financiers"},{"@type":"BreadcrumbList","@id":"https:\/\/www.gold.fr\/news\/2014\/03\/27\/des-marches-mitiges-mais-leuro-bat-le-dollar\/#breadcrumb","itemListElement":[{"@type":"ListItem","position":1,"name":"Accueil","item":"https:\/\/www.gold.fr\/"},{"@type":"ListItem","position":2,"name":"Actualit\u00e9s","item":"https:\/\/www.gold.fr\/news\/"},{"@type":"ListItem","position":3,"name":"Des march\u00e9s mitig\u00e9s, mais l\u2019euro bat le dollar"}]},{"@type":"WebSite","@id":"https:\/\/www.gold.fr\/news\/#website","url":"https:\/\/www.gold.fr\/news\/","name":"Gold.fr","description":"Actualit\u00e9s de l&#039;Or et des m\u00e9taux pr\u00e9cieux","potentialAction":[{"@type":"SearchAction","target":{"@type":"EntryPoint","urlTemplate":"https:\/\/www.gold.fr\/news\/?s={search_term_string}"},"query-input":{"@type":"PropertyValueSpecification","valueRequired":true,"valueName":"search_term_string"}}],"inLanguage":"fr-FR"},{"@type":"Person","@id":"https:\/\/www.gold.fr\/news\/#\/schema\/person\/760ee7cec237915eebf2be78df0404c4","name":"Comptoir National de l'Or","image":{"@type":"ImageObject","inLanguage":"fr-FR","@id":"https:\/\/www.gold.fr\/news\/#\/schema\/person\/image\/c36675942654553a86039d2dfa93c740","url":"https:\/\/secure.gravatar.com\/avatar\/713f289e398d35ead876c4a4cc08607f0d6d266058cfc25683fffb6092d0e572?s=96&d=mm&r=g","contentUrl":"https:\/\/secure.gravatar.com\/avatar\/713f289e398d35ead876c4a4cc08607f0d6d266058cfc25683fffb6092d0e572?s=96&d=mm&r=g","caption":"Comptoir National de l'Or"},"description":"Notre r\u00e9daction est constitu\u00e9e de membres experts dans les m\u00e9tiers de l'\u00e9conomie et la gestion, des Responsables d'agence Comptoir National de l'Or, des analystes financiers qui publient r\u00e9guli\u00e8rement des \u00e9tudes sur les politiques des banques centrales, le cours de l'or, prix de l'or, cours de l'argent, prix de l'argent, cours du platine, cours du palladium,... la situation en zone euro et l'impact de la strat\u00e9gie mon\u00e9taire de la FED. Notre \u00e9quipe scrute \u00e9galement une information plus g\u00e9n\u00e9raliste \u00e0 la recherche d'actualit\u00e9 \"p\u00e9pite\" \u00e0 vous partager. Depuis 5 ans, nous avons publi\u00e9 un peu plus de 4000 articles qui s'adressent \u00e0 un public large et vari\u00e9 ayant pour objectif de satisfaire votre curiosit\u00e9 et de partager avec vous une certaine fascination pour le m\u00e9tal jaune, le rachat d'or, et pour ceux qui veulent investir dans l'or, vendre leur or tout simplement en savoir plus... Pour tous vos achat or et argent, n'h\u00e9sitez pas \u00e0 prendre rendez-vous dans l'un de nos nombreux comptoirs.","sameAs":["https:\/\/www.gold.fr"]}]}},"authors":[{"term_id":2565,"user_id":18,"is_guest":0,"slug":"julie","display_name":"Comptoir National de l'Or","avatar_url":"https:\/\/secure.gravatar.com\/avatar\/713f289e398d35ead876c4a4cc08607f0d6d266058cfc25683fffb6092d0e572?s=96&d=mm&r=g","0":null,"1":"","2":"","3":"","4":"","5":"","6":"","7":"","8":""}],"_links":{"self":[{"href":"https:\/\/www.gold.fr\/news\/wp-json\/wp\/v2\/posts\/14264","targetHints":{"allow":["GET"]}}],"collection":[{"href":"https:\/\/www.gold.fr\/news\/wp-json\/wp\/v2\/posts"}],"about":[{"href":"https:\/\/www.gold.fr\/news\/wp-json\/wp\/v2\/types\/post"}],"author":[{"embeddable":true,"href":"https:\/\/www.gold.fr\/news\/wp-json\/wp\/v2\/users\/18"}],"replies":[{"embeddable":true,"href":"https:\/\/www.gold.fr\/news\/wp-json\/wp\/v2\/comments?post=14264"}],"version-history":[{"count":0,"href":"https:\/\/www.gold.fr\/news\/wp-json\/wp\/v2\/posts\/14264\/revisions"}],"wp:featuredmedia":[{"embeddable":true,"href":"https:\/\/www.gold.fr\/news\/wp-json\/wp\/v2\/media\/4633"}],"wp:attachment":[{"href":"https:\/\/www.gold.fr\/news\/wp-json\/wp\/v2\/media?parent=14264"}],"wp:term":[{"taxonomy":"category","embeddable":true,"href":"https:\/\/www.gold.fr\/news\/wp-json\/wp\/v2\/categories?post=14264"},{"taxonomy":"post_tag","embeddable":true,"href":"https:\/\/www.gold.fr\/news\/wp-json\/wp\/v2\/tags?post=14264"},{"taxonomy":"author","embeddable":true,"href":"https:\/\/www.gold.fr\/news\/wp-json\/wp\/v2\/ppma_author?post=14264"}],"curies":[{"name":"wp","href":"https:\/\/api.w.org\/{rel}","templated":true}]}}