{"id":14243,"date":"2014-03-24T17:00:06","date_gmt":"2014-03-24T16:00:06","guid":{"rendered":"https:\/\/www.gold.fr\/news\/?p=14243"},"modified":"2018-02-22T14:41:17","modified_gmt":"2018-02-22T13:41:17","slug":"lor-tiraille-entre-crimee-et-fed","status":"publish","type":"post","link":"https:\/\/www.gold.fr\/news\/2014\/03\/24\/lor-tiraille-entre-crimee-et-fed\/","title":{"rendered":"L\u2019or tiraill\u00e9 entre Crim\u00e9e et FED"},"content":{"rendered":"<p><img loading=\"lazy\" decoding=\"async\" class=\"alignleft size-thumbnail wp-image-10137\" title=\"L\u2019or tiraill\u00e9 entre Crim\u00e9e et FED\" src=\"https:\/\/www.gold.fr\/news\/wp-content\/uploads\/2010\/05\/lingos_dor-150x150.jpg\" alt=\"\" width=\"150\" height=\"150\" \/><span style=\"font-size: small;\">Et force est d&rsquo;admettre que c&rsquo;est la <strong>FED<\/strong> qui l&#8217;emporte, pour le moment. Car, entre la pression baissi\u00e8re impos\u00e9e par la <strong>FED<\/strong> et <a title=\"Evolution de l\u2019or : Les experts expliquent la baisse par la Crim\u00e9e\" href=\"https:\/\/www.gold.fr\/news\/2014\/03\/20\/evolution-de-lor-les-experts-expliquent-la-baisse-par-la-crimee\/14201\/\" target=\"_blank\">le facteur g\u00e9opolitique haussier de la Crim\u00e9e<\/a>, c&rsquo;est actuellement l&rsquo;\u00e9l\u00e9ment <strong>FOMC<\/strong> qui continue \u00e0 tirer l&rsquo;ensemble du march\u00e9 aurif\u00e8re vers le bas.<\/span>    <span style=\"font-size: small;\"> Pourtant, les yeux demeurent intens\u00e9ment braqu\u00e9s sur l&rsquo;\u00e9volution de la situation en Crim\u00e9e, avec le retour d&rsquo;une vague d&rsquo;inqui\u00e9tudes concernant l&rsquo;avenir des relations <strong>russo-ukrainiennes<\/strong>. En effet, \u00ab<em> les Etats-Unis ont durci les sanctions visant Moscou en ciblant maintenant des pans entiers de l&rsquo;\u00e9conomie russe, notamment l&rsquo;\u00e9nergie <\/em>\u00bb, des mesures s\u00e9v\u00e8res que l&rsquo;Union europ\u00e9enne est tr\u00e8s susceptible d&rsquo;imiter dans les jours\/semaines \u00e0 venir. Le facteur de risque, en provenance de cette crise g\u00e9opolitique, n&rsquo;est donc pas encore \u00e0 \u00e9carter.<\/span>    <span style=\"font-size: small;\"> Toutefois, rien ne semble \u00e9branler la pression baissi\u00e8re r\u00e9cemment exerc\u00e9e par l&rsquo;annonce de la d\u00e9cision de la r\u00e9serve f\u00e9d\u00e9rale am\u00e9ricaine. En effet, le <strong>FOMC<\/strong> (comit\u00e9 de direction mon\u00e9taire de la <strong>FED<\/strong>) est d\u00e9sormais clairement d\u00e9termin\u00e9 \u00e0 modifier la politique accommodante de l&rsquo;institution, et les experts soulignent d&rsquo;ailleurs que \u00ab <em>la R\u00e9serve f\u00e9d\u00e9rale continue de pr\u00e9parer le terrain en vue d&rsquo;une normalisation de la politique mon\u00e9taire, ce qui conduit \u00e0 r\u00e9duire la sous-\u00e9valuation du dollar ainsi que l&rsquo;extr\u00eame sur\u00e9valuation de certaines devises \u00e9mergentes<\/em> \u00bb.<\/span>    <span style=\"font-size: small;\"> Et avec la vague de pression vendeuse qui d\u00e9ferle actuellement sur l&rsquo;ensemble des march\u00e9s d&rsquo;<a href='https:\/\/www.gold.fr\/news\/tags\/investissement' class='esk-seo-plu-link'>investissement<\/a>, l&rsquo;<a href='https:\/\/www.gold.fr\/news\/tags\/or' class='esk-seo-plu-link'>or<\/a> tient tant bien que mal le coup, en attendant de pouvoir reprendre son rallye haussier.<\/span><\/p>\n<!-- AddThis Advanced Settings generic via filter on the_content --><!-- AddThis Share Buttons generic via filter on the_content -->","protected":false},"excerpt":{"rendered":"<p>Et force est d&rsquo;admettre que c&rsquo;est la FED qui l&#8217;emporte, pour le moment. Car, entre la pression baissi\u00e8re impos\u00e9e par la FED et le facteur g\u00e9opolitique haussier de la Crim\u00e9e, c&rsquo;est actuellement l&rsquo;\u00e9l\u00e9ment FOMC qui continue [&hellip;]<\/p>\n","protected":false},"author":18,"featured_media":10137,"comment_status":"open","ping_status":"open","sticky":false,"template":"","format":"standard","meta":{"_mbp_gutenberg_autopost":false,"_pgmb_is_evergreen":false,"_pgmb_ap_template_id":0,"footnotes":""},"categories":[6],"tags":[961,1808,144,1034,1166,1233,405],"ppma_author":[2565],"class_list":["post-14243","post","type-post","status-publish","format-standard","has-post-thumbnail","hentry","category-articles-de-presse","tag-cours-or","tag-crimee","tag-fed","tag-fomc","tag-russe","tag-ukraine","tag-usa"],"yoast_head":"<!-- This site is optimized with the Yoast SEO plugin v27.5 - https:\/\/yoast.com\/product\/yoast-seo-wordpress\/ -->\n<title>L\u2019or tiraill\u00e9 entre Crim\u00e9e et FED - Gold.fr<\/title>\n<meta name=\"robots\" content=\"index, follow, max-snippet:-1, max-image-preview:large, max-video-preview:-1\" \/>\n<link rel=\"canonical\" href=\"https:\/\/www.gold.fr\/news\/2014\/03\/24\/lor-tiraille-entre-crimee-et-fed\/\" \/>\n<meta property=\"og:locale\" content=\"fr_FR\" \/>\n<meta property=\"og:type\" content=\"article\" \/>\n<meta property=\"og:title\" content=\"L\u2019or tiraill\u00e9 entre Crim\u00e9e et FED - Gold.fr\" \/>\n<meta property=\"og:description\" content=\"Et force est d&rsquo;admettre que c&rsquo;est la FED qui l&#8217;emporte, pour le moment. Car, entre la pression baissi\u00e8re impos\u00e9e par la FED et le facteur g\u00e9opolitique haussier de la Crim\u00e9e, c&rsquo;est actuellement l&rsquo;\u00e9l\u00e9ment FOMC qui continue [&hellip;]\" \/>\n<meta property=\"og:url\" content=\"https:\/\/www.gold.fr\/news\/2014\/03\/24\/lor-tiraille-entre-crimee-et-fed\/\" \/>\n<meta property=\"og:site_name\" content=\"Gold.fr\" \/>\n<meta property=\"article:publisher\" content=\"https:\/\/www.facebook.com\/Goldfr\/\" \/>\n<meta property=\"article:published_time\" content=\"2014-03-24T16:00:06+00:00\" \/>\n<meta property=\"article:modified_time\" content=\"2018-02-22T13:41:17+00:00\" \/>\n<meta property=\"og:image\" content=\"https:\/\/www.gold.fr\/news\/wp-content\/uploads\/2010\/05\/lingos_dor.jpg\" \/>\n\t<meta property=\"og:image:width\" content=\"600\" \/>\n\t<meta property=\"og:image:height\" content=\"437\" \/>\n\t<meta property=\"og:image:type\" content=\"image\/jpeg\" \/>\n<meta name=\"author\" content=\"Comptoir National de l&#039;Or\" \/>\n<meta name=\"twitter:card\" content=\"summary_large_image\" \/>\n<meta name=\"twitter:label1\" content=\"\u00c9crit par\" \/>\n\t<meta name=\"twitter:data1\" content=\"Comptoir National de l&#039;Or\" \/>\n\t<meta name=\"twitter:label2\" content=\"Dur\u00e9e de lecture estim\u00e9e\" \/>\n\t<meta name=\"twitter:data2\" content=\"1 minute\" \/>\n<script type=\"application\/ld+json\" class=\"yoast-schema-graph\">{\"@context\":\"https:\\\/\\\/schema.org\",\"@graph\":[{\"@type\":\"Article\",\"@id\":\"https:\\\/\\\/www.gold.fr\\\/news\\\/2014\\\/03\\\/24\\\/lor-tiraille-entre-crimee-et-fed\\\/#article\",\"isPartOf\":{\"@id\":\"https:\\\/\\\/www.gold.fr\\\/news\\\/2014\\\/03\\\/24\\\/lor-tiraille-entre-crimee-et-fed\\\/\"},\"author\":{\"name\":\"Comptoir National de l'Or\",\"@id\":\"https:\\\/\\\/www.gold.fr\\\/news\\\/#\\\/schema\\\/person\\\/070491b4b4fb7671bf59b3be20302ce9\"},\"headline\":\"L\u2019or tiraill\u00e9 entre Crim\u00e9e et FED\",\"datePublished\":\"2014-03-24T16:00:06+00:00\",\"dateModified\":\"2018-02-22T13:41:17+00:00\",\"mainEntityOfPage\":{\"@id\":\"https:\\\/\\\/www.gold.fr\\\/news\\\/2014\\\/03\\\/24\\\/lor-tiraille-entre-crimee-et-fed\\\/\"},\"wordCount\":297,\"commentCount\":0,\"image\":{\"@id\":\"https:\\\/\\\/www.gold.fr\\\/news\\\/2014\\\/03\\\/24\\\/lor-tiraille-entre-crimee-et-fed\\\/#primaryimage\"},\"thumbnailUrl\":\"https:\\\/\\\/www.gold.fr\\\/news\\\/wp-content\\\/uploads\\\/2010\\\/05\\\/lingos_dor.jpg\",\"keywords\":[\"cours or\",\"Crim\u00e9e\",\"fed\",\"FOMC\",\"Russe\",\"Ukraine\",\"usa\"],\"articleSection\":[\"Articles de presse\"],\"inLanguage\":\"fr-FR\"},{\"@type\":\"WebPage\",\"@id\":\"https:\\\/\\\/www.gold.fr\\\/news\\\/2014\\\/03\\\/24\\\/lor-tiraille-entre-crimee-et-fed\\\/\",\"url\":\"https:\\\/\\\/www.gold.fr\\\/news\\\/2014\\\/03\\\/24\\\/lor-tiraille-entre-crimee-et-fed\\\/\",\"name\":\"L\u2019or tiraill\u00e9 entre Crim\u00e9e et FED - Gold.fr\",\"isPartOf\":{\"@id\":\"https:\\\/\\\/www.gold.fr\\\/news\\\/#website\"},\"primaryImageOfPage\":{\"@id\":\"https:\\\/\\\/www.gold.fr\\\/news\\\/2014\\\/03\\\/24\\\/lor-tiraille-entre-crimee-et-fed\\\/#primaryimage\"},\"image\":{\"@id\":\"https:\\\/\\\/www.gold.fr\\\/news\\\/2014\\\/03\\\/24\\\/lor-tiraille-entre-crimee-et-fed\\\/#primaryimage\"},\"thumbnailUrl\":\"https:\\\/\\\/www.gold.fr\\\/news\\\/wp-content\\\/uploads\\\/2010\\\/05\\\/lingos_dor.jpg\",\"datePublished\":\"2014-03-24T16:00:06+00:00\",\"dateModified\":\"2018-02-22T13:41:17+00:00\",\"author\":{\"@id\":\"https:\\\/\\\/www.gold.fr\\\/news\\\/#\\\/schema\\\/person\\\/070491b4b4fb7671bf59b3be20302ce9\"},\"breadcrumb\":{\"@id\":\"https:\\\/\\\/www.gold.fr\\\/news\\\/2014\\\/03\\\/24\\\/lor-tiraille-entre-crimee-et-fed\\\/#breadcrumb\"},\"inLanguage\":\"fr-FR\",\"potentialAction\":[{\"@type\":\"ReadAction\",\"target\":[\"https:\\\/\\\/www.gold.fr\\\/news\\\/2014\\\/03\\\/24\\\/lor-tiraille-entre-crimee-et-fed\\\/\"]}]},{\"@type\":\"ImageObject\",\"inLanguage\":\"fr-FR\",\"@id\":\"https:\\\/\\\/www.gold.fr\\\/news\\\/2014\\\/03\\\/24\\\/lor-tiraille-entre-crimee-et-fed\\\/#primaryimage\",\"url\":\"https:\\\/\\\/www.gold.fr\\\/news\\\/wp-content\\\/uploads\\\/2010\\\/05\\\/lingos_dor.jpg\",\"contentUrl\":\"https:\\\/\\\/www.gold.fr\\\/news\\\/wp-content\\\/uploads\\\/2010\\\/05\\\/lingos_dor.jpg\",\"width\":\"600\",\"height\":\"437\",\"caption\":\"L'once redresse la barre\"},{\"@type\":\"BreadcrumbList\",\"@id\":\"https:\\\/\\\/www.gold.fr\\\/news\\\/2014\\\/03\\\/24\\\/lor-tiraille-entre-crimee-et-fed\\\/#breadcrumb\",\"itemListElement\":[{\"@type\":\"ListItem\",\"position\":1,\"name\":\"Accueil\",\"item\":\"https:\\\/\\\/www.gold.fr\\\/\"},{\"@type\":\"ListItem\",\"position\":2,\"name\":\"Actualit\u00e9s\",\"item\":\"https:\\\/\\\/www.gold.fr\\\/news\\\/\"},{\"@type\":\"ListItem\",\"position\":3,\"name\":\"L\u2019or tiraill\u00e9 entre Crim\u00e9e et FED\"}]},{\"@type\":\"WebSite\",\"@id\":\"https:\\\/\\\/www.gold.fr\\\/news\\\/#website\",\"url\":\"https:\\\/\\\/www.gold.fr\\\/news\\\/\",\"name\":\"Gold.fr\",\"description\":\"Actualit\u00e9s de l&#039;Or et des m\u00e9taux pr\u00e9cieux\",\"potentialAction\":[{\"@type\":\"SearchAction\",\"target\":{\"@type\":\"EntryPoint\",\"urlTemplate\":\"https:\\\/\\\/www.gold.fr\\\/news\\\/?s={search_term_string}\"},\"query-input\":{\"@type\":\"PropertyValueSpecification\",\"valueRequired\":true,\"valueName\":\"search_term_string\"}}],\"inLanguage\":\"fr-FR\"},{\"@type\":\"Person\",\"@id\":\"https:\\\/\\\/www.gold.fr\\\/news\\\/#\\\/schema\\\/person\\\/070491b4b4fb7671bf59b3be20302ce9\",\"name\":\"Comptoir National de l'Or\",\"image\":{\"@type\":\"ImageObject\",\"inLanguage\":\"fr-FR\",\"@id\":\"https:\\\/\\\/secure.gravatar.com\\\/avatar\\\/0a2867fd5abe37bed95d5a65e9d58f01756e11efc68af9888dfc50cfa7f65948?s=96&d=mm&r=gb490554db0a38188709de567aa58480d\",\"url\":\"https:\\\/\\\/secure.gravatar.com\\\/avatar\\\/0a2867fd5abe37bed95d5a65e9d58f01756e11efc68af9888dfc50cfa7f65948?s=96&d=mm&r=g\",\"contentUrl\":\"https:\\\/\\\/secure.gravatar.com\\\/avatar\\\/0a2867fd5abe37bed95d5a65e9d58f01756e11efc68af9888dfc50cfa7f65948?s=96&d=mm&r=g\",\"caption\":\"Comptoir National de l'Or\"},\"description\":\"Notre r\u00e9daction est constitu\u00e9e de membres experts dans les m\u00e9tiers de l'\u00e9conomie et la gestion, des Responsables d'agence Comptoir National de l'Or, des analystes financiers qui publient r\u00e9guli\u00e8rement des \u00e9tudes sur les politiques des banques centrales, le cours de l'or, prix de l'or, cours de l'argent, prix de l'argent, cours du platine, cours du palladium,... la situation en zone euro et l'impact de la strat\u00e9gie mon\u00e9taire de la FED. Notre \u00e9quipe scrute \u00e9galement une information plus g\u00e9n\u00e9raliste \u00e0 la recherche d'actualit\u00e9 \\\"p\u00e9pite\\\" \u00e0 vous partager. Depuis 5 ans, nous avons publi\u00e9 un peu plus de 4000 articles qui s'adressent \u00e0 un public large et vari\u00e9 ayant pour objectif de satisfaire votre curiosit\u00e9 et de partager avec vous une certaine fascination pour le m\u00e9tal jaune, le rachat d'or, et pour ceux qui veulent investir dans l'or, vendre leur or tout simplement en savoir plus... Pour tous vos achat or et argent, n'h\u00e9sitez pas \u00e0 prendre rendez-vous dans l'un de nos nombreux comptoirs.\",\"sameAs\":[\"https:\\\/\\\/www.gold.fr\"]}]}<\/script>\n<!-- \/ Yoast SEO plugin. -->","yoast_head_json":{"title":"L\u2019or tiraill\u00e9 entre Crim\u00e9e et FED - Gold.fr","robots":{"index":"index","follow":"follow","max-snippet":"max-snippet:-1","max-image-preview":"max-image-preview:large","max-video-preview":"max-video-preview:-1"},"canonical":"https:\/\/www.gold.fr\/news\/2014\/03\/24\/lor-tiraille-entre-crimee-et-fed\/","og_locale":"fr_FR","og_type":"article","og_title":"L\u2019or tiraill\u00e9 entre Crim\u00e9e et FED - Gold.fr","og_description":"Et force est d&rsquo;admettre que c&rsquo;est la FED qui l&#8217;emporte, pour le moment. Car, entre la pression baissi\u00e8re impos\u00e9e par la FED et le facteur g\u00e9opolitique haussier de la Crim\u00e9e, c&rsquo;est actuellement l&rsquo;\u00e9l\u00e9ment FOMC qui continue [&hellip;]","og_url":"https:\/\/www.gold.fr\/news\/2014\/03\/24\/lor-tiraille-entre-crimee-et-fed\/","og_site_name":"Gold.fr","article_publisher":"https:\/\/www.facebook.com\/Goldfr\/","article_published_time":"2014-03-24T16:00:06+00:00","article_modified_time":"2018-02-22T13:41:17+00:00","og_image":[{"width":600,"height":437,"url":"https:\/\/www.gold.fr\/news\/wp-content\/uploads\/2010\/05\/lingos_dor.jpg","type":"image\/jpeg"}],"author":"Comptoir National de l'Or","twitter_card":"summary_large_image","twitter_misc":{"\u00c9crit par":"Comptoir National de l'Or","Dur\u00e9e de lecture estim\u00e9e":"1 minute"},"schema":{"@context":"https:\/\/schema.org","@graph":[{"@type":"Article","@id":"https:\/\/www.gold.fr\/news\/2014\/03\/24\/lor-tiraille-entre-crimee-et-fed\/#article","isPartOf":{"@id":"https:\/\/www.gold.fr\/news\/2014\/03\/24\/lor-tiraille-entre-crimee-et-fed\/"},"author":{"name":"Comptoir National de l'Or","@id":"https:\/\/www.gold.fr\/news\/#\/schema\/person\/070491b4b4fb7671bf59b3be20302ce9"},"headline":"L\u2019or tiraill\u00e9 entre Crim\u00e9e et FED","datePublished":"2014-03-24T16:00:06+00:00","dateModified":"2018-02-22T13:41:17+00:00","mainEntityOfPage":{"@id":"https:\/\/www.gold.fr\/news\/2014\/03\/24\/lor-tiraille-entre-crimee-et-fed\/"},"wordCount":297,"commentCount":0,"image":{"@id":"https:\/\/www.gold.fr\/news\/2014\/03\/24\/lor-tiraille-entre-crimee-et-fed\/#primaryimage"},"thumbnailUrl":"https:\/\/www.gold.fr\/news\/wp-content\/uploads\/2010\/05\/lingos_dor.jpg","keywords":["cours or","Crim\u00e9e","fed","FOMC","Russe","Ukraine","usa"],"articleSection":["Articles de presse"],"inLanguage":"fr-FR"},{"@type":"WebPage","@id":"https:\/\/www.gold.fr\/news\/2014\/03\/24\/lor-tiraille-entre-crimee-et-fed\/","url":"https:\/\/www.gold.fr\/news\/2014\/03\/24\/lor-tiraille-entre-crimee-et-fed\/","name":"L\u2019or tiraill\u00e9 entre Crim\u00e9e et FED - Gold.fr","isPartOf":{"@id":"https:\/\/www.gold.fr\/news\/#website"},"primaryImageOfPage":{"@id":"https:\/\/www.gold.fr\/news\/2014\/03\/24\/lor-tiraille-entre-crimee-et-fed\/#primaryimage"},"image":{"@id":"https:\/\/www.gold.fr\/news\/2014\/03\/24\/lor-tiraille-entre-crimee-et-fed\/#primaryimage"},"thumbnailUrl":"https:\/\/www.gold.fr\/news\/wp-content\/uploads\/2010\/05\/lingos_dor.jpg","datePublished":"2014-03-24T16:00:06+00:00","dateModified":"2018-02-22T13:41:17+00:00","author":{"@id":"https:\/\/www.gold.fr\/news\/#\/schema\/person\/070491b4b4fb7671bf59b3be20302ce9"},"breadcrumb":{"@id":"https:\/\/www.gold.fr\/news\/2014\/03\/24\/lor-tiraille-entre-crimee-et-fed\/#breadcrumb"},"inLanguage":"fr-FR","potentialAction":[{"@type":"ReadAction","target":["https:\/\/www.gold.fr\/news\/2014\/03\/24\/lor-tiraille-entre-crimee-et-fed\/"]}]},{"@type":"ImageObject","inLanguage":"fr-FR","@id":"https:\/\/www.gold.fr\/news\/2014\/03\/24\/lor-tiraille-entre-crimee-et-fed\/#primaryimage","url":"https:\/\/www.gold.fr\/news\/wp-content\/uploads\/2010\/05\/lingos_dor.jpg","contentUrl":"https:\/\/www.gold.fr\/news\/wp-content\/uploads\/2010\/05\/lingos_dor.jpg","width":"600","height":"437","caption":"L'once redresse la barre"},{"@type":"BreadcrumbList","@id":"https:\/\/www.gold.fr\/news\/2014\/03\/24\/lor-tiraille-entre-crimee-et-fed\/#breadcrumb","itemListElement":[{"@type":"ListItem","position":1,"name":"Accueil","item":"https:\/\/www.gold.fr\/"},{"@type":"ListItem","position":2,"name":"Actualit\u00e9s","item":"https:\/\/www.gold.fr\/news\/"},{"@type":"ListItem","position":3,"name":"L\u2019or tiraill\u00e9 entre Crim\u00e9e et FED"}]},{"@type":"WebSite","@id":"https:\/\/www.gold.fr\/news\/#website","url":"https:\/\/www.gold.fr\/news\/","name":"Gold.fr","description":"Actualit\u00e9s de l&#039;Or et des m\u00e9taux pr\u00e9cieux","potentialAction":[{"@type":"SearchAction","target":{"@type":"EntryPoint","urlTemplate":"https:\/\/www.gold.fr\/news\/?s={search_term_string}"},"query-input":{"@type":"PropertyValueSpecification","valueRequired":true,"valueName":"search_term_string"}}],"inLanguage":"fr-FR"},{"@type":"Person","@id":"https:\/\/www.gold.fr\/news\/#\/schema\/person\/070491b4b4fb7671bf59b3be20302ce9","name":"Comptoir National de l'Or","image":{"@type":"ImageObject","inLanguage":"fr-FR","@id":"https:\/\/secure.gravatar.com\/avatar\/0a2867fd5abe37bed95d5a65e9d58f01756e11efc68af9888dfc50cfa7f65948?s=96&d=mm&r=gb490554db0a38188709de567aa58480d","url":"https:\/\/secure.gravatar.com\/avatar\/0a2867fd5abe37bed95d5a65e9d58f01756e11efc68af9888dfc50cfa7f65948?s=96&d=mm&r=g","contentUrl":"https:\/\/secure.gravatar.com\/avatar\/0a2867fd5abe37bed95d5a65e9d58f01756e11efc68af9888dfc50cfa7f65948?s=96&d=mm&r=g","caption":"Comptoir National de l'Or"},"description":"Notre r\u00e9daction est constitu\u00e9e de membres experts dans les m\u00e9tiers de l'\u00e9conomie et la gestion, des Responsables d'agence Comptoir National de l'Or, des analystes financiers qui publient r\u00e9guli\u00e8rement des \u00e9tudes sur les politiques des banques centrales, le cours de l'or, prix de l'or, cours de l'argent, prix de l'argent, cours du platine, cours du palladium,... la situation en zone euro et l'impact de la strat\u00e9gie mon\u00e9taire de la FED. Notre \u00e9quipe scrute \u00e9galement une information plus g\u00e9n\u00e9raliste \u00e0 la recherche d'actualit\u00e9 \"p\u00e9pite\" \u00e0 vous partager. Depuis 5 ans, nous avons publi\u00e9 un peu plus de 4000 articles qui s'adressent \u00e0 un public large et vari\u00e9 ayant pour objectif de satisfaire votre curiosit\u00e9 et de partager avec vous une certaine fascination pour le m\u00e9tal jaune, le rachat d'or, et pour ceux qui veulent investir dans l'or, vendre leur or tout simplement en savoir plus... Pour tous vos achat or et argent, n'h\u00e9sitez pas \u00e0 prendre rendez-vous dans l'un de nos nombreux comptoirs.","sameAs":["https:\/\/www.gold.fr"]}]}},"authors":[{"term_id":2565,"user_id":18,"is_guest":0,"slug":"julie","display_name":"Comptoir National de l'Or","avatar_url":"https:\/\/secure.gravatar.com\/avatar\/713f289e398d35ead876c4a4cc08607f0d6d266058cfc25683fffb6092d0e572?s=96&d=mm&r=g","0":null,"1":"","2":"","3":"","4":"","5":"","6":"","7":"","8":""}],"_links":{"self":[{"href":"https:\/\/www.gold.fr\/news\/wp-json\/wp\/v2\/posts\/14243","targetHints":{"allow":["GET"]}}],"collection":[{"href":"https:\/\/www.gold.fr\/news\/wp-json\/wp\/v2\/posts"}],"about":[{"href":"https:\/\/www.gold.fr\/news\/wp-json\/wp\/v2\/types\/post"}],"author":[{"embeddable":true,"href":"https:\/\/www.gold.fr\/news\/wp-json\/wp\/v2\/users\/18"}],"replies":[{"embeddable":true,"href":"https:\/\/www.gold.fr\/news\/wp-json\/wp\/v2\/comments?post=14243"}],"version-history":[{"count":0,"href":"https:\/\/www.gold.fr\/news\/wp-json\/wp\/v2\/posts\/14243\/revisions"}],"wp:featuredmedia":[{"embeddable":true,"href":"https:\/\/www.gold.fr\/news\/wp-json\/wp\/v2\/media\/10137"}],"wp:attachment":[{"href":"https:\/\/www.gold.fr\/news\/wp-json\/wp\/v2\/media?parent=14243"}],"wp:term":[{"taxonomy":"category","embeddable":true,"href":"https:\/\/www.gold.fr\/news\/wp-json\/wp\/v2\/categories?post=14243"},{"taxonomy":"post_tag","embeddable":true,"href":"https:\/\/www.gold.fr\/news\/wp-json\/wp\/v2\/tags?post=14243"},{"taxonomy":"author","embeddable":true,"href":"https:\/\/www.gold.fr\/news\/wp-json\/wp\/v2\/ppma_author?post=14243"}],"curies":[{"name":"wp","href":"https:\/\/api.w.org\/{rel}","templated":true}]}}