{"id":14234,"date":"2014-03-25T11:46:00","date_gmt":"2014-03-25T10:46:00","guid":{"rendered":"https:\/\/www.gold.fr\/news\/?p=14234"},"modified":"2021-01-13T16:24:38","modified_gmt":"2021-01-13T15:24:38","slug":"le-poids-de-lor-dans-un-contexte-mondial-sombre","status":"publish","type":"post","link":"https:\/\/www.gold.fr\/news\/2014\/03\/25\/le-poids-de-lor-dans-un-contexte-mondial-sombre\/","title":{"rendered":"Le poids de l\u2019Or dans un contexte mondial sombre !"},"content":{"rendered":"<p style=\"text-align: justify;\"><span style=\"font-family: georgia, palatino; font-size: medium;\"><a href=\"https:\/\/www.gold.fr\/news\/wp-content\/uploads\/2014\/03\/image13.jpg\"><img loading=\"lazy\" decoding=\"async\" class=\"alignleft size-thumbnail wp-image-14236\" src=\"https:\/\/www.gold.fr\/news\/wp-content\/uploads\/2014\/03\/image13-150x150.jpg\" alt=\"\" width=\"150\" height=\"150\" srcset=\"https:\/\/www.gold.fr\/news\/wp-content\/uploads\/2014\/03\/image13-150x150.jpg 150w, https:\/\/www.gold.fr\/news\/wp-content\/uploads\/2014\/03\/image13-80x80.jpg 80w, https:\/\/www.gold.fr\/news\/wp-content\/uploads\/2014\/03\/image13-1x1.jpg 1w\" sizes=\"auto, (max-width: 150px) 100vw, 150px\" \/><\/a>Ils se sont d\u00e9velopp\u00e9s, rapidement, peut \u00eatre un peu trop\u2026? Apr\u00e8s avoir explos\u00e9 les niveaux de croissance en 2013, les pays \u00e9mergents vivent aujourd&rsquo;hui un retournement de leur situation \u00e9conomique des plus in\u00e9dits ! Entre mai 2013 et fin janvier 2014, toutes leurs devises ont d\u00e9gringol\u00e9 par rapport au dollar : (-14%) pour la roupie indienne, (-17%) pour le r\u00e9al br\u00e9silien, (-21%) pour la livre turque et (-35%) pour le peso argentin\u2026 H\u00e9las, la crise ne semble m\u00eame pas \u00e9pargner ces pays ! Ces derniers qui avaient particip\u00e9 \u00e0 98% de la cr\u00e9ation mondiale de richesse en 2008, d&rsquo;apr\u00e8s le cabinet Euler Hermes, se retrouvent aujourd&rsquo;hui, confront\u00e9s \u00e0 une fuite massive des investisseurs mais \u00e9galement, \u00e0 un surendettement effrayant ! De nombreux pays \u00e9mergents d&rsquo;Asie, accusent un taux d&rsquo;endettement sup\u00e9rieur \u00e0 100% du PIB. En r\u00e9alit\u00e9, le cas chinois demeure le plus pr\u00e9occupant ! En effet, l&rsquo;Empire du milieu, que nous pouvons qualifier de client privil\u00e9gi\u00e9 de l&rsquo;<a class=\"esk-seo-plu-link\" href=\"https:\/\/www.gold.fr\/news\/tags\/or\">or<\/a>, tra\u00eene une dette de plus de 200% de son secteur priv\u00e9. C&rsquo;est dans ce contexte que la Banque centrale de Chine a d\u00e9cid\u00e9 de limiter l&rsquo;acc\u00e8s au cr\u00e9dit, pour tenter de r\u00e9guler la situation. Cependant, cette mesure l\u00e9gitime d&rsquo;ailleurs, aura pour effet de p\u00e9naliser les autres pays \u00e9mergents comme le Br\u00e9sil, l&rsquo;Afrique du Sud ou l&rsquo;Indon\u00e9sie \u00e9tant donn\u00e9 que leurs exportations de mati\u00e8res premi\u00e8res principalement, proviennent en grande partie de la Chine\u2026 <\/span><\/p>\n<p style=\"text-align: justify;\"><span style=\"font-family: georgia, palatino; font-size: medium;\">Par cons\u00e9quent, dans ce contexte, ceux qui s&rsquo;interrogent encore sur les retentissements que pourraient subir d&rsquo;autres pays d\u00e9velopp\u00e9s, continuent tout simplement de planer\u2026 ! Dans une note publi\u00e9e le 12 mars, Morgan Stanley, l&rsquo;une des principales banques d&rsquo;<a class=\"esk-seo-plu-link\" href=\"https:\/\/www.gold.fr\/news\/tags\/investissement\">investissements<\/a> au monde, a laiss\u00e9 entendre que la crise des pays des BRICS est beaucoup plus grave que la crise asiatique de 1997\/1998. Son extension aux pays d\u00e9velopp\u00e9s ne fait aucun doute, sachant que 38% de l&rsquo;\u00e9conomie mondiale est maintenant domin\u00e9e par les pays \u00e9mergents, contre 20% en 1997. Des entreprises comme Lafarge ou Renault par exemple, r\u00e9alisent plus de 30% de leurs chiffres d&rsquo;affaires dans les pays \u00e9mergents. C&rsquo;est pourquoi un changement de strat\u00e9gie d&rsquo;<a class=\"esk-seo-plu-link\" href=\"https:\/\/www.gold.fr\/news\/tags\/investissement\">investissement<\/a> s&rsquo;impose ! D&rsquo;ailleurs, Morgan Stanley pr\u00e9conisent l&rsquo;orientation vers les obligations et l&rsquo;<a class=\"esk-seo-plu-link\" href=\"https:\/\/www.gold.fr\/news\/tags\/or\">or<\/a> qui demeurent des valeurs s\u00fbres de mani\u00e8re incontestable ! <\/span><\/p>\n<p style=\"text-align: justify;\"><span style=\"font-family: georgia, palatino; font-size: medium;\">Plus explicitement, l&rsquo;<a class=\"esk-seo-plu-link\" href=\"https:\/\/www.gold.fr\/news\/tags\/or\">or<\/a> qui a progress\u00e9 de 10% depuis le d\u00e9but de l&rsquo;ann\u00e9e, a maintenant un boulevard qui se dessine devant lui. Les raisons qui ont provoqu\u00e9 son repli en 2013, approchent de la date de p\u00e9remption \u00e0 grands pas ! Deux \u00e9v\u00e8nements au d\u00e9triment du <a class=\"esk-seo-plu-link\" href=\"https:\/\/www.gold.fr\/news\/tags\/or\">m\u00e9tal jaune<\/a>, ont marqu\u00e9 l&rsquo;ann\u00e9e : Tout d&rsquo;abord, un surplus d&rsquo;offre d&rsquo;ETF assez exceptionnel, lequel a particip\u00e9 grandement \u00e0 faire chuter les <a class=\"esk-seo-plu-link\" href=\"https:\/\/www.gold.fr\/news\/tags\/cours-de-lor\">cours de l&rsquo;or<\/a>. Ensuite l&rsquo;Inde, qui est habituellement premier consommateur d&rsquo;<a class=\"esk-seo-plu-link\" href=\"https:\/\/www.gold.fr\/news\/tags\/or\">or<\/a> au monde, s&rsquo;est vu imposer des mesures gouvernementales ultra-restrictives sur ses importations, dans le but de palier \u00e0 son compte courant d\u00e9ficitaire. <a class=\"esk-seo-plu-link\" href=\"https:\/\/www.gold.fr\/news\/tags\/or\">Or<\/a>, il se trouve que ce d\u00e9ficit est pass\u00e9 de 5% \u00e0 2%, ce qui veut dire qu&rsquo;il y a de fortes chances, que le gouvernement assouplisse ses r\u00e8gles et remette les indiens sur le chemin de l&rsquo;<a class=\"esk-seo-plu-link\" href=\"https:\/\/www.gold.fr\/news\/tags\/or\">or<\/a>.<\/span><\/p>\n<p style=\"text-align: justify;\"><span style=\"font-family: georgia, palatino; font-size: medium;\">Actuellement, le contexte g\u00e9opolitique est \u00e9galement tr\u00e8s favorable au <a class=\"esk-seo-plu-link\" href=\"https:\/\/www.gold.fr\/news\/tags\/or\">m\u00e9tal pr\u00e9cieux<\/a> ! Les russes se ruent sur l&rsquo;<a class=\"esk-seo-plu-link\" href=\"https:\/\/www.gold.fr\/news\/tags\/or\">or<\/a> depuis le d\u00e9but de l&rsquo;ann\u00e9e, surtout apr\u00e8s la forte d\u00e9pr\u00e9ciation du rouble, et le conflit russo-ukrainien qui n&rsquo;est pas pr\u00eat de s&rsquo;apaiser. D&rsquo;autre part, diff\u00e9rentes \u00e9ch\u00e9ances politiques attendant trois grands pays \u00e9mergents, avec des l\u00e9gislatives en avril pour l&rsquo;Inde, des \u00e9lections pr\u00e9sidentielles au printemps pour l&rsquo;Afrique du Sud et en octobre pour le Br\u00e9sil,\u2026 Autant d&rsquo;\u00e9v\u00e8nements que d&rsquo;\u00e9l\u00e9ments, de nature \u00e0 semer d&rsquo;importants troubles \u00e9conomiques et financiers, avec une d\u00e9stabilisation sociale des plus inqui\u00e9tantes et qui repr\u00e9sente un danger r\u00e9el m\u00eame dans certains pays d\u00e9velopp\u00e9s\u2026Voil\u00e0 pourquoi l&rsquo;heure n&rsquo;est plus \u00e0 la sp\u00e9culation mais \u00e0 la recherche de la protection des ses ressources et au maintien de leur valeur ! Finalement peu importe, pays \u00e9mergents, ou pays d\u00e9velopp\u00e9s, dans un monde en perp\u00e9tuel mouvement, leur interd\u00e9pendance est plus forte que jamais, et \u00e0 ce stade, <strong>seul l&rsquo;<a class=\"esk-seo-plu-link\" href=\"https:\/\/www.gold.fr\/news\/tags\/or\">or<\/a> devient le garant de notre ind\u00e9pendance !<\/strong><\/span><\/p>\n<p style=\"text-align: right;\"><span style=\"font-family: georgia, palatino; font-size: small;\"> (Sources : Le monde\/Les echos\/agenceecofin\/Jeune Afrique)<\/span><\/p>\n<!-- AddThis Advanced Settings generic via filter on the_content --><!-- AddThis Share Buttons generic via filter on the_content -->","protected":false},"excerpt":{"rendered":"<p>Ils se sont d\u00e9velopp\u00e9s, rapidement, peut \u00eatre un peu trop\u2026? Apr\u00e8s avoir explos\u00e9 les niveaux de croissance en 2013, les pays \u00e9mergents vivent aujourd&rsquo;hui un retournement de leur situation \u00e9conomique des plus in\u00e9dits ! Entre mai [&hellip;]<\/p>\n","protected":false},"author":18,"featured_media":14237,"comment_status":"closed","ping_status":"closed","sticky":false,"template":"","format":"standard","meta":{"_mbp_gutenberg_autopost":false,"_pgmb_is_evergreen":false,"_pgmb_ap_template_id":0,"footnotes":""},"categories":[4],"tags":[1908,923,456,76],"ppma_author":[2565],"class_list":["post-14234","post","type-post","status-publish","format-standard","has-post-thumbnail","hentry","category-analyses-economiques","tag-conjoncture-geopolitique","tag-crise","tag-investir-dans-lor","tag-or"],"yoast_head":"<!-- This site is optimized with the Yoast SEO plugin v27.5 - https:\/\/yoast.com\/product\/yoast-seo-wordpress\/ -->\n<title>Le poids de l\u2019Or dans un contexte mondial sombre ! - Gold.fr<\/title>\n<meta name=\"description\" content=\"Le poids de l\u2019Or dans un contexte mondial sombre ! Suivez toute l&#039;actualit\u00e9 \u00e0 propos de l&#039;or sur Gold.fr, le site d&#039;actualit\u00e9 du Comptoir National de l&#039;Or.\" \/>\n<meta name=\"robots\" content=\"index, follow, max-snippet:-1, max-image-preview:large, max-video-preview:-1\" \/>\n<link rel=\"canonical\" href=\"https:\/\/www.gold.fr\/news\/2014\/03\/25\/le-poids-de-lor-dans-un-contexte-mondial-sombre\/\" \/>\n<meta property=\"og:locale\" content=\"fr_FR\" \/>\n<meta property=\"og:type\" content=\"article\" \/>\n<meta property=\"og:title\" content=\"Le poids de l\u2019Or dans un contexte mondial sombre ! - Gold.fr\" \/>\n<meta property=\"og:description\" content=\"Le poids de l\u2019Or dans un contexte mondial sombre ! Suivez toute l&#039;actualit\u00e9 \u00e0 propos de l&#039;or sur Gold.fr, le site d&#039;actualit\u00e9 du Comptoir National de l&#039;Or.\" \/>\n<meta property=\"og:url\" content=\"https:\/\/www.gold.fr\/news\/2014\/03\/25\/le-poids-de-lor-dans-un-contexte-mondial-sombre\/\" \/>\n<meta property=\"og:site_name\" content=\"Gold.fr\" \/>\n<meta property=\"article:publisher\" content=\"https:\/\/www.facebook.com\/Goldfr\/\" \/>\n<meta property=\"article:published_time\" content=\"2014-03-25T10:46:00+00:00\" \/>\n<meta property=\"article:modified_time\" content=\"2021-01-13T15:24:38+00:00\" \/>\n<meta property=\"og:image\" content=\"https:\/\/www.gold.fr\/news\/wp-content\/uploads\/2014\/03\/image21.jpeg\" \/>\n\t<meta property=\"og:image:width\" content=\"614\" \/>\n\t<meta property=\"og:image:height\" content=\"669\" \/>\n\t<meta property=\"og:image:type\" content=\"image\/jpeg\" \/>\n<meta name=\"author\" content=\"Comptoir National de l&#039;Or\" \/>\n<meta name=\"twitter:card\" content=\"summary_large_image\" \/>\n<meta name=\"twitter:label1\" content=\"\u00c9crit par\" \/>\n\t<meta name=\"twitter:data1\" content=\"Comptoir National de l&#039;Or\" \/>\n\t<meta name=\"twitter:label2\" content=\"Dur\u00e9e de lecture estim\u00e9e\" \/>\n\t<meta name=\"twitter:data2\" content=\"4 minutes\" \/>\n<script type=\"application\/ld+json\" class=\"yoast-schema-graph\">{\"@context\":\"https:\\\/\\\/schema.org\",\"@graph\":[{\"@type\":\"Article\",\"@id\":\"https:\\\/\\\/www.gold.fr\\\/news\\\/2014\\\/03\\\/25\\\/le-poids-de-lor-dans-un-contexte-mondial-sombre\\\/#article\",\"isPartOf\":{\"@id\":\"https:\\\/\\\/www.gold.fr\\\/news\\\/2014\\\/03\\\/25\\\/le-poids-de-lor-dans-un-contexte-mondial-sombre\\\/\"},\"author\":{\"name\":\"Comptoir National de l'Or\",\"@id\":\"https:\\\/\\\/www.gold.fr\\\/news\\\/#\\\/schema\\\/person\\\/070491b4b4fb7671bf59b3be20302ce9\"},\"headline\":\"Le poids de l\u2019Or dans un contexte mondial sombre !\",\"datePublished\":\"2014-03-25T10:46:00+00:00\",\"dateModified\":\"2021-01-13T15:24:38+00:00\",\"mainEntityOfPage\":{\"@id\":\"https:\\\/\\\/www.gold.fr\\\/news\\\/2014\\\/03\\\/25\\\/le-poids-de-lor-dans-un-contexte-mondial-sombre\\\/\"},\"wordCount\":769,\"image\":{\"@id\":\"https:\\\/\\\/www.gold.fr\\\/news\\\/2014\\\/03\\\/25\\\/le-poids-de-lor-dans-un-contexte-mondial-sombre\\\/#primaryimage\"},\"thumbnailUrl\":\"https:\\\/\\\/www.gold.fr\\\/news\\\/wp-content\\\/uploads\\\/2014\\\/03\\\/image21.jpeg\",\"keywords\":[\"conjoncture g\u00e9opolitique\",\"crise\",\"investir dans l'Or\",\"Or\"],\"articleSection\":[\"Analyses Economiques\"],\"inLanguage\":\"fr-FR\"},{\"@type\":\"WebPage\",\"@id\":\"https:\\\/\\\/www.gold.fr\\\/news\\\/2014\\\/03\\\/25\\\/le-poids-de-lor-dans-un-contexte-mondial-sombre\\\/\",\"url\":\"https:\\\/\\\/www.gold.fr\\\/news\\\/2014\\\/03\\\/25\\\/le-poids-de-lor-dans-un-contexte-mondial-sombre\\\/\",\"name\":\"Le poids de l\u2019Or dans un contexte mondial sombre ! - Gold.fr\",\"isPartOf\":{\"@id\":\"https:\\\/\\\/www.gold.fr\\\/news\\\/#website\"},\"primaryImageOfPage\":{\"@id\":\"https:\\\/\\\/www.gold.fr\\\/news\\\/2014\\\/03\\\/25\\\/le-poids-de-lor-dans-un-contexte-mondial-sombre\\\/#primaryimage\"},\"image\":{\"@id\":\"https:\\\/\\\/www.gold.fr\\\/news\\\/2014\\\/03\\\/25\\\/le-poids-de-lor-dans-un-contexte-mondial-sombre\\\/#primaryimage\"},\"thumbnailUrl\":\"https:\\\/\\\/www.gold.fr\\\/news\\\/wp-content\\\/uploads\\\/2014\\\/03\\\/image21.jpeg\",\"datePublished\":\"2014-03-25T10:46:00+00:00\",\"dateModified\":\"2021-01-13T15:24:38+00:00\",\"author\":{\"@id\":\"https:\\\/\\\/www.gold.fr\\\/news\\\/#\\\/schema\\\/person\\\/070491b4b4fb7671bf59b3be20302ce9\"},\"description\":\"Le poids de l\u2019Or dans un contexte mondial sombre ! Suivez toute l'actualit\u00e9 \u00e0 propos de l'or sur Gold.fr, le site d'actualit\u00e9 du Comptoir National de l'Or.\",\"breadcrumb\":{\"@id\":\"https:\\\/\\\/www.gold.fr\\\/news\\\/2014\\\/03\\\/25\\\/le-poids-de-lor-dans-un-contexte-mondial-sombre\\\/#breadcrumb\"},\"inLanguage\":\"fr-FR\",\"potentialAction\":[{\"@type\":\"ReadAction\",\"target\":[\"https:\\\/\\\/www.gold.fr\\\/news\\\/2014\\\/03\\\/25\\\/le-poids-de-lor-dans-un-contexte-mondial-sombre\\\/\"]}]},{\"@type\":\"ImageObject\",\"inLanguage\":\"fr-FR\",\"@id\":\"https:\\\/\\\/www.gold.fr\\\/news\\\/2014\\\/03\\\/25\\\/le-poids-de-lor-dans-un-contexte-mondial-sombre\\\/#primaryimage\",\"url\":\"https:\\\/\\\/www.gold.fr\\\/news\\\/wp-content\\\/uploads\\\/2014\\\/03\\\/image21.jpeg\",\"contentUrl\":\"https:\\\/\\\/www.gold.fr\\\/news\\\/wp-content\\\/uploads\\\/2014\\\/03\\\/image21.jpeg\",\"width\":\"614\",\"height\":\"669\",\"caption\":\"L\u2019once en \u00e9quilibre face \u00e0 l\u2019envol\u00e9e des indices boursiers\"},{\"@type\":\"BreadcrumbList\",\"@id\":\"https:\\\/\\\/www.gold.fr\\\/news\\\/2014\\\/03\\\/25\\\/le-poids-de-lor-dans-un-contexte-mondial-sombre\\\/#breadcrumb\",\"itemListElement\":[{\"@type\":\"ListItem\",\"position\":1,\"name\":\"Accueil\",\"item\":\"https:\\\/\\\/www.gold.fr\\\/\"},{\"@type\":\"ListItem\",\"position\":2,\"name\":\"Actualit\u00e9s\",\"item\":\"https:\\\/\\\/www.gold.fr\\\/news\\\/\"},{\"@type\":\"ListItem\",\"position\":3,\"name\":\"Le poids de l\u2019Or dans un contexte mondial sombre !\"}]},{\"@type\":\"WebSite\",\"@id\":\"https:\\\/\\\/www.gold.fr\\\/news\\\/#website\",\"url\":\"https:\\\/\\\/www.gold.fr\\\/news\\\/\",\"name\":\"Gold.fr\",\"description\":\"Actualit\u00e9s de l&#039;Or et des m\u00e9taux pr\u00e9cieux\",\"potentialAction\":[{\"@type\":\"SearchAction\",\"target\":{\"@type\":\"EntryPoint\",\"urlTemplate\":\"https:\\\/\\\/www.gold.fr\\\/news\\\/?s={search_term_string}\"},\"query-input\":{\"@type\":\"PropertyValueSpecification\",\"valueRequired\":true,\"valueName\":\"search_term_string\"}}],\"inLanguage\":\"fr-FR\"},{\"@type\":\"Person\",\"@id\":\"https:\\\/\\\/www.gold.fr\\\/news\\\/#\\\/schema\\\/person\\\/070491b4b4fb7671bf59b3be20302ce9\",\"name\":\"Comptoir National de l'Or\",\"image\":{\"@type\":\"ImageObject\",\"inLanguage\":\"fr-FR\",\"@id\":\"https:\\\/\\\/secure.gravatar.com\\\/avatar\\\/0a2867fd5abe37bed95d5a65e9d58f01756e11efc68af9888dfc50cfa7f65948?s=96&d=mm&r=gb490554db0a38188709de567aa58480d\",\"url\":\"https:\\\/\\\/secure.gravatar.com\\\/avatar\\\/0a2867fd5abe37bed95d5a65e9d58f01756e11efc68af9888dfc50cfa7f65948?s=96&d=mm&r=g\",\"contentUrl\":\"https:\\\/\\\/secure.gravatar.com\\\/avatar\\\/0a2867fd5abe37bed95d5a65e9d58f01756e11efc68af9888dfc50cfa7f65948?s=96&d=mm&r=g\",\"caption\":\"Comptoir National de l'Or\"},\"description\":\"Notre r\u00e9daction est constitu\u00e9e de membres experts dans les m\u00e9tiers de l'\u00e9conomie et la gestion, des Responsables d'agence Comptoir National de l'Or, des analystes financiers qui publient r\u00e9guli\u00e8rement des \u00e9tudes sur les politiques des banques centrales, le cours de l'or, prix de l'or, cours de l'argent, prix de l'argent, cours du platine, cours du palladium,... la situation en zone euro et l'impact de la strat\u00e9gie mon\u00e9taire de la FED. Notre \u00e9quipe scrute \u00e9galement une information plus g\u00e9n\u00e9raliste \u00e0 la recherche d'actualit\u00e9 \\\"p\u00e9pite\\\" \u00e0 vous partager. Depuis 5 ans, nous avons publi\u00e9 un peu plus de 4000 articles qui s'adressent \u00e0 un public large et vari\u00e9 ayant pour objectif de satisfaire votre curiosit\u00e9 et de partager avec vous une certaine fascination pour le m\u00e9tal jaune, le rachat d'or, et pour ceux qui veulent investir dans l'or, vendre leur or tout simplement en savoir plus... Pour tous vos achat or et argent, n'h\u00e9sitez pas \u00e0 prendre rendez-vous dans l'un de nos nombreux comptoirs.\",\"sameAs\":[\"https:\\\/\\\/www.gold.fr\"]}]}<\/script>\n<!-- \/ Yoast SEO plugin. -->","yoast_head_json":{"title":"Le poids de l\u2019Or dans un contexte mondial sombre ! - Gold.fr","description":"Le poids de l\u2019Or dans un contexte mondial sombre ! Suivez toute l'actualit\u00e9 \u00e0 propos de l'or sur Gold.fr, le site d'actualit\u00e9 du Comptoir National de l'Or.","robots":{"index":"index","follow":"follow","max-snippet":"max-snippet:-1","max-image-preview":"max-image-preview:large","max-video-preview":"max-video-preview:-1"},"canonical":"https:\/\/www.gold.fr\/news\/2014\/03\/25\/le-poids-de-lor-dans-un-contexte-mondial-sombre\/","og_locale":"fr_FR","og_type":"article","og_title":"Le poids de l\u2019Or dans un contexte mondial sombre ! - Gold.fr","og_description":"Le poids de l\u2019Or dans un contexte mondial sombre ! Suivez toute l'actualit\u00e9 \u00e0 propos de l'or sur Gold.fr, le site d'actualit\u00e9 du Comptoir National de l'Or.","og_url":"https:\/\/www.gold.fr\/news\/2014\/03\/25\/le-poids-de-lor-dans-un-contexte-mondial-sombre\/","og_site_name":"Gold.fr","article_publisher":"https:\/\/www.facebook.com\/Goldfr\/","article_published_time":"2014-03-25T10:46:00+00:00","article_modified_time":"2021-01-13T15:24:38+00:00","og_image":[{"width":614,"height":669,"url":"https:\/\/www.gold.fr\/news\/wp-content\/uploads\/2014\/03\/image21.jpeg","type":"image\/jpeg"}],"author":"Comptoir National de l'Or","twitter_card":"summary_large_image","twitter_misc":{"\u00c9crit par":"Comptoir National de l'Or","Dur\u00e9e de lecture estim\u00e9e":"4 minutes"},"schema":{"@context":"https:\/\/schema.org","@graph":[{"@type":"Article","@id":"https:\/\/www.gold.fr\/news\/2014\/03\/25\/le-poids-de-lor-dans-un-contexte-mondial-sombre\/#article","isPartOf":{"@id":"https:\/\/www.gold.fr\/news\/2014\/03\/25\/le-poids-de-lor-dans-un-contexte-mondial-sombre\/"},"author":{"name":"Comptoir National de l'Or","@id":"https:\/\/www.gold.fr\/news\/#\/schema\/person\/070491b4b4fb7671bf59b3be20302ce9"},"headline":"Le poids de l\u2019Or dans un contexte mondial sombre !","datePublished":"2014-03-25T10:46:00+00:00","dateModified":"2021-01-13T15:24:38+00:00","mainEntityOfPage":{"@id":"https:\/\/www.gold.fr\/news\/2014\/03\/25\/le-poids-de-lor-dans-un-contexte-mondial-sombre\/"},"wordCount":769,"image":{"@id":"https:\/\/www.gold.fr\/news\/2014\/03\/25\/le-poids-de-lor-dans-un-contexte-mondial-sombre\/#primaryimage"},"thumbnailUrl":"https:\/\/www.gold.fr\/news\/wp-content\/uploads\/2014\/03\/image21.jpeg","keywords":["conjoncture g\u00e9opolitique","crise","investir dans l'Or","Or"],"articleSection":["Analyses Economiques"],"inLanguage":"fr-FR"},{"@type":"WebPage","@id":"https:\/\/www.gold.fr\/news\/2014\/03\/25\/le-poids-de-lor-dans-un-contexte-mondial-sombre\/","url":"https:\/\/www.gold.fr\/news\/2014\/03\/25\/le-poids-de-lor-dans-un-contexte-mondial-sombre\/","name":"Le poids de l\u2019Or dans un contexte mondial sombre ! - Gold.fr","isPartOf":{"@id":"https:\/\/www.gold.fr\/news\/#website"},"primaryImageOfPage":{"@id":"https:\/\/www.gold.fr\/news\/2014\/03\/25\/le-poids-de-lor-dans-un-contexte-mondial-sombre\/#primaryimage"},"image":{"@id":"https:\/\/www.gold.fr\/news\/2014\/03\/25\/le-poids-de-lor-dans-un-contexte-mondial-sombre\/#primaryimage"},"thumbnailUrl":"https:\/\/www.gold.fr\/news\/wp-content\/uploads\/2014\/03\/image21.jpeg","datePublished":"2014-03-25T10:46:00+00:00","dateModified":"2021-01-13T15:24:38+00:00","author":{"@id":"https:\/\/www.gold.fr\/news\/#\/schema\/person\/070491b4b4fb7671bf59b3be20302ce9"},"description":"Le poids de l\u2019Or dans un contexte mondial sombre ! Suivez toute l'actualit\u00e9 \u00e0 propos de l'or sur Gold.fr, le site d'actualit\u00e9 du Comptoir National de l'Or.","breadcrumb":{"@id":"https:\/\/www.gold.fr\/news\/2014\/03\/25\/le-poids-de-lor-dans-un-contexte-mondial-sombre\/#breadcrumb"},"inLanguage":"fr-FR","potentialAction":[{"@type":"ReadAction","target":["https:\/\/www.gold.fr\/news\/2014\/03\/25\/le-poids-de-lor-dans-un-contexte-mondial-sombre\/"]}]},{"@type":"ImageObject","inLanguage":"fr-FR","@id":"https:\/\/www.gold.fr\/news\/2014\/03\/25\/le-poids-de-lor-dans-un-contexte-mondial-sombre\/#primaryimage","url":"https:\/\/www.gold.fr\/news\/wp-content\/uploads\/2014\/03\/image21.jpeg","contentUrl":"https:\/\/www.gold.fr\/news\/wp-content\/uploads\/2014\/03\/image21.jpeg","width":"614","height":"669","caption":"L\u2019once en \u00e9quilibre face \u00e0 l\u2019envol\u00e9e des indices boursiers"},{"@type":"BreadcrumbList","@id":"https:\/\/www.gold.fr\/news\/2014\/03\/25\/le-poids-de-lor-dans-un-contexte-mondial-sombre\/#breadcrumb","itemListElement":[{"@type":"ListItem","position":1,"name":"Accueil","item":"https:\/\/www.gold.fr\/"},{"@type":"ListItem","position":2,"name":"Actualit\u00e9s","item":"https:\/\/www.gold.fr\/news\/"},{"@type":"ListItem","position":3,"name":"Le poids de l\u2019Or dans un contexte mondial sombre !"}]},{"@type":"WebSite","@id":"https:\/\/www.gold.fr\/news\/#website","url":"https:\/\/www.gold.fr\/news\/","name":"Gold.fr","description":"Actualit\u00e9s de l&#039;Or et des m\u00e9taux pr\u00e9cieux","potentialAction":[{"@type":"SearchAction","target":{"@type":"EntryPoint","urlTemplate":"https:\/\/www.gold.fr\/news\/?s={search_term_string}"},"query-input":{"@type":"PropertyValueSpecification","valueRequired":true,"valueName":"search_term_string"}}],"inLanguage":"fr-FR"},{"@type":"Person","@id":"https:\/\/www.gold.fr\/news\/#\/schema\/person\/070491b4b4fb7671bf59b3be20302ce9","name":"Comptoir National de l'Or","image":{"@type":"ImageObject","inLanguage":"fr-FR","@id":"https:\/\/secure.gravatar.com\/avatar\/0a2867fd5abe37bed95d5a65e9d58f01756e11efc68af9888dfc50cfa7f65948?s=96&d=mm&r=gb490554db0a38188709de567aa58480d","url":"https:\/\/secure.gravatar.com\/avatar\/0a2867fd5abe37bed95d5a65e9d58f01756e11efc68af9888dfc50cfa7f65948?s=96&d=mm&r=g","contentUrl":"https:\/\/secure.gravatar.com\/avatar\/0a2867fd5abe37bed95d5a65e9d58f01756e11efc68af9888dfc50cfa7f65948?s=96&d=mm&r=g","caption":"Comptoir National de l'Or"},"description":"Notre r\u00e9daction est constitu\u00e9e de membres experts dans les m\u00e9tiers de l'\u00e9conomie et la gestion, des Responsables d'agence Comptoir National de l'Or, des analystes financiers qui publient r\u00e9guli\u00e8rement des \u00e9tudes sur les politiques des banques centrales, le cours de l'or, prix de l'or, cours de l'argent, prix de l'argent, cours du platine, cours du palladium,... la situation en zone euro et l'impact de la strat\u00e9gie mon\u00e9taire de la FED. Notre \u00e9quipe scrute \u00e9galement une information plus g\u00e9n\u00e9raliste \u00e0 la recherche d'actualit\u00e9 \"p\u00e9pite\" \u00e0 vous partager. Depuis 5 ans, nous avons publi\u00e9 un peu plus de 4000 articles qui s'adressent \u00e0 un public large et vari\u00e9 ayant pour objectif de satisfaire votre curiosit\u00e9 et de partager avec vous une certaine fascination pour le m\u00e9tal jaune, le rachat d'or, et pour ceux qui veulent investir dans l'or, vendre leur or tout simplement en savoir plus... Pour tous vos achat or et argent, n'h\u00e9sitez pas \u00e0 prendre rendez-vous dans l'un de nos nombreux comptoirs.","sameAs":["https:\/\/www.gold.fr"]}]}},"authors":[{"term_id":2565,"user_id":18,"is_guest":0,"slug":"julie","display_name":"Comptoir National de l'Or","avatar_url":"https:\/\/secure.gravatar.com\/avatar\/713f289e398d35ead876c4a4cc08607f0d6d266058cfc25683fffb6092d0e572?s=96&d=mm&r=g","0":null,"1":"","2":"","3":"","4":"","5":"","6":"","7":"","8":""}],"_links":{"self":[{"href":"https:\/\/www.gold.fr\/news\/wp-json\/wp\/v2\/posts\/14234","targetHints":{"allow":["GET"]}}],"collection":[{"href":"https:\/\/www.gold.fr\/news\/wp-json\/wp\/v2\/posts"}],"about":[{"href":"https:\/\/www.gold.fr\/news\/wp-json\/wp\/v2\/types\/post"}],"author":[{"embeddable":true,"href":"https:\/\/www.gold.fr\/news\/wp-json\/wp\/v2\/users\/18"}],"replies":[{"embeddable":true,"href":"https:\/\/www.gold.fr\/news\/wp-json\/wp\/v2\/comments?post=14234"}],"version-history":[{"count":0,"href":"https:\/\/www.gold.fr\/news\/wp-json\/wp\/v2\/posts\/14234\/revisions"}],"wp:featuredmedia":[{"embeddable":true,"href":"https:\/\/www.gold.fr\/news\/wp-json\/wp\/v2\/media\/14237"}],"wp:attachment":[{"href":"https:\/\/www.gold.fr\/news\/wp-json\/wp\/v2\/media?parent=14234"}],"wp:term":[{"taxonomy":"category","embeddable":true,"href":"https:\/\/www.gold.fr\/news\/wp-json\/wp\/v2\/categories?post=14234"},{"taxonomy":"post_tag","embeddable":true,"href":"https:\/\/www.gold.fr\/news\/wp-json\/wp\/v2\/tags?post=14234"},{"taxonomy":"author","embeddable":true,"href":"https:\/\/www.gold.fr\/news\/wp-json\/wp\/v2\/ppma_author?post=14234"}],"curies":[{"name":"wp","href":"https:\/\/api.w.org\/{rel}","templated":true}]}}