{"id":14215,"date":"2014-03-21T13:00:20","date_gmt":"2014-03-21T12:00:20","guid":{"rendered":"https:\/\/www.gold.fr\/news\/?p=14215"},"modified":"2018-02-22T14:41:20","modified_gmt":"2018-02-22T13:41:20","slug":"la-fed-interrompt-le-rallye-aurifere","status":"publish","type":"post","link":"https:\/\/www.gold.fr\/news\/2014\/03\/21\/la-fed-interrompt-le-rallye-aurifere\/","title":{"rendered":"La FED interrompt le rallye aurif\u00e8re"},"content":{"rendered":"<p><span style=\"font-size: small;\"><img loading=\"lazy\" decoding=\"async\" class=\"alignleft size-thumbnail wp-image-5524\" title=\"La FED interrompt le rallye aurif\u00e8re\" src=\"https:\/\/www.gold.fr\/news\/wp-content\/uploads\/2012\/02\/cours-de-lor3-e1358498054320-150x150.jpg\" alt=\"\" width=\"150\" height=\"150\" \/>C&rsquo;\u00e9tait \u00e0 pr\u00e9voir; l&rsquo;<a href='https:\/\/www.gold.fr\/news\/tags\/or' class='esk-seo-plu-link'>or<\/a> continue \u00e0 p\u00e2tir grandement de la r\u00e9cente d\u00e9cision de la r\u00e9serve f\u00e9d\u00e9rale am\u00e9ricaine, annonc\u00e9e cette semaine par Janet Yellen, la pr\u00e9sidente de l&rsquo;institution. Apr\u00e8s avoir bris\u00e9 le plancher des <strong>1 350 <a href='https:\/\/www.gold.fr\/news\/tags\/investissement' class='esk-seo-plu-link'>dollars<\/a><\/strong>, le <a href='https:\/\/www.gold.fr\/news\/tags\/or' class='esk-seo-plu-link'>m\u00e9tal jaune<\/a> tente actuellement de sauver les meubles en se maintenant au dessus du palier des <strong>1 330 <a href='https:\/\/www.gold.fr\/news\/tags\/investissement' class='esk-seo-plu-link'>dollars<\/a><\/strong>.<\/span>    <span style=\"font-size: small;\">Apr\u00e8s deux semaines euphoriques, l&rsquo;heure est d\u00e9sormais \u00e0 la correction, et ce sont les facteurs m\u00eame de sa hausse qui deviennent aujourd&rsquo;hui les facteurs de la baisse de l&rsquo;<a href='https:\/\/www.gold.fr\/news\/tags\/or' class='esk-seo-plu-link'>or<\/a>. En effet, la crise g\u00e9opolitique en Crim\u00e9e semble connaitre une tr\u00eave prolong\u00e9e (voire permanente), et la stagnation des indices \u00e9conomiques <strong>US<\/strong> n&rsquo;aura pas emp\u00each\u00e9 le <strong>FOMC<\/strong> (comit\u00e9 de direction mon\u00e9taire de la <strong>FED<\/strong>) d&rsquo;annoncer son intention de d\u00e9buter un programme de durcissement de sa politique mon\u00e9taire, bien plus t\u00f4t que pr\u00e9vu.<\/span>    <span style=\"font-size: small;\">Dans ces conditions, l&rsquo;<a href='https:\/\/www.gold.fr\/news\/tags\/or' class='esk-seo-plu-link'>or<\/a> encaisse naturellement le coup et ouvre la s\u00e9ance de ce vendredi <strong>21 mars 2014<\/strong> avec <a title=\"Prix de l'Or\" href=\"https:\/\/www.gold.fr\/cours-or-prix-de-l-or\/\" target=\"_blank\">un cours<\/a> baissier de <strong>1 339,90 <a href='https:\/\/www.gold.fr\/news\/tags\/investissement' class='esk-seo-plu-link'>dollars<\/a><\/strong> l&rsquo;<a title=\"Prix de l'Once d'or\" href=\"https:\/\/www.gold.fr\/once-en\/\" target=\"_blank\">once<\/a>.<\/span><\/p>\n<!-- AddThis Advanced Settings generic via filter on the_content --><!-- AddThis Share Buttons generic via filter on the_content -->","protected":false},"excerpt":{"rendered":"<p>C&rsquo;\u00e9tait \u00e0 pr\u00e9voir; l&rsquo;or continue \u00e0 p\u00e2tir grandement de la r\u00e9cente d\u00e9cision de la r\u00e9serve f\u00e9d\u00e9rale am\u00e9ricaine, annonc\u00e9e cette semaine par Janet Yellen, la pr\u00e9sidente de l&rsquo;institution. Apr\u00e8s avoir bris\u00e9 le plancher des 1 350 dollars, [&hellip;]<\/p>\n","protected":false},"author":18,"featured_media":5524,"comment_status":"open","ping_status":"open","sticky":false,"template":"","format":"standard","meta":{"_mbp_gutenberg_autopost":false,"_pgmb_is_evergreen":false,"_pgmb_ap_template_id":0,"footnotes":""},"categories":[5],"tags":[385,84,210,74],"ppma_author":[2565],"class_list":["post-14215","post","type-post","status-publish","format-standard","has-post-thumbnail","hentry","category-flash-infos","tag-cours-de-lor-de-bourse","tag-cours-de-lor","tag-_cours-de-lor_footer_","tag-_home-page_footer_"],"yoast_head":"<!-- This site is optimized with the Yoast SEO plugin v26.9 - https:\/\/yoast.com\/product\/yoast-seo-wordpress\/ -->\n<title>La FED interrompt le rallye aurif\u00e8re - Gold.fr<\/title>\n<meta name=\"robots\" content=\"index, follow, max-snippet:-1, max-image-preview:large, max-video-preview:-1\" \/>\n<link rel=\"canonical\" href=\"https:\/\/www.gold.fr\/news\/2014\/03\/21\/la-fed-interrompt-le-rallye-aurifere\/\" \/>\n<meta property=\"og:locale\" content=\"fr_FR\" \/>\n<meta property=\"og:type\" content=\"article\" \/>\n<meta property=\"og:title\" content=\"La FED interrompt le rallye aurif\u00e8re - Gold.fr\" \/>\n<meta property=\"og:description\" content=\"C&rsquo;\u00e9tait \u00e0 pr\u00e9voir; l&rsquo;or continue \u00e0 p\u00e2tir grandement de la r\u00e9cente d\u00e9cision de la r\u00e9serve f\u00e9d\u00e9rale am\u00e9ricaine, annonc\u00e9e cette semaine par Janet Yellen, la pr\u00e9sidente de l&rsquo;institution. Apr\u00e8s avoir bris\u00e9 le plancher des 1 350 dollars, [&hellip;]\" \/>\n<meta property=\"og:url\" content=\"https:\/\/www.gold.fr\/news\/2014\/03\/21\/la-fed-interrompt-le-rallye-aurifere\/\" \/>\n<meta property=\"og:site_name\" content=\"Gold.fr\" \/>\n<meta property=\"article:publisher\" content=\"https:\/\/www.facebook.com\/Goldfr\/\" \/>\n<meta property=\"article:published_time\" content=\"2014-03-21T12:00:20+00:00\" \/>\n<meta property=\"article:modified_time\" content=\"2018-02-22T13:41:20+00:00\" \/>\n<meta property=\"og:image\" content=\"https:\/\/www.gold.fr\/news\/wp-content\/uploads\/2012\/02\/cours-de-lor3-e1358498054320.jpg\" \/>\n\t<meta property=\"og:image:width\" content=\"600\" \/>\n\t<meta property=\"og:image:height\" content=\"351\" \/>\n\t<meta property=\"og:image:type\" content=\"image\/jpeg\" \/>\n<meta name=\"author\" content=\"Comptoir National de l&#039;Or\" \/>\n<meta name=\"twitter:card\" content=\"summary_large_image\" \/>\n<meta name=\"twitter:label1\" content=\"\u00c9crit par\" \/>\n\t<meta name=\"twitter:data1\" content=\"Comptoir National de l&#039;Or\" \/>\n\t<meta name=\"twitter:label2\" content=\"Dur\u00e9e de lecture estim\u00e9e\" \/>\n\t<meta name=\"twitter:data2\" content=\"1 minute\" \/>\n<script type=\"application\/ld+json\" class=\"yoast-schema-graph\">{\"@context\":\"https:\/\/schema.org\",\"@graph\":[{\"@type\":\"Article\",\"@id\":\"https:\/\/www.gold.fr\/news\/2014\/03\/21\/la-fed-interrompt-le-rallye-aurifere\/#article\",\"isPartOf\":{\"@id\":\"https:\/\/www.gold.fr\/news\/2014\/03\/21\/la-fed-interrompt-le-rallye-aurifere\/\"},\"author\":{\"name\":\"Comptoir National de l'Or\",\"@id\":\"https:\/\/www.gold.fr\/news\/#\/schema\/person\/760ee7cec237915eebf2be78df0404c4\"},\"headline\":\"La FED interrompt le rallye aurif\u00e8re\",\"datePublished\":\"2014-03-21T12:00:20+00:00\",\"dateModified\":\"2018-02-22T13:41:20+00:00\",\"mainEntityOfPage\":{\"@id\":\"https:\/\/www.gold.fr\/news\/2014\/03\/21\/la-fed-interrompt-le-rallye-aurifere\/\"},\"wordCount\":195,\"commentCount\":0,\"image\":{\"@id\":\"https:\/\/www.gold.fr\/news\/2014\/03\/21\/la-fed-interrompt-le-rallye-aurifere\/#primaryimage\"},\"thumbnailUrl\":\"https:\/\/www.gold.fr\/news\/wp-content\/uploads\/2012\/02\/cours-de-lor3-e1358498054320.jpg\",\"keywords\":[\"cours de l'or de bourse\",\"Tout Cours de l'Or\",\"_Cours de l\u2019Or_Footer_\",\"_Home page Footer_\"],\"articleSection\":[\"Flash infos\"],\"inLanguage\":\"fr-FR\"},{\"@type\":\"WebPage\",\"@id\":\"https:\/\/www.gold.fr\/news\/2014\/03\/21\/la-fed-interrompt-le-rallye-aurifere\/\",\"url\":\"https:\/\/www.gold.fr\/news\/2014\/03\/21\/la-fed-interrompt-le-rallye-aurifere\/\",\"name\":\"La FED interrompt le rallye aurif\u00e8re - Gold.fr\",\"isPartOf\":{\"@id\":\"https:\/\/www.gold.fr\/news\/#website\"},\"primaryImageOfPage\":{\"@id\":\"https:\/\/www.gold.fr\/news\/2014\/03\/21\/la-fed-interrompt-le-rallye-aurifere\/#primaryimage\"},\"image\":{\"@id\":\"https:\/\/www.gold.fr\/news\/2014\/03\/21\/la-fed-interrompt-le-rallye-aurifere\/#primaryimage\"},\"thumbnailUrl\":\"https:\/\/www.gold.fr\/news\/wp-content\/uploads\/2012\/02\/cours-de-lor3-e1358498054320.jpg\",\"datePublished\":\"2014-03-21T12:00:20+00:00\",\"dateModified\":\"2018-02-22T13:41:20+00:00\",\"author\":{\"@id\":\"https:\/\/www.gold.fr\/news\/#\/schema\/person\/760ee7cec237915eebf2be78df0404c4\"},\"breadcrumb\":{\"@id\":\"https:\/\/www.gold.fr\/news\/2014\/03\/21\/la-fed-interrompt-le-rallye-aurifere\/#breadcrumb\"},\"inLanguage\":\"fr-FR\",\"potentialAction\":[{\"@type\":\"ReadAction\",\"target\":[\"https:\/\/www.gold.fr\/news\/2014\/03\/21\/la-fed-interrompt-le-rallye-aurifere\/\"]}]},{\"@type\":\"ImageObject\",\"inLanguage\":\"fr-FR\",\"@id\":\"https:\/\/www.gold.fr\/news\/2014\/03\/21\/la-fed-interrompt-le-rallye-aurifere\/#primaryimage\",\"url\":\"https:\/\/www.gold.fr\/news\/wp-content\/uploads\/2012\/02\/cours-de-lor3-e1358498054320.jpg\",\"contentUrl\":\"https:\/\/www.gold.fr\/news\/wp-content\/uploads\/2012\/02\/cours-de-lor3-e1358498054320.jpg\",\"width\":\"600\",\"height\":\"351\",\"caption\":\"L'once toujours au point de r\u00e9sistance\"},{\"@type\":\"BreadcrumbList\",\"@id\":\"https:\/\/www.gold.fr\/news\/2014\/03\/21\/la-fed-interrompt-le-rallye-aurifere\/#breadcrumb\",\"itemListElement\":[{\"@type\":\"ListItem\",\"position\":1,\"name\":\"Accueil\",\"item\":\"https:\/\/www.gold.fr\/\"},{\"@type\":\"ListItem\",\"position\":2,\"name\":\"Actualit\u00e9s\",\"item\":\"https:\/\/www.gold.fr\/news\/\"},{\"@type\":\"ListItem\",\"position\":3,\"name\":\"La FED interrompt le rallye aurif\u00e8re\"}]},{\"@type\":\"WebSite\",\"@id\":\"https:\/\/www.gold.fr\/news\/#website\",\"url\":\"https:\/\/www.gold.fr\/news\/\",\"name\":\"Gold.fr\",\"description\":\"Actualit\u00e9s de l&#039;Or et des m\u00e9taux pr\u00e9cieux\",\"potentialAction\":[{\"@type\":\"SearchAction\",\"target\":{\"@type\":\"EntryPoint\",\"urlTemplate\":\"https:\/\/www.gold.fr\/news\/?s={search_term_string}\"},\"query-input\":{\"@type\":\"PropertyValueSpecification\",\"valueRequired\":true,\"valueName\":\"search_term_string\"}}],\"inLanguage\":\"fr-FR\"},{\"@type\":\"Person\",\"@id\":\"https:\/\/www.gold.fr\/news\/#\/schema\/person\/760ee7cec237915eebf2be78df0404c4\",\"name\":\"Comptoir National de l'Or\",\"image\":{\"@type\":\"ImageObject\",\"inLanguage\":\"fr-FR\",\"@id\":\"https:\/\/www.gold.fr\/news\/#\/schema\/person\/image\/c36675942654553a86039d2dfa93c740\",\"url\":\"https:\/\/secure.gravatar.com\/avatar\/713f289e398d35ead876c4a4cc08607f0d6d266058cfc25683fffb6092d0e572?s=96&d=mm&r=g\",\"contentUrl\":\"https:\/\/secure.gravatar.com\/avatar\/713f289e398d35ead876c4a4cc08607f0d6d266058cfc25683fffb6092d0e572?s=96&d=mm&r=g\",\"caption\":\"Comptoir National de l'Or\"},\"description\":\"Notre r\u00e9daction est constitu\u00e9e de membres experts dans les m\u00e9tiers de l'\u00e9conomie et la gestion, des Responsables d'agence Comptoir National de l'Or, des analystes financiers qui publient r\u00e9guli\u00e8rement des \u00e9tudes sur les politiques des banques centrales, le cours de l'or, prix de l'or, cours de l'argent, prix de l'argent, cours du platine, cours du palladium,... la situation en zone euro et l'impact de la strat\u00e9gie mon\u00e9taire de la FED. Notre \u00e9quipe scrute \u00e9galement une information plus g\u00e9n\u00e9raliste \u00e0 la recherche d'actualit\u00e9 \\\"p\u00e9pite\\\" \u00e0 vous partager. Depuis 5 ans, nous avons publi\u00e9 un peu plus de 4000 articles qui s'adressent \u00e0 un public large et vari\u00e9 ayant pour objectif de satisfaire votre curiosit\u00e9 et de partager avec vous une certaine fascination pour le m\u00e9tal jaune, le rachat d'or, et pour ceux qui veulent investir dans l'or, vendre leur or tout simplement en savoir plus... Pour tous vos achat or et argent, n'h\u00e9sitez pas \u00e0 prendre rendez-vous dans l'un de nos nombreux comptoirs.\",\"sameAs\":[\"https:\/\/www.gold.fr\"]}]}<\/script>\n<!-- \/ Yoast SEO plugin. -->","yoast_head_json":{"title":"La FED interrompt le rallye aurif\u00e8re - Gold.fr","robots":{"index":"index","follow":"follow","max-snippet":"max-snippet:-1","max-image-preview":"max-image-preview:large","max-video-preview":"max-video-preview:-1"},"canonical":"https:\/\/www.gold.fr\/news\/2014\/03\/21\/la-fed-interrompt-le-rallye-aurifere\/","og_locale":"fr_FR","og_type":"article","og_title":"La FED interrompt le rallye aurif\u00e8re - Gold.fr","og_description":"C&rsquo;\u00e9tait \u00e0 pr\u00e9voir; l&rsquo;or continue \u00e0 p\u00e2tir grandement de la r\u00e9cente d\u00e9cision de la r\u00e9serve f\u00e9d\u00e9rale am\u00e9ricaine, annonc\u00e9e cette semaine par Janet Yellen, la pr\u00e9sidente de l&rsquo;institution. Apr\u00e8s avoir bris\u00e9 le plancher des 1 350 dollars, [&hellip;]","og_url":"https:\/\/www.gold.fr\/news\/2014\/03\/21\/la-fed-interrompt-le-rallye-aurifere\/","og_site_name":"Gold.fr","article_publisher":"https:\/\/www.facebook.com\/Goldfr\/","article_published_time":"2014-03-21T12:00:20+00:00","article_modified_time":"2018-02-22T13:41:20+00:00","og_image":[{"width":600,"height":351,"url":"https:\/\/www.gold.fr\/news\/wp-content\/uploads\/2012\/02\/cours-de-lor3-e1358498054320.jpg","type":"image\/jpeg"}],"author":"Comptoir National de l'Or","twitter_card":"summary_large_image","twitter_misc":{"\u00c9crit par":"Comptoir National de l'Or","Dur\u00e9e de lecture estim\u00e9e":"1 minute"},"schema":{"@context":"https:\/\/schema.org","@graph":[{"@type":"Article","@id":"https:\/\/www.gold.fr\/news\/2014\/03\/21\/la-fed-interrompt-le-rallye-aurifere\/#article","isPartOf":{"@id":"https:\/\/www.gold.fr\/news\/2014\/03\/21\/la-fed-interrompt-le-rallye-aurifere\/"},"author":{"name":"Comptoir National de l'Or","@id":"https:\/\/www.gold.fr\/news\/#\/schema\/person\/760ee7cec237915eebf2be78df0404c4"},"headline":"La FED interrompt le rallye aurif\u00e8re","datePublished":"2014-03-21T12:00:20+00:00","dateModified":"2018-02-22T13:41:20+00:00","mainEntityOfPage":{"@id":"https:\/\/www.gold.fr\/news\/2014\/03\/21\/la-fed-interrompt-le-rallye-aurifere\/"},"wordCount":195,"commentCount":0,"image":{"@id":"https:\/\/www.gold.fr\/news\/2014\/03\/21\/la-fed-interrompt-le-rallye-aurifere\/#primaryimage"},"thumbnailUrl":"https:\/\/www.gold.fr\/news\/wp-content\/uploads\/2012\/02\/cours-de-lor3-e1358498054320.jpg","keywords":["cours de l'or de bourse","Tout Cours de l'Or","_Cours de l\u2019Or_Footer_","_Home page Footer_"],"articleSection":["Flash infos"],"inLanguage":"fr-FR"},{"@type":"WebPage","@id":"https:\/\/www.gold.fr\/news\/2014\/03\/21\/la-fed-interrompt-le-rallye-aurifere\/","url":"https:\/\/www.gold.fr\/news\/2014\/03\/21\/la-fed-interrompt-le-rallye-aurifere\/","name":"La FED interrompt le rallye aurif\u00e8re - Gold.fr","isPartOf":{"@id":"https:\/\/www.gold.fr\/news\/#website"},"primaryImageOfPage":{"@id":"https:\/\/www.gold.fr\/news\/2014\/03\/21\/la-fed-interrompt-le-rallye-aurifere\/#primaryimage"},"image":{"@id":"https:\/\/www.gold.fr\/news\/2014\/03\/21\/la-fed-interrompt-le-rallye-aurifere\/#primaryimage"},"thumbnailUrl":"https:\/\/www.gold.fr\/news\/wp-content\/uploads\/2012\/02\/cours-de-lor3-e1358498054320.jpg","datePublished":"2014-03-21T12:00:20+00:00","dateModified":"2018-02-22T13:41:20+00:00","author":{"@id":"https:\/\/www.gold.fr\/news\/#\/schema\/person\/760ee7cec237915eebf2be78df0404c4"},"breadcrumb":{"@id":"https:\/\/www.gold.fr\/news\/2014\/03\/21\/la-fed-interrompt-le-rallye-aurifere\/#breadcrumb"},"inLanguage":"fr-FR","potentialAction":[{"@type":"ReadAction","target":["https:\/\/www.gold.fr\/news\/2014\/03\/21\/la-fed-interrompt-le-rallye-aurifere\/"]}]},{"@type":"ImageObject","inLanguage":"fr-FR","@id":"https:\/\/www.gold.fr\/news\/2014\/03\/21\/la-fed-interrompt-le-rallye-aurifere\/#primaryimage","url":"https:\/\/www.gold.fr\/news\/wp-content\/uploads\/2012\/02\/cours-de-lor3-e1358498054320.jpg","contentUrl":"https:\/\/www.gold.fr\/news\/wp-content\/uploads\/2012\/02\/cours-de-lor3-e1358498054320.jpg","width":"600","height":"351","caption":"L'once toujours au point de r\u00e9sistance"},{"@type":"BreadcrumbList","@id":"https:\/\/www.gold.fr\/news\/2014\/03\/21\/la-fed-interrompt-le-rallye-aurifere\/#breadcrumb","itemListElement":[{"@type":"ListItem","position":1,"name":"Accueil","item":"https:\/\/www.gold.fr\/"},{"@type":"ListItem","position":2,"name":"Actualit\u00e9s","item":"https:\/\/www.gold.fr\/news\/"},{"@type":"ListItem","position":3,"name":"La FED interrompt le rallye aurif\u00e8re"}]},{"@type":"WebSite","@id":"https:\/\/www.gold.fr\/news\/#website","url":"https:\/\/www.gold.fr\/news\/","name":"Gold.fr","description":"Actualit\u00e9s de l&#039;Or et des m\u00e9taux pr\u00e9cieux","potentialAction":[{"@type":"SearchAction","target":{"@type":"EntryPoint","urlTemplate":"https:\/\/www.gold.fr\/news\/?s={search_term_string}"},"query-input":{"@type":"PropertyValueSpecification","valueRequired":true,"valueName":"search_term_string"}}],"inLanguage":"fr-FR"},{"@type":"Person","@id":"https:\/\/www.gold.fr\/news\/#\/schema\/person\/760ee7cec237915eebf2be78df0404c4","name":"Comptoir National de l'Or","image":{"@type":"ImageObject","inLanguage":"fr-FR","@id":"https:\/\/www.gold.fr\/news\/#\/schema\/person\/image\/c36675942654553a86039d2dfa93c740","url":"https:\/\/secure.gravatar.com\/avatar\/713f289e398d35ead876c4a4cc08607f0d6d266058cfc25683fffb6092d0e572?s=96&d=mm&r=g","contentUrl":"https:\/\/secure.gravatar.com\/avatar\/713f289e398d35ead876c4a4cc08607f0d6d266058cfc25683fffb6092d0e572?s=96&d=mm&r=g","caption":"Comptoir National de l'Or"},"description":"Notre r\u00e9daction est constitu\u00e9e de membres experts dans les m\u00e9tiers de l'\u00e9conomie et la gestion, des Responsables d'agence Comptoir National de l'Or, des analystes financiers qui publient r\u00e9guli\u00e8rement des \u00e9tudes sur les politiques des banques centrales, le cours de l'or, prix de l'or, cours de l'argent, prix de l'argent, cours du platine, cours du palladium,... la situation en zone euro et l'impact de la strat\u00e9gie mon\u00e9taire de la FED. Notre \u00e9quipe scrute \u00e9galement une information plus g\u00e9n\u00e9raliste \u00e0 la recherche d'actualit\u00e9 \"p\u00e9pite\" \u00e0 vous partager. Depuis 5 ans, nous avons publi\u00e9 un peu plus de 4000 articles qui s'adressent \u00e0 un public large et vari\u00e9 ayant pour objectif de satisfaire votre curiosit\u00e9 et de partager avec vous une certaine fascination pour le m\u00e9tal jaune, le rachat d'or, et pour ceux qui veulent investir dans l'or, vendre leur or tout simplement en savoir plus... Pour tous vos achat or et argent, n'h\u00e9sitez pas \u00e0 prendre rendez-vous dans l'un de nos nombreux comptoirs.","sameAs":["https:\/\/www.gold.fr"]}]}},"authors":[{"term_id":2565,"user_id":18,"is_guest":0,"slug":"julie","display_name":"Comptoir National de l'Or","avatar_url":"https:\/\/secure.gravatar.com\/avatar\/713f289e398d35ead876c4a4cc08607f0d6d266058cfc25683fffb6092d0e572?s=96&d=mm&r=g","0":null,"1":"","2":"","3":"","4":"","5":"","6":"","7":"","8":""}],"_links":{"self":[{"href":"https:\/\/www.gold.fr\/news\/wp-json\/wp\/v2\/posts\/14215","targetHints":{"allow":["GET"]}}],"collection":[{"href":"https:\/\/www.gold.fr\/news\/wp-json\/wp\/v2\/posts"}],"about":[{"href":"https:\/\/www.gold.fr\/news\/wp-json\/wp\/v2\/types\/post"}],"author":[{"embeddable":true,"href":"https:\/\/www.gold.fr\/news\/wp-json\/wp\/v2\/users\/18"}],"replies":[{"embeddable":true,"href":"https:\/\/www.gold.fr\/news\/wp-json\/wp\/v2\/comments?post=14215"}],"version-history":[{"count":0,"href":"https:\/\/www.gold.fr\/news\/wp-json\/wp\/v2\/posts\/14215\/revisions"}],"wp:featuredmedia":[{"embeddable":true,"href":"https:\/\/www.gold.fr\/news\/wp-json\/wp\/v2\/media\/5524"}],"wp:attachment":[{"href":"https:\/\/www.gold.fr\/news\/wp-json\/wp\/v2\/media?parent=14215"}],"wp:term":[{"taxonomy":"category","embeddable":true,"href":"https:\/\/www.gold.fr\/news\/wp-json\/wp\/v2\/categories?post=14215"},{"taxonomy":"post_tag","embeddable":true,"href":"https:\/\/www.gold.fr\/news\/wp-json\/wp\/v2\/tags?post=14215"},{"taxonomy":"author","embeddable":true,"href":"https:\/\/www.gold.fr\/news\/wp-json\/wp\/v2\/ppma_author?post=14215"}],"curies":[{"name":"wp","href":"https:\/\/api.w.org\/{rel}","templated":true}]}}