{"id":14211,"date":"2014-03-21T17:00:38","date_gmt":"2014-03-21T16:00:38","guid":{"rendered":"https:\/\/www.gold.fr\/news\/?p=14211"},"modified":"2018-02-22T14:41:19","modified_gmt":"2018-02-22T13:41:19","slug":"2014-loccasion-de-placer-dans-les-mines-dor","status":"publish","type":"post","link":"https:\/\/www.gold.fr\/news\/2014\/03\/21\/2014-loccasion-de-placer-dans-les-mines-dor\/","title":{"rendered":"2014 : L\u2019occasion de placer dans les mines d\u2019or"},"content":{"rendered":"<p><img loading=\"lazy\" decoding=\"async\" class=\"alignleft size-thumbnail wp-image-13811\" title=\"2014 : L\u2019occasion de placer dans les mines d\u2019or\" src=\"https:\/\/www.gold.fr\/news\/wp-content\/uploads\/2014\/02\/Ru\u00e9e-vers-lor-150x150.jpg\" alt=\"\" width=\"150\" height=\"150\" \/><span style=\"font-size: small;\">Le groupe financier mondial <strong>MoneyStore<\/strong> a r\u00e9cemment publi\u00e9 son bilan annuel (pour l&rsquo;ann\u00e9e <strong>2013<\/strong>) que certains experts se plaisent \u00e0 surnommer le \u00ab <em>hit-parade des fonds d&rsquo;<a href='https:\/\/www.gold.fr\/news\/tags\/investissement' class='esk-seo-plu-link'>investissements<\/a> mondiaux<\/em> \u00bb, listant les 10 meilleurs et 10 pires r\u00e9sultats affich\u00e9s par les principaux fonds commerciaux internationaux. Et c&rsquo;est surtout la performance des mines d&rsquo;<a href='https:\/\/www.gold.fr\/news\/tags\/or' class='esk-seo-plu-link'>or<\/a> majeures qui attire l&rsquo;attention, dans la mesure o\u00f9 on note clairement une consid\u00e9rable baisse de r\u00e9gime globale. En tout cas, d&rsquo;apr\u00e8s les conclusions des experts de <strong>MoneyStore<\/strong>, ce retour de manivelle serait surtout l&rsquo;occasion, pour les op\u00e9rateurs des diff\u00e9rents march\u00e9s financiers, d&rsquo;en profiter pour investir dans ce secteur g\u00e9n\u00e9ralement inaccessible de par sa flamb\u00e9e constante.<\/span>    <span style=\"font-size: small;\"><strong> Simona Gambarini<\/strong>, <strong>Associate Director Research<\/strong> chez <strong>ETF securities<\/strong>, rapporte en effet que  \u00ab <em>les co\u00fbts ont diminu\u00e9 de 15% au troisi\u00e8me trimestre de 2013 par rapport au trimestre pr\u00e9c\u00e9dent. Plusieurs mines ont d\u00fb, par ailleurs, appliquer des d\u00e9cotes sur leurs actifs (\u2026) et la plupart des soci\u00e9t\u00e9s aurif\u00e8res devront d\u00e9valuer leurs avoirs et probablement fermer certaines mines<\/em> \u00bb.<\/span>    <span style=\"font-size: small;\"> Il semblerait donc que les mines d&rsquo;<a href='https:\/\/www.gold.fr\/news\/tags\/or' class='esk-seo-plu-link'>or<\/a> ne cessent d&rsquo;encaisser, depuis des mois, le contre-coup d&rsquo;une d\u00e9gringolade qui les place, pour l&rsquo;ensemble de l&rsquo;ann\u00e9e <strong>2014<\/strong>, dans leur pire position depuis l&rsquo;ann\u00e9e <strong>2008<\/strong>. D&rsquo;ailleurs, <strong>Simona Gambarini<\/strong> soutient cette hypoth\u00e8se, soulignant que \u00ab<em> les mines d&rsquo;<a href='https:\/\/www.gold.fr\/news\/tags\/or' class='esk-seo-plu-link'>or<\/a> ont atteint le point o\u00f9 le potentiel de hausse est plus important que les risques de baisse, ce qui constitue un bon point d&rsquo;entr\u00e9e pour les investisseurs qui ont un horizon de temps \u00e0 moyen terme<\/em> \u00bb.<\/span>  <span style=\"font-size: small;\"> Il faudra donc attendre le prochain bilan \u2013celui de <strong>2014<\/strong>&#8211; pour savoir si les investisseurs ont suivi cette <a href='https:\/\/www.gold.fr\/news\/tags\/investissement' class='esk-seo-plu-link'>tendance<\/a> escompt\u00e9e et conseill\u00e9e par les experts. Une affaire \u00e0 suivre\u2026<\/span><\/p>\n<!-- AddThis Advanced Settings generic via filter on the_content --><!-- AddThis Share Buttons generic via filter on the_content -->","protected":false},"excerpt":{"rendered":"<p>Le groupe financier mondial MoneyStore a r\u00e9cemment publi\u00e9 son bilan annuel (pour l&rsquo;ann\u00e9e 2013) que certains experts se plaisent \u00e0 surnommer le \u00ab hit-parade des fonds d&rsquo;investissements mondiaux \u00bb, listant les 10 meilleurs et 10 pires [&hellip;]<\/p>\n","protected":false},"author":18,"featured_media":13811,"comment_status":"open","ping_status":"open","sticky":false,"template":"","format":"standard","meta":{"_mbp_gutenberg_autopost":false,"_pgmb_is_evergreen":false,"_pgmb_ap_template_id":0,"footnotes":""},"categories":[6],"tags":[1410,655,1811],"ppma_author":[2565],"class_list":["post-14211","post","type-post","status-publish","format-standard","has-post-thumbnail","hentry","category-articles-de-presse","tag-marches-financiers","tag-mines-dor","tag-moneystore"],"yoast_head":"<!-- This site is optimized with the Yoast SEO plugin v26.9 - https:\/\/yoast.com\/product\/yoast-seo-wordpress\/ -->\n<title>2014 : L\u2019occasion de placer dans les mines d\u2019or - Gold.fr<\/title>\n<meta name=\"robots\" content=\"index, follow, max-snippet:-1, max-image-preview:large, max-video-preview:-1\" \/>\n<link rel=\"canonical\" href=\"https:\/\/www.gold.fr\/news\/2014\/03\/21\/2014-loccasion-de-placer-dans-les-mines-dor\/\" \/>\n<meta property=\"og:locale\" content=\"fr_FR\" \/>\n<meta property=\"og:type\" content=\"article\" \/>\n<meta property=\"og:title\" content=\"2014 : L\u2019occasion de placer dans les mines d\u2019or - Gold.fr\" \/>\n<meta property=\"og:description\" content=\"Le groupe financier mondial MoneyStore a r\u00e9cemment publi\u00e9 son bilan annuel (pour l&rsquo;ann\u00e9e 2013) que certains experts se plaisent \u00e0 surnommer le \u00ab hit-parade des fonds d&rsquo;investissements mondiaux \u00bb, listant les 10 meilleurs et 10 pires [&hellip;]\" \/>\n<meta property=\"og:url\" content=\"https:\/\/www.gold.fr\/news\/2014\/03\/21\/2014-loccasion-de-placer-dans-les-mines-dor\/\" \/>\n<meta property=\"og:site_name\" content=\"Gold.fr\" \/>\n<meta property=\"article:publisher\" content=\"https:\/\/www.facebook.com\/Goldfr\/\" \/>\n<meta property=\"article:published_time\" content=\"2014-03-21T16:00:38+00:00\" \/>\n<meta property=\"article:modified_time\" content=\"2018-02-22T13:41:19+00:00\" \/>\n<meta property=\"og:image\" content=\"https:\/\/www.gold.fr\/news\/wp-content\/uploads\/2014\/02\/Ru\u00e9e-vers-lor.jpg\" \/>\n\t<meta property=\"og:image:width\" content=\"640\" \/>\n\t<meta property=\"og:image:height\" content=\"427\" \/>\n\t<meta property=\"og:image:type\" content=\"image\/jpeg\" \/>\n<meta name=\"author\" content=\"Comptoir National de l&#039;Or\" \/>\n<meta name=\"twitter:card\" content=\"summary_large_image\" \/>\n<meta name=\"twitter:label1\" content=\"\u00c9crit par\" \/>\n\t<meta name=\"twitter:data1\" content=\"Comptoir National de l&#039;Or\" \/>\n\t<meta name=\"twitter:label2\" content=\"Dur\u00e9e de lecture estim\u00e9e\" \/>\n\t<meta name=\"twitter:data2\" content=\"1 minute\" \/>\n<script type=\"application\/ld+json\" class=\"yoast-schema-graph\">{\"@context\":\"https:\/\/schema.org\",\"@graph\":[{\"@type\":\"Article\",\"@id\":\"https:\/\/www.gold.fr\/news\/2014\/03\/21\/2014-loccasion-de-placer-dans-les-mines-dor\/#article\",\"isPartOf\":{\"@id\":\"https:\/\/www.gold.fr\/news\/2014\/03\/21\/2014-loccasion-de-placer-dans-les-mines-dor\/\"},\"author\":{\"name\":\"Comptoir National de l'Or\",\"@id\":\"https:\/\/www.gold.fr\/news\/#\/schema\/person\/760ee7cec237915eebf2be78df0404c4\"},\"headline\":\"2014 : L\u2019occasion de placer dans les mines d\u2019or\",\"datePublished\":\"2014-03-21T16:00:38+00:00\",\"dateModified\":\"2018-02-22T13:41:19+00:00\",\"mainEntityOfPage\":{\"@id\":\"https:\/\/www.gold.fr\/news\/2014\/03\/21\/2014-loccasion-de-placer-dans-les-mines-dor\/\"},\"wordCount\":313,\"commentCount\":0,\"image\":{\"@id\":\"https:\/\/www.gold.fr\/news\/2014\/03\/21\/2014-loccasion-de-placer-dans-les-mines-dor\/#primaryimage\"},\"thumbnailUrl\":\"https:\/\/www.gold.fr\/news\/wp-content\/uploads\/2014\/02\/Ru\u00e9e-vers-lor.jpg\",\"keywords\":[\"march\u00e9s financiers\",\"Mines d'Or\",\"MoneyStore\"],\"articleSection\":[\"Articles de presse\"],\"inLanguage\":\"fr-FR\"},{\"@type\":\"WebPage\",\"@id\":\"https:\/\/www.gold.fr\/news\/2014\/03\/21\/2014-loccasion-de-placer-dans-les-mines-dor\/\",\"url\":\"https:\/\/www.gold.fr\/news\/2014\/03\/21\/2014-loccasion-de-placer-dans-les-mines-dor\/\",\"name\":\"2014 : L\u2019occasion de placer dans les mines d\u2019or - Gold.fr\",\"isPartOf\":{\"@id\":\"https:\/\/www.gold.fr\/news\/#website\"},\"primaryImageOfPage\":{\"@id\":\"https:\/\/www.gold.fr\/news\/2014\/03\/21\/2014-loccasion-de-placer-dans-les-mines-dor\/#primaryimage\"},\"image\":{\"@id\":\"https:\/\/www.gold.fr\/news\/2014\/03\/21\/2014-loccasion-de-placer-dans-les-mines-dor\/#primaryimage\"},\"thumbnailUrl\":\"https:\/\/www.gold.fr\/news\/wp-content\/uploads\/2014\/02\/Ru\u00e9e-vers-lor.jpg\",\"datePublished\":\"2014-03-21T16:00:38+00:00\",\"dateModified\":\"2018-02-22T13:41:19+00:00\",\"author\":{\"@id\":\"https:\/\/www.gold.fr\/news\/#\/schema\/person\/760ee7cec237915eebf2be78df0404c4\"},\"breadcrumb\":{\"@id\":\"https:\/\/www.gold.fr\/news\/2014\/03\/21\/2014-loccasion-de-placer-dans-les-mines-dor\/#breadcrumb\"},\"inLanguage\":\"fr-FR\",\"potentialAction\":[{\"@type\":\"ReadAction\",\"target\":[\"https:\/\/www.gold.fr\/news\/2014\/03\/21\/2014-loccasion-de-placer-dans-les-mines-dor\/\"]}]},{\"@type\":\"ImageObject\",\"inLanguage\":\"fr-FR\",\"@id\":\"https:\/\/www.gold.fr\/news\/2014\/03\/21\/2014-loccasion-de-placer-dans-les-mines-dor\/#primaryimage\",\"url\":\"https:\/\/www.gold.fr\/news\/wp-content\/uploads\/2014\/02\/Ru\u00e9e-vers-lor.jpg\",\"contentUrl\":\"https:\/\/www.gold.fr\/news\/wp-content\/uploads\/2014\/02\/Ru\u00e9e-vers-lor.jpg\",\"width\":\"640\",\"height\":\"427\",\"caption\":\"Scandale VOLKSWAGEN : Des soubresauts successifs\"},{\"@type\":\"BreadcrumbList\",\"@id\":\"https:\/\/www.gold.fr\/news\/2014\/03\/21\/2014-loccasion-de-placer-dans-les-mines-dor\/#breadcrumb\",\"itemListElement\":[{\"@type\":\"ListItem\",\"position\":1,\"name\":\"Accueil\",\"item\":\"https:\/\/www.gold.fr\/\"},{\"@type\":\"ListItem\",\"position\":2,\"name\":\"Actualit\u00e9s\",\"item\":\"https:\/\/www.gold.fr\/news\/\"},{\"@type\":\"ListItem\",\"position\":3,\"name\":\"2014 : L\u2019occasion de placer dans les mines d\u2019or\"}]},{\"@type\":\"WebSite\",\"@id\":\"https:\/\/www.gold.fr\/news\/#website\",\"url\":\"https:\/\/www.gold.fr\/news\/\",\"name\":\"Gold.fr\",\"description\":\"Actualit\u00e9s de l&#039;Or et des m\u00e9taux pr\u00e9cieux\",\"potentialAction\":[{\"@type\":\"SearchAction\",\"target\":{\"@type\":\"EntryPoint\",\"urlTemplate\":\"https:\/\/www.gold.fr\/news\/?s={search_term_string}\"},\"query-input\":{\"@type\":\"PropertyValueSpecification\",\"valueRequired\":true,\"valueName\":\"search_term_string\"}}],\"inLanguage\":\"fr-FR\"},{\"@type\":\"Person\",\"@id\":\"https:\/\/www.gold.fr\/news\/#\/schema\/person\/760ee7cec237915eebf2be78df0404c4\",\"name\":\"Comptoir National de l'Or\",\"image\":{\"@type\":\"ImageObject\",\"inLanguage\":\"fr-FR\",\"@id\":\"https:\/\/www.gold.fr\/news\/#\/schema\/person\/image\/c36675942654553a86039d2dfa93c740\",\"url\":\"https:\/\/secure.gravatar.com\/avatar\/713f289e398d35ead876c4a4cc08607f0d6d266058cfc25683fffb6092d0e572?s=96&d=mm&r=g\",\"contentUrl\":\"https:\/\/secure.gravatar.com\/avatar\/713f289e398d35ead876c4a4cc08607f0d6d266058cfc25683fffb6092d0e572?s=96&d=mm&r=g\",\"caption\":\"Comptoir National de l'Or\"},\"description\":\"Notre r\u00e9daction est constitu\u00e9e de membres experts dans les m\u00e9tiers de l'\u00e9conomie et la gestion, des Responsables d'agence Comptoir National de l'Or, des analystes financiers qui publient r\u00e9guli\u00e8rement des \u00e9tudes sur les politiques des banques centrales, le cours de l'or, prix de l'or, cours de l'argent, prix de l'argent, cours du platine, cours du palladium,... la situation en zone euro et l'impact de la strat\u00e9gie mon\u00e9taire de la FED. Notre \u00e9quipe scrute \u00e9galement une information plus g\u00e9n\u00e9raliste \u00e0 la recherche d'actualit\u00e9 \\\"p\u00e9pite\\\" \u00e0 vous partager. Depuis 5 ans, nous avons publi\u00e9 un peu plus de 4000 articles qui s'adressent \u00e0 un public large et vari\u00e9 ayant pour objectif de satisfaire votre curiosit\u00e9 et de partager avec vous une certaine fascination pour le m\u00e9tal jaune, le rachat d'or, et pour ceux qui veulent investir dans l'or, vendre leur or tout simplement en savoir plus... Pour tous vos achat or et argent, n'h\u00e9sitez pas \u00e0 prendre rendez-vous dans l'un de nos nombreux comptoirs.\",\"sameAs\":[\"https:\/\/www.gold.fr\"]}]}<\/script>\n<!-- \/ Yoast SEO plugin. -->","yoast_head_json":{"title":"2014 : L\u2019occasion de placer dans les mines d\u2019or - Gold.fr","robots":{"index":"index","follow":"follow","max-snippet":"max-snippet:-1","max-image-preview":"max-image-preview:large","max-video-preview":"max-video-preview:-1"},"canonical":"https:\/\/www.gold.fr\/news\/2014\/03\/21\/2014-loccasion-de-placer-dans-les-mines-dor\/","og_locale":"fr_FR","og_type":"article","og_title":"2014 : L\u2019occasion de placer dans les mines d\u2019or - Gold.fr","og_description":"Le groupe financier mondial MoneyStore a r\u00e9cemment publi\u00e9 son bilan annuel (pour l&rsquo;ann\u00e9e 2013) que certains experts se plaisent \u00e0 surnommer le \u00ab hit-parade des fonds d&rsquo;investissements mondiaux \u00bb, listant les 10 meilleurs et 10 pires [&hellip;]","og_url":"https:\/\/www.gold.fr\/news\/2014\/03\/21\/2014-loccasion-de-placer-dans-les-mines-dor\/","og_site_name":"Gold.fr","article_publisher":"https:\/\/www.facebook.com\/Goldfr\/","article_published_time":"2014-03-21T16:00:38+00:00","article_modified_time":"2018-02-22T13:41:19+00:00","og_image":[{"width":640,"height":427,"url":"https:\/\/www.gold.fr\/news\/wp-content\/uploads\/2014\/02\/Ru\u00e9e-vers-lor.jpg","type":"image\/jpeg"}],"author":"Comptoir National de l'Or","twitter_card":"summary_large_image","twitter_misc":{"\u00c9crit par":"Comptoir National de l'Or","Dur\u00e9e de lecture estim\u00e9e":"1 minute"},"schema":{"@context":"https:\/\/schema.org","@graph":[{"@type":"Article","@id":"https:\/\/www.gold.fr\/news\/2014\/03\/21\/2014-loccasion-de-placer-dans-les-mines-dor\/#article","isPartOf":{"@id":"https:\/\/www.gold.fr\/news\/2014\/03\/21\/2014-loccasion-de-placer-dans-les-mines-dor\/"},"author":{"name":"Comptoir National de l'Or","@id":"https:\/\/www.gold.fr\/news\/#\/schema\/person\/760ee7cec237915eebf2be78df0404c4"},"headline":"2014 : L\u2019occasion de placer dans les mines d\u2019or","datePublished":"2014-03-21T16:00:38+00:00","dateModified":"2018-02-22T13:41:19+00:00","mainEntityOfPage":{"@id":"https:\/\/www.gold.fr\/news\/2014\/03\/21\/2014-loccasion-de-placer-dans-les-mines-dor\/"},"wordCount":313,"commentCount":0,"image":{"@id":"https:\/\/www.gold.fr\/news\/2014\/03\/21\/2014-loccasion-de-placer-dans-les-mines-dor\/#primaryimage"},"thumbnailUrl":"https:\/\/www.gold.fr\/news\/wp-content\/uploads\/2014\/02\/Ru\u00e9e-vers-lor.jpg","keywords":["march\u00e9s financiers","Mines d'Or","MoneyStore"],"articleSection":["Articles de presse"],"inLanguage":"fr-FR"},{"@type":"WebPage","@id":"https:\/\/www.gold.fr\/news\/2014\/03\/21\/2014-loccasion-de-placer-dans-les-mines-dor\/","url":"https:\/\/www.gold.fr\/news\/2014\/03\/21\/2014-loccasion-de-placer-dans-les-mines-dor\/","name":"2014 : L\u2019occasion de placer dans les mines d\u2019or - Gold.fr","isPartOf":{"@id":"https:\/\/www.gold.fr\/news\/#website"},"primaryImageOfPage":{"@id":"https:\/\/www.gold.fr\/news\/2014\/03\/21\/2014-loccasion-de-placer-dans-les-mines-dor\/#primaryimage"},"image":{"@id":"https:\/\/www.gold.fr\/news\/2014\/03\/21\/2014-loccasion-de-placer-dans-les-mines-dor\/#primaryimage"},"thumbnailUrl":"https:\/\/www.gold.fr\/news\/wp-content\/uploads\/2014\/02\/Ru\u00e9e-vers-lor.jpg","datePublished":"2014-03-21T16:00:38+00:00","dateModified":"2018-02-22T13:41:19+00:00","author":{"@id":"https:\/\/www.gold.fr\/news\/#\/schema\/person\/760ee7cec237915eebf2be78df0404c4"},"breadcrumb":{"@id":"https:\/\/www.gold.fr\/news\/2014\/03\/21\/2014-loccasion-de-placer-dans-les-mines-dor\/#breadcrumb"},"inLanguage":"fr-FR","potentialAction":[{"@type":"ReadAction","target":["https:\/\/www.gold.fr\/news\/2014\/03\/21\/2014-loccasion-de-placer-dans-les-mines-dor\/"]}]},{"@type":"ImageObject","inLanguage":"fr-FR","@id":"https:\/\/www.gold.fr\/news\/2014\/03\/21\/2014-loccasion-de-placer-dans-les-mines-dor\/#primaryimage","url":"https:\/\/www.gold.fr\/news\/wp-content\/uploads\/2014\/02\/Ru\u00e9e-vers-lor.jpg","contentUrl":"https:\/\/www.gold.fr\/news\/wp-content\/uploads\/2014\/02\/Ru\u00e9e-vers-lor.jpg","width":"640","height":"427","caption":"Scandale VOLKSWAGEN : Des soubresauts successifs"},{"@type":"BreadcrumbList","@id":"https:\/\/www.gold.fr\/news\/2014\/03\/21\/2014-loccasion-de-placer-dans-les-mines-dor\/#breadcrumb","itemListElement":[{"@type":"ListItem","position":1,"name":"Accueil","item":"https:\/\/www.gold.fr\/"},{"@type":"ListItem","position":2,"name":"Actualit\u00e9s","item":"https:\/\/www.gold.fr\/news\/"},{"@type":"ListItem","position":3,"name":"2014 : L\u2019occasion de placer dans les mines d\u2019or"}]},{"@type":"WebSite","@id":"https:\/\/www.gold.fr\/news\/#website","url":"https:\/\/www.gold.fr\/news\/","name":"Gold.fr","description":"Actualit\u00e9s de l&#039;Or et des m\u00e9taux pr\u00e9cieux","potentialAction":[{"@type":"SearchAction","target":{"@type":"EntryPoint","urlTemplate":"https:\/\/www.gold.fr\/news\/?s={search_term_string}"},"query-input":{"@type":"PropertyValueSpecification","valueRequired":true,"valueName":"search_term_string"}}],"inLanguage":"fr-FR"},{"@type":"Person","@id":"https:\/\/www.gold.fr\/news\/#\/schema\/person\/760ee7cec237915eebf2be78df0404c4","name":"Comptoir National de l'Or","image":{"@type":"ImageObject","inLanguage":"fr-FR","@id":"https:\/\/www.gold.fr\/news\/#\/schema\/person\/image\/c36675942654553a86039d2dfa93c740","url":"https:\/\/secure.gravatar.com\/avatar\/713f289e398d35ead876c4a4cc08607f0d6d266058cfc25683fffb6092d0e572?s=96&d=mm&r=g","contentUrl":"https:\/\/secure.gravatar.com\/avatar\/713f289e398d35ead876c4a4cc08607f0d6d266058cfc25683fffb6092d0e572?s=96&d=mm&r=g","caption":"Comptoir National de l'Or"},"description":"Notre r\u00e9daction est constitu\u00e9e de membres experts dans les m\u00e9tiers de l'\u00e9conomie et la gestion, des Responsables d'agence Comptoir National de l'Or, des analystes financiers qui publient r\u00e9guli\u00e8rement des \u00e9tudes sur les politiques des banques centrales, le cours de l'or, prix de l'or, cours de l'argent, prix de l'argent, cours du platine, cours du palladium,... la situation en zone euro et l'impact de la strat\u00e9gie mon\u00e9taire de la FED. Notre \u00e9quipe scrute \u00e9galement une information plus g\u00e9n\u00e9raliste \u00e0 la recherche d'actualit\u00e9 \"p\u00e9pite\" \u00e0 vous partager. Depuis 5 ans, nous avons publi\u00e9 un peu plus de 4000 articles qui s'adressent \u00e0 un public large et vari\u00e9 ayant pour objectif de satisfaire votre curiosit\u00e9 et de partager avec vous une certaine fascination pour le m\u00e9tal jaune, le rachat d'or, et pour ceux qui veulent investir dans l'or, vendre leur or tout simplement en savoir plus... Pour tous vos achat or et argent, n'h\u00e9sitez pas \u00e0 prendre rendez-vous dans l'un de nos nombreux comptoirs.","sameAs":["https:\/\/www.gold.fr"]}]}},"authors":[{"term_id":2565,"user_id":18,"is_guest":0,"slug":"julie","display_name":"Comptoir National de l'Or","avatar_url":"https:\/\/secure.gravatar.com\/avatar\/713f289e398d35ead876c4a4cc08607f0d6d266058cfc25683fffb6092d0e572?s=96&d=mm&r=g","0":null,"1":"","2":"","3":"","4":"","5":"","6":"","7":"","8":""}],"_links":{"self":[{"href":"https:\/\/www.gold.fr\/news\/wp-json\/wp\/v2\/posts\/14211","targetHints":{"allow":["GET"]}}],"collection":[{"href":"https:\/\/www.gold.fr\/news\/wp-json\/wp\/v2\/posts"}],"about":[{"href":"https:\/\/www.gold.fr\/news\/wp-json\/wp\/v2\/types\/post"}],"author":[{"embeddable":true,"href":"https:\/\/www.gold.fr\/news\/wp-json\/wp\/v2\/users\/18"}],"replies":[{"embeddable":true,"href":"https:\/\/www.gold.fr\/news\/wp-json\/wp\/v2\/comments?post=14211"}],"version-history":[{"count":0,"href":"https:\/\/www.gold.fr\/news\/wp-json\/wp\/v2\/posts\/14211\/revisions"}],"wp:featuredmedia":[{"embeddable":true,"href":"https:\/\/www.gold.fr\/news\/wp-json\/wp\/v2\/media\/13811"}],"wp:attachment":[{"href":"https:\/\/www.gold.fr\/news\/wp-json\/wp\/v2\/media?parent=14211"}],"wp:term":[{"taxonomy":"category","embeddable":true,"href":"https:\/\/www.gold.fr\/news\/wp-json\/wp\/v2\/categories?post=14211"},{"taxonomy":"post_tag","embeddable":true,"href":"https:\/\/www.gold.fr\/news\/wp-json\/wp\/v2\/tags?post=14211"},{"taxonomy":"author","embeddable":true,"href":"https:\/\/www.gold.fr\/news\/wp-json\/wp\/v2\/ppma_author?post=14211"}],"curies":[{"name":"wp","href":"https:\/\/api.w.org\/{rel}","templated":true}]}}