{"id":14209,"date":"2014-03-21T09:00:37","date_gmt":"2014-03-21T08:00:37","guid":{"rendered":"https:\/\/www.gold.fr\/news\/?p=14209"},"modified":"2018-02-22T14:41:20","modified_gmt":"2018-02-22T13:41:20","slug":"les-marches-resistent-en-depit-de-la-pression-fed","status":"publish","type":"post","link":"https:\/\/www.gold.fr\/news\/2014\/03\/21\/les-marches-resistent-en-depit-de-la-pression-fed\/","title":{"rendered":"Les march\u00e9s r\u00e9sistent, en d\u00e9pit de la pression FED"},"content":{"rendered":"<p><img loading=\"lazy\" decoding=\"async\" class=\"alignleft size-thumbnail wp-image-6295\" title=\"Les march\u00e9s r\u00e9sistent, en d\u00e9pit de la pression FED\" src=\"https:\/\/www.gold.fr\/news\/wp-content\/uploads\/2012\/03\/baisse-cours-de-lor-de-bourse-150x150.jpg\" alt=\"\" width=\"150\" height=\"150\" \/><span style=\"font-size: small;\">C&rsquo;est une fin de semaine int\u00e9ressante qui s&rsquo;annonce pour les march\u00e9s financiers, au lendemain de ce qui constitue d\u00e9sormais <a title=\"Le discours de Yellen \u00e9tonne les march\u00e9s\" href=\"https:\/\/www.gold.fr\/news\/2014\/03\/20\/le-discours-de-yellen-etonne-les-marches\/14207\/\" target=\"_blank\">la plus grande surprise US de ce premier trimestre 2014<\/a>. Il serait en effet int\u00e9ressant de voir la mani\u00e8re dont les march\u00e9s et leurs principaux op\u00e9rateurs vont r\u00e9agir aux r\u00e9centes annonces du <strong>FOMC<\/strong> (comit\u00e9 de direction mon\u00e9taire de la r\u00e9serve f\u00e9d\u00e9rale am\u00e9ricaine).<\/span>    <span style=\"font-size: small;\"> Mercredi soir, quelques minutes apr\u00e8s la publication du communiqu\u00e9 du <strong>FOMC<\/strong>, les principales places boursi\u00e8res demeuraient de marbre, soutenues par une r\u00e9cente s\u00e9rie d&rsquo;indices US globalement encourageants. Le communiqu\u00e9 incluait notamment l&rsquo;annonce d&rsquo;une \u00ab<em> nouvelle r\u00e9duction des achats mensuels d&rsquo;obligations par la banque centrale de 10 milliards de <a href='https:\/\/www.gold.fr\/news\/tags\/investissement' class='esk-seo-plu-link'>dollars<\/a><\/em> \u00bb, ce qui \u00e9tait largement pr\u00e9visible. Notons toutefois que la publication officielle soulignait que \u00ab <em>la FED entend \u00e9galement faire \u00e9voluer ses crit\u00e8res d&rsquo;appr\u00e9ciation de la conjoncture, en vue de calibrer sa politique de taux directeurs <\/em>\u00bb, mais n&rsquo;a fourni aucune pr\u00e9cision \u00e0 ce sujet.<\/span>    <span style=\"font-size: small;\"> Ce sera la conf\u00e9rence de presse qui s&rsquo;en suivra, et les propos qu&rsquo;y tiendra la pr\u00e9sidente de l&rsquo;institution qui vont r\u00e9ussir \u00e0 \u00e9branler cette solide r\u00e9sistance, puisque <strong>Janet Yellen<\/strong> avait r\u00e9v\u00e9l\u00e9 que le \u00ab <em>durcissement mon\u00e9taire pourrait intervenir d\u00e8s le mois d&rsquo;avril 2015<\/em> \u00bb (soit un semestre \u00e0 peine apr\u00e8s la fin d\u00e9finitive du programme <em>tapering<\/em>), ce qui a eu pour effet de refroidir les ardeurs optimistes des op\u00e9rateurs.<\/span><\/p>\n<!-- AddThis Advanced Settings generic via filter on the_content --><!-- AddThis Share Buttons generic via filter on the_content -->","protected":false},"excerpt":{"rendered":"<p>C&rsquo;est une fin de semaine int\u00e9ressante qui s&rsquo;annonce pour les march\u00e9s financiers, au lendemain de ce qui constitue d\u00e9sormais la plus grande surprise US de ce premier trimestre 2014. Il serait en effet int\u00e9ressant de voir [&hellip;]<\/p>\n","protected":false},"author":18,"featured_media":6295,"comment_status":"open","ping_status":"open","sticky":false,"template":"","format":"standard","meta":{"_mbp_gutenberg_autopost":false,"_pgmb_is_evergreen":false,"_pgmb_ap_template_id":0,"footnotes":""},"categories":[6],"tags":[144,1034,1649,1672,1810],"ppma_author":[2565],"class_list":["post-14209","post","type-post","status-publish","format-standard","has-post-thumbnail","hentry","category-articles-de-presse","tag-fed","tag-fomc","tag-marches","tag-tapering","tag-yellen"],"yoast_head":"<!-- This site is optimized with the Yoast SEO plugin v27.5 - https:\/\/yoast.com\/product\/yoast-seo-wordpress\/ -->\n<title>Les march\u00e9s r\u00e9sistent, en d\u00e9pit de la pression FED - Gold.fr<\/title>\n<meta name=\"robots\" content=\"index, follow, max-snippet:-1, max-image-preview:large, max-video-preview:-1\" \/>\n<link rel=\"canonical\" href=\"https:\/\/www.gold.fr\/news\/2014\/03\/21\/les-marches-resistent-en-depit-de-la-pression-fed\/\" \/>\n<meta property=\"og:locale\" content=\"fr_FR\" \/>\n<meta property=\"og:type\" content=\"article\" \/>\n<meta property=\"og:title\" content=\"Les march\u00e9s r\u00e9sistent, en d\u00e9pit de la pression FED - Gold.fr\" \/>\n<meta property=\"og:description\" content=\"C&rsquo;est une fin de semaine int\u00e9ressante qui s&rsquo;annonce pour les march\u00e9s financiers, au lendemain de ce qui constitue d\u00e9sormais la plus grande surprise US de ce premier trimestre 2014. Il serait en effet int\u00e9ressant de voir [&hellip;]\" \/>\n<meta property=\"og:url\" content=\"https:\/\/www.gold.fr\/news\/2014\/03\/21\/les-marches-resistent-en-depit-de-la-pression-fed\/\" \/>\n<meta property=\"og:site_name\" content=\"Gold.fr\" \/>\n<meta property=\"article:publisher\" content=\"https:\/\/www.facebook.com\/Goldfr\/\" \/>\n<meta property=\"article:published_time\" content=\"2014-03-21T08:00:37+00:00\" \/>\n<meta property=\"article:modified_time\" content=\"2018-02-22T13:41:20+00:00\" \/>\n<meta property=\"og:image\" content=\"https:\/\/www.gold.fr\/news\/wp-content\/uploads\/2012\/03\/baisse-cours-de-lor-de-bourse.jpg\" \/>\n\t<meta property=\"og:image:width\" content=\"600\" \/>\n\t<meta property=\"og:image:height\" content=\"451\" \/>\n\t<meta property=\"og:image:type\" content=\"image\/jpeg\" \/>\n<meta name=\"author\" content=\"Comptoir National de l&#039;Or\" \/>\n<meta name=\"twitter:card\" content=\"summary_large_image\" \/>\n<meta name=\"twitter:label1\" content=\"\u00c9crit par\" \/>\n\t<meta name=\"twitter:data1\" content=\"Comptoir National de l&#039;Or\" \/>\n\t<meta name=\"twitter:label2\" content=\"Dur\u00e9e de lecture estim\u00e9e\" \/>\n\t<meta name=\"twitter:data2\" content=\"1 minute\" \/>\n<script type=\"application\/ld+json\" class=\"yoast-schema-graph\">{\"@context\":\"https:\\\/\\\/schema.org\",\"@graph\":[{\"@type\":\"Article\",\"@id\":\"https:\\\/\\\/www.gold.fr\\\/news\\\/2014\\\/03\\\/21\\\/les-marches-resistent-en-depit-de-la-pression-fed\\\/#article\",\"isPartOf\":{\"@id\":\"https:\\\/\\\/www.gold.fr\\\/news\\\/2014\\\/03\\\/21\\\/les-marches-resistent-en-depit-de-la-pression-fed\\\/\"},\"author\":{\"name\":\"Comptoir National de l'Or\",\"@id\":\"https:\\\/\\\/www.gold.fr\\\/news\\\/#\\\/schema\\\/person\\\/070491b4b4fb7671bf59b3be20302ce9\"},\"headline\":\"Les march\u00e9s r\u00e9sistent, en d\u00e9pit de la pression FED\",\"datePublished\":\"2014-03-21T08:00:37+00:00\",\"dateModified\":\"2018-02-22T13:41:20+00:00\",\"mainEntityOfPage\":{\"@id\":\"https:\\\/\\\/www.gold.fr\\\/news\\\/2014\\\/03\\\/21\\\/les-marches-resistent-en-depit-de-la-pression-fed\\\/\"},\"wordCount\":270,\"commentCount\":0,\"image\":{\"@id\":\"https:\\\/\\\/www.gold.fr\\\/news\\\/2014\\\/03\\\/21\\\/les-marches-resistent-en-depit-de-la-pression-fed\\\/#primaryimage\"},\"thumbnailUrl\":\"https:\\\/\\\/www.gold.fr\\\/news\\\/wp-content\\\/uploads\\\/2012\\\/03\\\/baisse-cours-de-lor-de-bourse.jpg\",\"keywords\":[\"fed\",\"FOMC\",\"march\u00e9s\",\"tapering\",\"yellen\"],\"articleSection\":[\"Articles de presse\"],\"inLanguage\":\"fr-FR\"},{\"@type\":\"WebPage\",\"@id\":\"https:\\\/\\\/www.gold.fr\\\/news\\\/2014\\\/03\\\/21\\\/les-marches-resistent-en-depit-de-la-pression-fed\\\/\",\"url\":\"https:\\\/\\\/www.gold.fr\\\/news\\\/2014\\\/03\\\/21\\\/les-marches-resistent-en-depit-de-la-pression-fed\\\/\",\"name\":\"Les march\u00e9s r\u00e9sistent, en d\u00e9pit de la pression FED - Gold.fr\",\"isPartOf\":{\"@id\":\"https:\\\/\\\/www.gold.fr\\\/news\\\/#website\"},\"primaryImageOfPage\":{\"@id\":\"https:\\\/\\\/www.gold.fr\\\/news\\\/2014\\\/03\\\/21\\\/les-marches-resistent-en-depit-de-la-pression-fed\\\/#primaryimage\"},\"image\":{\"@id\":\"https:\\\/\\\/www.gold.fr\\\/news\\\/2014\\\/03\\\/21\\\/les-marches-resistent-en-depit-de-la-pression-fed\\\/#primaryimage\"},\"thumbnailUrl\":\"https:\\\/\\\/www.gold.fr\\\/news\\\/wp-content\\\/uploads\\\/2012\\\/03\\\/baisse-cours-de-lor-de-bourse.jpg\",\"datePublished\":\"2014-03-21T08:00:37+00:00\",\"dateModified\":\"2018-02-22T13:41:20+00:00\",\"author\":{\"@id\":\"https:\\\/\\\/www.gold.fr\\\/news\\\/#\\\/schema\\\/person\\\/070491b4b4fb7671bf59b3be20302ce9\"},\"breadcrumb\":{\"@id\":\"https:\\\/\\\/www.gold.fr\\\/news\\\/2014\\\/03\\\/21\\\/les-marches-resistent-en-depit-de-la-pression-fed\\\/#breadcrumb\"},\"inLanguage\":\"fr-FR\",\"potentialAction\":[{\"@type\":\"ReadAction\",\"target\":[\"https:\\\/\\\/www.gold.fr\\\/news\\\/2014\\\/03\\\/21\\\/les-marches-resistent-en-depit-de-la-pression-fed\\\/\"]}]},{\"@type\":\"ImageObject\",\"inLanguage\":\"fr-FR\",\"@id\":\"https:\\\/\\\/www.gold.fr\\\/news\\\/2014\\\/03\\\/21\\\/les-marches-resistent-en-depit-de-la-pression-fed\\\/#primaryimage\",\"url\":\"https:\\\/\\\/www.gold.fr\\\/news\\\/wp-content\\\/uploads\\\/2012\\\/03\\\/baisse-cours-de-lor-de-bourse.jpg\",\"contentUrl\":\"https:\\\/\\\/www.gold.fr\\\/news\\\/wp-content\\\/uploads\\\/2012\\\/03\\\/baisse-cours-de-lor-de-bourse.jpg\",\"width\":\"600\",\"height\":\"451\",\"caption\":\"L\u2019or subit de nouvelles pressions baissi\u00e8res\"},{\"@type\":\"BreadcrumbList\",\"@id\":\"https:\\\/\\\/www.gold.fr\\\/news\\\/2014\\\/03\\\/21\\\/les-marches-resistent-en-depit-de-la-pression-fed\\\/#breadcrumb\",\"itemListElement\":[{\"@type\":\"ListItem\",\"position\":1,\"name\":\"Accueil\",\"item\":\"https:\\\/\\\/www.gold.fr\\\/\"},{\"@type\":\"ListItem\",\"position\":2,\"name\":\"Actualit\u00e9s\",\"item\":\"https:\\\/\\\/www.gold.fr\\\/news\\\/\"},{\"@type\":\"ListItem\",\"position\":3,\"name\":\"Les march\u00e9s r\u00e9sistent, en d\u00e9pit de la pression FED\"}]},{\"@type\":\"WebSite\",\"@id\":\"https:\\\/\\\/www.gold.fr\\\/news\\\/#website\",\"url\":\"https:\\\/\\\/www.gold.fr\\\/news\\\/\",\"name\":\"Gold.fr\",\"description\":\"Actualit\u00e9s de l&#039;Or et des m\u00e9taux pr\u00e9cieux\",\"potentialAction\":[{\"@type\":\"SearchAction\",\"target\":{\"@type\":\"EntryPoint\",\"urlTemplate\":\"https:\\\/\\\/www.gold.fr\\\/news\\\/?s={search_term_string}\"},\"query-input\":{\"@type\":\"PropertyValueSpecification\",\"valueRequired\":true,\"valueName\":\"search_term_string\"}}],\"inLanguage\":\"fr-FR\"},{\"@type\":\"Person\",\"@id\":\"https:\\\/\\\/www.gold.fr\\\/news\\\/#\\\/schema\\\/person\\\/070491b4b4fb7671bf59b3be20302ce9\",\"name\":\"Comptoir National de l'Or\",\"image\":{\"@type\":\"ImageObject\",\"inLanguage\":\"fr-FR\",\"@id\":\"https:\\\/\\\/secure.gravatar.com\\\/avatar\\\/0a2867fd5abe37bed95d5a65e9d58f01756e11efc68af9888dfc50cfa7f65948?s=96&d=mm&r=gb490554db0a38188709de567aa58480d\",\"url\":\"https:\\\/\\\/secure.gravatar.com\\\/avatar\\\/0a2867fd5abe37bed95d5a65e9d58f01756e11efc68af9888dfc50cfa7f65948?s=96&d=mm&r=g\",\"contentUrl\":\"https:\\\/\\\/secure.gravatar.com\\\/avatar\\\/0a2867fd5abe37bed95d5a65e9d58f01756e11efc68af9888dfc50cfa7f65948?s=96&d=mm&r=g\",\"caption\":\"Comptoir National de l'Or\"},\"description\":\"Notre r\u00e9daction est constitu\u00e9e de membres experts dans les m\u00e9tiers de l'\u00e9conomie et la gestion, des Responsables d'agence Comptoir National de l'Or, des analystes financiers qui publient r\u00e9guli\u00e8rement des \u00e9tudes sur les politiques des banques centrales, le cours de l'or, prix de l'or, cours de l'argent, prix de l'argent, cours du platine, cours du palladium,... la situation en zone euro et l'impact de la strat\u00e9gie mon\u00e9taire de la FED. Notre \u00e9quipe scrute \u00e9galement une information plus g\u00e9n\u00e9raliste \u00e0 la recherche d'actualit\u00e9 \\\"p\u00e9pite\\\" \u00e0 vous partager. Depuis 5 ans, nous avons publi\u00e9 un peu plus de 4000 articles qui s'adressent \u00e0 un public large et vari\u00e9 ayant pour objectif de satisfaire votre curiosit\u00e9 et de partager avec vous une certaine fascination pour le m\u00e9tal jaune, le rachat d'or, et pour ceux qui veulent investir dans l'or, vendre leur or tout simplement en savoir plus... Pour tous vos achat or et argent, n'h\u00e9sitez pas \u00e0 prendre rendez-vous dans l'un de nos nombreux comptoirs.\",\"sameAs\":[\"https:\\\/\\\/www.gold.fr\"]}]}<\/script>\n<!-- \/ Yoast SEO plugin. -->","yoast_head_json":{"title":"Les march\u00e9s r\u00e9sistent, en d\u00e9pit de la pression FED - Gold.fr","robots":{"index":"index","follow":"follow","max-snippet":"max-snippet:-1","max-image-preview":"max-image-preview:large","max-video-preview":"max-video-preview:-1"},"canonical":"https:\/\/www.gold.fr\/news\/2014\/03\/21\/les-marches-resistent-en-depit-de-la-pression-fed\/","og_locale":"fr_FR","og_type":"article","og_title":"Les march\u00e9s r\u00e9sistent, en d\u00e9pit de la pression FED - Gold.fr","og_description":"C&rsquo;est une fin de semaine int\u00e9ressante qui s&rsquo;annonce pour les march\u00e9s financiers, au lendemain de ce qui constitue d\u00e9sormais la plus grande surprise US de ce premier trimestre 2014. Il serait en effet int\u00e9ressant de voir [&hellip;]","og_url":"https:\/\/www.gold.fr\/news\/2014\/03\/21\/les-marches-resistent-en-depit-de-la-pression-fed\/","og_site_name":"Gold.fr","article_publisher":"https:\/\/www.facebook.com\/Goldfr\/","article_published_time":"2014-03-21T08:00:37+00:00","article_modified_time":"2018-02-22T13:41:20+00:00","og_image":[{"width":600,"height":451,"url":"https:\/\/www.gold.fr\/news\/wp-content\/uploads\/2012\/03\/baisse-cours-de-lor-de-bourse.jpg","type":"image\/jpeg"}],"author":"Comptoir National de l'Or","twitter_card":"summary_large_image","twitter_misc":{"\u00c9crit par":"Comptoir National de l'Or","Dur\u00e9e de lecture estim\u00e9e":"1 minute"},"schema":{"@context":"https:\/\/schema.org","@graph":[{"@type":"Article","@id":"https:\/\/www.gold.fr\/news\/2014\/03\/21\/les-marches-resistent-en-depit-de-la-pression-fed\/#article","isPartOf":{"@id":"https:\/\/www.gold.fr\/news\/2014\/03\/21\/les-marches-resistent-en-depit-de-la-pression-fed\/"},"author":{"name":"Comptoir National de l'Or","@id":"https:\/\/www.gold.fr\/news\/#\/schema\/person\/070491b4b4fb7671bf59b3be20302ce9"},"headline":"Les march\u00e9s r\u00e9sistent, en d\u00e9pit de la pression FED","datePublished":"2014-03-21T08:00:37+00:00","dateModified":"2018-02-22T13:41:20+00:00","mainEntityOfPage":{"@id":"https:\/\/www.gold.fr\/news\/2014\/03\/21\/les-marches-resistent-en-depit-de-la-pression-fed\/"},"wordCount":270,"commentCount":0,"image":{"@id":"https:\/\/www.gold.fr\/news\/2014\/03\/21\/les-marches-resistent-en-depit-de-la-pression-fed\/#primaryimage"},"thumbnailUrl":"https:\/\/www.gold.fr\/news\/wp-content\/uploads\/2012\/03\/baisse-cours-de-lor-de-bourse.jpg","keywords":["fed","FOMC","march\u00e9s","tapering","yellen"],"articleSection":["Articles de presse"],"inLanguage":"fr-FR"},{"@type":"WebPage","@id":"https:\/\/www.gold.fr\/news\/2014\/03\/21\/les-marches-resistent-en-depit-de-la-pression-fed\/","url":"https:\/\/www.gold.fr\/news\/2014\/03\/21\/les-marches-resistent-en-depit-de-la-pression-fed\/","name":"Les march\u00e9s r\u00e9sistent, en d\u00e9pit de la pression FED - Gold.fr","isPartOf":{"@id":"https:\/\/www.gold.fr\/news\/#website"},"primaryImageOfPage":{"@id":"https:\/\/www.gold.fr\/news\/2014\/03\/21\/les-marches-resistent-en-depit-de-la-pression-fed\/#primaryimage"},"image":{"@id":"https:\/\/www.gold.fr\/news\/2014\/03\/21\/les-marches-resistent-en-depit-de-la-pression-fed\/#primaryimage"},"thumbnailUrl":"https:\/\/www.gold.fr\/news\/wp-content\/uploads\/2012\/03\/baisse-cours-de-lor-de-bourse.jpg","datePublished":"2014-03-21T08:00:37+00:00","dateModified":"2018-02-22T13:41:20+00:00","author":{"@id":"https:\/\/www.gold.fr\/news\/#\/schema\/person\/070491b4b4fb7671bf59b3be20302ce9"},"breadcrumb":{"@id":"https:\/\/www.gold.fr\/news\/2014\/03\/21\/les-marches-resistent-en-depit-de-la-pression-fed\/#breadcrumb"},"inLanguage":"fr-FR","potentialAction":[{"@type":"ReadAction","target":["https:\/\/www.gold.fr\/news\/2014\/03\/21\/les-marches-resistent-en-depit-de-la-pression-fed\/"]}]},{"@type":"ImageObject","inLanguage":"fr-FR","@id":"https:\/\/www.gold.fr\/news\/2014\/03\/21\/les-marches-resistent-en-depit-de-la-pression-fed\/#primaryimage","url":"https:\/\/www.gold.fr\/news\/wp-content\/uploads\/2012\/03\/baisse-cours-de-lor-de-bourse.jpg","contentUrl":"https:\/\/www.gold.fr\/news\/wp-content\/uploads\/2012\/03\/baisse-cours-de-lor-de-bourse.jpg","width":"600","height":"451","caption":"L\u2019or subit de nouvelles pressions baissi\u00e8res"},{"@type":"BreadcrumbList","@id":"https:\/\/www.gold.fr\/news\/2014\/03\/21\/les-marches-resistent-en-depit-de-la-pression-fed\/#breadcrumb","itemListElement":[{"@type":"ListItem","position":1,"name":"Accueil","item":"https:\/\/www.gold.fr\/"},{"@type":"ListItem","position":2,"name":"Actualit\u00e9s","item":"https:\/\/www.gold.fr\/news\/"},{"@type":"ListItem","position":3,"name":"Les march\u00e9s r\u00e9sistent, en d\u00e9pit de la pression FED"}]},{"@type":"WebSite","@id":"https:\/\/www.gold.fr\/news\/#website","url":"https:\/\/www.gold.fr\/news\/","name":"Gold.fr","description":"Actualit\u00e9s de l&#039;Or et des m\u00e9taux pr\u00e9cieux","potentialAction":[{"@type":"SearchAction","target":{"@type":"EntryPoint","urlTemplate":"https:\/\/www.gold.fr\/news\/?s={search_term_string}"},"query-input":{"@type":"PropertyValueSpecification","valueRequired":true,"valueName":"search_term_string"}}],"inLanguage":"fr-FR"},{"@type":"Person","@id":"https:\/\/www.gold.fr\/news\/#\/schema\/person\/070491b4b4fb7671bf59b3be20302ce9","name":"Comptoir National de l'Or","image":{"@type":"ImageObject","inLanguage":"fr-FR","@id":"https:\/\/secure.gravatar.com\/avatar\/0a2867fd5abe37bed95d5a65e9d58f01756e11efc68af9888dfc50cfa7f65948?s=96&d=mm&r=gb490554db0a38188709de567aa58480d","url":"https:\/\/secure.gravatar.com\/avatar\/0a2867fd5abe37bed95d5a65e9d58f01756e11efc68af9888dfc50cfa7f65948?s=96&d=mm&r=g","contentUrl":"https:\/\/secure.gravatar.com\/avatar\/0a2867fd5abe37bed95d5a65e9d58f01756e11efc68af9888dfc50cfa7f65948?s=96&d=mm&r=g","caption":"Comptoir National de l'Or"},"description":"Notre r\u00e9daction est constitu\u00e9e de membres experts dans les m\u00e9tiers de l'\u00e9conomie et la gestion, des Responsables d'agence Comptoir National de l'Or, des analystes financiers qui publient r\u00e9guli\u00e8rement des \u00e9tudes sur les politiques des banques centrales, le cours de l'or, prix de l'or, cours de l'argent, prix de l'argent, cours du platine, cours du palladium,... la situation en zone euro et l'impact de la strat\u00e9gie mon\u00e9taire de la FED. Notre \u00e9quipe scrute \u00e9galement une information plus g\u00e9n\u00e9raliste \u00e0 la recherche d'actualit\u00e9 \"p\u00e9pite\" \u00e0 vous partager. Depuis 5 ans, nous avons publi\u00e9 un peu plus de 4000 articles qui s'adressent \u00e0 un public large et vari\u00e9 ayant pour objectif de satisfaire votre curiosit\u00e9 et de partager avec vous une certaine fascination pour le m\u00e9tal jaune, le rachat d'or, et pour ceux qui veulent investir dans l'or, vendre leur or tout simplement en savoir plus... Pour tous vos achat or et argent, n'h\u00e9sitez pas \u00e0 prendre rendez-vous dans l'un de nos nombreux comptoirs.","sameAs":["https:\/\/www.gold.fr"]}]}},"authors":[{"term_id":2565,"user_id":18,"is_guest":0,"slug":"julie","display_name":"Comptoir National de l'Or","avatar_url":"https:\/\/secure.gravatar.com\/avatar\/713f289e398d35ead876c4a4cc08607f0d6d266058cfc25683fffb6092d0e572?s=96&d=mm&r=g","0":null,"1":"","2":"","3":"","4":"","5":"","6":"","7":"","8":""}],"_links":{"self":[{"href":"https:\/\/www.gold.fr\/news\/wp-json\/wp\/v2\/posts\/14209","targetHints":{"allow":["GET"]}}],"collection":[{"href":"https:\/\/www.gold.fr\/news\/wp-json\/wp\/v2\/posts"}],"about":[{"href":"https:\/\/www.gold.fr\/news\/wp-json\/wp\/v2\/types\/post"}],"author":[{"embeddable":true,"href":"https:\/\/www.gold.fr\/news\/wp-json\/wp\/v2\/users\/18"}],"replies":[{"embeddable":true,"href":"https:\/\/www.gold.fr\/news\/wp-json\/wp\/v2\/comments?post=14209"}],"version-history":[{"count":0,"href":"https:\/\/www.gold.fr\/news\/wp-json\/wp\/v2\/posts\/14209\/revisions"}],"wp:featuredmedia":[{"embeddable":true,"href":"https:\/\/www.gold.fr\/news\/wp-json\/wp\/v2\/media\/6295"}],"wp:attachment":[{"href":"https:\/\/www.gold.fr\/news\/wp-json\/wp\/v2\/media?parent=14209"}],"wp:term":[{"taxonomy":"category","embeddable":true,"href":"https:\/\/www.gold.fr\/news\/wp-json\/wp\/v2\/categories?post=14209"},{"taxonomy":"post_tag","embeddable":true,"href":"https:\/\/www.gold.fr\/news\/wp-json\/wp\/v2\/tags?post=14209"},{"taxonomy":"author","embeddable":true,"href":"https:\/\/www.gold.fr\/news\/wp-json\/wp\/v2\/ppma_author?post=14209"}],"curies":[{"name":"wp","href":"https:\/\/api.w.org\/{rel}","templated":true}]}}