{"id":14207,"date":"2014-03-20T17:00:09","date_gmt":"2014-03-20T16:00:09","guid":{"rendered":"https:\/\/www.gold.fr\/news\/?p=14207"},"modified":"2018-02-22T14:41:21","modified_gmt":"2018-02-22T13:41:21","slug":"le-discours-de-yellen-etonne-les-marches","status":"publish","type":"post","link":"https:\/\/www.gold.fr\/news\/2014\/03\/20\/le-discours-de-yellen-etonne-les-marches\/","title":{"rendered":"Le discours de Yellen \u00e9tonne les march\u00e9s"},"content":{"rendered":"<p><img loading=\"lazy\" decoding=\"async\" class=\"alignleft size-thumbnail wp-image-5283\" title=\"Le discours de Yellen \u00e9tonne les march\u00e9s\" src=\"https:\/\/www.gold.fr\/news\/wp-content\/uploads\/2011\/08\/monde-or-150x150.jpg\" alt=\"\" width=\"150\" height=\"150\" \/><span style=\"font-size: small;\">La semaine promettait d\u00e9j\u00e0 d&rsquo;\u00eatre un tournant relativement d\u00e9cisif et elle n&rsquo;aura pas d\u00e9\u00e7u, puisqu&rsquo;elle vient de fournir un indicateur majeur qui r\u00e9ussit d\u00e9j\u00e0 \u00e0 orienter les <a href='https:\/\/www.gold.fr\/news\/tags\/investissement' class='esk-seo-plu-link'>placements<\/a> des principaux op\u00e9rateurs.<\/span>    <span style=\"font-size: small;\"> Au terme de deux journ\u00e9es d&rsquo;une r\u00e9union mensuelle qui continue, \u00e0 chaque fois, d&rsquo;\u00eatre le centre de l&rsquo;attention en d\u00e9pit de son caract\u00e8re traditionnel, le comit\u00e9 de direction mon\u00e9taire de la r\u00e9serve f\u00e9d\u00e9rale am\u00e9ricaine (<strong>FOMC<\/strong>) a finalement annonc\u00e9 les r\u00e9sultats de ses d\u00e9lib\u00e9rations. Et ce r\u00e9sultat est pour le moins inattendu. <strong>Janet Yellen<\/strong> (pr\u00e9sidente de la <strong>FED<\/strong>) a en effet d\u00e9clar\u00e9, dans le cadre de la conf\u00e9rence de presse officielle qui s&rsquo;en est suivie, que les taux directeurs de la premi\u00e8re institution financi\u00e8re am\u00e9ricaine sont susceptibles d&rsquo;\u00eatre augment\u00e9s dans les mois \u00e0 venir.<\/span>    <span style=\"font-size: small;\"> Pour l&rsquo;ensemble des march\u00e9s \u2013incluant investisseurs et observateurs-, cette annonce est d\u00e9finitivement une surprise. <strong>Thomas Julien<\/strong>, \u00e9conomiste chez la banque fran\u00e7aise <strong>Natixis<\/strong>, rapporte en effet, avec un note de surprise, que la pr\u00e9sidente de la <strong>FED<\/strong> \u00ab <em>a livr\u00e9 un discours assez \u00e9nergique hier en indiquant que la R\u00e9serve f\u00e9d\u00e9rale pourrait commencer \u00e0 relever ses taux six mois apr\u00e8s la fin du programme d&rsquo;assouplissement quantitatif, une \u00e9ch\u00e9ance plus proche que g\u00e9n\u00e9ralement anticip\u00e9 <\/em>\u00bb.<\/span>    <span style=\"font-size: small;\"> En d&rsquo;autres termes, apr\u00e8s avoir mis fin au programme du <em>tapering<\/em>, la r\u00e9serve f\u00e9d\u00e9rale am\u00e9ricaine pourrait entamer, d\u00e8s la fin de ce mois, une vague de durcissement mon\u00e9taire. La d\u00e9cision surprend en raison surtout du fait que la plupart des op\u00e9rateurs et experts attendaient, et esp\u00e9raient, que l&rsquo;institution prolongerait sa politique d&rsquo;assouplissement mon\u00e9taire (taux \u00e0 z\u00e9ro) pour encore une ann\u00e9e, au moins.<\/span>    <span style=\"font-size: small;\"> Rappelons d&rsquo;ailleurs que le discours de Yellen incluait \u00e9galement une annonce relative \u00e0 la d\u00e9cison \u2013celle-ci pr\u00e9visible- de r\u00e9duire les rachats d&rsquo;actifs mensuels de l&rsquo;institution \u00e0 55 milliards de <a href='https:\/\/www.gold.fr\/news\/tags\/investissement' class='esk-seo-plu-link'>dollars<\/a>.<\/span><\/p>\n<!-- AddThis Advanced Settings generic via filter on the_content --><!-- AddThis Share Buttons generic via filter on the_content -->","protected":false},"excerpt":{"rendered":"<p>La semaine promettait d\u00e9j\u00e0 d&rsquo;\u00eatre un tournant relativement d\u00e9cisif et elle n&rsquo;aura pas d\u00e9\u00e7u, puisqu&rsquo;elle vient de fournir un indicateur majeur qui r\u00e9ussit d\u00e9j\u00e0 \u00e0 orienter les placements des principaux op\u00e9rateurs. Au terme de deux journ\u00e9es [&hellip;]<\/p>\n","protected":false},"author":18,"featured_media":5283,"comment_status":"open","ping_status":"open","sticky":false,"template":"","format":"standard","meta":{"_mbp_gutenberg_autopost":false,"_pgmb_is_evergreen":false,"_pgmb_ap_template_id":0,"footnotes":""},"categories":[6],"tags":[1100,144,1034,1649,1672,1810],"ppma_author":[2565],"class_list":["post-14207","post","type-post","status-publish","format-standard","has-post-thumbnail","hentry","category-articles-de-presse","tag-economie-us","tag-fed","tag-fomc","tag-marches","tag-tapering","tag-yellen"],"yoast_head":"<!-- This site is optimized with the Yoast SEO plugin v26.9 - https:\/\/yoast.com\/product\/yoast-seo-wordpress\/ -->\n<title>Le discours de Yellen \u00e9tonne les march\u00e9s - Gold.fr<\/title>\n<meta name=\"robots\" content=\"index, follow, max-snippet:-1, max-image-preview:large, max-video-preview:-1\" \/>\n<link rel=\"canonical\" href=\"https:\/\/www.gold.fr\/news\/2014\/03\/20\/le-discours-de-yellen-etonne-les-marches\/\" \/>\n<meta property=\"og:locale\" content=\"fr_FR\" \/>\n<meta property=\"og:type\" content=\"article\" \/>\n<meta property=\"og:title\" content=\"Le discours de Yellen \u00e9tonne les march\u00e9s - Gold.fr\" \/>\n<meta property=\"og:description\" content=\"La semaine promettait d\u00e9j\u00e0 d&rsquo;\u00eatre un tournant relativement d\u00e9cisif et elle n&rsquo;aura pas d\u00e9\u00e7u, puisqu&rsquo;elle vient de fournir un indicateur majeur qui r\u00e9ussit d\u00e9j\u00e0 \u00e0 orienter les placements des principaux op\u00e9rateurs. Au terme de deux journ\u00e9es [&hellip;]\" \/>\n<meta property=\"og:url\" content=\"https:\/\/www.gold.fr\/news\/2014\/03\/20\/le-discours-de-yellen-etonne-les-marches\/\" \/>\n<meta property=\"og:site_name\" content=\"Gold.fr\" \/>\n<meta property=\"article:publisher\" content=\"https:\/\/www.facebook.com\/Goldfr\/\" \/>\n<meta property=\"article:published_time\" content=\"2014-03-20T16:00:09+00:00\" \/>\n<meta property=\"article:modified_time\" content=\"2018-02-22T13:41:21+00:00\" \/>\n<meta property=\"og:image\" content=\"https:\/\/www.gold.fr\/news\/wp-content\/uploads\/2011\/08\/monde-or.jpg\" \/>\n\t<meta property=\"og:image:width\" content=\"600\" \/>\n\t<meta property=\"og:image:height\" content=\"400\" \/>\n\t<meta property=\"og:image:type\" content=\"image\/jpeg\" \/>\n<meta name=\"author\" content=\"Comptoir National de l&#039;Or\" \/>\n<meta name=\"twitter:card\" content=\"summary_large_image\" \/>\n<meta name=\"twitter:label1\" content=\"\u00c9crit par\" \/>\n\t<meta name=\"twitter:data1\" content=\"Comptoir National de l&#039;Or\" \/>\n\t<meta name=\"twitter:label2\" content=\"Dur\u00e9e de lecture estim\u00e9e\" \/>\n\t<meta name=\"twitter:data2\" content=\"2 minutes\" \/>\n<script type=\"application\/ld+json\" class=\"yoast-schema-graph\">{\"@context\":\"https:\/\/schema.org\",\"@graph\":[{\"@type\":\"Article\",\"@id\":\"https:\/\/www.gold.fr\/news\/2014\/03\/20\/le-discours-de-yellen-etonne-les-marches\/#article\",\"isPartOf\":{\"@id\":\"https:\/\/www.gold.fr\/news\/2014\/03\/20\/le-discours-de-yellen-etonne-les-marches\/\"},\"author\":{\"name\":\"Comptoir National de l'Or\",\"@id\":\"https:\/\/www.gold.fr\/news\/#\/schema\/person\/760ee7cec237915eebf2be78df0404c4\"},\"headline\":\"Le discours de Yellen \u00e9tonne les march\u00e9s\",\"datePublished\":\"2014-03-20T16:00:09+00:00\",\"dateModified\":\"2018-02-22T13:41:21+00:00\",\"mainEntityOfPage\":{\"@id\":\"https:\/\/www.gold.fr\/news\/2014\/03\/20\/le-discours-de-yellen-etonne-les-marches\/\"},\"wordCount\":356,\"commentCount\":0,\"image\":{\"@id\":\"https:\/\/www.gold.fr\/news\/2014\/03\/20\/le-discours-de-yellen-etonne-les-marches\/#primaryimage\"},\"thumbnailUrl\":\"https:\/\/www.gold.fr\/news\/wp-content\/uploads\/2011\/08\/monde-or.jpg\",\"keywords\":[\"\u00e9conomie US\",\"fed\",\"FOMC\",\"march\u00e9s\",\"tapering\",\"yellen\"],\"articleSection\":[\"Articles de presse\"],\"inLanguage\":\"fr-FR\"},{\"@type\":\"WebPage\",\"@id\":\"https:\/\/www.gold.fr\/news\/2014\/03\/20\/le-discours-de-yellen-etonne-les-marches\/\",\"url\":\"https:\/\/www.gold.fr\/news\/2014\/03\/20\/le-discours-de-yellen-etonne-les-marches\/\",\"name\":\"Le discours de Yellen \u00e9tonne les march\u00e9s - Gold.fr\",\"isPartOf\":{\"@id\":\"https:\/\/www.gold.fr\/news\/#website\"},\"primaryImageOfPage\":{\"@id\":\"https:\/\/www.gold.fr\/news\/2014\/03\/20\/le-discours-de-yellen-etonne-les-marches\/#primaryimage\"},\"image\":{\"@id\":\"https:\/\/www.gold.fr\/news\/2014\/03\/20\/le-discours-de-yellen-etonne-les-marches\/#primaryimage\"},\"thumbnailUrl\":\"https:\/\/www.gold.fr\/news\/wp-content\/uploads\/2011\/08\/monde-or.jpg\",\"datePublished\":\"2014-03-20T16:00:09+00:00\",\"dateModified\":\"2018-02-22T13:41:21+00:00\",\"author\":{\"@id\":\"https:\/\/www.gold.fr\/news\/#\/schema\/person\/760ee7cec237915eebf2be78df0404c4\"},\"breadcrumb\":{\"@id\":\"https:\/\/www.gold.fr\/news\/2014\/03\/20\/le-discours-de-yellen-etonne-les-marches\/#breadcrumb\"},\"inLanguage\":\"fr-FR\",\"potentialAction\":[{\"@type\":\"ReadAction\",\"target\":[\"https:\/\/www.gold.fr\/news\/2014\/03\/20\/le-discours-de-yellen-etonne-les-marches\/\"]}]},{\"@type\":\"ImageObject\",\"inLanguage\":\"fr-FR\",\"@id\":\"https:\/\/www.gold.fr\/news\/2014\/03\/20\/le-discours-de-yellen-etonne-les-marches\/#primaryimage\",\"url\":\"https:\/\/www.gold.fr\/news\/wp-content\/uploads\/2011\/08\/monde-or.jpg\",\"contentUrl\":\"https:\/\/www.gold.fr\/news\/wp-content\/uploads\/2011\/08\/monde-or.jpg\",\"width\":\"600\",\"height\":\"400\",\"caption\":\"Retour sur les fluctuations de l\u2019once\"},{\"@type\":\"BreadcrumbList\",\"@id\":\"https:\/\/www.gold.fr\/news\/2014\/03\/20\/le-discours-de-yellen-etonne-les-marches\/#breadcrumb\",\"itemListElement\":[{\"@type\":\"ListItem\",\"position\":1,\"name\":\"Accueil\",\"item\":\"https:\/\/www.gold.fr\/\"},{\"@type\":\"ListItem\",\"position\":2,\"name\":\"Actualit\u00e9s\",\"item\":\"https:\/\/www.gold.fr\/news\/\"},{\"@type\":\"ListItem\",\"position\":3,\"name\":\"Le discours de Yellen \u00e9tonne les march\u00e9s\"}]},{\"@type\":\"WebSite\",\"@id\":\"https:\/\/www.gold.fr\/news\/#website\",\"url\":\"https:\/\/www.gold.fr\/news\/\",\"name\":\"Gold.fr\",\"description\":\"Actualit\u00e9s de l&#039;Or et des m\u00e9taux pr\u00e9cieux\",\"potentialAction\":[{\"@type\":\"SearchAction\",\"target\":{\"@type\":\"EntryPoint\",\"urlTemplate\":\"https:\/\/www.gold.fr\/news\/?s={search_term_string}\"},\"query-input\":{\"@type\":\"PropertyValueSpecification\",\"valueRequired\":true,\"valueName\":\"search_term_string\"}}],\"inLanguage\":\"fr-FR\"},{\"@type\":\"Person\",\"@id\":\"https:\/\/www.gold.fr\/news\/#\/schema\/person\/760ee7cec237915eebf2be78df0404c4\",\"name\":\"Comptoir National de l'Or\",\"image\":{\"@type\":\"ImageObject\",\"inLanguage\":\"fr-FR\",\"@id\":\"https:\/\/www.gold.fr\/news\/#\/schema\/person\/image\/c36675942654553a86039d2dfa93c740\",\"url\":\"https:\/\/secure.gravatar.com\/avatar\/713f289e398d35ead876c4a4cc08607f0d6d266058cfc25683fffb6092d0e572?s=96&d=mm&r=g\",\"contentUrl\":\"https:\/\/secure.gravatar.com\/avatar\/713f289e398d35ead876c4a4cc08607f0d6d266058cfc25683fffb6092d0e572?s=96&d=mm&r=g\",\"caption\":\"Comptoir National de l'Or\"},\"description\":\"Notre r\u00e9daction est constitu\u00e9e de membres experts dans les m\u00e9tiers de l'\u00e9conomie et la gestion, des Responsables d'agence Comptoir National de l'Or, des analystes financiers qui publient r\u00e9guli\u00e8rement des \u00e9tudes sur les politiques des banques centrales, le cours de l'or, prix de l'or, cours de l'argent, prix de l'argent, cours du platine, cours du palladium,... la situation en zone euro et l'impact de la strat\u00e9gie mon\u00e9taire de la FED. Notre \u00e9quipe scrute \u00e9galement une information plus g\u00e9n\u00e9raliste \u00e0 la recherche d'actualit\u00e9 \\\"p\u00e9pite\\\" \u00e0 vous partager. Depuis 5 ans, nous avons publi\u00e9 un peu plus de 4000 articles qui s'adressent \u00e0 un public large et vari\u00e9 ayant pour objectif de satisfaire votre curiosit\u00e9 et de partager avec vous une certaine fascination pour le m\u00e9tal jaune, le rachat d'or, et pour ceux qui veulent investir dans l'or, vendre leur or tout simplement en savoir plus... Pour tous vos achat or et argent, n'h\u00e9sitez pas \u00e0 prendre rendez-vous dans l'un de nos nombreux comptoirs.\",\"sameAs\":[\"https:\/\/www.gold.fr\"]}]}<\/script>\n<!-- \/ Yoast SEO plugin. -->","yoast_head_json":{"title":"Le discours de Yellen \u00e9tonne les march\u00e9s - Gold.fr","robots":{"index":"index","follow":"follow","max-snippet":"max-snippet:-1","max-image-preview":"max-image-preview:large","max-video-preview":"max-video-preview:-1"},"canonical":"https:\/\/www.gold.fr\/news\/2014\/03\/20\/le-discours-de-yellen-etonne-les-marches\/","og_locale":"fr_FR","og_type":"article","og_title":"Le discours de Yellen \u00e9tonne les march\u00e9s - Gold.fr","og_description":"La semaine promettait d\u00e9j\u00e0 d&rsquo;\u00eatre un tournant relativement d\u00e9cisif et elle n&rsquo;aura pas d\u00e9\u00e7u, puisqu&rsquo;elle vient de fournir un indicateur majeur qui r\u00e9ussit d\u00e9j\u00e0 \u00e0 orienter les placements des principaux op\u00e9rateurs. Au terme de deux journ\u00e9es [&hellip;]","og_url":"https:\/\/www.gold.fr\/news\/2014\/03\/20\/le-discours-de-yellen-etonne-les-marches\/","og_site_name":"Gold.fr","article_publisher":"https:\/\/www.facebook.com\/Goldfr\/","article_published_time":"2014-03-20T16:00:09+00:00","article_modified_time":"2018-02-22T13:41:21+00:00","og_image":[{"width":600,"height":400,"url":"https:\/\/www.gold.fr\/news\/wp-content\/uploads\/2011\/08\/monde-or.jpg","type":"image\/jpeg"}],"author":"Comptoir National de l'Or","twitter_card":"summary_large_image","twitter_misc":{"\u00c9crit par":"Comptoir National de l'Or","Dur\u00e9e de lecture estim\u00e9e":"2 minutes"},"schema":{"@context":"https:\/\/schema.org","@graph":[{"@type":"Article","@id":"https:\/\/www.gold.fr\/news\/2014\/03\/20\/le-discours-de-yellen-etonne-les-marches\/#article","isPartOf":{"@id":"https:\/\/www.gold.fr\/news\/2014\/03\/20\/le-discours-de-yellen-etonne-les-marches\/"},"author":{"name":"Comptoir National de l'Or","@id":"https:\/\/www.gold.fr\/news\/#\/schema\/person\/760ee7cec237915eebf2be78df0404c4"},"headline":"Le discours de Yellen \u00e9tonne les march\u00e9s","datePublished":"2014-03-20T16:00:09+00:00","dateModified":"2018-02-22T13:41:21+00:00","mainEntityOfPage":{"@id":"https:\/\/www.gold.fr\/news\/2014\/03\/20\/le-discours-de-yellen-etonne-les-marches\/"},"wordCount":356,"commentCount":0,"image":{"@id":"https:\/\/www.gold.fr\/news\/2014\/03\/20\/le-discours-de-yellen-etonne-les-marches\/#primaryimage"},"thumbnailUrl":"https:\/\/www.gold.fr\/news\/wp-content\/uploads\/2011\/08\/monde-or.jpg","keywords":["\u00e9conomie US","fed","FOMC","march\u00e9s","tapering","yellen"],"articleSection":["Articles de presse"],"inLanguage":"fr-FR"},{"@type":"WebPage","@id":"https:\/\/www.gold.fr\/news\/2014\/03\/20\/le-discours-de-yellen-etonne-les-marches\/","url":"https:\/\/www.gold.fr\/news\/2014\/03\/20\/le-discours-de-yellen-etonne-les-marches\/","name":"Le discours de Yellen \u00e9tonne les march\u00e9s - Gold.fr","isPartOf":{"@id":"https:\/\/www.gold.fr\/news\/#website"},"primaryImageOfPage":{"@id":"https:\/\/www.gold.fr\/news\/2014\/03\/20\/le-discours-de-yellen-etonne-les-marches\/#primaryimage"},"image":{"@id":"https:\/\/www.gold.fr\/news\/2014\/03\/20\/le-discours-de-yellen-etonne-les-marches\/#primaryimage"},"thumbnailUrl":"https:\/\/www.gold.fr\/news\/wp-content\/uploads\/2011\/08\/monde-or.jpg","datePublished":"2014-03-20T16:00:09+00:00","dateModified":"2018-02-22T13:41:21+00:00","author":{"@id":"https:\/\/www.gold.fr\/news\/#\/schema\/person\/760ee7cec237915eebf2be78df0404c4"},"breadcrumb":{"@id":"https:\/\/www.gold.fr\/news\/2014\/03\/20\/le-discours-de-yellen-etonne-les-marches\/#breadcrumb"},"inLanguage":"fr-FR","potentialAction":[{"@type":"ReadAction","target":["https:\/\/www.gold.fr\/news\/2014\/03\/20\/le-discours-de-yellen-etonne-les-marches\/"]}]},{"@type":"ImageObject","inLanguage":"fr-FR","@id":"https:\/\/www.gold.fr\/news\/2014\/03\/20\/le-discours-de-yellen-etonne-les-marches\/#primaryimage","url":"https:\/\/www.gold.fr\/news\/wp-content\/uploads\/2011\/08\/monde-or.jpg","contentUrl":"https:\/\/www.gold.fr\/news\/wp-content\/uploads\/2011\/08\/monde-or.jpg","width":"600","height":"400","caption":"Retour sur les fluctuations de l\u2019once"},{"@type":"BreadcrumbList","@id":"https:\/\/www.gold.fr\/news\/2014\/03\/20\/le-discours-de-yellen-etonne-les-marches\/#breadcrumb","itemListElement":[{"@type":"ListItem","position":1,"name":"Accueil","item":"https:\/\/www.gold.fr\/"},{"@type":"ListItem","position":2,"name":"Actualit\u00e9s","item":"https:\/\/www.gold.fr\/news\/"},{"@type":"ListItem","position":3,"name":"Le discours de Yellen \u00e9tonne les march\u00e9s"}]},{"@type":"WebSite","@id":"https:\/\/www.gold.fr\/news\/#website","url":"https:\/\/www.gold.fr\/news\/","name":"Gold.fr","description":"Actualit\u00e9s de l&#039;Or et des m\u00e9taux pr\u00e9cieux","potentialAction":[{"@type":"SearchAction","target":{"@type":"EntryPoint","urlTemplate":"https:\/\/www.gold.fr\/news\/?s={search_term_string}"},"query-input":{"@type":"PropertyValueSpecification","valueRequired":true,"valueName":"search_term_string"}}],"inLanguage":"fr-FR"},{"@type":"Person","@id":"https:\/\/www.gold.fr\/news\/#\/schema\/person\/760ee7cec237915eebf2be78df0404c4","name":"Comptoir National de l'Or","image":{"@type":"ImageObject","inLanguage":"fr-FR","@id":"https:\/\/www.gold.fr\/news\/#\/schema\/person\/image\/c36675942654553a86039d2dfa93c740","url":"https:\/\/secure.gravatar.com\/avatar\/713f289e398d35ead876c4a4cc08607f0d6d266058cfc25683fffb6092d0e572?s=96&d=mm&r=g","contentUrl":"https:\/\/secure.gravatar.com\/avatar\/713f289e398d35ead876c4a4cc08607f0d6d266058cfc25683fffb6092d0e572?s=96&d=mm&r=g","caption":"Comptoir National de l'Or"},"description":"Notre r\u00e9daction est constitu\u00e9e de membres experts dans les m\u00e9tiers de l'\u00e9conomie et la gestion, des Responsables d'agence Comptoir National de l'Or, des analystes financiers qui publient r\u00e9guli\u00e8rement des \u00e9tudes sur les politiques des banques centrales, le cours de l'or, prix de l'or, cours de l'argent, prix de l'argent, cours du platine, cours du palladium,... la situation en zone euro et l'impact de la strat\u00e9gie mon\u00e9taire de la FED. Notre \u00e9quipe scrute \u00e9galement une information plus g\u00e9n\u00e9raliste \u00e0 la recherche d'actualit\u00e9 \"p\u00e9pite\" \u00e0 vous partager. Depuis 5 ans, nous avons publi\u00e9 un peu plus de 4000 articles qui s'adressent \u00e0 un public large et vari\u00e9 ayant pour objectif de satisfaire votre curiosit\u00e9 et de partager avec vous une certaine fascination pour le m\u00e9tal jaune, le rachat d'or, et pour ceux qui veulent investir dans l'or, vendre leur or tout simplement en savoir plus... Pour tous vos achat or et argent, n'h\u00e9sitez pas \u00e0 prendre rendez-vous dans l'un de nos nombreux comptoirs.","sameAs":["https:\/\/www.gold.fr"]}]}},"authors":[{"term_id":2565,"user_id":18,"is_guest":0,"slug":"julie","display_name":"Comptoir National de l'Or","avatar_url":"https:\/\/secure.gravatar.com\/avatar\/713f289e398d35ead876c4a4cc08607f0d6d266058cfc25683fffb6092d0e572?s=96&d=mm&r=g","0":null,"1":"","2":"","3":"","4":"","5":"","6":"","7":"","8":""}],"_links":{"self":[{"href":"https:\/\/www.gold.fr\/news\/wp-json\/wp\/v2\/posts\/14207","targetHints":{"allow":["GET"]}}],"collection":[{"href":"https:\/\/www.gold.fr\/news\/wp-json\/wp\/v2\/posts"}],"about":[{"href":"https:\/\/www.gold.fr\/news\/wp-json\/wp\/v2\/types\/post"}],"author":[{"embeddable":true,"href":"https:\/\/www.gold.fr\/news\/wp-json\/wp\/v2\/users\/18"}],"replies":[{"embeddable":true,"href":"https:\/\/www.gold.fr\/news\/wp-json\/wp\/v2\/comments?post=14207"}],"version-history":[{"count":0,"href":"https:\/\/www.gold.fr\/news\/wp-json\/wp\/v2\/posts\/14207\/revisions"}],"wp:featuredmedia":[{"embeddable":true,"href":"https:\/\/www.gold.fr\/news\/wp-json\/wp\/v2\/media\/5283"}],"wp:attachment":[{"href":"https:\/\/www.gold.fr\/news\/wp-json\/wp\/v2\/media?parent=14207"}],"wp:term":[{"taxonomy":"category","embeddable":true,"href":"https:\/\/www.gold.fr\/news\/wp-json\/wp\/v2\/categories?post=14207"},{"taxonomy":"post_tag","embeddable":true,"href":"https:\/\/www.gold.fr\/news\/wp-json\/wp\/v2\/tags?post=14207"},{"taxonomy":"author","embeddable":true,"href":"https:\/\/www.gold.fr\/news\/wp-json\/wp\/v2\/ppma_author?post=14207"}],"curies":[{"name":"wp","href":"https:\/\/api.w.org\/{rel}","templated":true}]}}