{"id":14205,"date":"2014-03-20T13:00:06","date_gmt":"2014-03-20T12:00:06","guid":{"rendered":"https:\/\/www.gold.fr\/news\/?p=14205"},"modified":"2018-02-22T14:41:21","modified_gmt":"2018-02-22T13:41:21","slug":"le-discours-de-yellen-plombe-le-marche-aurifere","status":"publish","type":"post","link":"https:\/\/www.gold.fr\/news\/2014\/03\/20\/le-discours-de-yellen-plombe-le-marche-aurifere\/","title":{"rendered":"Le discours de Yellen plombe le march\u00e9 aurif\u00e8re"},"content":{"rendered":"<p><img loading=\"lazy\" decoding=\"async\" class=\"alignleft size-thumbnail wp-image-3539\" title=\"Cours de l'or de bourse\" src=\"https:\/\/www.gold.fr\/news\/wp-content\/uploads\/2011\/11\/cours-de-lor-e1331573115358-150x150.jpg\" alt=\"\" width=\"150\" height=\"150\" \/><span style=\"font-size: small;\">Une fois n&rsquo;est pas coutume, le discours de la pr\u00e9sidente de la r\u00e9serve f\u00e9d\u00e9rale am\u00e9ricaine, \u00e0 l&rsquo;issue des deux journ\u00e9es de la r\u00e9union traditionnelle mensuelle du <strong>FOMC<\/strong> (comit\u00e9 de direction mon\u00e9taire de la <strong>FED<\/strong>), n&rsquo;avait rien de pr\u00e9visible.<\/span>    <span style=\"font-size: small;\"> Apr\u00e8s deux mois \u00e0 peine de sa nomination \u00e0 la t\u00eate de la r\u00e9serve f\u00e9d\u00e9rale am\u00e9ricaine, <strong>Janet Yelle<\/strong> cr\u00e9\u00e9 d\u00e9j\u00e0 la surprise et se retrouve \u00e0 la une \u00e9conomique des m\u00e9dias, suite \u00e0 un discours qualifi\u00e9 d'\u00a0\u00bb<em>\u00e9nigmatique<\/em>\u00a0\u00bb et optimiste. En effet, la plupart des experts, \u00e0 l&rsquo;image des analystes de <strong>Natixis<\/strong>, estiment que <strong>Yellen<\/strong> avait \u00e9t\u00e9 \u00ab\u00a0<em>assez \u00e9nergique hier en indiquant que la R\u00e9serve f\u00e9d\u00e9rale pourrait commencer \u00e0 relever ses taux six mois apr\u00e8s la fin du programme d&rsquo;assouplissement quantitatif, une \u00e9ch\u00e9ance plus proche que g\u00e9n\u00e9ralement anticip\u00e9<\/em>\u00ab\u00a0. Du coup, les march\u00e9s tendent plut\u00f4t vers l&rsquo;optimisme ce matin, d\u00e9laissant, dans la foul\u00e9e, les valeurs r\u00e9put\u00e9es \u00ab\u00a0<em>refuge<\/em>\u00ab\u00a0.<\/span>    <span style=\"font-size: small;\"> L&rsquo;<a href='https:\/\/www.gold.fr\/news\/tags\/or' class='esk-seo-plu-link'>or<\/a> ouvre la s\u00e9ance de ce <strong>jeudi 20 mars 2014<\/strong> avec <a title=\"Prix de l'Or\" href=\"https:\/\/www.gold.fr\/cours-or-prix-de-l-or\/\" target=\"_blank\">un cours<\/a> \u00e0 nouveau baissier de <strong>1 328,70 <a href='https:\/\/www.gold.fr\/news\/tags\/investissement' class='esk-seo-plu-link'>dollars<\/a><\/strong> <a title=\"Prix de l'Once d'or\" href=\"https:\/\/www.gold.fr\/once-en\/\" target=\"_blank\">l&rsquo;once<\/a>.<\/span><\/p>\n<!-- AddThis Advanced Settings generic via filter on the_content --><!-- AddThis Share Buttons generic via filter on the_content -->","protected":false},"excerpt":{"rendered":"<p>Une fois n&rsquo;est pas coutume, le discours de la pr\u00e9sidente de la r\u00e9serve f\u00e9d\u00e9rale am\u00e9ricaine, \u00e0 l&rsquo;issue des deux journ\u00e9es de la r\u00e9union traditionnelle mensuelle du FOMC (comit\u00e9 de direction mon\u00e9taire de la FED), n&rsquo;avait rien [&hellip;]<\/p>\n","protected":false},"author":18,"featured_media":3539,"comment_status":"open","ping_status":"open","sticky":false,"template":"","format":"standard","meta":{"_mbp_gutenberg_autopost":false,"_pgmb_is_evergreen":false,"_pgmb_ap_template_id":0,"footnotes":""},"categories":[5],"tags":[385,84,210,74],"ppma_author":[2565],"class_list":["post-14205","post","type-post","status-publish","format-standard","has-post-thumbnail","hentry","category-flash-infos","tag-cours-de-lor-de-bourse","tag-cours-de-lor","tag-_cours-de-lor_footer_","tag-_home-page_footer_"],"yoast_head":"<!-- This site is optimized with the Yoast SEO plugin v26.9 - https:\/\/yoast.com\/product\/yoast-seo-wordpress\/ -->\n<title>Le discours de Yellen plombe le march\u00e9 aurif\u00e8re - Gold.fr<\/title>\n<meta name=\"robots\" content=\"index, follow, max-snippet:-1, max-image-preview:large, max-video-preview:-1\" \/>\n<link rel=\"canonical\" href=\"https:\/\/www.gold.fr\/news\/2014\/03\/20\/le-discours-de-yellen-plombe-le-marche-aurifere\/\" \/>\n<meta property=\"og:locale\" content=\"fr_FR\" \/>\n<meta property=\"og:type\" content=\"article\" \/>\n<meta property=\"og:title\" content=\"Le discours de Yellen plombe le march\u00e9 aurif\u00e8re - Gold.fr\" \/>\n<meta property=\"og:description\" content=\"Une fois n&rsquo;est pas coutume, le discours de la pr\u00e9sidente de la r\u00e9serve f\u00e9d\u00e9rale am\u00e9ricaine, \u00e0 l&rsquo;issue des deux journ\u00e9es de la r\u00e9union traditionnelle mensuelle du FOMC (comit\u00e9 de direction mon\u00e9taire de la FED), n&rsquo;avait rien [&hellip;]\" \/>\n<meta property=\"og:url\" content=\"https:\/\/www.gold.fr\/news\/2014\/03\/20\/le-discours-de-yellen-plombe-le-marche-aurifere\/\" \/>\n<meta property=\"og:site_name\" content=\"Gold.fr\" \/>\n<meta property=\"article:publisher\" content=\"https:\/\/www.facebook.com\/Goldfr\/\" \/>\n<meta property=\"article:published_time\" content=\"2014-03-20T12:00:06+00:00\" \/>\n<meta property=\"article:modified_time\" content=\"2018-02-22T13:41:21+00:00\" \/>\n<meta property=\"og:image\" content=\"https:\/\/www.gold.fr\/news\/wp-content\/uploads\/2011\/11\/cours-de-lor-e1331573115358.jpg\" \/>\n\t<meta property=\"og:image:width\" content=\"600\" \/>\n\t<meta property=\"og:image:height\" content=\"394\" \/>\n\t<meta property=\"og:image:type\" content=\"image\/jpeg\" \/>\n<meta name=\"author\" content=\"Comptoir National de l&#039;Or\" \/>\n<meta name=\"twitter:card\" content=\"summary_large_image\" \/>\n<meta name=\"twitter:label1\" content=\"\u00c9crit par\" \/>\n\t<meta name=\"twitter:data1\" content=\"Comptoir National de l&#039;Or\" \/>\n\t<meta name=\"twitter:label2\" content=\"Dur\u00e9e de lecture estim\u00e9e\" \/>\n\t<meta name=\"twitter:data2\" content=\"1 minute\" \/>\n<script type=\"application\/ld+json\" class=\"yoast-schema-graph\">{\"@context\":\"https:\/\/schema.org\",\"@graph\":[{\"@type\":\"Article\",\"@id\":\"https:\/\/www.gold.fr\/news\/2014\/03\/20\/le-discours-de-yellen-plombe-le-marche-aurifere\/#article\",\"isPartOf\":{\"@id\":\"https:\/\/www.gold.fr\/news\/2014\/03\/20\/le-discours-de-yellen-plombe-le-marche-aurifere\/\"},\"author\":{\"name\":\"Comptoir National de l'Or\",\"@id\":\"https:\/\/www.gold.fr\/news\/#\/schema\/person\/760ee7cec237915eebf2be78df0404c4\"},\"headline\":\"Le discours de Yellen plombe le march\u00e9 aurif\u00e8re\",\"datePublished\":\"2014-03-20T12:00:06+00:00\",\"dateModified\":\"2018-02-22T13:41:21+00:00\",\"mainEntityOfPage\":{\"@id\":\"https:\/\/www.gold.fr\/news\/2014\/03\/20\/le-discours-de-yellen-plombe-le-marche-aurifere\/\"},\"wordCount\":201,\"commentCount\":0,\"image\":{\"@id\":\"https:\/\/www.gold.fr\/news\/2014\/03\/20\/le-discours-de-yellen-plombe-le-marche-aurifere\/#primaryimage\"},\"thumbnailUrl\":\"https:\/\/www.gold.fr\/news\/wp-content\/uploads\/2011\/11\/cours-de-lor-e1331573115358.jpg\",\"keywords\":[\"cours de l'or de bourse\",\"Tout Cours de l'Or\",\"_Cours de l\u2019Or_Footer_\",\"_Home page Footer_\"],\"articleSection\":[\"Flash infos\"],\"inLanguage\":\"fr-FR\"},{\"@type\":\"WebPage\",\"@id\":\"https:\/\/www.gold.fr\/news\/2014\/03\/20\/le-discours-de-yellen-plombe-le-marche-aurifere\/\",\"url\":\"https:\/\/www.gold.fr\/news\/2014\/03\/20\/le-discours-de-yellen-plombe-le-marche-aurifere\/\",\"name\":\"Le discours de Yellen plombe le march\u00e9 aurif\u00e8re - Gold.fr\",\"isPartOf\":{\"@id\":\"https:\/\/www.gold.fr\/news\/#website\"},\"primaryImageOfPage\":{\"@id\":\"https:\/\/www.gold.fr\/news\/2014\/03\/20\/le-discours-de-yellen-plombe-le-marche-aurifere\/#primaryimage\"},\"image\":{\"@id\":\"https:\/\/www.gold.fr\/news\/2014\/03\/20\/le-discours-de-yellen-plombe-le-marche-aurifere\/#primaryimage\"},\"thumbnailUrl\":\"https:\/\/www.gold.fr\/news\/wp-content\/uploads\/2011\/11\/cours-de-lor-e1331573115358.jpg\",\"datePublished\":\"2014-03-20T12:00:06+00:00\",\"dateModified\":\"2018-02-22T13:41:21+00:00\",\"author\":{\"@id\":\"https:\/\/www.gold.fr\/news\/#\/schema\/person\/760ee7cec237915eebf2be78df0404c4\"},\"breadcrumb\":{\"@id\":\"https:\/\/www.gold.fr\/news\/2014\/03\/20\/le-discours-de-yellen-plombe-le-marche-aurifere\/#breadcrumb\"},\"inLanguage\":\"fr-FR\",\"potentialAction\":[{\"@type\":\"ReadAction\",\"target\":[\"https:\/\/www.gold.fr\/news\/2014\/03\/20\/le-discours-de-yellen-plombe-le-marche-aurifere\/\"]}]},{\"@type\":\"ImageObject\",\"inLanguage\":\"fr-FR\",\"@id\":\"https:\/\/www.gold.fr\/news\/2014\/03\/20\/le-discours-de-yellen-plombe-le-marche-aurifere\/#primaryimage\",\"url\":\"https:\/\/www.gold.fr\/news\/wp-content\/uploads\/2011\/11\/cours-de-lor-e1331573115358.jpg\",\"contentUrl\":\"https:\/\/www.gold.fr\/news\/wp-content\/uploads\/2011\/11\/cours-de-lor-e1331573115358.jpg\",\"width\":\"600\",\"height\":\"394\",\"caption\":\"Hausse de l\u2019or : La conjoncture encore \u00e0 la rescousse\"},{\"@type\":\"BreadcrumbList\",\"@id\":\"https:\/\/www.gold.fr\/news\/2014\/03\/20\/le-discours-de-yellen-plombe-le-marche-aurifere\/#breadcrumb\",\"itemListElement\":[{\"@type\":\"ListItem\",\"position\":1,\"name\":\"Accueil\",\"item\":\"https:\/\/www.gold.fr\/\"},{\"@type\":\"ListItem\",\"position\":2,\"name\":\"Actualit\u00e9s\",\"item\":\"https:\/\/www.gold.fr\/news\/\"},{\"@type\":\"ListItem\",\"position\":3,\"name\":\"Le discours de Yellen plombe le march\u00e9 aurif\u00e8re\"}]},{\"@type\":\"WebSite\",\"@id\":\"https:\/\/www.gold.fr\/news\/#website\",\"url\":\"https:\/\/www.gold.fr\/news\/\",\"name\":\"Gold.fr\",\"description\":\"Actualit\u00e9s de l&#039;Or et des m\u00e9taux pr\u00e9cieux\",\"potentialAction\":[{\"@type\":\"SearchAction\",\"target\":{\"@type\":\"EntryPoint\",\"urlTemplate\":\"https:\/\/www.gold.fr\/news\/?s={search_term_string}\"},\"query-input\":{\"@type\":\"PropertyValueSpecification\",\"valueRequired\":true,\"valueName\":\"search_term_string\"}}],\"inLanguage\":\"fr-FR\"},{\"@type\":\"Person\",\"@id\":\"https:\/\/www.gold.fr\/news\/#\/schema\/person\/760ee7cec237915eebf2be78df0404c4\",\"name\":\"Comptoir National de l'Or\",\"image\":{\"@type\":\"ImageObject\",\"inLanguage\":\"fr-FR\",\"@id\":\"https:\/\/www.gold.fr\/news\/#\/schema\/person\/image\/c36675942654553a86039d2dfa93c740\",\"url\":\"https:\/\/secure.gravatar.com\/avatar\/713f289e398d35ead876c4a4cc08607f0d6d266058cfc25683fffb6092d0e572?s=96&d=mm&r=g\",\"contentUrl\":\"https:\/\/secure.gravatar.com\/avatar\/713f289e398d35ead876c4a4cc08607f0d6d266058cfc25683fffb6092d0e572?s=96&d=mm&r=g\",\"caption\":\"Comptoir National de l'Or\"},\"description\":\"Notre r\u00e9daction est constitu\u00e9e de membres experts dans les m\u00e9tiers de l'\u00e9conomie et la gestion, des Responsables d'agence Comptoir National de l'Or, des analystes financiers qui publient r\u00e9guli\u00e8rement des \u00e9tudes sur les politiques des banques centrales, le cours de l'or, prix de l'or, cours de l'argent, prix de l'argent, cours du platine, cours du palladium,... la situation en zone euro et l'impact de la strat\u00e9gie mon\u00e9taire de la FED. Notre \u00e9quipe scrute \u00e9galement une information plus g\u00e9n\u00e9raliste \u00e0 la recherche d'actualit\u00e9 \\\"p\u00e9pite\\\" \u00e0 vous partager. Depuis 5 ans, nous avons publi\u00e9 un peu plus de 4000 articles qui s'adressent \u00e0 un public large et vari\u00e9 ayant pour objectif de satisfaire votre curiosit\u00e9 et de partager avec vous une certaine fascination pour le m\u00e9tal jaune, le rachat d'or, et pour ceux qui veulent investir dans l'or, vendre leur or tout simplement en savoir plus... Pour tous vos achat or et argent, n'h\u00e9sitez pas \u00e0 prendre rendez-vous dans l'un de nos nombreux comptoirs.\",\"sameAs\":[\"https:\/\/www.gold.fr\"]}]}<\/script>\n<!-- \/ Yoast SEO plugin. -->","yoast_head_json":{"title":"Le discours de Yellen plombe le march\u00e9 aurif\u00e8re - Gold.fr","robots":{"index":"index","follow":"follow","max-snippet":"max-snippet:-1","max-image-preview":"max-image-preview:large","max-video-preview":"max-video-preview:-1"},"canonical":"https:\/\/www.gold.fr\/news\/2014\/03\/20\/le-discours-de-yellen-plombe-le-marche-aurifere\/","og_locale":"fr_FR","og_type":"article","og_title":"Le discours de Yellen plombe le march\u00e9 aurif\u00e8re - Gold.fr","og_description":"Une fois n&rsquo;est pas coutume, le discours de la pr\u00e9sidente de la r\u00e9serve f\u00e9d\u00e9rale am\u00e9ricaine, \u00e0 l&rsquo;issue des deux journ\u00e9es de la r\u00e9union traditionnelle mensuelle du FOMC (comit\u00e9 de direction mon\u00e9taire de la FED), n&rsquo;avait rien [&hellip;]","og_url":"https:\/\/www.gold.fr\/news\/2014\/03\/20\/le-discours-de-yellen-plombe-le-marche-aurifere\/","og_site_name":"Gold.fr","article_publisher":"https:\/\/www.facebook.com\/Goldfr\/","article_published_time":"2014-03-20T12:00:06+00:00","article_modified_time":"2018-02-22T13:41:21+00:00","og_image":[{"width":600,"height":394,"url":"https:\/\/www.gold.fr\/news\/wp-content\/uploads\/2011\/11\/cours-de-lor-e1331573115358.jpg","type":"image\/jpeg"}],"author":"Comptoir National de l'Or","twitter_card":"summary_large_image","twitter_misc":{"\u00c9crit par":"Comptoir National de l'Or","Dur\u00e9e de lecture estim\u00e9e":"1 minute"},"schema":{"@context":"https:\/\/schema.org","@graph":[{"@type":"Article","@id":"https:\/\/www.gold.fr\/news\/2014\/03\/20\/le-discours-de-yellen-plombe-le-marche-aurifere\/#article","isPartOf":{"@id":"https:\/\/www.gold.fr\/news\/2014\/03\/20\/le-discours-de-yellen-plombe-le-marche-aurifere\/"},"author":{"name":"Comptoir National de l'Or","@id":"https:\/\/www.gold.fr\/news\/#\/schema\/person\/760ee7cec237915eebf2be78df0404c4"},"headline":"Le discours de Yellen plombe le march\u00e9 aurif\u00e8re","datePublished":"2014-03-20T12:00:06+00:00","dateModified":"2018-02-22T13:41:21+00:00","mainEntityOfPage":{"@id":"https:\/\/www.gold.fr\/news\/2014\/03\/20\/le-discours-de-yellen-plombe-le-marche-aurifere\/"},"wordCount":201,"commentCount":0,"image":{"@id":"https:\/\/www.gold.fr\/news\/2014\/03\/20\/le-discours-de-yellen-plombe-le-marche-aurifere\/#primaryimage"},"thumbnailUrl":"https:\/\/www.gold.fr\/news\/wp-content\/uploads\/2011\/11\/cours-de-lor-e1331573115358.jpg","keywords":["cours de l'or de bourse","Tout Cours de l'Or","_Cours de l\u2019Or_Footer_","_Home page Footer_"],"articleSection":["Flash infos"],"inLanguage":"fr-FR"},{"@type":"WebPage","@id":"https:\/\/www.gold.fr\/news\/2014\/03\/20\/le-discours-de-yellen-plombe-le-marche-aurifere\/","url":"https:\/\/www.gold.fr\/news\/2014\/03\/20\/le-discours-de-yellen-plombe-le-marche-aurifere\/","name":"Le discours de Yellen plombe le march\u00e9 aurif\u00e8re - Gold.fr","isPartOf":{"@id":"https:\/\/www.gold.fr\/news\/#website"},"primaryImageOfPage":{"@id":"https:\/\/www.gold.fr\/news\/2014\/03\/20\/le-discours-de-yellen-plombe-le-marche-aurifere\/#primaryimage"},"image":{"@id":"https:\/\/www.gold.fr\/news\/2014\/03\/20\/le-discours-de-yellen-plombe-le-marche-aurifere\/#primaryimage"},"thumbnailUrl":"https:\/\/www.gold.fr\/news\/wp-content\/uploads\/2011\/11\/cours-de-lor-e1331573115358.jpg","datePublished":"2014-03-20T12:00:06+00:00","dateModified":"2018-02-22T13:41:21+00:00","author":{"@id":"https:\/\/www.gold.fr\/news\/#\/schema\/person\/760ee7cec237915eebf2be78df0404c4"},"breadcrumb":{"@id":"https:\/\/www.gold.fr\/news\/2014\/03\/20\/le-discours-de-yellen-plombe-le-marche-aurifere\/#breadcrumb"},"inLanguage":"fr-FR","potentialAction":[{"@type":"ReadAction","target":["https:\/\/www.gold.fr\/news\/2014\/03\/20\/le-discours-de-yellen-plombe-le-marche-aurifere\/"]}]},{"@type":"ImageObject","inLanguage":"fr-FR","@id":"https:\/\/www.gold.fr\/news\/2014\/03\/20\/le-discours-de-yellen-plombe-le-marche-aurifere\/#primaryimage","url":"https:\/\/www.gold.fr\/news\/wp-content\/uploads\/2011\/11\/cours-de-lor-e1331573115358.jpg","contentUrl":"https:\/\/www.gold.fr\/news\/wp-content\/uploads\/2011\/11\/cours-de-lor-e1331573115358.jpg","width":"600","height":"394","caption":"Hausse de l\u2019or : La conjoncture encore \u00e0 la rescousse"},{"@type":"BreadcrumbList","@id":"https:\/\/www.gold.fr\/news\/2014\/03\/20\/le-discours-de-yellen-plombe-le-marche-aurifere\/#breadcrumb","itemListElement":[{"@type":"ListItem","position":1,"name":"Accueil","item":"https:\/\/www.gold.fr\/"},{"@type":"ListItem","position":2,"name":"Actualit\u00e9s","item":"https:\/\/www.gold.fr\/news\/"},{"@type":"ListItem","position":3,"name":"Le discours de Yellen plombe le march\u00e9 aurif\u00e8re"}]},{"@type":"WebSite","@id":"https:\/\/www.gold.fr\/news\/#website","url":"https:\/\/www.gold.fr\/news\/","name":"Gold.fr","description":"Actualit\u00e9s de l&#039;Or et des m\u00e9taux pr\u00e9cieux","potentialAction":[{"@type":"SearchAction","target":{"@type":"EntryPoint","urlTemplate":"https:\/\/www.gold.fr\/news\/?s={search_term_string}"},"query-input":{"@type":"PropertyValueSpecification","valueRequired":true,"valueName":"search_term_string"}}],"inLanguage":"fr-FR"},{"@type":"Person","@id":"https:\/\/www.gold.fr\/news\/#\/schema\/person\/760ee7cec237915eebf2be78df0404c4","name":"Comptoir National de l'Or","image":{"@type":"ImageObject","inLanguage":"fr-FR","@id":"https:\/\/www.gold.fr\/news\/#\/schema\/person\/image\/c36675942654553a86039d2dfa93c740","url":"https:\/\/secure.gravatar.com\/avatar\/713f289e398d35ead876c4a4cc08607f0d6d266058cfc25683fffb6092d0e572?s=96&d=mm&r=g","contentUrl":"https:\/\/secure.gravatar.com\/avatar\/713f289e398d35ead876c4a4cc08607f0d6d266058cfc25683fffb6092d0e572?s=96&d=mm&r=g","caption":"Comptoir National de l'Or"},"description":"Notre r\u00e9daction est constitu\u00e9e de membres experts dans les m\u00e9tiers de l'\u00e9conomie et la gestion, des Responsables d'agence Comptoir National de l'Or, des analystes financiers qui publient r\u00e9guli\u00e8rement des \u00e9tudes sur les politiques des banques centrales, le cours de l'or, prix de l'or, cours de l'argent, prix de l'argent, cours du platine, cours du palladium,... la situation en zone euro et l'impact de la strat\u00e9gie mon\u00e9taire de la FED. Notre \u00e9quipe scrute \u00e9galement une information plus g\u00e9n\u00e9raliste \u00e0 la recherche d'actualit\u00e9 \"p\u00e9pite\" \u00e0 vous partager. Depuis 5 ans, nous avons publi\u00e9 un peu plus de 4000 articles qui s'adressent \u00e0 un public large et vari\u00e9 ayant pour objectif de satisfaire votre curiosit\u00e9 et de partager avec vous une certaine fascination pour le m\u00e9tal jaune, le rachat d'or, et pour ceux qui veulent investir dans l'or, vendre leur or tout simplement en savoir plus... Pour tous vos achat or et argent, n'h\u00e9sitez pas \u00e0 prendre rendez-vous dans l'un de nos nombreux comptoirs.","sameAs":["https:\/\/www.gold.fr"]}]}},"authors":[{"term_id":2565,"user_id":18,"is_guest":0,"slug":"julie","display_name":"Comptoir National de l'Or","avatar_url":"https:\/\/secure.gravatar.com\/avatar\/713f289e398d35ead876c4a4cc08607f0d6d266058cfc25683fffb6092d0e572?s=96&d=mm&r=g","0":null,"1":"","2":"","3":"","4":"","5":"","6":"","7":"","8":""}],"_links":{"self":[{"href":"https:\/\/www.gold.fr\/news\/wp-json\/wp\/v2\/posts\/14205","targetHints":{"allow":["GET"]}}],"collection":[{"href":"https:\/\/www.gold.fr\/news\/wp-json\/wp\/v2\/posts"}],"about":[{"href":"https:\/\/www.gold.fr\/news\/wp-json\/wp\/v2\/types\/post"}],"author":[{"embeddable":true,"href":"https:\/\/www.gold.fr\/news\/wp-json\/wp\/v2\/users\/18"}],"replies":[{"embeddable":true,"href":"https:\/\/www.gold.fr\/news\/wp-json\/wp\/v2\/comments?post=14205"}],"version-history":[{"count":0,"href":"https:\/\/www.gold.fr\/news\/wp-json\/wp\/v2\/posts\/14205\/revisions"}],"wp:featuredmedia":[{"embeddable":true,"href":"https:\/\/www.gold.fr\/news\/wp-json\/wp\/v2\/media\/3539"}],"wp:attachment":[{"href":"https:\/\/www.gold.fr\/news\/wp-json\/wp\/v2\/media?parent=14205"}],"wp:term":[{"taxonomy":"category","embeddable":true,"href":"https:\/\/www.gold.fr\/news\/wp-json\/wp\/v2\/categories?post=14205"},{"taxonomy":"post_tag","embeddable":true,"href":"https:\/\/www.gold.fr\/news\/wp-json\/wp\/v2\/tags?post=14205"},{"taxonomy":"author","embeddable":true,"href":"https:\/\/www.gold.fr\/news\/wp-json\/wp\/v2\/ppma_author?post=14205"}],"curies":[{"name":"wp","href":"https:\/\/api.w.org\/{rel}","templated":true}]}}