{"id":14157,"date":"2014-03-14T09:00:20","date_gmt":"2014-03-14T08:00:20","guid":{"rendered":"https:\/\/www.gold.fr\/news\/?p=14157"},"modified":"2018-02-22T14:41:30","modified_gmt":"2018-02-22T13:41:30","slug":"lor-atteint-un-sommet-semestriel","status":"publish","type":"post","link":"https:\/\/www.gold.fr\/news\/2014\/03\/14\/lor-atteint-un-sommet-semestriel\/","title":{"rendered":"L\u2019or atteint un sommet semestriel"},"content":{"rendered":"<p><img loading=\"lazy\" decoding=\"async\" class=\"alignleft size-thumbnail wp-image-7980\" title=\"L\u2019or atteint un sommet semestriel\" src=\"https:\/\/www.gold.fr\/news\/wp-content\/uploads\/2012\/06\/lingotins-or-pieces-or-150x150.jpg\" alt=\"\" width=\"150\" height=\"150\" \/><span style=\"font-size: small;\">Et s&rsquo;il continue sur cette lanc\u00e9e flamboyante, le <a href='https:\/\/www.gold.fr\/news\/tags\/or' class='esk-seo-plu-link'>m\u00e9tal jaune<\/a> pourrait m\u00eame effacer toutes ses pertes encaiss\u00e9es au cours de l&rsquo;ann\u00e9e <strong>2013<\/strong>. Plus aucun sc\u00e9nario n&rsquo;est exclu, peu importe le degr\u00e9 de son optimisme.<\/span>    <span style=\"font-size: small;\"> Ayant d\u00e9j\u00e0 marqu\u00e9 un record semestriel de plus de <strong>1 370 <a href='https:\/\/www.gold.fr\/news\/tags\/investissement' class='esk-seo-plu-link'>dollars<\/a><\/strong> <a title=\"Prix de l'Once d'or\" href=\"https:\/\/www.gold.fr\/once-en\/\" target=\"_blank\">l\u2019once<\/a>, \u00e0 l&rsquo;ouverture de la s\u00e9ance de <a title=\"L\u2019or s\u2019envole, sur fond de nouvelles tensions g\u00e9opolitiques\" href=\"https:\/\/www.gold.fr\/news\/2014\/03\/13\/lor-senvole-sur-fond-de-nouvelles-tensions-geopolitiques\/14151\/\" target=\"_blank\">jeudi 13 mars<\/a>, l&rsquo;once d&rsquo;<a href='https:\/\/www.gold.fr\/news\/tags\/or' class='esk-seo-plu-link'>or<\/a> vise d\u00e9sormais le palier des <strong>1 400 <a href='https:\/\/www.gold.fr\/news\/tags\/investissement' class='esk-seo-plu-link'>dollars<\/a><\/strong>, \u00e0 la grande surprise d&rsquo;une communaut\u00e9 analyste et \u00e9conomiste qui n&rsquo;avait pas vu venir la vitesse ni la force de cette vague haussi\u00e8re.<\/span>    <span style=\"font-size: small;\"> Et pourtant les experts tentent d&rsquo;expliquer le ph\u00e9nom\u00e8ne, analysant ses moindres aspects, \u00e0 l&rsquo;image des sp\u00e9cialistes du groupe <strong>ANZ<\/strong>, qui rappellent les \u00ab <em>d&rsquo;achats agressifs d\u00e8s l&rsquo;ouverture des march\u00e9s asiatiques<\/em> \u00bb, ainsi que les \u00ab <em>nouveaux records, enregistr\u00e9s durant la s\u00e9ance am\u00e9ricaine <\/em>\u00bb, sur fond d&rsquo;une crise g\u00e9opolitique qui bat \u00e0 nouveau son plein en Crim\u00e9e, <a title=\"L\u2019or profite de l\u2019attentisme ukrainien\" href=\"https:\/\/www.gold.fr\/news\/2014\/03\/11\/lor-profite-de-lattentisme-ukrainien\/14136\/\" target=\"_blank\">opposant une Russie obtuse \u00e0 une Ukraine \u00e0 bout d\u2019argument<\/a>.<\/span>    <span style=\"font-size: small;\"> D&rsquo;apr\u00e8s les experts de <strong>RTFX<\/strong>, la hausse de l&rsquo;<a href='https:\/\/www.gold.fr\/news\/tags\/or' class='esk-seo-plu-link'>or<\/a> est donc due \u00e0 l&rsquo;ensemble de ces \u00ab <em>facteurs fondamentaux qui sont \u00e9galement faciles \u00e0 rep\u00e9rer et sont dus aux craintes li\u00e9es aux tensions en <strong>Ukraine<\/strong> et aux derni\u00e8res donn\u00e9es \u00e9conomiques d\u00e9cevantes publi\u00e9es en <strong>Chine<\/strong> qui montrent un ralentissement de la croissance \u00e9conomique<\/em> \u00bb.<\/span>    <span style=\"font-size: small;\"> De leur c\u00f4t\u00e9, les analystes du courtier londonien <strong>Triland Metals<\/strong> reviennent \u00e9galement sur la s\u00e9ance de mercredi, rapportant \u00ab <em>un rallye dans de forts volumes, et aucun signe de retracement des progressions ant\u00e9rieures <\/em>\u00bb.<\/span><\/p>\n<!-- AddThis Advanced Settings generic via filter on the_content --><!-- AddThis Share Buttons generic via filter on the_content -->","protected":false},"excerpt":{"rendered":"<p>Et s&rsquo;il continue sur cette lanc\u00e9e flamboyante, le m\u00e9tal jaune pourrait m\u00eame effacer toutes ses pertes encaiss\u00e9es au cours de l&rsquo;ann\u00e9e 2013. Plus aucun sc\u00e9nario n&rsquo;est exclu, peu importe le degr\u00e9 de son optimisme. Ayant d\u00e9j\u00e0 [&hellip;]<\/p>\n","protected":false},"author":18,"featured_media":7980,"comment_status":"open","ping_status":"open","sticky":false,"template":"","format":"standard","meta":{"_mbp_gutenberg_autopost":false,"_pgmb_is_evergreen":false,"_pgmb_ap_template_id":0,"footnotes":""},"categories":[6],"tags":[231,961,1406,900,1806],"ppma_author":[2565],"class_list":["post-14157","post","type-post","status-publish","format-standard","has-post-thumbnail","hentry","category-articles-de-presse","tag-achat-or","tag-cours-or","tag-crise-geopolitique","tag-once-or","tag-sommet"],"yoast_head":"<!-- This site is optimized with the Yoast SEO plugin v27.5 - https:\/\/yoast.com\/product\/yoast-seo-wordpress\/ -->\n<title>L\u2019or atteint un sommet semestriel - Gold.fr<\/title>\n<meta name=\"robots\" content=\"index, follow, max-snippet:-1, max-image-preview:large, max-video-preview:-1\" \/>\n<link rel=\"canonical\" href=\"https:\/\/www.gold.fr\/news\/2014\/03\/14\/lor-atteint-un-sommet-semestriel\/\" \/>\n<meta property=\"og:locale\" content=\"fr_FR\" \/>\n<meta property=\"og:type\" content=\"article\" \/>\n<meta property=\"og:title\" content=\"L\u2019or atteint un sommet semestriel - Gold.fr\" \/>\n<meta property=\"og:description\" content=\"Et s&rsquo;il continue sur cette lanc\u00e9e flamboyante, le m\u00e9tal jaune pourrait m\u00eame effacer toutes ses pertes encaiss\u00e9es au cours de l&rsquo;ann\u00e9e 2013. Plus aucun sc\u00e9nario n&rsquo;est exclu, peu importe le degr\u00e9 de son optimisme. Ayant d\u00e9j\u00e0 [&hellip;]\" \/>\n<meta property=\"og:url\" content=\"https:\/\/www.gold.fr\/news\/2014\/03\/14\/lor-atteint-un-sommet-semestriel\/\" \/>\n<meta property=\"og:site_name\" content=\"Gold.fr\" \/>\n<meta property=\"article:publisher\" content=\"https:\/\/www.facebook.com\/Goldfr\/\" \/>\n<meta property=\"article:published_time\" content=\"2014-03-14T08:00:20+00:00\" \/>\n<meta property=\"article:modified_time\" content=\"2018-02-22T13:41:30+00:00\" \/>\n<meta property=\"og:image\" content=\"https:\/\/www.gold.fr\/news\/wp-content\/uploads\/2012\/06\/lingotins-or-pieces-or.jpg\" \/>\n\t<meta property=\"og:image:width\" content=\"600\" \/>\n\t<meta property=\"og:image:height\" content=\"401\" \/>\n\t<meta property=\"og:image:type\" content=\"image\/jpeg\" \/>\n<meta name=\"author\" content=\"Comptoir National de l&#039;Or\" \/>\n<meta name=\"twitter:card\" content=\"summary_large_image\" \/>\n<meta name=\"twitter:label1\" content=\"\u00c9crit par\" \/>\n\t<meta name=\"twitter:data1\" content=\"Comptoir National de l&#039;Or\" \/>\n\t<meta name=\"twitter:label2\" content=\"Dur\u00e9e de lecture estim\u00e9e\" \/>\n\t<meta name=\"twitter:data2\" content=\"1 minute\" \/>\n<script type=\"application\/ld+json\" class=\"yoast-schema-graph\">{\"@context\":\"https:\\\/\\\/schema.org\",\"@graph\":[{\"@type\":\"Article\",\"@id\":\"https:\\\/\\\/www.gold.fr\\\/news\\\/2014\\\/03\\\/14\\\/lor-atteint-un-sommet-semestriel\\\/#article\",\"isPartOf\":{\"@id\":\"https:\\\/\\\/www.gold.fr\\\/news\\\/2014\\\/03\\\/14\\\/lor-atteint-un-sommet-semestriel\\\/\"},\"author\":{\"name\":\"Comptoir National de l'Or\",\"@id\":\"https:\\\/\\\/www.gold.fr\\\/news\\\/#\\\/schema\\\/person\\\/070491b4b4fb7671bf59b3be20302ce9\"},\"headline\":\"L\u2019or atteint un sommet semestriel\",\"datePublished\":\"2014-03-14T08:00:20+00:00\",\"dateModified\":\"2018-02-22T13:41:30+00:00\",\"mainEntityOfPage\":{\"@id\":\"https:\\\/\\\/www.gold.fr\\\/news\\\/2014\\\/03\\\/14\\\/lor-atteint-un-sommet-semestriel\\\/\"},\"wordCount\":274,\"commentCount\":0,\"image\":{\"@id\":\"https:\\\/\\\/www.gold.fr\\\/news\\\/2014\\\/03\\\/14\\\/lor-atteint-un-sommet-semestriel\\\/#primaryimage\"},\"thumbnailUrl\":\"https:\\\/\\\/www.gold.fr\\\/news\\\/wp-content\\\/uploads\\\/2012\\\/06\\\/lingotins-or-pieces-or.jpg\",\"keywords\":[\"Achat or\",\"cours or\",\"crise g\u00e9opolitique\",\"Once or\",\"sommet\"],\"articleSection\":[\"Articles de presse\"],\"inLanguage\":\"fr-FR\"},{\"@type\":\"WebPage\",\"@id\":\"https:\\\/\\\/www.gold.fr\\\/news\\\/2014\\\/03\\\/14\\\/lor-atteint-un-sommet-semestriel\\\/\",\"url\":\"https:\\\/\\\/www.gold.fr\\\/news\\\/2014\\\/03\\\/14\\\/lor-atteint-un-sommet-semestriel\\\/\",\"name\":\"L\u2019or atteint un sommet semestriel - Gold.fr\",\"isPartOf\":{\"@id\":\"https:\\\/\\\/www.gold.fr\\\/news\\\/#website\"},\"primaryImageOfPage\":{\"@id\":\"https:\\\/\\\/www.gold.fr\\\/news\\\/2014\\\/03\\\/14\\\/lor-atteint-un-sommet-semestriel\\\/#primaryimage\"},\"image\":{\"@id\":\"https:\\\/\\\/www.gold.fr\\\/news\\\/2014\\\/03\\\/14\\\/lor-atteint-un-sommet-semestriel\\\/#primaryimage\"},\"thumbnailUrl\":\"https:\\\/\\\/www.gold.fr\\\/news\\\/wp-content\\\/uploads\\\/2012\\\/06\\\/lingotins-or-pieces-or.jpg\",\"datePublished\":\"2014-03-14T08:00:20+00:00\",\"dateModified\":\"2018-02-22T13:41:30+00:00\",\"author\":{\"@id\":\"https:\\\/\\\/www.gold.fr\\\/news\\\/#\\\/schema\\\/person\\\/070491b4b4fb7671bf59b3be20302ce9\"},\"breadcrumb\":{\"@id\":\"https:\\\/\\\/www.gold.fr\\\/news\\\/2014\\\/03\\\/14\\\/lor-atteint-un-sommet-semestriel\\\/#breadcrumb\"},\"inLanguage\":\"fr-FR\",\"potentialAction\":[{\"@type\":\"ReadAction\",\"target\":[\"https:\\\/\\\/www.gold.fr\\\/news\\\/2014\\\/03\\\/14\\\/lor-atteint-un-sommet-semestriel\\\/\"]}]},{\"@type\":\"ImageObject\",\"inLanguage\":\"fr-FR\",\"@id\":\"https:\\\/\\\/www.gold.fr\\\/news\\\/2014\\\/03\\\/14\\\/lor-atteint-un-sommet-semestriel\\\/#primaryimage\",\"url\":\"https:\\\/\\\/www.gold.fr\\\/news\\\/wp-content\\\/uploads\\\/2012\\\/06\\\/lingotins-or-pieces-or.jpg\",\"contentUrl\":\"https:\\\/\\\/www.gold.fr\\\/news\\\/wp-content\\\/uploads\\\/2012\\\/06\\\/lingotins-or-pieces-or.jpg\",\"width\":\"600\",\"height\":\"401\",\"caption\":\"FOMC : Les march\u00e9s se remettent lentement\"},{\"@type\":\"BreadcrumbList\",\"@id\":\"https:\\\/\\\/www.gold.fr\\\/news\\\/2014\\\/03\\\/14\\\/lor-atteint-un-sommet-semestriel\\\/#breadcrumb\",\"itemListElement\":[{\"@type\":\"ListItem\",\"position\":1,\"name\":\"Accueil\",\"item\":\"https:\\\/\\\/www.gold.fr\\\/\"},{\"@type\":\"ListItem\",\"position\":2,\"name\":\"Actualit\u00e9s\",\"item\":\"https:\\\/\\\/www.gold.fr\\\/news\\\/\"},{\"@type\":\"ListItem\",\"position\":3,\"name\":\"L\u2019or atteint un sommet semestriel\"}]},{\"@type\":\"WebSite\",\"@id\":\"https:\\\/\\\/www.gold.fr\\\/news\\\/#website\",\"url\":\"https:\\\/\\\/www.gold.fr\\\/news\\\/\",\"name\":\"Gold.fr\",\"description\":\"Actualit\u00e9s de l&#039;Or et des m\u00e9taux pr\u00e9cieux\",\"potentialAction\":[{\"@type\":\"SearchAction\",\"target\":{\"@type\":\"EntryPoint\",\"urlTemplate\":\"https:\\\/\\\/www.gold.fr\\\/news\\\/?s={search_term_string}\"},\"query-input\":{\"@type\":\"PropertyValueSpecification\",\"valueRequired\":true,\"valueName\":\"search_term_string\"}}],\"inLanguage\":\"fr-FR\"},{\"@type\":\"Person\",\"@id\":\"https:\\\/\\\/www.gold.fr\\\/news\\\/#\\\/schema\\\/person\\\/070491b4b4fb7671bf59b3be20302ce9\",\"name\":\"Comptoir National de l'Or\",\"image\":{\"@type\":\"ImageObject\",\"inLanguage\":\"fr-FR\",\"@id\":\"https:\\\/\\\/secure.gravatar.com\\\/avatar\\\/0a2867fd5abe37bed95d5a65e9d58f01756e11efc68af9888dfc50cfa7f65948?s=96&d=mm&r=gb490554db0a38188709de567aa58480d\",\"url\":\"https:\\\/\\\/secure.gravatar.com\\\/avatar\\\/0a2867fd5abe37bed95d5a65e9d58f01756e11efc68af9888dfc50cfa7f65948?s=96&d=mm&r=g\",\"contentUrl\":\"https:\\\/\\\/secure.gravatar.com\\\/avatar\\\/0a2867fd5abe37bed95d5a65e9d58f01756e11efc68af9888dfc50cfa7f65948?s=96&d=mm&r=g\",\"caption\":\"Comptoir National de l'Or\"},\"description\":\"Notre r\u00e9daction est constitu\u00e9e de membres experts dans les m\u00e9tiers de l'\u00e9conomie et la gestion, des Responsables d'agence Comptoir National de l'Or, des analystes financiers qui publient r\u00e9guli\u00e8rement des \u00e9tudes sur les politiques des banques centrales, le cours de l'or, prix de l'or, cours de l'argent, prix de l'argent, cours du platine, cours du palladium,... la situation en zone euro et l'impact de la strat\u00e9gie mon\u00e9taire de la FED. Notre \u00e9quipe scrute \u00e9galement une information plus g\u00e9n\u00e9raliste \u00e0 la recherche d'actualit\u00e9 \\\"p\u00e9pite\\\" \u00e0 vous partager. Depuis 5 ans, nous avons publi\u00e9 un peu plus de 4000 articles qui s'adressent \u00e0 un public large et vari\u00e9 ayant pour objectif de satisfaire votre curiosit\u00e9 et de partager avec vous une certaine fascination pour le m\u00e9tal jaune, le rachat d'or, et pour ceux qui veulent investir dans l'or, vendre leur or tout simplement en savoir plus... Pour tous vos achat or et argent, n'h\u00e9sitez pas \u00e0 prendre rendez-vous dans l'un de nos nombreux comptoirs.\",\"sameAs\":[\"https:\\\/\\\/www.gold.fr\"]}]}<\/script>\n<!-- \/ Yoast SEO plugin. -->","yoast_head_json":{"title":"L\u2019or atteint un sommet semestriel - Gold.fr","robots":{"index":"index","follow":"follow","max-snippet":"max-snippet:-1","max-image-preview":"max-image-preview:large","max-video-preview":"max-video-preview:-1"},"canonical":"https:\/\/www.gold.fr\/news\/2014\/03\/14\/lor-atteint-un-sommet-semestriel\/","og_locale":"fr_FR","og_type":"article","og_title":"L\u2019or atteint un sommet semestriel - Gold.fr","og_description":"Et s&rsquo;il continue sur cette lanc\u00e9e flamboyante, le m\u00e9tal jaune pourrait m\u00eame effacer toutes ses pertes encaiss\u00e9es au cours de l&rsquo;ann\u00e9e 2013. Plus aucun sc\u00e9nario n&rsquo;est exclu, peu importe le degr\u00e9 de son optimisme. Ayant d\u00e9j\u00e0 [&hellip;]","og_url":"https:\/\/www.gold.fr\/news\/2014\/03\/14\/lor-atteint-un-sommet-semestriel\/","og_site_name":"Gold.fr","article_publisher":"https:\/\/www.facebook.com\/Goldfr\/","article_published_time":"2014-03-14T08:00:20+00:00","article_modified_time":"2018-02-22T13:41:30+00:00","og_image":[{"width":600,"height":401,"url":"https:\/\/www.gold.fr\/news\/wp-content\/uploads\/2012\/06\/lingotins-or-pieces-or.jpg","type":"image\/jpeg"}],"author":"Comptoir National de l'Or","twitter_card":"summary_large_image","twitter_misc":{"\u00c9crit par":"Comptoir National de l'Or","Dur\u00e9e de lecture estim\u00e9e":"1 minute"},"schema":{"@context":"https:\/\/schema.org","@graph":[{"@type":"Article","@id":"https:\/\/www.gold.fr\/news\/2014\/03\/14\/lor-atteint-un-sommet-semestriel\/#article","isPartOf":{"@id":"https:\/\/www.gold.fr\/news\/2014\/03\/14\/lor-atteint-un-sommet-semestriel\/"},"author":{"name":"Comptoir National de l'Or","@id":"https:\/\/www.gold.fr\/news\/#\/schema\/person\/070491b4b4fb7671bf59b3be20302ce9"},"headline":"L\u2019or atteint un sommet semestriel","datePublished":"2014-03-14T08:00:20+00:00","dateModified":"2018-02-22T13:41:30+00:00","mainEntityOfPage":{"@id":"https:\/\/www.gold.fr\/news\/2014\/03\/14\/lor-atteint-un-sommet-semestriel\/"},"wordCount":274,"commentCount":0,"image":{"@id":"https:\/\/www.gold.fr\/news\/2014\/03\/14\/lor-atteint-un-sommet-semestriel\/#primaryimage"},"thumbnailUrl":"https:\/\/www.gold.fr\/news\/wp-content\/uploads\/2012\/06\/lingotins-or-pieces-or.jpg","keywords":["Achat or","cours or","crise g\u00e9opolitique","Once or","sommet"],"articleSection":["Articles de presse"],"inLanguage":"fr-FR"},{"@type":"WebPage","@id":"https:\/\/www.gold.fr\/news\/2014\/03\/14\/lor-atteint-un-sommet-semestriel\/","url":"https:\/\/www.gold.fr\/news\/2014\/03\/14\/lor-atteint-un-sommet-semestriel\/","name":"L\u2019or atteint un sommet semestriel - Gold.fr","isPartOf":{"@id":"https:\/\/www.gold.fr\/news\/#website"},"primaryImageOfPage":{"@id":"https:\/\/www.gold.fr\/news\/2014\/03\/14\/lor-atteint-un-sommet-semestriel\/#primaryimage"},"image":{"@id":"https:\/\/www.gold.fr\/news\/2014\/03\/14\/lor-atteint-un-sommet-semestriel\/#primaryimage"},"thumbnailUrl":"https:\/\/www.gold.fr\/news\/wp-content\/uploads\/2012\/06\/lingotins-or-pieces-or.jpg","datePublished":"2014-03-14T08:00:20+00:00","dateModified":"2018-02-22T13:41:30+00:00","author":{"@id":"https:\/\/www.gold.fr\/news\/#\/schema\/person\/070491b4b4fb7671bf59b3be20302ce9"},"breadcrumb":{"@id":"https:\/\/www.gold.fr\/news\/2014\/03\/14\/lor-atteint-un-sommet-semestriel\/#breadcrumb"},"inLanguage":"fr-FR","potentialAction":[{"@type":"ReadAction","target":["https:\/\/www.gold.fr\/news\/2014\/03\/14\/lor-atteint-un-sommet-semestriel\/"]}]},{"@type":"ImageObject","inLanguage":"fr-FR","@id":"https:\/\/www.gold.fr\/news\/2014\/03\/14\/lor-atteint-un-sommet-semestriel\/#primaryimage","url":"https:\/\/www.gold.fr\/news\/wp-content\/uploads\/2012\/06\/lingotins-or-pieces-or.jpg","contentUrl":"https:\/\/www.gold.fr\/news\/wp-content\/uploads\/2012\/06\/lingotins-or-pieces-or.jpg","width":"600","height":"401","caption":"FOMC : Les march\u00e9s se remettent lentement"},{"@type":"BreadcrumbList","@id":"https:\/\/www.gold.fr\/news\/2014\/03\/14\/lor-atteint-un-sommet-semestriel\/#breadcrumb","itemListElement":[{"@type":"ListItem","position":1,"name":"Accueil","item":"https:\/\/www.gold.fr\/"},{"@type":"ListItem","position":2,"name":"Actualit\u00e9s","item":"https:\/\/www.gold.fr\/news\/"},{"@type":"ListItem","position":3,"name":"L\u2019or atteint un sommet semestriel"}]},{"@type":"WebSite","@id":"https:\/\/www.gold.fr\/news\/#website","url":"https:\/\/www.gold.fr\/news\/","name":"Gold.fr","description":"Actualit\u00e9s de l&#039;Or et des m\u00e9taux pr\u00e9cieux","potentialAction":[{"@type":"SearchAction","target":{"@type":"EntryPoint","urlTemplate":"https:\/\/www.gold.fr\/news\/?s={search_term_string}"},"query-input":{"@type":"PropertyValueSpecification","valueRequired":true,"valueName":"search_term_string"}}],"inLanguage":"fr-FR"},{"@type":"Person","@id":"https:\/\/www.gold.fr\/news\/#\/schema\/person\/070491b4b4fb7671bf59b3be20302ce9","name":"Comptoir National de l'Or","image":{"@type":"ImageObject","inLanguage":"fr-FR","@id":"https:\/\/secure.gravatar.com\/avatar\/0a2867fd5abe37bed95d5a65e9d58f01756e11efc68af9888dfc50cfa7f65948?s=96&d=mm&r=gb490554db0a38188709de567aa58480d","url":"https:\/\/secure.gravatar.com\/avatar\/0a2867fd5abe37bed95d5a65e9d58f01756e11efc68af9888dfc50cfa7f65948?s=96&d=mm&r=g","contentUrl":"https:\/\/secure.gravatar.com\/avatar\/0a2867fd5abe37bed95d5a65e9d58f01756e11efc68af9888dfc50cfa7f65948?s=96&d=mm&r=g","caption":"Comptoir National de l'Or"},"description":"Notre r\u00e9daction est constitu\u00e9e de membres experts dans les m\u00e9tiers de l'\u00e9conomie et la gestion, des Responsables d'agence Comptoir National de l'Or, des analystes financiers qui publient r\u00e9guli\u00e8rement des \u00e9tudes sur les politiques des banques centrales, le cours de l'or, prix de l'or, cours de l'argent, prix de l'argent, cours du platine, cours du palladium,... la situation en zone euro et l'impact de la strat\u00e9gie mon\u00e9taire de la FED. Notre \u00e9quipe scrute \u00e9galement une information plus g\u00e9n\u00e9raliste \u00e0 la recherche d'actualit\u00e9 \"p\u00e9pite\" \u00e0 vous partager. Depuis 5 ans, nous avons publi\u00e9 un peu plus de 4000 articles qui s'adressent \u00e0 un public large et vari\u00e9 ayant pour objectif de satisfaire votre curiosit\u00e9 et de partager avec vous une certaine fascination pour le m\u00e9tal jaune, le rachat d'or, et pour ceux qui veulent investir dans l'or, vendre leur or tout simplement en savoir plus... Pour tous vos achat or et argent, n'h\u00e9sitez pas \u00e0 prendre rendez-vous dans l'un de nos nombreux comptoirs.","sameAs":["https:\/\/www.gold.fr"]}]}},"authors":[{"term_id":2565,"user_id":18,"is_guest":0,"slug":"julie","display_name":"Comptoir National de l'Or","avatar_url":"https:\/\/secure.gravatar.com\/avatar\/713f289e398d35ead876c4a4cc08607f0d6d266058cfc25683fffb6092d0e572?s=96&d=mm&r=g","0":null,"1":"","2":"","3":"","4":"","5":"","6":"","7":"","8":""}],"_links":{"self":[{"href":"https:\/\/www.gold.fr\/news\/wp-json\/wp\/v2\/posts\/14157","targetHints":{"allow":["GET"]}}],"collection":[{"href":"https:\/\/www.gold.fr\/news\/wp-json\/wp\/v2\/posts"}],"about":[{"href":"https:\/\/www.gold.fr\/news\/wp-json\/wp\/v2\/types\/post"}],"author":[{"embeddable":true,"href":"https:\/\/www.gold.fr\/news\/wp-json\/wp\/v2\/users\/18"}],"replies":[{"embeddable":true,"href":"https:\/\/www.gold.fr\/news\/wp-json\/wp\/v2\/comments?post=14157"}],"version-history":[{"count":0,"href":"https:\/\/www.gold.fr\/news\/wp-json\/wp\/v2\/posts\/14157\/revisions"}],"wp:featuredmedia":[{"embeddable":true,"href":"https:\/\/www.gold.fr\/news\/wp-json\/wp\/v2\/media\/7980"}],"wp:attachment":[{"href":"https:\/\/www.gold.fr\/news\/wp-json\/wp\/v2\/media?parent=14157"}],"wp:term":[{"taxonomy":"category","embeddable":true,"href":"https:\/\/www.gold.fr\/news\/wp-json\/wp\/v2\/categories?post=14157"},{"taxonomy":"post_tag","embeddable":true,"href":"https:\/\/www.gold.fr\/news\/wp-json\/wp\/v2\/tags?post=14157"},{"taxonomy":"author","embeddable":true,"href":"https:\/\/www.gold.fr\/news\/wp-json\/wp\/v2\/ppma_author?post=14157"}],"curies":[{"name":"wp","href":"https:\/\/api.w.org\/{rel}","templated":true}]}}