{"id":14138,"date":"2014-03-11T17:00:37","date_gmt":"2014-03-11T16:00:37","guid":{"rendered":"https:\/\/www.gold.fr\/news\/?p=14138"},"modified":"2018-02-22T14:41:35","modified_gmt":"2018-02-22T13:41:35","slug":"evolution-de-lor-la-hausse-inexplicable","status":"publish","type":"post","link":"https:\/\/www.gold.fr\/news\/2014\/03\/11\/evolution-de-lor-la-hausse-inexplicable\/","title":{"rendered":"Evolution de l\u2019or : La hausse inexplicable"},"content":{"rendered":"<p><img loading=\"lazy\" decoding=\"async\" class=\"alignleft size-thumbnail wp-image-3101\" title=\"Evolution de l\u2019or : La hausse inexplicable\" src=\"https:\/\/www.gold.fr\/news\/wp-content\/uploads\/2011\/10\/cours-de-lor-25-octobre-150x150.jpg\" alt=\"\" width=\"150\" height=\"150\" \/><span style=\"font-size: small;\">Dans la mesure o\u00f9 il avait termin\u00e9 l&rsquo;ann\u00e9e <strong>2013<\/strong> sur une baisse annuelle g\u00e9n\u00e9ralis\u00e9e de <strong>29%<\/strong>, le <a href='https:\/\/www.gold.fr\/news\/tags\/or' class='esk-seo-plu-link'>m\u00e9tal jaune<\/a> n&rsquo;avait pas exactement d\u00e9but\u00e9 la nouvelle ann\u00e9e <strong>2014<\/strong> dans les meilleures conditions, et n&rsquo;\u00e9tait, de ce fait pas consid\u00e9r\u00e9 comme le <a href='https:\/\/www.gold.fr\/news\/tags\/investissement' class='esk-seo-plu-link'>placement<\/a> le plus s\u00fbr et stable. C&rsquo;est une donne qui a pourtant rapidement chang\u00e9, allant m\u00eame jusqu&rsquo;\u00e0 s&rsquo;inverser, en l&rsquo;espace de quelques semaines \u00e0 peine.<\/span>    <span style=\"font-size: small;\"> Il faut en effet admettre que l&rsquo;<a href='https:\/\/www.gold.fr\/news\/tags\/or' class='esk-seo-plu-link'>or<\/a> a effectu\u00e9 une belle envol\u00e9e, depuis le d\u00e9but du mois de <strong>janvier 2014<\/strong>, r\u00e9ussissant une belle performance haussi\u00e8re globale (en deux mois) de <strong>12%<\/strong>, de quoi donc rassurer les investisseurs les plus angoiss\u00e9s et sceptiques. Cette flamb\u00e9e relative continue toutefois \u00e0 laisser bon nombre d&rsquo;op\u00e9rateurs et d&rsquo;observateurs assez perplexes.<\/span>    <span style=\"font-size: small;\"> Et il y a de quoi se poser des questions parfaitement l\u00e9gitimes, dans la mesure o\u00f9 le <a href='https:\/\/www.gold.fr\/news\/tags\/or' class='esk-seo-plu-link'>m\u00e9tal jaune<\/a> a la r\u00e9putation de rebondir traditionnellement sur les crises \u00e9conomiques, financi\u00e8res, g\u00e9opolitiques ou autres. <a href='https:\/\/www.gold.fr\/news\/tags\/or' class='esk-seo-plu-link'>Or<\/a>, la crise financi\u00e8re chinoise l&rsquo;avait relativement laiss\u00e9 de marbre, la r\u00e9cente crise am\u00e9ricaine\/europ\u00e9enne ne l&rsquo;avait pas r\u00e9ellement boost\u00e9, et <a title=\"L\u2019or profite de l\u2019attentisme ukrainien\" href=\"https:\/\/www.gold.fr\/news\/2014\/03\/11\/lor-profite-de-lattentisme-ukrainien\/14136\/\" target=\"_blank\">la crise ukrainienne ne semble pas non plus avoir l\u2019effet escompt\u00e9 au moment escompt\u00e9<\/a>.<\/span>    <span style=\"font-size: small;\"> Comment expliquer la hausse, dans ces conditions ? La plupart des experts \u00e9voquent les investisseurs chinois et leur app\u00e9tit f\u00e9roce, depuis quelques mois. Mais c&rsquo;est un argument \u00e0 \u00e9carter, pour l&rsquo;instant, \u00e9tant donn\u00e9 les s\u00e9quelles profondes d&rsquo;une crise chinoise qui persiste.<\/span>    <span style=\"font-size: small;\"> Ne reste donc que l&rsquo;in\u00e9branlable confiance que placent les investisseurs (professionnels et priv\u00e9s) dans la valeur \u00e9ternelle du <a href='https:\/\/www.gold.fr\/news\/tags\/or' class='esk-seo-plu-link'>m\u00e9tal jaune<\/a>.<\/span><\/p>\n<!-- AddThis Advanced Settings generic via filter on the_content --><!-- AddThis Share Buttons generic via filter on the_content -->","protected":false},"excerpt":{"rendered":"<p>Dans la mesure o\u00f9 il avait termin\u00e9 l&rsquo;ann\u00e9e 2013 sur une baisse annuelle g\u00e9n\u00e9ralis\u00e9e de 29%, le m\u00e9tal jaune n&rsquo;avait pas exactement d\u00e9but\u00e9 la nouvelle ann\u00e9e 2014 dans les meilleures conditions, et n&rsquo;\u00e9tait, de ce fait [&hellip;]<\/p>\n","protected":false},"author":18,"featured_media":3101,"comment_status":"open","ping_status":"open","sticky":false,"template":"","format":"standard","meta":{"_mbp_gutenberg_autopost":false,"_pgmb_is_evergreen":false,"_pgmb_ap_template_id":0,"footnotes":""},"categories":[6],"tags":[1802,1794,1167,1045],"ppma_author":[2565],"class_list":["post-14138","post","type-post","status-publish","format-standard","has-post-thumbnail","hentry","category-articles-de-presse","tag-crise-chinoise","tag-crise-ukrainienne","tag-evolution-or","tag-hausse-or"],"yoast_head":"<!-- This site is optimized with the Yoast SEO plugin v27.5 - https:\/\/yoast.com\/product\/yoast-seo-wordpress\/ -->\n<title>Evolution de l\u2019or : La hausse inexplicable - Gold.fr<\/title>\n<meta name=\"robots\" content=\"index, follow, max-snippet:-1, max-image-preview:large, max-video-preview:-1\" \/>\n<link rel=\"canonical\" href=\"https:\/\/www.gold.fr\/news\/2014\/03\/11\/evolution-de-lor-la-hausse-inexplicable\/\" \/>\n<meta property=\"og:locale\" content=\"fr_FR\" \/>\n<meta property=\"og:type\" content=\"article\" \/>\n<meta property=\"og:title\" content=\"Evolution de l\u2019or : La hausse inexplicable - Gold.fr\" \/>\n<meta property=\"og:description\" content=\"Dans la mesure o\u00f9 il avait termin\u00e9 l&rsquo;ann\u00e9e 2013 sur une baisse annuelle g\u00e9n\u00e9ralis\u00e9e de 29%, le m\u00e9tal jaune n&rsquo;avait pas exactement d\u00e9but\u00e9 la nouvelle ann\u00e9e 2014 dans les meilleures conditions, et n&rsquo;\u00e9tait, de ce fait [&hellip;]\" \/>\n<meta property=\"og:url\" content=\"https:\/\/www.gold.fr\/news\/2014\/03\/11\/evolution-de-lor-la-hausse-inexplicable\/\" \/>\n<meta property=\"og:site_name\" content=\"Gold.fr\" \/>\n<meta property=\"article:publisher\" content=\"https:\/\/www.facebook.com\/Goldfr\/\" \/>\n<meta property=\"article:published_time\" content=\"2014-03-11T16:00:37+00:00\" \/>\n<meta property=\"article:modified_time\" content=\"2018-02-22T13:41:35+00:00\" \/>\n<meta property=\"og:image\" content=\"https:\/\/www.gold.fr\/news\/wp-content\/uploads\/2011\/10\/cours-de-lor-25-octobre-e1319617268629.jpg\" \/>\n\t<meta property=\"og:image:width\" content=\"600\" \/>\n\t<meta property=\"og:image:height\" content=\"448\" \/>\n\t<meta property=\"og:image:type\" content=\"image\/jpeg\" \/>\n<meta name=\"author\" content=\"Comptoir National de l&#039;Or\" \/>\n<meta name=\"twitter:card\" content=\"summary_large_image\" \/>\n<meta name=\"twitter:label1\" content=\"\u00c9crit par\" \/>\n\t<meta name=\"twitter:data1\" content=\"Comptoir National de l&#039;Or\" \/>\n\t<meta name=\"twitter:label2\" content=\"Dur\u00e9e de lecture estim\u00e9e\" \/>\n\t<meta name=\"twitter:data2\" content=\"1 minute\" \/>\n<script type=\"application\/ld+json\" class=\"yoast-schema-graph\">{\"@context\":\"https:\\\/\\\/schema.org\",\"@graph\":[{\"@type\":\"Article\",\"@id\":\"https:\\\/\\\/www.gold.fr\\\/news\\\/2014\\\/03\\\/11\\\/evolution-de-lor-la-hausse-inexplicable\\\/#article\",\"isPartOf\":{\"@id\":\"https:\\\/\\\/www.gold.fr\\\/news\\\/2014\\\/03\\\/11\\\/evolution-de-lor-la-hausse-inexplicable\\\/\"},\"author\":{\"name\":\"Comptoir National de l'Or\",\"@id\":\"https:\\\/\\\/www.gold.fr\\\/news\\\/#\\\/schema\\\/person\\\/070491b4b4fb7671bf59b3be20302ce9\"},\"headline\":\"Evolution de l\u2019or : La hausse inexplicable\",\"datePublished\":\"2014-03-11T16:00:37+00:00\",\"dateModified\":\"2018-02-22T13:41:35+00:00\",\"mainEntityOfPage\":{\"@id\":\"https:\\\/\\\/www.gold.fr\\\/news\\\/2014\\\/03\\\/11\\\/evolution-de-lor-la-hausse-inexplicable\\\/\"},\"wordCount\":297,\"commentCount\":0,\"image\":{\"@id\":\"https:\\\/\\\/www.gold.fr\\\/news\\\/2014\\\/03\\\/11\\\/evolution-de-lor-la-hausse-inexplicable\\\/#primaryimage\"},\"thumbnailUrl\":\"https:\\\/\\\/www.gold.fr\\\/news\\\/wp-content\\\/uploads\\\/2011\\\/10\\\/cours-de-lor-25-octobre-e1319617268629.jpg\",\"keywords\":[\"crise chinoise\",\"crise ukrainienne\",\"evolution or\",\"hausse or\"],\"articleSection\":[\"Articles de presse\"],\"inLanguage\":\"fr-FR\"},{\"@type\":\"WebPage\",\"@id\":\"https:\\\/\\\/www.gold.fr\\\/news\\\/2014\\\/03\\\/11\\\/evolution-de-lor-la-hausse-inexplicable\\\/\",\"url\":\"https:\\\/\\\/www.gold.fr\\\/news\\\/2014\\\/03\\\/11\\\/evolution-de-lor-la-hausse-inexplicable\\\/\",\"name\":\"Evolution de l\u2019or : La hausse inexplicable - Gold.fr\",\"isPartOf\":{\"@id\":\"https:\\\/\\\/www.gold.fr\\\/news\\\/#website\"},\"primaryImageOfPage\":{\"@id\":\"https:\\\/\\\/www.gold.fr\\\/news\\\/2014\\\/03\\\/11\\\/evolution-de-lor-la-hausse-inexplicable\\\/#primaryimage\"},\"image\":{\"@id\":\"https:\\\/\\\/www.gold.fr\\\/news\\\/2014\\\/03\\\/11\\\/evolution-de-lor-la-hausse-inexplicable\\\/#primaryimage\"},\"thumbnailUrl\":\"https:\\\/\\\/www.gold.fr\\\/news\\\/wp-content\\\/uploads\\\/2011\\\/10\\\/cours-de-lor-25-octobre-e1319617268629.jpg\",\"datePublished\":\"2014-03-11T16:00:37+00:00\",\"dateModified\":\"2018-02-22T13:41:35+00:00\",\"author\":{\"@id\":\"https:\\\/\\\/www.gold.fr\\\/news\\\/#\\\/schema\\\/person\\\/070491b4b4fb7671bf59b3be20302ce9\"},\"breadcrumb\":{\"@id\":\"https:\\\/\\\/www.gold.fr\\\/news\\\/2014\\\/03\\\/11\\\/evolution-de-lor-la-hausse-inexplicable\\\/#breadcrumb\"},\"inLanguage\":\"fr-FR\",\"potentialAction\":[{\"@type\":\"ReadAction\",\"target\":[\"https:\\\/\\\/www.gold.fr\\\/news\\\/2014\\\/03\\\/11\\\/evolution-de-lor-la-hausse-inexplicable\\\/\"]}]},{\"@type\":\"ImageObject\",\"inLanguage\":\"fr-FR\",\"@id\":\"https:\\\/\\\/www.gold.fr\\\/news\\\/2014\\\/03\\\/11\\\/evolution-de-lor-la-hausse-inexplicable\\\/#primaryimage\",\"url\":\"https:\\\/\\\/www.gold.fr\\\/news\\\/wp-content\\\/uploads\\\/2011\\\/10\\\/cours-de-lor-25-octobre-e1319617268629.jpg\",\"contentUrl\":\"https:\\\/\\\/www.gold.fr\\\/news\\\/wp-content\\\/uploads\\\/2011\\\/10\\\/cours-de-lor-25-octobre-e1319617268629.jpg\",\"width\":\"600\",\"height\":\"448\",\"caption\":\"L\u2019once reprend sa progression face \u00e0 un march\u00e9 stable\"},{\"@type\":\"BreadcrumbList\",\"@id\":\"https:\\\/\\\/www.gold.fr\\\/news\\\/2014\\\/03\\\/11\\\/evolution-de-lor-la-hausse-inexplicable\\\/#breadcrumb\",\"itemListElement\":[{\"@type\":\"ListItem\",\"position\":1,\"name\":\"Accueil\",\"item\":\"https:\\\/\\\/www.gold.fr\\\/\"},{\"@type\":\"ListItem\",\"position\":2,\"name\":\"Actualit\u00e9s\",\"item\":\"https:\\\/\\\/www.gold.fr\\\/news\\\/\"},{\"@type\":\"ListItem\",\"position\":3,\"name\":\"Evolution de l\u2019or : La hausse inexplicable\"}]},{\"@type\":\"WebSite\",\"@id\":\"https:\\\/\\\/www.gold.fr\\\/news\\\/#website\",\"url\":\"https:\\\/\\\/www.gold.fr\\\/news\\\/\",\"name\":\"Gold.fr\",\"description\":\"Actualit\u00e9s de l&#039;Or et des m\u00e9taux pr\u00e9cieux\",\"potentialAction\":[{\"@type\":\"SearchAction\",\"target\":{\"@type\":\"EntryPoint\",\"urlTemplate\":\"https:\\\/\\\/www.gold.fr\\\/news\\\/?s={search_term_string}\"},\"query-input\":{\"@type\":\"PropertyValueSpecification\",\"valueRequired\":true,\"valueName\":\"search_term_string\"}}],\"inLanguage\":\"fr-FR\"},{\"@type\":\"Person\",\"@id\":\"https:\\\/\\\/www.gold.fr\\\/news\\\/#\\\/schema\\\/person\\\/070491b4b4fb7671bf59b3be20302ce9\",\"name\":\"Comptoir National de l'Or\",\"image\":{\"@type\":\"ImageObject\",\"inLanguage\":\"fr-FR\",\"@id\":\"https:\\\/\\\/secure.gravatar.com\\\/avatar\\\/0a2867fd5abe37bed95d5a65e9d58f01756e11efc68af9888dfc50cfa7f65948?s=96&d=mm&r=gb490554db0a38188709de567aa58480d\",\"url\":\"https:\\\/\\\/secure.gravatar.com\\\/avatar\\\/0a2867fd5abe37bed95d5a65e9d58f01756e11efc68af9888dfc50cfa7f65948?s=96&d=mm&r=g\",\"contentUrl\":\"https:\\\/\\\/secure.gravatar.com\\\/avatar\\\/0a2867fd5abe37bed95d5a65e9d58f01756e11efc68af9888dfc50cfa7f65948?s=96&d=mm&r=g\",\"caption\":\"Comptoir National de l'Or\"},\"description\":\"Notre r\u00e9daction est constitu\u00e9e de membres experts dans les m\u00e9tiers de l'\u00e9conomie et la gestion, des Responsables d'agence Comptoir National de l'Or, des analystes financiers qui publient r\u00e9guli\u00e8rement des \u00e9tudes sur les politiques des banques centrales, le cours de l'or, prix de l'or, cours de l'argent, prix de l'argent, cours du platine, cours du palladium,... la situation en zone euro et l'impact de la strat\u00e9gie mon\u00e9taire de la FED. Notre \u00e9quipe scrute \u00e9galement une information plus g\u00e9n\u00e9raliste \u00e0 la recherche d'actualit\u00e9 \\\"p\u00e9pite\\\" \u00e0 vous partager. Depuis 5 ans, nous avons publi\u00e9 un peu plus de 4000 articles qui s'adressent \u00e0 un public large et vari\u00e9 ayant pour objectif de satisfaire votre curiosit\u00e9 et de partager avec vous une certaine fascination pour le m\u00e9tal jaune, le rachat d'or, et pour ceux qui veulent investir dans l'or, vendre leur or tout simplement en savoir plus... Pour tous vos achat or et argent, n'h\u00e9sitez pas \u00e0 prendre rendez-vous dans l'un de nos nombreux comptoirs.\",\"sameAs\":[\"https:\\\/\\\/www.gold.fr\"]}]}<\/script>\n<!-- \/ Yoast SEO plugin. -->","yoast_head_json":{"title":"Evolution de l\u2019or : La hausse inexplicable - Gold.fr","robots":{"index":"index","follow":"follow","max-snippet":"max-snippet:-1","max-image-preview":"max-image-preview:large","max-video-preview":"max-video-preview:-1"},"canonical":"https:\/\/www.gold.fr\/news\/2014\/03\/11\/evolution-de-lor-la-hausse-inexplicable\/","og_locale":"fr_FR","og_type":"article","og_title":"Evolution de l\u2019or : La hausse inexplicable - Gold.fr","og_description":"Dans la mesure o\u00f9 il avait termin\u00e9 l&rsquo;ann\u00e9e 2013 sur une baisse annuelle g\u00e9n\u00e9ralis\u00e9e de 29%, le m\u00e9tal jaune n&rsquo;avait pas exactement d\u00e9but\u00e9 la nouvelle ann\u00e9e 2014 dans les meilleures conditions, et n&rsquo;\u00e9tait, de ce fait [&hellip;]","og_url":"https:\/\/www.gold.fr\/news\/2014\/03\/11\/evolution-de-lor-la-hausse-inexplicable\/","og_site_name":"Gold.fr","article_publisher":"https:\/\/www.facebook.com\/Goldfr\/","article_published_time":"2014-03-11T16:00:37+00:00","article_modified_time":"2018-02-22T13:41:35+00:00","og_image":[{"width":600,"height":448,"url":"https:\/\/www.gold.fr\/news\/wp-content\/uploads\/2011\/10\/cours-de-lor-25-octobre-e1319617268629.jpg","type":"image\/jpeg"}],"author":"Comptoir National de l'Or","twitter_card":"summary_large_image","twitter_misc":{"\u00c9crit par":"Comptoir National de l'Or","Dur\u00e9e de lecture estim\u00e9e":"1 minute"},"schema":{"@context":"https:\/\/schema.org","@graph":[{"@type":"Article","@id":"https:\/\/www.gold.fr\/news\/2014\/03\/11\/evolution-de-lor-la-hausse-inexplicable\/#article","isPartOf":{"@id":"https:\/\/www.gold.fr\/news\/2014\/03\/11\/evolution-de-lor-la-hausse-inexplicable\/"},"author":{"name":"Comptoir National de l'Or","@id":"https:\/\/www.gold.fr\/news\/#\/schema\/person\/070491b4b4fb7671bf59b3be20302ce9"},"headline":"Evolution de l\u2019or : La hausse inexplicable","datePublished":"2014-03-11T16:00:37+00:00","dateModified":"2018-02-22T13:41:35+00:00","mainEntityOfPage":{"@id":"https:\/\/www.gold.fr\/news\/2014\/03\/11\/evolution-de-lor-la-hausse-inexplicable\/"},"wordCount":297,"commentCount":0,"image":{"@id":"https:\/\/www.gold.fr\/news\/2014\/03\/11\/evolution-de-lor-la-hausse-inexplicable\/#primaryimage"},"thumbnailUrl":"https:\/\/www.gold.fr\/news\/wp-content\/uploads\/2011\/10\/cours-de-lor-25-octobre-e1319617268629.jpg","keywords":["crise chinoise","crise ukrainienne","evolution or","hausse or"],"articleSection":["Articles de presse"],"inLanguage":"fr-FR"},{"@type":"WebPage","@id":"https:\/\/www.gold.fr\/news\/2014\/03\/11\/evolution-de-lor-la-hausse-inexplicable\/","url":"https:\/\/www.gold.fr\/news\/2014\/03\/11\/evolution-de-lor-la-hausse-inexplicable\/","name":"Evolution de l\u2019or : La hausse inexplicable - Gold.fr","isPartOf":{"@id":"https:\/\/www.gold.fr\/news\/#website"},"primaryImageOfPage":{"@id":"https:\/\/www.gold.fr\/news\/2014\/03\/11\/evolution-de-lor-la-hausse-inexplicable\/#primaryimage"},"image":{"@id":"https:\/\/www.gold.fr\/news\/2014\/03\/11\/evolution-de-lor-la-hausse-inexplicable\/#primaryimage"},"thumbnailUrl":"https:\/\/www.gold.fr\/news\/wp-content\/uploads\/2011\/10\/cours-de-lor-25-octobre-e1319617268629.jpg","datePublished":"2014-03-11T16:00:37+00:00","dateModified":"2018-02-22T13:41:35+00:00","author":{"@id":"https:\/\/www.gold.fr\/news\/#\/schema\/person\/070491b4b4fb7671bf59b3be20302ce9"},"breadcrumb":{"@id":"https:\/\/www.gold.fr\/news\/2014\/03\/11\/evolution-de-lor-la-hausse-inexplicable\/#breadcrumb"},"inLanguage":"fr-FR","potentialAction":[{"@type":"ReadAction","target":["https:\/\/www.gold.fr\/news\/2014\/03\/11\/evolution-de-lor-la-hausse-inexplicable\/"]}]},{"@type":"ImageObject","inLanguage":"fr-FR","@id":"https:\/\/www.gold.fr\/news\/2014\/03\/11\/evolution-de-lor-la-hausse-inexplicable\/#primaryimage","url":"https:\/\/www.gold.fr\/news\/wp-content\/uploads\/2011\/10\/cours-de-lor-25-octobre-e1319617268629.jpg","contentUrl":"https:\/\/www.gold.fr\/news\/wp-content\/uploads\/2011\/10\/cours-de-lor-25-octobre-e1319617268629.jpg","width":"600","height":"448","caption":"L\u2019once reprend sa progression face \u00e0 un march\u00e9 stable"},{"@type":"BreadcrumbList","@id":"https:\/\/www.gold.fr\/news\/2014\/03\/11\/evolution-de-lor-la-hausse-inexplicable\/#breadcrumb","itemListElement":[{"@type":"ListItem","position":1,"name":"Accueil","item":"https:\/\/www.gold.fr\/"},{"@type":"ListItem","position":2,"name":"Actualit\u00e9s","item":"https:\/\/www.gold.fr\/news\/"},{"@type":"ListItem","position":3,"name":"Evolution de l\u2019or : La hausse inexplicable"}]},{"@type":"WebSite","@id":"https:\/\/www.gold.fr\/news\/#website","url":"https:\/\/www.gold.fr\/news\/","name":"Gold.fr","description":"Actualit\u00e9s de l&#039;Or et des m\u00e9taux pr\u00e9cieux","potentialAction":[{"@type":"SearchAction","target":{"@type":"EntryPoint","urlTemplate":"https:\/\/www.gold.fr\/news\/?s={search_term_string}"},"query-input":{"@type":"PropertyValueSpecification","valueRequired":true,"valueName":"search_term_string"}}],"inLanguage":"fr-FR"},{"@type":"Person","@id":"https:\/\/www.gold.fr\/news\/#\/schema\/person\/070491b4b4fb7671bf59b3be20302ce9","name":"Comptoir National de l'Or","image":{"@type":"ImageObject","inLanguage":"fr-FR","@id":"https:\/\/secure.gravatar.com\/avatar\/0a2867fd5abe37bed95d5a65e9d58f01756e11efc68af9888dfc50cfa7f65948?s=96&d=mm&r=gb490554db0a38188709de567aa58480d","url":"https:\/\/secure.gravatar.com\/avatar\/0a2867fd5abe37bed95d5a65e9d58f01756e11efc68af9888dfc50cfa7f65948?s=96&d=mm&r=g","contentUrl":"https:\/\/secure.gravatar.com\/avatar\/0a2867fd5abe37bed95d5a65e9d58f01756e11efc68af9888dfc50cfa7f65948?s=96&d=mm&r=g","caption":"Comptoir National de l'Or"},"description":"Notre r\u00e9daction est constitu\u00e9e de membres experts dans les m\u00e9tiers de l'\u00e9conomie et la gestion, des Responsables d'agence Comptoir National de l'Or, des analystes financiers qui publient r\u00e9guli\u00e8rement des \u00e9tudes sur les politiques des banques centrales, le cours de l'or, prix de l'or, cours de l'argent, prix de l'argent, cours du platine, cours du palladium,... la situation en zone euro et l'impact de la strat\u00e9gie mon\u00e9taire de la FED. Notre \u00e9quipe scrute \u00e9galement une information plus g\u00e9n\u00e9raliste \u00e0 la recherche d'actualit\u00e9 \"p\u00e9pite\" \u00e0 vous partager. Depuis 5 ans, nous avons publi\u00e9 un peu plus de 4000 articles qui s'adressent \u00e0 un public large et vari\u00e9 ayant pour objectif de satisfaire votre curiosit\u00e9 et de partager avec vous une certaine fascination pour le m\u00e9tal jaune, le rachat d'or, et pour ceux qui veulent investir dans l'or, vendre leur or tout simplement en savoir plus... Pour tous vos achat or et argent, n'h\u00e9sitez pas \u00e0 prendre rendez-vous dans l'un de nos nombreux comptoirs.","sameAs":["https:\/\/www.gold.fr"]}]}},"authors":[{"term_id":2565,"user_id":18,"is_guest":0,"slug":"julie","display_name":"Comptoir National de l'Or","avatar_url":"https:\/\/secure.gravatar.com\/avatar\/713f289e398d35ead876c4a4cc08607f0d6d266058cfc25683fffb6092d0e572?s=96&d=mm&r=g","0":null,"1":"","2":"","3":"","4":"","5":"","6":"","7":"","8":""}],"_links":{"self":[{"href":"https:\/\/www.gold.fr\/news\/wp-json\/wp\/v2\/posts\/14138","targetHints":{"allow":["GET"]}}],"collection":[{"href":"https:\/\/www.gold.fr\/news\/wp-json\/wp\/v2\/posts"}],"about":[{"href":"https:\/\/www.gold.fr\/news\/wp-json\/wp\/v2\/types\/post"}],"author":[{"embeddable":true,"href":"https:\/\/www.gold.fr\/news\/wp-json\/wp\/v2\/users\/18"}],"replies":[{"embeddable":true,"href":"https:\/\/www.gold.fr\/news\/wp-json\/wp\/v2\/comments?post=14138"}],"version-history":[{"count":0,"href":"https:\/\/www.gold.fr\/news\/wp-json\/wp\/v2\/posts\/14138\/revisions"}],"wp:featuredmedia":[{"embeddable":true,"href":"https:\/\/www.gold.fr\/news\/wp-json\/wp\/v2\/media\/3101"}],"wp:attachment":[{"href":"https:\/\/www.gold.fr\/news\/wp-json\/wp\/v2\/media?parent=14138"}],"wp:term":[{"taxonomy":"category","embeddable":true,"href":"https:\/\/www.gold.fr\/news\/wp-json\/wp\/v2\/categories?post=14138"},{"taxonomy":"post_tag","embeddable":true,"href":"https:\/\/www.gold.fr\/news\/wp-json\/wp\/v2\/tags?post=14138"},{"taxonomy":"author","embeddable":true,"href":"https:\/\/www.gold.fr\/news\/wp-json\/wp\/v2\/ppma_author?post=14138"}],"curies":[{"name":"wp","href":"https:\/\/api.w.org\/{rel}","templated":true}]}}