{"id":14124,"date":"2014-03-10T13:00:01","date_gmt":"2014-03-10T12:00:01","guid":{"rendered":"https:\/\/www.gold.fr\/news\/?p=14124"},"modified":"2018-02-22T14:41:38","modified_gmt":"2018-02-22T13:41:38","slug":"lor-vers-une-cinquieme-semaine-haussiere","status":"publish","type":"post","link":"https:\/\/www.gold.fr\/news\/2014\/03\/10\/lor-vers-une-cinquieme-semaine-haussiere\/","title":{"rendered":"L&rsquo;or vers une cinqui\u00e8me semaine haussi\u00e8re ?"},"content":{"rendered":"<p><img loading=\"lazy\" decoding=\"async\" class=\"alignleft size-thumbnail wp-image-3917\" title=\"Cours de l'Or de Bourse\" src=\"https:\/\/www.gold.fr\/news\/wp-content\/uploads\/2011\/11\/102889291-e1362144430490-150x150.jpg\" alt=\"\" width=\"150\" height=\"150\" \/><span style=\"font-size: small;\">Seule la s\u00e9ance de vendredi prochain nous le dira, mais tous les pronostics pointent d\u00e9sormais vers cette finalit\u00e9, puisque le <a href='https:\/\/www.gold.fr\/news\/tags\/or' class='esk-seo-plu-link'>m\u00e9tal jaune<\/a> vient de cl\u00f4turer un mois boursier dans le vert. Les raisons ? D&rsquo;apr\u00e8s les experts, une situation toujours pr\u00e9caire en Ukraine et un essoufflement marqu\u00e9 de la reprise am\u00e9ricaine.<\/span>    <span style=\"font-size: small;\"> D&rsquo;ailleurs, les analystes du groupe fran\u00e7ais Saxo Banque sont parmi les premiers experts \u00e0 avoir salu\u00e9 la belle performance de l&rsquo;<a href='https:\/\/www.gold.fr\/news\/tags\/or' class='esk-seo-plu-link'>or<\/a>, rappelant qu&rsquo;il \u00ab\u00a0<em>s&rsquo;\u00e9change proche de son niveau le plus haut en plus de quatre mois et se dirige pour le moment vers une cinqui\u00e8me semaine cons\u00e9cutive dans le vert<\/em>\u00ab\u00a0. Il justifie \u00e9galement cet \u00e9tat de gr\u00e2ce par \u201c<em>une situation tendue notamment en Ukraine<\/em>\u00ab\u00a0, ainsi que d&rsquo;importants <em>\u00ab\u00a0signes de &lsquo;fatigue&rsquo; de la reprise \u00e9conomique am\u00e9ricaine impact\u00e9e en partie par le froid et les temp\u00eates de neige qui touche le pays depuis le d\u00e9but de l&rsquo;ann\u00e9e<\/em>\u201d.<\/span>    <span style=\"font-size: small;\"> L&rsquo;<a href='https:\/\/www.gold.fr\/news\/tags\/or' class='esk-seo-plu-link'>or<\/a> ouvre la s\u00e9ance de ce <strong>lundi 10 mars 2014<\/strong> avec <a title=\"Prix de l'Or\" href=\"https:\/\/www.gold.fr\/cours-prix-de-l-or\/\" target=\"_blank\">un cours<\/a> stabilis\u00e9 de <strong>1,334.30 <a href='https:\/\/www.gold.fr\/news\/tags\/investissement' class='esk-seo-plu-link'>dollars<\/a><\/strong> <a title=\"Prix de l'Once d'or\" href=\"https:\/\/www.gold.fr\/once-en\/\" target=\"_blank\">l&rsquo;once<\/a>.<\/span><\/p>\n<!-- AddThis Advanced Settings generic via filter on the_content --><!-- AddThis Share Buttons generic via filter on the_content -->","protected":false},"excerpt":{"rendered":"<p>Seule la s\u00e9ance de vendredi prochain nous le dira, mais tous les pronostics pointent d\u00e9sormais vers cette finalit\u00e9, puisque le m\u00e9tal jaune vient de cl\u00f4turer un mois boursier dans le vert. Les raisons ? D&rsquo;apr\u00e8s les [&hellip;]<\/p>\n","protected":false},"author":18,"featured_media":3917,"comment_status":"open","ping_status":"open","sticky":false,"template":"","format":"standard","meta":{"_mbp_gutenberg_autopost":false,"_pgmb_is_evergreen":false,"_pgmb_ap_template_id":0,"footnotes":""},"categories":[5],"tags":[385,84,210,74],"ppma_author":[2565],"class_list":["post-14124","post","type-post","status-publish","format-standard","has-post-thumbnail","hentry","category-flash-infos","tag-cours-de-lor-de-bourse","tag-cours-de-lor","tag-_cours-de-lor_footer_","tag-_home-page_footer_"],"yoast_head":"<!-- This site is optimized with the Yoast SEO plugin v27.5 - https:\/\/yoast.com\/product\/yoast-seo-wordpress\/ -->\n<title>L&#039;or vers une cinqui\u00e8me semaine haussi\u00e8re ? - Gold.fr<\/title>\n<meta name=\"robots\" content=\"index, follow, max-snippet:-1, max-image-preview:large, max-video-preview:-1\" \/>\n<link rel=\"canonical\" href=\"https:\/\/www.gold.fr\/news\/2014\/03\/10\/lor-vers-une-cinquieme-semaine-haussiere\/\" \/>\n<meta property=\"og:locale\" content=\"fr_FR\" \/>\n<meta property=\"og:type\" content=\"article\" \/>\n<meta property=\"og:title\" content=\"L&#039;or vers une cinqui\u00e8me semaine haussi\u00e8re ? - Gold.fr\" \/>\n<meta property=\"og:description\" content=\"Seule la s\u00e9ance de vendredi prochain nous le dira, mais tous les pronostics pointent d\u00e9sormais vers cette finalit\u00e9, puisque le m\u00e9tal jaune vient de cl\u00f4turer un mois boursier dans le vert. Les raisons ? D&rsquo;apr\u00e8s les [&hellip;]\" \/>\n<meta property=\"og:url\" content=\"https:\/\/www.gold.fr\/news\/2014\/03\/10\/lor-vers-une-cinquieme-semaine-haussiere\/\" \/>\n<meta property=\"og:site_name\" content=\"Gold.fr\" \/>\n<meta property=\"article:publisher\" content=\"https:\/\/www.facebook.com\/Goldfr\/\" \/>\n<meta property=\"article:published_time\" content=\"2014-03-10T12:00:01+00:00\" \/>\n<meta property=\"article:modified_time\" content=\"2018-02-22T13:41:38+00:00\" \/>\n<meta property=\"og:image\" content=\"https:\/\/www.gold.fr\/news\/wp-content\/uploads\/2011\/11\/102889291-e1362144430490.jpg\" \/>\n\t<meta property=\"og:image:width\" content=\"600\" \/>\n\t<meta property=\"og:image:height\" content=\"354\" \/>\n\t<meta property=\"og:image:type\" content=\"image\/jpeg\" \/>\n<meta name=\"author\" content=\"Comptoir National de l&#039;Or\" \/>\n<meta name=\"twitter:card\" content=\"summary_large_image\" \/>\n<meta name=\"twitter:label1\" content=\"\u00c9crit par\" \/>\n\t<meta name=\"twitter:data1\" content=\"Comptoir National de l&#039;Or\" \/>\n\t<meta name=\"twitter:label2\" content=\"Dur\u00e9e de lecture estim\u00e9e\" \/>\n\t<meta name=\"twitter:data2\" content=\"1 minute\" \/>\n<script type=\"application\/ld+json\" class=\"yoast-schema-graph\">{\"@context\":\"https:\\\/\\\/schema.org\",\"@graph\":[{\"@type\":\"Article\",\"@id\":\"https:\\\/\\\/www.gold.fr\\\/news\\\/2014\\\/03\\\/10\\\/lor-vers-une-cinquieme-semaine-haussiere\\\/#article\",\"isPartOf\":{\"@id\":\"https:\\\/\\\/www.gold.fr\\\/news\\\/2014\\\/03\\\/10\\\/lor-vers-une-cinquieme-semaine-haussiere\\\/\"},\"author\":{\"name\":\"Comptoir National de l'Or\",\"@id\":\"https:\\\/\\\/www.gold.fr\\\/news\\\/#\\\/schema\\\/person\\\/070491b4b4fb7671bf59b3be20302ce9\"},\"headline\":\"L&rsquo;or vers une cinqui\u00e8me semaine haussi\u00e8re ?\",\"datePublished\":\"2014-03-10T12:00:01+00:00\",\"dateModified\":\"2018-02-22T13:41:38+00:00\",\"mainEntityOfPage\":{\"@id\":\"https:\\\/\\\/www.gold.fr\\\/news\\\/2014\\\/03\\\/10\\\/lor-vers-une-cinquieme-semaine-haussiere\\\/\"},\"wordCount\":194,\"commentCount\":0,\"image\":{\"@id\":\"https:\\\/\\\/www.gold.fr\\\/news\\\/2014\\\/03\\\/10\\\/lor-vers-une-cinquieme-semaine-haussiere\\\/#primaryimage\"},\"thumbnailUrl\":\"https:\\\/\\\/www.gold.fr\\\/news\\\/wp-content\\\/uploads\\\/2011\\\/11\\\/102889291-e1362144430490.jpg\",\"keywords\":[\"cours de l'or de bourse\",\"Tout Cours de l'Or\",\"_Cours de l\u2019Or_Footer_\",\"_Home page Footer_\"],\"articleSection\":[\"Flash infos\"],\"inLanguage\":\"fr-FR\"},{\"@type\":\"WebPage\",\"@id\":\"https:\\\/\\\/www.gold.fr\\\/news\\\/2014\\\/03\\\/10\\\/lor-vers-une-cinquieme-semaine-haussiere\\\/\",\"url\":\"https:\\\/\\\/www.gold.fr\\\/news\\\/2014\\\/03\\\/10\\\/lor-vers-une-cinquieme-semaine-haussiere\\\/\",\"name\":\"L'or vers une cinqui\u00e8me semaine haussi\u00e8re ? - Gold.fr\",\"isPartOf\":{\"@id\":\"https:\\\/\\\/www.gold.fr\\\/news\\\/#website\"},\"primaryImageOfPage\":{\"@id\":\"https:\\\/\\\/www.gold.fr\\\/news\\\/2014\\\/03\\\/10\\\/lor-vers-une-cinquieme-semaine-haussiere\\\/#primaryimage\"},\"image\":{\"@id\":\"https:\\\/\\\/www.gold.fr\\\/news\\\/2014\\\/03\\\/10\\\/lor-vers-une-cinquieme-semaine-haussiere\\\/#primaryimage\"},\"thumbnailUrl\":\"https:\\\/\\\/www.gold.fr\\\/news\\\/wp-content\\\/uploads\\\/2011\\\/11\\\/102889291-e1362144430490.jpg\",\"datePublished\":\"2014-03-10T12:00:01+00:00\",\"dateModified\":\"2018-02-22T13:41:38+00:00\",\"author\":{\"@id\":\"https:\\\/\\\/www.gold.fr\\\/news\\\/#\\\/schema\\\/person\\\/070491b4b4fb7671bf59b3be20302ce9\"},\"breadcrumb\":{\"@id\":\"https:\\\/\\\/www.gold.fr\\\/news\\\/2014\\\/03\\\/10\\\/lor-vers-une-cinquieme-semaine-haussiere\\\/#breadcrumb\"},\"inLanguage\":\"fr-FR\",\"potentialAction\":[{\"@type\":\"ReadAction\",\"target\":[\"https:\\\/\\\/www.gold.fr\\\/news\\\/2014\\\/03\\\/10\\\/lor-vers-une-cinquieme-semaine-haussiere\\\/\"]}]},{\"@type\":\"ImageObject\",\"inLanguage\":\"fr-FR\",\"@id\":\"https:\\\/\\\/www.gold.fr\\\/news\\\/2014\\\/03\\\/10\\\/lor-vers-une-cinquieme-semaine-haussiere\\\/#primaryimage\",\"url\":\"https:\\\/\\\/www.gold.fr\\\/news\\\/wp-content\\\/uploads\\\/2011\\\/11\\\/102889291-e1362144430490.jpg\",\"contentUrl\":\"https:\\\/\\\/www.gold.fr\\\/news\\\/wp-content\\\/uploads\\\/2011\\\/11\\\/102889291-e1362144430490.jpg\",\"width\":\"600\",\"height\":\"354\",\"caption\":\"L\u2019or toujours aux fronti\u00e8res des 1 300 dollars\"},{\"@type\":\"BreadcrumbList\",\"@id\":\"https:\\\/\\\/www.gold.fr\\\/news\\\/2014\\\/03\\\/10\\\/lor-vers-une-cinquieme-semaine-haussiere\\\/#breadcrumb\",\"itemListElement\":[{\"@type\":\"ListItem\",\"position\":1,\"name\":\"Accueil\",\"item\":\"https:\\\/\\\/www.gold.fr\\\/\"},{\"@type\":\"ListItem\",\"position\":2,\"name\":\"Actualit\u00e9s\",\"item\":\"https:\\\/\\\/www.gold.fr\\\/news\\\/\"},{\"@type\":\"ListItem\",\"position\":3,\"name\":\"L&rsquo;or vers une cinqui\u00e8me semaine haussi\u00e8re ?\"}]},{\"@type\":\"WebSite\",\"@id\":\"https:\\\/\\\/www.gold.fr\\\/news\\\/#website\",\"url\":\"https:\\\/\\\/www.gold.fr\\\/news\\\/\",\"name\":\"Gold.fr\",\"description\":\"Actualit\u00e9s de l&#039;Or et des m\u00e9taux pr\u00e9cieux\",\"potentialAction\":[{\"@type\":\"SearchAction\",\"target\":{\"@type\":\"EntryPoint\",\"urlTemplate\":\"https:\\\/\\\/www.gold.fr\\\/news\\\/?s={search_term_string}\"},\"query-input\":{\"@type\":\"PropertyValueSpecification\",\"valueRequired\":true,\"valueName\":\"search_term_string\"}}],\"inLanguage\":\"fr-FR\"},{\"@type\":\"Person\",\"@id\":\"https:\\\/\\\/www.gold.fr\\\/news\\\/#\\\/schema\\\/person\\\/070491b4b4fb7671bf59b3be20302ce9\",\"name\":\"Comptoir National de l'Or\",\"image\":{\"@type\":\"ImageObject\",\"inLanguage\":\"fr-FR\",\"@id\":\"https:\\\/\\\/secure.gravatar.com\\\/avatar\\\/0a2867fd5abe37bed95d5a65e9d58f01756e11efc68af9888dfc50cfa7f65948?s=96&d=mm&r=gb490554db0a38188709de567aa58480d\",\"url\":\"https:\\\/\\\/secure.gravatar.com\\\/avatar\\\/0a2867fd5abe37bed95d5a65e9d58f01756e11efc68af9888dfc50cfa7f65948?s=96&d=mm&r=g\",\"contentUrl\":\"https:\\\/\\\/secure.gravatar.com\\\/avatar\\\/0a2867fd5abe37bed95d5a65e9d58f01756e11efc68af9888dfc50cfa7f65948?s=96&d=mm&r=g\",\"caption\":\"Comptoir National de l'Or\"},\"description\":\"Notre r\u00e9daction est constitu\u00e9e de membres experts dans les m\u00e9tiers de l'\u00e9conomie et la gestion, des Responsables d'agence Comptoir National de l'Or, des analystes financiers qui publient r\u00e9guli\u00e8rement des \u00e9tudes sur les politiques des banques centrales, le cours de l'or, prix de l'or, cours de l'argent, prix de l'argent, cours du platine, cours du palladium,... la situation en zone euro et l'impact de la strat\u00e9gie mon\u00e9taire de la FED. Notre \u00e9quipe scrute \u00e9galement une information plus g\u00e9n\u00e9raliste \u00e0 la recherche d'actualit\u00e9 \\\"p\u00e9pite\\\" \u00e0 vous partager. Depuis 5 ans, nous avons publi\u00e9 un peu plus de 4000 articles qui s'adressent \u00e0 un public large et vari\u00e9 ayant pour objectif de satisfaire votre curiosit\u00e9 et de partager avec vous une certaine fascination pour le m\u00e9tal jaune, le rachat d'or, et pour ceux qui veulent investir dans l'or, vendre leur or tout simplement en savoir plus... Pour tous vos achat or et argent, n'h\u00e9sitez pas \u00e0 prendre rendez-vous dans l'un de nos nombreux comptoirs.\",\"sameAs\":[\"https:\\\/\\\/www.gold.fr\"]}]}<\/script>\n<!-- \/ Yoast SEO plugin. -->","yoast_head_json":{"title":"L'or vers une cinqui\u00e8me semaine haussi\u00e8re ? - Gold.fr","robots":{"index":"index","follow":"follow","max-snippet":"max-snippet:-1","max-image-preview":"max-image-preview:large","max-video-preview":"max-video-preview:-1"},"canonical":"https:\/\/www.gold.fr\/news\/2014\/03\/10\/lor-vers-une-cinquieme-semaine-haussiere\/","og_locale":"fr_FR","og_type":"article","og_title":"L'or vers une cinqui\u00e8me semaine haussi\u00e8re ? - Gold.fr","og_description":"Seule la s\u00e9ance de vendredi prochain nous le dira, mais tous les pronostics pointent d\u00e9sormais vers cette finalit\u00e9, puisque le m\u00e9tal jaune vient de cl\u00f4turer un mois boursier dans le vert. Les raisons ? D&rsquo;apr\u00e8s les [&hellip;]","og_url":"https:\/\/www.gold.fr\/news\/2014\/03\/10\/lor-vers-une-cinquieme-semaine-haussiere\/","og_site_name":"Gold.fr","article_publisher":"https:\/\/www.facebook.com\/Goldfr\/","article_published_time":"2014-03-10T12:00:01+00:00","article_modified_time":"2018-02-22T13:41:38+00:00","og_image":[{"width":600,"height":354,"url":"https:\/\/www.gold.fr\/news\/wp-content\/uploads\/2011\/11\/102889291-e1362144430490.jpg","type":"image\/jpeg"}],"author":"Comptoir National de l'Or","twitter_card":"summary_large_image","twitter_misc":{"\u00c9crit par":"Comptoir National de l'Or","Dur\u00e9e de lecture estim\u00e9e":"1 minute"},"schema":{"@context":"https:\/\/schema.org","@graph":[{"@type":"Article","@id":"https:\/\/www.gold.fr\/news\/2014\/03\/10\/lor-vers-une-cinquieme-semaine-haussiere\/#article","isPartOf":{"@id":"https:\/\/www.gold.fr\/news\/2014\/03\/10\/lor-vers-une-cinquieme-semaine-haussiere\/"},"author":{"name":"Comptoir National de l'Or","@id":"https:\/\/www.gold.fr\/news\/#\/schema\/person\/070491b4b4fb7671bf59b3be20302ce9"},"headline":"L&rsquo;or vers une cinqui\u00e8me semaine haussi\u00e8re ?","datePublished":"2014-03-10T12:00:01+00:00","dateModified":"2018-02-22T13:41:38+00:00","mainEntityOfPage":{"@id":"https:\/\/www.gold.fr\/news\/2014\/03\/10\/lor-vers-une-cinquieme-semaine-haussiere\/"},"wordCount":194,"commentCount":0,"image":{"@id":"https:\/\/www.gold.fr\/news\/2014\/03\/10\/lor-vers-une-cinquieme-semaine-haussiere\/#primaryimage"},"thumbnailUrl":"https:\/\/www.gold.fr\/news\/wp-content\/uploads\/2011\/11\/102889291-e1362144430490.jpg","keywords":["cours de l'or de bourse","Tout Cours de l'Or","_Cours de l\u2019Or_Footer_","_Home page Footer_"],"articleSection":["Flash infos"],"inLanguage":"fr-FR"},{"@type":"WebPage","@id":"https:\/\/www.gold.fr\/news\/2014\/03\/10\/lor-vers-une-cinquieme-semaine-haussiere\/","url":"https:\/\/www.gold.fr\/news\/2014\/03\/10\/lor-vers-une-cinquieme-semaine-haussiere\/","name":"L'or vers une cinqui\u00e8me semaine haussi\u00e8re ? - Gold.fr","isPartOf":{"@id":"https:\/\/www.gold.fr\/news\/#website"},"primaryImageOfPage":{"@id":"https:\/\/www.gold.fr\/news\/2014\/03\/10\/lor-vers-une-cinquieme-semaine-haussiere\/#primaryimage"},"image":{"@id":"https:\/\/www.gold.fr\/news\/2014\/03\/10\/lor-vers-une-cinquieme-semaine-haussiere\/#primaryimage"},"thumbnailUrl":"https:\/\/www.gold.fr\/news\/wp-content\/uploads\/2011\/11\/102889291-e1362144430490.jpg","datePublished":"2014-03-10T12:00:01+00:00","dateModified":"2018-02-22T13:41:38+00:00","author":{"@id":"https:\/\/www.gold.fr\/news\/#\/schema\/person\/070491b4b4fb7671bf59b3be20302ce9"},"breadcrumb":{"@id":"https:\/\/www.gold.fr\/news\/2014\/03\/10\/lor-vers-une-cinquieme-semaine-haussiere\/#breadcrumb"},"inLanguage":"fr-FR","potentialAction":[{"@type":"ReadAction","target":["https:\/\/www.gold.fr\/news\/2014\/03\/10\/lor-vers-une-cinquieme-semaine-haussiere\/"]}]},{"@type":"ImageObject","inLanguage":"fr-FR","@id":"https:\/\/www.gold.fr\/news\/2014\/03\/10\/lor-vers-une-cinquieme-semaine-haussiere\/#primaryimage","url":"https:\/\/www.gold.fr\/news\/wp-content\/uploads\/2011\/11\/102889291-e1362144430490.jpg","contentUrl":"https:\/\/www.gold.fr\/news\/wp-content\/uploads\/2011\/11\/102889291-e1362144430490.jpg","width":"600","height":"354","caption":"L\u2019or toujours aux fronti\u00e8res des 1 300 dollars"},{"@type":"BreadcrumbList","@id":"https:\/\/www.gold.fr\/news\/2014\/03\/10\/lor-vers-une-cinquieme-semaine-haussiere\/#breadcrumb","itemListElement":[{"@type":"ListItem","position":1,"name":"Accueil","item":"https:\/\/www.gold.fr\/"},{"@type":"ListItem","position":2,"name":"Actualit\u00e9s","item":"https:\/\/www.gold.fr\/news\/"},{"@type":"ListItem","position":3,"name":"L&rsquo;or vers une cinqui\u00e8me semaine haussi\u00e8re ?"}]},{"@type":"WebSite","@id":"https:\/\/www.gold.fr\/news\/#website","url":"https:\/\/www.gold.fr\/news\/","name":"Gold.fr","description":"Actualit\u00e9s de l&#039;Or et des m\u00e9taux pr\u00e9cieux","potentialAction":[{"@type":"SearchAction","target":{"@type":"EntryPoint","urlTemplate":"https:\/\/www.gold.fr\/news\/?s={search_term_string}"},"query-input":{"@type":"PropertyValueSpecification","valueRequired":true,"valueName":"search_term_string"}}],"inLanguage":"fr-FR"},{"@type":"Person","@id":"https:\/\/www.gold.fr\/news\/#\/schema\/person\/070491b4b4fb7671bf59b3be20302ce9","name":"Comptoir National de l'Or","image":{"@type":"ImageObject","inLanguage":"fr-FR","@id":"https:\/\/secure.gravatar.com\/avatar\/0a2867fd5abe37bed95d5a65e9d58f01756e11efc68af9888dfc50cfa7f65948?s=96&d=mm&r=gb490554db0a38188709de567aa58480d","url":"https:\/\/secure.gravatar.com\/avatar\/0a2867fd5abe37bed95d5a65e9d58f01756e11efc68af9888dfc50cfa7f65948?s=96&d=mm&r=g","contentUrl":"https:\/\/secure.gravatar.com\/avatar\/0a2867fd5abe37bed95d5a65e9d58f01756e11efc68af9888dfc50cfa7f65948?s=96&d=mm&r=g","caption":"Comptoir National de l'Or"},"description":"Notre r\u00e9daction est constitu\u00e9e de membres experts dans les m\u00e9tiers de l'\u00e9conomie et la gestion, des Responsables d'agence Comptoir National de l'Or, des analystes financiers qui publient r\u00e9guli\u00e8rement des \u00e9tudes sur les politiques des banques centrales, le cours de l'or, prix de l'or, cours de l'argent, prix de l'argent, cours du platine, cours du palladium,... la situation en zone euro et l'impact de la strat\u00e9gie mon\u00e9taire de la FED. Notre \u00e9quipe scrute \u00e9galement une information plus g\u00e9n\u00e9raliste \u00e0 la recherche d'actualit\u00e9 \"p\u00e9pite\" \u00e0 vous partager. Depuis 5 ans, nous avons publi\u00e9 un peu plus de 4000 articles qui s'adressent \u00e0 un public large et vari\u00e9 ayant pour objectif de satisfaire votre curiosit\u00e9 et de partager avec vous une certaine fascination pour le m\u00e9tal jaune, le rachat d'or, et pour ceux qui veulent investir dans l'or, vendre leur or tout simplement en savoir plus... Pour tous vos achat or et argent, n'h\u00e9sitez pas \u00e0 prendre rendez-vous dans l'un de nos nombreux comptoirs.","sameAs":["https:\/\/www.gold.fr"]}]}},"authors":[{"term_id":2565,"user_id":18,"is_guest":0,"slug":"julie","display_name":"Comptoir National de l'Or","avatar_url":"https:\/\/secure.gravatar.com\/avatar\/713f289e398d35ead876c4a4cc08607f0d6d266058cfc25683fffb6092d0e572?s=96&d=mm&r=g","0":null,"1":"","2":"","3":"","4":"","5":"","6":"","7":"","8":""}],"_links":{"self":[{"href":"https:\/\/www.gold.fr\/news\/wp-json\/wp\/v2\/posts\/14124","targetHints":{"allow":["GET"]}}],"collection":[{"href":"https:\/\/www.gold.fr\/news\/wp-json\/wp\/v2\/posts"}],"about":[{"href":"https:\/\/www.gold.fr\/news\/wp-json\/wp\/v2\/types\/post"}],"author":[{"embeddable":true,"href":"https:\/\/www.gold.fr\/news\/wp-json\/wp\/v2\/users\/18"}],"replies":[{"embeddable":true,"href":"https:\/\/www.gold.fr\/news\/wp-json\/wp\/v2\/comments?post=14124"}],"version-history":[{"count":0,"href":"https:\/\/www.gold.fr\/news\/wp-json\/wp\/v2\/posts\/14124\/revisions"}],"wp:featuredmedia":[{"embeddable":true,"href":"https:\/\/www.gold.fr\/news\/wp-json\/wp\/v2\/media\/3917"}],"wp:attachment":[{"href":"https:\/\/www.gold.fr\/news\/wp-json\/wp\/v2\/media?parent=14124"}],"wp:term":[{"taxonomy":"category","embeddable":true,"href":"https:\/\/www.gold.fr\/news\/wp-json\/wp\/v2\/categories?post=14124"},{"taxonomy":"post_tag","embeddable":true,"href":"https:\/\/www.gold.fr\/news\/wp-json\/wp\/v2\/tags?post=14124"},{"taxonomy":"author","embeddable":true,"href":"https:\/\/www.gold.fr\/news\/wp-json\/wp\/v2\/ppma_author?post=14124"}],"curies":[{"name":"wp","href":"https:\/\/api.w.org\/{rel}","templated":true}]}}