{"id":14096,"date":"2014-03-06T17:00:33","date_gmt":"2014-03-06T16:00:33","guid":{"rendered":"https:\/\/www.gold.fr\/news\/?p=14096"},"modified":"2018-02-22T14:41:42","modified_gmt":"2018-02-22T13:41:42","slug":"les-marches-financiers-entre-attentisme-ukrainien-et-economique","status":"publish","type":"post","link":"https:\/\/www.gold.fr\/news\/2014\/03\/06\/les-marches-financiers-entre-attentisme-ukrainien-et-economique\/","title":{"rendered":"Les march\u00e9s financiers entre attentisme ukrainien et \u00e9conomique"},"content":{"rendered":"<p><img loading=\"lazy\" decoding=\"async\" class=\"alignleft size-thumbnail wp-image-11394\" title=\"Les march\u00e9s financiers entre attentisme ukrainien et \u00e9conomique\" src=\"https:\/\/www.gold.fr\/news\/wp-content\/uploads\/2013\/04\/piece-or-balance-150x150.jpg\" alt=\"\" width=\"150\" height=\"150\" \/><span style=\"font-size: small;\">Ce qui confirme donc le sentiment de m\u00e9fiance planant sur l\u2019ensemble des principales places boursi\u00e8res mondiales, depuis plusieurs s\u00e9ances. Entre <a title=\"Le calme relatif en Crim\u00e9e impose une halte au rallye aurif\u00e8re\" href=\"https:\/\/www.gold.fr\/news\/2014\/03\/06\/le-calme-relatif-en-crimee-impose-une-halte-au-rallye-aurifere\/14094\/\" target=\"_blank\">une situation russo-ukrainienne encore pr\u00e9caire<\/a> \u2013 bien que relativement calm\u00e9e \u2013 et <a title=\"Les march\u00e9s am\u00e9ricains r\u00e9sistent \u00e0 la crise\" href=\"https:\/\/www.gold.fr\/news\/2014\/03\/04\/les-marches-americains-resistent-a-la-crise\/14068\/\" target=\"_blank\">des r\u00e9sultats plus ou moins importants<\/a> dont la publication est pr\u00e9vue d\u2019ici la fin de la semaine, les investisseurs maintiennent un \u00e9tat d\u2019attentisme compr\u00e9hensible et justifi\u00e9.<\/span>    <span style=\"font-size: small;\"> C\u00f4t\u00e9 rapports officiels, on guettera notamment, en Europe, les diff\u00e9rents indices <strong>PMI<\/strong> d\u00e9finitifs des services pour la zone euro (mois de f\u00e9vrier), que les experts qualifient de \u00ab\u00a0<em>donn\u00e9es qui devraient confirmer le sc\u00e9nario d&rsquo;un redressement de l&rsquo;activit\u00e9 en<\/em> Europe\u00a0\u00bb. Par ailleurs, seront \u00e9galement attendus les r\u00e9sultats chiffr\u00e9s relatifs aux ventes de d\u00e9tail et de la deuxi\u00e8me estimation du <strong>PIB<\/strong> du 4\u00e8me trimestre de la zone euro, \u00ab\u00a0<em>toujours dans l&rsquo;optique d&rsquo;une confirmation de la reprise sur le Vieux Continent\u00a0<\/em>\u00bb. De l\u2019autre c\u00f4t\u00e9 de l\u2019Atlantique, <a title=\"De nouveaux r\u00e9sultats US au service de l\u2019or\" href=\"https:\/\/www.gold.fr\/news\/2014\/03\/03\/de-nouveaux-resultats-us-au-service-de-lor\/14053\/\" target=\"_blank\">ce sont les chiffres US de l&rsquo;enqu\u00eate ADP sur l&#8217;emploi priv\u00e9<\/a>, l&rsquo;ISM services, mais aussi les derniers stocks de p\u00e9trole qui sont actuellement sous les feux de la rampe.<\/span>    <span style=\"font-size: small;\"> Quant \u00e0 la crise en <strong>Crim\u00e9e<\/strong>, il faut admettre que le calme relatif de la situation continue \u00e0 pr\u00e9sager une temp\u00eate sous-jacente. En effet, bien que Vladimir Poutine ait exclu, \u00ab <em>pour le moment, une intervention militaire conte l&rsquo;Ukraine<\/em>\u00a0\u00bb lors de sa r\u00e9cente conf\u00e9rence de presse, le pr\u00e9sident russe a maintenu un ton assez mena\u00e7ant en rappelant \u00ab <em>que les troupes pr\u00e9sum\u00e9es sans insigne en Crim\u00e9e \u00e9taient des forces d&rsquo;auto-d\u00e9fense (et non des militaires russes), et en annon\u00e7ant que le rabais octroy\u00e9 \u00e0 l&rsquo;Ukraine sur le prix du gaz sera remis en cause<\/em>\u00a0\u00bb.<\/span><\/p>\n<!-- AddThis Advanced Settings generic via filter on the_content --><!-- AddThis Share Buttons generic via filter on the_content -->","protected":false},"excerpt":{"rendered":"<p>Ce qui confirme donc le sentiment de m\u00e9fiance planant sur l\u2019ensemble des principales places boursi\u00e8res mondiales, depuis plusieurs s\u00e9ances. Entre une situation russo-ukrainienne encore pr\u00e9caire \u2013 bien que relativement calm\u00e9e \u2013 et des r\u00e9sultats plus ou [&hellip;]<\/p>\n","protected":false},"author":18,"featured_media":11394,"comment_status":"open","ping_status":"open","sticky":false,"template":"","format":"standard","meta":{"_mbp_gutenberg_autopost":false,"_pgmb_is_evergreen":false,"_pgmb_ap_template_id":0,"footnotes":""},"categories":[6],"tags":[1212,1410,1689,1798],"ppma_author":[2565],"class_list":["post-14096","post","type-post","status-publish","format-standard","has-post-thumbnail","hentry","category-articles-de-presse","tag-chiffres-us","tag-marches-financiers","tag-pmi","tag-situation-russo-ukrainienne"],"yoast_head":"<!-- This site is optimized with the Yoast SEO plugin v27.5 - https:\/\/yoast.com\/product\/yoast-seo-wordpress\/ -->\n<title>Les march\u00e9s financiers entre attentisme ukrainien et \u00e9conomique - Gold.fr<\/title>\n<meta name=\"robots\" content=\"index, follow, max-snippet:-1, max-image-preview:large, max-video-preview:-1\" \/>\n<link rel=\"canonical\" href=\"https:\/\/www.gold.fr\/news\/2014\/03\/06\/les-marches-financiers-entre-attentisme-ukrainien-et-economique\/\" \/>\n<meta property=\"og:locale\" content=\"fr_FR\" \/>\n<meta property=\"og:type\" content=\"article\" \/>\n<meta property=\"og:title\" content=\"Les march\u00e9s financiers entre attentisme ukrainien et \u00e9conomique - Gold.fr\" \/>\n<meta property=\"og:description\" content=\"Ce qui confirme donc le sentiment de m\u00e9fiance planant sur l\u2019ensemble des principales places boursi\u00e8res mondiales, depuis plusieurs s\u00e9ances. Entre une situation russo-ukrainienne encore pr\u00e9caire \u2013 bien que relativement calm\u00e9e \u2013 et des r\u00e9sultats plus ou [&hellip;]\" \/>\n<meta property=\"og:url\" content=\"https:\/\/www.gold.fr\/news\/2014\/03\/06\/les-marches-financiers-entre-attentisme-ukrainien-et-economique\/\" \/>\n<meta property=\"og:site_name\" content=\"Gold.fr\" \/>\n<meta property=\"article:publisher\" content=\"https:\/\/www.facebook.com\/Goldfr\/\" \/>\n<meta property=\"article:published_time\" content=\"2014-03-06T16:00:33+00:00\" \/>\n<meta property=\"article:modified_time\" content=\"2018-02-22T13:41:42+00:00\" \/>\n<meta property=\"og:image\" content=\"https:\/\/www.gold.fr\/news\/wp-content\/uploads\/2013\/04\/piece-or-balance.jpg\" \/>\n\t<meta property=\"og:image:width\" content=\"600\" \/>\n\t<meta property=\"og:image:height\" content=\"441\" \/>\n\t<meta property=\"og:image:type\" content=\"image\/jpeg\" \/>\n<meta name=\"author\" content=\"Comptoir National de l&#039;Or\" \/>\n<meta name=\"twitter:card\" content=\"summary_large_image\" \/>\n<meta name=\"twitter:label1\" content=\"\u00c9crit par\" \/>\n\t<meta name=\"twitter:data1\" content=\"Comptoir National de l&#039;Or\" \/>\n\t<meta name=\"twitter:label2\" content=\"Dur\u00e9e de lecture estim\u00e9e\" \/>\n\t<meta name=\"twitter:data2\" content=\"1 minute\" \/>\n<script type=\"application\/ld+json\" class=\"yoast-schema-graph\">{\"@context\":\"https:\\\/\\\/schema.org\",\"@graph\":[{\"@type\":\"Article\",\"@id\":\"https:\\\/\\\/www.gold.fr\\\/news\\\/2014\\\/03\\\/06\\\/les-marches-financiers-entre-attentisme-ukrainien-et-economique\\\/#article\",\"isPartOf\":{\"@id\":\"https:\\\/\\\/www.gold.fr\\\/news\\\/2014\\\/03\\\/06\\\/les-marches-financiers-entre-attentisme-ukrainien-et-economique\\\/\"},\"author\":{\"name\":\"Comptoir National de l'Or\",\"@id\":\"https:\\\/\\\/www.gold.fr\\\/news\\\/#\\\/schema\\\/person\\\/070491b4b4fb7671bf59b3be20302ce9\"},\"headline\":\"Les march\u00e9s financiers entre attentisme ukrainien et \u00e9conomique\",\"datePublished\":\"2014-03-06T16:00:33+00:00\",\"dateModified\":\"2018-02-22T13:41:42+00:00\",\"mainEntityOfPage\":{\"@id\":\"https:\\\/\\\/www.gold.fr\\\/news\\\/2014\\\/03\\\/06\\\/les-marches-financiers-entre-attentisme-ukrainien-et-economique\\\/\"},\"wordCount\":313,\"commentCount\":0,\"image\":{\"@id\":\"https:\\\/\\\/www.gold.fr\\\/news\\\/2014\\\/03\\\/06\\\/les-marches-financiers-entre-attentisme-ukrainien-et-economique\\\/#primaryimage\"},\"thumbnailUrl\":\"https:\\\/\\\/www.gold.fr\\\/news\\\/wp-content\\\/uploads\\\/2013\\\/04\\\/piece-or-balance.jpg\",\"keywords\":[\"chiffres US\",\"march\u00e9s financiers\",\"PMI\",\"situation russo-ukrainienne\"],\"articleSection\":[\"Articles de presse\"],\"inLanguage\":\"fr-FR\"},{\"@type\":\"WebPage\",\"@id\":\"https:\\\/\\\/www.gold.fr\\\/news\\\/2014\\\/03\\\/06\\\/les-marches-financiers-entre-attentisme-ukrainien-et-economique\\\/\",\"url\":\"https:\\\/\\\/www.gold.fr\\\/news\\\/2014\\\/03\\\/06\\\/les-marches-financiers-entre-attentisme-ukrainien-et-economique\\\/\",\"name\":\"Les march\u00e9s financiers entre attentisme ukrainien et \u00e9conomique - Gold.fr\",\"isPartOf\":{\"@id\":\"https:\\\/\\\/www.gold.fr\\\/news\\\/#website\"},\"primaryImageOfPage\":{\"@id\":\"https:\\\/\\\/www.gold.fr\\\/news\\\/2014\\\/03\\\/06\\\/les-marches-financiers-entre-attentisme-ukrainien-et-economique\\\/#primaryimage\"},\"image\":{\"@id\":\"https:\\\/\\\/www.gold.fr\\\/news\\\/2014\\\/03\\\/06\\\/les-marches-financiers-entre-attentisme-ukrainien-et-economique\\\/#primaryimage\"},\"thumbnailUrl\":\"https:\\\/\\\/www.gold.fr\\\/news\\\/wp-content\\\/uploads\\\/2013\\\/04\\\/piece-or-balance.jpg\",\"datePublished\":\"2014-03-06T16:00:33+00:00\",\"dateModified\":\"2018-02-22T13:41:42+00:00\",\"author\":{\"@id\":\"https:\\\/\\\/www.gold.fr\\\/news\\\/#\\\/schema\\\/person\\\/070491b4b4fb7671bf59b3be20302ce9\"},\"breadcrumb\":{\"@id\":\"https:\\\/\\\/www.gold.fr\\\/news\\\/2014\\\/03\\\/06\\\/les-marches-financiers-entre-attentisme-ukrainien-et-economique\\\/#breadcrumb\"},\"inLanguage\":\"fr-FR\",\"potentialAction\":[{\"@type\":\"ReadAction\",\"target\":[\"https:\\\/\\\/www.gold.fr\\\/news\\\/2014\\\/03\\\/06\\\/les-marches-financiers-entre-attentisme-ukrainien-et-economique\\\/\"]}]},{\"@type\":\"ImageObject\",\"inLanguage\":\"fr-FR\",\"@id\":\"https:\\\/\\\/www.gold.fr\\\/news\\\/2014\\\/03\\\/06\\\/les-marches-financiers-entre-attentisme-ukrainien-et-economique\\\/#primaryimage\",\"url\":\"https:\\\/\\\/www.gold.fr\\\/news\\\/wp-content\\\/uploads\\\/2013\\\/04\\\/piece-or-balance.jpg\",\"contentUrl\":\"https:\\\/\\\/www.gold.fr\\\/news\\\/wp-content\\\/uploads\\\/2013\\\/04\\\/piece-or-balance.jpg\",\"width\":\"600\",\"height\":\"441\",\"caption\":\"L\u2019once en \u00e9quilibre suite \u00e0 la publication du rapport de la Fed\"},{\"@type\":\"BreadcrumbList\",\"@id\":\"https:\\\/\\\/www.gold.fr\\\/news\\\/2014\\\/03\\\/06\\\/les-marches-financiers-entre-attentisme-ukrainien-et-economique\\\/#breadcrumb\",\"itemListElement\":[{\"@type\":\"ListItem\",\"position\":1,\"name\":\"Accueil\",\"item\":\"https:\\\/\\\/www.gold.fr\\\/\"},{\"@type\":\"ListItem\",\"position\":2,\"name\":\"Actualit\u00e9s\",\"item\":\"https:\\\/\\\/www.gold.fr\\\/news\\\/\"},{\"@type\":\"ListItem\",\"position\":3,\"name\":\"Les march\u00e9s financiers entre attentisme ukrainien et \u00e9conomique\"}]},{\"@type\":\"WebSite\",\"@id\":\"https:\\\/\\\/www.gold.fr\\\/news\\\/#website\",\"url\":\"https:\\\/\\\/www.gold.fr\\\/news\\\/\",\"name\":\"Gold.fr\",\"description\":\"Actualit\u00e9s de l&#039;Or et des m\u00e9taux pr\u00e9cieux\",\"potentialAction\":[{\"@type\":\"SearchAction\",\"target\":{\"@type\":\"EntryPoint\",\"urlTemplate\":\"https:\\\/\\\/www.gold.fr\\\/news\\\/?s={search_term_string}\"},\"query-input\":{\"@type\":\"PropertyValueSpecification\",\"valueRequired\":true,\"valueName\":\"search_term_string\"}}],\"inLanguage\":\"fr-FR\"},{\"@type\":\"Person\",\"@id\":\"https:\\\/\\\/www.gold.fr\\\/news\\\/#\\\/schema\\\/person\\\/070491b4b4fb7671bf59b3be20302ce9\",\"name\":\"Comptoir National de l'Or\",\"image\":{\"@type\":\"ImageObject\",\"inLanguage\":\"fr-FR\",\"@id\":\"https:\\\/\\\/secure.gravatar.com\\\/avatar\\\/0a2867fd5abe37bed95d5a65e9d58f01756e11efc68af9888dfc50cfa7f65948?s=96&d=mm&r=gb490554db0a38188709de567aa58480d\",\"url\":\"https:\\\/\\\/secure.gravatar.com\\\/avatar\\\/0a2867fd5abe37bed95d5a65e9d58f01756e11efc68af9888dfc50cfa7f65948?s=96&d=mm&r=g\",\"contentUrl\":\"https:\\\/\\\/secure.gravatar.com\\\/avatar\\\/0a2867fd5abe37bed95d5a65e9d58f01756e11efc68af9888dfc50cfa7f65948?s=96&d=mm&r=g\",\"caption\":\"Comptoir National de l'Or\"},\"description\":\"Notre r\u00e9daction est constitu\u00e9e de membres experts dans les m\u00e9tiers de l'\u00e9conomie et la gestion, des Responsables d'agence Comptoir National de l'Or, des analystes financiers qui publient r\u00e9guli\u00e8rement des \u00e9tudes sur les politiques des banques centrales, le cours de l'or, prix de l'or, cours de l'argent, prix de l'argent, cours du platine, cours du palladium,... la situation en zone euro et l'impact de la strat\u00e9gie mon\u00e9taire de la FED. Notre \u00e9quipe scrute \u00e9galement une information plus g\u00e9n\u00e9raliste \u00e0 la recherche d'actualit\u00e9 \\\"p\u00e9pite\\\" \u00e0 vous partager. Depuis 5 ans, nous avons publi\u00e9 un peu plus de 4000 articles qui s'adressent \u00e0 un public large et vari\u00e9 ayant pour objectif de satisfaire votre curiosit\u00e9 et de partager avec vous une certaine fascination pour le m\u00e9tal jaune, le rachat d'or, et pour ceux qui veulent investir dans l'or, vendre leur or tout simplement en savoir plus... Pour tous vos achat or et argent, n'h\u00e9sitez pas \u00e0 prendre rendez-vous dans l'un de nos nombreux comptoirs.\",\"sameAs\":[\"https:\\\/\\\/www.gold.fr\"]}]}<\/script>\n<!-- \/ Yoast SEO plugin. -->","yoast_head_json":{"title":"Les march\u00e9s financiers entre attentisme ukrainien et \u00e9conomique - Gold.fr","robots":{"index":"index","follow":"follow","max-snippet":"max-snippet:-1","max-image-preview":"max-image-preview:large","max-video-preview":"max-video-preview:-1"},"canonical":"https:\/\/www.gold.fr\/news\/2014\/03\/06\/les-marches-financiers-entre-attentisme-ukrainien-et-economique\/","og_locale":"fr_FR","og_type":"article","og_title":"Les march\u00e9s financiers entre attentisme ukrainien et \u00e9conomique - Gold.fr","og_description":"Ce qui confirme donc le sentiment de m\u00e9fiance planant sur l\u2019ensemble des principales places boursi\u00e8res mondiales, depuis plusieurs s\u00e9ances. Entre une situation russo-ukrainienne encore pr\u00e9caire \u2013 bien que relativement calm\u00e9e \u2013 et des r\u00e9sultats plus ou [&hellip;]","og_url":"https:\/\/www.gold.fr\/news\/2014\/03\/06\/les-marches-financiers-entre-attentisme-ukrainien-et-economique\/","og_site_name":"Gold.fr","article_publisher":"https:\/\/www.facebook.com\/Goldfr\/","article_published_time":"2014-03-06T16:00:33+00:00","article_modified_time":"2018-02-22T13:41:42+00:00","og_image":[{"width":600,"height":441,"url":"https:\/\/www.gold.fr\/news\/wp-content\/uploads\/2013\/04\/piece-or-balance.jpg","type":"image\/jpeg"}],"author":"Comptoir National de l'Or","twitter_card":"summary_large_image","twitter_misc":{"\u00c9crit par":"Comptoir National de l'Or","Dur\u00e9e de lecture estim\u00e9e":"1 minute"},"schema":{"@context":"https:\/\/schema.org","@graph":[{"@type":"Article","@id":"https:\/\/www.gold.fr\/news\/2014\/03\/06\/les-marches-financiers-entre-attentisme-ukrainien-et-economique\/#article","isPartOf":{"@id":"https:\/\/www.gold.fr\/news\/2014\/03\/06\/les-marches-financiers-entre-attentisme-ukrainien-et-economique\/"},"author":{"name":"Comptoir National de l'Or","@id":"https:\/\/www.gold.fr\/news\/#\/schema\/person\/070491b4b4fb7671bf59b3be20302ce9"},"headline":"Les march\u00e9s financiers entre attentisme ukrainien et \u00e9conomique","datePublished":"2014-03-06T16:00:33+00:00","dateModified":"2018-02-22T13:41:42+00:00","mainEntityOfPage":{"@id":"https:\/\/www.gold.fr\/news\/2014\/03\/06\/les-marches-financiers-entre-attentisme-ukrainien-et-economique\/"},"wordCount":313,"commentCount":0,"image":{"@id":"https:\/\/www.gold.fr\/news\/2014\/03\/06\/les-marches-financiers-entre-attentisme-ukrainien-et-economique\/#primaryimage"},"thumbnailUrl":"https:\/\/www.gold.fr\/news\/wp-content\/uploads\/2013\/04\/piece-or-balance.jpg","keywords":["chiffres US","march\u00e9s financiers","PMI","situation russo-ukrainienne"],"articleSection":["Articles de presse"],"inLanguage":"fr-FR"},{"@type":"WebPage","@id":"https:\/\/www.gold.fr\/news\/2014\/03\/06\/les-marches-financiers-entre-attentisme-ukrainien-et-economique\/","url":"https:\/\/www.gold.fr\/news\/2014\/03\/06\/les-marches-financiers-entre-attentisme-ukrainien-et-economique\/","name":"Les march\u00e9s financiers entre attentisme ukrainien et \u00e9conomique - Gold.fr","isPartOf":{"@id":"https:\/\/www.gold.fr\/news\/#website"},"primaryImageOfPage":{"@id":"https:\/\/www.gold.fr\/news\/2014\/03\/06\/les-marches-financiers-entre-attentisme-ukrainien-et-economique\/#primaryimage"},"image":{"@id":"https:\/\/www.gold.fr\/news\/2014\/03\/06\/les-marches-financiers-entre-attentisme-ukrainien-et-economique\/#primaryimage"},"thumbnailUrl":"https:\/\/www.gold.fr\/news\/wp-content\/uploads\/2013\/04\/piece-or-balance.jpg","datePublished":"2014-03-06T16:00:33+00:00","dateModified":"2018-02-22T13:41:42+00:00","author":{"@id":"https:\/\/www.gold.fr\/news\/#\/schema\/person\/070491b4b4fb7671bf59b3be20302ce9"},"breadcrumb":{"@id":"https:\/\/www.gold.fr\/news\/2014\/03\/06\/les-marches-financiers-entre-attentisme-ukrainien-et-economique\/#breadcrumb"},"inLanguage":"fr-FR","potentialAction":[{"@type":"ReadAction","target":["https:\/\/www.gold.fr\/news\/2014\/03\/06\/les-marches-financiers-entre-attentisme-ukrainien-et-economique\/"]}]},{"@type":"ImageObject","inLanguage":"fr-FR","@id":"https:\/\/www.gold.fr\/news\/2014\/03\/06\/les-marches-financiers-entre-attentisme-ukrainien-et-economique\/#primaryimage","url":"https:\/\/www.gold.fr\/news\/wp-content\/uploads\/2013\/04\/piece-or-balance.jpg","contentUrl":"https:\/\/www.gold.fr\/news\/wp-content\/uploads\/2013\/04\/piece-or-balance.jpg","width":"600","height":"441","caption":"L\u2019once en \u00e9quilibre suite \u00e0 la publication du rapport de la Fed"},{"@type":"BreadcrumbList","@id":"https:\/\/www.gold.fr\/news\/2014\/03\/06\/les-marches-financiers-entre-attentisme-ukrainien-et-economique\/#breadcrumb","itemListElement":[{"@type":"ListItem","position":1,"name":"Accueil","item":"https:\/\/www.gold.fr\/"},{"@type":"ListItem","position":2,"name":"Actualit\u00e9s","item":"https:\/\/www.gold.fr\/news\/"},{"@type":"ListItem","position":3,"name":"Les march\u00e9s financiers entre attentisme ukrainien et \u00e9conomique"}]},{"@type":"WebSite","@id":"https:\/\/www.gold.fr\/news\/#website","url":"https:\/\/www.gold.fr\/news\/","name":"Gold.fr","description":"Actualit\u00e9s de l&#039;Or et des m\u00e9taux pr\u00e9cieux","potentialAction":[{"@type":"SearchAction","target":{"@type":"EntryPoint","urlTemplate":"https:\/\/www.gold.fr\/news\/?s={search_term_string}"},"query-input":{"@type":"PropertyValueSpecification","valueRequired":true,"valueName":"search_term_string"}}],"inLanguage":"fr-FR"},{"@type":"Person","@id":"https:\/\/www.gold.fr\/news\/#\/schema\/person\/070491b4b4fb7671bf59b3be20302ce9","name":"Comptoir National de l'Or","image":{"@type":"ImageObject","inLanguage":"fr-FR","@id":"https:\/\/secure.gravatar.com\/avatar\/0a2867fd5abe37bed95d5a65e9d58f01756e11efc68af9888dfc50cfa7f65948?s=96&d=mm&r=gb490554db0a38188709de567aa58480d","url":"https:\/\/secure.gravatar.com\/avatar\/0a2867fd5abe37bed95d5a65e9d58f01756e11efc68af9888dfc50cfa7f65948?s=96&d=mm&r=g","contentUrl":"https:\/\/secure.gravatar.com\/avatar\/0a2867fd5abe37bed95d5a65e9d58f01756e11efc68af9888dfc50cfa7f65948?s=96&d=mm&r=g","caption":"Comptoir National de l'Or"},"description":"Notre r\u00e9daction est constitu\u00e9e de membres experts dans les m\u00e9tiers de l'\u00e9conomie et la gestion, des Responsables d'agence Comptoir National de l'Or, des analystes financiers qui publient r\u00e9guli\u00e8rement des \u00e9tudes sur les politiques des banques centrales, le cours de l'or, prix de l'or, cours de l'argent, prix de l'argent, cours du platine, cours du palladium,... la situation en zone euro et l'impact de la strat\u00e9gie mon\u00e9taire de la FED. Notre \u00e9quipe scrute \u00e9galement une information plus g\u00e9n\u00e9raliste \u00e0 la recherche d'actualit\u00e9 \"p\u00e9pite\" \u00e0 vous partager. Depuis 5 ans, nous avons publi\u00e9 un peu plus de 4000 articles qui s'adressent \u00e0 un public large et vari\u00e9 ayant pour objectif de satisfaire votre curiosit\u00e9 et de partager avec vous une certaine fascination pour le m\u00e9tal jaune, le rachat d'or, et pour ceux qui veulent investir dans l'or, vendre leur or tout simplement en savoir plus... Pour tous vos achat or et argent, n'h\u00e9sitez pas \u00e0 prendre rendez-vous dans l'un de nos nombreux comptoirs.","sameAs":["https:\/\/www.gold.fr"]}]}},"authors":[{"term_id":2565,"user_id":18,"is_guest":0,"slug":"julie","display_name":"Comptoir National de l'Or","avatar_url":"https:\/\/secure.gravatar.com\/avatar\/713f289e398d35ead876c4a4cc08607f0d6d266058cfc25683fffb6092d0e572?s=96&d=mm&r=g","0":null,"1":"","2":"","3":"","4":"","5":"","6":"","7":"","8":""}],"_links":{"self":[{"href":"https:\/\/www.gold.fr\/news\/wp-json\/wp\/v2\/posts\/14096","targetHints":{"allow":["GET"]}}],"collection":[{"href":"https:\/\/www.gold.fr\/news\/wp-json\/wp\/v2\/posts"}],"about":[{"href":"https:\/\/www.gold.fr\/news\/wp-json\/wp\/v2\/types\/post"}],"author":[{"embeddable":true,"href":"https:\/\/www.gold.fr\/news\/wp-json\/wp\/v2\/users\/18"}],"replies":[{"embeddable":true,"href":"https:\/\/www.gold.fr\/news\/wp-json\/wp\/v2\/comments?post=14096"}],"version-history":[{"count":0,"href":"https:\/\/www.gold.fr\/news\/wp-json\/wp\/v2\/posts\/14096\/revisions"}],"wp:featuredmedia":[{"embeddable":true,"href":"https:\/\/www.gold.fr\/news\/wp-json\/wp\/v2\/media\/11394"}],"wp:attachment":[{"href":"https:\/\/www.gold.fr\/news\/wp-json\/wp\/v2\/media?parent=14096"}],"wp:term":[{"taxonomy":"category","embeddable":true,"href":"https:\/\/www.gold.fr\/news\/wp-json\/wp\/v2\/categories?post=14096"},{"taxonomy":"post_tag","embeddable":true,"href":"https:\/\/www.gold.fr\/news\/wp-json\/wp\/v2\/tags?post=14096"},{"taxonomy":"author","embeddable":true,"href":"https:\/\/www.gold.fr\/news\/wp-json\/wp\/v2\/ppma_author?post=14096"}],"curies":[{"name":"wp","href":"https:\/\/api.w.org\/{rel}","templated":true}]}}