{"id":14068,"date":"2014-03-04T17:00:23","date_gmt":"2014-03-04T16:00:23","guid":{"rendered":"https:\/\/www.gold.fr\/news\/?p=14068"},"modified":"2018-02-22T14:41:46","modified_gmt":"2018-02-22T13:41:46","slug":"les-marches-americains-resistent-a-la-crise","status":"publish","type":"post","link":"https:\/\/www.gold.fr\/news\/2014\/03\/04\/les-marches-americains-resistent-a-la-crise\/","title":{"rendered":"Les march\u00e9s am\u00e9ricains r\u00e9sistent \u00e0 la crise"},"content":{"rendered":"<p><img loading=\"lazy\" decoding=\"async\" class=\"alignleft size-thumbnail wp-image-8820\" title=\"Les march\u00e9s am\u00e9ricains r\u00e9sistent \u00e0 la crise\" src=\"https:\/\/www.gold.fr\/news\/wp-content\/uploads\/2012\/08\/analyse-economique-150x150.jpg\" alt=\"\" width=\"150\" height=\"150\" \/><span style=\"font-size: small;\">En tout cas, la crise peine \u00e0 briser l\u2019euphorie planant, depuis le d\u00e9but de l\u2019ann\u00e9e, sur <strong>Wall Street<\/strong>. Et ce ne sont pourtant pas les facteurs de baisse qui manquent\u00a0; entre le repli marqu\u00e9 du billet vert, <a title=\"L\u2019or continue son ascension, sur fond de stagnation US\" href=\"https:\/\/www.gold.fr\/news\/2014\/02\/25\/lor-continue-son-ascension-sur-fond-de-stagnation-us\/14023\/\" target=\"_blank\">la s\u00e9rie noire de r\u00e9sultats d\u00e9cevants provenant de diff\u00e9rents secteurs \u00e9conomiques US<\/a>, et la crise g\u00e9opolitique sur le point de faire \u00e9clater une guerre r\u00e9gionale entre Ukraine et Russie\u2026difficile de maintenir le cap.<\/span>    <span style=\"font-size: small;\"> Wall Street a toutefois r\u00e9ussi \u00e0 tenir le coup, affichant un vendredi presqu\u2019enti\u00e8rement haussier. Presque\u00a0; la fin de la derni\u00e8re s\u00e9ance de la semaine derni\u00e8re a \u00e9t\u00e9 g\u00e2ch\u00e9e, \u00e0 une heure seulement de la cl\u00f4ture, par les nouvelles alarmantes indiquant \u00ab\u00a0<em>que le torchon br\u00fblait entre <strong>Barack Obama<\/strong> et <strong>Vladimir Poutine<\/strong> au sujet du dossier ukrainien<\/em>\u00a0\u00bb.<\/span>    <span style=\"font-size: small;\"> C\u00f4t\u00e9 comp\u00e9tition <strong>dollar\/euro<\/strong>, c\u2019est l\u2019euro qui devrait l\u2019emporter, cette semaine, dans la mesure o\u00f9 le billet vert vient de marquer un repli sous les <strong>1,3820\/E<\/strong>. Une \u00e9volution qui devrait \u00eatre de bon augure \u00ab\u00a0<em>pour le commerce ext\u00e9rieur US, et la hausse de l&rsquo;Euro<\/em>\u00a0\u00bb, \u00e9tant \u00ab\u00a0<em>un signe d&rsquo;app\u00e9tit pour le risque<\/em>\u00a0\u00bb.<\/span>    <span style=\"font-size: small;\"> Du coup, les \u00e9conomistes pr\u00e9voient unanimement une vague de baisse, pour les march\u00e9s am\u00e9ricains (sur le court \u00e0 moyen terme), avec un \u00e9ventuelle s\u00e9rieuse d\u00e9t\u00e9rioration de la situation \u00ab\u00a0<em>si les indicateurs d&rsquo;activit\u00e9 macro\u00e9conomiques aux Etats-Unis venaient \u00e0 d\u00e9cevoir\u00a0<\/em>\u00bb.<\/span>    <span style=\"font-size: small;\"> C\u2019est donc avec une attention tr\u00e8s particuli\u00e8re qu\u2019on guettera la publication du rapport sur l&#8217;emploi am\u00e9ricain (f\u00e9vrier), pr\u00e9vue pour la fin de cette semaine, au lendemain du\u00a0 d\u00e9but de la traditionnelle r\u00e9union du conseil des gouverneurs de la banque centrale europ\u00e9enne (jeudi).<\/span><\/p>\n<!-- AddThis Advanced Settings generic via filter on the_content --><!-- AddThis Share Buttons generic via filter on the_content -->","protected":false},"excerpt":{"rendered":"<p>En tout cas, la crise peine \u00e0 briser l\u2019euphorie planant, depuis le d\u00e9but de l\u2019ann\u00e9e, sur Wall Street. Et ce ne sont pourtant pas les facteurs de baisse qui manquent\u00a0; entre le repli marqu\u00e9 du billet [&hellip;]<\/p>\n","protected":false},"author":18,"featured_media":8820,"comment_status":"open","ping_status":"open","sticky":false,"template":"","format":"standard","meta":{"_mbp_gutenberg_autopost":false,"_pgmb_is_evergreen":false,"_pgmb_ap_template_id":0,"footnotes":""},"categories":[6],"tags":[1795,1796,986,1521,534],"ppma_author":[2565],"class_list":["post-14068","post","type-post","status-publish","format-standard","has-post-thumbnail","hentry","category-articles-de-presse","tag-dollareuro","tag-emploi-americain","tag-obama","tag-poutine","tag-wall-street"],"yoast_head":"<!-- This site is optimized with the Yoast SEO plugin v27.5 - https:\/\/yoast.com\/product\/yoast-seo-wordpress\/ -->\n<title>Les march\u00e9s am\u00e9ricains r\u00e9sistent \u00e0 la crise - Gold.fr<\/title>\n<meta name=\"robots\" content=\"index, follow, max-snippet:-1, max-image-preview:large, max-video-preview:-1\" \/>\n<link rel=\"canonical\" href=\"https:\/\/www.gold.fr\/news\/2014\/03\/04\/les-marches-americains-resistent-a-la-crise\/\" \/>\n<meta property=\"og:locale\" content=\"fr_FR\" \/>\n<meta property=\"og:type\" content=\"article\" \/>\n<meta property=\"og:title\" content=\"Les march\u00e9s am\u00e9ricains r\u00e9sistent \u00e0 la crise - Gold.fr\" \/>\n<meta property=\"og:description\" content=\"En tout cas, la crise peine \u00e0 briser l\u2019euphorie planant, depuis le d\u00e9but de l\u2019ann\u00e9e, sur Wall Street. Et ce ne sont pourtant pas les facteurs de baisse qui manquent\u00a0; entre le repli marqu\u00e9 du billet [&hellip;]\" \/>\n<meta property=\"og:url\" content=\"https:\/\/www.gold.fr\/news\/2014\/03\/04\/les-marches-americains-resistent-a-la-crise\/\" \/>\n<meta property=\"og:site_name\" content=\"Gold.fr\" \/>\n<meta property=\"article:publisher\" content=\"https:\/\/www.facebook.com\/Goldfr\/\" \/>\n<meta property=\"article:published_time\" content=\"2014-03-04T16:00:23+00:00\" \/>\n<meta property=\"article:modified_time\" content=\"2018-02-22T13:41:46+00:00\" \/>\n<meta property=\"og:image\" content=\"https:\/\/www.gold.fr\/news\/wp-content\/uploads\/2012\/08\/analyse-economique.jpg\" \/>\n\t<meta property=\"og:image:width\" content=\"600\" \/>\n\t<meta property=\"og:image:height\" content=\"401\" \/>\n\t<meta property=\"og:image:type\" content=\"image\/jpeg\" \/>\n<meta name=\"author\" content=\"Comptoir National de l&#039;Or\" \/>\n<meta name=\"twitter:card\" content=\"summary_large_image\" \/>\n<meta name=\"twitter:label1\" content=\"\u00c9crit par\" \/>\n\t<meta name=\"twitter:data1\" content=\"Comptoir National de l&#039;Or\" \/>\n\t<meta name=\"twitter:label2\" content=\"Dur\u00e9e de lecture estim\u00e9e\" \/>\n\t<meta name=\"twitter:data2\" content=\"1 minute\" \/>\n<script type=\"application\/ld+json\" class=\"yoast-schema-graph\">{\"@context\":\"https:\\\/\\\/schema.org\",\"@graph\":[{\"@type\":\"Article\",\"@id\":\"https:\\\/\\\/www.gold.fr\\\/news\\\/2014\\\/03\\\/04\\\/les-marches-americains-resistent-a-la-crise\\\/#article\",\"isPartOf\":{\"@id\":\"https:\\\/\\\/www.gold.fr\\\/news\\\/2014\\\/03\\\/04\\\/les-marches-americains-resistent-a-la-crise\\\/\"},\"author\":{\"name\":\"Comptoir National de l'Or\",\"@id\":\"https:\\\/\\\/www.gold.fr\\\/news\\\/#\\\/schema\\\/person\\\/070491b4b4fb7671bf59b3be20302ce9\"},\"headline\":\"Les march\u00e9s am\u00e9ricains r\u00e9sistent \u00e0 la crise\",\"datePublished\":\"2014-03-04T16:00:23+00:00\",\"dateModified\":\"2018-02-22T13:41:46+00:00\",\"mainEntityOfPage\":{\"@id\":\"https:\\\/\\\/www.gold.fr\\\/news\\\/2014\\\/03\\\/04\\\/les-marches-americains-resistent-a-la-crise\\\/\"},\"wordCount\":310,\"commentCount\":0,\"image\":{\"@id\":\"https:\\\/\\\/www.gold.fr\\\/news\\\/2014\\\/03\\\/04\\\/les-marches-americains-resistent-a-la-crise\\\/#primaryimage\"},\"thumbnailUrl\":\"https:\\\/\\\/www.gold.fr\\\/news\\\/wp-content\\\/uploads\\\/2012\\\/08\\\/analyse-economique.jpg\",\"keywords\":[\"dollar\\\/euro\",\"emploi am\u00e9ricain\",\"Obama\",\"Poutine\",\"wall street\"],\"articleSection\":[\"Articles de presse\"],\"inLanguage\":\"fr-FR\"},{\"@type\":\"WebPage\",\"@id\":\"https:\\\/\\\/www.gold.fr\\\/news\\\/2014\\\/03\\\/04\\\/les-marches-americains-resistent-a-la-crise\\\/\",\"url\":\"https:\\\/\\\/www.gold.fr\\\/news\\\/2014\\\/03\\\/04\\\/les-marches-americains-resistent-a-la-crise\\\/\",\"name\":\"Les march\u00e9s am\u00e9ricains r\u00e9sistent \u00e0 la crise - Gold.fr\",\"isPartOf\":{\"@id\":\"https:\\\/\\\/www.gold.fr\\\/news\\\/#website\"},\"primaryImageOfPage\":{\"@id\":\"https:\\\/\\\/www.gold.fr\\\/news\\\/2014\\\/03\\\/04\\\/les-marches-americains-resistent-a-la-crise\\\/#primaryimage\"},\"image\":{\"@id\":\"https:\\\/\\\/www.gold.fr\\\/news\\\/2014\\\/03\\\/04\\\/les-marches-americains-resistent-a-la-crise\\\/#primaryimage\"},\"thumbnailUrl\":\"https:\\\/\\\/www.gold.fr\\\/news\\\/wp-content\\\/uploads\\\/2012\\\/08\\\/analyse-economique.jpg\",\"datePublished\":\"2014-03-04T16:00:23+00:00\",\"dateModified\":\"2018-02-22T13:41:46+00:00\",\"author\":{\"@id\":\"https:\\\/\\\/www.gold.fr\\\/news\\\/#\\\/schema\\\/person\\\/070491b4b4fb7671bf59b3be20302ce9\"},\"breadcrumb\":{\"@id\":\"https:\\\/\\\/www.gold.fr\\\/news\\\/2014\\\/03\\\/04\\\/les-marches-americains-resistent-a-la-crise\\\/#breadcrumb\"},\"inLanguage\":\"fr-FR\",\"potentialAction\":[{\"@type\":\"ReadAction\",\"target\":[\"https:\\\/\\\/www.gold.fr\\\/news\\\/2014\\\/03\\\/04\\\/les-marches-americains-resistent-a-la-crise\\\/\"]}]},{\"@type\":\"ImageObject\",\"inLanguage\":\"fr-FR\",\"@id\":\"https:\\\/\\\/www.gold.fr\\\/news\\\/2014\\\/03\\\/04\\\/les-marches-americains-resistent-a-la-crise\\\/#primaryimage\",\"url\":\"https:\\\/\\\/www.gold.fr\\\/news\\\/wp-content\\\/uploads\\\/2012\\\/08\\\/analyse-economique.jpg\",\"contentUrl\":\"https:\\\/\\\/www.gold.fr\\\/news\\\/wp-content\\\/uploads\\\/2012\\\/08\\\/analyse-economique.jpg\",\"width\":\"600\",\"height\":\"401\",\"caption\":\"Apple Watch : Nouveau tremplin haussier pour l\u2019or ?\"},{\"@type\":\"BreadcrumbList\",\"@id\":\"https:\\\/\\\/www.gold.fr\\\/news\\\/2014\\\/03\\\/04\\\/les-marches-americains-resistent-a-la-crise\\\/#breadcrumb\",\"itemListElement\":[{\"@type\":\"ListItem\",\"position\":1,\"name\":\"Accueil\",\"item\":\"https:\\\/\\\/www.gold.fr\\\/\"},{\"@type\":\"ListItem\",\"position\":2,\"name\":\"Actualit\u00e9s\",\"item\":\"https:\\\/\\\/www.gold.fr\\\/news\\\/\"},{\"@type\":\"ListItem\",\"position\":3,\"name\":\"Les march\u00e9s am\u00e9ricains r\u00e9sistent \u00e0 la crise\"}]},{\"@type\":\"WebSite\",\"@id\":\"https:\\\/\\\/www.gold.fr\\\/news\\\/#website\",\"url\":\"https:\\\/\\\/www.gold.fr\\\/news\\\/\",\"name\":\"Gold.fr\",\"description\":\"Actualit\u00e9s de l&#039;Or et des m\u00e9taux pr\u00e9cieux\",\"potentialAction\":[{\"@type\":\"SearchAction\",\"target\":{\"@type\":\"EntryPoint\",\"urlTemplate\":\"https:\\\/\\\/www.gold.fr\\\/news\\\/?s={search_term_string}\"},\"query-input\":{\"@type\":\"PropertyValueSpecification\",\"valueRequired\":true,\"valueName\":\"search_term_string\"}}],\"inLanguage\":\"fr-FR\"},{\"@type\":\"Person\",\"@id\":\"https:\\\/\\\/www.gold.fr\\\/news\\\/#\\\/schema\\\/person\\\/070491b4b4fb7671bf59b3be20302ce9\",\"name\":\"Comptoir National de l'Or\",\"image\":{\"@type\":\"ImageObject\",\"inLanguage\":\"fr-FR\",\"@id\":\"https:\\\/\\\/secure.gravatar.com\\\/avatar\\\/0a2867fd5abe37bed95d5a65e9d58f01756e11efc68af9888dfc50cfa7f65948?s=96&d=mm&r=gb490554db0a38188709de567aa58480d\",\"url\":\"https:\\\/\\\/secure.gravatar.com\\\/avatar\\\/0a2867fd5abe37bed95d5a65e9d58f01756e11efc68af9888dfc50cfa7f65948?s=96&d=mm&r=g\",\"contentUrl\":\"https:\\\/\\\/secure.gravatar.com\\\/avatar\\\/0a2867fd5abe37bed95d5a65e9d58f01756e11efc68af9888dfc50cfa7f65948?s=96&d=mm&r=g\",\"caption\":\"Comptoir National de l'Or\"},\"description\":\"Notre r\u00e9daction est constitu\u00e9e de membres experts dans les m\u00e9tiers de l'\u00e9conomie et la gestion, des Responsables d'agence Comptoir National de l'Or, des analystes financiers qui publient r\u00e9guli\u00e8rement des \u00e9tudes sur les politiques des banques centrales, le cours de l'or, prix de l'or, cours de l'argent, prix de l'argent, cours du platine, cours du palladium,... la situation en zone euro et l'impact de la strat\u00e9gie mon\u00e9taire de la FED. Notre \u00e9quipe scrute \u00e9galement une information plus g\u00e9n\u00e9raliste \u00e0 la recherche d'actualit\u00e9 \\\"p\u00e9pite\\\" \u00e0 vous partager. Depuis 5 ans, nous avons publi\u00e9 un peu plus de 4000 articles qui s'adressent \u00e0 un public large et vari\u00e9 ayant pour objectif de satisfaire votre curiosit\u00e9 et de partager avec vous une certaine fascination pour le m\u00e9tal jaune, le rachat d'or, et pour ceux qui veulent investir dans l'or, vendre leur or tout simplement en savoir plus... Pour tous vos achat or et argent, n'h\u00e9sitez pas \u00e0 prendre rendez-vous dans l'un de nos nombreux comptoirs.\",\"sameAs\":[\"https:\\\/\\\/www.gold.fr\"]}]}<\/script>\n<!-- \/ Yoast SEO plugin. -->","yoast_head_json":{"title":"Les march\u00e9s am\u00e9ricains r\u00e9sistent \u00e0 la crise - Gold.fr","robots":{"index":"index","follow":"follow","max-snippet":"max-snippet:-1","max-image-preview":"max-image-preview:large","max-video-preview":"max-video-preview:-1"},"canonical":"https:\/\/www.gold.fr\/news\/2014\/03\/04\/les-marches-americains-resistent-a-la-crise\/","og_locale":"fr_FR","og_type":"article","og_title":"Les march\u00e9s am\u00e9ricains r\u00e9sistent \u00e0 la crise - Gold.fr","og_description":"En tout cas, la crise peine \u00e0 briser l\u2019euphorie planant, depuis le d\u00e9but de l\u2019ann\u00e9e, sur Wall Street. Et ce ne sont pourtant pas les facteurs de baisse qui manquent\u00a0; entre le repli marqu\u00e9 du billet [&hellip;]","og_url":"https:\/\/www.gold.fr\/news\/2014\/03\/04\/les-marches-americains-resistent-a-la-crise\/","og_site_name":"Gold.fr","article_publisher":"https:\/\/www.facebook.com\/Goldfr\/","article_published_time":"2014-03-04T16:00:23+00:00","article_modified_time":"2018-02-22T13:41:46+00:00","og_image":[{"width":600,"height":401,"url":"https:\/\/www.gold.fr\/news\/wp-content\/uploads\/2012\/08\/analyse-economique.jpg","type":"image\/jpeg"}],"author":"Comptoir National de l'Or","twitter_card":"summary_large_image","twitter_misc":{"\u00c9crit par":"Comptoir National de l'Or","Dur\u00e9e de lecture estim\u00e9e":"1 minute"},"schema":{"@context":"https:\/\/schema.org","@graph":[{"@type":"Article","@id":"https:\/\/www.gold.fr\/news\/2014\/03\/04\/les-marches-americains-resistent-a-la-crise\/#article","isPartOf":{"@id":"https:\/\/www.gold.fr\/news\/2014\/03\/04\/les-marches-americains-resistent-a-la-crise\/"},"author":{"name":"Comptoir National de l'Or","@id":"https:\/\/www.gold.fr\/news\/#\/schema\/person\/070491b4b4fb7671bf59b3be20302ce9"},"headline":"Les march\u00e9s am\u00e9ricains r\u00e9sistent \u00e0 la crise","datePublished":"2014-03-04T16:00:23+00:00","dateModified":"2018-02-22T13:41:46+00:00","mainEntityOfPage":{"@id":"https:\/\/www.gold.fr\/news\/2014\/03\/04\/les-marches-americains-resistent-a-la-crise\/"},"wordCount":310,"commentCount":0,"image":{"@id":"https:\/\/www.gold.fr\/news\/2014\/03\/04\/les-marches-americains-resistent-a-la-crise\/#primaryimage"},"thumbnailUrl":"https:\/\/www.gold.fr\/news\/wp-content\/uploads\/2012\/08\/analyse-economique.jpg","keywords":["dollar\/euro","emploi am\u00e9ricain","Obama","Poutine","wall street"],"articleSection":["Articles de presse"],"inLanguage":"fr-FR"},{"@type":"WebPage","@id":"https:\/\/www.gold.fr\/news\/2014\/03\/04\/les-marches-americains-resistent-a-la-crise\/","url":"https:\/\/www.gold.fr\/news\/2014\/03\/04\/les-marches-americains-resistent-a-la-crise\/","name":"Les march\u00e9s am\u00e9ricains r\u00e9sistent \u00e0 la crise - Gold.fr","isPartOf":{"@id":"https:\/\/www.gold.fr\/news\/#website"},"primaryImageOfPage":{"@id":"https:\/\/www.gold.fr\/news\/2014\/03\/04\/les-marches-americains-resistent-a-la-crise\/#primaryimage"},"image":{"@id":"https:\/\/www.gold.fr\/news\/2014\/03\/04\/les-marches-americains-resistent-a-la-crise\/#primaryimage"},"thumbnailUrl":"https:\/\/www.gold.fr\/news\/wp-content\/uploads\/2012\/08\/analyse-economique.jpg","datePublished":"2014-03-04T16:00:23+00:00","dateModified":"2018-02-22T13:41:46+00:00","author":{"@id":"https:\/\/www.gold.fr\/news\/#\/schema\/person\/070491b4b4fb7671bf59b3be20302ce9"},"breadcrumb":{"@id":"https:\/\/www.gold.fr\/news\/2014\/03\/04\/les-marches-americains-resistent-a-la-crise\/#breadcrumb"},"inLanguage":"fr-FR","potentialAction":[{"@type":"ReadAction","target":["https:\/\/www.gold.fr\/news\/2014\/03\/04\/les-marches-americains-resistent-a-la-crise\/"]}]},{"@type":"ImageObject","inLanguage":"fr-FR","@id":"https:\/\/www.gold.fr\/news\/2014\/03\/04\/les-marches-americains-resistent-a-la-crise\/#primaryimage","url":"https:\/\/www.gold.fr\/news\/wp-content\/uploads\/2012\/08\/analyse-economique.jpg","contentUrl":"https:\/\/www.gold.fr\/news\/wp-content\/uploads\/2012\/08\/analyse-economique.jpg","width":"600","height":"401","caption":"Apple Watch : Nouveau tremplin haussier pour l\u2019or ?"},{"@type":"BreadcrumbList","@id":"https:\/\/www.gold.fr\/news\/2014\/03\/04\/les-marches-americains-resistent-a-la-crise\/#breadcrumb","itemListElement":[{"@type":"ListItem","position":1,"name":"Accueil","item":"https:\/\/www.gold.fr\/"},{"@type":"ListItem","position":2,"name":"Actualit\u00e9s","item":"https:\/\/www.gold.fr\/news\/"},{"@type":"ListItem","position":3,"name":"Les march\u00e9s am\u00e9ricains r\u00e9sistent \u00e0 la crise"}]},{"@type":"WebSite","@id":"https:\/\/www.gold.fr\/news\/#website","url":"https:\/\/www.gold.fr\/news\/","name":"Gold.fr","description":"Actualit\u00e9s de l&#039;Or et des m\u00e9taux pr\u00e9cieux","potentialAction":[{"@type":"SearchAction","target":{"@type":"EntryPoint","urlTemplate":"https:\/\/www.gold.fr\/news\/?s={search_term_string}"},"query-input":{"@type":"PropertyValueSpecification","valueRequired":true,"valueName":"search_term_string"}}],"inLanguage":"fr-FR"},{"@type":"Person","@id":"https:\/\/www.gold.fr\/news\/#\/schema\/person\/070491b4b4fb7671bf59b3be20302ce9","name":"Comptoir National de l'Or","image":{"@type":"ImageObject","inLanguage":"fr-FR","@id":"https:\/\/secure.gravatar.com\/avatar\/0a2867fd5abe37bed95d5a65e9d58f01756e11efc68af9888dfc50cfa7f65948?s=96&d=mm&r=gb490554db0a38188709de567aa58480d","url":"https:\/\/secure.gravatar.com\/avatar\/0a2867fd5abe37bed95d5a65e9d58f01756e11efc68af9888dfc50cfa7f65948?s=96&d=mm&r=g","contentUrl":"https:\/\/secure.gravatar.com\/avatar\/0a2867fd5abe37bed95d5a65e9d58f01756e11efc68af9888dfc50cfa7f65948?s=96&d=mm&r=g","caption":"Comptoir National de l'Or"},"description":"Notre r\u00e9daction est constitu\u00e9e de membres experts dans les m\u00e9tiers de l'\u00e9conomie et la gestion, des Responsables d'agence Comptoir National de l'Or, des analystes financiers qui publient r\u00e9guli\u00e8rement des \u00e9tudes sur les politiques des banques centrales, le cours de l'or, prix de l'or, cours de l'argent, prix de l'argent, cours du platine, cours du palladium,... la situation en zone euro et l'impact de la strat\u00e9gie mon\u00e9taire de la FED. Notre \u00e9quipe scrute \u00e9galement une information plus g\u00e9n\u00e9raliste \u00e0 la recherche d'actualit\u00e9 \"p\u00e9pite\" \u00e0 vous partager. Depuis 5 ans, nous avons publi\u00e9 un peu plus de 4000 articles qui s'adressent \u00e0 un public large et vari\u00e9 ayant pour objectif de satisfaire votre curiosit\u00e9 et de partager avec vous une certaine fascination pour le m\u00e9tal jaune, le rachat d'or, et pour ceux qui veulent investir dans l'or, vendre leur or tout simplement en savoir plus... Pour tous vos achat or et argent, n'h\u00e9sitez pas \u00e0 prendre rendez-vous dans l'un de nos nombreux comptoirs.","sameAs":["https:\/\/www.gold.fr"]}]}},"authors":[{"term_id":2565,"user_id":18,"is_guest":0,"slug":"julie","display_name":"Comptoir National de l'Or","avatar_url":"https:\/\/secure.gravatar.com\/avatar\/713f289e398d35ead876c4a4cc08607f0d6d266058cfc25683fffb6092d0e572?s=96&d=mm&r=g","0":null,"1":"","2":"","3":"","4":"","5":"","6":"","7":"","8":""}],"_links":{"self":[{"href":"https:\/\/www.gold.fr\/news\/wp-json\/wp\/v2\/posts\/14068","targetHints":{"allow":["GET"]}}],"collection":[{"href":"https:\/\/www.gold.fr\/news\/wp-json\/wp\/v2\/posts"}],"about":[{"href":"https:\/\/www.gold.fr\/news\/wp-json\/wp\/v2\/types\/post"}],"author":[{"embeddable":true,"href":"https:\/\/www.gold.fr\/news\/wp-json\/wp\/v2\/users\/18"}],"replies":[{"embeddable":true,"href":"https:\/\/www.gold.fr\/news\/wp-json\/wp\/v2\/comments?post=14068"}],"version-history":[{"count":0,"href":"https:\/\/www.gold.fr\/news\/wp-json\/wp\/v2\/posts\/14068\/revisions"}],"wp:featuredmedia":[{"embeddable":true,"href":"https:\/\/www.gold.fr\/news\/wp-json\/wp\/v2\/media\/8820"}],"wp:attachment":[{"href":"https:\/\/www.gold.fr\/news\/wp-json\/wp\/v2\/media?parent=14068"}],"wp:term":[{"taxonomy":"category","embeddable":true,"href":"https:\/\/www.gold.fr\/news\/wp-json\/wp\/v2\/categories?post=14068"},{"taxonomy":"post_tag","embeddable":true,"href":"https:\/\/www.gold.fr\/news\/wp-json\/wp\/v2\/tags?post=14068"},{"taxonomy":"author","embeddable":true,"href":"https:\/\/www.gold.fr\/news\/wp-json\/wp\/v2\/ppma_author?post=14068"}],"curies":[{"name":"wp","href":"https:\/\/api.w.org\/{rel}","templated":true}]}}