{"id":14050,"date":"2014-02-28T17:00:22","date_gmt":"2014-02-28T16:00:22","guid":{"rendered":"https:\/\/www.gold.fr\/news\/?p=14050"},"modified":"2018-02-22T14:41:51","modified_gmt":"2018-02-22T13:41:51","slug":"lor-freine-par-la-crise-en-ukraine","status":"publish","type":"post","link":"https:\/\/www.gold.fr\/news\/2014\/02\/28\/lor-freine-par-la-crise-en-ukraine\/","title":{"rendered":"L\u2019or frein\u00e9 par la crise en Ukraine"},"content":{"rendered":"<p><img loading=\"lazy\" decoding=\"async\" class=\"alignleft size-thumbnail wp-image-444\" title=\"L\u2019or frein\u00e9 par la crise en Ukraine \" src=\"https:\/\/www.gold.fr\/news\/wp-content\/uploads\/2011\/07\/1-150x150.jpg\" alt=\"\" width=\"150\" height=\"150\" \/><span style=\"font-size: small;\">Lanc\u00e9 en boulet de canon <a title=\"L\u2019or au sommet annuel de sa forme\" href=\"https:\/\/www.gold.fr\/news\/2014\/02\/26\/lor-au-sommet-annuel-de-sa-forme\/14033\/\" target=\"_blank\">dans une envol\u00e9e haussi\u00e8re que rien ne semblait pouvoir arr\u00eater<\/a>, le <a href='https:\/\/www.gold.fr\/news\/tags\/or' class='esk-seo-plu-link'>m\u00e9tal jaune<\/a> est d\u00e9sormais frein\u00e9 par un facteur assez inattendu ; la crise ukrainienne, qui bat actuellement son plein, entrainant, dans son sillage, une bonne partie des principales <a href='https:\/\/www.gold.fr\/news\/tags\/investissement' class='esk-seo-plu-link'>valeurs refuge<\/a>.<\/span>    <span style=\"font-size: small;\"> Les analystes experts de <strong>RTFX<\/strong> notent d&rsquo;ailleurs que \u00ab <em>les tensions g\u00e9opolitiques entre l&rsquo;Ukraine et la Russie ont contribu\u00e9 au support du dollar am\u00e9ricain<\/em> \u00bb. Une opinion que partagent les sp\u00e9cialistes de la Soci\u00e9t\u00e9 G\u00e9n\u00e9rale qui s&rsquo;\u00e9tonnent de remarquer \u00ab<em> que le sentiment de march\u00e9 s&rsquo;est quelque peu envenim\u00e9 lors des derniers d\u00e9veloppements politiques \u00e0 Kiev, et l&rsquo;app\u00e9tit pour le risque en a fait les frais <\/em>\u00bb, m\u00eame s&rsquo;ils conc\u00e8dent que la r\u00e9action n\u00e9gative des dirigeants russes \u00ab <em>au renversement de l&rsquo;administration pr\u00e9sidentielle ukrainienne qui leur \u00e9tait favorable n&rsquo;est pas vraiment une surprise<\/em> \u00bb.<\/span>    <span style=\"font-size: small;\"> Rappelons ici que le gouvernement russe a d\u00e9clar\u00e9 l&rsquo;\u00e9tat d&rsquo;alerte au sein de ses troupes positionn\u00e9es dans la partie occidentale du pays (pr\u00e8s des fronti\u00e8res de l&rsquo;Ukraine), et a \u00ab <em>annonc\u00e9 l&rsquo;organisation en urgence de man\u0153uvres militaires<\/em> \u00bb.<\/span>  <span style=\"font-size: small;\"> Une tension accrue r\u00e8gne donc actuellement sur l&rsquo;ensemble de la situation, imposant une influence baissi\u00e8re sur l&rsquo;ensemble des valeurs r\u00e9put\u00e9es refuge, avec, en t\u00eate, le <a href='https:\/\/www.gold.fr\/news\/tags\/or' class='esk-seo-plu-link'>m\u00e9tal jaune<\/a> qui n&rsquo;en p\u00e2tit que relativement, r\u00e9ussissant malgr\u00e9 tout \u00e0 se stabiliser au dessus des <strong>1 325 <a href='https:\/\/www.gold.fr\/news\/tags\/investissement' class='esk-seo-plu-link'>dollars<\/a><\/strong> <a title=\"Prix de l'Once d'or\" href=\"https:\/\/www.gold.fr\/once-en\/\" target=\"_blank\">l\u2019once<\/a>, pour la deuxi\u00e8me s\u00e9ance cons\u00e9cutive.<\/span><\/p>\n<!-- AddThis Advanced Settings generic via filter on the_content --><!-- AddThis Share Buttons generic via filter on the_content -->","protected":false},"excerpt":{"rendered":"<p>Lanc\u00e9 en boulet de canon dans une envol\u00e9e haussi\u00e8re que rien ne semblait pouvoir arr\u00eater, le m\u00e9tal jaune est d\u00e9sormais frein\u00e9 par un facteur assez inattendu ; la crise ukrainienne, qui bat actuellement son plein, entrainant, [&hellip;]<\/p>\n","protected":false},"author":18,"featured_media":0,"comment_status":"open","ping_status":"open","sticky":false,"template":"","format":"standard","meta":{"_mbp_gutenberg_autopost":false,"_pgmb_is_evergreen":false,"_pgmb_ap_template_id":0,"footnotes":""},"categories":[6],"tags":[1045,900,1071,1499,1233],"ppma_author":[2565],"class_list":["post-14050","post","type-post","status-publish","format-standard","hentry","category-articles-de-presse","tag-hausse-or","tag-once-or","tag-or-et-dollar","tag-tensions-geopolitiques","tag-ukraine"],"yoast_head":"<!-- This site is optimized with the Yoast SEO plugin v27.5 - https:\/\/yoast.com\/product\/yoast-seo-wordpress\/ -->\n<title>L\u2019or frein\u00e9 par la crise en Ukraine - Gold.fr<\/title>\n<meta name=\"robots\" content=\"index, follow, max-snippet:-1, max-image-preview:large, max-video-preview:-1\" \/>\n<link rel=\"canonical\" href=\"https:\/\/www.gold.fr\/news\/2014\/02\/28\/lor-freine-par-la-crise-en-ukraine\/\" \/>\n<meta property=\"og:locale\" content=\"fr_FR\" \/>\n<meta property=\"og:type\" content=\"article\" \/>\n<meta property=\"og:title\" content=\"L\u2019or frein\u00e9 par la crise en Ukraine - Gold.fr\" \/>\n<meta property=\"og:description\" content=\"Lanc\u00e9 en boulet de canon dans une envol\u00e9e haussi\u00e8re que rien ne semblait pouvoir arr\u00eater, le m\u00e9tal jaune est d\u00e9sormais frein\u00e9 par un facteur assez inattendu ; la crise ukrainienne, qui bat actuellement son plein, entrainant, [&hellip;]\" \/>\n<meta property=\"og:url\" content=\"https:\/\/www.gold.fr\/news\/2014\/02\/28\/lor-freine-par-la-crise-en-ukraine\/\" \/>\n<meta property=\"og:site_name\" content=\"Gold.fr\" \/>\n<meta property=\"article:publisher\" content=\"https:\/\/www.facebook.com\/Goldfr\/\" \/>\n<meta property=\"article:published_time\" content=\"2014-02-28T16:00:22+00:00\" \/>\n<meta property=\"article:modified_time\" content=\"2018-02-22T13:41:51+00:00\" \/>\n<meta property=\"og:image\" content=\"https:\/\/www.gold.fr\/news\/wp-content\/uploads\/2011\/07\/1-150x150.jpg\" \/>\n<meta name=\"author\" content=\"Comptoir National de l&#039;Or\" \/>\n<meta name=\"twitter:card\" content=\"summary_large_image\" \/>\n<meta name=\"twitter:label1\" content=\"\u00c9crit par\" \/>\n\t<meta name=\"twitter:data1\" content=\"Comptoir National de l&#039;Or\" \/>\n\t<meta name=\"twitter:label2\" content=\"Dur\u00e9e de lecture estim\u00e9e\" \/>\n\t<meta name=\"twitter:data2\" content=\"1 minute\" \/>\n<script type=\"application\/ld+json\" class=\"yoast-schema-graph\">{\"@context\":\"https:\\\/\\\/schema.org\",\"@graph\":[{\"@type\":\"Article\",\"@id\":\"https:\\\/\\\/www.gold.fr\\\/news\\\/2014\\\/02\\\/28\\\/lor-freine-par-la-crise-en-ukraine\\\/#article\",\"isPartOf\":{\"@id\":\"https:\\\/\\\/www.gold.fr\\\/news\\\/2014\\\/02\\\/28\\\/lor-freine-par-la-crise-en-ukraine\\\/\"},\"author\":{\"name\":\"Comptoir National de l'Or\",\"@id\":\"https:\\\/\\\/www.gold.fr\\\/news\\\/#\\\/schema\\\/person\\\/070491b4b4fb7671bf59b3be20302ce9\"},\"headline\":\"L\u2019or frein\u00e9 par la crise en Ukraine\",\"datePublished\":\"2014-02-28T16:00:22+00:00\",\"dateModified\":\"2018-02-22T13:41:51+00:00\",\"mainEntityOfPage\":{\"@id\":\"https:\\\/\\\/www.gold.fr\\\/news\\\/2014\\\/02\\\/28\\\/lor-freine-par-la-crise-en-ukraine\\\/\"},\"wordCount\":273,\"commentCount\":0,\"image\":{\"@id\":\"https:\\\/\\\/www.gold.fr\\\/news\\\/2014\\\/02\\\/28\\\/lor-freine-par-la-crise-en-ukraine\\\/#primaryimage\"},\"thumbnailUrl\":\"https:\\\/\\\/www.gold.fr\\\/news\\\/wp-content\\\/uploads\\\/2011\\\/07\\\/1-150x150.jpg\",\"keywords\":[\"hausse or\",\"Once or\",\"or et dollar\",\"tensions g\u00e9opolitiques\",\"Ukraine\"],\"articleSection\":[\"Articles de presse\"],\"inLanguage\":\"fr-FR\"},{\"@type\":\"WebPage\",\"@id\":\"https:\\\/\\\/www.gold.fr\\\/news\\\/2014\\\/02\\\/28\\\/lor-freine-par-la-crise-en-ukraine\\\/\",\"url\":\"https:\\\/\\\/www.gold.fr\\\/news\\\/2014\\\/02\\\/28\\\/lor-freine-par-la-crise-en-ukraine\\\/\",\"name\":\"L\u2019or frein\u00e9 par la crise en Ukraine - Gold.fr\",\"isPartOf\":{\"@id\":\"https:\\\/\\\/www.gold.fr\\\/news\\\/#website\"},\"primaryImageOfPage\":{\"@id\":\"https:\\\/\\\/www.gold.fr\\\/news\\\/2014\\\/02\\\/28\\\/lor-freine-par-la-crise-en-ukraine\\\/#primaryimage\"},\"image\":{\"@id\":\"https:\\\/\\\/www.gold.fr\\\/news\\\/2014\\\/02\\\/28\\\/lor-freine-par-la-crise-en-ukraine\\\/#primaryimage\"},\"thumbnailUrl\":\"https:\\\/\\\/www.gold.fr\\\/news\\\/wp-content\\\/uploads\\\/2011\\\/07\\\/1-150x150.jpg\",\"datePublished\":\"2014-02-28T16:00:22+00:00\",\"dateModified\":\"2018-02-22T13:41:51+00:00\",\"author\":{\"@id\":\"https:\\\/\\\/www.gold.fr\\\/news\\\/#\\\/schema\\\/person\\\/070491b4b4fb7671bf59b3be20302ce9\"},\"breadcrumb\":{\"@id\":\"https:\\\/\\\/www.gold.fr\\\/news\\\/2014\\\/02\\\/28\\\/lor-freine-par-la-crise-en-ukraine\\\/#breadcrumb\"},\"inLanguage\":\"fr-FR\",\"potentialAction\":[{\"@type\":\"ReadAction\",\"target\":[\"https:\\\/\\\/www.gold.fr\\\/news\\\/2014\\\/02\\\/28\\\/lor-freine-par-la-crise-en-ukraine\\\/\"]}]},{\"@type\":\"ImageObject\",\"inLanguage\":\"fr-FR\",\"@id\":\"https:\\\/\\\/www.gold.fr\\\/news\\\/2014\\\/02\\\/28\\\/lor-freine-par-la-crise-en-ukraine\\\/#primaryimage\",\"url\":\"https:\\\/\\\/www.gold.fr\\\/news\\\/wp-content\\\/uploads\\\/2011\\\/07\\\/1-150x150.jpg\",\"contentUrl\":\"https:\\\/\\\/www.gold.fr\\\/news\\\/wp-content\\\/uploads\\\/2011\\\/07\\\/1-150x150.jpg\"},{\"@type\":\"BreadcrumbList\",\"@id\":\"https:\\\/\\\/www.gold.fr\\\/news\\\/2014\\\/02\\\/28\\\/lor-freine-par-la-crise-en-ukraine\\\/#breadcrumb\",\"itemListElement\":[{\"@type\":\"ListItem\",\"position\":1,\"name\":\"Accueil\",\"item\":\"https:\\\/\\\/www.gold.fr\\\/\"},{\"@type\":\"ListItem\",\"position\":2,\"name\":\"Actualit\u00e9s\",\"item\":\"https:\\\/\\\/www.gold.fr\\\/news\\\/\"},{\"@type\":\"ListItem\",\"position\":3,\"name\":\"L\u2019or frein\u00e9 par la crise en Ukraine\"}]},{\"@type\":\"WebSite\",\"@id\":\"https:\\\/\\\/www.gold.fr\\\/news\\\/#website\",\"url\":\"https:\\\/\\\/www.gold.fr\\\/news\\\/\",\"name\":\"Gold.fr\",\"description\":\"Actualit\u00e9s de l&#039;Or et des m\u00e9taux pr\u00e9cieux\",\"potentialAction\":[{\"@type\":\"SearchAction\",\"target\":{\"@type\":\"EntryPoint\",\"urlTemplate\":\"https:\\\/\\\/www.gold.fr\\\/news\\\/?s={search_term_string}\"},\"query-input\":{\"@type\":\"PropertyValueSpecification\",\"valueRequired\":true,\"valueName\":\"search_term_string\"}}],\"inLanguage\":\"fr-FR\"},{\"@type\":\"Person\",\"@id\":\"https:\\\/\\\/www.gold.fr\\\/news\\\/#\\\/schema\\\/person\\\/070491b4b4fb7671bf59b3be20302ce9\",\"name\":\"Comptoir National de l'Or\",\"image\":{\"@type\":\"ImageObject\",\"inLanguage\":\"fr-FR\",\"@id\":\"https:\\\/\\\/secure.gravatar.com\\\/avatar\\\/0a2867fd5abe37bed95d5a65e9d58f01756e11efc68af9888dfc50cfa7f65948?s=96&d=mm&r=gb490554db0a38188709de567aa58480d\",\"url\":\"https:\\\/\\\/secure.gravatar.com\\\/avatar\\\/0a2867fd5abe37bed95d5a65e9d58f01756e11efc68af9888dfc50cfa7f65948?s=96&d=mm&r=g\",\"contentUrl\":\"https:\\\/\\\/secure.gravatar.com\\\/avatar\\\/0a2867fd5abe37bed95d5a65e9d58f01756e11efc68af9888dfc50cfa7f65948?s=96&d=mm&r=g\",\"caption\":\"Comptoir National de l'Or\"},\"description\":\"Notre r\u00e9daction est constitu\u00e9e de membres experts dans les m\u00e9tiers de l'\u00e9conomie et la gestion, des Responsables d'agence Comptoir National de l'Or, des analystes financiers qui publient r\u00e9guli\u00e8rement des \u00e9tudes sur les politiques des banques centrales, le cours de l'or, prix de l'or, cours de l'argent, prix de l'argent, cours du platine, cours du palladium,... la situation en zone euro et l'impact de la strat\u00e9gie mon\u00e9taire de la FED. Notre \u00e9quipe scrute \u00e9galement une information plus g\u00e9n\u00e9raliste \u00e0 la recherche d'actualit\u00e9 \\\"p\u00e9pite\\\" \u00e0 vous partager. Depuis 5 ans, nous avons publi\u00e9 un peu plus de 4000 articles qui s'adressent \u00e0 un public large et vari\u00e9 ayant pour objectif de satisfaire votre curiosit\u00e9 et de partager avec vous une certaine fascination pour le m\u00e9tal jaune, le rachat d'or, et pour ceux qui veulent investir dans l'or, vendre leur or tout simplement en savoir plus... Pour tous vos achat or et argent, n'h\u00e9sitez pas \u00e0 prendre rendez-vous dans l'un de nos nombreux comptoirs.\",\"sameAs\":[\"https:\\\/\\\/www.gold.fr\"]}]}<\/script>\n<!-- \/ Yoast SEO plugin. -->","yoast_head_json":{"title":"L\u2019or frein\u00e9 par la crise en Ukraine - Gold.fr","robots":{"index":"index","follow":"follow","max-snippet":"max-snippet:-1","max-image-preview":"max-image-preview:large","max-video-preview":"max-video-preview:-1"},"canonical":"https:\/\/www.gold.fr\/news\/2014\/02\/28\/lor-freine-par-la-crise-en-ukraine\/","og_locale":"fr_FR","og_type":"article","og_title":"L\u2019or frein\u00e9 par la crise en Ukraine - Gold.fr","og_description":"Lanc\u00e9 en boulet de canon dans une envol\u00e9e haussi\u00e8re que rien ne semblait pouvoir arr\u00eater, le m\u00e9tal jaune est d\u00e9sormais frein\u00e9 par un facteur assez inattendu ; la crise ukrainienne, qui bat actuellement son plein, entrainant, [&hellip;]","og_url":"https:\/\/www.gold.fr\/news\/2014\/02\/28\/lor-freine-par-la-crise-en-ukraine\/","og_site_name":"Gold.fr","article_publisher":"https:\/\/www.facebook.com\/Goldfr\/","article_published_time":"2014-02-28T16:00:22+00:00","article_modified_time":"2018-02-22T13:41:51+00:00","og_image":[{"url":"https:\/\/www.gold.fr\/news\/wp-content\/uploads\/2011\/07\/1-150x150.jpg","type":"","width":"","height":""}],"author":"Comptoir National de l'Or","twitter_card":"summary_large_image","twitter_misc":{"\u00c9crit par":"Comptoir National de l'Or","Dur\u00e9e de lecture estim\u00e9e":"1 minute"},"schema":{"@context":"https:\/\/schema.org","@graph":[{"@type":"Article","@id":"https:\/\/www.gold.fr\/news\/2014\/02\/28\/lor-freine-par-la-crise-en-ukraine\/#article","isPartOf":{"@id":"https:\/\/www.gold.fr\/news\/2014\/02\/28\/lor-freine-par-la-crise-en-ukraine\/"},"author":{"name":"Comptoir National de l'Or","@id":"https:\/\/www.gold.fr\/news\/#\/schema\/person\/070491b4b4fb7671bf59b3be20302ce9"},"headline":"L\u2019or frein\u00e9 par la crise en Ukraine","datePublished":"2014-02-28T16:00:22+00:00","dateModified":"2018-02-22T13:41:51+00:00","mainEntityOfPage":{"@id":"https:\/\/www.gold.fr\/news\/2014\/02\/28\/lor-freine-par-la-crise-en-ukraine\/"},"wordCount":273,"commentCount":0,"image":{"@id":"https:\/\/www.gold.fr\/news\/2014\/02\/28\/lor-freine-par-la-crise-en-ukraine\/#primaryimage"},"thumbnailUrl":"https:\/\/www.gold.fr\/news\/wp-content\/uploads\/2011\/07\/1-150x150.jpg","keywords":["hausse or","Once or","or et dollar","tensions g\u00e9opolitiques","Ukraine"],"articleSection":["Articles de presse"],"inLanguage":"fr-FR"},{"@type":"WebPage","@id":"https:\/\/www.gold.fr\/news\/2014\/02\/28\/lor-freine-par-la-crise-en-ukraine\/","url":"https:\/\/www.gold.fr\/news\/2014\/02\/28\/lor-freine-par-la-crise-en-ukraine\/","name":"L\u2019or frein\u00e9 par la crise en Ukraine - Gold.fr","isPartOf":{"@id":"https:\/\/www.gold.fr\/news\/#website"},"primaryImageOfPage":{"@id":"https:\/\/www.gold.fr\/news\/2014\/02\/28\/lor-freine-par-la-crise-en-ukraine\/#primaryimage"},"image":{"@id":"https:\/\/www.gold.fr\/news\/2014\/02\/28\/lor-freine-par-la-crise-en-ukraine\/#primaryimage"},"thumbnailUrl":"https:\/\/www.gold.fr\/news\/wp-content\/uploads\/2011\/07\/1-150x150.jpg","datePublished":"2014-02-28T16:00:22+00:00","dateModified":"2018-02-22T13:41:51+00:00","author":{"@id":"https:\/\/www.gold.fr\/news\/#\/schema\/person\/070491b4b4fb7671bf59b3be20302ce9"},"breadcrumb":{"@id":"https:\/\/www.gold.fr\/news\/2014\/02\/28\/lor-freine-par-la-crise-en-ukraine\/#breadcrumb"},"inLanguage":"fr-FR","potentialAction":[{"@type":"ReadAction","target":["https:\/\/www.gold.fr\/news\/2014\/02\/28\/lor-freine-par-la-crise-en-ukraine\/"]}]},{"@type":"ImageObject","inLanguage":"fr-FR","@id":"https:\/\/www.gold.fr\/news\/2014\/02\/28\/lor-freine-par-la-crise-en-ukraine\/#primaryimage","url":"https:\/\/www.gold.fr\/news\/wp-content\/uploads\/2011\/07\/1-150x150.jpg","contentUrl":"https:\/\/www.gold.fr\/news\/wp-content\/uploads\/2011\/07\/1-150x150.jpg"},{"@type":"BreadcrumbList","@id":"https:\/\/www.gold.fr\/news\/2014\/02\/28\/lor-freine-par-la-crise-en-ukraine\/#breadcrumb","itemListElement":[{"@type":"ListItem","position":1,"name":"Accueil","item":"https:\/\/www.gold.fr\/"},{"@type":"ListItem","position":2,"name":"Actualit\u00e9s","item":"https:\/\/www.gold.fr\/news\/"},{"@type":"ListItem","position":3,"name":"L\u2019or frein\u00e9 par la crise en Ukraine"}]},{"@type":"WebSite","@id":"https:\/\/www.gold.fr\/news\/#website","url":"https:\/\/www.gold.fr\/news\/","name":"Gold.fr","description":"Actualit\u00e9s de l&#039;Or et des m\u00e9taux pr\u00e9cieux","potentialAction":[{"@type":"SearchAction","target":{"@type":"EntryPoint","urlTemplate":"https:\/\/www.gold.fr\/news\/?s={search_term_string}"},"query-input":{"@type":"PropertyValueSpecification","valueRequired":true,"valueName":"search_term_string"}}],"inLanguage":"fr-FR"},{"@type":"Person","@id":"https:\/\/www.gold.fr\/news\/#\/schema\/person\/070491b4b4fb7671bf59b3be20302ce9","name":"Comptoir National de l'Or","image":{"@type":"ImageObject","inLanguage":"fr-FR","@id":"https:\/\/secure.gravatar.com\/avatar\/0a2867fd5abe37bed95d5a65e9d58f01756e11efc68af9888dfc50cfa7f65948?s=96&d=mm&r=gb490554db0a38188709de567aa58480d","url":"https:\/\/secure.gravatar.com\/avatar\/0a2867fd5abe37bed95d5a65e9d58f01756e11efc68af9888dfc50cfa7f65948?s=96&d=mm&r=g","contentUrl":"https:\/\/secure.gravatar.com\/avatar\/0a2867fd5abe37bed95d5a65e9d58f01756e11efc68af9888dfc50cfa7f65948?s=96&d=mm&r=g","caption":"Comptoir National de l'Or"},"description":"Notre r\u00e9daction est constitu\u00e9e de membres experts dans les m\u00e9tiers de l'\u00e9conomie et la gestion, des Responsables d'agence Comptoir National de l'Or, des analystes financiers qui publient r\u00e9guli\u00e8rement des \u00e9tudes sur les politiques des banques centrales, le cours de l'or, prix de l'or, cours de l'argent, prix de l'argent, cours du platine, cours du palladium,... la situation en zone euro et l'impact de la strat\u00e9gie mon\u00e9taire de la FED. Notre \u00e9quipe scrute \u00e9galement une information plus g\u00e9n\u00e9raliste \u00e0 la recherche d'actualit\u00e9 \"p\u00e9pite\" \u00e0 vous partager. Depuis 5 ans, nous avons publi\u00e9 un peu plus de 4000 articles qui s'adressent \u00e0 un public large et vari\u00e9 ayant pour objectif de satisfaire votre curiosit\u00e9 et de partager avec vous une certaine fascination pour le m\u00e9tal jaune, le rachat d'or, et pour ceux qui veulent investir dans l'or, vendre leur or tout simplement en savoir plus... Pour tous vos achat or et argent, n'h\u00e9sitez pas \u00e0 prendre rendez-vous dans l'un de nos nombreux comptoirs.","sameAs":["https:\/\/www.gold.fr"]}]}},"authors":[{"term_id":2565,"user_id":18,"is_guest":0,"slug":"julie","display_name":"Comptoir National de l'Or","avatar_url":"https:\/\/secure.gravatar.com\/avatar\/713f289e398d35ead876c4a4cc08607f0d6d266058cfc25683fffb6092d0e572?s=96&d=mm&r=g","0":null,"1":"","2":"","3":"","4":"","5":"","6":"","7":"","8":""}],"_links":{"self":[{"href":"https:\/\/www.gold.fr\/news\/wp-json\/wp\/v2\/posts\/14050","targetHints":{"allow":["GET"]}}],"collection":[{"href":"https:\/\/www.gold.fr\/news\/wp-json\/wp\/v2\/posts"}],"about":[{"href":"https:\/\/www.gold.fr\/news\/wp-json\/wp\/v2\/types\/post"}],"author":[{"embeddable":true,"href":"https:\/\/www.gold.fr\/news\/wp-json\/wp\/v2\/users\/18"}],"replies":[{"embeddable":true,"href":"https:\/\/www.gold.fr\/news\/wp-json\/wp\/v2\/comments?post=14050"}],"version-history":[{"count":0,"href":"https:\/\/www.gold.fr\/news\/wp-json\/wp\/v2\/posts\/14050\/revisions"}],"wp:attachment":[{"href":"https:\/\/www.gold.fr\/news\/wp-json\/wp\/v2\/media?parent=14050"}],"wp:term":[{"taxonomy":"category","embeddable":true,"href":"https:\/\/www.gold.fr\/news\/wp-json\/wp\/v2\/categories?post=14050"},{"taxonomy":"post_tag","embeddable":true,"href":"https:\/\/www.gold.fr\/news\/wp-json\/wp\/v2\/tags?post=14050"},{"taxonomy":"author","embeddable":true,"href":"https:\/\/www.gold.fr\/news\/wp-json\/wp\/v2\/ppma_author?post=14050"}],"curies":[{"name":"wp","href":"https:\/\/api.w.org\/{rel}","templated":true}]}}