{"id":14048,"date":"2014-02-28T13:00:29","date_gmt":"2014-02-28T12:00:29","guid":{"rendered":"https:\/\/www.gold.fr\/news\/?p=14048"},"modified":"2020-12-09T11:55:33","modified_gmt":"2020-12-09T10:55:33","slug":"lor-stabilise-en-depit-de-la-crise-ukrainienne","status":"publish","type":"post","link":"https:\/\/www.gold.fr\/news\/2014\/02\/28\/lor-stabilise-en-depit-de-la-crise-ukrainienne\/","title":{"rendered":"L&rsquo;or stabilise, en d\u00e9pit de la crise ukrainienne"},"content":{"rendered":"<p><img loading=\"lazy\" decoding=\"async\" class=\"alignleft size-thumbnail wp-image-5519\" title=\"Cours de l'Or de Bourse\" src=\"https:\/\/www.gold.fr\/news\/wp-content\/uploads\/2012\/02\/Cours-de-lOr-150x150.jpg\" alt=\"\" width=\"150\" height=\"150\" \/><span style=\"font-size: small;\">Sur fond de crise ukrainienne aggrav\u00e9e, le march\u00e9 aurif\u00e8re r\u00e9ussit \u00e0 stabiliser, non sans difficult\u00e9, dans une adversit\u00e9 qui l&rsquo;oppose \u00e0 un dollar revigor\u00e9 par ces tensions.<\/span> <span style=\"font-size: small;\"> Les experts de <strong>RTFX<\/strong> estiment en effet que \u201c<em>les tensions g\u00e9opolitiques entre l&rsquo;Ukraine et la Russie ont contribu\u00e9 au support du dollar am\u00e9ricain<\/em>\u201d, soutenus par leurs homologues de la Soci\u00e9t\u00e9 G\u00e9n\u00e9rale qui soulignent que \u00ab\u00a0<em>le sentiment du march\u00e9 s&rsquo;est quelque peu envenim\u00e9 lors des derniers d\u00e9veloppements politiques \u00e0 Kiev, et l&rsquo;app\u00e9tit pour le risque en a fait les frais<\/em>\u00ab\u00a0, indiquent les sp\u00e9cialistes de Soci\u00e9t\u00e9 G\u00e9n\u00e9rale.<\/span> <span style=\"font-size: small;\"> Bref, l&rsquo;<a class=\"esk-seo-plu-link\" href=\"https:\/\/www.gold.fr\/news\/tags\/or\">or<\/a> est, pour l&rsquo;instant, frein\u00e9 en plein \u00e9lan, dans sa course haussi\u00e8re, et ouvre donc la s\u00e9ance de ce <strong>28 f\u00e9vrier 2014<\/strong> avec <a title=\"Prix de l'Or\" href=\"https:\/\/www.gold.fr\/cours-prix-de-l-or\/\" target=\"_blank\" rel=\"noopener noreferrer\">un cours<\/a> de <strong>1 328,50 <a class=\"esk-seo-plu-link\" href=\"https:\/\/www.gold.fr\/news\/tags\/investissement\">dollars<\/a><\/strong>.<\/span><\/p>\n<!-- AddThis Advanced Settings generic via filter on the_content --><!-- AddThis Share Buttons generic via filter on the_content -->","protected":false},"excerpt":{"rendered":"<p>Sur fond de crise ukrainienne aggrav\u00e9e, le march\u00e9 aurif\u00e8re r\u00e9ussit \u00e0 stabiliser, non sans difficult\u00e9, dans une adversit\u00e9 qui l&rsquo;oppose \u00e0 un dollar revigor\u00e9 par ces tensions. Les experts de RTFX estiment en effet que \u201cles [&hellip;]<\/p>\n","protected":false},"author":18,"featured_media":14121,"comment_status":"closed","ping_status":"closed","sticky":false,"template":"","format":"standard","meta":{"_mbp_gutenberg_autopost":false,"_pgmb_is_evergreen":false,"_pgmb_ap_template_id":0,"footnotes":""},"categories":[5],"tags":[385,84,210,74],"ppma_author":[2565],"class_list":["post-14048","post","type-post","status-publish","format-standard","has-post-thumbnail","hentry","category-flash-infos","tag-cours-de-lor-de-bourse","tag-cours-de-lor","tag-_cours-de-lor_footer_","tag-_home-page_footer_"],"yoast_head":"<!-- This site is optimized with the Yoast SEO plugin v27.5 - https:\/\/yoast.com\/product\/yoast-seo-wordpress\/ -->\n<title>L&#039;or stabilise, en d\u00e9pit de la crise ukrainienne - Gold.fr<\/title>\n<meta name=\"robots\" content=\"index, follow, max-snippet:-1, max-image-preview:large, max-video-preview:-1\" \/>\n<link rel=\"canonical\" href=\"https:\/\/www.gold.fr\/news\/2014\/02\/28\/lor-stabilise-en-depit-de-la-crise-ukrainienne\/\" \/>\n<meta property=\"og:locale\" content=\"fr_FR\" \/>\n<meta property=\"og:type\" content=\"article\" \/>\n<meta property=\"og:title\" content=\"L&#039;or stabilise, en d\u00e9pit de la crise ukrainienne - Gold.fr\" \/>\n<meta property=\"og:description\" content=\"Sur fond de crise ukrainienne aggrav\u00e9e, le march\u00e9 aurif\u00e8re r\u00e9ussit \u00e0 stabiliser, non sans difficult\u00e9, dans une adversit\u00e9 qui l&rsquo;oppose \u00e0 un dollar revigor\u00e9 par ces tensions. Les experts de RTFX estiment en effet que \u201cles [&hellip;]\" \/>\n<meta property=\"og:url\" content=\"https:\/\/www.gold.fr\/news\/2014\/02\/28\/lor-stabilise-en-depit-de-la-crise-ukrainienne\/\" \/>\n<meta property=\"og:site_name\" content=\"Gold.fr\" \/>\n<meta property=\"article:publisher\" content=\"https:\/\/www.facebook.com\/Goldfr\/\" \/>\n<meta property=\"article:published_time\" content=\"2014-02-28T12:00:29+00:00\" \/>\n<meta property=\"article:modified_time\" content=\"2020-12-09T10:55:33+00:00\" \/>\n<meta property=\"og:image\" content=\"https:\/\/www.gold.fr\/news\/wp-content\/uploads\/2014\/03\/Image2.png\" \/>\n\t<meta property=\"og:image:width\" content=\"600\" \/>\n\t<meta property=\"og:image:height\" content=\"396\" \/>\n\t<meta property=\"og:image:type\" content=\"image\/png\" \/>\n<meta name=\"author\" content=\"Comptoir National de l&#039;Or\" \/>\n<meta name=\"twitter:card\" content=\"summary_large_image\" \/>\n<meta name=\"twitter:label1\" content=\"\u00c9crit par\" \/>\n\t<meta name=\"twitter:data1\" content=\"Comptoir National de l&#039;Or\" \/>\n\t<meta name=\"twitter:label2\" content=\"Dur\u00e9e de lecture estim\u00e9e\" \/>\n\t<meta name=\"twitter:data2\" content=\"1 minute\" \/>\n<script type=\"application\/ld+json\" class=\"yoast-schema-graph\">{\"@context\":\"https:\\\/\\\/schema.org\",\"@graph\":[{\"@type\":\"Article\",\"@id\":\"https:\\\/\\\/www.gold.fr\\\/news\\\/2014\\\/02\\\/28\\\/lor-stabilise-en-depit-de-la-crise-ukrainienne\\\/#article\",\"isPartOf\":{\"@id\":\"https:\\\/\\\/www.gold.fr\\\/news\\\/2014\\\/02\\\/28\\\/lor-stabilise-en-depit-de-la-crise-ukrainienne\\\/\"},\"author\":{\"name\":\"Comptoir National de l'Or\",\"@id\":\"https:\\\/\\\/www.gold.fr\\\/news\\\/#\\\/schema\\\/person\\\/070491b4b4fb7671bf59b3be20302ce9\"},\"headline\":\"L&rsquo;or stabilise, en d\u00e9pit de la crise ukrainienne\",\"datePublished\":\"2014-02-28T12:00:29+00:00\",\"dateModified\":\"2020-12-09T10:55:33+00:00\",\"mainEntityOfPage\":{\"@id\":\"https:\\\/\\\/www.gold.fr\\\/news\\\/2014\\\/02\\\/28\\\/lor-stabilise-en-depit-de-la-crise-ukrainienne\\\/\"},\"wordCount\":148,\"image\":{\"@id\":\"https:\\\/\\\/www.gold.fr\\\/news\\\/2014\\\/02\\\/28\\\/lor-stabilise-en-depit-de-la-crise-ukrainienne\\\/#primaryimage\"},\"thumbnailUrl\":\"https:\\\/\\\/www.gold.fr\\\/news\\\/wp-content\\\/uploads\\\/2014\\\/03\\\/Image2.png\",\"keywords\":[\"cours de l'or de bourse\",\"Tout Cours de l'Or\",\"_Cours de l\u2019Or_Footer_\",\"_Home page Footer_\"],\"articleSection\":[\"Flash infos\"],\"inLanguage\":\"fr-FR\"},{\"@type\":\"WebPage\",\"@id\":\"https:\\\/\\\/www.gold.fr\\\/news\\\/2014\\\/02\\\/28\\\/lor-stabilise-en-depit-de-la-crise-ukrainienne\\\/\",\"url\":\"https:\\\/\\\/www.gold.fr\\\/news\\\/2014\\\/02\\\/28\\\/lor-stabilise-en-depit-de-la-crise-ukrainienne\\\/\",\"name\":\"L'or stabilise, en d\u00e9pit de la crise ukrainienne - Gold.fr\",\"isPartOf\":{\"@id\":\"https:\\\/\\\/www.gold.fr\\\/news\\\/#website\"},\"primaryImageOfPage\":{\"@id\":\"https:\\\/\\\/www.gold.fr\\\/news\\\/2014\\\/02\\\/28\\\/lor-stabilise-en-depit-de-la-crise-ukrainienne\\\/#primaryimage\"},\"image\":{\"@id\":\"https:\\\/\\\/www.gold.fr\\\/news\\\/2014\\\/02\\\/28\\\/lor-stabilise-en-depit-de-la-crise-ukrainienne\\\/#primaryimage\"},\"thumbnailUrl\":\"https:\\\/\\\/www.gold.fr\\\/news\\\/wp-content\\\/uploads\\\/2014\\\/03\\\/Image2.png\",\"datePublished\":\"2014-02-28T12:00:29+00:00\",\"dateModified\":\"2020-12-09T10:55:33+00:00\",\"author\":{\"@id\":\"https:\\\/\\\/www.gold.fr\\\/news\\\/#\\\/schema\\\/person\\\/070491b4b4fb7671bf59b3be20302ce9\"},\"breadcrumb\":{\"@id\":\"https:\\\/\\\/www.gold.fr\\\/news\\\/2014\\\/02\\\/28\\\/lor-stabilise-en-depit-de-la-crise-ukrainienne\\\/#breadcrumb\"},\"inLanguage\":\"fr-FR\",\"potentialAction\":[{\"@type\":\"ReadAction\",\"target\":[\"https:\\\/\\\/www.gold.fr\\\/news\\\/2014\\\/02\\\/28\\\/lor-stabilise-en-depit-de-la-crise-ukrainienne\\\/\"]}]},{\"@type\":\"ImageObject\",\"inLanguage\":\"fr-FR\",\"@id\":\"https:\\\/\\\/www.gold.fr\\\/news\\\/2014\\\/02\\\/28\\\/lor-stabilise-en-depit-de-la-crise-ukrainienne\\\/#primaryimage\",\"url\":\"https:\\\/\\\/www.gold.fr\\\/news\\\/wp-content\\\/uploads\\\/2014\\\/03\\\/Image2.png\",\"contentUrl\":\"https:\\\/\\\/www.gold.fr\\\/news\\\/wp-content\\\/uploads\\\/2014\\\/03\\\/Image2.png\",\"width\":\"600\",\"height\":\"396\",\"caption\":\"Ukraine\"},{\"@type\":\"BreadcrumbList\",\"@id\":\"https:\\\/\\\/www.gold.fr\\\/news\\\/2014\\\/02\\\/28\\\/lor-stabilise-en-depit-de-la-crise-ukrainienne\\\/#breadcrumb\",\"itemListElement\":[{\"@type\":\"ListItem\",\"position\":1,\"name\":\"Accueil\",\"item\":\"https:\\\/\\\/www.gold.fr\\\/\"},{\"@type\":\"ListItem\",\"position\":2,\"name\":\"Actualit\u00e9s\",\"item\":\"https:\\\/\\\/www.gold.fr\\\/news\\\/\"},{\"@type\":\"ListItem\",\"position\":3,\"name\":\"L&rsquo;or stabilise, en d\u00e9pit de la crise ukrainienne\"}]},{\"@type\":\"WebSite\",\"@id\":\"https:\\\/\\\/www.gold.fr\\\/news\\\/#website\",\"url\":\"https:\\\/\\\/www.gold.fr\\\/news\\\/\",\"name\":\"Gold.fr\",\"description\":\"Actualit\u00e9s de l&#039;Or et des m\u00e9taux pr\u00e9cieux\",\"potentialAction\":[{\"@type\":\"SearchAction\",\"target\":{\"@type\":\"EntryPoint\",\"urlTemplate\":\"https:\\\/\\\/www.gold.fr\\\/news\\\/?s={search_term_string}\"},\"query-input\":{\"@type\":\"PropertyValueSpecification\",\"valueRequired\":true,\"valueName\":\"search_term_string\"}}],\"inLanguage\":\"fr-FR\"},{\"@type\":\"Person\",\"@id\":\"https:\\\/\\\/www.gold.fr\\\/news\\\/#\\\/schema\\\/person\\\/070491b4b4fb7671bf59b3be20302ce9\",\"name\":\"Comptoir National de l'Or\",\"image\":{\"@type\":\"ImageObject\",\"inLanguage\":\"fr-FR\",\"@id\":\"https:\\\/\\\/secure.gravatar.com\\\/avatar\\\/0a2867fd5abe37bed95d5a65e9d58f01756e11efc68af9888dfc50cfa7f65948?s=96&d=mm&r=gb490554db0a38188709de567aa58480d\",\"url\":\"https:\\\/\\\/secure.gravatar.com\\\/avatar\\\/0a2867fd5abe37bed95d5a65e9d58f01756e11efc68af9888dfc50cfa7f65948?s=96&d=mm&r=g\",\"contentUrl\":\"https:\\\/\\\/secure.gravatar.com\\\/avatar\\\/0a2867fd5abe37bed95d5a65e9d58f01756e11efc68af9888dfc50cfa7f65948?s=96&d=mm&r=g\",\"caption\":\"Comptoir National de l'Or\"},\"description\":\"Notre r\u00e9daction est constitu\u00e9e de membres experts dans les m\u00e9tiers de l'\u00e9conomie et la gestion, des Responsables d'agence Comptoir National de l'Or, des analystes financiers qui publient r\u00e9guli\u00e8rement des \u00e9tudes sur les politiques des banques centrales, le cours de l'or, prix de l'or, cours de l'argent, prix de l'argent, cours du platine, cours du palladium,... la situation en zone euro et l'impact de la strat\u00e9gie mon\u00e9taire de la FED. Notre \u00e9quipe scrute \u00e9galement une information plus g\u00e9n\u00e9raliste \u00e0 la recherche d'actualit\u00e9 \\\"p\u00e9pite\\\" \u00e0 vous partager. Depuis 5 ans, nous avons publi\u00e9 un peu plus de 4000 articles qui s'adressent \u00e0 un public large et vari\u00e9 ayant pour objectif de satisfaire votre curiosit\u00e9 et de partager avec vous une certaine fascination pour le m\u00e9tal jaune, le rachat d'or, et pour ceux qui veulent investir dans l'or, vendre leur or tout simplement en savoir plus... Pour tous vos achat or et argent, n'h\u00e9sitez pas \u00e0 prendre rendez-vous dans l'un de nos nombreux comptoirs.\",\"sameAs\":[\"https:\\\/\\\/www.gold.fr\"]}]}<\/script>\n<!-- \/ Yoast SEO plugin. -->","yoast_head_json":{"title":"L'or stabilise, en d\u00e9pit de la crise ukrainienne - Gold.fr","robots":{"index":"index","follow":"follow","max-snippet":"max-snippet:-1","max-image-preview":"max-image-preview:large","max-video-preview":"max-video-preview:-1"},"canonical":"https:\/\/www.gold.fr\/news\/2014\/02\/28\/lor-stabilise-en-depit-de-la-crise-ukrainienne\/","og_locale":"fr_FR","og_type":"article","og_title":"L'or stabilise, en d\u00e9pit de la crise ukrainienne - Gold.fr","og_description":"Sur fond de crise ukrainienne aggrav\u00e9e, le march\u00e9 aurif\u00e8re r\u00e9ussit \u00e0 stabiliser, non sans difficult\u00e9, dans une adversit\u00e9 qui l&rsquo;oppose \u00e0 un dollar revigor\u00e9 par ces tensions. Les experts de RTFX estiment en effet que \u201cles [&hellip;]","og_url":"https:\/\/www.gold.fr\/news\/2014\/02\/28\/lor-stabilise-en-depit-de-la-crise-ukrainienne\/","og_site_name":"Gold.fr","article_publisher":"https:\/\/www.facebook.com\/Goldfr\/","article_published_time":"2014-02-28T12:00:29+00:00","article_modified_time":"2020-12-09T10:55:33+00:00","og_image":[{"width":600,"height":396,"url":"https:\/\/www.gold.fr\/news\/wp-content\/uploads\/2014\/03\/Image2.png","type":"image\/png"}],"author":"Comptoir National de l'Or","twitter_card":"summary_large_image","twitter_misc":{"\u00c9crit par":"Comptoir National de l'Or","Dur\u00e9e de lecture estim\u00e9e":"1 minute"},"schema":{"@context":"https:\/\/schema.org","@graph":[{"@type":"Article","@id":"https:\/\/www.gold.fr\/news\/2014\/02\/28\/lor-stabilise-en-depit-de-la-crise-ukrainienne\/#article","isPartOf":{"@id":"https:\/\/www.gold.fr\/news\/2014\/02\/28\/lor-stabilise-en-depit-de-la-crise-ukrainienne\/"},"author":{"name":"Comptoir National de l'Or","@id":"https:\/\/www.gold.fr\/news\/#\/schema\/person\/070491b4b4fb7671bf59b3be20302ce9"},"headline":"L&rsquo;or stabilise, en d\u00e9pit de la crise ukrainienne","datePublished":"2014-02-28T12:00:29+00:00","dateModified":"2020-12-09T10:55:33+00:00","mainEntityOfPage":{"@id":"https:\/\/www.gold.fr\/news\/2014\/02\/28\/lor-stabilise-en-depit-de-la-crise-ukrainienne\/"},"wordCount":148,"image":{"@id":"https:\/\/www.gold.fr\/news\/2014\/02\/28\/lor-stabilise-en-depit-de-la-crise-ukrainienne\/#primaryimage"},"thumbnailUrl":"https:\/\/www.gold.fr\/news\/wp-content\/uploads\/2014\/03\/Image2.png","keywords":["cours de l'or de bourse","Tout Cours de l'Or","_Cours de l\u2019Or_Footer_","_Home page Footer_"],"articleSection":["Flash infos"],"inLanguage":"fr-FR"},{"@type":"WebPage","@id":"https:\/\/www.gold.fr\/news\/2014\/02\/28\/lor-stabilise-en-depit-de-la-crise-ukrainienne\/","url":"https:\/\/www.gold.fr\/news\/2014\/02\/28\/lor-stabilise-en-depit-de-la-crise-ukrainienne\/","name":"L'or stabilise, en d\u00e9pit de la crise ukrainienne - Gold.fr","isPartOf":{"@id":"https:\/\/www.gold.fr\/news\/#website"},"primaryImageOfPage":{"@id":"https:\/\/www.gold.fr\/news\/2014\/02\/28\/lor-stabilise-en-depit-de-la-crise-ukrainienne\/#primaryimage"},"image":{"@id":"https:\/\/www.gold.fr\/news\/2014\/02\/28\/lor-stabilise-en-depit-de-la-crise-ukrainienne\/#primaryimage"},"thumbnailUrl":"https:\/\/www.gold.fr\/news\/wp-content\/uploads\/2014\/03\/Image2.png","datePublished":"2014-02-28T12:00:29+00:00","dateModified":"2020-12-09T10:55:33+00:00","author":{"@id":"https:\/\/www.gold.fr\/news\/#\/schema\/person\/070491b4b4fb7671bf59b3be20302ce9"},"breadcrumb":{"@id":"https:\/\/www.gold.fr\/news\/2014\/02\/28\/lor-stabilise-en-depit-de-la-crise-ukrainienne\/#breadcrumb"},"inLanguage":"fr-FR","potentialAction":[{"@type":"ReadAction","target":["https:\/\/www.gold.fr\/news\/2014\/02\/28\/lor-stabilise-en-depit-de-la-crise-ukrainienne\/"]}]},{"@type":"ImageObject","inLanguage":"fr-FR","@id":"https:\/\/www.gold.fr\/news\/2014\/02\/28\/lor-stabilise-en-depit-de-la-crise-ukrainienne\/#primaryimage","url":"https:\/\/www.gold.fr\/news\/wp-content\/uploads\/2014\/03\/Image2.png","contentUrl":"https:\/\/www.gold.fr\/news\/wp-content\/uploads\/2014\/03\/Image2.png","width":"600","height":"396","caption":"Ukraine"},{"@type":"BreadcrumbList","@id":"https:\/\/www.gold.fr\/news\/2014\/02\/28\/lor-stabilise-en-depit-de-la-crise-ukrainienne\/#breadcrumb","itemListElement":[{"@type":"ListItem","position":1,"name":"Accueil","item":"https:\/\/www.gold.fr\/"},{"@type":"ListItem","position":2,"name":"Actualit\u00e9s","item":"https:\/\/www.gold.fr\/news\/"},{"@type":"ListItem","position":3,"name":"L&rsquo;or stabilise, en d\u00e9pit de la crise ukrainienne"}]},{"@type":"WebSite","@id":"https:\/\/www.gold.fr\/news\/#website","url":"https:\/\/www.gold.fr\/news\/","name":"Gold.fr","description":"Actualit\u00e9s de l&#039;Or et des m\u00e9taux pr\u00e9cieux","potentialAction":[{"@type":"SearchAction","target":{"@type":"EntryPoint","urlTemplate":"https:\/\/www.gold.fr\/news\/?s={search_term_string}"},"query-input":{"@type":"PropertyValueSpecification","valueRequired":true,"valueName":"search_term_string"}}],"inLanguage":"fr-FR"},{"@type":"Person","@id":"https:\/\/www.gold.fr\/news\/#\/schema\/person\/070491b4b4fb7671bf59b3be20302ce9","name":"Comptoir National de l'Or","image":{"@type":"ImageObject","inLanguage":"fr-FR","@id":"https:\/\/secure.gravatar.com\/avatar\/0a2867fd5abe37bed95d5a65e9d58f01756e11efc68af9888dfc50cfa7f65948?s=96&d=mm&r=gb490554db0a38188709de567aa58480d","url":"https:\/\/secure.gravatar.com\/avatar\/0a2867fd5abe37bed95d5a65e9d58f01756e11efc68af9888dfc50cfa7f65948?s=96&d=mm&r=g","contentUrl":"https:\/\/secure.gravatar.com\/avatar\/0a2867fd5abe37bed95d5a65e9d58f01756e11efc68af9888dfc50cfa7f65948?s=96&d=mm&r=g","caption":"Comptoir National de l'Or"},"description":"Notre r\u00e9daction est constitu\u00e9e de membres experts dans les m\u00e9tiers de l'\u00e9conomie et la gestion, des Responsables d'agence Comptoir National de l'Or, des analystes financiers qui publient r\u00e9guli\u00e8rement des \u00e9tudes sur les politiques des banques centrales, le cours de l'or, prix de l'or, cours de l'argent, prix de l'argent, cours du platine, cours du palladium,... la situation en zone euro et l'impact de la strat\u00e9gie mon\u00e9taire de la FED. Notre \u00e9quipe scrute \u00e9galement une information plus g\u00e9n\u00e9raliste \u00e0 la recherche d'actualit\u00e9 \"p\u00e9pite\" \u00e0 vous partager. Depuis 5 ans, nous avons publi\u00e9 un peu plus de 4000 articles qui s'adressent \u00e0 un public large et vari\u00e9 ayant pour objectif de satisfaire votre curiosit\u00e9 et de partager avec vous une certaine fascination pour le m\u00e9tal jaune, le rachat d'or, et pour ceux qui veulent investir dans l'or, vendre leur or tout simplement en savoir plus... Pour tous vos achat or et argent, n'h\u00e9sitez pas \u00e0 prendre rendez-vous dans l'un de nos nombreux comptoirs.","sameAs":["https:\/\/www.gold.fr"]}]}},"authors":[{"term_id":2565,"user_id":18,"is_guest":0,"slug":"julie","display_name":"Comptoir National de l'Or","avatar_url":"https:\/\/secure.gravatar.com\/avatar\/713f289e398d35ead876c4a4cc08607f0d6d266058cfc25683fffb6092d0e572?s=96&d=mm&r=g","0":null,"1":"","2":"","3":"","4":"","5":"","6":"","7":"","8":""}],"_links":{"self":[{"href":"https:\/\/www.gold.fr\/news\/wp-json\/wp\/v2\/posts\/14048","targetHints":{"allow":["GET"]}}],"collection":[{"href":"https:\/\/www.gold.fr\/news\/wp-json\/wp\/v2\/posts"}],"about":[{"href":"https:\/\/www.gold.fr\/news\/wp-json\/wp\/v2\/types\/post"}],"author":[{"embeddable":true,"href":"https:\/\/www.gold.fr\/news\/wp-json\/wp\/v2\/users\/18"}],"replies":[{"embeddable":true,"href":"https:\/\/www.gold.fr\/news\/wp-json\/wp\/v2\/comments?post=14048"}],"version-history":[{"count":0,"href":"https:\/\/www.gold.fr\/news\/wp-json\/wp\/v2\/posts\/14048\/revisions"}],"wp:featuredmedia":[{"embeddable":true,"href":"https:\/\/www.gold.fr\/news\/wp-json\/wp\/v2\/media\/14121"}],"wp:attachment":[{"href":"https:\/\/www.gold.fr\/news\/wp-json\/wp\/v2\/media?parent=14048"}],"wp:term":[{"taxonomy":"category","embeddable":true,"href":"https:\/\/www.gold.fr\/news\/wp-json\/wp\/v2\/categories?post=14048"},{"taxonomy":"post_tag","embeddable":true,"href":"https:\/\/www.gold.fr\/news\/wp-json\/wp\/v2\/tags?post=14048"},{"taxonomy":"author","embeddable":true,"href":"https:\/\/www.gold.fr\/news\/wp-json\/wp\/v2\/ppma_author?post=14048"}],"curies":[{"name":"wp","href":"https:\/\/api.w.org\/{rel}","templated":true}]}}