{"id":14043,"date":"2014-02-28T09:00:57","date_gmt":"2014-02-28T08:00:57","guid":{"rendered":"https:\/\/www.gold.fr\/news\/?p=14043"},"modified":"2018-02-22T14:41:53","modified_gmt":"2018-02-22T13:41:53","slug":"quand-le-metal-jaune-devient-la-bete-noire-des-gouvernements","status":"publish","type":"post","link":"https:\/\/www.gold.fr\/news\/2014\/02\/28\/quand-le-metal-jaune-devient-la-bete-noire-des-gouvernements\/","title":{"rendered":"Quand le m\u00e9tal jaune devient la b\u00eate noire des gouvernements"},"content":{"rendered":"<p><img loading=\"lazy\" decoding=\"async\" class=\"alignleft size-thumbnail wp-image-7654\" title=\"Quand le m\u00e9tal jaune devient la b\u00eate noire des gouvernements\" src=\"https:\/\/www.gold.fr\/news\/wp-content\/uploads\/2012\/05\/cours-de-l-or3-150x150.jpg\" alt=\"\" width=\"150\" height=\"150\" \/><span style=\"font-size: small;\">Les rapports entre gouvernements et <a href='https:\/\/www.gold.fr\/news\/tags\/or' class='esk-seo-plu-link'>m\u00e9tal jaune<\/a> ont toujours \u00e9t\u00e9 particuli\u00e8rement mouvement\u00e9s, et marqu\u00e9s, il faut l&rsquo;avouer par l&rsquo;aversion des gouvernements pour toute mesure susceptible de pl\u00e9bisciter l&rsquo;<a href='https:\/\/www.gold.fr\/news\/tags\/or' class='esk-seo-plu-link'>or<\/a>.<\/span>    <span style=\"font-size: small;\"> Au d\u00e9but des <strong>ann\u00e9es 70<\/strong>, la sph\u00e8re occidentale avait m\u00eame cru avoir d\u00e9finitivement effac\u00e9 la mention m\u00eame du <a href='https:\/\/www.gold.fr\/news\/tags\/or' class='esk-seo-plu-link'>m\u00e9tal jaune<\/a> de l&rsquo;histoire \u00e9conomique du monde, puisque aucun \u00e9tat n&rsquo;avait bronch\u00e9, face \u00e0 la \u00ab <em>d\u00e9cision pourtant unilat\u00e9rale de l&rsquo;administration <strong>Nixon<\/strong> de rompre le dernier lien<\/em> \u00bb qui reliait le <a href='https:\/\/www.gold.fr\/news\/tags\/or' class='esk-seo-plu-link'>m\u00e9tal jaune<\/a> au Syst\u00e8me mon\u00e9taire international, comme le rappelle <strong>Nicolas Perrin<\/strong>, c\u00e9l\u00e8bre conseiller de gestion de <a href='https:\/\/www.gold.fr\/news\/tags\/investissement' class='esk-seo-plu-link'>patrimoine<\/a> ind\u00e9pendant.<\/span>    <span style=\"font-size: small;\"> Trois d\u00e9cennies plus tard, cette approbation tacite sera pourtant leur plus grand regret, dans une conjoncture \u00e9conomique o\u00f9 <a title=\"Prix de l'Or\" href=\"https:\/\/www.gold.fr\/cours-prix-de-l-or\/\" target=\"_blank\">le prix de l\u2019or<\/a> encha\u00eene record apr\u00e8s record de flamb\u00e9e, poussant ces m\u00eames \u00e9tats \u00e0 diversifier les r\u00e9serves de leurs banques centrales respectives avec la <a href='https:\/\/www.gold.fr\/news\/tags\/investissement' class='esk-seo-plu-link'>valeur refuge<\/a> indiscutable de l&rsquo;<a href='https:\/\/www.gold.fr\/news\/tags\/or' class='esk-seo-plu-link'>or<\/a>.<\/span>    <span style=\"font-size: small;\"> Mais ce sera surtout l&rsquo;Orient (sous ses d\u00e9clinaisons indiennes et chinoises) qui hissera le march\u00e9 aurif\u00e8re au sommet des valeurs incontournables.<\/span>  <span style=\"font-size: small;\"> C\u00f4t\u00e9 occidental, c&rsquo;est la loi du \u00ab <em>gold bashing<\/em> \u00bb qui s\u00e9vit, autrement dit, la critique permanente de la moindre stagnation de l&rsquo;<a href='https:\/\/www.gold.fr\/news\/tags\/or' class='esk-seo-plu-link'>or<\/a>, au moindre signe de faiblesse, par des m\u00e9dias orient\u00e9es par des \u00e9tats soucieux d&rsquo;assurer la survie de leurs dettes respectives et \u00ab <em>la p\u00e9rennit\u00e9 de leur syst\u00e8me financier par l&rsquo;\u00e9mission de plus de dette et sa circulation dans les circuits financiers sous forme de monnaie fiduciaire<\/em> \u00bb.<\/span><\/p>\n<!-- AddThis Advanced Settings generic via filter on the_content --><!-- AddThis Share Buttons generic via filter on the_content -->","protected":false},"excerpt":{"rendered":"<p>Les rapports entre gouvernements et m\u00e9tal jaune ont toujours \u00e9t\u00e9 particuli\u00e8rement mouvement\u00e9s, et marqu\u00e9s, il faut l&rsquo;avouer par l&rsquo;aversion des gouvernements pour toute mesure susceptible de pl\u00e9bisciter l&rsquo;or. Au d\u00e9but des ann\u00e9es 70, la sph\u00e8re occidentale [&hellip;]<\/p>\n","protected":false},"author":18,"featured_media":7654,"comment_status":"open","ping_status":"open","sticky":false,"template":"","format":"standard","meta":{"_mbp_gutenberg_autopost":false,"_pgmb_is_evergreen":false,"_pgmb_ap_template_id":0,"footnotes":""},"categories":[6],"tags":[1790,932,962],"ppma_author":[2565],"class_list":["post-14043","post","type-post","status-publish","format-standard","has-post-thumbnail","hentry","category-articles-de-presse","tag-gouvernement","tag-metal-jaune","tag-prix-or"],"yoast_head":"<!-- This site is optimized with the Yoast SEO plugin v27.5 - https:\/\/yoast.com\/product\/yoast-seo-wordpress\/ -->\n<title>Quand le m\u00e9tal jaune devient la b\u00eate noire des gouvernements - Gold.fr<\/title>\n<meta name=\"robots\" content=\"index, follow, max-snippet:-1, max-image-preview:large, max-video-preview:-1\" \/>\n<link rel=\"canonical\" href=\"https:\/\/www.gold.fr\/news\/2014\/02\/28\/quand-le-metal-jaune-devient-la-bete-noire-des-gouvernements\/\" \/>\n<meta property=\"og:locale\" content=\"fr_FR\" \/>\n<meta property=\"og:type\" content=\"article\" \/>\n<meta property=\"og:title\" content=\"Quand le m\u00e9tal jaune devient la b\u00eate noire des gouvernements - Gold.fr\" \/>\n<meta property=\"og:description\" content=\"Les rapports entre gouvernements et m\u00e9tal jaune ont toujours \u00e9t\u00e9 particuli\u00e8rement mouvement\u00e9s, et marqu\u00e9s, il faut l&rsquo;avouer par l&rsquo;aversion des gouvernements pour toute mesure susceptible de pl\u00e9bisciter l&rsquo;or. Au d\u00e9but des ann\u00e9es 70, la sph\u00e8re occidentale [&hellip;]\" \/>\n<meta property=\"og:url\" content=\"https:\/\/www.gold.fr\/news\/2014\/02\/28\/quand-le-metal-jaune-devient-la-bete-noire-des-gouvernements\/\" \/>\n<meta property=\"og:site_name\" content=\"Gold.fr\" \/>\n<meta property=\"article:publisher\" content=\"https:\/\/www.facebook.com\/Goldfr\/\" \/>\n<meta property=\"article:published_time\" content=\"2014-02-28T08:00:57+00:00\" \/>\n<meta property=\"article:modified_time\" content=\"2018-02-22T13:41:53+00:00\" \/>\n<meta property=\"og:image\" content=\"https:\/\/www.gold.fr\/news\/wp-content\/uploads\/2012\/05\/cours-de-l-or3.jpg\" \/>\n\t<meta property=\"og:image:width\" content=\"600\" \/>\n\t<meta property=\"og:image:height\" content=\"400\" \/>\n\t<meta property=\"og:image:type\" content=\"image\/jpeg\" \/>\n<meta name=\"author\" content=\"Comptoir National de l&#039;Or\" \/>\n<meta name=\"twitter:card\" content=\"summary_large_image\" \/>\n<meta name=\"twitter:label1\" content=\"\u00c9crit par\" \/>\n\t<meta name=\"twitter:data1\" content=\"Comptoir National de l&#039;Or\" \/>\n\t<meta name=\"twitter:label2\" content=\"Dur\u00e9e de lecture estim\u00e9e\" \/>\n\t<meta name=\"twitter:data2\" content=\"1 minute\" \/>\n<script type=\"application\/ld+json\" class=\"yoast-schema-graph\">{\"@context\":\"https:\\\/\\\/schema.org\",\"@graph\":[{\"@type\":\"Article\",\"@id\":\"https:\\\/\\\/www.gold.fr\\\/news\\\/2014\\\/02\\\/28\\\/quand-le-metal-jaune-devient-la-bete-noire-des-gouvernements\\\/#article\",\"isPartOf\":{\"@id\":\"https:\\\/\\\/www.gold.fr\\\/news\\\/2014\\\/02\\\/28\\\/quand-le-metal-jaune-devient-la-bete-noire-des-gouvernements\\\/\"},\"author\":{\"name\":\"Comptoir National de l'Or\",\"@id\":\"https:\\\/\\\/www.gold.fr\\\/news\\\/#\\\/schema\\\/person\\\/070491b4b4fb7671bf59b3be20302ce9\"},\"headline\":\"Quand le m\u00e9tal jaune devient la b\u00eate noire des gouvernements\",\"datePublished\":\"2014-02-28T08:00:57+00:00\",\"dateModified\":\"2018-02-22T13:41:53+00:00\",\"mainEntityOfPage\":{\"@id\":\"https:\\\/\\\/www.gold.fr\\\/news\\\/2014\\\/02\\\/28\\\/quand-le-metal-jaune-devient-la-bete-noire-des-gouvernements\\\/\"},\"wordCount\":284,\"commentCount\":0,\"image\":{\"@id\":\"https:\\\/\\\/www.gold.fr\\\/news\\\/2014\\\/02\\\/28\\\/quand-le-metal-jaune-devient-la-bete-noire-des-gouvernements\\\/#primaryimage\"},\"thumbnailUrl\":\"https:\\\/\\\/www.gold.fr\\\/news\\\/wp-content\\\/uploads\\\/2012\\\/05\\\/cours-de-l-or3.jpg\",\"keywords\":[\"gouvernement\",\"M\u00e9tal jaune\",\"prix or\"],\"articleSection\":[\"Articles de presse\"],\"inLanguage\":\"fr-FR\"},{\"@type\":\"WebPage\",\"@id\":\"https:\\\/\\\/www.gold.fr\\\/news\\\/2014\\\/02\\\/28\\\/quand-le-metal-jaune-devient-la-bete-noire-des-gouvernements\\\/\",\"url\":\"https:\\\/\\\/www.gold.fr\\\/news\\\/2014\\\/02\\\/28\\\/quand-le-metal-jaune-devient-la-bete-noire-des-gouvernements\\\/\",\"name\":\"Quand le m\u00e9tal jaune devient la b\u00eate noire des gouvernements - Gold.fr\",\"isPartOf\":{\"@id\":\"https:\\\/\\\/www.gold.fr\\\/news\\\/#website\"},\"primaryImageOfPage\":{\"@id\":\"https:\\\/\\\/www.gold.fr\\\/news\\\/2014\\\/02\\\/28\\\/quand-le-metal-jaune-devient-la-bete-noire-des-gouvernements\\\/#primaryimage\"},\"image\":{\"@id\":\"https:\\\/\\\/www.gold.fr\\\/news\\\/2014\\\/02\\\/28\\\/quand-le-metal-jaune-devient-la-bete-noire-des-gouvernements\\\/#primaryimage\"},\"thumbnailUrl\":\"https:\\\/\\\/www.gold.fr\\\/news\\\/wp-content\\\/uploads\\\/2012\\\/05\\\/cours-de-l-or3.jpg\",\"datePublished\":\"2014-02-28T08:00:57+00:00\",\"dateModified\":\"2018-02-22T13:41:53+00:00\",\"author\":{\"@id\":\"https:\\\/\\\/www.gold.fr\\\/news\\\/#\\\/schema\\\/person\\\/070491b4b4fb7671bf59b3be20302ce9\"},\"breadcrumb\":{\"@id\":\"https:\\\/\\\/www.gold.fr\\\/news\\\/2014\\\/02\\\/28\\\/quand-le-metal-jaune-devient-la-bete-noire-des-gouvernements\\\/#breadcrumb\"},\"inLanguage\":\"fr-FR\",\"potentialAction\":[{\"@type\":\"ReadAction\",\"target\":[\"https:\\\/\\\/www.gold.fr\\\/news\\\/2014\\\/02\\\/28\\\/quand-le-metal-jaune-devient-la-bete-noire-des-gouvernements\\\/\"]}]},{\"@type\":\"ImageObject\",\"inLanguage\":\"fr-FR\",\"@id\":\"https:\\\/\\\/www.gold.fr\\\/news\\\/2014\\\/02\\\/28\\\/quand-le-metal-jaune-devient-la-bete-noire-des-gouvernements\\\/#primaryimage\",\"url\":\"https:\\\/\\\/www.gold.fr\\\/news\\\/wp-content\\\/uploads\\\/2012\\\/05\\\/cours-de-l-or3.jpg\",\"contentUrl\":\"https:\\\/\\\/www.gold.fr\\\/news\\\/wp-content\\\/uploads\\\/2012\\\/05\\\/cours-de-l-or3.jpg\",\"width\":\"600\",\"height\":\"400\",\"caption\":\"C\u00f4te d\u2019ivoire et Or : Les d\u00e9fis de l\u2019engouement\"},{\"@type\":\"BreadcrumbList\",\"@id\":\"https:\\\/\\\/www.gold.fr\\\/news\\\/2014\\\/02\\\/28\\\/quand-le-metal-jaune-devient-la-bete-noire-des-gouvernements\\\/#breadcrumb\",\"itemListElement\":[{\"@type\":\"ListItem\",\"position\":1,\"name\":\"Accueil\",\"item\":\"https:\\\/\\\/www.gold.fr\\\/\"},{\"@type\":\"ListItem\",\"position\":2,\"name\":\"Actualit\u00e9s\",\"item\":\"https:\\\/\\\/www.gold.fr\\\/news\\\/\"},{\"@type\":\"ListItem\",\"position\":3,\"name\":\"Quand le m\u00e9tal jaune devient la b\u00eate noire des gouvernements\"}]},{\"@type\":\"WebSite\",\"@id\":\"https:\\\/\\\/www.gold.fr\\\/news\\\/#website\",\"url\":\"https:\\\/\\\/www.gold.fr\\\/news\\\/\",\"name\":\"Gold.fr\",\"description\":\"Actualit\u00e9s de l&#039;Or et des m\u00e9taux pr\u00e9cieux\",\"potentialAction\":[{\"@type\":\"SearchAction\",\"target\":{\"@type\":\"EntryPoint\",\"urlTemplate\":\"https:\\\/\\\/www.gold.fr\\\/news\\\/?s={search_term_string}\"},\"query-input\":{\"@type\":\"PropertyValueSpecification\",\"valueRequired\":true,\"valueName\":\"search_term_string\"}}],\"inLanguage\":\"fr-FR\"},{\"@type\":\"Person\",\"@id\":\"https:\\\/\\\/www.gold.fr\\\/news\\\/#\\\/schema\\\/person\\\/070491b4b4fb7671bf59b3be20302ce9\",\"name\":\"Comptoir National de l'Or\",\"image\":{\"@type\":\"ImageObject\",\"inLanguage\":\"fr-FR\",\"@id\":\"https:\\\/\\\/secure.gravatar.com\\\/avatar\\\/0a2867fd5abe37bed95d5a65e9d58f01756e11efc68af9888dfc50cfa7f65948?s=96&d=mm&r=gb490554db0a38188709de567aa58480d\",\"url\":\"https:\\\/\\\/secure.gravatar.com\\\/avatar\\\/0a2867fd5abe37bed95d5a65e9d58f01756e11efc68af9888dfc50cfa7f65948?s=96&d=mm&r=g\",\"contentUrl\":\"https:\\\/\\\/secure.gravatar.com\\\/avatar\\\/0a2867fd5abe37bed95d5a65e9d58f01756e11efc68af9888dfc50cfa7f65948?s=96&d=mm&r=g\",\"caption\":\"Comptoir National de l'Or\"},\"description\":\"Notre r\u00e9daction est constitu\u00e9e de membres experts dans les m\u00e9tiers de l'\u00e9conomie et la gestion, des Responsables d'agence Comptoir National de l'Or, des analystes financiers qui publient r\u00e9guli\u00e8rement des \u00e9tudes sur les politiques des banques centrales, le cours de l'or, prix de l'or, cours de l'argent, prix de l'argent, cours du platine, cours du palladium,... la situation en zone euro et l'impact de la strat\u00e9gie mon\u00e9taire de la FED. Notre \u00e9quipe scrute \u00e9galement une information plus g\u00e9n\u00e9raliste \u00e0 la recherche d'actualit\u00e9 \\\"p\u00e9pite\\\" \u00e0 vous partager. Depuis 5 ans, nous avons publi\u00e9 un peu plus de 4000 articles qui s'adressent \u00e0 un public large et vari\u00e9 ayant pour objectif de satisfaire votre curiosit\u00e9 et de partager avec vous une certaine fascination pour le m\u00e9tal jaune, le rachat d'or, et pour ceux qui veulent investir dans l'or, vendre leur or tout simplement en savoir plus... Pour tous vos achat or et argent, n'h\u00e9sitez pas \u00e0 prendre rendez-vous dans l'un de nos nombreux comptoirs.\",\"sameAs\":[\"https:\\\/\\\/www.gold.fr\"]}]}<\/script>\n<!-- \/ Yoast SEO plugin. -->","yoast_head_json":{"title":"Quand le m\u00e9tal jaune devient la b\u00eate noire des gouvernements - Gold.fr","robots":{"index":"index","follow":"follow","max-snippet":"max-snippet:-1","max-image-preview":"max-image-preview:large","max-video-preview":"max-video-preview:-1"},"canonical":"https:\/\/www.gold.fr\/news\/2014\/02\/28\/quand-le-metal-jaune-devient-la-bete-noire-des-gouvernements\/","og_locale":"fr_FR","og_type":"article","og_title":"Quand le m\u00e9tal jaune devient la b\u00eate noire des gouvernements - Gold.fr","og_description":"Les rapports entre gouvernements et m\u00e9tal jaune ont toujours \u00e9t\u00e9 particuli\u00e8rement mouvement\u00e9s, et marqu\u00e9s, il faut l&rsquo;avouer par l&rsquo;aversion des gouvernements pour toute mesure susceptible de pl\u00e9bisciter l&rsquo;or. Au d\u00e9but des ann\u00e9es 70, la sph\u00e8re occidentale [&hellip;]","og_url":"https:\/\/www.gold.fr\/news\/2014\/02\/28\/quand-le-metal-jaune-devient-la-bete-noire-des-gouvernements\/","og_site_name":"Gold.fr","article_publisher":"https:\/\/www.facebook.com\/Goldfr\/","article_published_time":"2014-02-28T08:00:57+00:00","article_modified_time":"2018-02-22T13:41:53+00:00","og_image":[{"width":600,"height":400,"url":"https:\/\/www.gold.fr\/news\/wp-content\/uploads\/2012\/05\/cours-de-l-or3.jpg","type":"image\/jpeg"}],"author":"Comptoir National de l'Or","twitter_card":"summary_large_image","twitter_misc":{"\u00c9crit par":"Comptoir National de l'Or","Dur\u00e9e de lecture estim\u00e9e":"1 minute"},"schema":{"@context":"https:\/\/schema.org","@graph":[{"@type":"Article","@id":"https:\/\/www.gold.fr\/news\/2014\/02\/28\/quand-le-metal-jaune-devient-la-bete-noire-des-gouvernements\/#article","isPartOf":{"@id":"https:\/\/www.gold.fr\/news\/2014\/02\/28\/quand-le-metal-jaune-devient-la-bete-noire-des-gouvernements\/"},"author":{"name":"Comptoir National de l'Or","@id":"https:\/\/www.gold.fr\/news\/#\/schema\/person\/070491b4b4fb7671bf59b3be20302ce9"},"headline":"Quand le m\u00e9tal jaune devient la b\u00eate noire des gouvernements","datePublished":"2014-02-28T08:00:57+00:00","dateModified":"2018-02-22T13:41:53+00:00","mainEntityOfPage":{"@id":"https:\/\/www.gold.fr\/news\/2014\/02\/28\/quand-le-metal-jaune-devient-la-bete-noire-des-gouvernements\/"},"wordCount":284,"commentCount":0,"image":{"@id":"https:\/\/www.gold.fr\/news\/2014\/02\/28\/quand-le-metal-jaune-devient-la-bete-noire-des-gouvernements\/#primaryimage"},"thumbnailUrl":"https:\/\/www.gold.fr\/news\/wp-content\/uploads\/2012\/05\/cours-de-l-or3.jpg","keywords":["gouvernement","M\u00e9tal jaune","prix or"],"articleSection":["Articles de presse"],"inLanguage":"fr-FR"},{"@type":"WebPage","@id":"https:\/\/www.gold.fr\/news\/2014\/02\/28\/quand-le-metal-jaune-devient-la-bete-noire-des-gouvernements\/","url":"https:\/\/www.gold.fr\/news\/2014\/02\/28\/quand-le-metal-jaune-devient-la-bete-noire-des-gouvernements\/","name":"Quand le m\u00e9tal jaune devient la b\u00eate noire des gouvernements - Gold.fr","isPartOf":{"@id":"https:\/\/www.gold.fr\/news\/#website"},"primaryImageOfPage":{"@id":"https:\/\/www.gold.fr\/news\/2014\/02\/28\/quand-le-metal-jaune-devient-la-bete-noire-des-gouvernements\/#primaryimage"},"image":{"@id":"https:\/\/www.gold.fr\/news\/2014\/02\/28\/quand-le-metal-jaune-devient-la-bete-noire-des-gouvernements\/#primaryimage"},"thumbnailUrl":"https:\/\/www.gold.fr\/news\/wp-content\/uploads\/2012\/05\/cours-de-l-or3.jpg","datePublished":"2014-02-28T08:00:57+00:00","dateModified":"2018-02-22T13:41:53+00:00","author":{"@id":"https:\/\/www.gold.fr\/news\/#\/schema\/person\/070491b4b4fb7671bf59b3be20302ce9"},"breadcrumb":{"@id":"https:\/\/www.gold.fr\/news\/2014\/02\/28\/quand-le-metal-jaune-devient-la-bete-noire-des-gouvernements\/#breadcrumb"},"inLanguage":"fr-FR","potentialAction":[{"@type":"ReadAction","target":["https:\/\/www.gold.fr\/news\/2014\/02\/28\/quand-le-metal-jaune-devient-la-bete-noire-des-gouvernements\/"]}]},{"@type":"ImageObject","inLanguage":"fr-FR","@id":"https:\/\/www.gold.fr\/news\/2014\/02\/28\/quand-le-metal-jaune-devient-la-bete-noire-des-gouvernements\/#primaryimage","url":"https:\/\/www.gold.fr\/news\/wp-content\/uploads\/2012\/05\/cours-de-l-or3.jpg","contentUrl":"https:\/\/www.gold.fr\/news\/wp-content\/uploads\/2012\/05\/cours-de-l-or3.jpg","width":"600","height":"400","caption":"C\u00f4te d\u2019ivoire et Or : Les d\u00e9fis de l\u2019engouement"},{"@type":"BreadcrumbList","@id":"https:\/\/www.gold.fr\/news\/2014\/02\/28\/quand-le-metal-jaune-devient-la-bete-noire-des-gouvernements\/#breadcrumb","itemListElement":[{"@type":"ListItem","position":1,"name":"Accueil","item":"https:\/\/www.gold.fr\/"},{"@type":"ListItem","position":2,"name":"Actualit\u00e9s","item":"https:\/\/www.gold.fr\/news\/"},{"@type":"ListItem","position":3,"name":"Quand le m\u00e9tal jaune devient la b\u00eate noire des gouvernements"}]},{"@type":"WebSite","@id":"https:\/\/www.gold.fr\/news\/#website","url":"https:\/\/www.gold.fr\/news\/","name":"Gold.fr","description":"Actualit\u00e9s de l&#039;Or et des m\u00e9taux pr\u00e9cieux","potentialAction":[{"@type":"SearchAction","target":{"@type":"EntryPoint","urlTemplate":"https:\/\/www.gold.fr\/news\/?s={search_term_string}"},"query-input":{"@type":"PropertyValueSpecification","valueRequired":true,"valueName":"search_term_string"}}],"inLanguage":"fr-FR"},{"@type":"Person","@id":"https:\/\/www.gold.fr\/news\/#\/schema\/person\/070491b4b4fb7671bf59b3be20302ce9","name":"Comptoir National de l'Or","image":{"@type":"ImageObject","inLanguage":"fr-FR","@id":"https:\/\/secure.gravatar.com\/avatar\/0a2867fd5abe37bed95d5a65e9d58f01756e11efc68af9888dfc50cfa7f65948?s=96&d=mm&r=gb490554db0a38188709de567aa58480d","url":"https:\/\/secure.gravatar.com\/avatar\/0a2867fd5abe37bed95d5a65e9d58f01756e11efc68af9888dfc50cfa7f65948?s=96&d=mm&r=g","contentUrl":"https:\/\/secure.gravatar.com\/avatar\/0a2867fd5abe37bed95d5a65e9d58f01756e11efc68af9888dfc50cfa7f65948?s=96&d=mm&r=g","caption":"Comptoir National de l'Or"},"description":"Notre r\u00e9daction est constitu\u00e9e de membres experts dans les m\u00e9tiers de l'\u00e9conomie et la gestion, des Responsables d'agence Comptoir National de l'Or, des analystes financiers qui publient r\u00e9guli\u00e8rement des \u00e9tudes sur les politiques des banques centrales, le cours de l'or, prix de l'or, cours de l'argent, prix de l'argent, cours du platine, cours du palladium,... la situation en zone euro et l'impact de la strat\u00e9gie mon\u00e9taire de la FED. Notre \u00e9quipe scrute \u00e9galement une information plus g\u00e9n\u00e9raliste \u00e0 la recherche d'actualit\u00e9 \"p\u00e9pite\" \u00e0 vous partager. Depuis 5 ans, nous avons publi\u00e9 un peu plus de 4000 articles qui s'adressent \u00e0 un public large et vari\u00e9 ayant pour objectif de satisfaire votre curiosit\u00e9 et de partager avec vous une certaine fascination pour le m\u00e9tal jaune, le rachat d'or, et pour ceux qui veulent investir dans l'or, vendre leur or tout simplement en savoir plus... Pour tous vos achat or et argent, n'h\u00e9sitez pas \u00e0 prendre rendez-vous dans l'un de nos nombreux comptoirs.","sameAs":["https:\/\/www.gold.fr"]}]}},"authors":[{"term_id":2565,"user_id":18,"is_guest":0,"slug":"julie","display_name":"Comptoir National de l'Or","avatar_url":"https:\/\/secure.gravatar.com\/avatar\/713f289e398d35ead876c4a4cc08607f0d6d266058cfc25683fffb6092d0e572?s=96&d=mm&r=g","0":null,"1":"","2":"","3":"","4":"","5":"","6":"","7":"","8":""}],"_links":{"self":[{"href":"https:\/\/www.gold.fr\/news\/wp-json\/wp\/v2\/posts\/14043","targetHints":{"allow":["GET"]}}],"collection":[{"href":"https:\/\/www.gold.fr\/news\/wp-json\/wp\/v2\/posts"}],"about":[{"href":"https:\/\/www.gold.fr\/news\/wp-json\/wp\/v2\/types\/post"}],"author":[{"embeddable":true,"href":"https:\/\/www.gold.fr\/news\/wp-json\/wp\/v2\/users\/18"}],"replies":[{"embeddable":true,"href":"https:\/\/www.gold.fr\/news\/wp-json\/wp\/v2\/comments?post=14043"}],"version-history":[{"count":0,"href":"https:\/\/www.gold.fr\/news\/wp-json\/wp\/v2\/posts\/14043\/revisions"}],"wp:featuredmedia":[{"embeddable":true,"href":"https:\/\/www.gold.fr\/news\/wp-json\/wp\/v2\/media\/7654"}],"wp:attachment":[{"href":"https:\/\/www.gold.fr\/news\/wp-json\/wp\/v2\/media?parent=14043"}],"wp:term":[{"taxonomy":"category","embeddable":true,"href":"https:\/\/www.gold.fr\/news\/wp-json\/wp\/v2\/categories?post=14043"},{"taxonomy":"post_tag","embeddable":true,"href":"https:\/\/www.gold.fr\/news\/wp-json\/wp\/v2\/tags?post=14043"},{"taxonomy":"author","embeddable":true,"href":"https:\/\/www.gold.fr\/news\/wp-json\/wp\/v2\/ppma_author?post=14043"}],"curies":[{"name":"wp","href":"https:\/\/api.w.org\/{rel}","templated":true}]}}