{"id":14041,"date":"2014-02-27T17:00:20","date_gmt":"2014-02-27T16:00:20","guid":{"rendered":"https:\/\/www.gold.fr\/news\/?p=14041"},"modified":"2018-02-22T14:41:55","modified_gmt":"2018-02-22T13:41:55","slug":"la-hausse-de-lor-pousse-les-experts-a-reviser-leurs-previsions","status":"publish","type":"post","link":"https:\/\/www.gold.fr\/news\/2014\/02\/27\/la-hausse-de-lor-pousse-les-experts-a-reviser-leurs-previsions\/","title":{"rendered":"La hausse de l\u2019or pousse les experts \u00e0 r\u00e9viser leurs pr\u00e9visions"},"content":{"rendered":"<p><img loading=\"lazy\" decoding=\"async\" class=\"alignleft size-thumbnail wp-image-13754\" title=\"La hausse de l\u2019or pousse les experts \u00e0 r\u00e9viser leurs pr\u00e9visions\" src=\"https:\/\/www.gold.fr\/news\/wp-content\/uploads\/2014\/01\/Perspectives-mitig\u00e9es-150x150.jpg\" alt=\"\" width=\"150\" height=\"150\" \/><span style=\"font-size: small;\">Apr\u00e8s une fin d&rsquo;ann\u00e9e clairement mitig\u00e9e et assez stagnante, le <a href='https:\/\/www.gold.fr\/news\/tags\/or' class='esk-seo-plu-link'>m\u00e9tal jaune<\/a> s&rsquo;est manifestement rattrap\u00e9, suffisamment en tout cas pour r\u00e9ussir trois exploits \u00e0 la fois ; effacer ses pertes, regagner la confiance des investisseurs les plus m\u00e9fiants, et surtout pousser les analystes les plus pessimistes et sceptiques \u00e0 r\u00e9viser leurs pr\u00e9visions \u00e0 court et moyen terme \u00e0 la hausse.<\/span>    <span style=\"font-size: small;\"> Rappelons toutefois que le march\u00e9 aurif\u00e8re traverse actuellement une phase de gr\u00e2ce, ayant d\u00e9j\u00e0 accumul\u00e9 des gains de l&rsquo;ordre de<strong> 90 <a href='https:\/\/www.gold.fr\/news\/tags\/investissement' class='esk-seo-plu-link'>dollars<\/a><\/strong> (en volume), soit <strong>11%<\/strong> (en valeur). D&rsquo;ailleurs, les cours enregistr\u00e9s, depuis la semaine derni\u00e8re, sur le march\u00e9 de l&rsquo;<a href='https:\/\/www.gold.fr\/news\/tags\/or' class='esk-seo-plu-link'>or<\/a> repr\u00e9sentent des plus hauts jamais atteints, depuis la fin du mois de <strong>septembre 2013<\/strong>.<\/span>    <span style=\"font-size: small;\"> Et ce sont les experts les plus (habituellement) m\u00e9fiants qui adh\u00e8rent d\u00e9sormais \u00e0 l&rsquo;humeur festive g\u00e9n\u00e9rale de la plan\u00e8te aurif\u00e8re, \u00e0 commencer par les sp\u00e9cialistes de <strong>Commerzbank<\/strong> qui jugent que la stabilit\u00e9 de la moyenne mobile au-dessus des <strong>1 306 <a href='https:\/\/www.gold.fr\/news\/tags\/investissement' class='esk-seo-plu-link'>dollars<\/a><\/strong> est un signe \u00ab <em>haussier \u00e0 court terme qui devrait entra\u00eener nombre d&rsquo;op\u00e9rateurs \u00e0 se repositionner<\/em> \u00bb.<\/span>    <span style=\"font-size: small;\"> Mais ce sera la r\u00e9action des analystes d&rsquo;<strong>UBS<\/strong> qui retiendra le plus d&rsquo;attention. Consid\u00e9r\u00e9 comme l&rsquo;un des sp\u00e9cialistes les plus \u00ab <em>difficiles <\/em>\u00bb, UBS avait jusqu&rsquo;ici plac\u00e9 ses objectifs, pour l&rsquo;<a href='https:\/\/www.gold.fr\/news\/tags\/or' class='esk-seo-plu-link'>or<\/a>, \u00e0 des niveaux assez bas. D\u00e9sormais, les pr\u00e9visions des analystes du groupe banquier et financier suisse passent de <strong>1.180<\/strong> \u00e0 <strong>1.280 <a href='https:\/\/www.gold.fr\/news\/tags\/investissement' class='esk-seo-plu-link'>dollars<\/a><\/strong> <a title=\"Prix de l'Once d'or\" href=\"https:\/\/www.gold.fr\/once-en\/\" target=\"_blank\">l&rsquo;once<\/a> (sur un mois), de 1.100 \u00e0 1.350 <a href='https:\/\/www.gold.fr\/news\/tags\/investissement' class='esk-seo-plu-link'>dollars<\/a> (sur trois mois), et \u00ab <em>le prix moyen attendu en <strong>2014<\/strong> remonte de <strong>1.200<\/strong> \u00e0 <strong>1.300 <a href='https:\/\/www.gold.fr\/news\/tags\/investissement' class='esk-seo-plu-link'>dollars<\/a><\/strong>, mais si celui de <strong>2015<\/strong> reste fix\u00e9 \u00e0 <strong>1.200 <a href='https:\/\/www.gold.fr\/news\/tags\/investissement' class='esk-seo-plu-link'>dollars<\/a><\/strong><\/em> \u00bb.<\/span><\/p>\n<!-- AddThis Advanced Settings generic via filter on the_content --><!-- AddThis Share Buttons generic via filter on the_content -->","protected":false},"excerpt":{"rendered":"<p>Apr\u00e8s une fin d&rsquo;ann\u00e9e clairement mitig\u00e9e et assez stagnante, le m\u00e9tal jaune s&rsquo;est manifestement rattrap\u00e9, suffisamment en tout cas pour r\u00e9ussir trois exploits \u00e0 la fois ; effacer ses pertes, regagner la confiance des investisseurs les [&hellip;]<\/p>\n","protected":false},"author":18,"featured_media":13754,"comment_status":"open","ping_status":"open","sticky":false,"template":"","format":"standard","meta":{"_mbp_gutenberg_autopost":false,"_pgmb_is_evergreen":false,"_pgmb_ap_template_id":0,"footnotes":""},"categories":[6],"tags":[1045,1047,900,1051],"ppma_author":[2565],"class_list":["post-14041","post","type-post","status-publish","format-standard","has-post-thumbnail","hentry","category-articles-de-presse","tag-hausse-or","tag-marche-aurifere","tag-once-or","tag-previsions"],"yoast_head":"<!-- This site is optimized with the Yoast SEO plugin v27.5 - https:\/\/yoast.com\/product\/yoast-seo-wordpress\/ -->\n<title>La hausse de l\u2019or pousse les experts \u00e0 r\u00e9viser leurs pr\u00e9visions - Gold.fr<\/title>\n<meta name=\"robots\" content=\"index, follow, max-snippet:-1, max-image-preview:large, max-video-preview:-1\" \/>\n<link rel=\"canonical\" href=\"https:\/\/www.gold.fr\/news\/2014\/02\/27\/la-hausse-de-lor-pousse-les-experts-a-reviser-leurs-previsions\/\" \/>\n<meta property=\"og:locale\" content=\"fr_FR\" \/>\n<meta property=\"og:type\" content=\"article\" \/>\n<meta property=\"og:title\" content=\"La hausse de l\u2019or pousse les experts \u00e0 r\u00e9viser leurs pr\u00e9visions - Gold.fr\" \/>\n<meta property=\"og:description\" content=\"Apr\u00e8s une fin d&rsquo;ann\u00e9e clairement mitig\u00e9e et assez stagnante, le m\u00e9tal jaune s&rsquo;est manifestement rattrap\u00e9, suffisamment en tout cas pour r\u00e9ussir trois exploits \u00e0 la fois ; effacer ses pertes, regagner la confiance des investisseurs les [&hellip;]\" \/>\n<meta property=\"og:url\" content=\"https:\/\/www.gold.fr\/news\/2014\/02\/27\/la-hausse-de-lor-pousse-les-experts-a-reviser-leurs-previsions\/\" \/>\n<meta property=\"og:site_name\" content=\"Gold.fr\" \/>\n<meta property=\"article:publisher\" content=\"https:\/\/www.facebook.com\/Goldfr\/\" \/>\n<meta property=\"article:published_time\" content=\"2014-02-27T16:00:20+00:00\" \/>\n<meta property=\"article:modified_time\" content=\"2018-02-22T13:41:55+00:00\" \/>\n<meta property=\"og:image\" content=\"https:\/\/www.gold.fr\/news\/wp-content\/uploads\/2014\/01\/Perspectives-mitig\u00e9es-e1390492763243.jpg\" \/>\n\t<meta property=\"og:image:width\" content=\"600\" \/>\n\t<meta property=\"og:image:height\" content=\"351\" \/>\n\t<meta property=\"og:image:type\" content=\"image\/jpeg\" \/>\n<meta name=\"author\" content=\"Comptoir National de l&#039;Or\" \/>\n<meta name=\"twitter:card\" content=\"summary_large_image\" \/>\n<meta name=\"twitter:label1\" content=\"\u00c9crit par\" \/>\n\t<meta name=\"twitter:data1\" content=\"Comptoir National de l&#039;Or\" \/>\n\t<meta name=\"twitter:label2\" content=\"Dur\u00e9e de lecture estim\u00e9e\" \/>\n\t<meta name=\"twitter:data2\" content=\"1 minute\" \/>\n<script type=\"application\/ld+json\" class=\"yoast-schema-graph\">{\"@context\":\"https:\\\/\\\/schema.org\",\"@graph\":[{\"@type\":\"Article\",\"@id\":\"https:\\\/\\\/www.gold.fr\\\/news\\\/2014\\\/02\\\/27\\\/la-hausse-de-lor-pousse-les-experts-a-reviser-leurs-previsions\\\/#article\",\"isPartOf\":{\"@id\":\"https:\\\/\\\/www.gold.fr\\\/news\\\/2014\\\/02\\\/27\\\/la-hausse-de-lor-pousse-les-experts-a-reviser-leurs-previsions\\\/\"},\"author\":{\"name\":\"Comptoir National de l'Or\",\"@id\":\"https:\\\/\\\/www.gold.fr\\\/news\\\/#\\\/schema\\\/person\\\/070491b4b4fb7671bf59b3be20302ce9\"},\"headline\":\"La hausse de l\u2019or pousse les experts \u00e0 r\u00e9viser leurs pr\u00e9visions\",\"datePublished\":\"2014-02-27T16:00:20+00:00\",\"dateModified\":\"2018-02-22T13:41:55+00:00\",\"mainEntityOfPage\":{\"@id\":\"https:\\\/\\\/www.gold.fr\\\/news\\\/2014\\\/02\\\/27\\\/la-hausse-de-lor-pousse-les-experts-a-reviser-leurs-previsions\\\/\"},\"wordCount\":284,\"commentCount\":0,\"image\":{\"@id\":\"https:\\\/\\\/www.gold.fr\\\/news\\\/2014\\\/02\\\/27\\\/la-hausse-de-lor-pousse-les-experts-a-reviser-leurs-previsions\\\/#primaryimage\"},\"thumbnailUrl\":\"https:\\\/\\\/www.gold.fr\\\/news\\\/wp-content\\\/uploads\\\/2014\\\/01\\\/Perspectives-mitig\u00e9es-e1390492763243.jpg\",\"keywords\":[\"hausse or\",\"march\u00e9 aurif\u00e8re\",\"Once or\",\"pr\u00e9visions\"],\"articleSection\":[\"Articles de presse\"],\"inLanguage\":\"fr-FR\"},{\"@type\":\"WebPage\",\"@id\":\"https:\\\/\\\/www.gold.fr\\\/news\\\/2014\\\/02\\\/27\\\/la-hausse-de-lor-pousse-les-experts-a-reviser-leurs-previsions\\\/\",\"url\":\"https:\\\/\\\/www.gold.fr\\\/news\\\/2014\\\/02\\\/27\\\/la-hausse-de-lor-pousse-les-experts-a-reviser-leurs-previsions\\\/\",\"name\":\"La hausse de l\u2019or pousse les experts \u00e0 r\u00e9viser leurs pr\u00e9visions - Gold.fr\",\"isPartOf\":{\"@id\":\"https:\\\/\\\/www.gold.fr\\\/news\\\/#website\"},\"primaryImageOfPage\":{\"@id\":\"https:\\\/\\\/www.gold.fr\\\/news\\\/2014\\\/02\\\/27\\\/la-hausse-de-lor-pousse-les-experts-a-reviser-leurs-previsions\\\/#primaryimage\"},\"image\":{\"@id\":\"https:\\\/\\\/www.gold.fr\\\/news\\\/2014\\\/02\\\/27\\\/la-hausse-de-lor-pousse-les-experts-a-reviser-leurs-previsions\\\/#primaryimage\"},\"thumbnailUrl\":\"https:\\\/\\\/www.gold.fr\\\/news\\\/wp-content\\\/uploads\\\/2014\\\/01\\\/Perspectives-mitig\u00e9es-e1390492763243.jpg\",\"datePublished\":\"2014-02-27T16:00:20+00:00\",\"dateModified\":\"2018-02-22T13:41:55+00:00\",\"author\":{\"@id\":\"https:\\\/\\\/www.gold.fr\\\/news\\\/#\\\/schema\\\/person\\\/070491b4b4fb7671bf59b3be20302ce9\"},\"breadcrumb\":{\"@id\":\"https:\\\/\\\/www.gold.fr\\\/news\\\/2014\\\/02\\\/27\\\/la-hausse-de-lor-pousse-les-experts-a-reviser-leurs-previsions\\\/#breadcrumb\"},\"inLanguage\":\"fr-FR\",\"potentialAction\":[{\"@type\":\"ReadAction\",\"target\":[\"https:\\\/\\\/www.gold.fr\\\/news\\\/2014\\\/02\\\/27\\\/la-hausse-de-lor-pousse-les-experts-a-reviser-leurs-previsions\\\/\"]}]},{\"@type\":\"ImageObject\",\"inLanguage\":\"fr-FR\",\"@id\":\"https:\\\/\\\/www.gold.fr\\\/news\\\/2014\\\/02\\\/27\\\/la-hausse-de-lor-pousse-les-experts-a-reviser-leurs-previsions\\\/#primaryimage\",\"url\":\"https:\\\/\\\/www.gold.fr\\\/news\\\/wp-content\\\/uploads\\\/2014\\\/01\\\/Perspectives-mitig\u00e9es-e1390492763243.jpg\",\"contentUrl\":\"https:\\\/\\\/www.gold.fr\\\/news\\\/wp-content\\\/uploads\\\/2014\\\/01\\\/Perspectives-mitig\u00e9es-e1390492763243.jpg\",\"width\":\"600\",\"height\":\"351\",\"caption\":\"Or : Un excellent premier trimestre 2016\u2026 Le moment d\u2019acheter ?\"},{\"@type\":\"BreadcrumbList\",\"@id\":\"https:\\\/\\\/www.gold.fr\\\/news\\\/2014\\\/02\\\/27\\\/la-hausse-de-lor-pousse-les-experts-a-reviser-leurs-previsions\\\/#breadcrumb\",\"itemListElement\":[{\"@type\":\"ListItem\",\"position\":1,\"name\":\"Accueil\",\"item\":\"https:\\\/\\\/www.gold.fr\\\/\"},{\"@type\":\"ListItem\",\"position\":2,\"name\":\"Actualit\u00e9s\",\"item\":\"https:\\\/\\\/www.gold.fr\\\/news\\\/\"},{\"@type\":\"ListItem\",\"position\":3,\"name\":\"La hausse de l\u2019or pousse les experts \u00e0 r\u00e9viser leurs pr\u00e9visions\"}]},{\"@type\":\"WebSite\",\"@id\":\"https:\\\/\\\/www.gold.fr\\\/news\\\/#website\",\"url\":\"https:\\\/\\\/www.gold.fr\\\/news\\\/\",\"name\":\"Gold.fr\",\"description\":\"Actualit\u00e9s de l&#039;Or et des m\u00e9taux pr\u00e9cieux\",\"potentialAction\":[{\"@type\":\"SearchAction\",\"target\":{\"@type\":\"EntryPoint\",\"urlTemplate\":\"https:\\\/\\\/www.gold.fr\\\/news\\\/?s={search_term_string}\"},\"query-input\":{\"@type\":\"PropertyValueSpecification\",\"valueRequired\":true,\"valueName\":\"search_term_string\"}}],\"inLanguage\":\"fr-FR\"},{\"@type\":\"Person\",\"@id\":\"https:\\\/\\\/www.gold.fr\\\/news\\\/#\\\/schema\\\/person\\\/070491b4b4fb7671bf59b3be20302ce9\",\"name\":\"Comptoir National de l'Or\",\"image\":{\"@type\":\"ImageObject\",\"inLanguage\":\"fr-FR\",\"@id\":\"https:\\\/\\\/secure.gravatar.com\\\/avatar\\\/0a2867fd5abe37bed95d5a65e9d58f01756e11efc68af9888dfc50cfa7f65948?s=96&d=mm&r=gb490554db0a38188709de567aa58480d\",\"url\":\"https:\\\/\\\/secure.gravatar.com\\\/avatar\\\/0a2867fd5abe37bed95d5a65e9d58f01756e11efc68af9888dfc50cfa7f65948?s=96&d=mm&r=g\",\"contentUrl\":\"https:\\\/\\\/secure.gravatar.com\\\/avatar\\\/0a2867fd5abe37bed95d5a65e9d58f01756e11efc68af9888dfc50cfa7f65948?s=96&d=mm&r=g\",\"caption\":\"Comptoir National de l'Or\"},\"description\":\"Notre r\u00e9daction est constitu\u00e9e de membres experts dans les m\u00e9tiers de l'\u00e9conomie et la gestion, des Responsables d'agence Comptoir National de l'Or, des analystes financiers qui publient r\u00e9guli\u00e8rement des \u00e9tudes sur les politiques des banques centrales, le cours de l'or, prix de l'or, cours de l'argent, prix de l'argent, cours du platine, cours du palladium,... la situation en zone euro et l'impact de la strat\u00e9gie mon\u00e9taire de la FED. Notre \u00e9quipe scrute \u00e9galement une information plus g\u00e9n\u00e9raliste \u00e0 la recherche d'actualit\u00e9 \\\"p\u00e9pite\\\" \u00e0 vous partager. Depuis 5 ans, nous avons publi\u00e9 un peu plus de 4000 articles qui s'adressent \u00e0 un public large et vari\u00e9 ayant pour objectif de satisfaire votre curiosit\u00e9 et de partager avec vous une certaine fascination pour le m\u00e9tal jaune, le rachat d'or, et pour ceux qui veulent investir dans l'or, vendre leur or tout simplement en savoir plus... Pour tous vos achat or et argent, n'h\u00e9sitez pas \u00e0 prendre rendez-vous dans l'un de nos nombreux comptoirs.\",\"sameAs\":[\"https:\\\/\\\/www.gold.fr\"]}]}<\/script>\n<!-- \/ Yoast SEO plugin. -->","yoast_head_json":{"title":"La hausse de l\u2019or pousse les experts \u00e0 r\u00e9viser leurs pr\u00e9visions - Gold.fr","robots":{"index":"index","follow":"follow","max-snippet":"max-snippet:-1","max-image-preview":"max-image-preview:large","max-video-preview":"max-video-preview:-1"},"canonical":"https:\/\/www.gold.fr\/news\/2014\/02\/27\/la-hausse-de-lor-pousse-les-experts-a-reviser-leurs-previsions\/","og_locale":"fr_FR","og_type":"article","og_title":"La hausse de l\u2019or pousse les experts \u00e0 r\u00e9viser leurs pr\u00e9visions - Gold.fr","og_description":"Apr\u00e8s une fin d&rsquo;ann\u00e9e clairement mitig\u00e9e et assez stagnante, le m\u00e9tal jaune s&rsquo;est manifestement rattrap\u00e9, suffisamment en tout cas pour r\u00e9ussir trois exploits \u00e0 la fois ; effacer ses pertes, regagner la confiance des investisseurs les [&hellip;]","og_url":"https:\/\/www.gold.fr\/news\/2014\/02\/27\/la-hausse-de-lor-pousse-les-experts-a-reviser-leurs-previsions\/","og_site_name":"Gold.fr","article_publisher":"https:\/\/www.facebook.com\/Goldfr\/","article_published_time":"2014-02-27T16:00:20+00:00","article_modified_time":"2018-02-22T13:41:55+00:00","og_image":[{"width":600,"height":351,"url":"https:\/\/www.gold.fr\/news\/wp-content\/uploads\/2014\/01\/Perspectives-mitig\u00e9es-e1390492763243.jpg","type":"image\/jpeg"}],"author":"Comptoir National de l'Or","twitter_card":"summary_large_image","twitter_misc":{"\u00c9crit par":"Comptoir National de l'Or","Dur\u00e9e de lecture estim\u00e9e":"1 minute"},"schema":{"@context":"https:\/\/schema.org","@graph":[{"@type":"Article","@id":"https:\/\/www.gold.fr\/news\/2014\/02\/27\/la-hausse-de-lor-pousse-les-experts-a-reviser-leurs-previsions\/#article","isPartOf":{"@id":"https:\/\/www.gold.fr\/news\/2014\/02\/27\/la-hausse-de-lor-pousse-les-experts-a-reviser-leurs-previsions\/"},"author":{"name":"Comptoir National de l'Or","@id":"https:\/\/www.gold.fr\/news\/#\/schema\/person\/070491b4b4fb7671bf59b3be20302ce9"},"headline":"La hausse de l\u2019or pousse les experts \u00e0 r\u00e9viser leurs pr\u00e9visions","datePublished":"2014-02-27T16:00:20+00:00","dateModified":"2018-02-22T13:41:55+00:00","mainEntityOfPage":{"@id":"https:\/\/www.gold.fr\/news\/2014\/02\/27\/la-hausse-de-lor-pousse-les-experts-a-reviser-leurs-previsions\/"},"wordCount":284,"commentCount":0,"image":{"@id":"https:\/\/www.gold.fr\/news\/2014\/02\/27\/la-hausse-de-lor-pousse-les-experts-a-reviser-leurs-previsions\/#primaryimage"},"thumbnailUrl":"https:\/\/www.gold.fr\/news\/wp-content\/uploads\/2014\/01\/Perspectives-mitig\u00e9es-e1390492763243.jpg","keywords":["hausse or","march\u00e9 aurif\u00e8re","Once or","pr\u00e9visions"],"articleSection":["Articles de presse"],"inLanguage":"fr-FR"},{"@type":"WebPage","@id":"https:\/\/www.gold.fr\/news\/2014\/02\/27\/la-hausse-de-lor-pousse-les-experts-a-reviser-leurs-previsions\/","url":"https:\/\/www.gold.fr\/news\/2014\/02\/27\/la-hausse-de-lor-pousse-les-experts-a-reviser-leurs-previsions\/","name":"La hausse de l\u2019or pousse les experts \u00e0 r\u00e9viser leurs pr\u00e9visions - Gold.fr","isPartOf":{"@id":"https:\/\/www.gold.fr\/news\/#website"},"primaryImageOfPage":{"@id":"https:\/\/www.gold.fr\/news\/2014\/02\/27\/la-hausse-de-lor-pousse-les-experts-a-reviser-leurs-previsions\/#primaryimage"},"image":{"@id":"https:\/\/www.gold.fr\/news\/2014\/02\/27\/la-hausse-de-lor-pousse-les-experts-a-reviser-leurs-previsions\/#primaryimage"},"thumbnailUrl":"https:\/\/www.gold.fr\/news\/wp-content\/uploads\/2014\/01\/Perspectives-mitig\u00e9es-e1390492763243.jpg","datePublished":"2014-02-27T16:00:20+00:00","dateModified":"2018-02-22T13:41:55+00:00","author":{"@id":"https:\/\/www.gold.fr\/news\/#\/schema\/person\/070491b4b4fb7671bf59b3be20302ce9"},"breadcrumb":{"@id":"https:\/\/www.gold.fr\/news\/2014\/02\/27\/la-hausse-de-lor-pousse-les-experts-a-reviser-leurs-previsions\/#breadcrumb"},"inLanguage":"fr-FR","potentialAction":[{"@type":"ReadAction","target":["https:\/\/www.gold.fr\/news\/2014\/02\/27\/la-hausse-de-lor-pousse-les-experts-a-reviser-leurs-previsions\/"]}]},{"@type":"ImageObject","inLanguage":"fr-FR","@id":"https:\/\/www.gold.fr\/news\/2014\/02\/27\/la-hausse-de-lor-pousse-les-experts-a-reviser-leurs-previsions\/#primaryimage","url":"https:\/\/www.gold.fr\/news\/wp-content\/uploads\/2014\/01\/Perspectives-mitig\u00e9es-e1390492763243.jpg","contentUrl":"https:\/\/www.gold.fr\/news\/wp-content\/uploads\/2014\/01\/Perspectives-mitig\u00e9es-e1390492763243.jpg","width":"600","height":"351","caption":"Or : Un excellent premier trimestre 2016\u2026 Le moment d\u2019acheter ?"},{"@type":"BreadcrumbList","@id":"https:\/\/www.gold.fr\/news\/2014\/02\/27\/la-hausse-de-lor-pousse-les-experts-a-reviser-leurs-previsions\/#breadcrumb","itemListElement":[{"@type":"ListItem","position":1,"name":"Accueil","item":"https:\/\/www.gold.fr\/"},{"@type":"ListItem","position":2,"name":"Actualit\u00e9s","item":"https:\/\/www.gold.fr\/news\/"},{"@type":"ListItem","position":3,"name":"La hausse de l\u2019or pousse les experts \u00e0 r\u00e9viser leurs pr\u00e9visions"}]},{"@type":"WebSite","@id":"https:\/\/www.gold.fr\/news\/#website","url":"https:\/\/www.gold.fr\/news\/","name":"Gold.fr","description":"Actualit\u00e9s de l&#039;Or et des m\u00e9taux pr\u00e9cieux","potentialAction":[{"@type":"SearchAction","target":{"@type":"EntryPoint","urlTemplate":"https:\/\/www.gold.fr\/news\/?s={search_term_string}"},"query-input":{"@type":"PropertyValueSpecification","valueRequired":true,"valueName":"search_term_string"}}],"inLanguage":"fr-FR"},{"@type":"Person","@id":"https:\/\/www.gold.fr\/news\/#\/schema\/person\/070491b4b4fb7671bf59b3be20302ce9","name":"Comptoir National de l'Or","image":{"@type":"ImageObject","inLanguage":"fr-FR","@id":"https:\/\/secure.gravatar.com\/avatar\/0a2867fd5abe37bed95d5a65e9d58f01756e11efc68af9888dfc50cfa7f65948?s=96&d=mm&r=gb490554db0a38188709de567aa58480d","url":"https:\/\/secure.gravatar.com\/avatar\/0a2867fd5abe37bed95d5a65e9d58f01756e11efc68af9888dfc50cfa7f65948?s=96&d=mm&r=g","contentUrl":"https:\/\/secure.gravatar.com\/avatar\/0a2867fd5abe37bed95d5a65e9d58f01756e11efc68af9888dfc50cfa7f65948?s=96&d=mm&r=g","caption":"Comptoir National de l'Or"},"description":"Notre r\u00e9daction est constitu\u00e9e de membres experts dans les m\u00e9tiers de l'\u00e9conomie et la gestion, des Responsables d'agence Comptoir National de l'Or, des analystes financiers qui publient r\u00e9guli\u00e8rement des \u00e9tudes sur les politiques des banques centrales, le cours de l'or, prix de l'or, cours de l'argent, prix de l'argent, cours du platine, cours du palladium,... la situation en zone euro et l'impact de la strat\u00e9gie mon\u00e9taire de la FED. Notre \u00e9quipe scrute \u00e9galement une information plus g\u00e9n\u00e9raliste \u00e0 la recherche d'actualit\u00e9 \"p\u00e9pite\" \u00e0 vous partager. Depuis 5 ans, nous avons publi\u00e9 un peu plus de 4000 articles qui s'adressent \u00e0 un public large et vari\u00e9 ayant pour objectif de satisfaire votre curiosit\u00e9 et de partager avec vous une certaine fascination pour le m\u00e9tal jaune, le rachat d'or, et pour ceux qui veulent investir dans l'or, vendre leur or tout simplement en savoir plus... Pour tous vos achat or et argent, n'h\u00e9sitez pas \u00e0 prendre rendez-vous dans l'un de nos nombreux comptoirs.","sameAs":["https:\/\/www.gold.fr"]}]}},"authors":[{"term_id":2565,"user_id":18,"is_guest":0,"slug":"julie","display_name":"Comptoir National de l'Or","avatar_url":"https:\/\/secure.gravatar.com\/avatar\/713f289e398d35ead876c4a4cc08607f0d6d266058cfc25683fffb6092d0e572?s=96&d=mm&r=g","0":null,"1":"","2":"","3":"","4":"","5":"","6":"","7":"","8":""}],"_links":{"self":[{"href":"https:\/\/www.gold.fr\/news\/wp-json\/wp\/v2\/posts\/14041","targetHints":{"allow":["GET"]}}],"collection":[{"href":"https:\/\/www.gold.fr\/news\/wp-json\/wp\/v2\/posts"}],"about":[{"href":"https:\/\/www.gold.fr\/news\/wp-json\/wp\/v2\/types\/post"}],"author":[{"embeddable":true,"href":"https:\/\/www.gold.fr\/news\/wp-json\/wp\/v2\/users\/18"}],"replies":[{"embeddable":true,"href":"https:\/\/www.gold.fr\/news\/wp-json\/wp\/v2\/comments?post=14041"}],"version-history":[{"count":0,"href":"https:\/\/www.gold.fr\/news\/wp-json\/wp\/v2\/posts\/14041\/revisions"}],"wp:featuredmedia":[{"embeddable":true,"href":"https:\/\/www.gold.fr\/news\/wp-json\/wp\/v2\/media\/13754"}],"wp:attachment":[{"href":"https:\/\/www.gold.fr\/news\/wp-json\/wp\/v2\/media?parent=14041"}],"wp:term":[{"taxonomy":"category","embeddable":true,"href":"https:\/\/www.gold.fr\/news\/wp-json\/wp\/v2\/categories?post=14041"},{"taxonomy":"post_tag","embeddable":true,"href":"https:\/\/www.gold.fr\/news\/wp-json\/wp\/v2\/tags?post=14041"},{"taxonomy":"author","embeddable":true,"href":"https:\/\/www.gold.fr\/news\/wp-json\/wp\/v2\/ppma_author?post=14041"}],"curies":[{"name":"wp","href":"https:\/\/api.w.org\/{rel}","templated":true}]}}