{"id":13926,"date":"2014-02-14T17:00:03","date_gmt":"2014-02-14T16:00:03","guid":{"rendered":"https:\/\/www.gold.fr\/news\/?p=13926"},"modified":"2018-02-22T14:42:37","modified_gmt":"2018-02-22T13:42:37","slug":"les-ventes-au-detail-us-en-baisse","status":"publish","type":"post","link":"https:\/\/www.gold.fr\/news\/2014\/02\/14\/les-ventes-au-detail-us-en-baisse\/","title":{"rendered":"Les ventes au d\u00e9tail US en baisse"},"content":{"rendered":"<p><img loading=\"lazy\" decoding=\"async\" class=\"alignleft size-thumbnail wp-image-2717\" title=\"Les ventes au d\u00e9tail US en baisse\" src=\"https:\/\/www.gold.fr\/news\/wp-content\/uploads\/2011\/10\/globe-or-150x150.jpg\" alt=\"\" width=\"150\" height=\"150\" \/><span style=\"font-size: small;\">C&rsquo;est le dernier indicateur \u00e9conomique en baisse d&rsquo;une longue liste de r\u00e9sultats am\u00e9ricains tout aussi stagnants, depuis deux semaines. L&rsquo;\u00e9conomie US semble traverser une phase de creux, ou \u2013au mieux\u2013 d&rsquo;instabilit\u00e9 plus ou moins marqu\u00e9e, justifiant, du coup, l&rsquo;attachement confirm\u00e9 de la nouvelle direction de la <strong>FED<\/strong> \u00e0 la politique ultra accommodante de l&rsquo;ancienne.<\/span>    <span style=\"font-size: small;\"> D\u00e9cevant les pr\u00e9visions des observateurs et \u00e9conomistes, les ventes au d\u00e9tail \u2013sens\u00e9es demeurer stables\u2013 ont enregistr\u00e9 une baisse relativement notable de l&rsquo;ordre de <strong>0,4%<\/strong>, durant le mois de janvier, d&rsquo;apr\u00e8s le rapport officiel que vient de publier le D\u00e9partement du Commerce am\u00e9ricain. La publication note \u00e9galement que \u00ab <em>hors secteur automobile (-2,1%), elles se sont stabilis\u00e9es, l\u00e0 o\u00f9 les \u00e9conomistes anticipaient une progression de l&rsquo;ordre de 0,1%<\/em> \u00bb.<\/span>    <span style=\"font-size: small;\"> De leur c\u00f4t\u00e9, les experts restent mitig\u00e9s sur la signification de ce nouvel indicateur. Les analystes du march\u00e9 de la banque fran\u00e7aise <strong>Natixis<\/strong> estiment en effet que, bien que ces r\u00e9sultats soient \u00ab <em>d\u00e9cevants <\/em>\u00bb, ils demeurent \u00ab <em>probablement pas si surprenants<\/em> \u00bb, dans la mesure o\u00f9 \u00ab <em>certains secteurs ont pu souffrir des conditions m\u00e9t\u00e9orologiques particuli\u00e8rement rigoureuses sur la p\u00e9riode<\/em> \u00bb. Notons \u00e9galement que les ventes de produits alimentaires consomm\u00e9s \u00e0 domicile ont marqu\u00e9 une hausse mensuelle (pour la seconde fois cons\u00e9cutive), contrebalan\u00e7ant la performance n\u00e9gative des ventes en restaurants qui a marqu\u00e9 une baisse, sur la m\u00eame p\u00e9riode observ\u00e9e.<\/span>    <span style=\"font-size: small;\"> En tout cas, cette stagnation \u2013qu&rsquo;elle soit passag\u00e8re ou permanente\u2013 des march\u00e9s continue \u00e0 profiter au march\u00e9 aurif\u00e8re, dans la mesure o\u00f9 le <a href='https:\/\/www.gold.fr\/news\/tags\/or' class='esk-seo-plu-link'>m\u00e9tal jaune<\/a> a r\u00e9ussi \u00e0 engranger pr\u00e8s de <strong>80 <a href='https:\/\/www.gold.fr\/news\/tags\/investissement' class='esk-seo-plu-link'>dollars<\/a><\/strong> de gains, en l&rsquo;espace d&rsquo;une semaine.<\/span><\/p>\n<!-- AddThis Advanced Settings generic via filter on the_content --><!-- AddThis Share Buttons generic via filter on the_content -->","protected":false},"excerpt":{"rendered":"<p>C&rsquo;est le dernier indicateur \u00e9conomique en baisse d&rsquo;une longue liste de r\u00e9sultats am\u00e9ricains tout aussi stagnants, depuis deux semaines. L&rsquo;\u00e9conomie US semble traverser une phase de creux, ou \u2013au mieux\u2013 d&rsquo;instabilit\u00e9 plus ou moins marqu\u00e9e, justifiant, [&hellip;]<\/p>\n","protected":false},"author":18,"featured_media":2717,"comment_status":"open","ping_status":"open","sticky":false,"template":"","format":"standard","meta":{"_mbp_gutenberg_autopost":false,"_pgmb_is_evergreen":false,"_pgmb_ap_template_id":0,"footnotes":""},"categories":[6],"tags":[1100,1198,1776],"ppma_author":[2565],"class_list":["post-13926","post","type-post","status-publish","format-standard","has-post-thumbnail","hentry","category-articles-de-presse","tag-economie-us","tag-stagnation","tag-ventes-au-detail"],"yoast_head":"<!-- This site is optimized with the Yoast SEO plugin v26.9 - https:\/\/yoast.com\/product\/yoast-seo-wordpress\/ -->\n<title>Les ventes au d\u00e9tail US en baisse - Gold.fr<\/title>\n<meta name=\"robots\" content=\"index, follow, max-snippet:-1, max-image-preview:large, max-video-preview:-1\" \/>\n<link rel=\"canonical\" href=\"https:\/\/www.gold.fr\/news\/2014\/02\/14\/les-ventes-au-detail-us-en-baisse\/\" \/>\n<meta property=\"og:locale\" content=\"fr_FR\" \/>\n<meta property=\"og:type\" content=\"article\" \/>\n<meta property=\"og:title\" content=\"Les ventes au d\u00e9tail US en baisse - Gold.fr\" \/>\n<meta property=\"og:description\" content=\"C&rsquo;est le dernier indicateur \u00e9conomique en baisse d&rsquo;une longue liste de r\u00e9sultats am\u00e9ricains tout aussi stagnants, depuis deux semaines. L&rsquo;\u00e9conomie US semble traverser une phase de creux, ou \u2013au mieux\u2013 d&rsquo;instabilit\u00e9 plus ou moins marqu\u00e9e, justifiant, [&hellip;]\" \/>\n<meta property=\"og:url\" content=\"https:\/\/www.gold.fr\/news\/2014\/02\/14\/les-ventes-au-detail-us-en-baisse\/\" \/>\n<meta property=\"og:site_name\" content=\"Gold.fr\" \/>\n<meta property=\"article:publisher\" content=\"https:\/\/www.facebook.com\/Goldfr\/\" \/>\n<meta property=\"article:published_time\" content=\"2014-02-14T16:00:03+00:00\" \/>\n<meta property=\"article:modified_time\" content=\"2018-02-22T13:42:37+00:00\" \/>\n<meta property=\"og:image\" content=\"https:\/\/www.gold.fr\/news\/wp-content\/uploads\/2011\/10\/globe-or.jpg\" \/>\n\t<meta property=\"og:image:width\" content=\"600\" \/>\n\t<meta property=\"og:image:height\" content=\"600\" \/>\n\t<meta property=\"og:image:type\" content=\"image\/jpeg\" \/>\n<meta name=\"author\" content=\"Comptoir National de l&#039;Or\" \/>\n<meta name=\"twitter:card\" content=\"summary_large_image\" \/>\n<meta name=\"twitter:label1\" content=\"\u00c9crit par\" \/>\n\t<meta name=\"twitter:data1\" content=\"Comptoir National de l&#039;Or\" \/>\n\t<meta name=\"twitter:label2\" content=\"Dur\u00e9e de lecture estim\u00e9e\" \/>\n\t<meta name=\"twitter:data2\" content=\"1 minute\" \/>\n<script type=\"application\/ld+json\" class=\"yoast-schema-graph\">{\"@context\":\"https:\/\/schema.org\",\"@graph\":[{\"@type\":\"Article\",\"@id\":\"https:\/\/www.gold.fr\/news\/2014\/02\/14\/les-ventes-au-detail-us-en-baisse\/#article\",\"isPartOf\":{\"@id\":\"https:\/\/www.gold.fr\/news\/2014\/02\/14\/les-ventes-au-detail-us-en-baisse\/\"},\"author\":{\"name\":\"Comptoir National de l'Or\",\"@id\":\"https:\/\/www.gold.fr\/news\/#\/schema\/person\/760ee7cec237915eebf2be78df0404c4\"},\"headline\":\"Les ventes au d\u00e9tail US en baisse\",\"datePublished\":\"2014-02-14T16:00:03+00:00\",\"dateModified\":\"2018-02-22T13:42:37+00:00\",\"mainEntityOfPage\":{\"@id\":\"https:\/\/www.gold.fr\/news\/2014\/02\/14\/les-ventes-au-detail-us-en-baisse\/\"},\"wordCount\":300,\"commentCount\":0,\"image\":{\"@id\":\"https:\/\/www.gold.fr\/news\/2014\/02\/14\/les-ventes-au-detail-us-en-baisse\/#primaryimage\"},\"thumbnailUrl\":\"https:\/\/www.gold.fr\/news\/wp-content\/uploads\/2011\/10\/globe-or.jpg\",\"keywords\":[\"\u00e9conomie US\",\"stagnation\",\"ventes au d\u00e9tail\"],\"articleSection\":[\"Articles de presse\"],\"inLanguage\":\"fr-FR\"},{\"@type\":\"WebPage\",\"@id\":\"https:\/\/www.gold.fr\/news\/2014\/02\/14\/les-ventes-au-detail-us-en-baisse\/\",\"url\":\"https:\/\/www.gold.fr\/news\/2014\/02\/14\/les-ventes-au-detail-us-en-baisse\/\",\"name\":\"Les ventes au d\u00e9tail US en baisse - Gold.fr\",\"isPartOf\":{\"@id\":\"https:\/\/www.gold.fr\/news\/#website\"},\"primaryImageOfPage\":{\"@id\":\"https:\/\/www.gold.fr\/news\/2014\/02\/14\/les-ventes-au-detail-us-en-baisse\/#primaryimage\"},\"image\":{\"@id\":\"https:\/\/www.gold.fr\/news\/2014\/02\/14\/les-ventes-au-detail-us-en-baisse\/#primaryimage\"},\"thumbnailUrl\":\"https:\/\/www.gold.fr\/news\/wp-content\/uploads\/2011\/10\/globe-or.jpg\",\"datePublished\":\"2014-02-14T16:00:03+00:00\",\"dateModified\":\"2018-02-22T13:42:37+00:00\",\"author\":{\"@id\":\"https:\/\/www.gold.fr\/news\/#\/schema\/person\/760ee7cec237915eebf2be78df0404c4\"},\"breadcrumb\":{\"@id\":\"https:\/\/www.gold.fr\/news\/2014\/02\/14\/les-ventes-au-detail-us-en-baisse\/#breadcrumb\"},\"inLanguage\":\"fr-FR\",\"potentialAction\":[{\"@type\":\"ReadAction\",\"target\":[\"https:\/\/www.gold.fr\/news\/2014\/02\/14\/les-ventes-au-detail-us-en-baisse\/\"]}]},{\"@type\":\"ImageObject\",\"inLanguage\":\"fr-FR\",\"@id\":\"https:\/\/www.gold.fr\/news\/2014\/02\/14\/les-ventes-au-detail-us-en-baisse\/#primaryimage\",\"url\":\"https:\/\/www.gold.fr\/news\/wp-content\/uploads\/2011\/10\/globe-or.jpg\",\"contentUrl\":\"https:\/\/www.gold.fr\/news\/wp-content\/uploads\/2011\/10\/globe-or.jpg\",\"width\":\"600\",\"height\":\"600\",\"caption\":\"Des march\u00e9s port\u00e9s par les banques centrales\"},{\"@type\":\"BreadcrumbList\",\"@id\":\"https:\/\/www.gold.fr\/news\/2014\/02\/14\/les-ventes-au-detail-us-en-baisse\/#breadcrumb\",\"itemListElement\":[{\"@type\":\"ListItem\",\"position\":1,\"name\":\"Accueil\",\"item\":\"https:\/\/www.gold.fr\/\"},{\"@type\":\"ListItem\",\"position\":2,\"name\":\"Actualit\u00e9s\",\"item\":\"https:\/\/www.gold.fr\/news\/\"},{\"@type\":\"ListItem\",\"position\":3,\"name\":\"Les ventes au d\u00e9tail US en baisse\"}]},{\"@type\":\"WebSite\",\"@id\":\"https:\/\/www.gold.fr\/news\/#website\",\"url\":\"https:\/\/www.gold.fr\/news\/\",\"name\":\"Gold.fr\",\"description\":\"Actualit\u00e9s de l&#039;Or et des m\u00e9taux pr\u00e9cieux\",\"potentialAction\":[{\"@type\":\"SearchAction\",\"target\":{\"@type\":\"EntryPoint\",\"urlTemplate\":\"https:\/\/www.gold.fr\/news\/?s={search_term_string}\"},\"query-input\":{\"@type\":\"PropertyValueSpecification\",\"valueRequired\":true,\"valueName\":\"search_term_string\"}}],\"inLanguage\":\"fr-FR\"},{\"@type\":\"Person\",\"@id\":\"https:\/\/www.gold.fr\/news\/#\/schema\/person\/760ee7cec237915eebf2be78df0404c4\",\"name\":\"Comptoir National de l'Or\",\"image\":{\"@type\":\"ImageObject\",\"inLanguage\":\"fr-FR\",\"@id\":\"https:\/\/www.gold.fr\/news\/#\/schema\/person\/image\/c36675942654553a86039d2dfa93c740\",\"url\":\"https:\/\/secure.gravatar.com\/avatar\/713f289e398d35ead876c4a4cc08607f0d6d266058cfc25683fffb6092d0e572?s=96&d=mm&r=g\",\"contentUrl\":\"https:\/\/secure.gravatar.com\/avatar\/713f289e398d35ead876c4a4cc08607f0d6d266058cfc25683fffb6092d0e572?s=96&d=mm&r=g\",\"caption\":\"Comptoir National de l'Or\"},\"description\":\"Notre r\u00e9daction est constitu\u00e9e de membres experts dans les m\u00e9tiers de l'\u00e9conomie et la gestion, des Responsables d'agence Comptoir National de l'Or, des analystes financiers qui publient r\u00e9guli\u00e8rement des \u00e9tudes sur les politiques des banques centrales, le cours de l'or, prix de l'or, cours de l'argent, prix de l'argent, cours du platine, cours du palladium,... la situation en zone euro et l'impact de la strat\u00e9gie mon\u00e9taire de la FED. Notre \u00e9quipe scrute \u00e9galement une information plus g\u00e9n\u00e9raliste \u00e0 la recherche d'actualit\u00e9 \\\"p\u00e9pite\\\" \u00e0 vous partager. Depuis 5 ans, nous avons publi\u00e9 un peu plus de 4000 articles qui s'adressent \u00e0 un public large et vari\u00e9 ayant pour objectif de satisfaire votre curiosit\u00e9 et de partager avec vous une certaine fascination pour le m\u00e9tal jaune, le rachat d'or, et pour ceux qui veulent investir dans l'or, vendre leur or tout simplement en savoir plus... Pour tous vos achat or et argent, n'h\u00e9sitez pas \u00e0 prendre rendez-vous dans l'un de nos nombreux comptoirs.\",\"sameAs\":[\"https:\/\/www.gold.fr\"]}]}<\/script>\n<!-- \/ Yoast SEO plugin. -->","yoast_head_json":{"title":"Les ventes au d\u00e9tail US en baisse - Gold.fr","robots":{"index":"index","follow":"follow","max-snippet":"max-snippet:-1","max-image-preview":"max-image-preview:large","max-video-preview":"max-video-preview:-1"},"canonical":"https:\/\/www.gold.fr\/news\/2014\/02\/14\/les-ventes-au-detail-us-en-baisse\/","og_locale":"fr_FR","og_type":"article","og_title":"Les ventes au d\u00e9tail US en baisse - Gold.fr","og_description":"C&rsquo;est le dernier indicateur \u00e9conomique en baisse d&rsquo;une longue liste de r\u00e9sultats am\u00e9ricains tout aussi stagnants, depuis deux semaines. L&rsquo;\u00e9conomie US semble traverser une phase de creux, ou \u2013au mieux\u2013 d&rsquo;instabilit\u00e9 plus ou moins marqu\u00e9e, justifiant, [&hellip;]","og_url":"https:\/\/www.gold.fr\/news\/2014\/02\/14\/les-ventes-au-detail-us-en-baisse\/","og_site_name":"Gold.fr","article_publisher":"https:\/\/www.facebook.com\/Goldfr\/","article_published_time":"2014-02-14T16:00:03+00:00","article_modified_time":"2018-02-22T13:42:37+00:00","og_image":[{"width":600,"height":600,"url":"https:\/\/www.gold.fr\/news\/wp-content\/uploads\/2011\/10\/globe-or.jpg","type":"image\/jpeg"}],"author":"Comptoir National de l'Or","twitter_card":"summary_large_image","twitter_misc":{"\u00c9crit par":"Comptoir National de l'Or","Dur\u00e9e de lecture estim\u00e9e":"1 minute"},"schema":{"@context":"https:\/\/schema.org","@graph":[{"@type":"Article","@id":"https:\/\/www.gold.fr\/news\/2014\/02\/14\/les-ventes-au-detail-us-en-baisse\/#article","isPartOf":{"@id":"https:\/\/www.gold.fr\/news\/2014\/02\/14\/les-ventes-au-detail-us-en-baisse\/"},"author":{"name":"Comptoir National de l'Or","@id":"https:\/\/www.gold.fr\/news\/#\/schema\/person\/760ee7cec237915eebf2be78df0404c4"},"headline":"Les ventes au d\u00e9tail US en baisse","datePublished":"2014-02-14T16:00:03+00:00","dateModified":"2018-02-22T13:42:37+00:00","mainEntityOfPage":{"@id":"https:\/\/www.gold.fr\/news\/2014\/02\/14\/les-ventes-au-detail-us-en-baisse\/"},"wordCount":300,"commentCount":0,"image":{"@id":"https:\/\/www.gold.fr\/news\/2014\/02\/14\/les-ventes-au-detail-us-en-baisse\/#primaryimage"},"thumbnailUrl":"https:\/\/www.gold.fr\/news\/wp-content\/uploads\/2011\/10\/globe-or.jpg","keywords":["\u00e9conomie US","stagnation","ventes au d\u00e9tail"],"articleSection":["Articles de presse"],"inLanguage":"fr-FR"},{"@type":"WebPage","@id":"https:\/\/www.gold.fr\/news\/2014\/02\/14\/les-ventes-au-detail-us-en-baisse\/","url":"https:\/\/www.gold.fr\/news\/2014\/02\/14\/les-ventes-au-detail-us-en-baisse\/","name":"Les ventes au d\u00e9tail US en baisse - Gold.fr","isPartOf":{"@id":"https:\/\/www.gold.fr\/news\/#website"},"primaryImageOfPage":{"@id":"https:\/\/www.gold.fr\/news\/2014\/02\/14\/les-ventes-au-detail-us-en-baisse\/#primaryimage"},"image":{"@id":"https:\/\/www.gold.fr\/news\/2014\/02\/14\/les-ventes-au-detail-us-en-baisse\/#primaryimage"},"thumbnailUrl":"https:\/\/www.gold.fr\/news\/wp-content\/uploads\/2011\/10\/globe-or.jpg","datePublished":"2014-02-14T16:00:03+00:00","dateModified":"2018-02-22T13:42:37+00:00","author":{"@id":"https:\/\/www.gold.fr\/news\/#\/schema\/person\/760ee7cec237915eebf2be78df0404c4"},"breadcrumb":{"@id":"https:\/\/www.gold.fr\/news\/2014\/02\/14\/les-ventes-au-detail-us-en-baisse\/#breadcrumb"},"inLanguage":"fr-FR","potentialAction":[{"@type":"ReadAction","target":["https:\/\/www.gold.fr\/news\/2014\/02\/14\/les-ventes-au-detail-us-en-baisse\/"]}]},{"@type":"ImageObject","inLanguage":"fr-FR","@id":"https:\/\/www.gold.fr\/news\/2014\/02\/14\/les-ventes-au-detail-us-en-baisse\/#primaryimage","url":"https:\/\/www.gold.fr\/news\/wp-content\/uploads\/2011\/10\/globe-or.jpg","contentUrl":"https:\/\/www.gold.fr\/news\/wp-content\/uploads\/2011\/10\/globe-or.jpg","width":"600","height":"600","caption":"Des march\u00e9s port\u00e9s par les banques centrales"},{"@type":"BreadcrumbList","@id":"https:\/\/www.gold.fr\/news\/2014\/02\/14\/les-ventes-au-detail-us-en-baisse\/#breadcrumb","itemListElement":[{"@type":"ListItem","position":1,"name":"Accueil","item":"https:\/\/www.gold.fr\/"},{"@type":"ListItem","position":2,"name":"Actualit\u00e9s","item":"https:\/\/www.gold.fr\/news\/"},{"@type":"ListItem","position":3,"name":"Les ventes au d\u00e9tail US en baisse"}]},{"@type":"WebSite","@id":"https:\/\/www.gold.fr\/news\/#website","url":"https:\/\/www.gold.fr\/news\/","name":"Gold.fr","description":"Actualit\u00e9s de l&#039;Or et des m\u00e9taux pr\u00e9cieux","potentialAction":[{"@type":"SearchAction","target":{"@type":"EntryPoint","urlTemplate":"https:\/\/www.gold.fr\/news\/?s={search_term_string}"},"query-input":{"@type":"PropertyValueSpecification","valueRequired":true,"valueName":"search_term_string"}}],"inLanguage":"fr-FR"},{"@type":"Person","@id":"https:\/\/www.gold.fr\/news\/#\/schema\/person\/760ee7cec237915eebf2be78df0404c4","name":"Comptoir National de l'Or","image":{"@type":"ImageObject","inLanguage":"fr-FR","@id":"https:\/\/www.gold.fr\/news\/#\/schema\/person\/image\/c36675942654553a86039d2dfa93c740","url":"https:\/\/secure.gravatar.com\/avatar\/713f289e398d35ead876c4a4cc08607f0d6d266058cfc25683fffb6092d0e572?s=96&d=mm&r=g","contentUrl":"https:\/\/secure.gravatar.com\/avatar\/713f289e398d35ead876c4a4cc08607f0d6d266058cfc25683fffb6092d0e572?s=96&d=mm&r=g","caption":"Comptoir National de l'Or"},"description":"Notre r\u00e9daction est constitu\u00e9e de membres experts dans les m\u00e9tiers de l'\u00e9conomie et la gestion, des Responsables d'agence Comptoir National de l'Or, des analystes financiers qui publient r\u00e9guli\u00e8rement des \u00e9tudes sur les politiques des banques centrales, le cours de l'or, prix de l'or, cours de l'argent, prix de l'argent, cours du platine, cours du palladium,... la situation en zone euro et l'impact de la strat\u00e9gie mon\u00e9taire de la FED. Notre \u00e9quipe scrute \u00e9galement une information plus g\u00e9n\u00e9raliste \u00e0 la recherche d'actualit\u00e9 \"p\u00e9pite\" \u00e0 vous partager. Depuis 5 ans, nous avons publi\u00e9 un peu plus de 4000 articles qui s'adressent \u00e0 un public large et vari\u00e9 ayant pour objectif de satisfaire votre curiosit\u00e9 et de partager avec vous une certaine fascination pour le m\u00e9tal jaune, le rachat d'or, et pour ceux qui veulent investir dans l'or, vendre leur or tout simplement en savoir plus... Pour tous vos achat or et argent, n'h\u00e9sitez pas \u00e0 prendre rendez-vous dans l'un de nos nombreux comptoirs.","sameAs":["https:\/\/www.gold.fr"]}]}},"authors":[{"term_id":2565,"user_id":18,"is_guest":0,"slug":"julie","display_name":"Comptoir National de l'Or","avatar_url":"https:\/\/secure.gravatar.com\/avatar\/713f289e398d35ead876c4a4cc08607f0d6d266058cfc25683fffb6092d0e572?s=96&d=mm&r=g","0":null,"1":"","2":"","3":"","4":"","5":"","6":"","7":"","8":""}],"_links":{"self":[{"href":"https:\/\/www.gold.fr\/news\/wp-json\/wp\/v2\/posts\/13926","targetHints":{"allow":["GET"]}}],"collection":[{"href":"https:\/\/www.gold.fr\/news\/wp-json\/wp\/v2\/posts"}],"about":[{"href":"https:\/\/www.gold.fr\/news\/wp-json\/wp\/v2\/types\/post"}],"author":[{"embeddable":true,"href":"https:\/\/www.gold.fr\/news\/wp-json\/wp\/v2\/users\/18"}],"replies":[{"embeddable":true,"href":"https:\/\/www.gold.fr\/news\/wp-json\/wp\/v2\/comments?post=13926"}],"version-history":[{"count":0,"href":"https:\/\/www.gold.fr\/news\/wp-json\/wp\/v2\/posts\/13926\/revisions"}],"wp:featuredmedia":[{"embeddable":true,"href":"https:\/\/www.gold.fr\/news\/wp-json\/wp\/v2\/media\/2717"}],"wp:attachment":[{"href":"https:\/\/www.gold.fr\/news\/wp-json\/wp\/v2\/media?parent=13926"}],"wp:term":[{"taxonomy":"category","embeddable":true,"href":"https:\/\/www.gold.fr\/news\/wp-json\/wp\/v2\/categories?post=13926"},{"taxonomy":"post_tag","embeddable":true,"href":"https:\/\/www.gold.fr\/news\/wp-json\/wp\/v2\/tags?post=13926"},{"taxonomy":"author","embeddable":true,"href":"https:\/\/www.gold.fr\/news\/wp-json\/wp\/v2\/ppma_author?post=13926"}],"curies":[{"name":"wp","href":"https:\/\/api.w.org\/{rel}","templated":true}]}}