{"id":13914,"date":"2014-02-13T09:00:50","date_gmt":"2014-02-13T08:00:50","guid":{"rendered":"https:\/\/www.gold.fr\/news\/?p=13914"},"modified":"2018-02-22T14:42:43","modified_gmt":"2018-02-22T13:42:43","slug":"le-metal-jaune-atteint-un-sommet-trimestriel","status":"publish","type":"post","link":"https:\/\/www.gold.fr\/news\/2014\/02\/13\/le-metal-jaune-atteint-un-sommet-trimestriel\/","title":{"rendered":"Le m\u00e9tal jaune atteint un sommet trimestriel"},"content":{"rendered":"<p><img loading=\"lazy\" decoding=\"async\" class=\"alignleft size-thumbnail wp-image-7980\" title=\"Le m\u00e9tal jaune atteint un sommet trimestriel\" src=\"https:\/\/www.gold.fr\/news\/wp-content\/uploads\/2012\/06\/lingotins-or-pieces-or-150x150.jpg\" alt=\"\" width=\"150\" height=\"150\" \/><span style=\"font-size: small;\">Ayant d\u00e9pass\u00e9 <a title=\"L\u2019or \u00e0 son sommet du dernier trimestre\" href=\"https:\/\/www.gold.fr\/news\/2014\/02\/12\/lor-a-son-sommet-du-dernier-trimestre\/13909\/\" target=\"_blank\">le palier technique inattendu des <strong>1 280 <a href='https:\/\/www.gold.fr\/news\/tags\/investissement' class='esk-seo-plu-link'>dollars<\/a><\/strong> l\u2019once<\/a>, le <a href='https:\/\/www.gold.fr\/news\/tags\/or' class='esk-seo-plu-link'>m\u00e9tal jaune<\/a> s&rsquo;est rapidement retrouv\u00e9 \u00e0 son sommet des trois derniers mois, brisant son record du 18 novembre 2013, pour viser d\u00e9sormais les <strong>1 290 <a href='https:\/\/www.gold.fr\/news\/tags\/investissement' class='esk-seo-plu-link'>dollars<\/a><\/strong>.<\/span>    <span style=\"font-size: small;\"> Selon les experts, cette envol\u00e9e du march\u00e9 aurif\u00e8re surviendrait en raison des inqui\u00e9tudes persistantes entourant la situation \u00e9conomique des pays \u00e9mergeants, comme le soulignent les analystes de <strong>RTFX<\/strong> qui estiment que \u00ab <em>le <a href='https:\/\/www.gold.fr\/news\/tags\/or' class='esk-seo-plu-link'>m\u00e9tal jaune<\/a> est l&rsquo;actif le plus performant depuis les mesures prises par la FED vis-\u00e0-vis de son QE en d\u00e9cembre, s&rsquo;appr\u00e9ciant de plus de 3,5% depuis <\/em>\u00bb, dans la mesure o\u00f9 l&rsquo;<a href='https:\/\/www.gold.fr\/news\/tags\/or' class='esk-seo-plu-link'>or<\/a> semble aujourd&rsquo;hui \u00ab <em>plus sensible au regain d&rsquo;inqui\u00e9tude dans les pays \u00e9mergents et au dossier du plafond de la dette am\u00e9ricaine plut\u00f4t qu&rsquo;au &lsquo;<strong>tapering<\/strong>&lsquo;<\/em> \u00bb.<\/span>    <span style=\"font-size: small;\"> C\u00f4t\u00e9 <strong>ETF<\/strong>, c&rsquo;est toutefois le calme plat, le volume enregistr\u00e9 par la <strong>SPDR Gold Shares<\/strong> demeurant inalt\u00e9r\u00e9 depuis le d\u00e9but du mois. En d\u00e9pit de l&rsquo;apathie de ce secteur du march\u00e9, les analystes de <strong>Commerzbank<\/strong> estiment que la demande chinoise (demande sur <a href='https:\/\/www.gold.fr\/news\/tags\/or' class='esk-seo-plu-link'>or<\/a> physique) repr\u00e9sente indiscutablement l&rsquo;un des points forts du moment. Ils rappellent en effet que \u00ab <em>lors de la s\u00e9ance de reprise qui a suivi la semaine de jours f\u00e9ri\u00e9s du Nouvel An, en Chine (sur le march\u00e9 de l&rsquo;<a href='https:\/\/www.gold.fr\/news\/tags\/or' class='esk-seo-plu-link'>or<\/a> de Shanghai), le volume \u00e9chang\u00e9 a atteint 25,7 tonnes, son plus haut niveau depuis le d\u00e9but du mois de mai 2013, soulignant ainsi la robustesse de la demande chinoise<\/em> \u00bb.<\/span>    <span style=\"font-size: small;\"> Donc, en d\u00e9pit de l&rsquo;attention que retient en ce moment le d\u00e9veloppement des d\u00e9cisions de la r\u00e9serve f\u00e9d\u00e9rale am\u00e9ricaine \u2013ainsi que de celle de son homologue europ\u00e9enne (<strong>BCE<\/strong>) \u2013, il semblerait que le <a href='https:\/\/www.gold.fr\/news\/tags\/or' class='esk-seo-plu-link'>m\u00e9tal jaune<\/a> ait d\u00e9finitivement repris du service \u00e0 son poste attitr\u00e9 de <a href='https:\/\/www.gold.fr\/news\/tags\/investissement' class='esk-seo-plu-link'>valeur refuge<\/a>.<\/span><\/p>\n<!-- AddThis Advanced Settings generic via filter on the_content --><!-- AddThis Share Buttons generic via filter on the_content -->","protected":false},"excerpt":{"rendered":"<p>Ayant d\u00e9pass\u00e9 le palier technique inattendu des 1 280 dollars l\u2019once, le m\u00e9tal jaune s&rsquo;est rapidement retrouv\u00e9 \u00e0 son sommet des trois derniers mois, brisant son record du 18 novembre 2013, pour viser d\u00e9sormais les 1 [&hellip;]<\/p>\n","protected":false},"author":18,"featured_media":7980,"comment_status":"open","ping_status":"open","sticky":false,"template":"","format":"standard","meta":{"_mbp_gutenberg_autopost":false,"_pgmb_is_evergreen":false,"_pgmb_ap_template_id":0,"footnotes":""},"categories":[6],"tags":[961,1045,1047,1672],"ppma_author":[2565],"class_list":["post-13914","post","type-post","status-publish","format-standard","has-post-thumbnail","hentry","category-articles-de-presse","tag-cours-or","tag-hausse-or","tag-marche-aurifere","tag-tapering"],"yoast_head":"<!-- This site is optimized with the Yoast SEO plugin v27.5 - https:\/\/yoast.com\/product\/yoast-seo-wordpress\/ -->\n<title>Le m\u00e9tal jaune atteint un sommet trimestriel - Gold.fr<\/title>\n<meta name=\"robots\" content=\"index, follow, max-snippet:-1, max-image-preview:large, max-video-preview:-1\" \/>\n<link rel=\"canonical\" href=\"https:\/\/www.gold.fr\/news\/2014\/02\/13\/le-metal-jaune-atteint-un-sommet-trimestriel\/\" \/>\n<meta property=\"og:locale\" content=\"fr_FR\" \/>\n<meta property=\"og:type\" content=\"article\" \/>\n<meta property=\"og:title\" content=\"Le m\u00e9tal jaune atteint un sommet trimestriel - Gold.fr\" \/>\n<meta property=\"og:description\" content=\"Ayant d\u00e9pass\u00e9 le palier technique inattendu des 1 280 dollars l\u2019once, le m\u00e9tal jaune s&rsquo;est rapidement retrouv\u00e9 \u00e0 son sommet des trois derniers mois, brisant son record du 18 novembre 2013, pour viser d\u00e9sormais les 1 [&hellip;]\" \/>\n<meta property=\"og:url\" content=\"https:\/\/www.gold.fr\/news\/2014\/02\/13\/le-metal-jaune-atteint-un-sommet-trimestriel\/\" \/>\n<meta property=\"og:site_name\" content=\"Gold.fr\" \/>\n<meta property=\"article:publisher\" content=\"https:\/\/www.facebook.com\/Goldfr\/\" \/>\n<meta property=\"article:published_time\" content=\"2014-02-13T08:00:50+00:00\" \/>\n<meta property=\"article:modified_time\" content=\"2018-02-22T13:42:43+00:00\" \/>\n<meta property=\"og:image\" content=\"https:\/\/www.gold.fr\/news\/wp-content\/uploads\/2012\/06\/lingotins-or-pieces-or.jpg\" \/>\n\t<meta property=\"og:image:width\" content=\"600\" \/>\n\t<meta property=\"og:image:height\" content=\"401\" \/>\n\t<meta property=\"og:image:type\" content=\"image\/jpeg\" \/>\n<meta name=\"author\" content=\"Comptoir National de l&#039;Or\" \/>\n<meta name=\"twitter:card\" content=\"summary_large_image\" \/>\n<meta name=\"twitter:label1\" content=\"\u00c9crit par\" \/>\n\t<meta name=\"twitter:data1\" content=\"Comptoir National de l&#039;Or\" \/>\n\t<meta name=\"twitter:label2\" content=\"Dur\u00e9e de lecture estim\u00e9e\" \/>\n\t<meta name=\"twitter:data2\" content=\"2 minutes\" \/>\n<script type=\"application\/ld+json\" class=\"yoast-schema-graph\">{\"@context\":\"https:\\\/\\\/schema.org\",\"@graph\":[{\"@type\":\"Article\",\"@id\":\"https:\\\/\\\/www.gold.fr\\\/news\\\/2014\\\/02\\\/13\\\/le-metal-jaune-atteint-un-sommet-trimestriel\\\/#article\",\"isPartOf\":{\"@id\":\"https:\\\/\\\/www.gold.fr\\\/news\\\/2014\\\/02\\\/13\\\/le-metal-jaune-atteint-un-sommet-trimestriel\\\/\"},\"author\":{\"name\":\"Comptoir National de l'Or\",\"@id\":\"https:\\\/\\\/www.gold.fr\\\/news\\\/#\\\/schema\\\/person\\\/070491b4b4fb7671bf59b3be20302ce9\"},\"headline\":\"Le m\u00e9tal jaune atteint un sommet trimestriel\",\"datePublished\":\"2014-02-13T08:00:50+00:00\",\"dateModified\":\"2018-02-22T13:42:43+00:00\",\"mainEntityOfPage\":{\"@id\":\"https:\\\/\\\/www.gold.fr\\\/news\\\/2014\\\/02\\\/13\\\/le-metal-jaune-atteint-un-sommet-trimestriel\\\/\"},\"wordCount\":322,\"commentCount\":0,\"image\":{\"@id\":\"https:\\\/\\\/www.gold.fr\\\/news\\\/2014\\\/02\\\/13\\\/le-metal-jaune-atteint-un-sommet-trimestriel\\\/#primaryimage\"},\"thumbnailUrl\":\"https:\\\/\\\/www.gold.fr\\\/news\\\/wp-content\\\/uploads\\\/2012\\\/06\\\/lingotins-or-pieces-or.jpg\",\"keywords\":[\"cours or\",\"hausse or\",\"march\u00e9 aurif\u00e8re\",\"tapering\"],\"articleSection\":[\"Articles de presse\"],\"inLanguage\":\"fr-FR\"},{\"@type\":\"WebPage\",\"@id\":\"https:\\\/\\\/www.gold.fr\\\/news\\\/2014\\\/02\\\/13\\\/le-metal-jaune-atteint-un-sommet-trimestriel\\\/\",\"url\":\"https:\\\/\\\/www.gold.fr\\\/news\\\/2014\\\/02\\\/13\\\/le-metal-jaune-atteint-un-sommet-trimestriel\\\/\",\"name\":\"Le m\u00e9tal jaune atteint un sommet trimestriel - Gold.fr\",\"isPartOf\":{\"@id\":\"https:\\\/\\\/www.gold.fr\\\/news\\\/#website\"},\"primaryImageOfPage\":{\"@id\":\"https:\\\/\\\/www.gold.fr\\\/news\\\/2014\\\/02\\\/13\\\/le-metal-jaune-atteint-un-sommet-trimestriel\\\/#primaryimage\"},\"image\":{\"@id\":\"https:\\\/\\\/www.gold.fr\\\/news\\\/2014\\\/02\\\/13\\\/le-metal-jaune-atteint-un-sommet-trimestriel\\\/#primaryimage\"},\"thumbnailUrl\":\"https:\\\/\\\/www.gold.fr\\\/news\\\/wp-content\\\/uploads\\\/2012\\\/06\\\/lingotins-or-pieces-or.jpg\",\"datePublished\":\"2014-02-13T08:00:50+00:00\",\"dateModified\":\"2018-02-22T13:42:43+00:00\",\"author\":{\"@id\":\"https:\\\/\\\/www.gold.fr\\\/news\\\/#\\\/schema\\\/person\\\/070491b4b4fb7671bf59b3be20302ce9\"},\"breadcrumb\":{\"@id\":\"https:\\\/\\\/www.gold.fr\\\/news\\\/2014\\\/02\\\/13\\\/le-metal-jaune-atteint-un-sommet-trimestriel\\\/#breadcrumb\"},\"inLanguage\":\"fr-FR\",\"potentialAction\":[{\"@type\":\"ReadAction\",\"target\":[\"https:\\\/\\\/www.gold.fr\\\/news\\\/2014\\\/02\\\/13\\\/le-metal-jaune-atteint-un-sommet-trimestriel\\\/\"]}]},{\"@type\":\"ImageObject\",\"inLanguage\":\"fr-FR\",\"@id\":\"https:\\\/\\\/www.gold.fr\\\/news\\\/2014\\\/02\\\/13\\\/le-metal-jaune-atteint-un-sommet-trimestriel\\\/#primaryimage\",\"url\":\"https:\\\/\\\/www.gold.fr\\\/news\\\/wp-content\\\/uploads\\\/2012\\\/06\\\/lingotins-or-pieces-or.jpg\",\"contentUrl\":\"https:\\\/\\\/www.gold.fr\\\/news\\\/wp-content\\\/uploads\\\/2012\\\/06\\\/lingotins-or-pieces-or.jpg\",\"width\":\"600\",\"height\":\"401\",\"caption\":\"FOMC : Les march\u00e9s se remettent lentement\"},{\"@type\":\"BreadcrumbList\",\"@id\":\"https:\\\/\\\/www.gold.fr\\\/news\\\/2014\\\/02\\\/13\\\/le-metal-jaune-atteint-un-sommet-trimestriel\\\/#breadcrumb\",\"itemListElement\":[{\"@type\":\"ListItem\",\"position\":1,\"name\":\"Accueil\",\"item\":\"https:\\\/\\\/www.gold.fr\\\/\"},{\"@type\":\"ListItem\",\"position\":2,\"name\":\"Actualit\u00e9s\",\"item\":\"https:\\\/\\\/www.gold.fr\\\/news\\\/\"},{\"@type\":\"ListItem\",\"position\":3,\"name\":\"Le m\u00e9tal jaune atteint un sommet trimestriel\"}]},{\"@type\":\"WebSite\",\"@id\":\"https:\\\/\\\/www.gold.fr\\\/news\\\/#website\",\"url\":\"https:\\\/\\\/www.gold.fr\\\/news\\\/\",\"name\":\"Gold.fr\",\"description\":\"Actualit\u00e9s de l&#039;Or et des m\u00e9taux pr\u00e9cieux\",\"potentialAction\":[{\"@type\":\"SearchAction\",\"target\":{\"@type\":\"EntryPoint\",\"urlTemplate\":\"https:\\\/\\\/www.gold.fr\\\/news\\\/?s={search_term_string}\"},\"query-input\":{\"@type\":\"PropertyValueSpecification\",\"valueRequired\":true,\"valueName\":\"search_term_string\"}}],\"inLanguage\":\"fr-FR\"},{\"@type\":\"Person\",\"@id\":\"https:\\\/\\\/www.gold.fr\\\/news\\\/#\\\/schema\\\/person\\\/070491b4b4fb7671bf59b3be20302ce9\",\"name\":\"Comptoir National de l'Or\",\"image\":{\"@type\":\"ImageObject\",\"inLanguage\":\"fr-FR\",\"@id\":\"https:\\\/\\\/secure.gravatar.com\\\/avatar\\\/0a2867fd5abe37bed95d5a65e9d58f01756e11efc68af9888dfc50cfa7f65948?s=96&d=mm&r=gb490554db0a38188709de567aa58480d\",\"url\":\"https:\\\/\\\/secure.gravatar.com\\\/avatar\\\/0a2867fd5abe37bed95d5a65e9d58f01756e11efc68af9888dfc50cfa7f65948?s=96&d=mm&r=g\",\"contentUrl\":\"https:\\\/\\\/secure.gravatar.com\\\/avatar\\\/0a2867fd5abe37bed95d5a65e9d58f01756e11efc68af9888dfc50cfa7f65948?s=96&d=mm&r=g\",\"caption\":\"Comptoir National de l'Or\"},\"description\":\"Notre r\u00e9daction est constitu\u00e9e de membres experts dans les m\u00e9tiers de l'\u00e9conomie et la gestion, des Responsables d'agence Comptoir National de l'Or, des analystes financiers qui publient r\u00e9guli\u00e8rement des \u00e9tudes sur les politiques des banques centrales, le cours de l'or, prix de l'or, cours de l'argent, prix de l'argent, cours du platine, cours du palladium,... la situation en zone euro et l'impact de la strat\u00e9gie mon\u00e9taire de la FED. Notre \u00e9quipe scrute \u00e9galement une information plus g\u00e9n\u00e9raliste \u00e0 la recherche d'actualit\u00e9 \\\"p\u00e9pite\\\" \u00e0 vous partager. Depuis 5 ans, nous avons publi\u00e9 un peu plus de 4000 articles qui s'adressent \u00e0 un public large et vari\u00e9 ayant pour objectif de satisfaire votre curiosit\u00e9 et de partager avec vous une certaine fascination pour le m\u00e9tal jaune, le rachat d'or, et pour ceux qui veulent investir dans l'or, vendre leur or tout simplement en savoir plus... Pour tous vos achat or et argent, n'h\u00e9sitez pas \u00e0 prendre rendez-vous dans l'un de nos nombreux comptoirs.\",\"sameAs\":[\"https:\\\/\\\/www.gold.fr\"]}]}<\/script>\n<!-- \/ Yoast SEO plugin. -->","yoast_head_json":{"title":"Le m\u00e9tal jaune atteint un sommet trimestriel - Gold.fr","robots":{"index":"index","follow":"follow","max-snippet":"max-snippet:-1","max-image-preview":"max-image-preview:large","max-video-preview":"max-video-preview:-1"},"canonical":"https:\/\/www.gold.fr\/news\/2014\/02\/13\/le-metal-jaune-atteint-un-sommet-trimestriel\/","og_locale":"fr_FR","og_type":"article","og_title":"Le m\u00e9tal jaune atteint un sommet trimestriel - Gold.fr","og_description":"Ayant d\u00e9pass\u00e9 le palier technique inattendu des 1 280 dollars l\u2019once, le m\u00e9tal jaune s&rsquo;est rapidement retrouv\u00e9 \u00e0 son sommet des trois derniers mois, brisant son record du 18 novembre 2013, pour viser d\u00e9sormais les 1 [&hellip;]","og_url":"https:\/\/www.gold.fr\/news\/2014\/02\/13\/le-metal-jaune-atteint-un-sommet-trimestriel\/","og_site_name":"Gold.fr","article_publisher":"https:\/\/www.facebook.com\/Goldfr\/","article_published_time":"2014-02-13T08:00:50+00:00","article_modified_time":"2018-02-22T13:42:43+00:00","og_image":[{"width":600,"height":401,"url":"https:\/\/www.gold.fr\/news\/wp-content\/uploads\/2012\/06\/lingotins-or-pieces-or.jpg","type":"image\/jpeg"}],"author":"Comptoir National de l'Or","twitter_card":"summary_large_image","twitter_misc":{"\u00c9crit par":"Comptoir National de l'Or","Dur\u00e9e de lecture estim\u00e9e":"2 minutes"},"schema":{"@context":"https:\/\/schema.org","@graph":[{"@type":"Article","@id":"https:\/\/www.gold.fr\/news\/2014\/02\/13\/le-metal-jaune-atteint-un-sommet-trimestriel\/#article","isPartOf":{"@id":"https:\/\/www.gold.fr\/news\/2014\/02\/13\/le-metal-jaune-atteint-un-sommet-trimestriel\/"},"author":{"name":"Comptoir National de l'Or","@id":"https:\/\/www.gold.fr\/news\/#\/schema\/person\/070491b4b4fb7671bf59b3be20302ce9"},"headline":"Le m\u00e9tal jaune atteint un sommet trimestriel","datePublished":"2014-02-13T08:00:50+00:00","dateModified":"2018-02-22T13:42:43+00:00","mainEntityOfPage":{"@id":"https:\/\/www.gold.fr\/news\/2014\/02\/13\/le-metal-jaune-atteint-un-sommet-trimestriel\/"},"wordCount":322,"commentCount":0,"image":{"@id":"https:\/\/www.gold.fr\/news\/2014\/02\/13\/le-metal-jaune-atteint-un-sommet-trimestriel\/#primaryimage"},"thumbnailUrl":"https:\/\/www.gold.fr\/news\/wp-content\/uploads\/2012\/06\/lingotins-or-pieces-or.jpg","keywords":["cours or","hausse or","march\u00e9 aurif\u00e8re","tapering"],"articleSection":["Articles de presse"],"inLanguage":"fr-FR"},{"@type":"WebPage","@id":"https:\/\/www.gold.fr\/news\/2014\/02\/13\/le-metal-jaune-atteint-un-sommet-trimestriel\/","url":"https:\/\/www.gold.fr\/news\/2014\/02\/13\/le-metal-jaune-atteint-un-sommet-trimestriel\/","name":"Le m\u00e9tal jaune atteint un sommet trimestriel - Gold.fr","isPartOf":{"@id":"https:\/\/www.gold.fr\/news\/#website"},"primaryImageOfPage":{"@id":"https:\/\/www.gold.fr\/news\/2014\/02\/13\/le-metal-jaune-atteint-un-sommet-trimestriel\/#primaryimage"},"image":{"@id":"https:\/\/www.gold.fr\/news\/2014\/02\/13\/le-metal-jaune-atteint-un-sommet-trimestriel\/#primaryimage"},"thumbnailUrl":"https:\/\/www.gold.fr\/news\/wp-content\/uploads\/2012\/06\/lingotins-or-pieces-or.jpg","datePublished":"2014-02-13T08:00:50+00:00","dateModified":"2018-02-22T13:42:43+00:00","author":{"@id":"https:\/\/www.gold.fr\/news\/#\/schema\/person\/070491b4b4fb7671bf59b3be20302ce9"},"breadcrumb":{"@id":"https:\/\/www.gold.fr\/news\/2014\/02\/13\/le-metal-jaune-atteint-un-sommet-trimestriel\/#breadcrumb"},"inLanguage":"fr-FR","potentialAction":[{"@type":"ReadAction","target":["https:\/\/www.gold.fr\/news\/2014\/02\/13\/le-metal-jaune-atteint-un-sommet-trimestriel\/"]}]},{"@type":"ImageObject","inLanguage":"fr-FR","@id":"https:\/\/www.gold.fr\/news\/2014\/02\/13\/le-metal-jaune-atteint-un-sommet-trimestriel\/#primaryimage","url":"https:\/\/www.gold.fr\/news\/wp-content\/uploads\/2012\/06\/lingotins-or-pieces-or.jpg","contentUrl":"https:\/\/www.gold.fr\/news\/wp-content\/uploads\/2012\/06\/lingotins-or-pieces-or.jpg","width":"600","height":"401","caption":"FOMC : Les march\u00e9s se remettent lentement"},{"@type":"BreadcrumbList","@id":"https:\/\/www.gold.fr\/news\/2014\/02\/13\/le-metal-jaune-atteint-un-sommet-trimestriel\/#breadcrumb","itemListElement":[{"@type":"ListItem","position":1,"name":"Accueil","item":"https:\/\/www.gold.fr\/"},{"@type":"ListItem","position":2,"name":"Actualit\u00e9s","item":"https:\/\/www.gold.fr\/news\/"},{"@type":"ListItem","position":3,"name":"Le m\u00e9tal jaune atteint un sommet trimestriel"}]},{"@type":"WebSite","@id":"https:\/\/www.gold.fr\/news\/#website","url":"https:\/\/www.gold.fr\/news\/","name":"Gold.fr","description":"Actualit\u00e9s de l&#039;Or et des m\u00e9taux pr\u00e9cieux","potentialAction":[{"@type":"SearchAction","target":{"@type":"EntryPoint","urlTemplate":"https:\/\/www.gold.fr\/news\/?s={search_term_string}"},"query-input":{"@type":"PropertyValueSpecification","valueRequired":true,"valueName":"search_term_string"}}],"inLanguage":"fr-FR"},{"@type":"Person","@id":"https:\/\/www.gold.fr\/news\/#\/schema\/person\/070491b4b4fb7671bf59b3be20302ce9","name":"Comptoir National de l'Or","image":{"@type":"ImageObject","inLanguage":"fr-FR","@id":"https:\/\/secure.gravatar.com\/avatar\/0a2867fd5abe37bed95d5a65e9d58f01756e11efc68af9888dfc50cfa7f65948?s=96&d=mm&r=gb490554db0a38188709de567aa58480d","url":"https:\/\/secure.gravatar.com\/avatar\/0a2867fd5abe37bed95d5a65e9d58f01756e11efc68af9888dfc50cfa7f65948?s=96&d=mm&r=g","contentUrl":"https:\/\/secure.gravatar.com\/avatar\/0a2867fd5abe37bed95d5a65e9d58f01756e11efc68af9888dfc50cfa7f65948?s=96&d=mm&r=g","caption":"Comptoir National de l'Or"},"description":"Notre r\u00e9daction est constitu\u00e9e de membres experts dans les m\u00e9tiers de l'\u00e9conomie et la gestion, des Responsables d'agence Comptoir National de l'Or, des analystes financiers qui publient r\u00e9guli\u00e8rement des \u00e9tudes sur les politiques des banques centrales, le cours de l'or, prix de l'or, cours de l'argent, prix de l'argent, cours du platine, cours du palladium,... la situation en zone euro et l'impact de la strat\u00e9gie mon\u00e9taire de la FED. Notre \u00e9quipe scrute \u00e9galement une information plus g\u00e9n\u00e9raliste \u00e0 la recherche d'actualit\u00e9 \"p\u00e9pite\" \u00e0 vous partager. Depuis 5 ans, nous avons publi\u00e9 un peu plus de 4000 articles qui s'adressent \u00e0 un public large et vari\u00e9 ayant pour objectif de satisfaire votre curiosit\u00e9 et de partager avec vous une certaine fascination pour le m\u00e9tal jaune, le rachat d'or, et pour ceux qui veulent investir dans l'or, vendre leur or tout simplement en savoir plus... Pour tous vos achat or et argent, n'h\u00e9sitez pas \u00e0 prendre rendez-vous dans l'un de nos nombreux comptoirs.","sameAs":["https:\/\/www.gold.fr"]}]}},"authors":[{"term_id":2565,"user_id":18,"is_guest":0,"slug":"julie","display_name":"Comptoir National de l'Or","avatar_url":"https:\/\/secure.gravatar.com\/avatar\/713f289e398d35ead876c4a4cc08607f0d6d266058cfc25683fffb6092d0e572?s=96&d=mm&r=g","0":null,"1":"","2":"","3":"","4":"","5":"","6":"","7":"","8":""}],"_links":{"self":[{"href":"https:\/\/www.gold.fr\/news\/wp-json\/wp\/v2\/posts\/13914","targetHints":{"allow":["GET"]}}],"collection":[{"href":"https:\/\/www.gold.fr\/news\/wp-json\/wp\/v2\/posts"}],"about":[{"href":"https:\/\/www.gold.fr\/news\/wp-json\/wp\/v2\/types\/post"}],"author":[{"embeddable":true,"href":"https:\/\/www.gold.fr\/news\/wp-json\/wp\/v2\/users\/18"}],"replies":[{"embeddable":true,"href":"https:\/\/www.gold.fr\/news\/wp-json\/wp\/v2\/comments?post=13914"}],"version-history":[{"count":0,"href":"https:\/\/www.gold.fr\/news\/wp-json\/wp\/v2\/posts\/13914\/revisions"}],"wp:featuredmedia":[{"embeddable":true,"href":"https:\/\/www.gold.fr\/news\/wp-json\/wp\/v2\/media\/7980"}],"wp:attachment":[{"href":"https:\/\/www.gold.fr\/news\/wp-json\/wp\/v2\/media?parent=13914"}],"wp:term":[{"taxonomy":"category","embeddable":true,"href":"https:\/\/www.gold.fr\/news\/wp-json\/wp\/v2\/categories?post=13914"},{"taxonomy":"post_tag","embeddable":true,"href":"https:\/\/www.gold.fr\/news\/wp-json\/wp\/v2\/tags?post=13914"},{"taxonomy":"author","embeddable":true,"href":"https:\/\/www.gold.fr\/news\/wp-json\/wp\/v2\/ppma_author?post=13914"}],"curies":[{"name":"wp","href":"https:\/\/api.w.org\/{rel}","templated":true}]}}