{"id":13906,"date":"2014-02-12T09:00:18","date_gmt":"2014-02-12T08:00:18","guid":{"rendered":"https:\/\/www.gold.fr\/news\/?p=13906"},"modified":"2018-02-22T14:42:48","modified_gmt":"2018-02-22T13:42:48","slug":"lor-au-sommet-de-sa-formeen-depit-de-la-fed","status":"publish","type":"post","link":"https:\/\/www.gold.fr\/news\/2014\/02\/12\/lor-au-sommet-de-sa-formeen-depit-de-la-fed\/","title":{"rendered":"L\u2019or au sommet de sa forme\u2026en d\u00e9pit de la FED"},"content":{"rendered":"<p><img loading=\"lazy\" decoding=\"async\" class=\"alignleft size-thumbnail wp-image-13811\" title=\"L\u2019or au sommet de sa forme\u2026en d\u00e9pit de la FED\" src=\"https:\/\/www.gold.fr\/news\/wp-content\/uploads\/2014\/02\/Ru\u00e9e-vers-lor-150x150.jpg\" alt=\"\" width=\"150\" height=\"150\" \/><span style=\"font-size: small;\">Apr\u00e8s quelques semaines successives de \u00ab <em>d\u00e9samour <\/em>\u00bb avec les op\u00e9rateurs des march\u00e9s, le <a href='https:\/\/www.gold.fr\/news\/tags\/or' class='esk-seo-plu-link'>m\u00e9tal jaune<\/a> semble enfin r\u00e9cup\u00e9rer quelques couleurs dor\u00e9es et reprendre ainsi sa place de <a href='https:\/\/www.gold.fr\/news\/tags\/investissement' class='esk-seo-plu-link'>valeur refuge<\/a> pr\u00e9f\u00e9r\u00e9e des investisseurs.<\/span>    <span style=\"font-size: small;\"> Les r\u00e9centes d\u00e9cisions issues des derni\u00e8res r\u00e9unions du comit\u00e9 directeur de politique mon\u00e9taire de la r\u00e9serve f\u00e9d\u00e9rale am\u00e9ricaine avaient eu pour effet de plomber le march\u00e9 aurif\u00e8re, le ballotant d&rsquo;un creux de stagnation relative \u00e0 un autre. La <strong>FED<\/strong> avait en effet d\u00e9cid\u00e9, au mois de d\u00e9cembre <strong>2013<\/strong> de donner le coup d&rsquo;envoi de son programme de \u00ab <em>tapering <\/em>\u00bb, r\u00e9duisant les<strong> 85 milliards de <a href='https:\/\/www.gold.fr\/news\/tags\/investissement' class='esk-seo-plu-link'>dollars<\/a><\/strong> d&rsquo;injections mensuelles dans l&rsquo;\u00e9conomie US de <strong>10 milliards<\/strong> (en d\u00e9cembre), puis d&rsquo;une autre tranche de<strong> 10 milliards<\/strong> (janvier). Ces d\u00e9cisions avaient rassur\u00e9 les march\u00e9s financiers sur la sant\u00e9 et la reprise \u00e9conomique US, pla\u00e7ant les <a href='https:\/\/www.gold.fr\/news\/tags\/investissement' class='esk-seo-plu-link'>valeurs refuge<\/a> (avec l&rsquo;<a href='https:\/\/www.gold.fr\/news\/tags\/or' class='esk-seo-plu-link'>or<\/a> en t\u00eate) dans un second plan de <a href='https:\/\/www.gold.fr\/news\/tags\/investissement' class='esk-seo-plu-link'>placement<\/a> g\u00e9n\u00e9ral. Sans compter que, comme l&rsquo;expliquent les analystes du courtier londonien <strong>Triland Metals<\/strong>, dans la mesure o\u00f9 \u00ab<em> la pression s&rsquo;est all\u00e9g\u00e9e sur les march\u00e9s d&rsquo;<a href='https:\/\/www.gold.fr\/news\/tags\/investissement' class='esk-seo-plu-link'>actions<\/a> et les devises \u00e9mergentes, l&rsquo;attrait de l&rsquo;<a href='https:\/\/www.gold.fr\/news\/tags\/or' class='esk-seo-plu-link'>or<\/a> a disparu. Cela coupl\u00e9 avec la confirmation que la FED continue de r\u00e9duire ses injections mensuelles de liquidit\u00e9s (\u00e0 65 milliards de <a href='https:\/\/www.gold.fr\/news\/tags\/investissement' class='esk-seo-plu-link'>dollars<\/a> en f\u00e9vrier, contre 75 milliards en janvier, ndlr) a fait chuter l&rsquo;<a href='https:\/\/www.gold.fr\/news\/tags\/or' class='esk-seo-plu-link'>or<\/a> <\/em>\u00bb.<\/span>    <span style=\"font-size: small;\"> Toutefois, cette donne vient de s&rsquo;inverser, puisque les r\u00e9cents indicateurs en provenance des diff\u00e9rents d\u00e9partements \u00e9conomiques am\u00e9ricains ont montr\u00e9 de r\u00e9els signes de faiblesse, redorant le blason du march\u00e9 aurif\u00e8re, dans la foul\u00e9e.<\/span>  <span style=\"font-size: small;\"> <a title=\"L\u2019attentisme des march\u00e9s profite \u00e0 l\u2019or\" href=\"https:\/\/www.gold.fr\/news\/2014\/02\/11\/lattentisme-des-marches-profite-a-lor\/13899\/\" target=\"_blank\">L\u2019or vient de r\u00e9ussir l\u2019exploit de d\u00e9passer le palier des <strong>1 280 <a href='https:\/\/www.gold.fr\/news\/tags\/investissement' class='esk-seo-plu-link'>dollars<\/a><\/strong><\/a>, se rapprochant ainsi lentement mais surement de celui \u2013tr\u00e8s pris\u00e9 et d\u00e9cisif\u2013 des <strong>1 300 <a href='https:\/\/www.gold.fr\/news\/tags\/investissement' class='esk-seo-plu-link'>dollars<\/a><\/strong> <a title=\"Prix de l'Once d'Or\" href=\"https:\/\/www.gold.fr\/once-en\/\" target=\"_blank\">l\u2019once<\/a>.<\/span><\/p>\n<!-- AddThis Advanced Settings generic via filter on the_content --><!-- AddThis Share Buttons generic via filter on the_content -->","protected":false},"excerpt":{"rendered":"<p>Apr\u00e8s quelques semaines successives de \u00ab d\u00e9samour \u00bb avec les op\u00e9rateurs des march\u00e9s, le m\u00e9tal jaune semble enfin r\u00e9cup\u00e9rer quelques couleurs dor\u00e9es et reprendre ainsi sa place de valeur refuge pr\u00e9f\u00e9r\u00e9e des investisseurs. Les r\u00e9centes d\u00e9cisions [&hellip;]<\/p>\n","protected":false},"author":18,"featured_media":13811,"comment_status":"open","ping_status":"open","sticky":false,"template":"","format":"standard","meta":{"_mbp_gutenberg_autopost":false,"_pgmb_is_evergreen":false,"_pgmb_ap_template_id":0,"footnotes":""},"categories":[6],"tags":[1772,961,144,1410,1672],"ppma_author":[2565],"class_list":["post-13906","post","type-post","status-publish","format-standard","has-post-thumbnail","hentry","category-articles-de-presse","tag-cours-once-dor","tag-cours-or","tag-fed","tag-marches-financiers","tag-tapering"],"yoast_head":"<!-- This site is optimized with the Yoast SEO plugin v27.5 - https:\/\/yoast.com\/product\/yoast-seo-wordpress\/ -->\n<title>L\u2019or au sommet de sa forme\u2026en d\u00e9pit de la FED - Gold.fr<\/title>\n<meta name=\"robots\" content=\"index, follow, max-snippet:-1, max-image-preview:large, max-video-preview:-1\" \/>\n<link rel=\"canonical\" href=\"https:\/\/www.gold.fr\/news\/2014\/02\/12\/lor-au-sommet-de-sa-formeen-depit-de-la-fed\/\" \/>\n<meta property=\"og:locale\" content=\"fr_FR\" \/>\n<meta property=\"og:type\" content=\"article\" \/>\n<meta property=\"og:title\" content=\"L\u2019or au sommet de sa forme\u2026en d\u00e9pit de la FED - Gold.fr\" \/>\n<meta property=\"og:description\" content=\"Apr\u00e8s quelques semaines successives de \u00ab d\u00e9samour \u00bb avec les op\u00e9rateurs des march\u00e9s, le m\u00e9tal jaune semble enfin r\u00e9cup\u00e9rer quelques couleurs dor\u00e9es et reprendre ainsi sa place de valeur refuge pr\u00e9f\u00e9r\u00e9e des investisseurs. Les r\u00e9centes d\u00e9cisions [&hellip;]\" \/>\n<meta property=\"og:url\" content=\"https:\/\/www.gold.fr\/news\/2014\/02\/12\/lor-au-sommet-de-sa-formeen-depit-de-la-fed\/\" \/>\n<meta property=\"og:site_name\" content=\"Gold.fr\" \/>\n<meta property=\"article:publisher\" content=\"https:\/\/www.facebook.com\/Goldfr\/\" \/>\n<meta property=\"article:published_time\" content=\"2014-02-12T08:00:18+00:00\" \/>\n<meta property=\"article:modified_time\" content=\"2018-02-22T13:42:48+00:00\" \/>\n<meta property=\"og:image\" content=\"https:\/\/www.gold.fr\/news\/wp-content\/uploads\/2014\/02\/Ru\u00e9e-vers-lor.jpg\" \/>\n\t<meta property=\"og:image:width\" content=\"640\" \/>\n\t<meta property=\"og:image:height\" content=\"427\" \/>\n\t<meta property=\"og:image:type\" content=\"image\/jpeg\" \/>\n<meta name=\"author\" content=\"Comptoir National de l&#039;Or\" \/>\n<meta name=\"twitter:card\" content=\"summary_large_image\" \/>\n<meta name=\"twitter:label1\" content=\"\u00c9crit par\" \/>\n\t<meta name=\"twitter:data1\" content=\"Comptoir National de l&#039;Or\" \/>\n\t<meta name=\"twitter:label2\" content=\"Dur\u00e9e de lecture estim\u00e9e\" \/>\n\t<meta name=\"twitter:data2\" content=\"2 minutes\" \/>\n<script type=\"application\/ld+json\" class=\"yoast-schema-graph\">{\"@context\":\"https:\\\/\\\/schema.org\",\"@graph\":[{\"@type\":\"Article\",\"@id\":\"https:\\\/\\\/www.gold.fr\\\/news\\\/2014\\\/02\\\/12\\\/lor-au-sommet-de-sa-formeen-depit-de-la-fed\\\/#article\",\"isPartOf\":{\"@id\":\"https:\\\/\\\/www.gold.fr\\\/news\\\/2014\\\/02\\\/12\\\/lor-au-sommet-de-sa-formeen-depit-de-la-fed\\\/\"},\"author\":{\"name\":\"Comptoir National de l'Or\",\"@id\":\"https:\\\/\\\/www.gold.fr\\\/news\\\/#\\\/schema\\\/person\\\/070491b4b4fb7671bf59b3be20302ce9\"},\"headline\":\"L\u2019or au sommet de sa forme\u2026en d\u00e9pit de la FED\",\"datePublished\":\"2014-02-12T08:00:18+00:00\",\"dateModified\":\"2018-02-22T13:42:48+00:00\",\"mainEntityOfPage\":{\"@id\":\"https:\\\/\\\/www.gold.fr\\\/news\\\/2014\\\/02\\\/12\\\/lor-au-sommet-de-sa-formeen-depit-de-la-fed\\\/\"},\"wordCount\":337,\"commentCount\":0,\"image\":{\"@id\":\"https:\\\/\\\/www.gold.fr\\\/news\\\/2014\\\/02\\\/12\\\/lor-au-sommet-de-sa-formeen-depit-de-la-fed\\\/#primaryimage\"},\"thumbnailUrl\":\"https:\\\/\\\/www.gold.fr\\\/news\\\/wp-content\\\/uploads\\\/2014\\\/02\\\/Ru\u00e9e-vers-lor.jpg\",\"keywords\":[\"cours once d'or\",\"cours or\",\"fed\",\"march\u00e9s financiers\",\"tapering\"],\"articleSection\":[\"Articles de presse\"],\"inLanguage\":\"fr-FR\"},{\"@type\":\"WebPage\",\"@id\":\"https:\\\/\\\/www.gold.fr\\\/news\\\/2014\\\/02\\\/12\\\/lor-au-sommet-de-sa-formeen-depit-de-la-fed\\\/\",\"url\":\"https:\\\/\\\/www.gold.fr\\\/news\\\/2014\\\/02\\\/12\\\/lor-au-sommet-de-sa-formeen-depit-de-la-fed\\\/\",\"name\":\"L\u2019or au sommet de sa forme\u2026en d\u00e9pit de la FED - Gold.fr\",\"isPartOf\":{\"@id\":\"https:\\\/\\\/www.gold.fr\\\/news\\\/#website\"},\"primaryImageOfPage\":{\"@id\":\"https:\\\/\\\/www.gold.fr\\\/news\\\/2014\\\/02\\\/12\\\/lor-au-sommet-de-sa-formeen-depit-de-la-fed\\\/#primaryimage\"},\"image\":{\"@id\":\"https:\\\/\\\/www.gold.fr\\\/news\\\/2014\\\/02\\\/12\\\/lor-au-sommet-de-sa-formeen-depit-de-la-fed\\\/#primaryimage\"},\"thumbnailUrl\":\"https:\\\/\\\/www.gold.fr\\\/news\\\/wp-content\\\/uploads\\\/2014\\\/02\\\/Ru\u00e9e-vers-lor.jpg\",\"datePublished\":\"2014-02-12T08:00:18+00:00\",\"dateModified\":\"2018-02-22T13:42:48+00:00\",\"author\":{\"@id\":\"https:\\\/\\\/www.gold.fr\\\/news\\\/#\\\/schema\\\/person\\\/070491b4b4fb7671bf59b3be20302ce9\"},\"breadcrumb\":{\"@id\":\"https:\\\/\\\/www.gold.fr\\\/news\\\/2014\\\/02\\\/12\\\/lor-au-sommet-de-sa-formeen-depit-de-la-fed\\\/#breadcrumb\"},\"inLanguage\":\"fr-FR\",\"potentialAction\":[{\"@type\":\"ReadAction\",\"target\":[\"https:\\\/\\\/www.gold.fr\\\/news\\\/2014\\\/02\\\/12\\\/lor-au-sommet-de-sa-formeen-depit-de-la-fed\\\/\"]}]},{\"@type\":\"ImageObject\",\"inLanguage\":\"fr-FR\",\"@id\":\"https:\\\/\\\/www.gold.fr\\\/news\\\/2014\\\/02\\\/12\\\/lor-au-sommet-de-sa-formeen-depit-de-la-fed\\\/#primaryimage\",\"url\":\"https:\\\/\\\/www.gold.fr\\\/news\\\/wp-content\\\/uploads\\\/2014\\\/02\\\/Ru\u00e9e-vers-lor.jpg\",\"contentUrl\":\"https:\\\/\\\/www.gold.fr\\\/news\\\/wp-content\\\/uploads\\\/2014\\\/02\\\/Ru\u00e9e-vers-lor.jpg\",\"width\":\"640\",\"height\":\"427\",\"caption\":\"Scandale VOLKSWAGEN : Des soubresauts successifs\"},{\"@type\":\"BreadcrumbList\",\"@id\":\"https:\\\/\\\/www.gold.fr\\\/news\\\/2014\\\/02\\\/12\\\/lor-au-sommet-de-sa-formeen-depit-de-la-fed\\\/#breadcrumb\",\"itemListElement\":[{\"@type\":\"ListItem\",\"position\":1,\"name\":\"Accueil\",\"item\":\"https:\\\/\\\/www.gold.fr\\\/\"},{\"@type\":\"ListItem\",\"position\":2,\"name\":\"Actualit\u00e9s\",\"item\":\"https:\\\/\\\/www.gold.fr\\\/news\\\/\"},{\"@type\":\"ListItem\",\"position\":3,\"name\":\"L\u2019or au sommet de sa forme\u2026en d\u00e9pit de la FED\"}]},{\"@type\":\"WebSite\",\"@id\":\"https:\\\/\\\/www.gold.fr\\\/news\\\/#website\",\"url\":\"https:\\\/\\\/www.gold.fr\\\/news\\\/\",\"name\":\"Gold.fr\",\"description\":\"Actualit\u00e9s de l&#039;Or et des m\u00e9taux pr\u00e9cieux\",\"potentialAction\":[{\"@type\":\"SearchAction\",\"target\":{\"@type\":\"EntryPoint\",\"urlTemplate\":\"https:\\\/\\\/www.gold.fr\\\/news\\\/?s={search_term_string}\"},\"query-input\":{\"@type\":\"PropertyValueSpecification\",\"valueRequired\":true,\"valueName\":\"search_term_string\"}}],\"inLanguage\":\"fr-FR\"},{\"@type\":\"Person\",\"@id\":\"https:\\\/\\\/www.gold.fr\\\/news\\\/#\\\/schema\\\/person\\\/070491b4b4fb7671bf59b3be20302ce9\",\"name\":\"Comptoir National de l'Or\",\"image\":{\"@type\":\"ImageObject\",\"inLanguage\":\"fr-FR\",\"@id\":\"https:\\\/\\\/secure.gravatar.com\\\/avatar\\\/0a2867fd5abe37bed95d5a65e9d58f01756e11efc68af9888dfc50cfa7f65948?s=96&d=mm&r=gb490554db0a38188709de567aa58480d\",\"url\":\"https:\\\/\\\/secure.gravatar.com\\\/avatar\\\/0a2867fd5abe37bed95d5a65e9d58f01756e11efc68af9888dfc50cfa7f65948?s=96&d=mm&r=g\",\"contentUrl\":\"https:\\\/\\\/secure.gravatar.com\\\/avatar\\\/0a2867fd5abe37bed95d5a65e9d58f01756e11efc68af9888dfc50cfa7f65948?s=96&d=mm&r=g\",\"caption\":\"Comptoir National de l'Or\"},\"description\":\"Notre r\u00e9daction est constitu\u00e9e de membres experts dans les m\u00e9tiers de l'\u00e9conomie et la gestion, des Responsables d'agence Comptoir National de l'Or, des analystes financiers qui publient r\u00e9guli\u00e8rement des \u00e9tudes sur les politiques des banques centrales, le cours de l'or, prix de l'or, cours de l'argent, prix de l'argent, cours du platine, cours du palladium,... la situation en zone euro et l'impact de la strat\u00e9gie mon\u00e9taire de la FED. Notre \u00e9quipe scrute \u00e9galement une information plus g\u00e9n\u00e9raliste \u00e0 la recherche d'actualit\u00e9 \\\"p\u00e9pite\\\" \u00e0 vous partager. Depuis 5 ans, nous avons publi\u00e9 un peu plus de 4000 articles qui s'adressent \u00e0 un public large et vari\u00e9 ayant pour objectif de satisfaire votre curiosit\u00e9 et de partager avec vous une certaine fascination pour le m\u00e9tal jaune, le rachat d'or, et pour ceux qui veulent investir dans l'or, vendre leur or tout simplement en savoir plus... Pour tous vos achat or et argent, n'h\u00e9sitez pas \u00e0 prendre rendez-vous dans l'un de nos nombreux comptoirs.\",\"sameAs\":[\"https:\\\/\\\/www.gold.fr\"]}]}<\/script>\n<!-- \/ Yoast SEO plugin. -->","yoast_head_json":{"title":"L\u2019or au sommet de sa forme\u2026en d\u00e9pit de la FED - Gold.fr","robots":{"index":"index","follow":"follow","max-snippet":"max-snippet:-1","max-image-preview":"max-image-preview:large","max-video-preview":"max-video-preview:-1"},"canonical":"https:\/\/www.gold.fr\/news\/2014\/02\/12\/lor-au-sommet-de-sa-formeen-depit-de-la-fed\/","og_locale":"fr_FR","og_type":"article","og_title":"L\u2019or au sommet de sa forme\u2026en d\u00e9pit de la FED - Gold.fr","og_description":"Apr\u00e8s quelques semaines successives de \u00ab d\u00e9samour \u00bb avec les op\u00e9rateurs des march\u00e9s, le m\u00e9tal jaune semble enfin r\u00e9cup\u00e9rer quelques couleurs dor\u00e9es et reprendre ainsi sa place de valeur refuge pr\u00e9f\u00e9r\u00e9e des investisseurs. Les r\u00e9centes d\u00e9cisions [&hellip;]","og_url":"https:\/\/www.gold.fr\/news\/2014\/02\/12\/lor-au-sommet-de-sa-formeen-depit-de-la-fed\/","og_site_name":"Gold.fr","article_publisher":"https:\/\/www.facebook.com\/Goldfr\/","article_published_time":"2014-02-12T08:00:18+00:00","article_modified_time":"2018-02-22T13:42:48+00:00","og_image":[{"width":640,"height":427,"url":"https:\/\/www.gold.fr\/news\/wp-content\/uploads\/2014\/02\/Ru\u00e9e-vers-lor.jpg","type":"image\/jpeg"}],"author":"Comptoir National de l'Or","twitter_card":"summary_large_image","twitter_misc":{"\u00c9crit par":"Comptoir National de l'Or","Dur\u00e9e de lecture estim\u00e9e":"2 minutes"},"schema":{"@context":"https:\/\/schema.org","@graph":[{"@type":"Article","@id":"https:\/\/www.gold.fr\/news\/2014\/02\/12\/lor-au-sommet-de-sa-formeen-depit-de-la-fed\/#article","isPartOf":{"@id":"https:\/\/www.gold.fr\/news\/2014\/02\/12\/lor-au-sommet-de-sa-formeen-depit-de-la-fed\/"},"author":{"name":"Comptoir National de l'Or","@id":"https:\/\/www.gold.fr\/news\/#\/schema\/person\/070491b4b4fb7671bf59b3be20302ce9"},"headline":"L\u2019or au sommet de sa forme\u2026en d\u00e9pit de la FED","datePublished":"2014-02-12T08:00:18+00:00","dateModified":"2018-02-22T13:42:48+00:00","mainEntityOfPage":{"@id":"https:\/\/www.gold.fr\/news\/2014\/02\/12\/lor-au-sommet-de-sa-formeen-depit-de-la-fed\/"},"wordCount":337,"commentCount":0,"image":{"@id":"https:\/\/www.gold.fr\/news\/2014\/02\/12\/lor-au-sommet-de-sa-formeen-depit-de-la-fed\/#primaryimage"},"thumbnailUrl":"https:\/\/www.gold.fr\/news\/wp-content\/uploads\/2014\/02\/Ru\u00e9e-vers-lor.jpg","keywords":["cours once d'or","cours or","fed","march\u00e9s financiers","tapering"],"articleSection":["Articles de presse"],"inLanguage":"fr-FR"},{"@type":"WebPage","@id":"https:\/\/www.gold.fr\/news\/2014\/02\/12\/lor-au-sommet-de-sa-formeen-depit-de-la-fed\/","url":"https:\/\/www.gold.fr\/news\/2014\/02\/12\/lor-au-sommet-de-sa-formeen-depit-de-la-fed\/","name":"L\u2019or au sommet de sa forme\u2026en d\u00e9pit de la FED - Gold.fr","isPartOf":{"@id":"https:\/\/www.gold.fr\/news\/#website"},"primaryImageOfPage":{"@id":"https:\/\/www.gold.fr\/news\/2014\/02\/12\/lor-au-sommet-de-sa-formeen-depit-de-la-fed\/#primaryimage"},"image":{"@id":"https:\/\/www.gold.fr\/news\/2014\/02\/12\/lor-au-sommet-de-sa-formeen-depit-de-la-fed\/#primaryimage"},"thumbnailUrl":"https:\/\/www.gold.fr\/news\/wp-content\/uploads\/2014\/02\/Ru\u00e9e-vers-lor.jpg","datePublished":"2014-02-12T08:00:18+00:00","dateModified":"2018-02-22T13:42:48+00:00","author":{"@id":"https:\/\/www.gold.fr\/news\/#\/schema\/person\/070491b4b4fb7671bf59b3be20302ce9"},"breadcrumb":{"@id":"https:\/\/www.gold.fr\/news\/2014\/02\/12\/lor-au-sommet-de-sa-formeen-depit-de-la-fed\/#breadcrumb"},"inLanguage":"fr-FR","potentialAction":[{"@type":"ReadAction","target":["https:\/\/www.gold.fr\/news\/2014\/02\/12\/lor-au-sommet-de-sa-formeen-depit-de-la-fed\/"]}]},{"@type":"ImageObject","inLanguage":"fr-FR","@id":"https:\/\/www.gold.fr\/news\/2014\/02\/12\/lor-au-sommet-de-sa-formeen-depit-de-la-fed\/#primaryimage","url":"https:\/\/www.gold.fr\/news\/wp-content\/uploads\/2014\/02\/Ru\u00e9e-vers-lor.jpg","contentUrl":"https:\/\/www.gold.fr\/news\/wp-content\/uploads\/2014\/02\/Ru\u00e9e-vers-lor.jpg","width":"640","height":"427","caption":"Scandale VOLKSWAGEN : Des soubresauts successifs"},{"@type":"BreadcrumbList","@id":"https:\/\/www.gold.fr\/news\/2014\/02\/12\/lor-au-sommet-de-sa-formeen-depit-de-la-fed\/#breadcrumb","itemListElement":[{"@type":"ListItem","position":1,"name":"Accueil","item":"https:\/\/www.gold.fr\/"},{"@type":"ListItem","position":2,"name":"Actualit\u00e9s","item":"https:\/\/www.gold.fr\/news\/"},{"@type":"ListItem","position":3,"name":"L\u2019or au sommet de sa forme\u2026en d\u00e9pit de la FED"}]},{"@type":"WebSite","@id":"https:\/\/www.gold.fr\/news\/#website","url":"https:\/\/www.gold.fr\/news\/","name":"Gold.fr","description":"Actualit\u00e9s de l&#039;Or et des m\u00e9taux pr\u00e9cieux","potentialAction":[{"@type":"SearchAction","target":{"@type":"EntryPoint","urlTemplate":"https:\/\/www.gold.fr\/news\/?s={search_term_string}"},"query-input":{"@type":"PropertyValueSpecification","valueRequired":true,"valueName":"search_term_string"}}],"inLanguage":"fr-FR"},{"@type":"Person","@id":"https:\/\/www.gold.fr\/news\/#\/schema\/person\/070491b4b4fb7671bf59b3be20302ce9","name":"Comptoir National de l'Or","image":{"@type":"ImageObject","inLanguage":"fr-FR","@id":"https:\/\/secure.gravatar.com\/avatar\/0a2867fd5abe37bed95d5a65e9d58f01756e11efc68af9888dfc50cfa7f65948?s=96&d=mm&r=gb490554db0a38188709de567aa58480d","url":"https:\/\/secure.gravatar.com\/avatar\/0a2867fd5abe37bed95d5a65e9d58f01756e11efc68af9888dfc50cfa7f65948?s=96&d=mm&r=g","contentUrl":"https:\/\/secure.gravatar.com\/avatar\/0a2867fd5abe37bed95d5a65e9d58f01756e11efc68af9888dfc50cfa7f65948?s=96&d=mm&r=g","caption":"Comptoir National de l'Or"},"description":"Notre r\u00e9daction est constitu\u00e9e de membres experts dans les m\u00e9tiers de l'\u00e9conomie et la gestion, des Responsables d'agence Comptoir National de l'Or, des analystes financiers qui publient r\u00e9guli\u00e8rement des \u00e9tudes sur les politiques des banques centrales, le cours de l'or, prix de l'or, cours de l'argent, prix de l'argent, cours du platine, cours du palladium,... la situation en zone euro et l'impact de la strat\u00e9gie mon\u00e9taire de la FED. Notre \u00e9quipe scrute \u00e9galement une information plus g\u00e9n\u00e9raliste \u00e0 la recherche d'actualit\u00e9 \"p\u00e9pite\" \u00e0 vous partager. Depuis 5 ans, nous avons publi\u00e9 un peu plus de 4000 articles qui s'adressent \u00e0 un public large et vari\u00e9 ayant pour objectif de satisfaire votre curiosit\u00e9 et de partager avec vous une certaine fascination pour le m\u00e9tal jaune, le rachat d'or, et pour ceux qui veulent investir dans l'or, vendre leur or tout simplement en savoir plus... Pour tous vos achat or et argent, n'h\u00e9sitez pas \u00e0 prendre rendez-vous dans l'un de nos nombreux comptoirs.","sameAs":["https:\/\/www.gold.fr"]}]}},"authors":[{"term_id":2565,"user_id":18,"is_guest":0,"slug":"julie","display_name":"Comptoir National de l'Or","avatar_url":"https:\/\/secure.gravatar.com\/avatar\/713f289e398d35ead876c4a4cc08607f0d6d266058cfc25683fffb6092d0e572?s=96&d=mm&r=g","0":null,"1":"","2":"","3":"","4":"","5":"","6":"","7":"","8":""}],"_links":{"self":[{"href":"https:\/\/www.gold.fr\/news\/wp-json\/wp\/v2\/posts\/13906","targetHints":{"allow":["GET"]}}],"collection":[{"href":"https:\/\/www.gold.fr\/news\/wp-json\/wp\/v2\/posts"}],"about":[{"href":"https:\/\/www.gold.fr\/news\/wp-json\/wp\/v2\/types\/post"}],"author":[{"embeddable":true,"href":"https:\/\/www.gold.fr\/news\/wp-json\/wp\/v2\/users\/18"}],"replies":[{"embeddable":true,"href":"https:\/\/www.gold.fr\/news\/wp-json\/wp\/v2\/comments?post=13906"}],"version-history":[{"count":0,"href":"https:\/\/www.gold.fr\/news\/wp-json\/wp\/v2\/posts\/13906\/revisions"}],"wp:featuredmedia":[{"embeddable":true,"href":"https:\/\/www.gold.fr\/news\/wp-json\/wp\/v2\/media\/13811"}],"wp:attachment":[{"href":"https:\/\/www.gold.fr\/news\/wp-json\/wp\/v2\/media?parent=13906"}],"wp:term":[{"taxonomy":"category","embeddable":true,"href":"https:\/\/www.gold.fr\/news\/wp-json\/wp\/v2\/categories?post=13906"},{"taxonomy":"post_tag","embeddable":true,"href":"https:\/\/www.gold.fr\/news\/wp-json\/wp\/v2\/tags?post=13906"},{"taxonomy":"author","embeddable":true,"href":"https:\/\/www.gold.fr\/news\/wp-json\/wp\/v2\/ppma_author?post=13906"}],"curies":[{"name":"wp","href":"https:\/\/api.w.org\/{rel}","templated":true}]}}