{"id":13904,"date":"2014-02-11T17:00:07","date_gmt":"2014-02-11T16:00:07","guid":{"rendered":"https:\/\/www.gold.fr\/news\/?p=13904"},"modified":"2018-02-22T14:42:49","modified_gmt":"2018-02-22T13:42:49","slug":"les-marches-aux-aguets-yellen-dans-le-collimateur","status":"publish","type":"post","link":"https:\/\/www.gold.fr\/news\/2014\/02\/11\/les-marches-aux-aguets-yellen-dans-le-collimateur\/","title":{"rendered":"Les march\u00e9s aux aguets, Yellen dans le collimateur"},"content":{"rendered":"<p><img loading=\"lazy\" decoding=\"async\" class=\"alignleft size-thumbnail wp-image-13754\" title=\"Les march\u00e9s aux aguets, Yellen dans le collimateur\" src=\"https:\/\/www.gold.fr\/news\/wp-content\/uploads\/2014\/01\/Perspectives-mitig\u00e9es-150x150.jpg\" alt=\"\" width=\"150\" height=\"150\" \/><span style=\"font-size: small;\">C\u2019est une journ\u00e9e plut\u00f4t apathique qui attend les march\u00e9s financiers internationaux, dans une atmosph\u00e8re attentiste qui sera essentiellement focalis\u00e9e sur le discours imminent de <strong>Janet Yellen<\/strong>, pr\u00e9sidente fra\u00eechement hiss\u00e9e \u00e0 la t\u00eate de la r\u00e9serve f\u00e9d\u00e9rale am\u00e9ricaine.<\/span>    <span style=\"font-size: small;\"> Observateurs, analystes, \u00e9conomistes et op\u00e9rateurs attendent \u2013et esp\u00e8rent\u2013 \u00e0 l\u2019unanimit\u00e9 de voir la nouvelle chef de la <strong>FED<\/strong> maintenir et confirmer sa r\u00e9putation de \u00ab<em>\u00a0blanche colombe<\/em>\u00a0\u00bb, en conservant la politique encore ultra-accommodante de la premi\u00e8re institution financi\u00e8re au monde. Ce discours \u2018<em>accommodant<\/em>\u2019 est d\u2019autant plus attendu que la reprise \u00e9conomique am\u00e9ricaine a r\u00e9cemment montr\u00e9 des signes d\u2019essoufflement \u00e9vident, avec des indicateurs vari\u00e9s (emploi, industrie, ch\u00f4mage\u2026) de moins en moins encourageants et optimistes.<\/span>    <span style=\"font-size: small;\"> Notons ici qu\u2019il s\u2019agira du tout premier discours officiel de <strong>Janet Yellen<\/strong> en tant que chef attitr\u00e9 de la <strong>FED<\/strong>, devant le congr\u00e8s am\u00e9ricain. D\u2019apr\u00e8s les experts, \u00ab\u00a0<em>c&rsquo;est surtout son interpr\u00e9tation du march\u00e9 du travail qui sera tr\u00e8s suivie<\/em>\u00a0\u00bb.<\/span>    <span style=\"font-size: small;\"> En attendant, <strong>Vincent Ganne<\/strong>, analyste chez le groupe <strong>FXCM<\/strong>, rappelle que \u00ab\u00a0<em>depuis jeudi dernier, les indices sont en rebond technique et les r\u00e9sistances \u00ab\u00a0techniques\u00a0\u00bb sont justement en approche, notamment 4250\/4300 points sur l&rsquo;indice CAC40\u00a0<\/em>\u00bb.<\/span>  <span style=\"font-size: small;\"> C\u00f4t\u00e9 europ\u00e9en, les op\u00e9rateurs garderont les yeux braqu\u00e9s sur une annonce capitale cette semaine\u00a0; celle relative \u00e0 la premi\u00e8re estimation de la croissance \u00e9conomique au sein de la zone euro au quatri\u00e8me trimestre <strong>2013<\/strong> (dont la publication est pr\u00e9vue pour ce vendredi).<\/span><\/p>\n<!-- AddThis Advanced Settings generic via filter on the_content --><!-- AddThis Share Buttons generic via filter on the_content -->","protected":false},"excerpt":{"rendered":"<p>C\u2019est une journ\u00e9e plut\u00f4t apathique qui attend les march\u00e9s financiers internationaux, dans une atmosph\u00e8re attentiste qui sera essentiellement focalis\u00e9e sur le discours imminent de Janet Yellen, pr\u00e9sidente fra\u00eechement hiss\u00e9e \u00e0 la t\u00eate de la r\u00e9serve f\u00e9d\u00e9rale [&hellip;]<\/p>\n","protected":false},"author":18,"featured_media":13754,"comment_status":"open","ping_status":"open","sticky":false,"template":"","format":"standard","meta":{"_mbp_gutenberg_autopost":false,"_pgmb_is_evergreen":false,"_pgmb_ap_template_id":0,"footnotes":""},"categories":[6],"tags":[1771,1100,144,1504,1410,126],"ppma_author":[2565],"class_list":["post-13904","post","type-post","status-publish","format-standard","has-post-thumbnail","hentry","category-articles-de-presse","tag-croissance-economique","tag-economie-us","tag-fed","tag-janet-yellen","tag-marches-financiers","tag-zone-euro"],"yoast_head":"<!-- This site is optimized with the Yoast SEO plugin v26.9 - https:\/\/yoast.com\/product\/yoast-seo-wordpress\/ -->\n<title>Les march\u00e9s aux aguets, Yellen dans le collimateur - Gold.fr<\/title>\n<meta name=\"robots\" content=\"index, follow, max-snippet:-1, max-image-preview:large, max-video-preview:-1\" \/>\n<link rel=\"canonical\" href=\"https:\/\/www.gold.fr\/news\/2014\/02\/11\/les-marches-aux-aguets-yellen-dans-le-collimateur\/\" \/>\n<meta property=\"og:locale\" content=\"fr_FR\" \/>\n<meta property=\"og:type\" content=\"article\" \/>\n<meta property=\"og:title\" content=\"Les march\u00e9s aux aguets, Yellen dans le collimateur - Gold.fr\" \/>\n<meta property=\"og:description\" content=\"C\u2019est une journ\u00e9e plut\u00f4t apathique qui attend les march\u00e9s financiers internationaux, dans une atmosph\u00e8re attentiste qui sera essentiellement focalis\u00e9e sur le discours imminent de Janet Yellen, pr\u00e9sidente fra\u00eechement hiss\u00e9e \u00e0 la t\u00eate de la r\u00e9serve f\u00e9d\u00e9rale [&hellip;]\" \/>\n<meta property=\"og:url\" content=\"https:\/\/www.gold.fr\/news\/2014\/02\/11\/les-marches-aux-aguets-yellen-dans-le-collimateur\/\" \/>\n<meta property=\"og:site_name\" content=\"Gold.fr\" \/>\n<meta property=\"article:publisher\" content=\"https:\/\/www.facebook.com\/Goldfr\/\" \/>\n<meta property=\"article:published_time\" content=\"2014-02-11T16:00:07+00:00\" \/>\n<meta property=\"article:modified_time\" content=\"2018-02-22T13:42:49+00:00\" \/>\n<meta property=\"og:image\" content=\"https:\/\/www.gold.fr\/news\/wp-content\/uploads\/2014\/01\/Perspectives-mitig\u00e9es-e1390492763243.jpg\" \/>\n\t<meta property=\"og:image:width\" content=\"600\" \/>\n\t<meta property=\"og:image:height\" content=\"351\" \/>\n\t<meta property=\"og:image:type\" content=\"image\/jpeg\" \/>\n<meta name=\"author\" content=\"Comptoir National de l&#039;Or\" \/>\n<meta name=\"twitter:card\" content=\"summary_large_image\" \/>\n<meta name=\"twitter:label1\" content=\"\u00c9crit par\" \/>\n\t<meta name=\"twitter:data1\" content=\"Comptoir National de l&#039;Or\" \/>\n\t<meta name=\"twitter:label2\" content=\"Dur\u00e9e de lecture estim\u00e9e\" \/>\n\t<meta name=\"twitter:data2\" content=\"1 minute\" \/>\n<script type=\"application\/ld+json\" class=\"yoast-schema-graph\">{\"@context\":\"https:\/\/schema.org\",\"@graph\":[{\"@type\":\"Article\",\"@id\":\"https:\/\/www.gold.fr\/news\/2014\/02\/11\/les-marches-aux-aguets-yellen-dans-le-collimateur\/#article\",\"isPartOf\":{\"@id\":\"https:\/\/www.gold.fr\/news\/2014\/02\/11\/les-marches-aux-aguets-yellen-dans-le-collimateur\/\"},\"author\":{\"name\":\"Comptoir National de l'Or\",\"@id\":\"https:\/\/www.gold.fr\/news\/#\/schema\/person\/760ee7cec237915eebf2be78df0404c4\"},\"headline\":\"Les march\u00e9s aux aguets, Yellen dans le collimateur\",\"datePublished\":\"2014-02-11T16:00:07+00:00\",\"dateModified\":\"2018-02-22T13:42:49+00:00\",\"mainEntityOfPage\":{\"@id\":\"https:\/\/www.gold.fr\/news\/2014\/02\/11\/les-marches-aux-aguets-yellen-dans-le-collimateur\/\"},\"wordCount\":272,\"commentCount\":0,\"image\":{\"@id\":\"https:\/\/www.gold.fr\/news\/2014\/02\/11\/les-marches-aux-aguets-yellen-dans-le-collimateur\/#primaryimage\"},\"thumbnailUrl\":\"https:\/\/www.gold.fr\/news\/wp-content\/uploads\/2014\/01\/Perspectives-mitig\u00e9es-e1390492763243.jpg\",\"keywords\":[\"croissance \u00e9conomique\",\"\u00e9conomie US\",\"fed\",\"Janet Yellen\",\"march\u00e9s financiers\",\"zone euro\"],\"articleSection\":[\"Articles de presse\"],\"inLanguage\":\"fr-FR\"},{\"@type\":\"WebPage\",\"@id\":\"https:\/\/www.gold.fr\/news\/2014\/02\/11\/les-marches-aux-aguets-yellen-dans-le-collimateur\/\",\"url\":\"https:\/\/www.gold.fr\/news\/2014\/02\/11\/les-marches-aux-aguets-yellen-dans-le-collimateur\/\",\"name\":\"Les march\u00e9s aux aguets, Yellen dans le collimateur - Gold.fr\",\"isPartOf\":{\"@id\":\"https:\/\/www.gold.fr\/news\/#website\"},\"primaryImageOfPage\":{\"@id\":\"https:\/\/www.gold.fr\/news\/2014\/02\/11\/les-marches-aux-aguets-yellen-dans-le-collimateur\/#primaryimage\"},\"image\":{\"@id\":\"https:\/\/www.gold.fr\/news\/2014\/02\/11\/les-marches-aux-aguets-yellen-dans-le-collimateur\/#primaryimage\"},\"thumbnailUrl\":\"https:\/\/www.gold.fr\/news\/wp-content\/uploads\/2014\/01\/Perspectives-mitig\u00e9es-e1390492763243.jpg\",\"datePublished\":\"2014-02-11T16:00:07+00:00\",\"dateModified\":\"2018-02-22T13:42:49+00:00\",\"author\":{\"@id\":\"https:\/\/www.gold.fr\/news\/#\/schema\/person\/760ee7cec237915eebf2be78df0404c4\"},\"breadcrumb\":{\"@id\":\"https:\/\/www.gold.fr\/news\/2014\/02\/11\/les-marches-aux-aguets-yellen-dans-le-collimateur\/#breadcrumb\"},\"inLanguage\":\"fr-FR\",\"potentialAction\":[{\"@type\":\"ReadAction\",\"target\":[\"https:\/\/www.gold.fr\/news\/2014\/02\/11\/les-marches-aux-aguets-yellen-dans-le-collimateur\/\"]}]},{\"@type\":\"ImageObject\",\"inLanguage\":\"fr-FR\",\"@id\":\"https:\/\/www.gold.fr\/news\/2014\/02\/11\/les-marches-aux-aguets-yellen-dans-le-collimateur\/#primaryimage\",\"url\":\"https:\/\/www.gold.fr\/news\/wp-content\/uploads\/2014\/01\/Perspectives-mitig\u00e9es-e1390492763243.jpg\",\"contentUrl\":\"https:\/\/www.gold.fr\/news\/wp-content\/uploads\/2014\/01\/Perspectives-mitig\u00e9es-e1390492763243.jpg\",\"width\":\"600\",\"height\":\"351\",\"caption\":\"Or : Un excellent premier trimestre 2016\u2026 Le moment d\u2019acheter ?\"},{\"@type\":\"BreadcrumbList\",\"@id\":\"https:\/\/www.gold.fr\/news\/2014\/02\/11\/les-marches-aux-aguets-yellen-dans-le-collimateur\/#breadcrumb\",\"itemListElement\":[{\"@type\":\"ListItem\",\"position\":1,\"name\":\"Accueil\",\"item\":\"https:\/\/www.gold.fr\/\"},{\"@type\":\"ListItem\",\"position\":2,\"name\":\"Actualit\u00e9s\",\"item\":\"https:\/\/www.gold.fr\/news\/\"},{\"@type\":\"ListItem\",\"position\":3,\"name\":\"Les march\u00e9s aux aguets, Yellen dans le collimateur\"}]},{\"@type\":\"WebSite\",\"@id\":\"https:\/\/www.gold.fr\/news\/#website\",\"url\":\"https:\/\/www.gold.fr\/news\/\",\"name\":\"Gold.fr\",\"description\":\"Actualit\u00e9s de l&#039;Or et des m\u00e9taux pr\u00e9cieux\",\"potentialAction\":[{\"@type\":\"SearchAction\",\"target\":{\"@type\":\"EntryPoint\",\"urlTemplate\":\"https:\/\/www.gold.fr\/news\/?s={search_term_string}\"},\"query-input\":{\"@type\":\"PropertyValueSpecification\",\"valueRequired\":true,\"valueName\":\"search_term_string\"}}],\"inLanguage\":\"fr-FR\"},{\"@type\":\"Person\",\"@id\":\"https:\/\/www.gold.fr\/news\/#\/schema\/person\/760ee7cec237915eebf2be78df0404c4\",\"name\":\"Comptoir National de l'Or\",\"image\":{\"@type\":\"ImageObject\",\"inLanguage\":\"fr-FR\",\"@id\":\"https:\/\/www.gold.fr\/news\/#\/schema\/person\/image\/c36675942654553a86039d2dfa93c740\",\"url\":\"https:\/\/secure.gravatar.com\/avatar\/713f289e398d35ead876c4a4cc08607f0d6d266058cfc25683fffb6092d0e572?s=96&d=mm&r=g\",\"contentUrl\":\"https:\/\/secure.gravatar.com\/avatar\/713f289e398d35ead876c4a4cc08607f0d6d266058cfc25683fffb6092d0e572?s=96&d=mm&r=g\",\"caption\":\"Comptoir National de l'Or\"},\"description\":\"Notre r\u00e9daction est constitu\u00e9e de membres experts dans les m\u00e9tiers de l'\u00e9conomie et la gestion, des Responsables d'agence Comptoir National de l'Or, des analystes financiers qui publient r\u00e9guli\u00e8rement des \u00e9tudes sur les politiques des banques centrales, le cours de l'or, prix de l'or, cours de l'argent, prix de l'argent, cours du platine, cours du palladium,... la situation en zone euro et l'impact de la strat\u00e9gie mon\u00e9taire de la FED. Notre \u00e9quipe scrute \u00e9galement une information plus g\u00e9n\u00e9raliste \u00e0 la recherche d'actualit\u00e9 \\\"p\u00e9pite\\\" \u00e0 vous partager. Depuis 5 ans, nous avons publi\u00e9 un peu plus de 4000 articles qui s'adressent \u00e0 un public large et vari\u00e9 ayant pour objectif de satisfaire votre curiosit\u00e9 et de partager avec vous une certaine fascination pour le m\u00e9tal jaune, le rachat d'or, et pour ceux qui veulent investir dans l'or, vendre leur or tout simplement en savoir plus... Pour tous vos achat or et argent, n'h\u00e9sitez pas \u00e0 prendre rendez-vous dans l'un de nos nombreux comptoirs.\",\"sameAs\":[\"https:\/\/www.gold.fr\"]}]}<\/script>\n<!-- \/ Yoast SEO plugin. -->","yoast_head_json":{"title":"Les march\u00e9s aux aguets, Yellen dans le collimateur - Gold.fr","robots":{"index":"index","follow":"follow","max-snippet":"max-snippet:-1","max-image-preview":"max-image-preview:large","max-video-preview":"max-video-preview:-1"},"canonical":"https:\/\/www.gold.fr\/news\/2014\/02\/11\/les-marches-aux-aguets-yellen-dans-le-collimateur\/","og_locale":"fr_FR","og_type":"article","og_title":"Les march\u00e9s aux aguets, Yellen dans le collimateur - Gold.fr","og_description":"C\u2019est une journ\u00e9e plut\u00f4t apathique qui attend les march\u00e9s financiers internationaux, dans une atmosph\u00e8re attentiste qui sera essentiellement focalis\u00e9e sur le discours imminent de Janet Yellen, pr\u00e9sidente fra\u00eechement hiss\u00e9e \u00e0 la t\u00eate de la r\u00e9serve f\u00e9d\u00e9rale [&hellip;]","og_url":"https:\/\/www.gold.fr\/news\/2014\/02\/11\/les-marches-aux-aguets-yellen-dans-le-collimateur\/","og_site_name":"Gold.fr","article_publisher":"https:\/\/www.facebook.com\/Goldfr\/","article_published_time":"2014-02-11T16:00:07+00:00","article_modified_time":"2018-02-22T13:42:49+00:00","og_image":[{"width":600,"height":351,"url":"https:\/\/www.gold.fr\/news\/wp-content\/uploads\/2014\/01\/Perspectives-mitig\u00e9es-e1390492763243.jpg","type":"image\/jpeg"}],"author":"Comptoir National de l'Or","twitter_card":"summary_large_image","twitter_misc":{"\u00c9crit par":"Comptoir National de l'Or","Dur\u00e9e de lecture estim\u00e9e":"1 minute"},"schema":{"@context":"https:\/\/schema.org","@graph":[{"@type":"Article","@id":"https:\/\/www.gold.fr\/news\/2014\/02\/11\/les-marches-aux-aguets-yellen-dans-le-collimateur\/#article","isPartOf":{"@id":"https:\/\/www.gold.fr\/news\/2014\/02\/11\/les-marches-aux-aguets-yellen-dans-le-collimateur\/"},"author":{"name":"Comptoir National de l'Or","@id":"https:\/\/www.gold.fr\/news\/#\/schema\/person\/760ee7cec237915eebf2be78df0404c4"},"headline":"Les march\u00e9s aux aguets, Yellen dans le collimateur","datePublished":"2014-02-11T16:00:07+00:00","dateModified":"2018-02-22T13:42:49+00:00","mainEntityOfPage":{"@id":"https:\/\/www.gold.fr\/news\/2014\/02\/11\/les-marches-aux-aguets-yellen-dans-le-collimateur\/"},"wordCount":272,"commentCount":0,"image":{"@id":"https:\/\/www.gold.fr\/news\/2014\/02\/11\/les-marches-aux-aguets-yellen-dans-le-collimateur\/#primaryimage"},"thumbnailUrl":"https:\/\/www.gold.fr\/news\/wp-content\/uploads\/2014\/01\/Perspectives-mitig\u00e9es-e1390492763243.jpg","keywords":["croissance \u00e9conomique","\u00e9conomie US","fed","Janet Yellen","march\u00e9s financiers","zone euro"],"articleSection":["Articles de presse"],"inLanguage":"fr-FR"},{"@type":"WebPage","@id":"https:\/\/www.gold.fr\/news\/2014\/02\/11\/les-marches-aux-aguets-yellen-dans-le-collimateur\/","url":"https:\/\/www.gold.fr\/news\/2014\/02\/11\/les-marches-aux-aguets-yellen-dans-le-collimateur\/","name":"Les march\u00e9s aux aguets, Yellen dans le collimateur - Gold.fr","isPartOf":{"@id":"https:\/\/www.gold.fr\/news\/#website"},"primaryImageOfPage":{"@id":"https:\/\/www.gold.fr\/news\/2014\/02\/11\/les-marches-aux-aguets-yellen-dans-le-collimateur\/#primaryimage"},"image":{"@id":"https:\/\/www.gold.fr\/news\/2014\/02\/11\/les-marches-aux-aguets-yellen-dans-le-collimateur\/#primaryimage"},"thumbnailUrl":"https:\/\/www.gold.fr\/news\/wp-content\/uploads\/2014\/01\/Perspectives-mitig\u00e9es-e1390492763243.jpg","datePublished":"2014-02-11T16:00:07+00:00","dateModified":"2018-02-22T13:42:49+00:00","author":{"@id":"https:\/\/www.gold.fr\/news\/#\/schema\/person\/760ee7cec237915eebf2be78df0404c4"},"breadcrumb":{"@id":"https:\/\/www.gold.fr\/news\/2014\/02\/11\/les-marches-aux-aguets-yellen-dans-le-collimateur\/#breadcrumb"},"inLanguage":"fr-FR","potentialAction":[{"@type":"ReadAction","target":["https:\/\/www.gold.fr\/news\/2014\/02\/11\/les-marches-aux-aguets-yellen-dans-le-collimateur\/"]}]},{"@type":"ImageObject","inLanguage":"fr-FR","@id":"https:\/\/www.gold.fr\/news\/2014\/02\/11\/les-marches-aux-aguets-yellen-dans-le-collimateur\/#primaryimage","url":"https:\/\/www.gold.fr\/news\/wp-content\/uploads\/2014\/01\/Perspectives-mitig\u00e9es-e1390492763243.jpg","contentUrl":"https:\/\/www.gold.fr\/news\/wp-content\/uploads\/2014\/01\/Perspectives-mitig\u00e9es-e1390492763243.jpg","width":"600","height":"351","caption":"Or : Un excellent premier trimestre 2016\u2026 Le moment d\u2019acheter ?"},{"@type":"BreadcrumbList","@id":"https:\/\/www.gold.fr\/news\/2014\/02\/11\/les-marches-aux-aguets-yellen-dans-le-collimateur\/#breadcrumb","itemListElement":[{"@type":"ListItem","position":1,"name":"Accueil","item":"https:\/\/www.gold.fr\/"},{"@type":"ListItem","position":2,"name":"Actualit\u00e9s","item":"https:\/\/www.gold.fr\/news\/"},{"@type":"ListItem","position":3,"name":"Les march\u00e9s aux aguets, Yellen dans le collimateur"}]},{"@type":"WebSite","@id":"https:\/\/www.gold.fr\/news\/#website","url":"https:\/\/www.gold.fr\/news\/","name":"Gold.fr","description":"Actualit\u00e9s de l&#039;Or et des m\u00e9taux pr\u00e9cieux","potentialAction":[{"@type":"SearchAction","target":{"@type":"EntryPoint","urlTemplate":"https:\/\/www.gold.fr\/news\/?s={search_term_string}"},"query-input":{"@type":"PropertyValueSpecification","valueRequired":true,"valueName":"search_term_string"}}],"inLanguage":"fr-FR"},{"@type":"Person","@id":"https:\/\/www.gold.fr\/news\/#\/schema\/person\/760ee7cec237915eebf2be78df0404c4","name":"Comptoir National de l'Or","image":{"@type":"ImageObject","inLanguage":"fr-FR","@id":"https:\/\/www.gold.fr\/news\/#\/schema\/person\/image\/c36675942654553a86039d2dfa93c740","url":"https:\/\/secure.gravatar.com\/avatar\/713f289e398d35ead876c4a4cc08607f0d6d266058cfc25683fffb6092d0e572?s=96&d=mm&r=g","contentUrl":"https:\/\/secure.gravatar.com\/avatar\/713f289e398d35ead876c4a4cc08607f0d6d266058cfc25683fffb6092d0e572?s=96&d=mm&r=g","caption":"Comptoir National de l'Or"},"description":"Notre r\u00e9daction est constitu\u00e9e de membres experts dans les m\u00e9tiers de l'\u00e9conomie et la gestion, des Responsables d'agence Comptoir National de l'Or, des analystes financiers qui publient r\u00e9guli\u00e8rement des \u00e9tudes sur les politiques des banques centrales, le cours de l'or, prix de l'or, cours de l'argent, prix de l'argent, cours du platine, cours du palladium,... la situation en zone euro et l'impact de la strat\u00e9gie mon\u00e9taire de la FED. Notre \u00e9quipe scrute \u00e9galement une information plus g\u00e9n\u00e9raliste \u00e0 la recherche d'actualit\u00e9 \"p\u00e9pite\" \u00e0 vous partager. Depuis 5 ans, nous avons publi\u00e9 un peu plus de 4000 articles qui s'adressent \u00e0 un public large et vari\u00e9 ayant pour objectif de satisfaire votre curiosit\u00e9 et de partager avec vous une certaine fascination pour le m\u00e9tal jaune, le rachat d'or, et pour ceux qui veulent investir dans l'or, vendre leur or tout simplement en savoir plus... Pour tous vos achat or et argent, n'h\u00e9sitez pas \u00e0 prendre rendez-vous dans l'un de nos nombreux comptoirs.","sameAs":["https:\/\/www.gold.fr"]}]}},"authors":[{"term_id":2565,"user_id":18,"is_guest":0,"slug":"julie","display_name":"Comptoir National de l'Or","avatar_url":"https:\/\/secure.gravatar.com\/avatar\/713f289e398d35ead876c4a4cc08607f0d6d266058cfc25683fffb6092d0e572?s=96&d=mm&r=g","0":null,"1":"","2":"","3":"","4":"","5":"","6":"","7":"","8":""}],"_links":{"self":[{"href":"https:\/\/www.gold.fr\/news\/wp-json\/wp\/v2\/posts\/13904","targetHints":{"allow":["GET"]}}],"collection":[{"href":"https:\/\/www.gold.fr\/news\/wp-json\/wp\/v2\/posts"}],"about":[{"href":"https:\/\/www.gold.fr\/news\/wp-json\/wp\/v2\/types\/post"}],"author":[{"embeddable":true,"href":"https:\/\/www.gold.fr\/news\/wp-json\/wp\/v2\/users\/18"}],"replies":[{"embeddable":true,"href":"https:\/\/www.gold.fr\/news\/wp-json\/wp\/v2\/comments?post=13904"}],"version-history":[{"count":0,"href":"https:\/\/www.gold.fr\/news\/wp-json\/wp\/v2\/posts\/13904\/revisions"}],"wp:featuredmedia":[{"embeddable":true,"href":"https:\/\/www.gold.fr\/news\/wp-json\/wp\/v2\/media\/13754"}],"wp:attachment":[{"href":"https:\/\/www.gold.fr\/news\/wp-json\/wp\/v2\/media?parent=13904"}],"wp:term":[{"taxonomy":"category","embeddable":true,"href":"https:\/\/www.gold.fr\/news\/wp-json\/wp\/v2\/categories?post=13904"},{"taxonomy":"post_tag","embeddable":true,"href":"https:\/\/www.gold.fr\/news\/wp-json\/wp\/v2\/tags?post=13904"},{"taxonomy":"author","embeddable":true,"href":"https:\/\/www.gold.fr\/news\/wp-json\/wp\/v2\/ppma_author?post=13904"}],"curies":[{"name":"wp","href":"https:\/\/api.w.org\/{rel}","templated":true}]}}