{"id":13896,"date":"2014-02-11T09:00:13","date_gmt":"2014-02-11T08:00:13","guid":{"rendered":"https:\/\/www.gold.fr\/news\/?p=13896"},"modified":"2020-12-09T11:51:40","modified_gmt":"2020-12-09T10:51:40","slug":"baisse-et-attentisme-au-coeur-des-marches-us","status":"publish","type":"post","link":"https:\/\/www.gold.fr\/news\/2014\/02\/11\/baisse-et-attentisme-au-coeur-des-marches-us\/","title":{"rendered":"Baisse et attentisme au c\u0153ur des march\u00e9s US"},"content":{"rendered":"<p><img loading=\"lazy\" decoding=\"async\" class=\"alignleft size-thumbnail wp-image-6306\" title=\"Baisse et attentisme au c\u0153ur des march\u00e9s US\" src=\"https:\/\/www.gold.fr\/news\/wp-content\/uploads\/2012\/03\/baisse-cours-or-150x150.jpg\" alt=\"\" width=\"150\" height=\"150\" srcset=\"https:\/\/www.gold.fr\/news\/wp-content\/uploads\/2012\/03\/baisse-cours-or-150x150.jpg 150w, https:\/\/www.gold.fr\/news\/wp-content\/uploads\/2012\/03\/baisse-cours-or-80x80.jpg 80w, https:\/\/www.gold.fr\/news\/wp-content\/uploads\/2012\/03\/baisse-cours-or-1x1.jpg 1w\" sizes=\"auto, (max-width: 150px) 100vw, 150px\" \/><span style=\"font-size: small;\">La semaine derni\u00e8re se serait termin\u00e9e sur une note n\u00e9gative pour les march\u00e9s financiers am\u00e9ricains, avec la publication des derniers rapports anticip\u00e9s. Au final, ce sera celui relatif aux cr\u00e9ations d\u2019emplois non agricoles qui marquera surtout par sa baisse inattendue (par rapport aux pr\u00e9visions professionnelles). La publication mensuelle officielle du D\u00e9partement du Travail rapporte en effet que \u00ab\u00a0<em>l&rsquo;\u00e9conomie am\u00e9ricaine a cr\u00e9\u00e9 <strong>113.000<\/strong> postes non-agricoles (janvier), alors que le consensus tablait sur environ <strong>180.000\u00a0<\/strong><\/em>\u00bb.<\/span> <span style=\"font-size: small;\"> Pourtant, le groupe banquier fran\u00e7ais <strong>Natixis<\/strong> ne per\u00e7oit pas dans cette baisse un signe alarmant, la justifiant par les circonstances g\u00e9n\u00e9rales du march\u00e9 dans sa globalit\u00e9. L\u2019\u00e9quipe d\u2019experts affirme en effet que \u00ab\u00a0<em>certaines faiblesses (\u2026) dans les services et le secteur public peuvent \u00eatre transitoires, ou encore reli\u00e9es \u00e0 des probl\u00e8mes d&rsquo;ajustements saisonniers. Ainsi, la dynamique sous-jacente pourrait ne pas avoir faibli significativement et nous continuons de nous attendre \u00e0 ce que les cr\u00e9ations d&#8217;emploi se redressent dans les mois \u00e0 venir<\/em>\u00a0\u00bb.<\/span> <span style=\"font-size: small;\"> Cet optimisme restera toutefois \u00e0 confirmer, sur le court et moyen terme. Et cette semaine devrait d\u00e9j\u00e0 apporter une nouvelle foule d\u2019indicateurs susceptibles d\u2019orienter les investisseurs dans un sens ou dans l\u2019autre. On guettera notamment le tout premier discours de politique mon\u00e9taire de <strong>Janet Yellen<\/strong> (fra\u00eechement \u00e9lue \u00e0 la t\u00eate de la r\u00e9serve f\u00e9d\u00e9rale am\u00e9ricaine) devant la Chambre des repr\u00e9sentants puis le S\u00e9nat, cons\u00e9cutivement ce mardi et ce jeudi.<\/span><\/p>\n<!-- AddThis Advanced Settings generic via filter on the_content --><!-- AddThis Share Buttons generic via filter on the_content -->","protected":false},"excerpt":{"rendered":"<p>La semaine derni\u00e8re se serait termin\u00e9e sur une note n\u00e9gative pour les march\u00e9s financiers am\u00e9ricains, avec la publication des derniers rapports anticip\u00e9s. Au final, ce sera celui relatif aux cr\u00e9ations d\u2019emplois non agricoles qui marquera surtout [&hellip;]<\/p>\n","protected":false},"author":18,"featured_media":33135,"comment_status":"closed","ping_status":"closed","sticky":false,"template":"","format":"standard","meta":{"_mbp_gutenberg_autopost":false,"_pgmb_is_evergreen":false,"_pgmb_ap_template_id":0,"footnotes":""},"categories":[6],"tags":[1770,1105,1410,1699],"ppma_author":[2565],"class_list":["post-13896","post","type-post","status-publish","format-standard","has-post-thumbnail","hentry","category-articles-de-presse","tag-baisse-us","tag-emploi-us","tag-marches-financiers","tag-marches-us"],"yoast_head":"<!-- This site is optimized with the Yoast SEO plugin v26.9 - https:\/\/yoast.com\/product\/yoast-seo-wordpress\/ -->\n<title>Baisse et attentisme au c\u0153ur des march\u00e9s US - Gold.fr<\/title>\n<meta name=\"robots\" content=\"index, follow, max-snippet:-1, max-image-preview:large, max-video-preview:-1\" \/>\n<link rel=\"canonical\" href=\"https:\/\/www.gold.fr\/news\/2014\/02\/11\/baisse-et-attentisme-au-coeur-des-marches-us\/\" \/>\n<meta property=\"og:locale\" content=\"fr_FR\" \/>\n<meta property=\"og:type\" content=\"article\" \/>\n<meta property=\"og:title\" content=\"Baisse et attentisme au c\u0153ur des march\u00e9s US - Gold.fr\" \/>\n<meta property=\"og:description\" content=\"La semaine derni\u00e8re se serait termin\u00e9e sur une note n\u00e9gative pour les march\u00e9s financiers am\u00e9ricains, avec la publication des derniers rapports anticip\u00e9s. Au final, ce sera celui relatif aux cr\u00e9ations d\u2019emplois non agricoles qui marquera surtout [&hellip;]\" \/>\n<meta property=\"og:url\" content=\"https:\/\/www.gold.fr\/news\/2014\/02\/11\/baisse-et-attentisme-au-coeur-des-marches-us\/\" \/>\n<meta property=\"og:site_name\" content=\"Gold.fr\" \/>\n<meta property=\"article:publisher\" content=\"https:\/\/www.facebook.com\/Goldfr\/\" \/>\n<meta property=\"article:published_time\" content=\"2014-02-11T08:00:13+00:00\" \/>\n<meta property=\"article:modified_time\" content=\"2020-12-09T10:51:40+00:00\" \/>\n<meta property=\"og:image\" content=\"https:\/\/www.gold.fr\/news\/wp-content\/uploads\/2016\/09\/drapeau-usa.jpg\" \/>\n\t<meta property=\"og:image:width\" content=\"605\" \/>\n\t<meta property=\"og:image:height\" content=\"357\" \/>\n\t<meta property=\"og:image:type\" content=\"image\/jpeg\" \/>\n<meta name=\"author\" content=\"Comptoir National de l&#039;Or\" \/>\n<meta name=\"twitter:card\" content=\"summary_large_image\" \/>\n<meta name=\"twitter:label1\" content=\"\u00c9crit par\" \/>\n\t<meta name=\"twitter:data1\" content=\"Comptoir National de l&#039;Or\" \/>\n\t<meta name=\"twitter:label2\" content=\"Dur\u00e9e de lecture estim\u00e9e\" \/>\n\t<meta name=\"twitter:data2\" content=\"1 minute\" \/>\n<script type=\"application\/ld+json\" class=\"yoast-schema-graph\">{\"@context\":\"https:\/\/schema.org\",\"@graph\":[{\"@type\":\"Article\",\"@id\":\"https:\/\/www.gold.fr\/news\/2014\/02\/11\/baisse-et-attentisme-au-coeur-des-marches-us\/#article\",\"isPartOf\":{\"@id\":\"https:\/\/www.gold.fr\/news\/2014\/02\/11\/baisse-et-attentisme-au-coeur-des-marches-us\/\"},\"author\":{\"name\":\"Comptoir National de l'Or\",\"@id\":\"https:\/\/www.gold.fr\/news\/#\/schema\/person\/760ee7cec237915eebf2be78df0404c4\"},\"headline\":\"Baisse et attentisme au c\u0153ur des march\u00e9s US\",\"datePublished\":\"2014-02-11T08:00:13+00:00\",\"dateModified\":\"2020-12-09T10:51:40+00:00\",\"mainEntityOfPage\":{\"@id\":\"https:\/\/www.gold.fr\/news\/2014\/02\/11\/baisse-et-attentisme-au-coeur-des-marches-us\/\"},\"wordCount\":263,\"image\":{\"@id\":\"https:\/\/www.gold.fr\/news\/2014\/02\/11\/baisse-et-attentisme-au-coeur-des-marches-us\/#primaryimage\"},\"thumbnailUrl\":\"https:\/\/www.gold.fr\/news\/wp-content\/uploads\/2016\/09\/drapeau-usa.jpg\",\"keywords\":[\"baisse US\",\"emploi US\",\"march\u00e9s financiers\",\"march\u00e9s US\"],\"articleSection\":[\"Articles de presse\"],\"inLanguage\":\"fr-FR\"},{\"@type\":\"WebPage\",\"@id\":\"https:\/\/www.gold.fr\/news\/2014\/02\/11\/baisse-et-attentisme-au-coeur-des-marches-us\/\",\"url\":\"https:\/\/www.gold.fr\/news\/2014\/02\/11\/baisse-et-attentisme-au-coeur-des-marches-us\/\",\"name\":\"Baisse et attentisme au c\u0153ur des march\u00e9s US - Gold.fr\",\"isPartOf\":{\"@id\":\"https:\/\/www.gold.fr\/news\/#website\"},\"primaryImageOfPage\":{\"@id\":\"https:\/\/www.gold.fr\/news\/2014\/02\/11\/baisse-et-attentisme-au-coeur-des-marches-us\/#primaryimage\"},\"image\":{\"@id\":\"https:\/\/www.gold.fr\/news\/2014\/02\/11\/baisse-et-attentisme-au-coeur-des-marches-us\/#primaryimage\"},\"thumbnailUrl\":\"https:\/\/www.gold.fr\/news\/wp-content\/uploads\/2016\/09\/drapeau-usa.jpg\",\"datePublished\":\"2014-02-11T08:00:13+00:00\",\"dateModified\":\"2020-12-09T10:51:40+00:00\",\"author\":{\"@id\":\"https:\/\/www.gold.fr\/news\/#\/schema\/person\/760ee7cec237915eebf2be78df0404c4\"},\"breadcrumb\":{\"@id\":\"https:\/\/www.gold.fr\/news\/2014\/02\/11\/baisse-et-attentisme-au-coeur-des-marches-us\/#breadcrumb\"},\"inLanguage\":\"fr-FR\",\"potentialAction\":[{\"@type\":\"ReadAction\",\"target\":[\"https:\/\/www.gold.fr\/news\/2014\/02\/11\/baisse-et-attentisme-au-coeur-des-marches-us\/\"]}]},{\"@type\":\"ImageObject\",\"inLanguage\":\"fr-FR\",\"@id\":\"https:\/\/www.gold.fr\/news\/2014\/02\/11\/baisse-et-attentisme-au-coeur-des-marches-us\/#primaryimage\",\"url\":\"https:\/\/www.gold.fr\/news\/wp-content\/uploads\/2016\/09\/drapeau-usa.jpg\",\"contentUrl\":\"https:\/\/www.gold.fr\/news\/wp-content\/uploads\/2016\/09\/drapeau-usa.jpg\",\"width\":605,\"height\":357,\"caption\":\"Le premier d\u00e9bat pr\u00e9sidentiel booste les march\u00e9s\"},{\"@type\":\"BreadcrumbList\",\"@id\":\"https:\/\/www.gold.fr\/news\/2014\/02\/11\/baisse-et-attentisme-au-coeur-des-marches-us\/#breadcrumb\",\"itemListElement\":[{\"@type\":\"ListItem\",\"position\":1,\"name\":\"Accueil\",\"item\":\"https:\/\/www.gold.fr\/\"},{\"@type\":\"ListItem\",\"position\":2,\"name\":\"Actualit\u00e9s\",\"item\":\"https:\/\/www.gold.fr\/news\/\"},{\"@type\":\"ListItem\",\"position\":3,\"name\":\"Baisse et attentisme au c\u0153ur des march\u00e9s US\"}]},{\"@type\":\"WebSite\",\"@id\":\"https:\/\/www.gold.fr\/news\/#website\",\"url\":\"https:\/\/www.gold.fr\/news\/\",\"name\":\"Gold.fr\",\"description\":\"Actualit\u00e9s de l&#039;Or et des m\u00e9taux pr\u00e9cieux\",\"potentialAction\":[{\"@type\":\"SearchAction\",\"target\":{\"@type\":\"EntryPoint\",\"urlTemplate\":\"https:\/\/www.gold.fr\/news\/?s={search_term_string}\"},\"query-input\":{\"@type\":\"PropertyValueSpecification\",\"valueRequired\":true,\"valueName\":\"search_term_string\"}}],\"inLanguage\":\"fr-FR\"},{\"@type\":\"Person\",\"@id\":\"https:\/\/www.gold.fr\/news\/#\/schema\/person\/760ee7cec237915eebf2be78df0404c4\",\"name\":\"Comptoir National de l'Or\",\"image\":{\"@type\":\"ImageObject\",\"inLanguage\":\"fr-FR\",\"@id\":\"https:\/\/www.gold.fr\/news\/#\/schema\/person\/image\/c36675942654553a86039d2dfa93c740\",\"url\":\"https:\/\/secure.gravatar.com\/avatar\/713f289e398d35ead876c4a4cc08607f0d6d266058cfc25683fffb6092d0e572?s=96&d=mm&r=g\",\"contentUrl\":\"https:\/\/secure.gravatar.com\/avatar\/713f289e398d35ead876c4a4cc08607f0d6d266058cfc25683fffb6092d0e572?s=96&d=mm&r=g\",\"caption\":\"Comptoir National de l'Or\"},\"description\":\"Notre r\u00e9daction est constitu\u00e9e de membres experts dans les m\u00e9tiers de l'\u00e9conomie et la gestion, des Responsables d'agence Comptoir National de l'Or, des analystes financiers qui publient r\u00e9guli\u00e8rement des \u00e9tudes sur les politiques des banques centrales, le cours de l'or, prix de l'or, cours de l'argent, prix de l'argent, cours du platine, cours du palladium,... la situation en zone euro et l'impact de la strat\u00e9gie mon\u00e9taire de la FED. Notre \u00e9quipe scrute \u00e9galement une information plus g\u00e9n\u00e9raliste \u00e0 la recherche d'actualit\u00e9 \\\"p\u00e9pite\\\" \u00e0 vous partager. Depuis 5 ans, nous avons publi\u00e9 un peu plus de 4000 articles qui s'adressent \u00e0 un public large et vari\u00e9 ayant pour objectif de satisfaire votre curiosit\u00e9 et de partager avec vous une certaine fascination pour le m\u00e9tal jaune, le rachat d'or, et pour ceux qui veulent investir dans l'or, vendre leur or tout simplement en savoir plus... Pour tous vos achat or et argent, n'h\u00e9sitez pas \u00e0 prendre rendez-vous dans l'un de nos nombreux comptoirs.\",\"sameAs\":[\"https:\/\/www.gold.fr\"]}]}<\/script>\n<!-- \/ Yoast SEO plugin. -->","yoast_head_json":{"title":"Baisse et attentisme au c\u0153ur des march\u00e9s US - Gold.fr","robots":{"index":"index","follow":"follow","max-snippet":"max-snippet:-1","max-image-preview":"max-image-preview:large","max-video-preview":"max-video-preview:-1"},"canonical":"https:\/\/www.gold.fr\/news\/2014\/02\/11\/baisse-et-attentisme-au-coeur-des-marches-us\/","og_locale":"fr_FR","og_type":"article","og_title":"Baisse et attentisme au c\u0153ur des march\u00e9s US - Gold.fr","og_description":"La semaine derni\u00e8re se serait termin\u00e9e sur une note n\u00e9gative pour les march\u00e9s financiers am\u00e9ricains, avec la publication des derniers rapports anticip\u00e9s. Au final, ce sera celui relatif aux cr\u00e9ations d\u2019emplois non agricoles qui marquera surtout [&hellip;]","og_url":"https:\/\/www.gold.fr\/news\/2014\/02\/11\/baisse-et-attentisme-au-coeur-des-marches-us\/","og_site_name":"Gold.fr","article_publisher":"https:\/\/www.facebook.com\/Goldfr\/","article_published_time":"2014-02-11T08:00:13+00:00","article_modified_time":"2020-12-09T10:51:40+00:00","og_image":[{"width":605,"height":357,"url":"https:\/\/www.gold.fr\/news\/wp-content\/uploads\/2016\/09\/drapeau-usa.jpg","type":"image\/jpeg"}],"author":"Comptoir National de l'Or","twitter_card":"summary_large_image","twitter_misc":{"\u00c9crit par":"Comptoir National de l'Or","Dur\u00e9e de lecture estim\u00e9e":"1 minute"},"schema":{"@context":"https:\/\/schema.org","@graph":[{"@type":"Article","@id":"https:\/\/www.gold.fr\/news\/2014\/02\/11\/baisse-et-attentisme-au-coeur-des-marches-us\/#article","isPartOf":{"@id":"https:\/\/www.gold.fr\/news\/2014\/02\/11\/baisse-et-attentisme-au-coeur-des-marches-us\/"},"author":{"name":"Comptoir National de l'Or","@id":"https:\/\/www.gold.fr\/news\/#\/schema\/person\/760ee7cec237915eebf2be78df0404c4"},"headline":"Baisse et attentisme au c\u0153ur des march\u00e9s US","datePublished":"2014-02-11T08:00:13+00:00","dateModified":"2020-12-09T10:51:40+00:00","mainEntityOfPage":{"@id":"https:\/\/www.gold.fr\/news\/2014\/02\/11\/baisse-et-attentisme-au-coeur-des-marches-us\/"},"wordCount":263,"image":{"@id":"https:\/\/www.gold.fr\/news\/2014\/02\/11\/baisse-et-attentisme-au-coeur-des-marches-us\/#primaryimage"},"thumbnailUrl":"https:\/\/www.gold.fr\/news\/wp-content\/uploads\/2016\/09\/drapeau-usa.jpg","keywords":["baisse US","emploi US","march\u00e9s financiers","march\u00e9s US"],"articleSection":["Articles de presse"],"inLanguage":"fr-FR"},{"@type":"WebPage","@id":"https:\/\/www.gold.fr\/news\/2014\/02\/11\/baisse-et-attentisme-au-coeur-des-marches-us\/","url":"https:\/\/www.gold.fr\/news\/2014\/02\/11\/baisse-et-attentisme-au-coeur-des-marches-us\/","name":"Baisse et attentisme au c\u0153ur des march\u00e9s US - Gold.fr","isPartOf":{"@id":"https:\/\/www.gold.fr\/news\/#website"},"primaryImageOfPage":{"@id":"https:\/\/www.gold.fr\/news\/2014\/02\/11\/baisse-et-attentisme-au-coeur-des-marches-us\/#primaryimage"},"image":{"@id":"https:\/\/www.gold.fr\/news\/2014\/02\/11\/baisse-et-attentisme-au-coeur-des-marches-us\/#primaryimage"},"thumbnailUrl":"https:\/\/www.gold.fr\/news\/wp-content\/uploads\/2016\/09\/drapeau-usa.jpg","datePublished":"2014-02-11T08:00:13+00:00","dateModified":"2020-12-09T10:51:40+00:00","author":{"@id":"https:\/\/www.gold.fr\/news\/#\/schema\/person\/760ee7cec237915eebf2be78df0404c4"},"breadcrumb":{"@id":"https:\/\/www.gold.fr\/news\/2014\/02\/11\/baisse-et-attentisme-au-coeur-des-marches-us\/#breadcrumb"},"inLanguage":"fr-FR","potentialAction":[{"@type":"ReadAction","target":["https:\/\/www.gold.fr\/news\/2014\/02\/11\/baisse-et-attentisme-au-coeur-des-marches-us\/"]}]},{"@type":"ImageObject","inLanguage":"fr-FR","@id":"https:\/\/www.gold.fr\/news\/2014\/02\/11\/baisse-et-attentisme-au-coeur-des-marches-us\/#primaryimage","url":"https:\/\/www.gold.fr\/news\/wp-content\/uploads\/2016\/09\/drapeau-usa.jpg","contentUrl":"https:\/\/www.gold.fr\/news\/wp-content\/uploads\/2016\/09\/drapeau-usa.jpg","width":605,"height":357,"caption":"Le premier d\u00e9bat pr\u00e9sidentiel booste les march\u00e9s"},{"@type":"BreadcrumbList","@id":"https:\/\/www.gold.fr\/news\/2014\/02\/11\/baisse-et-attentisme-au-coeur-des-marches-us\/#breadcrumb","itemListElement":[{"@type":"ListItem","position":1,"name":"Accueil","item":"https:\/\/www.gold.fr\/"},{"@type":"ListItem","position":2,"name":"Actualit\u00e9s","item":"https:\/\/www.gold.fr\/news\/"},{"@type":"ListItem","position":3,"name":"Baisse et attentisme au c\u0153ur des march\u00e9s US"}]},{"@type":"WebSite","@id":"https:\/\/www.gold.fr\/news\/#website","url":"https:\/\/www.gold.fr\/news\/","name":"Gold.fr","description":"Actualit\u00e9s de l&#039;Or et des m\u00e9taux pr\u00e9cieux","potentialAction":[{"@type":"SearchAction","target":{"@type":"EntryPoint","urlTemplate":"https:\/\/www.gold.fr\/news\/?s={search_term_string}"},"query-input":{"@type":"PropertyValueSpecification","valueRequired":true,"valueName":"search_term_string"}}],"inLanguage":"fr-FR"},{"@type":"Person","@id":"https:\/\/www.gold.fr\/news\/#\/schema\/person\/760ee7cec237915eebf2be78df0404c4","name":"Comptoir National de l'Or","image":{"@type":"ImageObject","inLanguage":"fr-FR","@id":"https:\/\/www.gold.fr\/news\/#\/schema\/person\/image\/c36675942654553a86039d2dfa93c740","url":"https:\/\/secure.gravatar.com\/avatar\/713f289e398d35ead876c4a4cc08607f0d6d266058cfc25683fffb6092d0e572?s=96&d=mm&r=g","contentUrl":"https:\/\/secure.gravatar.com\/avatar\/713f289e398d35ead876c4a4cc08607f0d6d266058cfc25683fffb6092d0e572?s=96&d=mm&r=g","caption":"Comptoir National de l'Or"},"description":"Notre r\u00e9daction est constitu\u00e9e de membres experts dans les m\u00e9tiers de l'\u00e9conomie et la gestion, des Responsables d'agence Comptoir National de l'Or, des analystes financiers qui publient r\u00e9guli\u00e8rement des \u00e9tudes sur les politiques des banques centrales, le cours de l'or, prix de l'or, cours de l'argent, prix de l'argent, cours du platine, cours du palladium,... la situation en zone euro et l'impact de la strat\u00e9gie mon\u00e9taire de la FED. Notre \u00e9quipe scrute \u00e9galement une information plus g\u00e9n\u00e9raliste \u00e0 la recherche d'actualit\u00e9 \"p\u00e9pite\" \u00e0 vous partager. Depuis 5 ans, nous avons publi\u00e9 un peu plus de 4000 articles qui s'adressent \u00e0 un public large et vari\u00e9 ayant pour objectif de satisfaire votre curiosit\u00e9 et de partager avec vous une certaine fascination pour le m\u00e9tal jaune, le rachat d'or, et pour ceux qui veulent investir dans l'or, vendre leur or tout simplement en savoir plus... Pour tous vos achat or et argent, n'h\u00e9sitez pas \u00e0 prendre rendez-vous dans l'un de nos nombreux comptoirs.","sameAs":["https:\/\/www.gold.fr"]}]}},"authors":[{"term_id":2565,"user_id":18,"is_guest":0,"slug":"julie","display_name":"Comptoir National de l'Or","avatar_url":"https:\/\/secure.gravatar.com\/avatar\/713f289e398d35ead876c4a4cc08607f0d6d266058cfc25683fffb6092d0e572?s=96&d=mm&r=g","0":null,"1":"","2":"","3":"","4":"","5":"","6":"","7":"","8":""}],"_links":{"self":[{"href":"https:\/\/www.gold.fr\/news\/wp-json\/wp\/v2\/posts\/13896","targetHints":{"allow":["GET"]}}],"collection":[{"href":"https:\/\/www.gold.fr\/news\/wp-json\/wp\/v2\/posts"}],"about":[{"href":"https:\/\/www.gold.fr\/news\/wp-json\/wp\/v2\/types\/post"}],"author":[{"embeddable":true,"href":"https:\/\/www.gold.fr\/news\/wp-json\/wp\/v2\/users\/18"}],"replies":[{"embeddable":true,"href":"https:\/\/www.gold.fr\/news\/wp-json\/wp\/v2\/comments?post=13896"}],"version-history":[{"count":0,"href":"https:\/\/www.gold.fr\/news\/wp-json\/wp\/v2\/posts\/13896\/revisions"}],"wp:featuredmedia":[{"embeddable":true,"href":"https:\/\/www.gold.fr\/news\/wp-json\/wp\/v2\/media\/33135"}],"wp:attachment":[{"href":"https:\/\/www.gold.fr\/news\/wp-json\/wp\/v2\/media?parent=13896"}],"wp:term":[{"taxonomy":"category","embeddable":true,"href":"https:\/\/www.gold.fr\/news\/wp-json\/wp\/v2\/categories?post=13896"},{"taxonomy":"post_tag","embeddable":true,"href":"https:\/\/www.gold.fr\/news\/wp-json\/wp\/v2\/tags?post=13896"},{"taxonomy":"author","embeddable":true,"href":"https:\/\/www.gold.fr\/news\/wp-json\/wp\/v2\/ppma_author?post=13896"}],"curies":[{"name":"wp","href":"https:\/\/api.w.org\/{rel}","templated":true}]}}