{"id":13878,"date":"2014-02-07T17:00:17","date_gmt":"2014-02-07T16:00:17","guid":{"rendered":"https:\/\/www.gold.fr\/news\/?p=13878"},"modified":"2018-02-22T14:42:57","modified_gmt":"2018-02-22T13:42:57","slug":"evolution-de-lor-une-reprise-a-confirmer","status":"publish","type":"post","link":"https:\/\/www.gold.fr\/news\/2014\/02\/07\/evolution-de-lor-une-reprise-a-confirmer\/","title":{"rendered":"Evolution de l\u2019or : une reprise \u00e0 confirmer"},"content":{"rendered":"<p><img loading=\"lazy\" decoding=\"async\" class=\"alignleft size-thumbnail wp-image-9071\" title=\"Evolution de l\u2019or : une reprise \u00e0 confirmer\" src=\"https:\/\/www.gold.fr\/news\/wp-content\/uploads\/2012\/08\/evolution-cours-or-bourse-150x150.jpg\" alt=\"\" width=\"150\" height=\"150\" \/><span style=\"font-size: small;\">C&rsquo;est une conjoncture largement d\u00e9favorable qui s&rsquo;annonce en ce mois de f\u00e9vrier pour le march\u00e9 aurif\u00e8re ; entre la pression persistante de la crise planante de la crise \u00e9conomique des pays \u00e9mergeants (grands et fid\u00e8les consommateurs de <a href='https:\/\/www.gold.fr\/news\/tags\/or' class='esk-seo-plu-link'>m\u00e9tal jaune<\/a>, \u00e0 \u00e9chelle mondiale), la r\u00e9cente reprise des march\u00e9s am\u00e9ricains et sa contagion europ\u00e9enne, ou encore la l\u00e9thargie relative des march\u00e9s chinois (<a title=\"L\u2019ann\u00e9e du Cheval ne r\u00e9ussit pas \u00e0 l\u2019or\" href=\"https:\/\/www.gold.fr\/news\/2014\/02\/03\/lannee-du-cheval-ne-reussit-pas-a-lor\/13806\/\" target=\"_blank\">au lendemain des festivit\u00e9s du Nouvel An<\/a>), difficile de pr\u00e9voir des perspectives positives pour le <a href='https:\/\/www.gold.fr\/news\/tags\/or' class='esk-seo-plu-link'>m\u00e9tal jaune<\/a>, \u00e0 court \u2013voire moyen\u2013 terme. Pourtant, la hausse est encore au rendez-vous, confirmant la passion et confiance in\u00e9branlables des investisseurs.<\/span>    <span style=\"font-size: small;\"> Jeudi soir, les experts soulignaient que \u00ab <em>\u00e0 l&rsquo;image des places europ\u00e9ennes, Wall Street conclut sa plus belle s\u00e9ance de l&rsquo;ann\u00e9e 2014, gr\u00e2ce \u00e0 de bons chiffres US et un regain de confiance \u00e0 la veille des chiffres de l&#8217;emploi publi\u00e9s ce vendredi (7 f\u00e9vrier)<\/em> \u00bb. Bien que les \u2018<em>bons<\/em>&lsquo; chiffres de l&#8217;emploi restent encore \u00e0 confirmer, les march\u00e9s n&rsquo;ont pas attendu la fameuse annonce pour se mettre en joie.<\/span>    <span style=\"font-size: small;\"> De leur c\u00f4t\u00e9, les \u00e9quipes de Saxo Banque rappelaient que \u00ab <em>\u00e0 cause du Nouvel An chinois et la fermeture de leur march\u00e9 jusqu&rsquo;\u00e0 demain, l&rsquo;<a href='https:\/\/www.gold.fr\/news\/tags\/or' class='esk-seo-plu-link'>or<\/a> manque de soutien<\/em> \u00bb, tandis que les analystes de <strong>Comerzbank<\/strong> affirmaient que \u00ab<em> l&rsquo;accalmie que la crise des changes \u00e9mergents semble conna\u00eetre (&#8230;) a induit une certaine pression vendeuse quant au prix de l&rsquo;<a href='https:\/\/www.gold.fr\/news\/tags\/or' class='esk-seo-plu-link'>or<\/a><\/em> \u00bb.<\/span>    <span style=\"font-size: small;\"> Pourtant, le <a href='https:\/\/www.gold.fr\/news\/tags\/or' class='esk-seo-plu-link'>m\u00e9tal jaune<\/a> encha\u00eene, depuis le d\u00e9but de la semaine derni\u00e8re, les s\u00e9ances haussi\u00e8res, d\u00e9passant m\u00eame, depuis la s\u00e9ance de vendredi dernier, le palier technique des <strong>1 260 <a href='https:\/\/www.gold.fr\/news\/tags\/investissement' class='esk-seo-plu-link'>dollars<\/a><\/strong> l&rsquo;once. Une reprise qui reste tout de m\u00eame \u00e0 confirmer, \u00e9tant donn\u00e9 les r\u00e9centes fluctuations \u2013pour le moins brusques et inattendues- des march\u00e9s financiers.<\/span><\/p>\n<!-- AddThis Advanced Settings generic via filter on the_content --><!-- AddThis Share Buttons generic via filter on the_content -->","protected":false},"excerpt":{"rendered":"<p>C&rsquo;est une conjoncture largement d\u00e9favorable qui s&rsquo;annonce en ce mois de f\u00e9vrier pour le march\u00e9 aurif\u00e8re ; entre la pression persistante de la crise planante de la crise \u00e9conomique des pays \u00e9mergeants (grands et fid\u00e8les consommateurs [&hellip;]<\/p>\n","protected":false},"author":18,"featured_media":9071,"comment_status":"open","ping_status":"open","sticky":false,"template":"","format":"standard","meta":{"_mbp_gutenberg_autopost":false,"_pgmb_is_evergreen":false,"_pgmb_ap_template_id":0,"footnotes":""},"categories":[6],"tags":[961,1167,1649,1216],"ppma_author":[2565],"class_list":["post-13878","post","type-post","status-publish","format-standard","has-post-thumbnail","hentry","category-articles-de-presse","tag-cours-or","tag-evolution-or","tag-marches","tag-reprise-or"],"yoast_head":"<!-- This site is optimized with the Yoast SEO plugin v27.5 - https:\/\/yoast.com\/product\/yoast-seo-wordpress\/ -->\n<title>Evolution de l\u2019or : une reprise \u00e0 confirmer - Gold.fr<\/title>\n<meta name=\"robots\" content=\"index, follow, max-snippet:-1, max-image-preview:large, max-video-preview:-1\" \/>\n<link rel=\"canonical\" href=\"https:\/\/www.gold.fr\/news\/2014\/02\/07\/evolution-de-lor-une-reprise-a-confirmer\/\" \/>\n<meta property=\"og:locale\" content=\"fr_FR\" \/>\n<meta property=\"og:type\" content=\"article\" \/>\n<meta property=\"og:title\" content=\"Evolution de l\u2019or : une reprise \u00e0 confirmer - Gold.fr\" \/>\n<meta property=\"og:description\" content=\"C&rsquo;est une conjoncture largement d\u00e9favorable qui s&rsquo;annonce en ce mois de f\u00e9vrier pour le march\u00e9 aurif\u00e8re ; entre la pression persistante de la crise planante de la crise \u00e9conomique des pays \u00e9mergeants (grands et fid\u00e8les consommateurs [&hellip;]\" \/>\n<meta property=\"og:url\" content=\"https:\/\/www.gold.fr\/news\/2014\/02\/07\/evolution-de-lor-une-reprise-a-confirmer\/\" \/>\n<meta property=\"og:site_name\" content=\"Gold.fr\" \/>\n<meta property=\"article:publisher\" content=\"https:\/\/www.facebook.com\/Goldfr\/\" \/>\n<meta property=\"article:published_time\" content=\"2014-02-07T16:00:17+00:00\" \/>\n<meta property=\"article:modified_time\" content=\"2018-02-22T13:42:57+00:00\" \/>\n<meta property=\"og:image\" content=\"https:\/\/www.gold.fr\/news\/wp-content\/uploads\/2012\/08\/evolution-cours-or-bourse.jpg\" \/>\n\t<meta property=\"og:image:width\" content=\"600\" \/>\n\t<meta property=\"og:image:height\" content=\"429\" \/>\n\t<meta property=\"og:image:type\" content=\"image\/jpeg\" \/>\n<meta name=\"author\" content=\"Comptoir National de l&#039;Or\" \/>\n<meta name=\"twitter:card\" content=\"summary_large_image\" \/>\n<meta name=\"twitter:label1\" content=\"\u00c9crit par\" \/>\n\t<meta name=\"twitter:data1\" content=\"Comptoir National de l&#039;Or\" \/>\n\t<meta name=\"twitter:label2\" content=\"Dur\u00e9e de lecture estim\u00e9e\" \/>\n\t<meta name=\"twitter:data2\" content=\"1 minute\" \/>\n<script type=\"application\/ld+json\" class=\"yoast-schema-graph\">{\"@context\":\"https:\\\/\\\/schema.org\",\"@graph\":[{\"@type\":\"Article\",\"@id\":\"https:\\\/\\\/www.gold.fr\\\/news\\\/2014\\\/02\\\/07\\\/evolution-de-lor-une-reprise-a-confirmer\\\/#article\",\"isPartOf\":{\"@id\":\"https:\\\/\\\/www.gold.fr\\\/news\\\/2014\\\/02\\\/07\\\/evolution-de-lor-une-reprise-a-confirmer\\\/\"},\"author\":{\"name\":\"Comptoir National de l'Or\",\"@id\":\"https:\\\/\\\/www.gold.fr\\\/news\\\/#\\\/schema\\\/person\\\/070491b4b4fb7671bf59b3be20302ce9\"},\"headline\":\"Evolution de l\u2019or : une reprise \u00e0 confirmer\",\"datePublished\":\"2014-02-07T16:00:17+00:00\",\"dateModified\":\"2018-02-22T13:42:57+00:00\",\"mainEntityOfPage\":{\"@id\":\"https:\\\/\\\/www.gold.fr\\\/news\\\/2014\\\/02\\\/07\\\/evolution-de-lor-une-reprise-a-confirmer\\\/\"},\"wordCount\":316,\"commentCount\":0,\"image\":{\"@id\":\"https:\\\/\\\/www.gold.fr\\\/news\\\/2014\\\/02\\\/07\\\/evolution-de-lor-une-reprise-a-confirmer\\\/#primaryimage\"},\"thumbnailUrl\":\"https:\\\/\\\/www.gold.fr\\\/news\\\/wp-content\\\/uploads\\\/2012\\\/08\\\/evolution-cours-or-bourse.jpg\",\"keywords\":[\"cours or\",\"evolution or\",\"march\u00e9s\",\"reprise or\"],\"articleSection\":[\"Articles de presse\"],\"inLanguage\":\"fr-FR\"},{\"@type\":\"WebPage\",\"@id\":\"https:\\\/\\\/www.gold.fr\\\/news\\\/2014\\\/02\\\/07\\\/evolution-de-lor-une-reprise-a-confirmer\\\/\",\"url\":\"https:\\\/\\\/www.gold.fr\\\/news\\\/2014\\\/02\\\/07\\\/evolution-de-lor-une-reprise-a-confirmer\\\/\",\"name\":\"Evolution de l\u2019or : une reprise \u00e0 confirmer - Gold.fr\",\"isPartOf\":{\"@id\":\"https:\\\/\\\/www.gold.fr\\\/news\\\/#website\"},\"primaryImageOfPage\":{\"@id\":\"https:\\\/\\\/www.gold.fr\\\/news\\\/2014\\\/02\\\/07\\\/evolution-de-lor-une-reprise-a-confirmer\\\/#primaryimage\"},\"image\":{\"@id\":\"https:\\\/\\\/www.gold.fr\\\/news\\\/2014\\\/02\\\/07\\\/evolution-de-lor-une-reprise-a-confirmer\\\/#primaryimage\"},\"thumbnailUrl\":\"https:\\\/\\\/www.gold.fr\\\/news\\\/wp-content\\\/uploads\\\/2012\\\/08\\\/evolution-cours-or-bourse.jpg\",\"datePublished\":\"2014-02-07T16:00:17+00:00\",\"dateModified\":\"2018-02-22T13:42:57+00:00\",\"author\":{\"@id\":\"https:\\\/\\\/www.gold.fr\\\/news\\\/#\\\/schema\\\/person\\\/070491b4b4fb7671bf59b3be20302ce9\"},\"breadcrumb\":{\"@id\":\"https:\\\/\\\/www.gold.fr\\\/news\\\/2014\\\/02\\\/07\\\/evolution-de-lor-une-reprise-a-confirmer\\\/#breadcrumb\"},\"inLanguage\":\"fr-FR\",\"potentialAction\":[{\"@type\":\"ReadAction\",\"target\":[\"https:\\\/\\\/www.gold.fr\\\/news\\\/2014\\\/02\\\/07\\\/evolution-de-lor-une-reprise-a-confirmer\\\/\"]}]},{\"@type\":\"ImageObject\",\"inLanguage\":\"fr-FR\",\"@id\":\"https:\\\/\\\/www.gold.fr\\\/news\\\/2014\\\/02\\\/07\\\/evolution-de-lor-une-reprise-a-confirmer\\\/#primaryimage\",\"url\":\"https:\\\/\\\/www.gold.fr\\\/news\\\/wp-content\\\/uploads\\\/2012\\\/08\\\/evolution-cours-or-bourse.jpg\",\"contentUrl\":\"https:\\\/\\\/www.gold.fr\\\/news\\\/wp-content\\\/uploads\\\/2012\\\/08\\\/evolution-cours-or-bourse.jpg\",\"width\":\"600\",\"height\":\"429\",\"caption\":\"Evolution de l\u2019or : La FED va-t-elle continuer \u00e0 servir de catalyseur ?\"},{\"@type\":\"BreadcrumbList\",\"@id\":\"https:\\\/\\\/www.gold.fr\\\/news\\\/2014\\\/02\\\/07\\\/evolution-de-lor-une-reprise-a-confirmer\\\/#breadcrumb\",\"itemListElement\":[{\"@type\":\"ListItem\",\"position\":1,\"name\":\"Accueil\",\"item\":\"https:\\\/\\\/www.gold.fr\\\/\"},{\"@type\":\"ListItem\",\"position\":2,\"name\":\"Actualit\u00e9s\",\"item\":\"https:\\\/\\\/www.gold.fr\\\/news\\\/\"},{\"@type\":\"ListItem\",\"position\":3,\"name\":\"Evolution de l\u2019or : une reprise \u00e0 confirmer\"}]},{\"@type\":\"WebSite\",\"@id\":\"https:\\\/\\\/www.gold.fr\\\/news\\\/#website\",\"url\":\"https:\\\/\\\/www.gold.fr\\\/news\\\/\",\"name\":\"Gold.fr\",\"description\":\"Actualit\u00e9s de l&#039;Or et des m\u00e9taux pr\u00e9cieux\",\"potentialAction\":[{\"@type\":\"SearchAction\",\"target\":{\"@type\":\"EntryPoint\",\"urlTemplate\":\"https:\\\/\\\/www.gold.fr\\\/news\\\/?s={search_term_string}\"},\"query-input\":{\"@type\":\"PropertyValueSpecification\",\"valueRequired\":true,\"valueName\":\"search_term_string\"}}],\"inLanguage\":\"fr-FR\"},{\"@type\":\"Person\",\"@id\":\"https:\\\/\\\/www.gold.fr\\\/news\\\/#\\\/schema\\\/person\\\/070491b4b4fb7671bf59b3be20302ce9\",\"name\":\"Comptoir National de l'Or\",\"image\":{\"@type\":\"ImageObject\",\"inLanguage\":\"fr-FR\",\"@id\":\"https:\\\/\\\/secure.gravatar.com\\\/avatar\\\/0a2867fd5abe37bed95d5a65e9d58f01756e11efc68af9888dfc50cfa7f65948?s=96&d=mm&r=gb490554db0a38188709de567aa58480d\",\"url\":\"https:\\\/\\\/secure.gravatar.com\\\/avatar\\\/0a2867fd5abe37bed95d5a65e9d58f01756e11efc68af9888dfc50cfa7f65948?s=96&d=mm&r=g\",\"contentUrl\":\"https:\\\/\\\/secure.gravatar.com\\\/avatar\\\/0a2867fd5abe37bed95d5a65e9d58f01756e11efc68af9888dfc50cfa7f65948?s=96&d=mm&r=g\",\"caption\":\"Comptoir National de l'Or\"},\"description\":\"Notre r\u00e9daction est constitu\u00e9e de membres experts dans les m\u00e9tiers de l'\u00e9conomie et la gestion, des Responsables d'agence Comptoir National de l'Or, des analystes financiers qui publient r\u00e9guli\u00e8rement des \u00e9tudes sur les politiques des banques centrales, le cours de l'or, prix de l'or, cours de l'argent, prix de l'argent, cours du platine, cours du palladium,... la situation en zone euro et l'impact de la strat\u00e9gie mon\u00e9taire de la FED. Notre \u00e9quipe scrute \u00e9galement une information plus g\u00e9n\u00e9raliste \u00e0 la recherche d'actualit\u00e9 \\\"p\u00e9pite\\\" \u00e0 vous partager. Depuis 5 ans, nous avons publi\u00e9 un peu plus de 4000 articles qui s'adressent \u00e0 un public large et vari\u00e9 ayant pour objectif de satisfaire votre curiosit\u00e9 et de partager avec vous une certaine fascination pour le m\u00e9tal jaune, le rachat d'or, et pour ceux qui veulent investir dans l'or, vendre leur or tout simplement en savoir plus... Pour tous vos achat or et argent, n'h\u00e9sitez pas \u00e0 prendre rendez-vous dans l'un de nos nombreux comptoirs.\",\"sameAs\":[\"https:\\\/\\\/www.gold.fr\"]}]}<\/script>\n<!-- \/ Yoast SEO plugin. -->","yoast_head_json":{"title":"Evolution de l\u2019or : une reprise \u00e0 confirmer - Gold.fr","robots":{"index":"index","follow":"follow","max-snippet":"max-snippet:-1","max-image-preview":"max-image-preview:large","max-video-preview":"max-video-preview:-1"},"canonical":"https:\/\/www.gold.fr\/news\/2014\/02\/07\/evolution-de-lor-une-reprise-a-confirmer\/","og_locale":"fr_FR","og_type":"article","og_title":"Evolution de l\u2019or : une reprise \u00e0 confirmer - Gold.fr","og_description":"C&rsquo;est une conjoncture largement d\u00e9favorable qui s&rsquo;annonce en ce mois de f\u00e9vrier pour le march\u00e9 aurif\u00e8re ; entre la pression persistante de la crise planante de la crise \u00e9conomique des pays \u00e9mergeants (grands et fid\u00e8les consommateurs [&hellip;]","og_url":"https:\/\/www.gold.fr\/news\/2014\/02\/07\/evolution-de-lor-une-reprise-a-confirmer\/","og_site_name":"Gold.fr","article_publisher":"https:\/\/www.facebook.com\/Goldfr\/","article_published_time":"2014-02-07T16:00:17+00:00","article_modified_time":"2018-02-22T13:42:57+00:00","og_image":[{"width":600,"height":429,"url":"https:\/\/www.gold.fr\/news\/wp-content\/uploads\/2012\/08\/evolution-cours-or-bourse.jpg","type":"image\/jpeg"}],"author":"Comptoir National de l'Or","twitter_card":"summary_large_image","twitter_misc":{"\u00c9crit par":"Comptoir National de l'Or","Dur\u00e9e de lecture estim\u00e9e":"1 minute"},"schema":{"@context":"https:\/\/schema.org","@graph":[{"@type":"Article","@id":"https:\/\/www.gold.fr\/news\/2014\/02\/07\/evolution-de-lor-une-reprise-a-confirmer\/#article","isPartOf":{"@id":"https:\/\/www.gold.fr\/news\/2014\/02\/07\/evolution-de-lor-une-reprise-a-confirmer\/"},"author":{"name":"Comptoir National de l'Or","@id":"https:\/\/www.gold.fr\/news\/#\/schema\/person\/070491b4b4fb7671bf59b3be20302ce9"},"headline":"Evolution de l\u2019or : une reprise \u00e0 confirmer","datePublished":"2014-02-07T16:00:17+00:00","dateModified":"2018-02-22T13:42:57+00:00","mainEntityOfPage":{"@id":"https:\/\/www.gold.fr\/news\/2014\/02\/07\/evolution-de-lor-une-reprise-a-confirmer\/"},"wordCount":316,"commentCount":0,"image":{"@id":"https:\/\/www.gold.fr\/news\/2014\/02\/07\/evolution-de-lor-une-reprise-a-confirmer\/#primaryimage"},"thumbnailUrl":"https:\/\/www.gold.fr\/news\/wp-content\/uploads\/2012\/08\/evolution-cours-or-bourse.jpg","keywords":["cours or","evolution or","march\u00e9s","reprise or"],"articleSection":["Articles de presse"],"inLanguage":"fr-FR"},{"@type":"WebPage","@id":"https:\/\/www.gold.fr\/news\/2014\/02\/07\/evolution-de-lor-une-reprise-a-confirmer\/","url":"https:\/\/www.gold.fr\/news\/2014\/02\/07\/evolution-de-lor-une-reprise-a-confirmer\/","name":"Evolution de l\u2019or : une reprise \u00e0 confirmer - Gold.fr","isPartOf":{"@id":"https:\/\/www.gold.fr\/news\/#website"},"primaryImageOfPage":{"@id":"https:\/\/www.gold.fr\/news\/2014\/02\/07\/evolution-de-lor-une-reprise-a-confirmer\/#primaryimage"},"image":{"@id":"https:\/\/www.gold.fr\/news\/2014\/02\/07\/evolution-de-lor-une-reprise-a-confirmer\/#primaryimage"},"thumbnailUrl":"https:\/\/www.gold.fr\/news\/wp-content\/uploads\/2012\/08\/evolution-cours-or-bourse.jpg","datePublished":"2014-02-07T16:00:17+00:00","dateModified":"2018-02-22T13:42:57+00:00","author":{"@id":"https:\/\/www.gold.fr\/news\/#\/schema\/person\/070491b4b4fb7671bf59b3be20302ce9"},"breadcrumb":{"@id":"https:\/\/www.gold.fr\/news\/2014\/02\/07\/evolution-de-lor-une-reprise-a-confirmer\/#breadcrumb"},"inLanguage":"fr-FR","potentialAction":[{"@type":"ReadAction","target":["https:\/\/www.gold.fr\/news\/2014\/02\/07\/evolution-de-lor-une-reprise-a-confirmer\/"]}]},{"@type":"ImageObject","inLanguage":"fr-FR","@id":"https:\/\/www.gold.fr\/news\/2014\/02\/07\/evolution-de-lor-une-reprise-a-confirmer\/#primaryimage","url":"https:\/\/www.gold.fr\/news\/wp-content\/uploads\/2012\/08\/evolution-cours-or-bourse.jpg","contentUrl":"https:\/\/www.gold.fr\/news\/wp-content\/uploads\/2012\/08\/evolution-cours-or-bourse.jpg","width":"600","height":"429","caption":"Evolution de l\u2019or : La FED va-t-elle continuer \u00e0 servir de catalyseur ?"},{"@type":"BreadcrumbList","@id":"https:\/\/www.gold.fr\/news\/2014\/02\/07\/evolution-de-lor-une-reprise-a-confirmer\/#breadcrumb","itemListElement":[{"@type":"ListItem","position":1,"name":"Accueil","item":"https:\/\/www.gold.fr\/"},{"@type":"ListItem","position":2,"name":"Actualit\u00e9s","item":"https:\/\/www.gold.fr\/news\/"},{"@type":"ListItem","position":3,"name":"Evolution de l\u2019or : une reprise \u00e0 confirmer"}]},{"@type":"WebSite","@id":"https:\/\/www.gold.fr\/news\/#website","url":"https:\/\/www.gold.fr\/news\/","name":"Gold.fr","description":"Actualit\u00e9s de l&#039;Or et des m\u00e9taux pr\u00e9cieux","potentialAction":[{"@type":"SearchAction","target":{"@type":"EntryPoint","urlTemplate":"https:\/\/www.gold.fr\/news\/?s={search_term_string}"},"query-input":{"@type":"PropertyValueSpecification","valueRequired":true,"valueName":"search_term_string"}}],"inLanguage":"fr-FR"},{"@type":"Person","@id":"https:\/\/www.gold.fr\/news\/#\/schema\/person\/070491b4b4fb7671bf59b3be20302ce9","name":"Comptoir National de l'Or","image":{"@type":"ImageObject","inLanguage":"fr-FR","@id":"https:\/\/secure.gravatar.com\/avatar\/0a2867fd5abe37bed95d5a65e9d58f01756e11efc68af9888dfc50cfa7f65948?s=96&d=mm&r=gb490554db0a38188709de567aa58480d","url":"https:\/\/secure.gravatar.com\/avatar\/0a2867fd5abe37bed95d5a65e9d58f01756e11efc68af9888dfc50cfa7f65948?s=96&d=mm&r=g","contentUrl":"https:\/\/secure.gravatar.com\/avatar\/0a2867fd5abe37bed95d5a65e9d58f01756e11efc68af9888dfc50cfa7f65948?s=96&d=mm&r=g","caption":"Comptoir National de l'Or"},"description":"Notre r\u00e9daction est constitu\u00e9e de membres experts dans les m\u00e9tiers de l'\u00e9conomie et la gestion, des Responsables d'agence Comptoir National de l'Or, des analystes financiers qui publient r\u00e9guli\u00e8rement des \u00e9tudes sur les politiques des banques centrales, le cours de l'or, prix de l'or, cours de l'argent, prix de l'argent, cours du platine, cours du palladium,... la situation en zone euro et l'impact de la strat\u00e9gie mon\u00e9taire de la FED. Notre \u00e9quipe scrute \u00e9galement une information plus g\u00e9n\u00e9raliste \u00e0 la recherche d'actualit\u00e9 \"p\u00e9pite\" \u00e0 vous partager. Depuis 5 ans, nous avons publi\u00e9 un peu plus de 4000 articles qui s'adressent \u00e0 un public large et vari\u00e9 ayant pour objectif de satisfaire votre curiosit\u00e9 et de partager avec vous une certaine fascination pour le m\u00e9tal jaune, le rachat d'or, et pour ceux qui veulent investir dans l'or, vendre leur or tout simplement en savoir plus... Pour tous vos achat or et argent, n'h\u00e9sitez pas \u00e0 prendre rendez-vous dans l'un de nos nombreux comptoirs.","sameAs":["https:\/\/www.gold.fr"]}]}},"authors":[{"term_id":2565,"user_id":18,"is_guest":0,"slug":"julie","display_name":"Comptoir National de l'Or","avatar_url":"https:\/\/secure.gravatar.com\/avatar\/713f289e398d35ead876c4a4cc08607f0d6d266058cfc25683fffb6092d0e572?s=96&d=mm&r=g","0":null,"1":"","2":"","3":"","4":"","5":"","6":"","7":"","8":""}],"_links":{"self":[{"href":"https:\/\/www.gold.fr\/news\/wp-json\/wp\/v2\/posts\/13878","targetHints":{"allow":["GET"]}}],"collection":[{"href":"https:\/\/www.gold.fr\/news\/wp-json\/wp\/v2\/posts"}],"about":[{"href":"https:\/\/www.gold.fr\/news\/wp-json\/wp\/v2\/types\/post"}],"author":[{"embeddable":true,"href":"https:\/\/www.gold.fr\/news\/wp-json\/wp\/v2\/users\/18"}],"replies":[{"embeddable":true,"href":"https:\/\/www.gold.fr\/news\/wp-json\/wp\/v2\/comments?post=13878"}],"version-history":[{"count":0,"href":"https:\/\/www.gold.fr\/news\/wp-json\/wp\/v2\/posts\/13878\/revisions"}],"wp:featuredmedia":[{"embeddable":true,"href":"https:\/\/www.gold.fr\/news\/wp-json\/wp\/v2\/media\/9071"}],"wp:attachment":[{"href":"https:\/\/www.gold.fr\/news\/wp-json\/wp\/v2\/media?parent=13878"}],"wp:term":[{"taxonomy":"category","embeddable":true,"href":"https:\/\/www.gold.fr\/news\/wp-json\/wp\/v2\/categories?post=13878"},{"taxonomy":"post_tag","embeddable":true,"href":"https:\/\/www.gold.fr\/news\/wp-json\/wp\/v2\/tags?post=13878"},{"taxonomy":"author","embeddable":true,"href":"https:\/\/www.gold.fr\/news\/wp-json\/wp\/v2\/ppma_author?post=13878"}],"curies":[{"name":"wp","href":"https:\/\/api.w.org\/{rel}","templated":true}]}}