{"id":13835,"date":"2014-02-06T17:00:25","date_gmt":"2014-02-06T16:00:25","guid":{"rendered":"https:\/\/www.gold.fr\/news\/?p=13835"},"modified":"2020-12-09T11:51:01","modified_gmt":"2020-12-09T10:51:01","slug":"un-debut-de-mois-penible-pour-les-marches","status":"publish","type":"post","link":"https:\/\/www.gold.fr\/news\/2014\/02\/06\/un-debut-de-mois-penible-pour-les-marches\/","title":{"rendered":"Un d\u00e9but de mois p\u00e9nible pour les march\u00e9s"},"content":{"rendered":"<p><img loading=\"lazy\" decoding=\"async\" class=\"alignleft size-thumbnail wp-image-8176\" title=\"Un d\u00e9but de mois p\u00e9nible pour les march\u00e9s\" src=\"https:\/\/www.gold.fr\/news\/wp-content\/uploads\/2012\/06\/march\u00e9s-de-lor-150x150.jpg\" alt=\"\" width=\"150\" height=\"150\" srcset=\"https:\/\/www.gold.fr\/news\/wp-content\/uploads\/2012\/06\/march\u00e9s-de-lor-150x150.jpg 150w, https:\/\/www.gold.fr\/news\/wp-content\/uploads\/2012\/06\/march\u00e9s-de-lor-80x80.jpg 80w, https:\/\/www.gold.fr\/news\/wp-content\/uploads\/2012\/06\/march\u00e9s-de-lor-1x1.jpg 1w\" sizes=\"auto, (max-width: 150px) 100vw, 150px\" \/><span style=\"font-size: small;\">C&rsquo;est un mois de f\u00e9vrier qui s&rsquo;annonce d\u00e9j\u00e0 morose pour les march\u00e9s financiers internationaux, contrairement aux pr\u00e9visions des professionnels et aux attentes des op\u00e9rateurs qui vont d\u00e9cid\u00e9ment de d\u00e9ception en d\u00e9ception, apr\u00e8s un mois de janvier plac\u00e9, selon l&rsquo;opinion unanime des experts, sous le signe de la\u2026d\u00e9ception.<\/span> <span style=\"font-size: small;\"> Pour r\u00e9f\u00e9rence, <strong>Wall Street<\/strong> a connu ce lundi un d\u00e9but de mois consid\u00e9r\u00e9 comme \u00ab <em>cauchemardesque<\/em> \u00bb par les \u00e9conomistes \u00ab<em> avec des <a class=\"esk-seo-plu-link\" href=\"https:\/\/www.gold.fr\/news\/tags\/investissement\">actions<\/a> qui ont brusquement d\u00e9viss\u00e9 apr\u00e8s la publication d&rsquo;un mauvais indice ISM <\/em>\u00bb.<\/span> <span style=\"font-size: small;\"> C&rsquo;est donc un<strong> Wall Street<\/strong> apathique et un <strong>CAC40<\/strong> tout aussi maussade qui accueillent ce nouveau mois. Et <a title=\"Et le march\u00e9 chinois rejoint la file baissi\u00e8re\u2026\" href=\"https:\/\/www.gold.fr\/news\/2014\/02\/05\/et-le-marche-chinois-rejoint-la-file-baissiere\/13831\/\" target=\"_blank\" rel=\"noopener noreferrer\">les march\u00e9s asiatiques n\u2019affichent pas une meilleure mine<\/a>, puisque de <strong>Tokyo<\/strong> \u00e0 <strong>Honk Kong<\/strong>, on accumule \u00e9galement les s\u00e9ances (voire les semaines) boursi\u00e8res baissi\u00e8res. Un repli g\u00e9n\u00e9ralis\u00e9 qui \u00e9tonne la plupart des observateurs, puisque bon nombre d&rsquo;entre eux sont pris au d\u00e9pourvu par ce retournement de situation, en d\u00e9pit d&rsquo;une conjoncture \u00e9conomique et politique globalement instable et d\u00e9finitivement incertaine.<\/span> <span style=\"font-size: small;\"><strong> Chris Weston<\/strong>, strat\u00e8ge et analyste professionnel chez <strong>IG<\/strong>, affirme que \u00ab<em> le march\u00e9 a le sentiment de s&rsquo;\u00eatre pris un train en pleine figure et tout le monde se demande ce qui est en train de se passer <\/em>\u00bb, ajoutant que \u00ab <em>ce qui avait d\u00e9marr\u00e9 comme un simple exercice de prises de profits s&rsquo;est transform\u00e9 en quelque chose de bien plus important, avec des inversions de <a class=\"esk-seo-plu-link\" href=\"https:\/\/www.gold.fr\/news\/tags\/investissement\">tendance<\/a> pour bon nombre d&rsquo;actifs et la cassure ou le test de moyennes mobiles \u00e0<strong> 200 jours<\/strong><\/em> \u00bb.<\/span><\/p>\n<!-- AddThis Advanced Settings generic via filter on the_content --><!-- AddThis Share Buttons generic via filter on the_content -->","protected":false},"excerpt":{"rendered":"<p>C&rsquo;est un mois de f\u00e9vrier qui s&rsquo;annonce d\u00e9j\u00e0 morose pour les march\u00e9s financiers internationaux, contrairement aux pr\u00e9visions des professionnels et aux attentes des op\u00e9rateurs qui vont d\u00e9cid\u00e9ment de d\u00e9ception en d\u00e9ception, apr\u00e8s un mois de janvier [&hellip;]<\/p>\n","protected":false},"author":18,"featured_media":2870,"comment_status":"closed","ping_status":"closed","sticky":false,"template":"","format":"standard","meta":{"_mbp_gutenberg_autopost":false,"_pgmb_is_evergreen":false,"_pgmb_ap_template_id":0,"footnotes":""},"categories":[6],"tags":[1762,1763,1410,534],"ppma_author":[2565],"class_list":["post-13835","post","type-post","status-publish","format-standard","has-post-thumbnail","hentry","category-articles-de-presse","tag-baisse-marche","tag-marches-asiatiques","tag-marches-financiers","tag-wall-street"],"yoast_head":"<!-- This site is optimized with the Yoast SEO plugin v26.9 - https:\/\/yoast.com\/product\/yoast-seo-wordpress\/ -->\n<title>Un d\u00e9but de mois p\u00e9nible pour les march\u00e9s - Gold.fr<\/title>\n<meta name=\"robots\" content=\"index, follow, max-snippet:-1, max-image-preview:large, max-video-preview:-1\" \/>\n<link rel=\"canonical\" href=\"https:\/\/www.gold.fr\/news\/2014\/02\/06\/un-debut-de-mois-penible-pour-les-marches\/\" \/>\n<meta property=\"og:locale\" content=\"fr_FR\" \/>\n<meta property=\"og:type\" content=\"article\" \/>\n<meta property=\"og:title\" content=\"Un d\u00e9but de mois p\u00e9nible pour les march\u00e9s - Gold.fr\" \/>\n<meta property=\"og:description\" content=\"C&rsquo;est un mois de f\u00e9vrier qui s&rsquo;annonce d\u00e9j\u00e0 morose pour les march\u00e9s financiers internationaux, contrairement aux pr\u00e9visions des professionnels et aux attentes des op\u00e9rateurs qui vont d\u00e9cid\u00e9ment de d\u00e9ception en d\u00e9ception, apr\u00e8s un mois de janvier [&hellip;]\" \/>\n<meta property=\"og:url\" content=\"https:\/\/www.gold.fr\/news\/2014\/02\/06\/un-debut-de-mois-penible-pour-les-marches\/\" \/>\n<meta property=\"og:site_name\" content=\"Gold.fr\" \/>\n<meta property=\"article:publisher\" content=\"https:\/\/www.facebook.com\/Goldfr\/\" \/>\n<meta property=\"article:published_time\" content=\"2014-02-06T16:00:25+00:00\" \/>\n<meta property=\"article:modified_time\" content=\"2020-12-09T10:51:01+00:00\" \/>\n<meta property=\"og:image\" content=\"https:\/\/www.gold.fr\/news\/wp-content\/uploads\/2011\/10\/Or-diagramme1.jpg\" \/>\n\t<meta property=\"og:image:width\" content=\"615\" \/>\n\t<meta property=\"og:image:height\" content=\"352\" \/>\n\t<meta property=\"og:image:type\" content=\"image\/jpeg\" \/>\n<meta name=\"author\" content=\"Comptoir National de l&#039;Or\" \/>\n<meta name=\"twitter:card\" content=\"summary_large_image\" \/>\n<meta name=\"twitter:label1\" content=\"\u00c9crit par\" \/>\n\t<meta name=\"twitter:data1\" content=\"Comptoir National de l&#039;Or\" \/>\n\t<meta name=\"twitter:label2\" content=\"Dur\u00e9e de lecture estim\u00e9e\" \/>\n\t<meta name=\"twitter:data2\" content=\"1 minute\" \/>\n<script type=\"application\/ld+json\" class=\"yoast-schema-graph\">{\"@context\":\"https:\/\/schema.org\",\"@graph\":[{\"@type\":\"Article\",\"@id\":\"https:\/\/www.gold.fr\/news\/2014\/02\/06\/un-debut-de-mois-penible-pour-les-marches\/#article\",\"isPartOf\":{\"@id\":\"https:\/\/www.gold.fr\/news\/2014\/02\/06\/un-debut-de-mois-penible-pour-les-marches\/\"},\"author\":{\"name\":\"Comptoir National de l'Or\",\"@id\":\"https:\/\/www.gold.fr\/news\/#\/schema\/person\/760ee7cec237915eebf2be78df0404c4\"},\"headline\":\"Un d\u00e9but de mois p\u00e9nible pour les march\u00e9s\",\"datePublished\":\"2014-02-06T16:00:25+00:00\",\"dateModified\":\"2020-12-09T10:51:01+00:00\",\"mainEntityOfPage\":{\"@id\":\"https:\/\/www.gold.fr\/news\/2014\/02\/06\/un-debut-de-mois-penible-pour-les-marches\/\"},\"wordCount\":285,\"image\":{\"@id\":\"https:\/\/www.gold.fr\/news\/2014\/02\/06\/un-debut-de-mois-penible-pour-les-marches\/#primaryimage\"},\"thumbnailUrl\":\"https:\/\/www.gold.fr\/news\/wp-content\/uploads\/2011\/10\/Or-diagramme1.jpg\",\"keywords\":[\"baisse march\u00e9\",\"march\u00e9s asiatiques\",\"march\u00e9s financiers\",\"wall street\"],\"articleSection\":[\"Articles de presse\"],\"inLanguage\":\"fr-FR\"},{\"@type\":\"WebPage\",\"@id\":\"https:\/\/www.gold.fr\/news\/2014\/02\/06\/un-debut-de-mois-penible-pour-les-marches\/\",\"url\":\"https:\/\/www.gold.fr\/news\/2014\/02\/06\/un-debut-de-mois-penible-pour-les-marches\/\",\"name\":\"Un d\u00e9but de mois p\u00e9nible pour les march\u00e9s - Gold.fr\",\"isPartOf\":{\"@id\":\"https:\/\/www.gold.fr\/news\/#website\"},\"primaryImageOfPage\":{\"@id\":\"https:\/\/www.gold.fr\/news\/2014\/02\/06\/un-debut-de-mois-penible-pour-les-marches\/#primaryimage\"},\"image\":{\"@id\":\"https:\/\/www.gold.fr\/news\/2014\/02\/06\/un-debut-de-mois-penible-pour-les-marches\/#primaryimage\"},\"thumbnailUrl\":\"https:\/\/www.gold.fr\/news\/wp-content\/uploads\/2011\/10\/Or-diagramme1.jpg\",\"datePublished\":\"2014-02-06T16:00:25+00:00\",\"dateModified\":\"2020-12-09T10:51:01+00:00\",\"author\":{\"@id\":\"https:\/\/www.gold.fr\/news\/#\/schema\/person\/760ee7cec237915eebf2be78df0404c4\"},\"breadcrumb\":{\"@id\":\"https:\/\/www.gold.fr\/news\/2014\/02\/06\/un-debut-de-mois-penible-pour-les-marches\/#breadcrumb\"},\"inLanguage\":\"fr-FR\",\"potentialAction\":[{\"@type\":\"ReadAction\",\"target\":[\"https:\/\/www.gold.fr\/news\/2014\/02\/06\/un-debut-de-mois-penible-pour-les-marches\/\"]}]},{\"@type\":\"ImageObject\",\"inLanguage\":\"fr-FR\",\"@id\":\"https:\/\/www.gold.fr\/news\/2014\/02\/06\/un-debut-de-mois-penible-pour-les-marches\/#primaryimage\",\"url\":\"https:\/\/www.gold.fr\/news\/wp-content\/uploads\/2011\/10\/Or-diagramme1.jpg\",\"contentUrl\":\"https:\/\/www.gold.fr\/news\/wp-content\/uploads\/2011\/10\/Or-diagramme1.jpg\",\"width\":\"615\",\"height\":\"352\",\"caption\":\"March\u00e9s : Yellen monopolise l\u2019attention\"},{\"@type\":\"BreadcrumbList\",\"@id\":\"https:\/\/www.gold.fr\/news\/2014\/02\/06\/un-debut-de-mois-penible-pour-les-marches\/#breadcrumb\",\"itemListElement\":[{\"@type\":\"ListItem\",\"position\":1,\"name\":\"Accueil\",\"item\":\"https:\/\/www.gold.fr\/\"},{\"@type\":\"ListItem\",\"position\":2,\"name\":\"Actualit\u00e9s\",\"item\":\"https:\/\/www.gold.fr\/news\/\"},{\"@type\":\"ListItem\",\"position\":3,\"name\":\"Un d\u00e9but de mois p\u00e9nible pour les march\u00e9s\"}]},{\"@type\":\"WebSite\",\"@id\":\"https:\/\/www.gold.fr\/news\/#website\",\"url\":\"https:\/\/www.gold.fr\/news\/\",\"name\":\"Gold.fr\",\"description\":\"Actualit\u00e9s de l&#039;Or et des m\u00e9taux pr\u00e9cieux\",\"potentialAction\":[{\"@type\":\"SearchAction\",\"target\":{\"@type\":\"EntryPoint\",\"urlTemplate\":\"https:\/\/www.gold.fr\/news\/?s={search_term_string}\"},\"query-input\":{\"@type\":\"PropertyValueSpecification\",\"valueRequired\":true,\"valueName\":\"search_term_string\"}}],\"inLanguage\":\"fr-FR\"},{\"@type\":\"Person\",\"@id\":\"https:\/\/www.gold.fr\/news\/#\/schema\/person\/760ee7cec237915eebf2be78df0404c4\",\"name\":\"Comptoir National de l'Or\",\"image\":{\"@type\":\"ImageObject\",\"inLanguage\":\"fr-FR\",\"@id\":\"https:\/\/www.gold.fr\/news\/#\/schema\/person\/image\/c36675942654553a86039d2dfa93c740\",\"url\":\"https:\/\/secure.gravatar.com\/avatar\/713f289e398d35ead876c4a4cc08607f0d6d266058cfc25683fffb6092d0e572?s=96&d=mm&r=g\",\"contentUrl\":\"https:\/\/secure.gravatar.com\/avatar\/713f289e398d35ead876c4a4cc08607f0d6d266058cfc25683fffb6092d0e572?s=96&d=mm&r=g\",\"caption\":\"Comptoir National de l'Or\"},\"description\":\"Notre r\u00e9daction est constitu\u00e9e de membres experts dans les m\u00e9tiers de l'\u00e9conomie et la gestion, des Responsables d'agence Comptoir National de l'Or, des analystes financiers qui publient r\u00e9guli\u00e8rement des \u00e9tudes sur les politiques des banques centrales, le cours de l'or, prix de l'or, cours de l'argent, prix de l'argent, cours du platine, cours du palladium,... la situation en zone euro et l'impact de la strat\u00e9gie mon\u00e9taire de la FED. Notre \u00e9quipe scrute \u00e9galement une information plus g\u00e9n\u00e9raliste \u00e0 la recherche d'actualit\u00e9 \\\"p\u00e9pite\\\" \u00e0 vous partager. Depuis 5 ans, nous avons publi\u00e9 un peu plus de 4000 articles qui s'adressent \u00e0 un public large et vari\u00e9 ayant pour objectif de satisfaire votre curiosit\u00e9 et de partager avec vous une certaine fascination pour le m\u00e9tal jaune, le rachat d'or, et pour ceux qui veulent investir dans l'or, vendre leur or tout simplement en savoir plus... Pour tous vos achat or et argent, n'h\u00e9sitez pas \u00e0 prendre rendez-vous dans l'un de nos nombreux comptoirs.\",\"sameAs\":[\"https:\/\/www.gold.fr\"]}]}<\/script>\n<!-- \/ Yoast SEO plugin. -->","yoast_head_json":{"title":"Un d\u00e9but de mois p\u00e9nible pour les march\u00e9s - Gold.fr","robots":{"index":"index","follow":"follow","max-snippet":"max-snippet:-1","max-image-preview":"max-image-preview:large","max-video-preview":"max-video-preview:-1"},"canonical":"https:\/\/www.gold.fr\/news\/2014\/02\/06\/un-debut-de-mois-penible-pour-les-marches\/","og_locale":"fr_FR","og_type":"article","og_title":"Un d\u00e9but de mois p\u00e9nible pour les march\u00e9s - Gold.fr","og_description":"C&rsquo;est un mois de f\u00e9vrier qui s&rsquo;annonce d\u00e9j\u00e0 morose pour les march\u00e9s financiers internationaux, contrairement aux pr\u00e9visions des professionnels et aux attentes des op\u00e9rateurs qui vont d\u00e9cid\u00e9ment de d\u00e9ception en d\u00e9ception, apr\u00e8s un mois de janvier [&hellip;]","og_url":"https:\/\/www.gold.fr\/news\/2014\/02\/06\/un-debut-de-mois-penible-pour-les-marches\/","og_site_name":"Gold.fr","article_publisher":"https:\/\/www.facebook.com\/Goldfr\/","article_published_time":"2014-02-06T16:00:25+00:00","article_modified_time":"2020-12-09T10:51:01+00:00","og_image":[{"width":615,"height":352,"url":"https:\/\/www.gold.fr\/news\/wp-content\/uploads\/2011\/10\/Or-diagramme1.jpg","type":"image\/jpeg"}],"author":"Comptoir National de l'Or","twitter_card":"summary_large_image","twitter_misc":{"\u00c9crit par":"Comptoir National de l'Or","Dur\u00e9e de lecture estim\u00e9e":"1 minute"},"schema":{"@context":"https:\/\/schema.org","@graph":[{"@type":"Article","@id":"https:\/\/www.gold.fr\/news\/2014\/02\/06\/un-debut-de-mois-penible-pour-les-marches\/#article","isPartOf":{"@id":"https:\/\/www.gold.fr\/news\/2014\/02\/06\/un-debut-de-mois-penible-pour-les-marches\/"},"author":{"name":"Comptoir National de l'Or","@id":"https:\/\/www.gold.fr\/news\/#\/schema\/person\/760ee7cec237915eebf2be78df0404c4"},"headline":"Un d\u00e9but de mois p\u00e9nible pour les march\u00e9s","datePublished":"2014-02-06T16:00:25+00:00","dateModified":"2020-12-09T10:51:01+00:00","mainEntityOfPage":{"@id":"https:\/\/www.gold.fr\/news\/2014\/02\/06\/un-debut-de-mois-penible-pour-les-marches\/"},"wordCount":285,"image":{"@id":"https:\/\/www.gold.fr\/news\/2014\/02\/06\/un-debut-de-mois-penible-pour-les-marches\/#primaryimage"},"thumbnailUrl":"https:\/\/www.gold.fr\/news\/wp-content\/uploads\/2011\/10\/Or-diagramme1.jpg","keywords":["baisse march\u00e9","march\u00e9s asiatiques","march\u00e9s financiers","wall street"],"articleSection":["Articles de presse"],"inLanguage":"fr-FR"},{"@type":"WebPage","@id":"https:\/\/www.gold.fr\/news\/2014\/02\/06\/un-debut-de-mois-penible-pour-les-marches\/","url":"https:\/\/www.gold.fr\/news\/2014\/02\/06\/un-debut-de-mois-penible-pour-les-marches\/","name":"Un d\u00e9but de mois p\u00e9nible pour les march\u00e9s - Gold.fr","isPartOf":{"@id":"https:\/\/www.gold.fr\/news\/#website"},"primaryImageOfPage":{"@id":"https:\/\/www.gold.fr\/news\/2014\/02\/06\/un-debut-de-mois-penible-pour-les-marches\/#primaryimage"},"image":{"@id":"https:\/\/www.gold.fr\/news\/2014\/02\/06\/un-debut-de-mois-penible-pour-les-marches\/#primaryimage"},"thumbnailUrl":"https:\/\/www.gold.fr\/news\/wp-content\/uploads\/2011\/10\/Or-diagramme1.jpg","datePublished":"2014-02-06T16:00:25+00:00","dateModified":"2020-12-09T10:51:01+00:00","author":{"@id":"https:\/\/www.gold.fr\/news\/#\/schema\/person\/760ee7cec237915eebf2be78df0404c4"},"breadcrumb":{"@id":"https:\/\/www.gold.fr\/news\/2014\/02\/06\/un-debut-de-mois-penible-pour-les-marches\/#breadcrumb"},"inLanguage":"fr-FR","potentialAction":[{"@type":"ReadAction","target":["https:\/\/www.gold.fr\/news\/2014\/02\/06\/un-debut-de-mois-penible-pour-les-marches\/"]}]},{"@type":"ImageObject","inLanguage":"fr-FR","@id":"https:\/\/www.gold.fr\/news\/2014\/02\/06\/un-debut-de-mois-penible-pour-les-marches\/#primaryimage","url":"https:\/\/www.gold.fr\/news\/wp-content\/uploads\/2011\/10\/Or-diagramme1.jpg","contentUrl":"https:\/\/www.gold.fr\/news\/wp-content\/uploads\/2011\/10\/Or-diagramme1.jpg","width":"615","height":"352","caption":"March\u00e9s : Yellen monopolise l\u2019attention"},{"@type":"BreadcrumbList","@id":"https:\/\/www.gold.fr\/news\/2014\/02\/06\/un-debut-de-mois-penible-pour-les-marches\/#breadcrumb","itemListElement":[{"@type":"ListItem","position":1,"name":"Accueil","item":"https:\/\/www.gold.fr\/"},{"@type":"ListItem","position":2,"name":"Actualit\u00e9s","item":"https:\/\/www.gold.fr\/news\/"},{"@type":"ListItem","position":3,"name":"Un d\u00e9but de mois p\u00e9nible pour les march\u00e9s"}]},{"@type":"WebSite","@id":"https:\/\/www.gold.fr\/news\/#website","url":"https:\/\/www.gold.fr\/news\/","name":"Gold.fr","description":"Actualit\u00e9s de l&#039;Or et des m\u00e9taux pr\u00e9cieux","potentialAction":[{"@type":"SearchAction","target":{"@type":"EntryPoint","urlTemplate":"https:\/\/www.gold.fr\/news\/?s={search_term_string}"},"query-input":{"@type":"PropertyValueSpecification","valueRequired":true,"valueName":"search_term_string"}}],"inLanguage":"fr-FR"},{"@type":"Person","@id":"https:\/\/www.gold.fr\/news\/#\/schema\/person\/760ee7cec237915eebf2be78df0404c4","name":"Comptoir National de l'Or","image":{"@type":"ImageObject","inLanguage":"fr-FR","@id":"https:\/\/www.gold.fr\/news\/#\/schema\/person\/image\/c36675942654553a86039d2dfa93c740","url":"https:\/\/secure.gravatar.com\/avatar\/713f289e398d35ead876c4a4cc08607f0d6d266058cfc25683fffb6092d0e572?s=96&d=mm&r=g","contentUrl":"https:\/\/secure.gravatar.com\/avatar\/713f289e398d35ead876c4a4cc08607f0d6d266058cfc25683fffb6092d0e572?s=96&d=mm&r=g","caption":"Comptoir National de l'Or"},"description":"Notre r\u00e9daction est constitu\u00e9e de membres experts dans les m\u00e9tiers de l'\u00e9conomie et la gestion, des Responsables d'agence Comptoir National de l'Or, des analystes financiers qui publient r\u00e9guli\u00e8rement des \u00e9tudes sur les politiques des banques centrales, le cours de l'or, prix de l'or, cours de l'argent, prix de l'argent, cours du platine, cours du palladium,... la situation en zone euro et l'impact de la strat\u00e9gie mon\u00e9taire de la FED. Notre \u00e9quipe scrute \u00e9galement une information plus g\u00e9n\u00e9raliste \u00e0 la recherche d'actualit\u00e9 \"p\u00e9pite\" \u00e0 vous partager. Depuis 5 ans, nous avons publi\u00e9 un peu plus de 4000 articles qui s'adressent \u00e0 un public large et vari\u00e9 ayant pour objectif de satisfaire votre curiosit\u00e9 et de partager avec vous une certaine fascination pour le m\u00e9tal jaune, le rachat d'or, et pour ceux qui veulent investir dans l'or, vendre leur or tout simplement en savoir plus... Pour tous vos achat or et argent, n'h\u00e9sitez pas \u00e0 prendre rendez-vous dans l'un de nos nombreux comptoirs.","sameAs":["https:\/\/www.gold.fr"]}]}},"authors":[{"term_id":2565,"user_id":18,"is_guest":0,"slug":"julie","display_name":"Comptoir National de l'Or","avatar_url":"https:\/\/secure.gravatar.com\/avatar\/713f289e398d35ead876c4a4cc08607f0d6d266058cfc25683fffb6092d0e572?s=96&d=mm&r=g","0":null,"1":"","2":"","3":"","4":"","5":"","6":"","7":"","8":""}],"_links":{"self":[{"href":"https:\/\/www.gold.fr\/news\/wp-json\/wp\/v2\/posts\/13835","targetHints":{"allow":["GET"]}}],"collection":[{"href":"https:\/\/www.gold.fr\/news\/wp-json\/wp\/v2\/posts"}],"about":[{"href":"https:\/\/www.gold.fr\/news\/wp-json\/wp\/v2\/types\/post"}],"author":[{"embeddable":true,"href":"https:\/\/www.gold.fr\/news\/wp-json\/wp\/v2\/users\/18"}],"replies":[{"embeddable":true,"href":"https:\/\/www.gold.fr\/news\/wp-json\/wp\/v2\/comments?post=13835"}],"version-history":[{"count":0,"href":"https:\/\/www.gold.fr\/news\/wp-json\/wp\/v2\/posts\/13835\/revisions"}],"wp:featuredmedia":[{"embeddable":true,"href":"https:\/\/www.gold.fr\/news\/wp-json\/wp\/v2\/media\/2870"}],"wp:attachment":[{"href":"https:\/\/www.gold.fr\/news\/wp-json\/wp\/v2\/media?parent=13835"}],"wp:term":[{"taxonomy":"category","embeddable":true,"href":"https:\/\/www.gold.fr\/news\/wp-json\/wp\/v2\/categories?post=13835"},{"taxonomy":"post_tag","embeddable":true,"href":"https:\/\/www.gold.fr\/news\/wp-json\/wp\/v2\/tags?post=13835"},{"taxonomy":"author","embeddable":true,"href":"https:\/\/www.gold.fr\/news\/wp-json\/wp\/v2\/ppma_author?post=13835"}],"curies":[{"name":"wp","href":"https:\/\/api.w.org\/{rel}","templated":true}]}}