{"id":13820,"date":"2014-02-04T09:00:54","date_gmt":"2014-02-04T08:00:54","guid":{"rendered":"https:\/\/www.gold.fr\/news\/?p=13820"},"modified":"2019-08-19T16:59:19","modified_gmt":"2019-08-19T14:59:19","slug":"reprise-usstagnation-de-lor-la-dualite-arrangee","status":"publish","type":"post","link":"https:\/\/www.gold.fr\/news\/2014\/02\/04\/reprise-usstagnation-de-lor-la-dualite-arrangee\/","title":{"rendered":"Reprise US\/stagnation de l\u2019or : La dualit\u00e9 arrang\u00e9e"},"content":{"rendered":"<p><img loading=\"lazy\" decoding=\"async\" class=\"alignleft size-thumbnail wp-image-3901\" title=\"Reprise US\/stagnation de l\u2019or : La dualit\u00e9 arrang\u00e9e\" src=\"https:\/\/www.gold.fr\/news\/wp-content\/uploads\/2011\/11\/87987826-150x150.jpg\" alt=\"\" width=\"150\" height=\"150\" \/><span style=\"font-size: small;\">Et c&rsquo;est une dualit\u00e9 qui co\u00efncide actuellement avec une nouvelle salve de bonnes nouvelles \u00e9conomiques publi\u00e9es par <strong>le D\u00e9partement de Commerce US<\/strong>, dont notamment le rapport relatif \u00e0 l&rsquo;\u00e9volution des d\u00e9penses des m\u00e9nages am\u00e9ricains qui auraient \u00ab <em>augment\u00e9 davantage que pr\u00e9vu au mois de<strong> d\u00e9cembre 2013<\/strong>, bien que leurs revenus aient, contre toute attente, marqu\u00e9 le pas<\/em> \u00bb.<\/span> <span style=\"font-size: small;\"> Cette belle performance vient rejoindre une s\u00e9rie d&rsquo;autres r\u00e9sultats similaires, annonc\u00e9s tout au long de la semaine derni\u00e8re, offrant ainsi un soutien indirect \u2013et pourtant peu discret- \u00e0 <a title=\"FED et Tapering : Une d\u00e9cision qui tombe mal\" href=\"https:\/\/www.gold.fr\/news\/2014\/01\/31\/fed-et-tapering-une-decision-qui-tombe-mal\/13798\/\" target=\"_blank\" rel=\"noopener noreferrer\">la r\u00e9cente d\u00e9cision de la r\u00e9serve f\u00e9d\u00e9rale am\u00e9ricaine d\u2019op\u00e9rer une nouvelle vague de r\u00e9duction de son programme <strong>QE3<\/strong><\/a>, ramenant le montant des liquidit\u00e9s qu&rsquo;elle injectait mensuellement dans l&rsquo;\u00e9conomie nationale \u00e0 <strong>65 milliards de <a class=\"esk-seo-plu-link\" href=\"https:\/\/www.gold.fr\/news\/tags\/investissement\">dollars<\/a><\/strong>, et entravant automatiquement le d\u00e9but de flamb\u00e9e du <a class=\"esk-seo-plu-link\" href=\"https:\/\/www.gold.fr\/news\/tags\/or\">m\u00e9tal jaune<\/a> (initi\u00e9 mardi dernier).<\/span> <span style=\"font-size: small;\"> Pour <strong>Bruno Bertez<\/strong>, patron d&rsquo;un groupe de presse sp\u00e9cialis\u00e9 dans l&rsquo;\u00e9conomie et la finance et fondateur du quotidien <strong>La Tribune<\/strong>, les acquisitions de <a class=\"esk-seo-plu-link\" href=\"https:\/\/www.gold.fr\/news\/tags\/or\">m\u00e9tal jaune<\/a> par les \u00e9pargnants \u00ab <em>d\u00e9tourne une partie de l&rsquo;\u00e9pargne nationale du financement de la dette en faisant monter le cours du <a class=\"esk-seo-plu-link\" href=\"https:\/\/www.gold.fr\/news\/tags\/or\">m\u00e9tal jaune<\/a> vis-\u00e0-vis de la devise nationale<\/em> \u00bb, contrariant ainsi les int\u00e9r\u00eats des \u00e9tats concern\u00e9s. Faisant lui-m\u00eame partie des nombreux \u00e9conomistes et experts \u00e0 s&rsquo;opposer au syst\u00e8me de la dette publique, <strong>Bertez<\/strong> estime que l&rsquo;acquisition d&rsquo;<a class=\"esk-seo-plu-link\" href=\"https:\/\/www.gold.fr\/news\/tags\/or\">or<\/a> est bien plus qu&rsquo;un simple acte d&rsquo;\u00e9pargne, mais \u00ab <em>un acte politique qui vise \u00e0 r\u00e9instaurer la discipline dans la gestion des affaires mondiales, l&rsquo;honn\u00eatet\u00e9 dans l&rsquo;administration de la monnaie, la d\u00e9mocratie en chassant la d\u00e9magogie<\/em> \u00bb.<\/span><\/p>\n<!-- AddThis Advanced Settings generic via filter on the_content --><!-- AddThis Share Buttons generic via filter on the_content -->","protected":false},"excerpt":{"rendered":"<p>Et c&rsquo;est une dualit\u00e9 qui co\u00efncide actuellement avec une nouvelle salve de bonnes nouvelles \u00e9conomiques publi\u00e9es par le D\u00e9partement de Commerce US, dont notamment le rapport relatif \u00e0 l&rsquo;\u00e9volution des d\u00e9penses des m\u00e9nages am\u00e9ricains qui auraient [&hellip;]<\/p>\n","protected":false},"author":18,"featured_media":3901,"comment_status":"open","ping_status":"open","sticky":false,"template":"","format":"standard","meta":{"_mbp_gutenberg_autopost":false,"_pgmb_is_evergreen":false,"_pgmb_ap_template_id":0,"footnotes":""},"categories":[6],"tags":[144,1682,1216,1170,1672],"ppma_author":[2565],"class_list":["post-13820","post","type-post","status-publish","format-standard","has-post-thumbnail","hentry","category-articles-de-presse","tag-fed","tag-qe3","tag-reprise-or","tag-stagnation-or","tag-tapering"],"yoast_head":"<!-- This site is optimized with the Yoast SEO plugin v27.5 - https:\/\/yoast.com\/product\/yoast-seo-wordpress\/ -->\n<title>Reprise US\/stagnation de l\u2019or : La dualit\u00e9 arrang\u00e9e - Gold.fr<\/title>\n<meta name=\"description\" content=\"Reprise US\/stagnation de l&#039;or : la dualit\u00e9 arrang\u00e9e. Suivez le cours de l&#039;or, de l&#039;argent et d&#039;autres m\u00e9taux pr\u00e9cieux sur Gold.fr. Le site d&#039;actualit\u00e9 du Comptoir National de l&#039;or.\" \/>\n<meta name=\"robots\" content=\"index, follow, max-snippet:-1, max-image-preview:large, max-video-preview:-1\" \/>\n<link rel=\"canonical\" href=\"https:\/\/www.gold.fr\/news\/2014\/02\/04\/reprise-usstagnation-de-lor-la-dualite-arrangee\/\" \/>\n<meta property=\"og:locale\" content=\"fr_FR\" \/>\n<meta property=\"og:type\" content=\"article\" \/>\n<meta property=\"og:title\" content=\"Reprise US\/stagnation de l\u2019or : La dualit\u00e9 arrang\u00e9e - Gold.fr\" \/>\n<meta property=\"og:description\" content=\"Reprise US\/stagnation de l&#039;or : la dualit\u00e9 arrang\u00e9e. Suivez le cours de l&#039;or, de l&#039;argent et d&#039;autres m\u00e9taux pr\u00e9cieux sur Gold.fr. Le site d&#039;actualit\u00e9 du Comptoir National de l&#039;or.\" \/>\n<meta property=\"og:url\" content=\"https:\/\/www.gold.fr\/news\/2014\/02\/04\/reprise-usstagnation-de-lor-la-dualite-arrangee\/\" \/>\n<meta property=\"og:site_name\" content=\"Gold.fr\" \/>\n<meta property=\"article:publisher\" content=\"https:\/\/www.facebook.com\/Goldfr\/\" \/>\n<meta property=\"article:published_time\" content=\"2014-02-04T08:00:54+00:00\" \/>\n<meta property=\"article:modified_time\" content=\"2019-08-19T14:59:19+00:00\" \/>\n<meta property=\"og:image\" content=\"https:\/\/www.gold.fr\/news\/wp-content\/uploads\/2011\/11\/87987826-e1321634257485.jpg\" \/>\n\t<meta property=\"og:image:width\" content=\"608\" \/>\n\t<meta property=\"og:image:height\" content=\"400\" \/>\n\t<meta property=\"og:image:type\" content=\"image\/jpeg\" \/>\n<meta name=\"author\" content=\"Comptoir National de l&#039;Or\" \/>\n<meta name=\"twitter:card\" content=\"summary_large_image\" \/>\n<meta name=\"twitter:label1\" content=\"\u00c9crit par\" \/>\n\t<meta name=\"twitter:data1\" content=\"Comptoir National de l&#039;Or\" \/>\n\t<meta name=\"twitter:label2\" content=\"Dur\u00e9e de lecture estim\u00e9e\" \/>\n\t<meta name=\"twitter:data2\" content=\"1 minute\" \/>\n<script type=\"application\/ld+json\" class=\"yoast-schema-graph\">{\"@context\":\"https:\\\/\\\/schema.org\",\"@graph\":[{\"@type\":\"Article\",\"@id\":\"https:\\\/\\\/www.gold.fr\\\/news\\\/2014\\\/02\\\/04\\\/reprise-usstagnation-de-lor-la-dualite-arrangee\\\/#article\",\"isPartOf\":{\"@id\":\"https:\\\/\\\/www.gold.fr\\\/news\\\/2014\\\/02\\\/04\\\/reprise-usstagnation-de-lor-la-dualite-arrangee\\\/\"},\"author\":{\"name\":\"Comptoir National de l'Or\",\"@id\":\"https:\\\/\\\/www.gold.fr\\\/news\\\/#\\\/schema\\\/person\\\/070491b4b4fb7671bf59b3be20302ce9\"},\"headline\":\"Reprise US\\\/stagnation de l\u2019or : La dualit\u00e9 arrang\u00e9e\",\"datePublished\":\"2014-02-04T08:00:54+00:00\",\"dateModified\":\"2019-08-19T14:59:19+00:00\",\"mainEntityOfPage\":{\"@id\":\"https:\\\/\\\/www.gold.fr\\\/news\\\/2014\\\/02\\\/04\\\/reprise-usstagnation-de-lor-la-dualite-arrangee\\\/\"},\"wordCount\":303,\"commentCount\":0,\"image\":{\"@id\":\"https:\\\/\\\/www.gold.fr\\\/news\\\/2014\\\/02\\\/04\\\/reprise-usstagnation-de-lor-la-dualite-arrangee\\\/#primaryimage\"},\"thumbnailUrl\":\"https:\\\/\\\/www.gold.fr\\\/news\\\/wp-content\\\/uploads\\\/2011\\\/11\\\/87987826-e1321634257485.jpg\",\"keywords\":[\"fed\",\"QE3\",\"reprise or\",\"stagnation or\",\"tapering\"],\"articleSection\":[\"Articles de presse\"],\"inLanguage\":\"fr-FR\"},{\"@type\":\"WebPage\",\"@id\":\"https:\\\/\\\/www.gold.fr\\\/news\\\/2014\\\/02\\\/04\\\/reprise-usstagnation-de-lor-la-dualite-arrangee\\\/\",\"url\":\"https:\\\/\\\/www.gold.fr\\\/news\\\/2014\\\/02\\\/04\\\/reprise-usstagnation-de-lor-la-dualite-arrangee\\\/\",\"name\":\"Reprise US\\\/stagnation de l\u2019or : La dualit\u00e9 arrang\u00e9e - Gold.fr\",\"isPartOf\":{\"@id\":\"https:\\\/\\\/www.gold.fr\\\/news\\\/#website\"},\"primaryImageOfPage\":{\"@id\":\"https:\\\/\\\/www.gold.fr\\\/news\\\/2014\\\/02\\\/04\\\/reprise-usstagnation-de-lor-la-dualite-arrangee\\\/#primaryimage\"},\"image\":{\"@id\":\"https:\\\/\\\/www.gold.fr\\\/news\\\/2014\\\/02\\\/04\\\/reprise-usstagnation-de-lor-la-dualite-arrangee\\\/#primaryimage\"},\"thumbnailUrl\":\"https:\\\/\\\/www.gold.fr\\\/news\\\/wp-content\\\/uploads\\\/2011\\\/11\\\/87987826-e1321634257485.jpg\",\"datePublished\":\"2014-02-04T08:00:54+00:00\",\"dateModified\":\"2019-08-19T14:59:19+00:00\",\"author\":{\"@id\":\"https:\\\/\\\/www.gold.fr\\\/news\\\/#\\\/schema\\\/person\\\/070491b4b4fb7671bf59b3be20302ce9\"},\"description\":\"Reprise US\\\/stagnation de l'or : la dualit\u00e9 arrang\u00e9e. Suivez le cours de l'or, de l'argent et d'autres m\u00e9taux pr\u00e9cieux sur Gold.fr. Le site d'actualit\u00e9 du Comptoir National de l'or.\",\"breadcrumb\":{\"@id\":\"https:\\\/\\\/www.gold.fr\\\/news\\\/2014\\\/02\\\/04\\\/reprise-usstagnation-de-lor-la-dualite-arrangee\\\/#breadcrumb\"},\"inLanguage\":\"fr-FR\",\"potentialAction\":[{\"@type\":\"ReadAction\",\"target\":[\"https:\\\/\\\/www.gold.fr\\\/news\\\/2014\\\/02\\\/04\\\/reprise-usstagnation-de-lor-la-dualite-arrangee\\\/\"]}]},{\"@type\":\"ImageObject\",\"inLanguage\":\"fr-FR\",\"@id\":\"https:\\\/\\\/www.gold.fr\\\/news\\\/2014\\\/02\\\/04\\\/reprise-usstagnation-de-lor-la-dualite-arrangee\\\/#primaryimage\",\"url\":\"https:\\\/\\\/www.gold.fr\\\/news\\\/wp-content\\\/uploads\\\/2011\\\/11\\\/87987826-e1321634257485.jpg\",\"contentUrl\":\"https:\\\/\\\/www.gold.fr\\\/news\\\/wp-content\\\/uploads\\\/2011\\\/11\\\/87987826-e1321634257485.jpg\",\"width\":\"608\",\"height\":\"400\",\"caption\":\"Evolution de l\u2019or : L\u2019once en perte conjoncturelle de terrain\"},{\"@type\":\"BreadcrumbList\",\"@id\":\"https:\\\/\\\/www.gold.fr\\\/news\\\/2014\\\/02\\\/04\\\/reprise-usstagnation-de-lor-la-dualite-arrangee\\\/#breadcrumb\",\"itemListElement\":[{\"@type\":\"ListItem\",\"position\":1,\"name\":\"Accueil\",\"item\":\"https:\\\/\\\/www.gold.fr\\\/\"},{\"@type\":\"ListItem\",\"position\":2,\"name\":\"Actualit\u00e9s\",\"item\":\"https:\\\/\\\/www.gold.fr\\\/news\\\/\"},{\"@type\":\"ListItem\",\"position\":3,\"name\":\"Reprise US\\\/stagnation de l\u2019or : La dualit\u00e9 arrang\u00e9e\"}]},{\"@type\":\"WebSite\",\"@id\":\"https:\\\/\\\/www.gold.fr\\\/news\\\/#website\",\"url\":\"https:\\\/\\\/www.gold.fr\\\/news\\\/\",\"name\":\"Gold.fr\",\"description\":\"Actualit\u00e9s de l&#039;Or et des m\u00e9taux pr\u00e9cieux\",\"potentialAction\":[{\"@type\":\"SearchAction\",\"target\":{\"@type\":\"EntryPoint\",\"urlTemplate\":\"https:\\\/\\\/www.gold.fr\\\/news\\\/?s={search_term_string}\"},\"query-input\":{\"@type\":\"PropertyValueSpecification\",\"valueRequired\":true,\"valueName\":\"search_term_string\"}}],\"inLanguage\":\"fr-FR\"},{\"@type\":\"Person\",\"@id\":\"https:\\\/\\\/www.gold.fr\\\/news\\\/#\\\/schema\\\/person\\\/070491b4b4fb7671bf59b3be20302ce9\",\"name\":\"Comptoir National de l'Or\",\"image\":{\"@type\":\"ImageObject\",\"inLanguage\":\"fr-FR\",\"@id\":\"https:\\\/\\\/secure.gravatar.com\\\/avatar\\\/0a2867fd5abe37bed95d5a65e9d58f01756e11efc68af9888dfc50cfa7f65948?s=96&d=mm&r=gb490554db0a38188709de567aa58480d\",\"url\":\"https:\\\/\\\/secure.gravatar.com\\\/avatar\\\/0a2867fd5abe37bed95d5a65e9d58f01756e11efc68af9888dfc50cfa7f65948?s=96&d=mm&r=g\",\"contentUrl\":\"https:\\\/\\\/secure.gravatar.com\\\/avatar\\\/0a2867fd5abe37bed95d5a65e9d58f01756e11efc68af9888dfc50cfa7f65948?s=96&d=mm&r=g\",\"caption\":\"Comptoir National de l'Or\"},\"description\":\"Notre r\u00e9daction est constitu\u00e9e de membres experts dans les m\u00e9tiers de l'\u00e9conomie et la gestion, des Responsables d'agence Comptoir National de l'Or, des analystes financiers qui publient r\u00e9guli\u00e8rement des \u00e9tudes sur les politiques des banques centrales, le cours de l'or, prix de l'or, cours de l'argent, prix de l'argent, cours du platine, cours du palladium,... la situation en zone euro et l'impact de la strat\u00e9gie mon\u00e9taire de la FED. Notre \u00e9quipe scrute \u00e9galement une information plus g\u00e9n\u00e9raliste \u00e0 la recherche d'actualit\u00e9 \\\"p\u00e9pite\\\" \u00e0 vous partager. Depuis 5 ans, nous avons publi\u00e9 un peu plus de 4000 articles qui s'adressent \u00e0 un public large et vari\u00e9 ayant pour objectif de satisfaire votre curiosit\u00e9 et de partager avec vous une certaine fascination pour le m\u00e9tal jaune, le rachat d'or, et pour ceux qui veulent investir dans l'or, vendre leur or tout simplement en savoir plus... Pour tous vos achat or et argent, n'h\u00e9sitez pas \u00e0 prendre rendez-vous dans l'un de nos nombreux comptoirs.\",\"sameAs\":[\"https:\\\/\\\/www.gold.fr\"]}]}<\/script>\n<!-- \/ Yoast SEO plugin. -->","yoast_head_json":{"title":"Reprise US\/stagnation de l\u2019or : La dualit\u00e9 arrang\u00e9e - Gold.fr","description":"Reprise US\/stagnation de l'or : la dualit\u00e9 arrang\u00e9e. Suivez le cours de l'or, de l'argent et d'autres m\u00e9taux pr\u00e9cieux sur Gold.fr. Le site d'actualit\u00e9 du Comptoir National de l'or.","robots":{"index":"index","follow":"follow","max-snippet":"max-snippet:-1","max-image-preview":"max-image-preview:large","max-video-preview":"max-video-preview:-1"},"canonical":"https:\/\/www.gold.fr\/news\/2014\/02\/04\/reprise-usstagnation-de-lor-la-dualite-arrangee\/","og_locale":"fr_FR","og_type":"article","og_title":"Reprise US\/stagnation de l\u2019or : La dualit\u00e9 arrang\u00e9e - Gold.fr","og_description":"Reprise US\/stagnation de l'or : la dualit\u00e9 arrang\u00e9e. Suivez le cours de l'or, de l'argent et d'autres m\u00e9taux pr\u00e9cieux sur Gold.fr. Le site d'actualit\u00e9 du Comptoir National de l'or.","og_url":"https:\/\/www.gold.fr\/news\/2014\/02\/04\/reprise-usstagnation-de-lor-la-dualite-arrangee\/","og_site_name":"Gold.fr","article_publisher":"https:\/\/www.facebook.com\/Goldfr\/","article_published_time":"2014-02-04T08:00:54+00:00","article_modified_time":"2019-08-19T14:59:19+00:00","og_image":[{"width":608,"height":400,"url":"https:\/\/www.gold.fr\/news\/wp-content\/uploads\/2011\/11\/87987826-e1321634257485.jpg","type":"image\/jpeg"}],"author":"Comptoir National de l'Or","twitter_card":"summary_large_image","twitter_misc":{"\u00c9crit par":"Comptoir National de l'Or","Dur\u00e9e de lecture estim\u00e9e":"1 minute"},"schema":{"@context":"https:\/\/schema.org","@graph":[{"@type":"Article","@id":"https:\/\/www.gold.fr\/news\/2014\/02\/04\/reprise-usstagnation-de-lor-la-dualite-arrangee\/#article","isPartOf":{"@id":"https:\/\/www.gold.fr\/news\/2014\/02\/04\/reprise-usstagnation-de-lor-la-dualite-arrangee\/"},"author":{"name":"Comptoir National de l'Or","@id":"https:\/\/www.gold.fr\/news\/#\/schema\/person\/070491b4b4fb7671bf59b3be20302ce9"},"headline":"Reprise US\/stagnation de l\u2019or : La dualit\u00e9 arrang\u00e9e","datePublished":"2014-02-04T08:00:54+00:00","dateModified":"2019-08-19T14:59:19+00:00","mainEntityOfPage":{"@id":"https:\/\/www.gold.fr\/news\/2014\/02\/04\/reprise-usstagnation-de-lor-la-dualite-arrangee\/"},"wordCount":303,"commentCount":0,"image":{"@id":"https:\/\/www.gold.fr\/news\/2014\/02\/04\/reprise-usstagnation-de-lor-la-dualite-arrangee\/#primaryimage"},"thumbnailUrl":"https:\/\/www.gold.fr\/news\/wp-content\/uploads\/2011\/11\/87987826-e1321634257485.jpg","keywords":["fed","QE3","reprise or","stagnation or","tapering"],"articleSection":["Articles de presse"],"inLanguage":"fr-FR"},{"@type":"WebPage","@id":"https:\/\/www.gold.fr\/news\/2014\/02\/04\/reprise-usstagnation-de-lor-la-dualite-arrangee\/","url":"https:\/\/www.gold.fr\/news\/2014\/02\/04\/reprise-usstagnation-de-lor-la-dualite-arrangee\/","name":"Reprise US\/stagnation de l\u2019or : La dualit\u00e9 arrang\u00e9e - Gold.fr","isPartOf":{"@id":"https:\/\/www.gold.fr\/news\/#website"},"primaryImageOfPage":{"@id":"https:\/\/www.gold.fr\/news\/2014\/02\/04\/reprise-usstagnation-de-lor-la-dualite-arrangee\/#primaryimage"},"image":{"@id":"https:\/\/www.gold.fr\/news\/2014\/02\/04\/reprise-usstagnation-de-lor-la-dualite-arrangee\/#primaryimage"},"thumbnailUrl":"https:\/\/www.gold.fr\/news\/wp-content\/uploads\/2011\/11\/87987826-e1321634257485.jpg","datePublished":"2014-02-04T08:00:54+00:00","dateModified":"2019-08-19T14:59:19+00:00","author":{"@id":"https:\/\/www.gold.fr\/news\/#\/schema\/person\/070491b4b4fb7671bf59b3be20302ce9"},"description":"Reprise US\/stagnation de l'or : la dualit\u00e9 arrang\u00e9e. Suivez le cours de l'or, de l'argent et d'autres m\u00e9taux pr\u00e9cieux sur Gold.fr. Le site d'actualit\u00e9 du Comptoir National de l'or.","breadcrumb":{"@id":"https:\/\/www.gold.fr\/news\/2014\/02\/04\/reprise-usstagnation-de-lor-la-dualite-arrangee\/#breadcrumb"},"inLanguage":"fr-FR","potentialAction":[{"@type":"ReadAction","target":["https:\/\/www.gold.fr\/news\/2014\/02\/04\/reprise-usstagnation-de-lor-la-dualite-arrangee\/"]}]},{"@type":"ImageObject","inLanguage":"fr-FR","@id":"https:\/\/www.gold.fr\/news\/2014\/02\/04\/reprise-usstagnation-de-lor-la-dualite-arrangee\/#primaryimage","url":"https:\/\/www.gold.fr\/news\/wp-content\/uploads\/2011\/11\/87987826-e1321634257485.jpg","contentUrl":"https:\/\/www.gold.fr\/news\/wp-content\/uploads\/2011\/11\/87987826-e1321634257485.jpg","width":"608","height":"400","caption":"Evolution de l\u2019or : L\u2019once en perte conjoncturelle de terrain"},{"@type":"BreadcrumbList","@id":"https:\/\/www.gold.fr\/news\/2014\/02\/04\/reprise-usstagnation-de-lor-la-dualite-arrangee\/#breadcrumb","itemListElement":[{"@type":"ListItem","position":1,"name":"Accueil","item":"https:\/\/www.gold.fr\/"},{"@type":"ListItem","position":2,"name":"Actualit\u00e9s","item":"https:\/\/www.gold.fr\/news\/"},{"@type":"ListItem","position":3,"name":"Reprise US\/stagnation de l\u2019or : La dualit\u00e9 arrang\u00e9e"}]},{"@type":"WebSite","@id":"https:\/\/www.gold.fr\/news\/#website","url":"https:\/\/www.gold.fr\/news\/","name":"Gold.fr","description":"Actualit\u00e9s de l&#039;Or et des m\u00e9taux pr\u00e9cieux","potentialAction":[{"@type":"SearchAction","target":{"@type":"EntryPoint","urlTemplate":"https:\/\/www.gold.fr\/news\/?s={search_term_string}"},"query-input":{"@type":"PropertyValueSpecification","valueRequired":true,"valueName":"search_term_string"}}],"inLanguage":"fr-FR"},{"@type":"Person","@id":"https:\/\/www.gold.fr\/news\/#\/schema\/person\/070491b4b4fb7671bf59b3be20302ce9","name":"Comptoir National de l'Or","image":{"@type":"ImageObject","inLanguage":"fr-FR","@id":"https:\/\/secure.gravatar.com\/avatar\/0a2867fd5abe37bed95d5a65e9d58f01756e11efc68af9888dfc50cfa7f65948?s=96&d=mm&r=gb490554db0a38188709de567aa58480d","url":"https:\/\/secure.gravatar.com\/avatar\/0a2867fd5abe37bed95d5a65e9d58f01756e11efc68af9888dfc50cfa7f65948?s=96&d=mm&r=g","contentUrl":"https:\/\/secure.gravatar.com\/avatar\/0a2867fd5abe37bed95d5a65e9d58f01756e11efc68af9888dfc50cfa7f65948?s=96&d=mm&r=g","caption":"Comptoir National de l'Or"},"description":"Notre r\u00e9daction est constitu\u00e9e de membres experts dans les m\u00e9tiers de l'\u00e9conomie et la gestion, des Responsables d'agence Comptoir National de l'Or, des analystes financiers qui publient r\u00e9guli\u00e8rement des \u00e9tudes sur les politiques des banques centrales, le cours de l'or, prix de l'or, cours de l'argent, prix de l'argent, cours du platine, cours du palladium,... la situation en zone euro et l'impact de la strat\u00e9gie mon\u00e9taire de la FED. Notre \u00e9quipe scrute \u00e9galement une information plus g\u00e9n\u00e9raliste \u00e0 la recherche d'actualit\u00e9 \"p\u00e9pite\" \u00e0 vous partager. Depuis 5 ans, nous avons publi\u00e9 un peu plus de 4000 articles qui s'adressent \u00e0 un public large et vari\u00e9 ayant pour objectif de satisfaire votre curiosit\u00e9 et de partager avec vous une certaine fascination pour le m\u00e9tal jaune, le rachat d'or, et pour ceux qui veulent investir dans l'or, vendre leur or tout simplement en savoir plus... Pour tous vos achat or et argent, n'h\u00e9sitez pas \u00e0 prendre rendez-vous dans l'un de nos nombreux comptoirs.","sameAs":["https:\/\/www.gold.fr"]}]}},"authors":[{"term_id":2565,"user_id":18,"is_guest":0,"slug":"julie","display_name":"Comptoir National de l'Or","avatar_url":"https:\/\/secure.gravatar.com\/avatar\/713f289e398d35ead876c4a4cc08607f0d6d266058cfc25683fffb6092d0e572?s=96&d=mm&r=g","0":null,"1":"","2":"","3":"","4":"","5":"","6":"","7":"","8":""}],"_links":{"self":[{"href":"https:\/\/www.gold.fr\/news\/wp-json\/wp\/v2\/posts\/13820","targetHints":{"allow":["GET"]}}],"collection":[{"href":"https:\/\/www.gold.fr\/news\/wp-json\/wp\/v2\/posts"}],"about":[{"href":"https:\/\/www.gold.fr\/news\/wp-json\/wp\/v2\/types\/post"}],"author":[{"embeddable":true,"href":"https:\/\/www.gold.fr\/news\/wp-json\/wp\/v2\/users\/18"}],"replies":[{"embeddable":true,"href":"https:\/\/www.gold.fr\/news\/wp-json\/wp\/v2\/comments?post=13820"}],"version-history":[{"count":0,"href":"https:\/\/www.gold.fr\/news\/wp-json\/wp\/v2\/posts\/13820\/revisions"}],"wp:featuredmedia":[{"embeddable":true,"href":"https:\/\/www.gold.fr\/news\/wp-json\/wp\/v2\/media\/3901"}],"wp:attachment":[{"href":"https:\/\/www.gold.fr\/news\/wp-json\/wp\/v2\/media?parent=13820"}],"wp:term":[{"taxonomy":"category","embeddable":true,"href":"https:\/\/www.gold.fr\/news\/wp-json\/wp\/v2\/categories?post=13820"},{"taxonomy":"post_tag","embeddable":true,"href":"https:\/\/www.gold.fr\/news\/wp-json\/wp\/v2\/tags?post=13820"},{"taxonomy":"author","embeddable":true,"href":"https:\/\/www.gold.fr\/news\/wp-json\/wp\/v2\/ppma_author?post=13820"}],"curies":[{"name":"wp","href":"https:\/\/api.w.org\/{rel}","templated":true}]}}