{"id":13798,"date":"2014-01-31T09:00:36","date_gmt":"2014-01-31T08:00:36","guid":{"rendered":"https:\/\/www.gold.fr\/news\/?p=13798"},"modified":"2018-02-22T14:43:20","modified_gmt":"2018-02-22T13:43:20","slug":"fed-et-tapering-une-decision-qui-tombe-mal","status":"publish","type":"post","link":"https:\/\/www.gold.fr\/news\/2014\/01\/31\/fed-et-tapering-une-decision-qui-tombe-mal\/","title":{"rendered":"FED et Tapering : Une d\u00e9cision qui tombe mal"},"content":{"rendered":"<p><img loading=\"lazy\" decoding=\"async\" class=\"alignleft size-thumbnail wp-image-4996\" title=\"FED et Tapering : Une d\u00e9cision qui tombe mal\" src=\"https:\/\/www.gold.fr\/news\/wp-content\/uploads\/2010\/12\/monde-or-150x150.jpg\" alt=\"\" width=\"150\" height=\"150\" \/><span style=\"font-size: small;\">C&rsquo;est avec un c\u0153ur lourd et une stagnation naturelle que les march\u00e9s ont accueilli, jeudi matin, l&rsquo;annonce de la deuxi\u00e8me vague de <em>tapering<\/em>, d\u00e9cid\u00e9e par le comit\u00e9 directoire de la politique mon\u00e9taire de la r\u00e9serve f\u00e9d\u00e9rale am\u00e9ricaine. Ce repli g\u00e9n\u00e9ralis\u00e9 intervient en raison de la vague d&rsquo;angoisse manifestement diffus\u00e9e dans la plupart des places boursi\u00e8res mondiales, puisque les observateurs s&rsquo;accordent \u00e0 dire que le timing de l&rsquo;op\u00e9ration est d\u00e9finitivement \u00ab <em>mal choisi<\/em> \u00bb. Plusieurs pays \u00e9mergents traversent en effet \u00ab <em>des difficult\u00e9s, marqu\u00e9es en particulier par la chute de leurs devises<\/em> \u00bb.<\/span>    <span style=\"font-size: small;\"> D&rsquo;apr\u00e8s les experts du groupe <strong>RTFX<\/strong>, \u00ab<em> la normalisation de la politique mon\u00e9taire am\u00e9ricaine inqui\u00e8te dans la mesure o\u00f9 elle intervient alors que leurs tentatives avort\u00e9es de stabiliser leur devise, en relevant les taux en Turquie et en Afrique du Sud, illustrent parfaitement la difficult\u00e9 \u00e0 laquelle ces pays seront confront\u00e9s avec le changement de politique mon\u00e9taire outre-Atlantique<\/em> \u00bb.<\/span>    <span style=\"font-size: small;\"> Rappelons ici que, jusqu&rsquo;au mois de <strong>d\u00e9cembre 2013<\/strong>, le montant des injections mon\u00e9taires de la <strong>FED<\/strong> dans l&rsquo;\u00e9conomie am\u00e9ricaine s&rsquo;\u00e9levait \u00e0 <strong>85 milliards de <a href='https:\/\/www.gold.fr\/news\/tags\/investissement' class='esk-seo-plu-link'>dollars<\/a><\/strong>, puis \u00e0 <strong>75 milliards de <a href='https:\/\/www.gold.fr\/news\/tags\/investissement' class='esk-seo-plu-link'>dollars<\/a><\/strong> (mois de janvier <strong>2014<\/strong>), avant d&rsquo;\u00eatre \u00e0 nouveau abaiss\u00e9 par le <strong>FOMC<\/strong>, mercredi soir, vers les <strong>65 milliards de <a href='https:\/\/www.gold.fr\/news\/tags\/investissement' class='esk-seo-plu-link'>dollars<\/a><\/strong>. Au vu de la r\u00e9action des march\u00e9s financiers et leurs investisseurs respectifs, il semblerait que la <strong>FED<\/strong> soit la seule \u00e0 accorder une confiance constante \u00e0 la reprise \u00e9conomique du pays.<\/span><\/p>\n<!-- AddThis Advanced Settings generic via filter on the_content --><!-- AddThis Share Buttons generic via filter on the_content -->","protected":false},"excerpt":{"rendered":"<p>C&rsquo;est avec un c\u0153ur lourd et une stagnation naturelle que les march\u00e9s ont accueilli, jeudi matin, l&rsquo;annonce de la deuxi\u00e8me vague de tapering, d\u00e9cid\u00e9e par le comit\u00e9 directoire de la politique mon\u00e9taire de la r\u00e9serve f\u00e9d\u00e9rale [&hellip;]<\/p>\n","protected":false},"author":18,"featured_media":4996,"comment_status":"open","ping_status":"open","sticky":false,"template":"","format":"standard","meta":{"_mbp_gutenberg_autopost":false,"_pgmb_is_evergreen":false,"_pgmb_ap_template_id":0,"footnotes":""},"categories":[6],"tags":[1100,144,1035,1672],"ppma_author":[2565],"class_list":["post-13798","post","type-post","status-publish","format-standard","has-post-thumbnail","hentry","category-articles-de-presse","tag-economie-us","tag-fed","tag-politique-monetaire","tag-tapering"],"yoast_head":"<!-- This site is optimized with the Yoast SEO plugin v27.5 - https:\/\/yoast.com\/product\/yoast-seo-wordpress\/ -->\n<title>FED et Tapering : Une d\u00e9cision qui tombe mal - Gold.fr<\/title>\n<meta name=\"robots\" content=\"index, follow, max-snippet:-1, max-image-preview:large, max-video-preview:-1\" \/>\n<link rel=\"canonical\" href=\"https:\/\/www.gold.fr\/news\/2014\/01\/31\/fed-et-tapering-une-decision-qui-tombe-mal\/\" \/>\n<meta property=\"og:locale\" content=\"fr_FR\" \/>\n<meta property=\"og:type\" content=\"article\" \/>\n<meta property=\"og:title\" content=\"FED et Tapering : Une d\u00e9cision qui tombe mal - Gold.fr\" \/>\n<meta property=\"og:description\" content=\"C&rsquo;est avec un c\u0153ur lourd et une stagnation naturelle que les march\u00e9s ont accueilli, jeudi matin, l&rsquo;annonce de la deuxi\u00e8me vague de tapering, d\u00e9cid\u00e9e par le comit\u00e9 directoire de la politique mon\u00e9taire de la r\u00e9serve f\u00e9d\u00e9rale [&hellip;]\" \/>\n<meta property=\"og:url\" content=\"https:\/\/www.gold.fr\/news\/2014\/01\/31\/fed-et-tapering-une-decision-qui-tombe-mal\/\" \/>\n<meta property=\"og:site_name\" content=\"Gold.fr\" \/>\n<meta property=\"article:publisher\" content=\"https:\/\/www.facebook.com\/Goldfr\/\" \/>\n<meta property=\"article:published_time\" content=\"2014-01-31T08:00:36+00:00\" \/>\n<meta property=\"article:modified_time\" content=\"2018-02-22T13:43:20+00:00\" \/>\n<meta property=\"og:image\" content=\"https:\/\/www.gold.fr\/news\/wp-content\/uploads\/2010\/12\/monde-or.jpg\" \/>\n\t<meta property=\"og:image:width\" content=\"600\" \/>\n\t<meta property=\"og:image:height\" content=\"450\" \/>\n\t<meta property=\"og:image:type\" content=\"image\/jpeg\" \/>\n<meta name=\"author\" content=\"Comptoir National de l&#039;Or\" \/>\n<meta name=\"twitter:card\" content=\"summary_large_image\" \/>\n<meta name=\"twitter:label1\" content=\"\u00c9crit par\" \/>\n\t<meta name=\"twitter:data1\" content=\"Comptoir National de l&#039;Or\" \/>\n\t<meta name=\"twitter:label2\" content=\"Dur\u00e9e de lecture estim\u00e9e\" \/>\n\t<meta name=\"twitter:data2\" content=\"1 minute\" \/>\n<script type=\"application\/ld+json\" class=\"yoast-schema-graph\">{\"@context\":\"https:\\\/\\\/schema.org\",\"@graph\":[{\"@type\":\"Article\",\"@id\":\"https:\\\/\\\/www.gold.fr\\\/news\\\/2014\\\/01\\\/31\\\/fed-et-tapering-une-decision-qui-tombe-mal\\\/#article\",\"isPartOf\":{\"@id\":\"https:\\\/\\\/www.gold.fr\\\/news\\\/2014\\\/01\\\/31\\\/fed-et-tapering-une-decision-qui-tombe-mal\\\/\"},\"author\":{\"name\":\"Comptoir National de l'Or\",\"@id\":\"https:\\\/\\\/www.gold.fr\\\/news\\\/#\\\/schema\\\/person\\\/070491b4b4fb7671bf59b3be20302ce9\"},\"headline\":\"FED et Tapering : Une d\u00e9cision qui tombe mal\",\"datePublished\":\"2014-01-31T08:00:36+00:00\",\"dateModified\":\"2018-02-22T13:43:20+00:00\",\"mainEntityOfPage\":{\"@id\":\"https:\\\/\\\/www.gold.fr\\\/news\\\/2014\\\/01\\\/31\\\/fed-et-tapering-une-decision-qui-tombe-mal\\\/\"},\"wordCount\":264,\"commentCount\":0,\"image\":{\"@id\":\"https:\\\/\\\/www.gold.fr\\\/news\\\/2014\\\/01\\\/31\\\/fed-et-tapering-une-decision-qui-tombe-mal\\\/#primaryimage\"},\"thumbnailUrl\":\"https:\\\/\\\/www.gold.fr\\\/news\\\/wp-content\\\/uploads\\\/2010\\\/12\\\/monde-or.jpg\",\"keywords\":[\"\u00e9conomie US\",\"fed\",\"politique mon\u00e9taire\",\"tapering\"],\"articleSection\":[\"Articles de presse\"],\"inLanguage\":\"fr-FR\"},{\"@type\":\"WebPage\",\"@id\":\"https:\\\/\\\/www.gold.fr\\\/news\\\/2014\\\/01\\\/31\\\/fed-et-tapering-une-decision-qui-tombe-mal\\\/\",\"url\":\"https:\\\/\\\/www.gold.fr\\\/news\\\/2014\\\/01\\\/31\\\/fed-et-tapering-une-decision-qui-tombe-mal\\\/\",\"name\":\"FED et Tapering : Une d\u00e9cision qui tombe mal - Gold.fr\",\"isPartOf\":{\"@id\":\"https:\\\/\\\/www.gold.fr\\\/news\\\/#website\"},\"primaryImageOfPage\":{\"@id\":\"https:\\\/\\\/www.gold.fr\\\/news\\\/2014\\\/01\\\/31\\\/fed-et-tapering-une-decision-qui-tombe-mal\\\/#primaryimage\"},\"image\":{\"@id\":\"https:\\\/\\\/www.gold.fr\\\/news\\\/2014\\\/01\\\/31\\\/fed-et-tapering-une-decision-qui-tombe-mal\\\/#primaryimage\"},\"thumbnailUrl\":\"https:\\\/\\\/www.gold.fr\\\/news\\\/wp-content\\\/uploads\\\/2010\\\/12\\\/monde-or.jpg\",\"datePublished\":\"2014-01-31T08:00:36+00:00\",\"dateModified\":\"2018-02-22T13:43:20+00:00\",\"author\":{\"@id\":\"https:\\\/\\\/www.gold.fr\\\/news\\\/#\\\/schema\\\/person\\\/070491b4b4fb7671bf59b3be20302ce9\"},\"breadcrumb\":{\"@id\":\"https:\\\/\\\/www.gold.fr\\\/news\\\/2014\\\/01\\\/31\\\/fed-et-tapering-une-decision-qui-tombe-mal\\\/#breadcrumb\"},\"inLanguage\":\"fr-FR\",\"potentialAction\":[{\"@type\":\"ReadAction\",\"target\":[\"https:\\\/\\\/www.gold.fr\\\/news\\\/2014\\\/01\\\/31\\\/fed-et-tapering-une-decision-qui-tombe-mal\\\/\"]}]},{\"@type\":\"ImageObject\",\"inLanguage\":\"fr-FR\",\"@id\":\"https:\\\/\\\/www.gold.fr\\\/news\\\/2014\\\/01\\\/31\\\/fed-et-tapering-une-decision-qui-tombe-mal\\\/#primaryimage\",\"url\":\"https:\\\/\\\/www.gold.fr\\\/news\\\/wp-content\\\/uploads\\\/2010\\\/12\\\/monde-or.jpg\",\"contentUrl\":\"https:\\\/\\\/www.gold.fr\\\/news\\\/wp-content\\\/uploads\\\/2010\\\/12\\\/monde-or.jpg\",\"width\":\"600\",\"height\":\"450\",\"caption\":\"Stagnation au niveau de l\u2019once\"},{\"@type\":\"BreadcrumbList\",\"@id\":\"https:\\\/\\\/www.gold.fr\\\/news\\\/2014\\\/01\\\/31\\\/fed-et-tapering-une-decision-qui-tombe-mal\\\/#breadcrumb\",\"itemListElement\":[{\"@type\":\"ListItem\",\"position\":1,\"name\":\"Accueil\",\"item\":\"https:\\\/\\\/www.gold.fr\\\/\"},{\"@type\":\"ListItem\",\"position\":2,\"name\":\"Actualit\u00e9s\",\"item\":\"https:\\\/\\\/www.gold.fr\\\/news\\\/\"},{\"@type\":\"ListItem\",\"position\":3,\"name\":\"FED et Tapering : Une d\u00e9cision qui tombe mal\"}]},{\"@type\":\"WebSite\",\"@id\":\"https:\\\/\\\/www.gold.fr\\\/news\\\/#website\",\"url\":\"https:\\\/\\\/www.gold.fr\\\/news\\\/\",\"name\":\"Gold.fr\",\"description\":\"Actualit\u00e9s de l&#039;Or et des m\u00e9taux pr\u00e9cieux\",\"potentialAction\":[{\"@type\":\"SearchAction\",\"target\":{\"@type\":\"EntryPoint\",\"urlTemplate\":\"https:\\\/\\\/www.gold.fr\\\/news\\\/?s={search_term_string}\"},\"query-input\":{\"@type\":\"PropertyValueSpecification\",\"valueRequired\":true,\"valueName\":\"search_term_string\"}}],\"inLanguage\":\"fr-FR\"},{\"@type\":\"Person\",\"@id\":\"https:\\\/\\\/www.gold.fr\\\/news\\\/#\\\/schema\\\/person\\\/070491b4b4fb7671bf59b3be20302ce9\",\"name\":\"Comptoir National de l'Or\",\"image\":{\"@type\":\"ImageObject\",\"inLanguage\":\"fr-FR\",\"@id\":\"https:\\\/\\\/secure.gravatar.com\\\/avatar\\\/0a2867fd5abe37bed95d5a65e9d58f01756e11efc68af9888dfc50cfa7f65948?s=96&d=mm&r=gb490554db0a38188709de567aa58480d\",\"url\":\"https:\\\/\\\/secure.gravatar.com\\\/avatar\\\/0a2867fd5abe37bed95d5a65e9d58f01756e11efc68af9888dfc50cfa7f65948?s=96&d=mm&r=g\",\"contentUrl\":\"https:\\\/\\\/secure.gravatar.com\\\/avatar\\\/0a2867fd5abe37bed95d5a65e9d58f01756e11efc68af9888dfc50cfa7f65948?s=96&d=mm&r=g\",\"caption\":\"Comptoir National de l'Or\"},\"description\":\"Notre r\u00e9daction est constitu\u00e9e de membres experts dans les m\u00e9tiers de l'\u00e9conomie et la gestion, des Responsables d'agence Comptoir National de l'Or, des analystes financiers qui publient r\u00e9guli\u00e8rement des \u00e9tudes sur les politiques des banques centrales, le cours de l'or, prix de l'or, cours de l'argent, prix de l'argent, cours du platine, cours du palladium,... la situation en zone euro et l'impact de la strat\u00e9gie mon\u00e9taire de la FED. Notre \u00e9quipe scrute \u00e9galement une information plus g\u00e9n\u00e9raliste \u00e0 la recherche d'actualit\u00e9 \\\"p\u00e9pite\\\" \u00e0 vous partager. Depuis 5 ans, nous avons publi\u00e9 un peu plus de 4000 articles qui s'adressent \u00e0 un public large et vari\u00e9 ayant pour objectif de satisfaire votre curiosit\u00e9 et de partager avec vous une certaine fascination pour le m\u00e9tal jaune, le rachat d'or, et pour ceux qui veulent investir dans l'or, vendre leur or tout simplement en savoir plus... Pour tous vos achat or et argent, n'h\u00e9sitez pas \u00e0 prendre rendez-vous dans l'un de nos nombreux comptoirs.\",\"sameAs\":[\"https:\\\/\\\/www.gold.fr\"]}]}<\/script>\n<!-- \/ Yoast SEO plugin. -->","yoast_head_json":{"title":"FED et Tapering : Une d\u00e9cision qui tombe mal - Gold.fr","robots":{"index":"index","follow":"follow","max-snippet":"max-snippet:-1","max-image-preview":"max-image-preview:large","max-video-preview":"max-video-preview:-1"},"canonical":"https:\/\/www.gold.fr\/news\/2014\/01\/31\/fed-et-tapering-une-decision-qui-tombe-mal\/","og_locale":"fr_FR","og_type":"article","og_title":"FED et Tapering : Une d\u00e9cision qui tombe mal - Gold.fr","og_description":"C&rsquo;est avec un c\u0153ur lourd et une stagnation naturelle que les march\u00e9s ont accueilli, jeudi matin, l&rsquo;annonce de la deuxi\u00e8me vague de tapering, d\u00e9cid\u00e9e par le comit\u00e9 directoire de la politique mon\u00e9taire de la r\u00e9serve f\u00e9d\u00e9rale [&hellip;]","og_url":"https:\/\/www.gold.fr\/news\/2014\/01\/31\/fed-et-tapering-une-decision-qui-tombe-mal\/","og_site_name":"Gold.fr","article_publisher":"https:\/\/www.facebook.com\/Goldfr\/","article_published_time":"2014-01-31T08:00:36+00:00","article_modified_time":"2018-02-22T13:43:20+00:00","og_image":[{"width":600,"height":450,"url":"https:\/\/www.gold.fr\/news\/wp-content\/uploads\/2010\/12\/monde-or.jpg","type":"image\/jpeg"}],"author":"Comptoir National de l'Or","twitter_card":"summary_large_image","twitter_misc":{"\u00c9crit par":"Comptoir National de l'Or","Dur\u00e9e de lecture estim\u00e9e":"1 minute"},"schema":{"@context":"https:\/\/schema.org","@graph":[{"@type":"Article","@id":"https:\/\/www.gold.fr\/news\/2014\/01\/31\/fed-et-tapering-une-decision-qui-tombe-mal\/#article","isPartOf":{"@id":"https:\/\/www.gold.fr\/news\/2014\/01\/31\/fed-et-tapering-une-decision-qui-tombe-mal\/"},"author":{"name":"Comptoir National de l'Or","@id":"https:\/\/www.gold.fr\/news\/#\/schema\/person\/070491b4b4fb7671bf59b3be20302ce9"},"headline":"FED et Tapering : Une d\u00e9cision qui tombe mal","datePublished":"2014-01-31T08:00:36+00:00","dateModified":"2018-02-22T13:43:20+00:00","mainEntityOfPage":{"@id":"https:\/\/www.gold.fr\/news\/2014\/01\/31\/fed-et-tapering-une-decision-qui-tombe-mal\/"},"wordCount":264,"commentCount":0,"image":{"@id":"https:\/\/www.gold.fr\/news\/2014\/01\/31\/fed-et-tapering-une-decision-qui-tombe-mal\/#primaryimage"},"thumbnailUrl":"https:\/\/www.gold.fr\/news\/wp-content\/uploads\/2010\/12\/monde-or.jpg","keywords":["\u00e9conomie US","fed","politique mon\u00e9taire","tapering"],"articleSection":["Articles de presse"],"inLanguage":"fr-FR"},{"@type":"WebPage","@id":"https:\/\/www.gold.fr\/news\/2014\/01\/31\/fed-et-tapering-une-decision-qui-tombe-mal\/","url":"https:\/\/www.gold.fr\/news\/2014\/01\/31\/fed-et-tapering-une-decision-qui-tombe-mal\/","name":"FED et Tapering : Une d\u00e9cision qui tombe mal - Gold.fr","isPartOf":{"@id":"https:\/\/www.gold.fr\/news\/#website"},"primaryImageOfPage":{"@id":"https:\/\/www.gold.fr\/news\/2014\/01\/31\/fed-et-tapering-une-decision-qui-tombe-mal\/#primaryimage"},"image":{"@id":"https:\/\/www.gold.fr\/news\/2014\/01\/31\/fed-et-tapering-une-decision-qui-tombe-mal\/#primaryimage"},"thumbnailUrl":"https:\/\/www.gold.fr\/news\/wp-content\/uploads\/2010\/12\/monde-or.jpg","datePublished":"2014-01-31T08:00:36+00:00","dateModified":"2018-02-22T13:43:20+00:00","author":{"@id":"https:\/\/www.gold.fr\/news\/#\/schema\/person\/070491b4b4fb7671bf59b3be20302ce9"},"breadcrumb":{"@id":"https:\/\/www.gold.fr\/news\/2014\/01\/31\/fed-et-tapering-une-decision-qui-tombe-mal\/#breadcrumb"},"inLanguage":"fr-FR","potentialAction":[{"@type":"ReadAction","target":["https:\/\/www.gold.fr\/news\/2014\/01\/31\/fed-et-tapering-une-decision-qui-tombe-mal\/"]}]},{"@type":"ImageObject","inLanguage":"fr-FR","@id":"https:\/\/www.gold.fr\/news\/2014\/01\/31\/fed-et-tapering-une-decision-qui-tombe-mal\/#primaryimage","url":"https:\/\/www.gold.fr\/news\/wp-content\/uploads\/2010\/12\/monde-or.jpg","contentUrl":"https:\/\/www.gold.fr\/news\/wp-content\/uploads\/2010\/12\/monde-or.jpg","width":"600","height":"450","caption":"Stagnation au niveau de l\u2019once"},{"@type":"BreadcrumbList","@id":"https:\/\/www.gold.fr\/news\/2014\/01\/31\/fed-et-tapering-une-decision-qui-tombe-mal\/#breadcrumb","itemListElement":[{"@type":"ListItem","position":1,"name":"Accueil","item":"https:\/\/www.gold.fr\/"},{"@type":"ListItem","position":2,"name":"Actualit\u00e9s","item":"https:\/\/www.gold.fr\/news\/"},{"@type":"ListItem","position":3,"name":"FED et Tapering : Une d\u00e9cision qui tombe mal"}]},{"@type":"WebSite","@id":"https:\/\/www.gold.fr\/news\/#website","url":"https:\/\/www.gold.fr\/news\/","name":"Gold.fr","description":"Actualit\u00e9s de l&#039;Or et des m\u00e9taux pr\u00e9cieux","potentialAction":[{"@type":"SearchAction","target":{"@type":"EntryPoint","urlTemplate":"https:\/\/www.gold.fr\/news\/?s={search_term_string}"},"query-input":{"@type":"PropertyValueSpecification","valueRequired":true,"valueName":"search_term_string"}}],"inLanguage":"fr-FR"},{"@type":"Person","@id":"https:\/\/www.gold.fr\/news\/#\/schema\/person\/070491b4b4fb7671bf59b3be20302ce9","name":"Comptoir National de l'Or","image":{"@type":"ImageObject","inLanguage":"fr-FR","@id":"https:\/\/secure.gravatar.com\/avatar\/0a2867fd5abe37bed95d5a65e9d58f01756e11efc68af9888dfc50cfa7f65948?s=96&d=mm&r=gb490554db0a38188709de567aa58480d","url":"https:\/\/secure.gravatar.com\/avatar\/0a2867fd5abe37bed95d5a65e9d58f01756e11efc68af9888dfc50cfa7f65948?s=96&d=mm&r=g","contentUrl":"https:\/\/secure.gravatar.com\/avatar\/0a2867fd5abe37bed95d5a65e9d58f01756e11efc68af9888dfc50cfa7f65948?s=96&d=mm&r=g","caption":"Comptoir National de l'Or"},"description":"Notre r\u00e9daction est constitu\u00e9e de membres experts dans les m\u00e9tiers de l'\u00e9conomie et la gestion, des Responsables d'agence Comptoir National de l'Or, des analystes financiers qui publient r\u00e9guli\u00e8rement des \u00e9tudes sur les politiques des banques centrales, le cours de l'or, prix de l'or, cours de l'argent, prix de l'argent, cours du platine, cours du palladium,... la situation en zone euro et l'impact de la strat\u00e9gie mon\u00e9taire de la FED. Notre \u00e9quipe scrute \u00e9galement une information plus g\u00e9n\u00e9raliste \u00e0 la recherche d'actualit\u00e9 \"p\u00e9pite\" \u00e0 vous partager. Depuis 5 ans, nous avons publi\u00e9 un peu plus de 4000 articles qui s'adressent \u00e0 un public large et vari\u00e9 ayant pour objectif de satisfaire votre curiosit\u00e9 et de partager avec vous une certaine fascination pour le m\u00e9tal jaune, le rachat d'or, et pour ceux qui veulent investir dans l'or, vendre leur or tout simplement en savoir plus... Pour tous vos achat or et argent, n'h\u00e9sitez pas \u00e0 prendre rendez-vous dans l'un de nos nombreux comptoirs.","sameAs":["https:\/\/www.gold.fr"]}]}},"authors":[{"term_id":2565,"user_id":18,"is_guest":0,"slug":"julie","display_name":"Comptoir National de l'Or","avatar_url":"https:\/\/secure.gravatar.com\/avatar\/713f289e398d35ead876c4a4cc08607f0d6d266058cfc25683fffb6092d0e572?s=96&d=mm&r=g","0":null,"1":"","2":"","3":"","4":"","5":"","6":"","7":"","8":""}],"_links":{"self":[{"href":"https:\/\/www.gold.fr\/news\/wp-json\/wp\/v2\/posts\/13798","targetHints":{"allow":["GET"]}}],"collection":[{"href":"https:\/\/www.gold.fr\/news\/wp-json\/wp\/v2\/posts"}],"about":[{"href":"https:\/\/www.gold.fr\/news\/wp-json\/wp\/v2\/types\/post"}],"author":[{"embeddable":true,"href":"https:\/\/www.gold.fr\/news\/wp-json\/wp\/v2\/users\/18"}],"replies":[{"embeddable":true,"href":"https:\/\/www.gold.fr\/news\/wp-json\/wp\/v2\/comments?post=13798"}],"version-history":[{"count":0,"href":"https:\/\/www.gold.fr\/news\/wp-json\/wp\/v2\/posts\/13798\/revisions"}],"wp:featuredmedia":[{"embeddable":true,"href":"https:\/\/www.gold.fr\/news\/wp-json\/wp\/v2\/media\/4996"}],"wp:attachment":[{"href":"https:\/\/www.gold.fr\/news\/wp-json\/wp\/v2\/media?parent=13798"}],"wp:term":[{"taxonomy":"category","embeddable":true,"href":"https:\/\/www.gold.fr\/news\/wp-json\/wp\/v2\/categories?post=13798"},{"taxonomy":"post_tag","embeddable":true,"href":"https:\/\/www.gold.fr\/news\/wp-json\/wp\/v2\/tags?post=13798"},{"taxonomy":"author","embeddable":true,"href":"https:\/\/www.gold.fr\/news\/wp-json\/wp\/v2\/ppma_author?post=13798"}],"curies":[{"name":"wp","href":"https:\/\/api.w.org\/{rel}","templated":true}]}}