{"id":13761,"date":"2014-01-24T17:00:54","date_gmt":"2014-01-24T16:00:54","guid":{"rendered":"https:\/\/www.gold.fr\/news\/?p=13761"},"modified":"2021-09-09T16:05:12","modified_gmt":"2021-09-09T14:05:12","slug":"une-fin-de-semaine-morose-pour-les-marches-financiers","status":"publish","type":"post","link":"https:\/\/www.gold.fr\/news\/2014\/01\/24\/une-fin-de-semaine-morose-pour-les-marches-financiers\/","title":{"rendered":"Une fin de semaine morose pour les march\u00e9s financiers"},"content":{"rendered":"<p><img loading=\"lazy\" decoding=\"async\" class=\"alignleft size-thumbnail wp-image-10194\" title=\"Une fin de semaine morose pour les march\u00e9s financiers\" src=\"https:\/\/www.gold.fr\/news\/wp-content\/uploads\/2018\/07\/USA_vs_Chine.jpg\" alt=\"\" width=\"150\" height=\"150\" \/><span style=\"font-size: small;\">Apr\u00e8s plusieurs s\u00e9ances euphoriques, des deux c\u00f4t\u00e9s de l\u2019atlantique, l\u2019humeur est plut\u00f4t maussade en cette fin de semaine, sur la plupart des places boursi\u00e8res internationales, avec des baisses plus ou moins importantes. Si bon nombre d\u2019analystes expliquent ce retournement soudain de la situation par les mauvaises performances r\u00e9cemment enregistr\u00e9es en <strong>Chine<\/strong> et aux<strong> Etats-Unis<\/strong>, ils demeurent, dans l\u2019ensemble, assez perplexes face \u00e0 la g\u00e9n\u00e9ralit\u00e9 de cette vague baissi\u00e8re.<\/span> <span style=\"font-size: small;\"> Les experts notent en effet que \u00ab\u00a0<em>Bruxelles c\u00e8de <strong>0,1%<\/strong>, Madrid <strong>0,2%<\/strong>, Milan <strong>0,4%<\/strong>, Zurich perd <strong>0,6%<\/strong>, Londres <strong>0,7%<\/strong>, Amsterdam <strong>0,8%<\/strong>, Francfort <strong>1%<\/strong> et Paris<strong> 1,1%<\/strong>, tandis que New York, le Dow Jones et le Nasdaq abandonnent de concert pr\u00e8s de <strong>1%<\/strong><\/em>\u00a0\u00bb.<\/span> <span style=\"font-size: small;\"> Suite \u00e0 la chute de l&rsquo;indice <strong>PMI<\/strong> manufacturier de <strong>HSBC<\/strong> vers les <strong>49,6<\/strong>, les professionnels du trading soulignent que \u00ab\u00a0<em>c&rsquo;est la premi\u00e8re fois en six mois que le secteur manufacturier se contracte, ce qui relance les inqui\u00e9tudes concernant la sant\u00e9 de la deuxi\u00e8me \u00e9conomie mondiale<\/em>\u00a0\u00bb. Dans la m\u00eame lign\u00e9e baissi\u00e8re, les r\u00e9centes donn\u00e9es am\u00e9ricaines ont \u00e9galement enregistr\u00e9 un recul au niveau des ventes de logements anciens. Les observateurs de<strong> Conference Board<\/strong> notent, \u00e0 ce sujet, que \u00ab\u00a0<em>les indicateurs avanc\u00e9s ont \u00e9t\u00e9 port\u00e9s par les composantes financi\u00e8res en d\u00e9cembre, mais les perspectives des consommateurs en mati\u00e8re de conditions d&rsquo;activit\u00e9 et de construction r\u00e9sidentielle continuent de poser des probl\u00e8mes<\/em>\u00a0\u00bb.<\/span><\/p>\n<!-- AddThis Advanced Settings generic via filter on the_content --><!-- AddThis Share Buttons generic via filter on the_content -->","protected":false},"excerpt":{"rendered":"<p>Apr\u00e8s plusieurs s\u00e9ances euphoriques, des deux c\u00f4t\u00e9s de l\u2019atlantique, l\u2019humeur est plut\u00f4t maussade en cette fin de semaine, sur la plupart des places boursi\u00e8res internationales, avec des baisses plus ou moins importantes. Si bon nombre d\u2019analystes [&hellip;]<\/p>\n","protected":false},"author":18,"featured_media":33965,"comment_status":"closed","ping_status":"closed","sticky":false,"template":"","format":"standard","meta":{"_mbp_gutenberg_autopost":false,"_pgmb_is_evergreen":false,"_pgmb_ap_template_id":0,"footnotes":""},"categories":[6],"tags":[1188,146,1000,1410,405],"ppma_author":[2565],"class_list":["post-13761","post","type-post","status-publish","format-standard","has-post-thumbnail","hentry","category-articles-de-presse","tag-bourse","tag-chine","tag-economie","tag-marches-financiers","tag-usa"],"yoast_head":"<!-- This site is optimized with the Yoast SEO plugin v27.5 - https:\/\/yoast.com\/product\/yoast-seo-wordpress\/ -->\n<title>Une fin de semaine morose pour les march\u00e9s financiers - Gold.fr<\/title>\n<meta name=\"description\" content=\"Une fin de semaine morose pour les march\u00e9s financiers. Suivez le cours de l&#039;or, de l&#039;argent et d&#039;autres m\u00e9taux pr\u00e9cieux sur Gold.fr. Le site d&#039;actualit\u00e9 du Comptoir National de l&#039;Or.\" \/>\n<meta name=\"robots\" content=\"index, follow, max-snippet:-1, max-image-preview:large, max-video-preview:-1\" \/>\n<link rel=\"canonical\" href=\"https:\/\/www.gold.fr\/news\/2014\/01\/24\/une-fin-de-semaine-morose-pour-les-marches-financiers\/\" \/>\n<meta property=\"og:locale\" content=\"fr_FR\" \/>\n<meta property=\"og:type\" content=\"article\" \/>\n<meta property=\"og:title\" content=\"Une fin de semaine morose pour les march\u00e9s financiers - Gold.fr\" \/>\n<meta property=\"og:description\" content=\"Une fin de semaine morose pour les march\u00e9s financiers. Suivez le cours de l&#039;or, de l&#039;argent et d&#039;autres m\u00e9taux pr\u00e9cieux sur Gold.fr. Le site d&#039;actualit\u00e9 du Comptoir National de l&#039;Or.\" \/>\n<meta property=\"og:url\" content=\"https:\/\/www.gold.fr\/news\/2014\/01\/24\/une-fin-de-semaine-morose-pour-les-marches-financiers\/\" \/>\n<meta property=\"og:site_name\" content=\"Gold.fr\" \/>\n<meta property=\"article:publisher\" content=\"https:\/\/www.facebook.com\/Goldfr\/\" \/>\n<meta property=\"article:published_time\" content=\"2014-01-24T16:00:54+00:00\" \/>\n<meta property=\"article:modified_time\" content=\"2021-09-09T14:05:12+00:00\" \/>\n<meta property=\"og:image\" content=\"https:\/\/www.gold.fr\/news\/wp-content\/uploads\/2018\/07\/USA_vs_Chine.jpg\" \/>\n\t<meta property=\"og:image:width\" content=\"1254\" \/>\n\t<meta property=\"og:image:height\" content=\"836\" \/>\n\t<meta property=\"og:image:type\" content=\"image\/jpeg\" \/>\n<meta name=\"author\" content=\"Comptoir National de l&#039;Or\" \/>\n<meta name=\"twitter:card\" content=\"summary_large_image\" \/>\n<meta name=\"twitter:label1\" content=\"\u00c9crit par\" \/>\n\t<meta name=\"twitter:data1\" content=\"Comptoir National de l&#039;Or\" \/>\n\t<meta name=\"twitter:label2\" content=\"Dur\u00e9e de lecture estim\u00e9e\" \/>\n\t<meta name=\"twitter:data2\" content=\"1 minute\" \/>\n<script type=\"application\/ld+json\" class=\"yoast-schema-graph\">{\"@context\":\"https:\\\/\\\/schema.org\",\"@graph\":[{\"@type\":\"Article\",\"@id\":\"https:\\\/\\\/www.gold.fr\\\/news\\\/2014\\\/01\\\/24\\\/une-fin-de-semaine-morose-pour-les-marches-financiers\\\/#article\",\"isPartOf\":{\"@id\":\"https:\\\/\\\/www.gold.fr\\\/news\\\/2014\\\/01\\\/24\\\/une-fin-de-semaine-morose-pour-les-marches-financiers\\\/\"},\"author\":{\"name\":\"Comptoir National de l'Or\",\"@id\":\"https:\\\/\\\/www.gold.fr\\\/news\\\/#\\\/schema\\\/person\\\/070491b4b4fb7671bf59b3be20302ce9\"},\"headline\":\"Une fin de semaine morose pour les march\u00e9s financiers\",\"datePublished\":\"2014-01-24T16:00:54+00:00\",\"dateModified\":\"2021-09-09T14:05:12+00:00\",\"mainEntityOfPage\":{\"@id\":\"https:\\\/\\\/www.gold.fr\\\/news\\\/2014\\\/01\\\/24\\\/une-fin-de-semaine-morose-pour-les-marches-financiers\\\/\"},\"wordCount\":249,\"image\":{\"@id\":\"https:\\\/\\\/www.gold.fr\\\/news\\\/2014\\\/01\\\/24\\\/une-fin-de-semaine-morose-pour-les-marches-financiers\\\/#primaryimage\"},\"thumbnailUrl\":\"https:\\\/\\\/www.gold.fr\\\/news\\\/wp-content\\\/uploads\\\/2018\\\/07\\\/USA_vs_Chine.jpg\",\"keywords\":[\"bourse\",\"chine\",\"\u00e9conomie\",\"march\u00e9s financiers\",\"usa\"],\"articleSection\":[\"Articles de presse\"],\"inLanguage\":\"fr-FR\"},{\"@type\":\"WebPage\",\"@id\":\"https:\\\/\\\/www.gold.fr\\\/news\\\/2014\\\/01\\\/24\\\/une-fin-de-semaine-morose-pour-les-marches-financiers\\\/\",\"url\":\"https:\\\/\\\/www.gold.fr\\\/news\\\/2014\\\/01\\\/24\\\/une-fin-de-semaine-morose-pour-les-marches-financiers\\\/\",\"name\":\"Une fin de semaine morose pour les march\u00e9s financiers - Gold.fr\",\"isPartOf\":{\"@id\":\"https:\\\/\\\/www.gold.fr\\\/news\\\/#website\"},\"primaryImageOfPage\":{\"@id\":\"https:\\\/\\\/www.gold.fr\\\/news\\\/2014\\\/01\\\/24\\\/une-fin-de-semaine-morose-pour-les-marches-financiers\\\/#primaryimage\"},\"image\":{\"@id\":\"https:\\\/\\\/www.gold.fr\\\/news\\\/2014\\\/01\\\/24\\\/une-fin-de-semaine-morose-pour-les-marches-financiers\\\/#primaryimage\"},\"thumbnailUrl\":\"https:\\\/\\\/www.gold.fr\\\/news\\\/wp-content\\\/uploads\\\/2018\\\/07\\\/USA_vs_Chine.jpg\",\"datePublished\":\"2014-01-24T16:00:54+00:00\",\"dateModified\":\"2021-09-09T14:05:12+00:00\",\"author\":{\"@id\":\"https:\\\/\\\/www.gold.fr\\\/news\\\/#\\\/schema\\\/person\\\/070491b4b4fb7671bf59b3be20302ce9\"},\"description\":\"Une fin de semaine morose pour les march\u00e9s financiers. Suivez le cours de l'or, de l'argent et d'autres m\u00e9taux pr\u00e9cieux sur Gold.fr. Le site d'actualit\u00e9 du Comptoir National de l'Or.\",\"breadcrumb\":{\"@id\":\"https:\\\/\\\/www.gold.fr\\\/news\\\/2014\\\/01\\\/24\\\/une-fin-de-semaine-morose-pour-les-marches-financiers\\\/#breadcrumb\"},\"inLanguage\":\"fr-FR\",\"potentialAction\":[{\"@type\":\"ReadAction\",\"target\":[\"https:\\\/\\\/www.gold.fr\\\/news\\\/2014\\\/01\\\/24\\\/une-fin-de-semaine-morose-pour-les-marches-financiers\\\/\"]}]},{\"@type\":\"ImageObject\",\"inLanguage\":\"fr-FR\",\"@id\":\"https:\\\/\\\/www.gold.fr\\\/news\\\/2014\\\/01\\\/24\\\/une-fin-de-semaine-morose-pour-les-marches-financiers\\\/#primaryimage\",\"url\":\"https:\\\/\\\/www.gold.fr\\\/news\\\/wp-content\\\/uploads\\\/2018\\\/07\\\/USA_vs_Chine.jpg\",\"contentUrl\":\"https:\\\/\\\/www.gold.fr\\\/news\\\/wp-content\\\/uploads\\\/2018\\\/07\\\/USA_vs_Chine.jpg\",\"width\":1254,\"height\":836,\"caption\":\"Guerre commerciale Chine-USA, les possibles sc\u00e9narios\"},{\"@type\":\"BreadcrumbList\",\"@id\":\"https:\\\/\\\/www.gold.fr\\\/news\\\/2014\\\/01\\\/24\\\/une-fin-de-semaine-morose-pour-les-marches-financiers\\\/#breadcrumb\",\"itemListElement\":[{\"@type\":\"ListItem\",\"position\":1,\"name\":\"Accueil\",\"item\":\"https:\\\/\\\/www.gold.fr\\\/\"},{\"@type\":\"ListItem\",\"position\":2,\"name\":\"Actualit\u00e9s\",\"item\":\"https:\\\/\\\/www.gold.fr\\\/news\\\/\"},{\"@type\":\"ListItem\",\"position\":3,\"name\":\"Une fin de semaine morose pour les march\u00e9s financiers\"}]},{\"@type\":\"WebSite\",\"@id\":\"https:\\\/\\\/www.gold.fr\\\/news\\\/#website\",\"url\":\"https:\\\/\\\/www.gold.fr\\\/news\\\/\",\"name\":\"Gold.fr\",\"description\":\"Actualit\u00e9s de l&#039;Or et des m\u00e9taux pr\u00e9cieux\",\"potentialAction\":[{\"@type\":\"SearchAction\",\"target\":{\"@type\":\"EntryPoint\",\"urlTemplate\":\"https:\\\/\\\/www.gold.fr\\\/news\\\/?s={search_term_string}\"},\"query-input\":{\"@type\":\"PropertyValueSpecification\",\"valueRequired\":true,\"valueName\":\"search_term_string\"}}],\"inLanguage\":\"fr-FR\"},{\"@type\":\"Person\",\"@id\":\"https:\\\/\\\/www.gold.fr\\\/news\\\/#\\\/schema\\\/person\\\/070491b4b4fb7671bf59b3be20302ce9\",\"name\":\"Comptoir National de l'Or\",\"image\":{\"@type\":\"ImageObject\",\"inLanguage\":\"fr-FR\",\"@id\":\"https:\\\/\\\/secure.gravatar.com\\\/avatar\\\/0a2867fd5abe37bed95d5a65e9d58f01756e11efc68af9888dfc50cfa7f65948?s=96&d=mm&r=gb490554db0a38188709de567aa58480d\",\"url\":\"https:\\\/\\\/secure.gravatar.com\\\/avatar\\\/0a2867fd5abe37bed95d5a65e9d58f01756e11efc68af9888dfc50cfa7f65948?s=96&d=mm&r=g\",\"contentUrl\":\"https:\\\/\\\/secure.gravatar.com\\\/avatar\\\/0a2867fd5abe37bed95d5a65e9d58f01756e11efc68af9888dfc50cfa7f65948?s=96&d=mm&r=g\",\"caption\":\"Comptoir National de l'Or\"},\"description\":\"Notre r\u00e9daction est constitu\u00e9e de membres experts dans les m\u00e9tiers de l'\u00e9conomie et la gestion, des Responsables d'agence Comptoir National de l'Or, des analystes financiers qui publient r\u00e9guli\u00e8rement des \u00e9tudes sur les politiques des banques centrales, le cours de l'or, prix de l'or, cours de l'argent, prix de l'argent, cours du platine, cours du palladium,... la situation en zone euro et l'impact de la strat\u00e9gie mon\u00e9taire de la FED. Notre \u00e9quipe scrute \u00e9galement une information plus g\u00e9n\u00e9raliste \u00e0 la recherche d'actualit\u00e9 \\\"p\u00e9pite\\\" \u00e0 vous partager. Depuis 5 ans, nous avons publi\u00e9 un peu plus de 4000 articles qui s'adressent \u00e0 un public large et vari\u00e9 ayant pour objectif de satisfaire votre curiosit\u00e9 et de partager avec vous une certaine fascination pour le m\u00e9tal jaune, le rachat d'or, et pour ceux qui veulent investir dans l'or, vendre leur or tout simplement en savoir plus... Pour tous vos achat or et argent, n'h\u00e9sitez pas \u00e0 prendre rendez-vous dans l'un de nos nombreux comptoirs.\",\"sameAs\":[\"https:\\\/\\\/www.gold.fr\"]}]}<\/script>\n<!-- \/ Yoast SEO plugin. -->","yoast_head_json":{"title":"Une fin de semaine morose pour les march\u00e9s financiers - Gold.fr","description":"Une fin de semaine morose pour les march\u00e9s financiers. Suivez le cours de l'or, de l'argent et d'autres m\u00e9taux pr\u00e9cieux sur Gold.fr. Le site d'actualit\u00e9 du Comptoir National de l'Or.","robots":{"index":"index","follow":"follow","max-snippet":"max-snippet:-1","max-image-preview":"max-image-preview:large","max-video-preview":"max-video-preview:-1"},"canonical":"https:\/\/www.gold.fr\/news\/2014\/01\/24\/une-fin-de-semaine-morose-pour-les-marches-financiers\/","og_locale":"fr_FR","og_type":"article","og_title":"Une fin de semaine morose pour les march\u00e9s financiers - Gold.fr","og_description":"Une fin de semaine morose pour les march\u00e9s financiers. Suivez le cours de l'or, de l'argent et d'autres m\u00e9taux pr\u00e9cieux sur Gold.fr. Le site d'actualit\u00e9 du Comptoir National de l'Or.","og_url":"https:\/\/www.gold.fr\/news\/2014\/01\/24\/une-fin-de-semaine-morose-pour-les-marches-financiers\/","og_site_name":"Gold.fr","article_publisher":"https:\/\/www.facebook.com\/Goldfr\/","article_published_time":"2014-01-24T16:00:54+00:00","article_modified_time":"2021-09-09T14:05:12+00:00","og_image":[{"width":1254,"height":836,"url":"https:\/\/www.gold.fr\/news\/wp-content\/uploads\/2018\/07\/USA_vs_Chine.jpg","type":"image\/jpeg"}],"author":"Comptoir National de l'Or","twitter_card":"summary_large_image","twitter_misc":{"\u00c9crit par":"Comptoir National de l'Or","Dur\u00e9e de lecture estim\u00e9e":"1 minute"},"schema":{"@context":"https:\/\/schema.org","@graph":[{"@type":"Article","@id":"https:\/\/www.gold.fr\/news\/2014\/01\/24\/une-fin-de-semaine-morose-pour-les-marches-financiers\/#article","isPartOf":{"@id":"https:\/\/www.gold.fr\/news\/2014\/01\/24\/une-fin-de-semaine-morose-pour-les-marches-financiers\/"},"author":{"name":"Comptoir National de l'Or","@id":"https:\/\/www.gold.fr\/news\/#\/schema\/person\/070491b4b4fb7671bf59b3be20302ce9"},"headline":"Une fin de semaine morose pour les march\u00e9s financiers","datePublished":"2014-01-24T16:00:54+00:00","dateModified":"2021-09-09T14:05:12+00:00","mainEntityOfPage":{"@id":"https:\/\/www.gold.fr\/news\/2014\/01\/24\/une-fin-de-semaine-morose-pour-les-marches-financiers\/"},"wordCount":249,"image":{"@id":"https:\/\/www.gold.fr\/news\/2014\/01\/24\/une-fin-de-semaine-morose-pour-les-marches-financiers\/#primaryimage"},"thumbnailUrl":"https:\/\/www.gold.fr\/news\/wp-content\/uploads\/2018\/07\/USA_vs_Chine.jpg","keywords":["bourse","chine","\u00e9conomie","march\u00e9s financiers","usa"],"articleSection":["Articles de presse"],"inLanguage":"fr-FR"},{"@type":"WebPage","@id":"https:\/\/www.gold.fr\/news\/2014\/01\/24\/une-fin-de-semaine-morose-pour-les-marches-financiers\/","url":"https:\/\/www.gold.fr\/news\/2014\/01\/24\/une-fin-de-semaine-morose-pour-les-marches-financiers\/","name":"Une fin de semaine morose pour les march\u00e9s financiers - Gold.fr","isPartOf":{"@id":"https:\/\/www.gold.fr\/news\/#website"},"primaryImageOfPage":{"@id":"https:\/\/www.gold.fr\/news\/2014\/01\/24\/une-fin-de-semaine-morose-pour-les-marches-financiers\/#primaryimage"},"image":{"@id":"https:\/\/www.gold.fr\/news\/2014\/01\/24\/une-fin-de-semaine-morose-pour-les-marches-financiers\/#primaryimage"},"thumbnailUrl":"https:\/\/www.gold.fr\/news\/wp-content\/uploads\/2018\/07\/USA_vs_Chine.jpg","datePublished":"2014-01-24T16:00:54+00:00","dateModified":"2021-09-09T14:05:12+00:00","author":{"@id":"https:\/\/www.gold.fr\/news\/#\/schema\/person\/070491b4b4fb7671bf59b3be20302ce9"},"description":"Une fin de semaine morose pour les march\u00e9s financiers. Suivez le cours de l'or, de l'argent et d'autres m\u00e9taux pr\u00e9cieux sur Gold.fr. Le site d'actualit\u00e9 du Comptoir National de l'Or.","breadcrumb":{"@id":"https:\/\/www.gold.fr\/news\/2014\/01\/24\/une-fin-de-semaine-morose-pour-les-marches-financiers\/#breadcrumb"},"inLanguage":"fr-FR","potentialAction":[{"@type":"ReadAction","target":["https:\/\/www.gold.fr\/news\/2014\/01\/24\/une-fin-de-semaine-morose-pour-les-marches-financiers\/"]}]},{"@type":"ImageObject","inLanguage":"fr-FR","@id":"https:\/\/www.gold.fr\/news\/2014\/01\/24\/une-fin-de-semaine-morose-pour-les-marches-financiers\/#primaryimage","url":"https:\/\/www.gold.fr\/news\/wp-content\/uploads\/2018\/07\/USA_vs_Chine.jpg","contentUrl":"https:\/\/www.gold.fr\/news\/wp-content\/uploads\/2018\/07\/USA_vs_Chine.jpg","width":1254,"height":836,"caption":"Guerre commerciale Chine-USA, les possibles sc\u00e9narios"},{"@type":"BreadcrumbList","@id":"https:\/\/www.gold.fr\/news\/2014\/01\/24\/une-fin-de-semaine-morose-pour-les-marches-financiers\/#breadcrumb","itemListElement":[{"@type":"ListItem","position":1,"name":"Accueil","item":"https:\/\/www.gold.fr\/"},{"@type":"ListItem","position":2,"name":"Actualit\u00e9s","item":"https:\/\/www.gold.fr\/news\/"},{"@type":"ListItem","position":3,"name":"Une fin de semaine morose pour les march\u00e9s financiers"}]},{"@type":"WebSite","@id":"https:\/\/www.gold.fr\/news\/#website","url":"https:\/\/www.gold.fr\/news\/","name":"Gold.fr","description":"Actualit\u00e9s de l&#039;Or et des m\u00e9taux pr\u00e9cieux","potentialAction":[{"@type":"SearchAction","target":{"@type":"EntryPoint","urlTemplate":"https:\/\/www.gold.fr\/news\/?s={search_term_string}"},"query-input":{"@type":"PropertyValueSpecification","valueRequired":true,"valueName":"search_term_string"}}],"inLanguage":"fr-FR"},{"@type":"Person","@id":"https:\/\/www.gold.fr\/news\/#\/schema\/person\/070491b4b4fb7671bf59b3be20302ce9","name":"Comptoir National de l'Or","image":{"@type":"ImageObject","inLanguage":"fr-FR","@id":"https:\/\/secure.gravatar.com\/avatar\/0a2867fd5abe37bed95d5a65e9d58f01756e11efc68af9888dfc50cfa7f65948?s=96&d=mm&r=gb490554db0a38188709de567aa58480d","url":"https:\/\/secure.gravatar.com\/avatar\/0a2867fd5abe37bed95d5a65e9d58f01756e11efc68af9888dfc50cfa7f65948?s=96&d=mm&r=g","contentUrl":"https:\/\/secure.gravatar.com\/avatar\/0a2867fd5abe37bed95d5a65e9d58f01756e11efc68af9888dfc50cfa7f65948?s=96&d=mm&r=g","caption":"Comptoir National de l'Or"},"description":"Notre r\u00e9daction est constitu\u00e9e de membres experts dans les m\u00e9tiers de l'\u00e9conomie et la gestion, des Responsables d'agence Comptoir National de l'Or, des analystes financiers qui publient r\u00e9guli\u00e8rement des \u00e9tudes sur les politiques des banques centrales, le cours de l'or, prix de l'or, cours de l'argent, prix de l'argent, cours du platine, cours du palladium,... la situation en zone euro et l'impact de la strat\u00e9gie mon\u00e9taire de la FED. Notre \u00e9quipe scrute \u00e9galement une information plus g\u00e9n\u00e9raliste \u00e0 la recherche d'actualit\u00e9 \"p\u00e9pite\" \u00e0 vous partager. Depuis 5 ans, nous avons publi\u00e9 un peu plus de 4000 articles qui s'adressent \u00e0 un public large et vari\u00e9 ayant pour objectif de satisfaire votre curiosit\u00e9 et de partager avec vous une certaine fascination pour le m\u00e9tal jaune, le rachat d'or, et pour ceux qui veulent investir dans l'or, vendre leur or tout simplement en savoir plus... Pour tous vos achat or et argent, n'h\u00e9sitez pas \u00e0 prendre rendez-vous dans l'un de nos nombreux comptoirs.","sameAs":["https:\/\/www.gold.fr"]}]}},"authors":[{"term_id":2565,"user_id":18,"is_guest":0,"slug":"julie","display_name":"Comptoir National de l'Or","avatar_url":"https:\/\/secure.gravatar.com\/avatar\/713f289e398d35ead876c4a4cc08607f0d6d266058cfc25683fffb6092d0e572?s=96&d=mm&r=g","0":null,"1":"","2":"","3":"","4":"","5":"","6":"","7":"","8":""}],"_links":{"self":[{"href":"https:\/\/www.gold.fr\/news\/wp-json\/wp\/v2\/posts\/13761","targetHints":{"allow":["GET"]}}],"collection":[{"href":"https:\/\/www.gold.fr\/news\/wp-json\/wp\/v2\/posts"}],"about":[{"href":"https:\/\/www.gold.fr\/news\/wp-json\/wp\/v2\/types\/post"}],"author":[{"embeddable":true,"href":"https:\/\/www.gold.fr\/news\/wp-json\/wp\/v2\/users\/18"}],"replies":[{"embeddable":true,"href":"https:\/\/www.gold.fr\/news\/wp-json\/wp\/v2\/comments?post=13761"}],"version-history":[{"count":0,"href":"https:\/\/www.gold.fr\/news\/wp-json\/wp\/v2\/posts\/13761\/revisions"}],"wp:featuredmedia":[{"embeddable":true,"href":"https:\/\/www.gold.fr\/news\/wp-json\/wp\/v2\/media\/33965"}],"wp:attachment":[{"href":"https:\/\/www.gold.fr\/news\/wp-json\/wp\/v2\/media?parent=13761"}],"wp:term":[{"taxonomy":"category","embeddable":true,"href":"https:\/\/www.gold.fr\/news\/wp-json\/wp\/v2\/categories?post=13761"},{"taxonomy":"post_tag","embeddable":true,"href":"https:\/\/www.gold.fr\/news\/wp-json\/wp\/v2\/tags?post=13761"},{"taxonomy":"author","embeddable":true,"href":"https:\/\/www.gold.fr\/news\/wp-json\/wp\/v2\/ppma_author?post=13761"}],"curies":[{"name":"wp","href":"https:\/\/api.w.org\/{rel}","templated":true}]}}