{"id":13735,"date":"2014-01-23T16:30:12","date_gmt":"2014-01-23T15:30:12","guid":{"rendered":"https:\/\/www.gold.fr\/news\/?p=13735"},"modified":"2021-01-13T16:41:20","modified_gmt":"2021-01-13T15:41:20","slug":"la-deflation-ou-lautre-obstacle-a-la-reprise-2","status":"publish","type":"post","link":"https:\/\/www.gold.fr\/news\/2014\/01\/23\/la-deflation-ou-lautre-obstacle-a-la-reprise-2\/","title":{"rendered":"La d\u00e9flation ou l\u2019autre obstacle \u00e0 la reprise !"},"content":{"rendered":"<p><span style=\"font-family: georgia, palatino; font-size: medium;\"> <a href=\"https:\/\/www.gold.fr\/news\/wp-content\/uploads\/2014\/01\/D\u00e9flation44.jpg\"><img loading=\"lazy\" decoding=\"async\" class=\"alignleft size-thumbnail wp-image-13743\" src=\"https:\/\/www.gold.fr\/news\/wp-content\/uploads\/2014\/01\/D\u00e9flation44-150x150.jpg\" alt=\"\" width=\"150\" height=\"150\" \/><\/a>Un cri d&rsquo;alarme a r\u00e9cemment \u00e9t\u00e9 pouss\u00e9 par de grands dirigeants des grandes institutions, concernant la situation pour le moins d\u00e9licate que vit aussi bien L&rsquo;Europe que les Etats-Unis actuellement ! De quoi s&rsquo;agit-il au juste ? Il s&rsquo;agit bien \u00e9videmment, du ph\u00e9nom\u00e8ne de la d\u00e9sinflation qui est par d\u00e9finition le ralentissement de la hausse des prix. <\/span> \u00a0 <span style=\"font-family: georgia, palatino; font-size: medium;\">En soi, elle ne constitue pas une entrave r\u00e9elle \u00e0 l&rsquo;\u00e9conomie, du moment qu&rsquo;elle ne d\u00e9bouche pas sur de la d\u00e9flation. C&rsquo;est pourquoi Christine Lagarde, directrice g\u00e9n\u00e9rale du FMI, vient de mettre en garde et de mani\u00e8re in\u00e9dite, les banquiers centraux, contre un vrai danger de la d\u00e9flation. D&rsquo;ailleurs, la BCE a revu \u00e0 la baisse son taux directeur le faisant passer \u00e0 0.25% au mois de novembre craignant ce ph\u00e9nom\u00e8ne. Et de l&rsquo;autre c\u00f4t\u00e9 de l&rsquo;Atlantique, on s&rsquo;inqui\u00e8te \u00e9galement du rythme de la hausse des prix. Charles Evans, pr\u00e9sident de la Fed de Chicago estime que l&rsquo;inflation est \u00ab trop basse \u00bb.<\/span><\/p>\n<p style=\"text-align: justify;\"><span style=\"font-family: georgia, palatino; font-size: medium;\">M\u00eame si la croissance demeure positive, la Fed ainsi que le gouvernement am\u00e9ricain n&rsquo;excluent pas de voir l&rsquo;\u00e9conomie se diriger vers une nouvelle p\u00e9riode de baisse des prix, des cr\u00e9dits et des salaires. Ceci provoquerait une baisse des <a class=\"esk-seo-plu-link\" href=\"https:\/\/www.gold.fr\/news\/tags\/investissement\">investissements<\/a>, de la consommation et alourdirait l&rsquo;\u00e9cart entre riches et pauvres. En ce qui concerne la dette, le remboursement se compliquera davantage du fait de la hausse des taux d&rsquo;int\u00e9r\u00eats r\u00e9els.<\/span><\/p>\n<p style=\"text-align: justify;\"><span style=\"font-family: georgia, palatino; font-size: medium;\">Jusqu&rsquo;\u00e0 la crise de 1929, il \u00e9tait possible pour les Etats-Unis de faire face \u00e0 la menace de la d\u00e9flation gr\u00e2ce \u00e0 la croissance de la population stimulant la productivit\u00e9 \u00e9conomique, depuis, ce n&rsquo;est h\u00e9las plus le cas \u00e9tant donn\u00e9 que la croissance de la population enregistre des taux de plus en plus bas.<\/span><\/p>\n<p style=\"text-align: justify;\"><span style=\"font-family: georgia, palatino; font-size: medium;\">C&rsquo;est d&rsquo;ailleurs probablement, la raison pour laquelle apr\u00e8s moulte remous, la Fed ne semble pas encore d\u00e9cid\u00e9e \u00e0 ralentir son rythme de programme d&rsquo;assouplissement quantitatif (tapering), propice \u00e0 l&rsquo;installation d&rsquo;une d\u00e9flation r\u00e9elle. M\u00eame si les politiques mon\u00e9taires non conventionnelles n&rsquo;ont servi que de b\u00e9quilles aux march\u00e9s financiers, Janet Yellen et Mario Draghi, comptent poursuivre encore quelque temps la m\u00eame voie, bien conscients du d\u00e9sastre que provoquerait la d\u00e9flation sur un \u00e9ventuel espoir de reprise \u00e9conomique solide. Rappelons que le Japon a d\u00fb pratiquer une politique mon\u00e9taire \u00ab ultra accommodante \u00bb pour venir apr\u00e8s de 15 ans de lutte acharn\u00e9e au bout de \u00ab l&rsquo;ogre \u00bb, qualificatif utilis\u00e9 par Christine Lagarde pour d\u00e9signer la d\u00e9flation.<\/span><\/p>\n<p style=\"text-align: justify;\"><span style=\"font-family: georgia, palatino; font-size: medium;\">Il est par cons\u00e9quent parfaitement l\u00e9gitime, dans un climat de grande incertitude \u00e9conomique mondiale que nous traversons, de recourir \u00e0 des assurances telles que l&rsquo;<a class=\"esk-seo-plu-link\" href=\"https:\/\/www.gold.fr\/news\/tags\/or\">or<\/a>. En effet, <a href=\"http:\/\/delor.bullionvault.fr\/nouvel_indice_de_mesure_de_l%E2%80%99investissement_priv%C3%A9_en_or18103\">l\u2019Indice des investisseurs d\u2019or<\/a>, qui n&rsquo;est autre que l&rsquo;expression des sentiments des particuliers vis-\u00e0-vis de l&rsquo;<a class=\"esk-seo-plu-link\" href=\"https:\/\/www.gold.fr\/news\/tags\/or\">or<\/a>, cr\u00e9\u00e9 par de grands acteurs de ce march\u00e9, a enregistr\u00e9 une note positive en d\u00e9cembre 2013. Alors, si malgr\u00e9 toute la propagande diffus\u00e9e autour de la reprise \u00e9conomique, il y a toujours plus d&rsquo;acheteurs d&rsquo;<a class=\"esk-seo-plu-link\" href=\"https:\/\/www.gold.fr\/news\/tags\/or\">or<\/a> que de vendeurs, c&rsquo;est que tout n&rsquo;a pas encore \u00e9t\u00e9 dit\u2026 !<\/span><\/p>\n<p style=\"text-align: right;\"><span style=\"font-family: georgia, palatino; font-size: small;\"> <em>(Sources : 24hgold\/boursier.com\/associes-finance.com)<\/em><\/span><\/p>\n<!-- AddThis Advanced Settings generic via filter on the_content --><!-- AddThis Share Buttons generic via filter on the_content -->","protected":false},"excerpt":{"rendered":"<p>Un cri d&rsquo;alarme a r\u00e9cemment \u00e9t\u00e9 pouss\u00e9 par de grands dirigeants des grandes institutions, concernant la situation pour le moins d\u00e9licate que vit aussi bien L&rsquo;Europe que les Etats-Unis actuellement ! De quoi s&rsquo;agit-il au juste [&hellip;]<\/p>\n","protected":false},"author":18,"featured_media":7525,"comment_status":"closed","ping_status":"closed","sticky":false,"template":"","format":"standard","meta":{"_mbp_gutenberg_autopost":false,"_pgmb_is_evergreen":false,"_pgmb_ap_template_id":0,"footnotes":""},"categories":[4],"tags":[934,116,76],"ppma_author":[2565],"class_list":["post-13735","post","type-post","status-publish","format-standard","has-post-thumbnail","hentry","category-analyses-economiques","tag-crise-inflationniste","tag-inflation","tag-or"],"yoast_head":"<!-- This site is optimized with the Yoast SEO plugin v27.5 - https:\/\/yoast.com\/product\/yoast-seo-wordpress\/ -->\n<title>La d\u00e9flation ou l\u2019autre obstacle \u00e0 la reprise ! - Gold.fr<\/title>\n<meta name=\"description\" content=\"Un cri d&#039;alarme a r\u00e9cemment \u00e9t\u00e9 pouss\u00e9 par de grands dirigeants des grandes institutions,...La d\u00e9flation ou l\u2019autre obstacle \u00e0 la reprise !\" \/>\n<meta name=\"robots\" content=\"index, follow, max-snippet:-1, max-image-preview:large, max-video-preview:-1\" \/>\n<link rel=\"canonical\" href=\"https:\/\/www.gold.fr\/news\/2014\/01\/23\/la-deflation-ou-lautre-obstacle-a-la-reprise-2\/\" \/>\n<meta property=\"og:locale\" content=\"fr_FR\" \/>\n<meta property=\"og:type\" content=\"article\" \/>\n<meta property=\"og:title\" content=\"La d\u00e9flation ou l\u2019autre obstacle \u00e0 la reprise ! - Gold.fr\" \/>\n<meta property=\"og:description\" content=\"Un cri d&#039;alarme a r\u00e9cemment \u00e9t\u00e9 pouss\u00e9 par de grands dirigeants des grandes institutions,...La d\u00e9flation ou l\u2019autre obstacle \u00e0 la reprise !\" \/>\n<meta property=\"og:url\" content=\"https:\/\/www.gold.fr\/news\/2014\/01\/23\/la-deflation-ou-lautre-obstacle-a-la-reprise-2\/\" \/>\n<meta property=\"og:site_name\" content=\"Gold.fr\" \/>\n<meta property=\"article:publisher\" content=\"https:\/\/www.facebook.com\/Goldfr\/\" \/>\n<meta property=\"article:published_time\" content=\"2014-01-23T15:30:12+00:00\" \/>\n<meta property=\"article:modified_time\" content=\"2021-01-13T15:41:20+00:00\" \/>\n<meta property=\"og:image\" content=\"https:\/\/www.gold.fr\/news\/wp-content\/uploads\/2012\/05\/goldman-sachs-cours-de-l-or.jpg\" \/>\n\t<meta property=\"og:image:width\" content=\"600\" \/>\n\t<meta property=\"og:image:height\" content=\"450\" \/>\n\t<meta property=\"og:image:type\" content=\"image\/jpeg\" \/>\n<meta name=\"author\" content=\"Comptoir National de l&#039;Or\" \/>\n<meta name=\"twitter:card\" content=\"summary_large_image\" \/>\n<meta name=\"twitter:label1\" content=\"\u00c9crit par\" \/>\n\t<meta name=\"twitter:data1\" content=\"Comptoir National de l&#039;Or\" \/>\n\t<meta name=\"twitter:label2\" content=\"Dur\u00e9e de lecture estim\u00e9e\" \/>\n\t<meta name=\"twitter:data2\" content=\"3 minutes\" \/>\n<script type=\"application\/ld+json\" class=\"yoast-schema-graph\">{\"@context\":\"https:\\\/\\\/schema.org\",\"@graph\":[{\"@type\":\"Article\",\"@id\":\"https:\\\/\\\/www.gold.fr\\\/news\\\/2014\\\/01\\\/23\\\/la-deflation-ou-lautre-obstacle-a-la-reprise-2\\\/#article\",\"isPartOf\":{\"@id\":\"https:\\\/\\\/www.gold.fr\\\/news\\\/2014\\\/01\\\/23\\\/la-deflation-ou-lautre-obstacle-a-la-reprise-2\\\/\"},\"author\":{\"name\":\"Comptoir National de l'Or\",\"@id\":\"https:\\\/\\\/www.gold.fr\\\/news\\\/#\\\/schema\\\/person\\\/070491b4b4fb7671bf59b3be20302ce9\"},\"headline\":\"La d\u00e9flation ou l\u2019autre obstacle \u00e0 la reprise !\",\"datePublished\":\"2014-01-23T15:30:12+00:00\",\"dateModified\":\"2021-01-13T15:41:20+00:00\",\"mainEntityOfPage\":{\"@id\":\"https:\\\/\\\/www.gold.fr\\\/news\\\/2014\\\/01\\\/23\\\/la-deflation-ou-lautre-obstacle-a-la-reprise-2\\\/\"},\"wordCount\":566,\"image\":{\"@id\":\"https:\\\/\\\/www.gold.fr\\\/news\\\/2014\\\/01\\\/23\\\/la-deflation-ou-lautre-obstacle-a-la-reprise-2\\\/#primaryimage\"},\"thumbnailUrl\":\"https:\\\/\\\/www.gold.fr\\\/news\\\/wp-content\\\/uploads\\\/2012\\\/05\\\/goldman-sachs-cours-de-l-or.jpg\",\"keywords\":[\"crise inflationniste\",\"inflation\",\"Or\"],\"articleSection\":[\"Analyses Economiques\"],\"inLanguage\":\"fr-FR\"},{\"@type\":\"WebPage\",\"@id\":\"https:\\\/\\\/www.gold.fr\\\/news\\\/2014\\\/01\\\/23\\\/la-deflation-ou-lautre-obstacle-a-la-reprise-2\\\/\",\"url\":\"https:\\\/\\\/www.gold.fr\\\/news\\\/2014\\\/01\\\/23\\\/la-deflation-ou-lautre-obstacle-a-la-reprise-2\\\/\",\"name\":\"La d\u00e9flation ou l\u2019autre obstacle \u00e0 la reprise ! - Gold.fr\",\"isPartOf\":{\"@id\":\"https:\\\/\\\/www.gold.fr\\\/news\\\/#website\"},\"primaryImageOfPage\":{\"@id\":\"https:\\\/\\\/www.gold.fr\\\/news\\\/2014\\\/01\\\/23\\\/la-deflation-ou-lautre-obstacle-a-la-reprise-2\\\/#primaryimage\"},\"image\":{\"@id\":\"https:\\\/\\\/www.gold.fr\\\/news\\\/2014\\\/01\\\/23\\\/la-deflation-ou-lautre-obstacle-a-la-reprise-2\\\/#primaryimage\"},\"thumbnailUrl\":\"https:\\\/\\\/www.gold.fr\\\/news\\\/wp-content\\\/uploads\\\/2012\\\/05\\\/goldman-sachs-cours-de-l-or.jpg\",\"datePublished\":\"2014-01-23T15:30:12+00:00\",\"dateModified\":\"2021-01-13T15:41:20+00:00\",\"author\":{\"@id\":\"https:\\\/\\\/www.gold.fr\\\/news\\\/#\\\/schema\\\/person\\\/070491b4b4fb7671bf59b3be20302ce9\"},\"description\":\"Un cri d'alarme a r\u00e9cemment \u00e9t\u00e9 pouss\u00e9 par de grands dirigeants des grandes institutions,...La d\u00e9flation ou l\u2019autre obstacle \u00e0 la reprise !\",\"breadcrumb\":{\"@id\":\"https:\\\/\\\/www.gold.fr\\\/news\\\/2014\\\/01\\\/23\\\/la-deflation-ou-lautre-obstacle-a-la-reprise-2\\\/#breadcrumb\"},\"inLanguage\":\"fr-FR\",\"potentialAction\":[{\"@type\":\"ReadAction\",\"target\":[\"https:\\\/\\\/www.gold.fr\\\/news\\\/2014\\\/01\\\/23\\\/la-deflation-ou-lautre-obstacle-a-la-reprise-2\\\/\"]}]},{\"@type\":\"ImageObject\",\"inLanguage\":\"fr-FR\",\"@id\":\"https:\\\/\\\/www.gold.fr\\\/news\\\/2014\\\/01\\\/23\\\/la-deflation-ou-lautre-obstacle-a-la-reprise-2\\\/#primaryimage\",\"url\":\"https:\\\/\\\/www.gold.fr\\\/news\\\/wp-content\\\/uploads\\\/2012\\\/05\\\/goldman-sachs-cours-de-l-or.jpg\",\"contentUrl\":\"https:\\\/\\\/www.gold.fr\\\/news\\\/wp-content\\\/uploads\\\/2012\\\/05\\\/goldman-sachs-cours-de-l-or.jpg\",\"width\":\"600\",\"height\":\"450\",\"caption\":\"goldman-sachs-cours-de-l-or\"},{\"@type\":\"BreadcrumbList\",\"@id\":\"https:\\\/\\\/www.gold.fr\\\/news\\\/2014\\\/01\\\/23\\\/la-deflation-ou-lautre-obstacle-a-la-reprise-2\\\/#breadcrumb\",\"itemListElement\":[{\"@type\":\"ListItem\",\"position\":1,\"name\":\"Accueil\",\"item\":\"https:\\\/\\\/www.gold.fr\\\/\"},{\"@type\":\"ListItem\",\"position\":2,\"name\":\"Actualit\u00e9s\",\"item\":\"https:\\\/\\\/www.gold.fr\\\/news\\\/\"},{\"@type\":\"ListItem\",\"position\":3,\"name\":\"La d\u00e9flation ou l\u2019autre obstacle \u00e0 la reprise !\"}]},{\"@type\":\"WebSite\",\"@id\":\"https:\\\/\\\/www.gold.fr\\\/news\\\/#website\",\"url\":\"https:\\\/\\\/www.gold.fr\\\/news\\\/\",\"name\":\"Gold.fr\",\"description\":\"Actualit\u00e9s de l&#039;Or et des m\u00e9taux pr\u00e9cieux\",\"potentialAction\":[{\"@type\":\"SearchAction\",\"target\":{\"@type\":\"EntryPoint\",\"urlTemplate\":\"https:\\\/\\\/www.gold.fr\\\/news\\\/?s={search_term_string}\"},\"query-input\":{\"@type\":\"PropertyValueSpecification\",\"valueRequired\":true,\"valueName\":\"search_term_string\"}}],\"inLanguage\":\"fr-FR\"},{\"@type\":\"Person\",\"@id\":\"https:\\\/\\\/www.gold.fr\\\/news\\\/#\\\/schema\\\/person\\\/070491b4b4fb7671bf59b3be20302ce9\",\"name\":\"Comptoir National de l'Or\",\"image\":{\"@type\":\"ImageObject\",\"inLanguage\":\"fr-FR\",\"@id\":\"https:\\\/\\\/secure.gravatar.com\\\/avatar\\\/0a2867fd5abe37bed95d5a65e9d58f01756e11efc68af9888dfc50cfa7f65948?s=96&d=mm&r=gb490554db0a38188709de567aa58480d\",\"url\":\"https:\\\/\\\/secure.gravatar.com\\\/avatar\\\/0a2867fd5abe37bed95d5a65e9d58f01756e11efc68af9888dfc50cfa7f65948?s=96&d=mm&r=g\",\"contentUrl\":\"https:\\\/\\\/secure.gravatar.com\\\/avatar\\\/0a2867fd5abe37bed95d5a65e9d58f01756e11efc68af9888dfc50cfa7f65948?s=96&d=mm&r=g\",\"caption\":\"Comptoir National de l'Or\"},\"description\":\"Notre r\u00e9daction est constitu\u00e9e de membres experts dans les m\u00e9tiers de l'\u00e9conomie et la gestion, des Responsables d'agence Comptoir National de l'Or, des analystes financiers qui publient r\u00e9guli\u00e8rement des \u00e9tudes sur les politiques des banques centrales, le cours de l'or, prix de l'or, cours de l'argent, prix de l'argent, cours du platine, cours du palladium,... la situation en zone euro et l'impact de la strat\u00e9gie mon\u00e9taire de la FED. Notre \u00e9quipe scrute \u00e9galement une information plus g\u00e9n\u00e9raliste \u00e0 la recherche d'actualit\u00e9 \\\"p\u00e9pite\\\" \u00e0 vous partager. Depuis 5 ans, nous avons publi\u00e9 un peu plus de 4000 articles qui s'adressent \u00e0 un public large et vari\u00e9 ayant pour objectif de satisfaire votre curiosit\u00e9 et de partager avec vous une certaine fascination pour le m\u00e9tal jaune, le rachat d'or, et pour ceux qui veulent investir dans l'or, vendre leur or tout simplement en savoir plus... Pour tous vos achat or et argent, n'h\u00e9sitez pas \u00e0 prendre rendez-vous dans l'un de nos nombreux comptoirs.\",\"sameAs\":[\"https:\\\/\\\/www.gold.fr\"]}]}<\/script>\n<!-- \/ Yoast SEO plugin. -->","yoast_head_json":{"title":"La d\u00e9flation ou l\u2019autre obstacle \u00e0 la reprise ! - Gold.fr","description":"Un cri d'alarme a r\u00e9cemment \u00e9t\u00e9 pouss\u00e9 par de grands dirigeants des grandes institutions,...La d\u00e9flation ou l\u2019autre obstacle \u00e0 la reprise !","robots":{"index":"index","follow":"follow","max-snippet":"max-snippet:-1","max-image-preview":"max-image-preview:large","max-video-preview":"max-video-preview:-1"},"canonical":"https:\/\/www.gold.fr\/news\/2014\/01\/23\/la-deflation-ou-lautre-obstacle-a-la-reprise-2\/","og_locale":"fr_FR","og_type":"article","og_title":"La d\u00e9flation ou l\u2019autre obstacle \u00e0 la reprise ! - Gold.fr","og_description":"Un cri d'alarme a r\u00e9cemment \u00e9t\u00e9 pouss\u00e9 par de grands dirigeants des grandes institutions,...La d\u00e9flation ou l\u2019autre obstacle \u00e0 la reprise !","og_url":"https:\/\/www.gold.fr\/news\/2014\/01\/23\/la-deflation-ou-lautre-obstacle-a-la-reprise-2\/","og_site_name":"Gold.fr","article_publisher":"https:\/\/www.facebook.com\/Goldfr\/","article_published_time":"2014-01-23T15:30:12+00:00","article_modified_time":"2021-01-13T15:41:20+00:00","og_image":[{"width":600,"height":450,"url":"https:\/\/www.gold.fr\/news\/wp-content\/uploads\/2012\/05\/goldman-sachs-cours-de-l-or.jpg","type":"image\/jpeg"}],"author":"Comptoir National de l'Or","twitter_card":"summary_large_image","twitter_misc":{"\u00c9crit par":"Comptoir National de l'Or","Dur\u00e9e de lecture estim\u00e9e":"3 minutes"},"schema":{"@context":"https:\/\/schema.org","@graph":[{"@type":"Article","@id":"https:\/\/www.gold.fr\/news\/2014\/01\/23\/la-deflation-ou-lautre-obstacle-a-la-reprise-2\/#article","isPartOf":{"@id":"https:\/\/www.gold.fr\/news\/2014\/01\/23\/la-deflation-ou-lautre-obstacle-a-la-reprise-2\/"},"author":{"name":"Comptoir National de l'Or","@id":"https:\/\/www.gold.fr\/news\/#\/schema\/person\/070491b4b4fb7671bf59b3be20302ce9"},"headline":"La d\u00e9flation ou l\u2019autre obstacle \u00e0 la reprise !","datePublished":"2014-01-23T15:30:12+00:00","dateModified":"2021-01-13T15:41:20+00:00","mainEntityOfPage":{"@id":"https:\/\/www.gold.fr\/news\/2014\/01\/23\/la-deflation-ou-lautre-obstacle-a-la-reprise-2\/"},"wordCount":566,"image":{"@id":"https:\/\/www.gold.fr\/news\/2014\/01\/23\/la-deflation-ou-lautre-obstacle-a-la-reprise-2\/#primaryimage"},"thumbnailUrl":"https:\/\/www.gold.fr\/news\/wp-content\/uploads\/2012\/05\/goldman-sachs-cours-de-l-or.jpg","keywords":["crise inflationniste","inflation","Or"],"articleSection":["Analyses Economiques"],"inLanguage":"fr-FR"},{"@type":"WebPage","@id":"https:\/\/www.gold.fr\/news\/2014\/01\/23\/la-deflation-ou-lautre-obstacle-a-la-reprise-2\/","url":"https:\/\/www.gold.fr\/news\/2014\/01\/23\/la-deflation-ou-lautre-obstacle-a-la-reprise-2\/","name":"La d\u00e9flation ou l\u2019autre obstacle \u00e0 la reprise ! - Gold.fr","isPartOf":{"@id":"https:\/\/www.gold.fr\/news\/#website"},"primaryImageOfPage":{"@id":"https:\/\/www.gold.fr\/news\/2014\/01\/23\/la-deflation-ou-lautre-obstacle-a-la-reprise-2\/#primaryimage"},"image":{"@id":"https:\/\/www.gold.fr\/news\/2014\/01\/23\/la-deflation-ou-lautre-obstacle-a-la-reprise-2\/#primaryimage"},"thumbnailUrl":"https:\/\/www.gold.fr\/news\/wp-content\/uploads\/2012\/05\/goldman-sachs-cours-de-l-or.jpg","datePublished":"2014-01-23T15:30:12+00:00","dateModified":"2021-01-13T15:41:20+00:00","author":{"@id":"https:\/\/www.gold.fr\/news\/#\/schema\/person\/070491b4b4fb7671bf59b3be20302ce9"},"description":"Un cri d'alarme a r\u00e9cemment \u00e9t\u00e9 pouss\u00e9 par de grands dirigeants des grandes institutions,...La d\u00e9flation ou l\u2019autre obstacle \u00e0 la reprise !","breadcrumb":{"@id":"https:\/\/www.gold.fr\/news\/2014\/01\/23\/la-deflation-ou-lautre-obstacle-a-la-reprise-2\/#breadcrumb"},"inLanguage":"fr-FR","potentialAction":[{"@type":"ReadAction","target":["https:\/\/www.gold.fr\/news\/2014\/01\/23\/la-deflation-ou-lautre-obstacle-a-la-reprise-2\/"]}]},{"@type":"ImageObject","inLanguage":"fr-FR","@id":"https:\/\/www.gold.fr\/news\/2014\/01\/23\/la-deflation-ou-lautre-obstacle-a-la-reprise-2\/#primaryimage","url":"https:\/\/www.gold.fr\/news\/wp-content\/uploads\/2012\/05\/goldman-sachs-cours-de-l-or.jpg","contentUrl":"https:\/\/www.gold.fr\/news\/wp-content\/uploads\/2012\/05\/goldman-sachs-cours-de-l-or.jpg","width":"600","height":"450","caption":"goldman-sachs-cours-de-l-or"},{"@type":"BreadcrumbList","@id":"https:\/\/www.gold.fr\/news\/2014\/01\/23\/la-deflation-ou-lautre-obstacle-a-la-reprise-2\/#breadcrumb","itemListElement":[{"@type":"ListItem","position":1,"name":"Accueil","item":"https:\/\/www.gold.fr\/"},{"@type":"ListItem","position":2,"name":"Actualit\u00e9s","item":"https:\/\/www.gold.fr\/news\/"},{"@type":"ListItem","position":3,"name":"La d\u00e9flation ou l\u2019autre obstacle \u00e0 la reprise !"}]},{"@type":"WebSite","@id":"https:\/\/www.gold.fr\/news\/#website","url":"https:\/\/www.gold.fr\/news\/","name":"Gold.fr","description":"Actualit\u00e9s de l&#039;Or et des m\u00e9taux pr\u00e9cieux","potentialAction":[{"@type":"SearchAction","target":{"@type":"EntryPoint","urlTemplate":"https:\/\/www.gold.fr\/news\/?s={search_term_string}"},"query-input":{"@type":"PropertyValueSpecification","valueRequired":true,"valueName":"search_term_string"}}],"inLanguage":"fr-FR"},{"@type":"Person","@id":"https:\/\/www.gold.fr\/news\/#\/schema\/person\/070491b4b4fb7671bf59b3be20302ce9","name":"Comptoir National de l'Or","image":{"@type":"ImageObject","inLanguage":"fr-FR","@id":"https:\/\/secure.gravatar.com\/avatar\/0a2867fd5abe37bed95d5a65e9d58f01756e11efc68af9888dfc50cfa7f65948?s=96&d=mm&r=gb490554db0a38188709de567aa58480d","url":"https:\/\/secure.gravatar.com\/avatar\/0a2867fd5abe37bed95d5a65e9d58f01756e11efc68af9888dfc50cfa7f65948?s=96&d=mm&r=g","contentUrl":"https:\/\/secure.gravatar.com\/avatar\/0a2867fd5abe37bed95d5a65e9d58f01756e11efc68af9888dfc50cfa7f65948?s=96&d=mm&r=g","caption":"Comptoir National de l'Or"},"description":"Notre r\u00e9daction est constitu\u00e9e de membres experts dans les m\u00e9tiers de l'\u00e9conomie et la gestion, des Responsables d'agence Comptoir National de l'Or, des analystes financiers qui publient r\u00e9guli\u00e8rement des \u00e9tudes sur les politiques des banques centrales, le cours de l'or, prix de l'or, cours de l'argent, prix de l'argent, cours du platine, cours du palladium,... la situation en zone euro et l'impact de la strat\u00e9gie mon\u00e9taire de la FED. Notre \u00e9quipe scrute \u00e9galement une information plus g\u00e9n\u00e9raliste \u00e0 la recherche d'actualit\u00e9 \"p\u00e9pite\" \u00e0 vous partager. Depuis 5 ans, nous avons publi\u00e9 un peu plus de 4000 articles qui s'adressent \u00e0 un public large et vari\u00e9 ayant pour objectif de satisfaire votre curiosit\u00e9 et de partager avec vous une certaine fascination pour le m\u00e9tal jaune, le rachat d'or, et pour ceux qui veulent investir dans l'or, vendre leur or tout simplement en savoir plus... Pour tous vos achat or et argent, n'h\u00e9sitez pas \u00e0 prendre rendez-vous dans l'un de nos nombreux comptoirs.","sameAs":["https:\/\/www.gold.fr"]}]}},"authors":[{"term_id":2565,"user_id":18,"is_guest":0,"slug":"julie","display_name":"Comptoir National de l'Or","avatar_url":"https:\/\/secure.gravatar.com\/avatar\/713f289e398d35ead876c4a4cc08607f0d6d266058cfc25683fffb6092d0e572?s=96&d=mm&r=g","0":null,"1":"","2":"","3":"","4":"","5":"","6":"","7":"","8":""}],"_links":{"self":[{"href":"https:\/\/www.gold.fr\/news\/wp-json\/wp\/v2\/posts\/13735","targetHints":{"allow":["GET"]}}],"collection":[{"href":"https:\/\/www.gold.fr\/news\/wp-json\/wp\/v2\/posts"}],"about":[{"href":"https:\/\/www.gold.fr\/news\/wp-json\/wp\/v2\/types\/post"}],"author":[{"embeddable":true,"href":"https:\/\/www.gold.fr\/news\/wp-json\/wp\/v2\/users\/18"}],"replies":[{"embeddable":true,"href":"https:\/\/www.gold.fr\/news\/wp-json\/wp\/v2\/comments?post=13735"}],"version-history":[{"count":0,"href":"https:\/\/www.gold.fr\/news\/wp-json\/wp\/v2\/posts\/13735\/revisions"}],"wp:featuredmedia":[{"embeddable":true,"href":"https:\/\/www.gold.fr\/news\/wp-json\/wp\/v2\/media\/7525"}],"wp:attachment":[{"href":"https:\/\/www.gold.fr\/news\/wp-json\/wp\/v2\/media?parent=13735"}],"wp:term":[{"taxonomy":"category","embeddable":true,"href":"https:\/\/www.gold.fr\/news\/wp-json\/wp\/v2\/categories?post=13735"},{"taxonomy":"post_tag","embeddable":true,"href":"https:\/\/www.gold.fr\/news\/wp-json\/wp\/v2\/tags?post=13735"},{"taxonomy":"author","embeddable":true,"href":"https:\/\/www.gold.fr\/news\/wp-json\/wp\/v2\/ppma_author?post=13735"}],"curies":[{"name":"wp","href":"https:\/\/api.w.org\/{rel}","templated":true}]}}